{"id":130285,"date":"2022-04-07T22:52:36","date_gmt":"2022-04-07T21:52:36","guid":{"rendered":"https:\/\/radioljubuski.ba\/?p=130285"},"modified":"2022-04-07T22:52:38","modified_gmt":"2022-04-07T21:52:38","slug":"u-splitu-odrzana-komemoracija-povodom-smrti-petra-skansija","status":"publish","type":"post","link":"https:\/\/radioljubuski.ba\/index.php\/2022\/04\/07\/u-splitu-odrzana-komemoracija-povodom-smrti-petra-skansija\/","title":{"rendered":"U Splitu odr\u017eana komemoracija povodom smrti Petra Skansija"},"content":{"rendered":"\n<p><strong>Obitelj, prijatelji, brojni njegovi suigra\u010di i igra\u010di koje je vodio tijekom duge i bogate trenerske karijere, \u010delnici Hrvatskog ko\u0161arka\u0161kog saveza i Grada Splita i brojni splitski sporta\u0161i nazo\u010dili su u dvorani KK Splita komemoraciji povodom odlaska jednog od velikana splitske i hrvatske ko\u0161arke Petra Skansija.<\/strong><\/p>\n\n\n\n<p>Petar Skansi je preminuo 4. travnja u 78. godini nakon duge i te\u0161ke bolesti, a komemoracija je odr\u017eana ba\u0161 na parketu splitskog kluba, s kojim je kao igra\u010d i kao trener do\u017eivio najve\u0107e uspjehe.<br><br>&#8211; Bili smo prijatelji, a na\u0161e pri\u010de o sportu su samo na\u0161e. U ime svoje obitelji i sebe zahvalan sam \u0161to si mi bio prijatelj, kazao je u emotivnom govoru jo\u0161 jedna splitska ko\u0161arka\u0161ka legenda\u00a0<strong>\u017deljko Jerkov<\/strong>, koji se prsjetio njegovih po\u010detaka na vanjskom igrali\u0161tu na Spinutu, ali i njegovih najve\u0107ih uspjeha.<br><br>&#8211; Ti si bio \u010dovjek koji je bio najbolji kada je najvi\u0161e trebalo. Sjetimo se SP-a u Ljubljani 1970. godine, kada je pet Hrvata bilo u petorci, Skansi, Tvrdi\u0107, \u0106osi\u0107, \u0160olman, Ple\u0107a\u0161. Tada je ko\u0161arka postala mo\u017eda i popularnija od nogometa, a Pero je bio najbolji igra\u010d na klju\u010dnoj utakmici s Amerikancima, kazao je Jerkov.<br><br>&#8211; Grubo je neko vrijeme do\u0161lo, u kratko vrijeme oprostili smo se od brojnih velikana ko\u0161arke. Takvih svjetionika ljudskosti i dobrote sve je manje, kazao je splitski gradona\u010delnik Ivica Puljak, dok se Petra Skansija prisjetio i\u00a0<strong>Dino Ra\u0111a<\/strong>.<\/p>\n\n\n\n<figure class=\"wp-block-image\"><img decoding=\"async\" src=\"https:\/\/sport.hrt.hr\/_next\/image?url=https%3A%2F%2Fapi.hrt.hr%2Fmedia%2F44%2F6c%2F740x438-pxl-070422-92878014-20220407120709.jpg&amp;w=1280&amp;q=90\" alt=\"Stojko Vrankovi\u0107 i Dino Ra\u0111a\"\/><figcaption>Stojko Vrankovi\u0107 i Dino Ra\u0111a<br>Foto:\u00a0Miroslav Lelas\u00a0\/\u00a0PIXSELL<\/figcaption><\/figure>\n\n\n\n<p>&#8211; Uz Peru me ve\u017eu neke od najsjajnijih uspjeha moje karijere. Barcelona 1992 i olimpijsko srebro je jedan od njih, kao i moj povratak u Split 2003. godine i osvajanje titule prvaka. To je sve njegovih ruku djelo. Kao igra\u010d je znao sve tajne igra\u010da, a kao trener je svima nama to sve znao prenijeti, kazao je Ra\u0111a.<br><br>Predsjednik Hrvatskoga ko\u0161arka\u0161kog saveza\u00a0<strong>Stojko Vrankovi\u0107<\/strong>\u00a0posebno je naglasio da je Skansi bio kreator kreator najve\u0107eg uspjeha hrvatske ko\u0161arke.<br><br>&#8211; Srebro s Olimpijskih igara u Barceloni 1992. godine njegova je velika zasluga i dostignu\u0107e. Zbog toga \u0107e zlatnim slovima biti upisan u povijest hrvatske ko\u0161arke, a zbog ratnih vremena kada se to doga\u0111alo to ima poseban zna\u010daj, kazao je, izme\u0111u ostaloga, Vrankovi\u0107.<\/p>\n\n\n\n<figure class=\"wp-block-image\"><img decoding=\"async\" src=\"https:\/\/sport.hrt.hr\/_next\/image?url=https%3A%2F%2Fapi.hrt.hr%2Fmedia%2F9e%2F70%2F740x438-pxl-070422-92878035-20220407120754.jpg&amp;w=1280&amp;q=90\" alt=\"Komemorativni skup za Petra Skansija u Splitu\"\/><figcaption>Komemorativni skup za Petra Skansija u Splitu<br>Foto:\u00a0Miroslav Lelas\u00a0\/\u00a0PIXSELL<\/figcaption><\/figure>\n\n\n\n<p>Od Skansija su se oprostili i izaslanik Vlade RH dr\u017eavni tajnik Ministarstva turizma i sporta<strong>&nbsp;Tomislav Dru\u017eak<\/strong>&nbsp;i predsjednik Uprave KK Splita&nbsp;<strong>Edo Bla\u017eevi\u0107<\/strong>.<br>&nbsp;<br>Tijekom cijelog trajanja komemoracije na velikom ekranu su se vrtjele Skansijeve fotografije, a nazo\u010dni su se nakraju mogli upisivati u knjigu \u017ealosti.<\/p>\n\n\n\n<p>Izvor:hrt.hr<\/p>\n","protected":false},"excerpt":{"rendered":"<p>Obitelj, prijatelji, brojni njegovi suigra\u010di i igra\u010di koje je vodio tijekom duge i bogate trenerske karijere, \u010delnici Hrvatskog ko\u0161arka\u0161kog saveza i Grada Splita i brojni splitski sporta\u0161i nazo\u010dili su u dvorani KK Splita komemoraciji povodom odlaska jednog od velikana splitske i hrvatske ko\u0161arke Petra Skansija. Petar Skansi je preminuo 4. travnja u 78. godini nakon [&hellip;]<\/p>\n","protected":false},"author":2,"featured_media":0,"comment_status":"closed","ping_status":"closed","sticky":false,"template":"","format":"standard","meta":{"h5ap_radio_sources":[],"footnotes":""},"categories":[7],"tags":[],"class_list":["post-130285","post","type-post","status-publish","format-standard","hentry","category-sport"],"yoast_head":"<!-- This site is optimized with the Yoast SEO plugin v27.5 - https:\/\/yoast.com\/product\/yoast-seo-wordpress\/ -->\n<title>U Splitu odr\u017eana komemoracija povodom smrti Petra Skansija - RADIO LJUBU\u0160KI<\/title>\n<meta name=\"robots\" content=\"index, follow, max-snippet:-1, max-image-preview:large, max-video-preview:-1\" \/>\n<link rel=\"canonical\" href=\"https:\/\/radioljubuski.ba\/index.php\/2022\/04\/07\/u-splitu-odrzana-komemoracija-povodom-smrti-petra-skansija\/\" \/>\n<meta property=\"og:locale\" content=\"hr_HR\" \/>\n<meta property=\"og:type\" content=\"article\" \/>\n<meta property=\"og:title\" content=\"U Splitu odr\u017eana komemoracija povodom smrti Petra Skansija - RADIO LJUBU\u0160KI\" \/>\n<meta property=\"og:description\" content=\"Obitelj, prijatelji, brojni njegovi suigra\u010di i igra\u010di koje je vodio tijekom duge i bogate trenerske karijere, \u010delnici Hrvatskog ko\u0161arka\u0161kog saveza i Grada Splita i brojni splitski sporta\u0161i nazo\u010dili su u dvorani KK Splita komemoraciji povodom odlaska jednog od velikana splitske i hrvatske ko\u0161arke Petra Skansija. Petar Skansi je preminuo 4. travnja u 78. godini nakon [&hellip;]\" \/>\n<meta property=\"og:url\" content=\"https:\/\/radioljubuski.ba\/index.php\/2022\/04\/07\/u-splitu-odrzana-komemoracija-povodom-smrti-petra-skansija\/\" \/>\n<meta property=\"og:site_name\" content=\"RADIO LJUBU\u0160KI\" \/>\n<meta property=\"article:publisher\" content=\"https:\/\/www.facebook.com\/Radiio-Ljubuski-1490835324566332\" \/>\n<meta property=\"article:published_time\" content=\"2022-04-07T21:52:36+00:00\" \/>\n<meta property=\"article:modified_time\" content=\"2022-04-07T21:52:38+00:00\" \/>\n<meta property=\"og:image\" content=\"https:\/\/radioljubuski.ba\/wp-content\/uploads\/2022\/04\/HN20220407476190.jpg\" \/>\n\t<meta property=\"og:image:width\" content=\"1024\" \/>\n\t<meta property=\"og:image:height\" content=\"683\" \/>\n\t<meta property=\"og:image:type\" content=\"image\/jpeg\" \/>\n<meta name=\"author\" content=\"Radio Ljubu\u0161ki\" \/>\n<meta name=\"twitter:card\" content=\"summary_large_image\" \/>\n<meta name=\"twitter:creator\" content=\"@radioljubuski\" \/>\n<meta name=\"twitter:site\" content=\"@radioljubuski\" \/>\n<meta name=\"twitter:label1\" content=\"Napisao\/la\" \/>\n\t<meta name=\"twitter:data1\" content=\"Radio Ljubu\u0161ki\" \/>\n\t<meta name=\"twitter:label2\" content=\"Procijenjeno vrijeme \u010ditanja\" \/>\n\t<meta name=\"twitter:data2\" content=\"3 minute\" \/>\n<script type=\"application\/ld+json\" class=\"yoast-schema-graph\">{\"@context\":\"https:\\\/\\\/schema.org\",\"@graph\":[{\"@type\":\"Article\",\"@id\":\"https:\\\/\\\/radioljubuski.ba\\\/index.php\\\/2022\\\/04\\\/07\\\/u-splitu-odrzana-komemoracija-povodom-smrti-petra-skansija\\\/#article\",\"isPartOf\":{\"@id\":\"https:\\\/\\\/radioljubuski.ba\\\/index.php\\\/2022\\\/04\\\/07\\\/u-splitu-odrzana-komemoracija-povodom-smrti-petra-skansija\\\/\"},\"author\":{\"name\":\"Radio Ljubu\u0161ki\",\"@id\":\"https:\\\/\\\/radioljubuski.ba\\\/#\\\/schema\\\/person\\\/19fc700381a780f69665d7956c469e3b\"},\"headline\":\"U Splitu odr\u017eana komemoracija povodom smrti Petra Skansija\",\"datePublished\":\"2022-04-07T21:52:36+00:00\",\"dateModified\":\"2022-04-07T21:52:38+00:00\",\"mainEntityOfPage\":{\"@id\":\"https:\\\/\\\/radioljubuski.ba\\\/index.php\\\/2022\\\/04\\\/07\\\/u-splitu-odrzana-komemoracija-povodom-smrti-petra-skansija\\\/\"},\"wordCount\":463,\"publisher\":{\"@id\":\"https:\\\/\\\/radioljubuski.ba\\\/#organization\"},\"image\":{\"@id\":\"https:\\\/\\\/radioljubuski.ba\\\/index.php\\\/2022\\\/04\\\/07\\\/u-splitu-odrzana-komemoracija-povodom-smrti-petra-skansija\\\/#primaryimage\"},\"thumbnailUrl\":\"https:\\\/\\\/sport.hrt.hr\\\/_next\\\/image?url=https%3A%2F%2Fapi.hrt.hr%2Fmedia%2F44%2F6c%2F740x438-pxl-070422-92878014-20220407120709.jpg&amp;w=1280&amp;q=90\",\"articleSection\":[\"\u0160port\"],\"inLanguage\":\"hr\"},{\"@type\":\"WebPage\",\"@id\":\"https:\\\/\\\/radioljubuski.ba\\\/index.php\\\/2022\\\/04\\\/07\\\/u-splitu-odrzana-komemoracija-povodom-smrti-petra-skansija\\\/\",\"url\":\"https:\\\/\\\/radioljubuski.ba\\\/index.php\\\/2022\\\/04\\\/07\\\/u-splitu-odrzana-komemoracija-povodom-smrti-petra-skansija\\\/\",\"name\":\"U Splitu odr\u017eana komemoracija povodom smrti Petra Skansija - RADIO LJUBU\u0160KI\",\"isPartOf\":{\"@id\":\"https:\\\/\\\/radioljubuski.ba\\\/#website\"},\"primaryImageOfPage\":{\"@id\":\"https:\\\/\\\/radioljubuski.ba\\\/index.php\\\/2022\\\/04\\\/07\\\/u-splitu-odrzana-komemoracija-povodom-smrti-petra-skansija\\\/#primaryimage\"},\"image\":{\"@id\":\"https:\\\/\\\/radioljubuski.ba\\\/index.php\\\/2022\\\/04\\\/07\\\/u-splitu-odrzana-komemoracija-povodom-smrti-petra-skansija\\\/#primaryimage\"},\"thumbnailUrl\":\"https:\\\/\\\/sport.hrt.hr\\\/_next\\\/image?url=https%3A%2F%2Fapi.hrt.hr%2Fmedia%2F44%2F6c%2F740x438-pxl-070422-92878014-20220407120709.jpg&amp;w=1280&amp;q=90\",\"datePublished\":\"2022-04-07T21:52:36+00:00\",\"dateModified\":\"2022-04-07T21:52:38+00:00\",\"breadcrumb\":{\"@id\":\"https:\\\/\\\/radioljubuski.ba\\\/index.php\\\/2022\\\/04\\\/07\\\/u-splitu-odrzana-komemoracija-povodom-smrti-petra-skansija\\\/#breadcrumb\"},\"inLanguage\":\"hr\",\"potentialAction\":[{\"@type\":\"ReadAction\",\"target\":[\"https:\\\/\\\/radioljubuski.ba\\\/index.php\\\/2022\\\/04\\\/07\\\/u-splitu-odrzana-komemoracija-povodom-smrti-petra-skansija\\\/\"]}]},{\"@type\":\"ImageObject\",\"inLanguage\":\"hr\",\"@id\":\"https:\\\/\\\/radioljubuski.ba\\\/index.php\\\/2022\\\/04\\\/07\\\/u-splitu-odrzana-komemoracija-povodom-smrti-petra-skansija\\\/#primaryimage\",\"url\":\"https:\\\/\\\/sport.hrt.hr\\\/_next\\\/image?url=https%3A%2F%2Fapi.hrt.hr%2Fmedia%2F44%2F6c%2F740x438-pxl-070422-92878014-20220407120709.jpg&amp;w=1280&amp;q=90\",\"contentUrl\":\"https:\\\/\\\/sport.hrt.hr\\\/_next\\\/image?url=https%3A%2F%2Fapi.hrt.hr%2Fmedia%2F44%2F6c%2F740x438-pxl-070422-92878014-20220407120709.jpg&amp;w=1280&amp;q=90\"},{\"@type\":\"BreadcrumbList\",\"@id\":\"https:\\\/\\\/radioljubuski.ba\\\/index.php\\\/2022\\\/04\\\/07\\\/u-splitu-odrzana-komemoracija-povodom-smrti-petra-skansija\\\/#breadcrumb\",\"itemListElement\":[{\"@type\":\"ListItem\",\"position\":1,\"name\":\"Po\u010detna stranica\",\"item\":\"https:\\\/\\\/radioljubuski.ba\\\/\"},{\"@type\":\"ListItem\",\"position\":2,\"name\":\"U Splitu odr\u017eana komemoracija povodom smrti Petra Skansija\"}]},{\"@type\":\"WebSite\",\"@id\":\"https:\\\/\\\/radioljubuski.ba\\\/#website\",\"url\":\"https:\\\/\\\/radioljubuski.ba\\\/\",\"name\":\"Radio Ljubu\u0161ki\",\"description\":\"Sun\u010dana frekvencija Hercegovine\",\"publisher\":{\"@id\":\"https:\\\/\\\/radioljubuski.ba\\\/#organization\"},\"potentialAction\":[{\"@type\":\"SearchAction\",\"target\":{\"@type\":\"EntryPoint\",\"urlTemplate\":\"https:\\\/\\\/radioljubuski.ba\\\/?s={search_term_string}\"},\"query-input\":{\"@type\":\"PropertyValueSpecification\",\"valueRequired\":true,\"valueName\":\"search_term_string\"}}],\"inLanguage\":\"hr\"},{\"@type\":\"Organization\",\"@id\":\"https:\\\/\\\/radioljubuski.ba\\\/#organization\",\"name\":\"Radio Ljubu\u0161ki\",\"url\":\"https:\\\/\\\/radioljubuski.ba\\\/\",\"logo\":{\"@type\":\"ImageObject\",\"inLanguage\":\"hr\",\"@id\":\"https:\\\/\\\/radioljubuski.ba\\\/#\\\/schema\\\/logo\\\/image\\\/\",\"url\":\"https:\\\/\\\/radioljubuski.ba\\\/wp-content\\\/uploads\\\/2021\\\/02\\\/cropped-Radio_Ljubuski_logo1.jpg\",\"contentUrl\":\"https:\\\/\\\/radioljubuski.ba\\\/wp-content\\\/uploads\\\/2021\\\/02\\\/cropped-Radio_Ljubuski_logo1.jpg\",\"width\":512,\"height\":512,\"caption\":\"Radio Ljubu\u0161ki\"},\"image\":{\"@id\":\"https:\\\/\\\/radioljubuski.ba\\\/#\\\/schema\\\/logo\\\/image\\\/\"},\"sameAs\":[\"https:\\\/\\\/www.facebook.com\\\/Radiio-Ljubuski-1490835324566332\",\"https:\\\/\\\/x.com\\\/radioljubuski\",\"https:\\\/\\\/hr.linkedin.com\\\/company\\\/radio-ljubuski\",\"https:\\\/\\\/www.youtube.com\\\/channel\\\/UCHYaeO_n0Db3tjNGudGpXyw\"]},{\"@type\":\"Person\",\"@id\":\"https:\\\/\\\/radioljubuski.ba\\\/#\\\/schema\\\/person\\\/19fc700381a780f69665d7956c469e3b\",\"name\":\"Radio Ljubu\u0161ki\"}]}<\/script>\n<!-- \/ Yoast SEO plugin. -->","yoast_head_json":{"title":"U Splitu odr\u017eana komemoracija povodom smrti Petra Skansija - RADIO LJUBU\u0160KI","robots":{"index":"index","follow":"follow","max-snippet":"max-snippet:-1","max-image-preview":"max-image-preview:large","max-video-preview":"max-video-preview:-1"},"canonical":"https:\/\/radioljubuski.ba\/index.php\/2022\/04\/07\/u-splitu-odrzana-komemoracija-povodom-smrti-petra-skansija\/","og_locale":"hr_HR","og_type":"article","og_title":"U Splitu odr\u017eana komemoracija povodom smrti Petra Skansija - RADIO LJUBU\u0160KI","og_description":"Obitelj, prijatelji, brojni njegovi suigra\u010di i igra\u010di koje je vodio tijekom duge i bogate trenerske karijere, \u010delnici Hrvatskog ko\u0161arka\u0161kog saveza i Grada Splita i brojni splitski sporta\u0161i nazo\u010dili su u dvorani KK Splita komemoraciji povodom odlaska jednog od velikana splitske i hrvatske ko\u0161arke Petra Skansija. Petar Skansi je preminuo 4. travnja u 78. godini nakon [&hellip;]","og_url":"https:\/\/radioljubuski.ba\/index.php\/2022\/04\/07\/u-splitu-odrzana-komemoracija-povodom-smrti-petra-skansija\/","og_site_name":"RADIO LJUBU\u0160KI","article_publisher":"https:\/\/www.facebook.com\/Radiio-Ljubuski-1490835324566332","article_published_time":"2022-04-07T21:52:36+00:00","article_modified_time":"2022-04-07T21:52:38+00:00","og_image":[{"width":1024,"height":683,"url":"https:\/\/radioljubuski.ba\/wp-content\/uploads\/2022\/04\/HN20220407476190.jpg","type":"image\/jpeg"}],"author":"Radio Ljubu\u0161ki","twitter_card":"summary_large_image","twitter_creator":"@radioljubuski","twitter_site":"@radioljubuski","twitter_misc":{"Napisao\/la":"Radio Ljubu\u0161ki","Procijenjeno vrijeme \u010ditanja":"3 minute"},"schema":{"@context":"https:\/\/schema.org","@graph":[{"@type":"Article","@id":"https:\/\/radioljubuski.ba\/index.php\/2022\/04\/07\/u-splitu-odrzana-komemoracija-povodom-smrti-petra-skansija\/#article","isPartOf":{"@id":"https:\/\/radioljubuski.ba\/index.php\/2022\/04\/07\/u-splitu-odrzana-komemoracija-povodom-smrti-petra-skansija\/"},"author":{"name":"Radio Ljubu\u0161ki","@id":"https:\/\/radioljubuski.ba\/#\/schema\/person\/19fc700381a780f69665d7956c469e3b"},"headline":"U Splitu odr\u017eana komemoracija povodom smrti Petra Skansija","datePublished":"2022-04-07T21:52:36+00:00","dateModified":"2022-04-07T21:52:38+00:00","mainEntityOfPage":{"@id":"https:\/\/radioljubuski.ba\/index.php\/2022\/04\/07\/u-splitu-odrzana-komemoracija-povodom-smrti-petra-skansija\/"},"wordCount":463,"publisher":{"@id":"https:\/\/radioljubuski.ba\/#organization"},"image":{"@id":"https:\/\/radioljubuski.ba\/index.php\/2022\/04\/07\/u-splitu-odrzana-komemoracija-povodom-smrti-petra-skansija\/#primaryimage"},"thumbnailUrl":"https:\/\/sport.hrt.hr\/_next\/image?url=https%3A%2F%2Fapi.hrt.hr%2Fmedia%2F44%2F6c%2F740x438-pxl-070422-92878014-20220407120709.jpg&amp;w=1280&amp;q=90","articleSection":["\u0160port"],"inLanguage":"hr"},{"@type":"WebPage","@id":"https:\/\/radioljubuski.ba\/index.php\/2022\/04\/07\/u-splitu-odrzana-komemoracija-povodom-smrti-petra-skansija\/","url":"https:\/\/radioljubuski.ba\/index.php\/2022\/04\/07\/u-splitu-odrzana-komemoracija-povodom-smrti-petra-skansija\/","name":"U Splitu odr\u017eana komemoracija povodom smrti Petra Skansija - RADIO LJUBU\u0160KI","isPartOf":{"@id":"https:\/\/radioljubuski.ba\/#website"},"primaryImageOfPage":{"@id":"https:\/\/radioljubuski.ba\/index.php\/2022\/04\/07\/u-splitu-odrzana-komemoracija-povodom-smrti-petra-skansija\/#primaryimage"},"image":{"@id":"https:\/\/radioljubuski.ba\/index.php\/2022\/04\/07\/u-splitu-odrzana-komemoracija-povodom-smrti-petra-skansija\/#primaryimage"},"thumbnailUrl":"https:\/\/sport.hrt.hr\/_next\/image?url=https%3A%2F%2Fapi.hrt.hr%2Fmedia%2F44%2F6c%2F740x438-pxl-070422-92878014-20220407120709.jpg&amp;w=1280&amp;q=90","datePublished":"2022-04-07T21:52:36+00:00","dateModified":"2022-04-07T21:52:38+00:00","breadcrumb":{"@id":"https:\/\/radioljubuski.ba\/index.php\/2022\/04\/07\/u-splitu-odrzana-komemoracija-povodom-smrti-petra-skansija\/#breadcrumb"},"inLanguage":"hr","potentialAction":[{"@type":"ReadAction","target":["https:\/\/radioljubuski.ba\/index.php\/2022\/04\/07\/u-splitu-odrzana-komemoracija-povodom-smrti-petra-skansija\/"]}]},{"@type":"ImageObject","inLanguage":"hr","@id":"https:\/\/radioljubuski.ba\/index.php\/2022\/04\/07\/u-splitu-odrzana-komemoracija-povodom-smrti-petra-skansija\/#primaryimage","url":"https:\/\/sport.hrt.hr\/_next\/image?url=https%3A%2F%2Fapi.hrt.hr%2Fmedia%2F44%2F6c%2F740x438-pxl-070422-92878014-20220407120709.jpg&amp;w=1280&amp;q=90","contentUrl":"https:\/\/sport.hrt.hr\/_next\/image?url=https%3A%2F%2Fapi.hrt.hr%2Fmedia%2F44%2F6c%2F740x438-pxl-070422-92878014-20220407120709.jpg&amp;w=1280&amp;q=90"},{"@type":"BreadcrumbList","@id":"https:\/\/radioljubuski.ba\/index.php\/2022\/04\/07\/u-splitu-odrzana-komemoracija-povodom-smrti-petra-skansija\/#breadcrumb","itemListElement":[{"@type":"ListItem","position":1,"name":"Po\u010detna stranica","item":"https:\/\/radioljubuski.ba\/"},{"@type":"ListItem","position":2,"name":"U Splitu odr\u017eana komemoracija povodom smrti Petra Skansija"}]},{"@type":"WebSite","@id":"https:\/\/radioljubuski.ba\/#website","url":"https:\/\/radioljubuski.ba\/","name":"Radio Ljubu\u0161ki","description":"Sun\u010dana frekvencija Hercegovine","publisher":{"@id":"https:\/\/radioljubuski.ba\/#organization"},"potentialAction":[{"@type":"SearchAction","target":{"@type":"EntryPoint","urlTemplate":"https:\/\/radioljubuski.ba\/?s={search_term_string}"},"query-input":{"@type":"PropertyValueSpecification","valueRequired":true,"valueName":"search_term_string"}}],"inLanguage":"hr"},{"@type":"Organization","@id":"https:\/\/radioljubuski.ba\/#organization","name":"Radio Ljubu\u0161ki","url":"https:\/\/radioljubuski.ba\/","logo":{"@type":"ImageObject","inLanguage":"hr","@id":"https:\/\/radioljubuski.ba\/#\/schema\/logo\/image\/","url":"https:\/\/radioljubuski.ba\/wp-content\/uploads\/2021\/02\/cropped-Radio_Ljubuski_logo1.jpg","contentUrl":"https:\/\/radioljubuski.ba\/wp-content\/uploads\/2021\/02\/cropped-Radio_Ljubuski_logo1.jpg","width":512,"height":512,"caption":"Radio Ljubu\u0161ki"},"image":{"@id":"https:\/\/radioljubuski.ba\/#\/schema\/logo\/image\/"},"sameAs":["https:\/\/www.facebook.com\/Radiio-Ljubuski-1490835324566332","https:\/\/x.com\/radioljubuski","https:\/\/hr.linkedin.com\/company\/radio-ljubuski","https:\/\/www.youtube.com\/channel\/UCHYaeO_n0Db3tjNGudGpXyw"]},{"@type":"Person","@id":"https:\/\/radioljubuski.ba\/#\/schema\/person\/19fc700381a780f69665d7956c469e3b","name":"Radio Ljubu\u0161ki"}]}},"_links":{"self":[{"href":"https:\/\/radioljubuski.ba\/index.php\/wp-json\/wp\/v2\/posts\/130285","targetHints":{"allow":["GET"]}}],"collection":[{"href":"https:\/\/radioljubuski.ba\/index.php\/wp-json\/wp\/v2\/posts"}],"about":[{"href":"https:\/\/radioljubuski.ba\/index.php\/wp-json\/wp\/v2\/types\/post"}],"author":[{"embeddable":true,"href":"https:\/\/radioljubuski.ba\/index.php\/wp-json\/wp\/v2\/users\/2"}],"replies":[{"embeddable":true,"href":"https:\/\/radioljubuski.ba\/index.php\/wp-json\/wp\/v2\/comments?post=130285"}],"version-history":[{"count":1,"href":"https:\/\/radioljubuski.ba\/index.php\/wp-json\/wp\/v2\/posts\/130285\/revisions"}],"predecessor-version":[{"id":130287,"href":"https:\/\/radioljubuski.ba\/index.php\/wp-json\/wp\/v2\/posts\/130285\/revisions\/130287"}],"wp:attachment":[{"href":"https:\/\/radioljubuski.ba\/index.php\/wp-json\/wp\/v2\/media?parent=130285"}],"wp:term":[{"taxonomy":"category","embeddable":true,"href":"https:\/\/radioljubuski.ba\/index.php\/wp-json\/wp\/v2\/categories?post=130285"},{"taxonomy":"post_tag","embeddable":true,"href":"https:\/\/radioljubuski.ba\/index.php\/wp-json\/wp\/v2\/tags?post=130285"}],"curies":[{"name":"wp","href":"https:\/\/api.w.org\/{rel}","templated":true}]}}