{"id":130288,"date":"2022-04-07T22:54:47","date_gmt":"2022-04-07T21:54:47","guid":{"rendered":"https:\/\/radioljubuski.ba\/?p=130288"},"modified":"2022-04-07T22:54:49","modified_gmt":"2022-04-07T21:54:49","slug":"toplak-nastaviti-pozitivan-niz-garcia-nadamo-se-bodovima","status":"publish","type":"post","link":"https:\/\/radioljubuski.ba\/index.php\/2022\/04\/07\/toplak-nastaviti-pozitivan-niz-garcia-nadamo-se-bodovima\/","title":{"rendered":"Toplak: Nastaviti pozitivan niz; Garcia: Nadamo se bodovima"},"content":{"rendered":"\n<p><strong>Nogometa\u0161i Gorice i Istre 1961 u petak \u0107e otvoriti 30. kolo 1. HNL-a. Susret su najavili treneri&nbsp;Samir Toplak&nbsp;i&nbsp;Gonzalo Garcia.<\/strong><strong><\/strong><\/p>\n\n\n\n<p>Gorica i Istra 1961 ove su se sezone susreli \u010detiri puta, triput u prvenstvu i jednom u Kupu. U prvenstvu obje mom\u010dadi imaju po jednu pobjedu, a jednom su remizirale, dok su u \u010detvrtfinalu Kupa uspje\u0161niji bili nogometa\u0161i Gorice koji su pro\u0161li dalje nakon izvo\u0111enja jedanaesteraca.<br><br>Doma\u0107ini iz Velike Gorice susret do\u010dekuju u nizu od \u010detiri utakmice bez poraza, dok Puljani zadnjih osam utakmica nisu pobijedili. Zadnju pobjedu Istra 1961 upisala je upravo protiv Gorice (2:1), u dvoboju 21. kola igranom na Aldo Drosini 28. sije\u010dnja.<br><br>&#8211; Bilo je ugodno raditi u tjednu nakon pobjede u \u0160ibeniku, igra\u010di su pozitivni i optimisti\u010dni, a u tom duhu smo se i pripremali za Istru. Mom\u010dad je to koja ima svoj stil igre, koja voli igrati, puno toga bazira na posjedu, a na nama je da prona\u0111emo odgovor na to i da nastavimo pozitivan niz, prenosi\u00a0<a href=\"https:\/\/www.hnk-gorica.hr\/vijesti\/gorica-otvara-kolo-s-istrom-nema-opustanja-zelimo-nastaviti-pozitivan-niz\/1415\" target=\"_blank\" rel=\"noreferrer noopener\">HNK Gorica<\/a>\u00a0rije\u010di trenera Samira Toplaka.\u00a0<\/p>\n\n\n\n<iframe loading=\"lazy\" src=\"https:\/\/www.facebook.com\/plugins\/post.php?href=https%3A%2F%2Fwww.facebook.com%2FFCGorica%2Fposts%2F5041091599308436&#038;show_text=true&#038;width=500\" width=\"500\" height=\"592\" style=\"border:none;overflow:hidden\" scrolling=\"no\" frameborder=\"0\" allowfullscreen=\"true\" allow=\"autoplay; clipboard-write; encrypted-media; picture-in-picture; web-share\"><\/iframe>\n\n\n\n<p>&#8211; Dobri su u kombinatorici, a prema naprijed imaju kvalitetu kojom mogu nauditi protivniku. Mi moramo biti \u010dvrsti i koncentirani, nametnuti se i kontrolirati igru u odre\u0111enim trenucima. Ne \u017eelimo ni u ludilu imalo poletjeti, ostat \u0107emo ponizni i, nadam se, kompaktni kao u posljednjim utakmicama. Kad smo takvi, pokazalo se dosad, svima smo tvrd orah, dodao je Toplak.\u00a0<br><br>Strateg Puljana Gonzalo Garcia nada se bodovima u Velikoj Gorici.<br><br>&#8211;\u00a0Sutra nas o\u010dekuje utakmica protiv kvalitetne ekipe s dobrim napadima i \u010dvrstom obranom. Idemo tamo s namjerom da dobijemo ne\u0161to i za nas, naravno, nadamo se bodovima,\u00a0 prenosi\u00a0 Istra 1961 Garcijine rije\u010di.<\/p>\n\n\n\n<iframe loading=\"lazy\" src=\"https:\/\/www.facebook.com\/plugins\/post.php?href=https%3A%2F%2Fwww.facebook.com%2FNKIstra1961Pula%2Fposts%2F4903054149817251&#038;show_text=true&#038;width=500\" width=\"500\" height=\"735\" style=\"border:none;overflow:hidden\" scrolling=\"no\" frameborder=\"0\" allowfullscreen=\"true\" allow=\"autoplay; clipboard-write; encrypted-media; picture-in-picture; web-share\"><\/iframe>\n\n\n\n<p>Gorica je trenuta\u010dno \u0161estoplasirana mom\u010dad s 39 bodova, koliko ima i peta Lokomotiva, dok su Puljani pretposljednji s 25 bodova. Lo\u0161iji od njih je jedino Hrvatski dragovoljac koji ima samo 14 bodova.<br><br>Ljestvicu predvodi Dinamo sa 60 bodova, a slijede&nbsp;Osijek (58), Rijeka (55) i Hajduk (53).<br><br>U subotu su na rasporedu ogledi Hrvatskog dragovoljca i Lokomotive (17.00) te Hajduka i \u0160ibenika (19.05), dok \u0107e u nedjelju igrati Slaven Belupo i Osijek (17.00) te u derbiju kola na Rujevici Rijeka i Dinamo (20.00).<\/p>\n\n\n\n<p>Izvor:hrt.hr<\/p>\n","protected":false},"excerpt":{"rendered":"<p>Nogometa\u0161i Gorice i Istre 1961 u petak \u0107e otvoriti 30. kolo 1. HNL-a. Susret su najavili treneri&nbsp;Samir Toplak&nbsp;i&nbsp;Gonzalo Garcia. Gorica i Istra 1961 ove su se sezone susreli \u010detiri puta, triput u prvenstvu i jednom u Kupu. U prvenstvu obje mom\u010dadi imaju po jednu pobjedu, a jednom su remizirale, dok su u \u010detvrtfinalu Kupa uspje\u0161niji [&hellip;]<\/p>\n","protected":false},"author":2,"featured_media":0,"comment_status":"closed","ping_status":"closed","sticky":false,"template":"","format":"standard","meta":{"h5ap_radio_sources":[],"footnotes":""},"categories":[7],"tags":[],"class_list":["post-130288","post","type-post","status-publish","format-standard","hentry","category-sport"],"yoast_head":"<!-- This site is optimized with the Yoast SEO plugin v27.5 - https:\/\/yoast.com\/product\/yoast-seo-wordpress\/ -->\n<title>Toplak: Nastaviti pozitivan niz; Garcia: Nadamo se bodovima - RADIO LJUBU\u0160KI<\/title>\n<meta name=\"robots\" content=\"index, follow, max-snippet:-1, max-image-preview:large, max-video-preview:-1\" \/>\n<link rel=\"canonical\" href=\"https:\/\/radioljubuski.ba\/index.php\/2022\/04\/07\/toplak-nastaviti-pozitivan-niz-garcia-nadamo-se-bodovima\/\" \/>\n<meta property=\"og:locale\" content=\"hr_HR\" \/>\n<meta property=\"og:type\" content=\"article\" \/>\n<meta property=\"og:title\" content=\"Toplak: Nastaviti pozitivan niz; Garcia: Nadamo se bodovima - RADIO LJUBU\u0160KI\" \/>\n<meta property=\"og:description\" content=\"Nogometa\u0161i Gorice i Istre 1961 u petak \u0107e otvoriti 30. kolo 1. HNL-a. Susret su najavili treneri&nbsp;Samir Toplak&nbsp;i&nbsp;Gonzalo Garcia. Gorica i Istra 1961 ove su se sezone susreli \u010detiri puta, triput u prvenstvu i jednom u Kupu. U prvenstvu obje mom\u010dadi imaju po jednu pobjedu, a jednom su remizirale, dok su u \u010detvrtfinalu Kupa uspje\u0161niji [&hellip;]\" \/>\n<meta property=\"og:url\" content=\"https:\/\/radioljubuski.ba\/index.php\/2022\/04\/07\/toplak-nastaviti-pozitivan-niz-garcia-nadamo-se-bodovima\/\" \/>\n<meta property=\"og:site_name\" content=\"RADIO LJUBU\u0160KI\" \/>\n<meta property=\"article:publisher\" content=\"https:\/\/www.facebook.com\/Radiio-Ljubuski-1490835324566332\" \/>\n<meta property=\"article:published_time\" content=\"2022-04-07T21:54:47+00:00\" \/>\n<meta property=\"article:modified_time\" content=\"2022-04-07T21:54:49+00:00\" \/>\n<meta property=\"og:image\" content=\"https:\/\/radioljubuski.ba\/wp-content\/uploads\/2022\/04\/gorica-istra-20220407172046.jpg\" \/>\n\t<meta property=\"og:image:width\" content=\"1600\" \/>\n\t<meta property=\"og:image:height\" content=\"1067\" \/>\n\t<meta property=\"og:image:type\" content=\"image\/jpeg\" \/>\n<meta name=\"author\" content=\"Radio Ljubu\u0161ki\" \/>\n<meta name=\"twitter:card\" content=\"summary_large_image\" \/>\n<meta name=\"twitter:creator\" content=\"@radioljubuski\" \/>\n<meta name=\"twitter:site\" content=\"@radioljubuski\" \/>\n<meta name=\"twitter:label1\" content=\"Napisao\/la\" \/>\n\t<meta name=\"twitter:data1\" content=\"Radio Ljubu\u0161ki\" \/>\n\t<meta name=\"twitter:label2\" content=\"Procijenjeno vrijeme \u010ditanja\" \/>\n\t<meta name=\"twitter:data2\" content=\"2 minute\" \/>\n<script type=\"application\/ld+json\" class=\"yoast-schema-graph\">{\"@context\":\"https:\\\/\\\/schema.org\",\"@graph\":[{\"@type\":\"Article\",\"@id\":\"https:\\\/\\\/radioljubuski.ba\\\/index.php\\\/2022\\\/04\\\/07\\\/toplak-nastaviti-pozitivan-niz-garcia-nadamo-se-bodovima\\\/#article\",\"isPartOf\":{\"@id\":\"https:\\\/\\\/radioljubuski.ba\\\/index.php\\\/2022\\\/04\\\/07\\\/toplak-nastaviti-pozitivan-niz-garcia-nadamo-se-bodovima\\\/\"},\"author\":{\"name\":\"Radio Ljubu\u0161ki\",\"@id\":\"https:\\\/\\\/radioljubuski.ba\\\/#\\\/schema\\\/person\\\/19fc700381a780f69665d7956c469e3b\"},\"headline\":\"Toplak: Nastaviti pozitivan niz; Garcia: Nadamo se bodovima\",\"datePublished\":\"2022-04-07T21:54:47+00:00\",\"dateModified\":\"2022-04-07T21:54:49+00:00\",\"mainEntityOfPage\":{\"@id\":\"https:\\\/\\\/radioljubuski.ba\\\/index.php\\\/2022\\\/04\\\/07\\\/toplak-nastaviti-pozitivan-niz-garcia-nadamo-se-bodovima\\\/\"},\"wordCount\":372,\"publisher\":{\"@id\":\"https:\\\/\\\/radioljubuski.ba\\\/#organization\"},\"articleSection\":[\"\u0160port\"],\"inLanguage\":\"hr\"},{\"@type\":\"WebPage\",\"@id\":\"https:\\\/\\\/radioljubuski.ba\\\/index.php\\\/2022\\\/04\\\/07\\\/toplak-nastaviti-pozitivan-niz-garcia-nadamo-se-bodovima\\\/\",\"url\":\"https:\\\/\\\/radioljubuski.ba\\\/index.php\\\/2022\\\/04\\\/07\\\/toplak-nastaviti-pozitivan-niz-garcia-nadamo-se-bodovima\\\/\",\"name\":\"Toplak: Nastaviti pozitivan niz; Garcia: Nadamo se bodovima - RADIO LJUBU\u0160KI\",\"isPartOf\":{\"@id\":\"https:\\\/\\\/radioljubuski.ba\\\/#website\"},\"datePublished\":\"2022-04-07T21:54:47+00:00\",\"dateModified\":\"2022-04-07T21:54:49+00:00\",\"breadcrumb\":{\"@id\":\"https:\\\/\\\/radioljubuski.ba\\\/index.php\\\/2022\\\/04\\\/07\\\/toplak-nastaviti-pozitivan-niz-garcia-nadamo-se-bodovima\\\/#breadcrumb\"},\"inLanguage\":\"hr\",\"potentialAction\":[{\"@type\":\"ReadAction\",\"target\":[\"https:\\\/\\\/radioljubuski.ba\\\/index.php\\\/2022\\\/04\\\/07\\\/toplak-nastaviti-pozitivan-niz-garcia-nadamo-se-bodovima\\\/\"]}]},{\"@type\":\"BreadcrumbList\",\"@id\":\"https:\\\/\\\/radioljubuski.ba\\\/index.php\\\/2022\\\/04\\\/07\\\/toplak-nastaviti-pozitivan-niz-garcia-nadamo-se-bodovima\\\/#breadcrumb\",\"itemListElement\":[{\"@type\":\"ListItem\",\"position\":1,\"name\":\"Po\u010detna stranica\",\"item\":\"https:\\\/\\\/radioljubuski.ba\\\/\"},{\"@type\":\"ListItem\",\"position\":2,\"name\":\"Toplak: Nastaviti pozitivan niz; Garcia: Nadamo se bodovima\"}]},{\"@type\":\"WebSite\",\"@id\":\"https:\\\/\\\/radioljubuski.ba\\\/#website\",\"url\":\"https:\\\/\\\/radioljubuski.ba\\\/\",\"name\":\"Radio Ljubu\u0161ki\",\"description\":\"Sun\u010dana frekvencija Hercegovine\",\"publisher\":{\"@id\":\"https:\\\/\\\/radioljubuski.ba\\\/#organization\"},\"potentialAction\":[{\"@type\":\"SearchAction\",\"target\":{\"@type\":\"EntryPoint\",\"urlTemplate\":\"https:\\\/\\\/radioljubuski.ba\\\/?s={search_term_string}\"},\"query-input\":{\"@type\":\"PropertyValueSpecification\",\"valueRequired\":true,\"valueName\":\"search_term_string\"}}],\"inLanguage\":\"hr\"},{\"@type\":\"Organization\",\"@id\":\"https:\\\/\\\/radioljubuski.ba\\\/#organization\",\"name\":\"Radio Ljubu\u0161ki\",\"url\":\"https:\\\/\\\/radioljubuski.ba\\\/\",\"logo\":{\"@type\":\"ImageObject\",\"inLanguage\":\"hr\",\"@id\":\"https:\\\/\\\/radioljubuski.ba\\\/#\\\/schema\\\/logo\\\/image\\\/\",\"url\":\"https:\\\/\\\/radioljubuski.ba\\\/wp-content\\\/uploads\\\/2021\\\/02\\\/cropped-Radio_Ljubuski_logo1.jpg\",\"contentUrl\":\"https:\\\/\\\/radioljubuski.ba\\\/wp-content\\\/uploads\\\/2021\\\/02\\\/cropped-Radio_Ljubuski_logo1.jpg\",\"width\":512,\"height\":512,\"caption\":\"Radio Ljubu\u0161ki\"},\"image\":{\"@id\":\"https:\\\/\\\/radioljubuski.ba\\\/#\\\/schema\\\/logo\\\/image\\\/\"},\"sameAs\":[\"https:\\\/\\\/www.facebook.com\\\/Radiio-Ljubuski-1490835324566332\",\"https:\\\/\\\/x.com\\\/radioljubuski\",\"https:\\\/\\\/hr.linkedin.com\\\/company\\\/radio-ljubuski\",\"https:\\\/\\\/www.youtube.com\\\/channel\\\/UCHYaeO_n0Db3tjNGudGpXyw\"]},{\"@type\":\"Person\",\"@id\":\"https:\\\/\\\/radioljubuski.ba\\\/#\\\/schema\\\/person\\\/19fc700381a780f69665d7956c469e3b\",\"name\":\"Radio Ljubu\u0161ki\"}]}<\/script>\n<!-- \/ Yoast SEO plugin. -->","yoast_head_json":{"title":"Toplak: Nastaviti pozitivan niz; Garcia: Nadamo se bodovima - RADIO LJUBU\u0160KI","robots":{"index":"index","follow":"follow","max-snippet":"max-snippet:-1","max-image-preview":"max-image-preview:large","max-video-preview":"max-video-preview:-1"},"canonical":"https:\/\/radioljubuski.ba\/index.php\/2022\/04\/07\/toplak-nastaviti-pozitivan-niz-garcia-nadamo-se-bodovima\/","og_locale":"hr_HR","og_type":"article","og_title":"Toplak: Nastaviti pozitivan niz; Garcia: Nadamo se bodovima - RADIO LJUBU\u0160KI","og_description":"Nogometa\u0161i Gorice i Istre 1961 u petak \u0107e otvoriti 30. kolo 1. HNL-a. Susret su najavili treneri&nbsp;Samir Toplak&nbsp;i&nbsp;Gonzalo Garcia. Gorica i Istra 1961 ove su se sezone susreli \u010detiri puta, triput u prvenstvu i jednom u Kupu. U prvenstvu obje mom\u010dadi imaju po jednu pobjedu, a jednom su remizirale, dok su u \u010detvrtfinalu Kupa uspje\u0161niji [&hellip;]","og_url":"https:\/\/radioljubuski.ba\/index.php\/2022\/04\/07\/toplak-nastaviti-pozitivan-niz-garcia-nadamo-se-bodovima\/","og_site_name":"RADIO LJUBU\u0160KI","article_publisher":"https:\/\/www.facebook.com\/Radiio-Ljubuski-1490835324566332","article_published_time":"2022-04-07T21:54:47+00:00","article_modified_time":"2022-04-07T21:54:49+00:00","og_image":[{"width":1600,"height":1067,"url":"https:\/\/radioljubuski.ba\/wp-content\/uploads\/2022\/04\/gorica-istra-20220407172046.jpg","type":"image\/jpeg"}],"author":"Radio Ljubu\u0161ki","twitter_card":"summary_large_image","twitter_creator":"@radioljubuski","twitter_site":"@radioljubuski","twitter_misc":{"Napisao\/la":"Radio Ljubu\u0161ki","Procijenjeno vrijeme \u010ditanja":"2 minute"},"schema":{"@context":"https:\/\/schema.org","@graph":[{"@type":"Article","@id":"https:\/\/radioljubuski.ba\/index.php\/2022\/04\/07\/toplak-nastaviti-pozitivan-niz-garcia-nadamo-se-bodovima\/#article","isPartOf":{"@id":"https:\/\/radioljubuski.ba\/index.php\/2022\/04\/07\/toplak-nastaviti-pozitivan-niz-garcia-nadamo-se-bodovima\/"},"author":{"name":"Radio Ljubu\u0161ki","@id":"https:\/\/radioljubuski.ba\/#\/schema\/person\/19fc700381a780f69665d7956c469e3b"},"headline":"Toplak: Nastaviti pozitivan niz; Garcia: Nadamo se bodovima","datePublished":"2022-04-07T21:54:47+00:00","dateModified":"2022-04-07T21:54:49+00:00","mainEntityOfPage":{"@id":"https:\/\/radioljubuski.ba\/index.php\/2022\/04\/07\/toplak-nastaviti-pozitivan-niz-garcia-nadamo-se-bodovima\/"},"wordCount":372,"publisher":{"@id":"https:\/\/radioljubuski.ba\/#organization"},"articleSection":["\u0160port"],"inLanguage":"hr"},{"@type":"WebPage","@id":"https:\/\/radioljubuski.ba\/index.php\/2022\/04\/07\/toplak-nastaviti-pozitivan-niz-garcia-nadamo-se-bodovima\/","url":"https:\/\/radioljubuski.ba\/index.php\/2022\/04\/07\/toplak-nastaviti-pozitivan-niz-garcia-nadamo-se-bodovima\/","name":"Toplak: Nastaviti pozitivan niz; Garcia: Nadamo se bodovima - RADIO LJUBU\u0160KI","isPartOf":{"@id":"https:\/\/radioljubuski.ba\/#website"},"datePublished":"2022-04-07T21:54:47+00:00","dateModified":"2022-04-07T21:54:49+00:00","breadcrumb":{"@id":"https:\/\/radioljubuski.ba\/index.php\/2022\/04\/07\/toplak-nastaviti-pozitivan-niz-garcia-nadamo-se-bodovima\/#breadcrumb"},"inLanguage":"hr","potentialAction":[{"@type":"ReadAction","target":["https:\/\/radioljubuski.ba\/index.php\/2022\/04\/07\/toplak-nastaviti-pozitivan-niz-garcia-nadamo-se-bodovima\/"]}]},{"@type":"BreadcrumbList","@id":"https:\/\/radioljubuski.ba\/index.php\/2022\/04\/07\/toplak-nastaviti-pozitivan-niz-garcia-nadamo-se-bodovima\/#breadcrumb","itemListElement":[{"@type":"ListItem","position":1,"name":"Po\u010detna stranica","item":"https:\/\/radioljubuski.ba\/"},{"@type":"ListItem","position":2,"name":"Toplak: Nastaviti pozitivan niz; Garcia: Nadamo se bodovima"}]},{"@type":"WebSite","@id":"https:\/\/radioljubuski.ba\/#website","url":"https:\/\/radioljubuski.ba\/","name":"Radio Ljubu\u0161ki","description":"Sun\u010dana frekvencija Hercegovine","publisher":{"@id":"https:\/\/radioljubuski.ba\/#organization"},"potentialAction":[{"@type":"SearchAction","target":{"@type":"EntryPoint","urlTemplate":"https:\/\/radioljubuski.ba\/?s={search_term_string}"},"query-input":{"@type":"PropertyValueSpecification","valueRequired":true,"valueName":"search_term_string"}}],"inLanguage":"hr"},{"@type":"Organization","@id":"https:\/\/radioljubuski.ba\/#organization","name":"Radio Ljubu\u0161ki","url":"https:\/\/radioljubuski.ba\/","logo":{"@type":"ImageObject","inLanguage":"hr","@id":"https:\/\/radioljubuski.ba\/#\/schema\/logo\/image\/","url":"https:\/\/radioljubuski.ba\/wp-content\/uploads\/2021\/02\/cropped-Radio_Ljubuski_logo1.jpg","contentUrl":"https:\/\/radioljubuski.ba\/wp-content\/uploads\/2021\/02\/cropped-Radio_Ljubuski_logo1.jpg","width":512,"height":512,"caption":"Radio Ljubu\u0161ki"},"image":{"@id":"https:\/\/radioljubuski.ba\/#\/schema\/logo\/image\/"},"sameAs":["https:\/\/www.facebook.com\/Radiio-Ljubuski-1490835324566332","https:\/\/x.com\/radioljubuski","https:\/\/hr.linkedin.com\/company\/radio-ljubuski","https:\/\/www.youtube.com\/channel\/UCHYaeO_n0Db3tjNGudGpXyw"]},{"@type":"Person","@id":"https:\/\/radioljubuski.ba\/#\/schema\/person\/19fc700381a780f69665d7956c469e3b","name":"Radio Ljubu\u0161ki"}]}},"_links":{"self":[{"href":"https:\/\/radioljubuski.ba\/index.php\/wp-json\/wp\/v2\/posts\/130288","targetHints":{"allow":["GET"]}}],"collection":[{"href":"https:\/\/radioljubuski.ba\/index.php\/wp-json\/wp\/v2\/posts"}],"about":[{"href":"https:\/\/radioljubuski.ba\/index.php\/wp-json\/wp\/v2\/types\/post"}],"author":[{"embeddable":true,"href":"https:\/\/radioljubuski.ba\/index.php\/wp-json\/wp\/v2\/users\/2"}],"replies":[{"embeddable":true,"href":"https:\/\/radioljubuski.ba\/index.php\/wp-json\/wp\/v2\/comments?post=130288"}],"version-history":[{"count":1,"href":"https:\/\/radioljubuski.ba\/index.php\/wp-json\/wp\/v2\/posts\/130288\/revisions"}],"predecessor-version":[{"id":130290,"href":"https:\/\/radioljubuski.ba\/index.php\/wp-json\/wp\/v2\/posts\/130288\/revisions\/130290"}],"wp:attachment":[{"href":"https:\/\/radioljubuski.ba\/index.php\/wp-json\/wp\/v2\/media?parent=130288"}],"wp:term":[{"taxonomy":"category","embeddable":true,"href":"https:\/\/radioljubuski.ba\/index.php\/wp-json\/wp\/v2\/categories?post=130288"},{"taxonomy":"post_tag","embeddable":true,"href":"https:\/\/radioljubuski.ba\/index.php\/wp-json\/wp\/v2\/tags?post=130288"}],"curies":[{"name":"wp","href":"https:\/\/api.w.org\/{rel}","templated":true}]}}