{"id":130291,"date":"2022-04-07T22:55:53","date_gmt":"2022-04-07T21:55:53","guid":{"rendered":"https:\/\/radioljubuski.ba\/?p=130291"},"modified":"2022-04-07T22:55:53","modified_gmt":"2022-04-07T21:55:53","slug":"sjajna-utakmica-feyenoorda-i-slavije-zavrsila-33","status":"publish","type":"post","link":"https:\/\/radioljubuski.ba\/index.php\/2022\/04\/07\/sjajna-utakmica-feyenoorda-i-slavije-zavrsila-33\/","title":{"rendered":"Sjajna utakmica Feyenoorda i Slavije zavr\u0161ila 3:3"},"content":{"rendered":"\n<p><strong>Nevjerojatna je bila prva \u010detvrtfinalna utakmica Konferencijske lige izme\u0111u Feyenoorda i pra\u0161ke Slavije. Uz \u010dak \u0161est pogodaka ogled je zavr\u0161io bez pobjednika, 3-3.<\/strong><\/p>\n\n\n\n<p>Feyenoord je odli\u010dno otvorio utakmicu te je poveo u 10. minuti. Tada su munjevitu kontru izveli nogometa\u0161i nizozemskog kluba, a sve je pogotkom zaklju\u010dio&nbsp;<strong>Sinisterra<\/strong>. Nastavio je potom Feyenoord napadati te je u vi\u0161e navrata mogao pove\u0107ati prednost. Izme\u0111u ostaloga, jednom se zatresao i okvir gostuju\u0107ih vrata. No, pra\u0161ka mom\u010dad nije bila posve bezopasna u uvodnih 45 minuta i pred kraj, u 41. minuti, uspjela je izjedna\u010diti golom&nbsp;<strong>Olayinke<\/strong>.<\/p>\n\n\n\n<p>Potpuno otvorena utakmica nastavljena je i u drugom poluvremenu. Nizale su se \u0161anse na obje strane, a poveli su gosti u 67. minuti kada je doma\u0107u mre\u017eu pogodio&nbsp;<strong>Sor.<\/strong><\/p>\n\n\n\n<p>No, pogodak je stalno &#8216;visio u zraku&#8217; i samo sedam minuta kasnije proklju\u010dalo je jo\u0161 jednom u Rotterdamu. Ovom prilikom&nbsp;<strong>Senesi<\/strong>&nbsp;je bio koban po Slaviju te je pogodio za 2-2. Do kraja je Feyenoord nastavio s napadima te je ponovno poveo i to velikom zaslugom gostuju\u0107eg vratara<strong>&nbsp;Kolara<\/strong>&nbsp;koji je vrlo lo\u0161e reagirao u 86. minuti.<\/p>\n\n\n\n<p>Tur\u010din<strong>&nbsp;Kokcu&nbsp;<\/strong>je izveo slobodan udarac, iskosa s vrha \u0161esnaesterca te je pogodio bli\u017ei kut gdje je Kolaru lopta doslovno pro\u0161la kroz ruke. Ali, ni tu nije bio kraj. U 95. minuti, u gu\u017evi doma\u0107eg \u0161esnaesterca, najbolje se sna\u0161ao<strong>&nbsp;Traore<\/strong>&nbsp;te je zaklju\u010dio ovu ludu utakmicu golom za kona\u010dnih 3-3.<\/p>\n\n\n\n<p>Kao zanimljivost recimo da su ove dvije mom\u010dadi zajedno bile smje\u0161tene u skupini Konferencijske lige. Tom prilikom je Feyenoord kao doma\u0107in slavio 2-1, dok je dvoboj u Pragu zavr\u0161io bez pobjednika 2-2.<\/p>\n\n\n\n<p>Uzvratna utakmica u Pragu igra se za sedam dana.<\/p>\n\n\n\n<p>U nastavku dana prve \u0107e \u010detvrtfinalne utakmice ovog natjecanja odigrati: Bodo Glimt &#8211; Roma, Leicester &#8211; PSV Eindhoven i Marseille &#8211; PAOK.<\/p>\n\n\n\n<p>Konferencijska liga, \u010detvrtfinale (prva utakmica):<\/p>\n\n\n\n<p>Feyenoord &#8211; Slavia Prag 3-3 (Sinisterra 10, Senesi 74, Kokcu 86 \/ Olayinka 41, Sor 67, Traore 90+5)<\/p>\n\n\n\n<p>Izvor:hrt.hr<\/p>\n","protected":false},"excerpt":{"rendered":"<p>Nevjerojatna je bila prva \u010detvrtfinalna utakmica Konferencijske lige izme\u0111u Feyenoorda i pra\u0161ke Slavije. Uz \u010dak \u0161est pogodaka ogled je zavr\u0161io bez pobjednika, 3-3. Feyenoord je odli\u010dno otvorio utakmicu te je poveo u 10. minuti. Tada su munjevitu kontru izveli nogometa\u0161i nizozemskog kluba, a sve je pogotkom zaklju\u010dio&nbsp;Sinisterra. Nastavio je potom Feyenoord napadati te je u [&hellip;]<\/p>\n","protected":false},"author":2,"featured_media":0,"comment_status":"closed","ping_status":"closed","sticky":false,"template":"","format":"standard","meta":{"h5ap_radio_sources":[],"footnotes":""},"categories":[7],"tags":[],"class_list":["post-130291","post","type-post","status-publish","format-standard","hentry","category-sport"],"yoast_head":"<!-- This site is optimized with the Yoast SEO plugin v27.5 - https:\/\/yoast.com\/product\/yoast-seo-wordpress\/ -->\n<title>Sjajna utakmica Feyenoorda i Slavije zavr\u0161ila 3:3 - RADIO LJUBU\u0160KI<\/title>\n<meta name=\"robots\" content=\"index, follow, max-snippet:-1, max-image-preview:large, max-video-preview:-1\" \/>\n<link rel=\"canonical\" href=\"https:\/\/radioljubuski.ba\/index.php\/2022\/04\/07\/sjajna-utakmica-feyenoorda-i-slavije-zavrsila-33\/\" \/>\n<meta property=\"og:locale\" content=\"hr_HR\" \/>\n<meta property=\"og:type\" content=\"article\" \/>\n<meta property=\"og:title\" content=\"Sjajna utakmica Feyenoorda i Slavije zavr\u0161ila 3:3 - RADIO LJUBU\u0160KI\" \/>\n<meta property=\"og:description\" content=\"Nevjerojatna je bila prva \u010detvrtfinalna utakmica Konferencijske lige izme\u0111u Feyenoorda i pra\u0161ke Slavije. Uz \u010dak \u0161est pogodaka ogled je zavr\u0161io bez pobjednika, 3-3. Feyenoord je odli\u010dno otvorio utakmicu te je poveo u 10. minuti. Tada su munjevitu kontru izveli nogometa\u0161i nizozemskog kluba, a sve je pogotkom zaklju\u010dio&nbsp;Sinisterra. Nastavio je potom Feyenoord napadati te je u [&hellip;]\" \/>\n<meta property=\"og:url\" content=\"https:\/\/radioljubuski.ba\/index.php\/2022\/04\/07\/sjajna-utakmica-feyenoorda-i-slavije-zavrsila-33\/\" \/>\n<meta property=\"og:site_name\" content=\"RADIO LJUBU\u0160KI\" \/>\n<meta property=\"article:publisher\" content=\"https:\/\/www.facebook.com\/Radiio-Ljubuski-1490835324566332\" \/>\n<meta property=\"article:published_time\" content=\"2022-04-07T21:55:53+00:00\" \/>\n<meta property=\"og:image\" content=\"https:\/\/radioljubuski.ba\/wp-content\/uploads\/2022\/04\/feyenoord-2022-04-07t184144z-1846862685-up1ei471fxi94-rtrmadp-3-soccer-europaconf-fey-slp-report-20220407185029.jpg\" \/>\n\t<meta property=\"og:image:width\" content=\"1600\" \/>\n\t<meta property=\"og:image:height\" content=\"963\" \/>\n\t<meta property=\"og:image:type\" content=\"image\/jpeg\" \/>\n<meta name=\"author\" content=\"Radio Ljubu\u0161ki\" \/>\n<meta name=\"twitter:card\" content=\"summary_large_image\" \/>\n<meta name=\"twitter:creator\" content=\"@radioljubuski\" \/>\n<meta name=\"twitter:site\" content=\"@radioljubuski\" \/>\n<meta name=\"twitter:label1\" content=\"Napisao\/la\" \/>\n\t<meta name=\"twitter:data1\" content=\"Radio Ljubu\u0161ki\" \/>\n\t<meta name=\"twitter:label2\" content=\"Procijenjeno vrijeme \u010ditanja\" \/>\n\t<meta name=\"twitter:data2\" content=\"2 minute\" \/>\n<script type=\"application\/ld+json\" class=\"yoast-schema-graph\">{\"@context\":\"https:\\\/\\\/schema.org\",\"@graph\":[{\"@type\":\"Article\",\"@id\":\"https:\\\/\\\/radioljubuski.ba\\\/index.php\\\/2022\\\/04\\\/07\\\/sjajna-utakmica-feyenoorda-i-slavije-zavrsila-33\\\/#article\",\"isPartOf\":{\"@id\":\"https:\\\/\\\/radioljubuski.ba\\\/index.php\\\/2022\\\/04\\\/07\\\/sjajna-utakmica-feyenoorda-i-slavije-zavrsila-33\\\/\"},\"author\":{\"name\":\"Radio Ljubu\u0161ki\",\"@id\":\"https:\\\/\\\/radioljubuski.ba\\\/#\\\/schema\\\/person\\\/19fc700381a780f69665d7956c469e3b\"},\"headline\":\"Sjajna utakmica Feyenoorda i Slavije zavr\u0161ila 3:3\",\"datePublished\":\"2022-04-07T21:55:53+00:00\",\"mainEntityOfPage\":{\"@id\":\"https:\\\/\\\/radioljubuski.ba\\\/index.php\\\/2022\\\/04\\\/07\\\/sjajna-utakmica-feyenoorda-i-slavije-zavrsila-33\\\/\"},\"wordCount\":352,\"publisher\":{\"@id\":\"https:\\\/\\\/radioljubuski.ba\\\/#organization\"},\"articleSection\":[\"\u0160port\"],\"inLanguage\":\"hr\"},{\"@type\":\"WebPage\",\"@id\":\"https:\\\/\\\/radioljubuski.ba\\\/index.php\\\/2022\\\/04\\\/07\\\/sjajna-utakmica-feyenoorda-i-slavije-zavrsila-33\\\/\",\"url\":\"https:\\\/\\\/radioljubuski.ba\\\/index.php\\\/2022\\\/04\\\/07\\\/sjajna-utakmica-feyenoorda-i-slavije-zavrsila-33\\\/\",\"name\":\"Sjajna utakmica Feyenoorda i Slavije zavr\u0161ila 3:3 - RADIO LJUBU\u0160KI\",\"isPartOf\":{\"@id\":\"https:\\\/\\\/radioljubuski.ba\\\/#website\"},\"datePublished\":\"2022-04-07T21:55:53+00:00\",\"breadcrumb\":{\"@id\":\"https:\\\/\\\/radioljubuski.ba\\\/index.php\\\/2022\\\/04\\\/07\\\/sjajna-utakmica-feyenoorda-i-slavije-zavrsila-33\\\/#breadcrumb\"},\"inLanguage\":\"hr\",\"potentialAction\":[{\"@type\":\"ReadAction\",\"target\":[\"https:\\\/\\\/radioljubuski.ba\\\/index.php\\\/2022\\\/04\\\/07\\\/sjajna-utakmica-feyenoorda-i-slavije-zavrsila-33\\\/\"]}]},{\"@type\":\"BreadcrumbList\",\"@id\":\"https:\\\/\\\/radioljubuski.ba\\\/index.php\\\/2022\\\/04\\\/07\\\/sjajna-utakmica-feyenoorda-i-slavije-zavrsila-33\\\/#breadcrumb\",\"itemListElement\":[{\"@type\":\"ListItem\",\"position\":1,\"name\":\"Po\u010detna stranica\",\"item\":\"https:\\\/\\\/radioljubuski.ba\\\/\"},{\"@type\":\"ListItem\",\"position\":2,\"name\":\"Sjajna utakmica Feyenoorda i Slavije zavr\u0161ila 3:3\"}]},{\"@type\":\"WebSite\",\"@id\":\"https:\\\/\\\/radioljubuski.ba\\\/#website\",\"url\":\"https:\\\/\\\/radioljubuski.ba\\\/\",\"name\":\"Radio Ljubu\u0161ki\",\"description\":\"Sun\u010dana frekvencija Hercegovine\",\"publisher\":{\"@id\":\"https:\\\/\\\/radioljubuski.ba\\\/#organization\"},\"potentialAction\":[{\"@type\":\"SearchAction\",\"target\":{\"@type\":\"EntryPoint\",\"urlTemplate\":\"https:\\\/\\\/radioljubuski.ba\\\/?s={search_term_string}\"},\"query-input\":{\"@type\":\"PropertyValueSpecification\",\"valueRequired\":true,\"valueName\":\"search_term_string\"}}],\"inLanguage\":\"hr\"},{\"@type\":\"Organization\",\"@id\":\"https:\\\/\\\/radioljubuski.ba\\\/#organization\",\"name\":\"Radio Ljubu\u0161ki\",\"url\":\"https:\\\/\\\/radioljubuski.ba\\\/\",\"logo\":{\"@type\":\"ImageObject\",\"inLanguage\":\"hr\",\"@id\":\"https:\\\/\\\/radioljubuski.ba\\\/#\\\/schema\\\/logo\\\/image\\\/\",\"url\":\"https:\\\/\\\/radioljubuski.ba\\\/wp-content\\\/uploads\\\/2021\\\/02\\\/cropped-Radio_Ljubuski_logo1.jpg\",\"contentUrl\":\"https:\\\/\\\/radioljubuski.ba\\\/wp-content\\\/uploads\\\/2021\\\/02\\\/cropped-Radio_Ljubuski_logo1.jpg\",\"width\":512,\"height\":512,\"caption\":\"Radio Ljubu\u0161ki\"},\"image\":{\"@id\":\"https:\\\/\\\/radioljubuski.ba\\\/#\\\/schema\\\/logo\\\/image\\\/\"},\"sameAs\":[\"https:\\\/\\\/www.facebook.com\\\/Radiio-Ljubuski-1490835324566332\",\"https:\\\/\\\/x.com\\\/radioljubuski\",\"https:\\\/\\\/hr.linkedin.com\\\/company\\\/radio-ljubuski\",\"https:\\\/\\\/www.youtube.com\\\/channel\\\/UCHYaeO_n0Db3tjNGudGpXyw\"]},{\"@type\":\"Person\",\"@id\":\"https:\\\/\\\/radioljubuski.ba\\\/#\\\/schema\\\/person\\\/19fc700381a780f69665d7956c469e3b\",\"name\":\"Radio Ljubu\u0161ki\"}]}<\/script>\n<!-- \/ Yoast SEO plugin. -->","yoast_head_json":{"title":"Sjajna utakmica Feyenoorda i Slavije zavr\u0161ila 3:3 - RADIO LJUBU\u0160KI","robots":{"index":"index","follow":"follow","max-snippet":"max-snippet:-1","max-image-preview":"max-image-preview:large","max-video-preview":"max-video-preview:-1"},"canonical":"https:\/\/radioljubuski.ba\/index.php\/2022\/04\/07\/sjajna-utakmica-feyenoorda-i-slavije-zavrsila-33\/","og_locale":"hr_HR","og_type":"article","og_title":"Sjajna utakmica Feyenoorda i Slavije zavr\u0161ila 3:3 - RADIO LJUBU\u0160KI","og_description":"Nevjerojatna je bila prva \u010detvrtfinalna utakmica Konferencijske lige izme\u0111u Feyenoorda i pra\u0161ke Slavije. Uz \u010dak \u0161est pogodaka ogled je zavr\u0161io bez pobjednika, 3-3. Feyenoord je odli\u010dno otvorio utakmicu te je poveo u 10. minuti. Tada su munjevitu kontru izveli nogometa\u0161i nizozemskog kluba, a sve je pogotkom zaklju\u010dio&nbsp;Sinisterra. Nastavio je potom Feyenoord napadati te je u [&hellip;]","og_url":"https:\/\/radioljubuski.ba\/index.php\/2022\/04\/07\/sjajna-utakmica-feyenoorda-i-slavije-zavrsila-33\/","og_site_name":"RADIO LJUBU\u0160KI","article_publisher":"https:\/\/www.facebook.com\/Radiio-Ljubuski-1490835324566332","article_published_time":"2022-04-07T21:55:53+00:00","og_image":[{"width":1600,"height":963,"url":"https:\/\/radioljubuski.ba\/wp-content\/uploads\/2022\/04\/feyenoord-2022-04-07t184144z-1846862685-up1ei471fxi94-rtrmadp-3-soccer-europaconf-fey-slp-report-20220407185029.jpg","type":"image\/jpeg"}],"author":"Radio Ljubu\u0161ki","twitter_card":"summary_large_image","twitter_creator":"@radioljubuski","twitter_site":"@radioljubuski","twitter_misc":{"Napisao\/la":"Radio Ljubu\u0161ki","Procijenjeno vrijeme \u010ditanja":"2 minute"},"schema":{"@context":"https:\/\/schema.org","@graph":[{"@type":"Article","@id":"https:\/\/radioljubuski.ba\/index.php\/2022\/04\/07\/sjajna-utakmica-feyenoorda-i-slavije-zavrsila-33\/#article","isPartOf":{"@id":"https:\/\/radioljubuski.ba\/index.php\/2022\/04\/07\/sjajna-utakmica-feyenoorda-i-slavije-zavrsila-33\/"},"author":{"name":"Radio Ljubu\u0161ki","@id":"https:\/\/radioljubuski.ba\/#\/schema\/person\/19fc700381a780f69665d7956c469e3b"},"headline":"Sjajna utakmica Feyenoorda i Slavije zavr\u0161ila 3:3","datePublished":"2022-04-07T21:55:53+00:00","mainEntityOfPage":{"@id":"https:\/\/radioljubuski.ba\/index.php\/2022\/04\/07\/sjajna-utakmica-feyenoorda-i-slavije-zavrsila-33\/"},"wordCount":352,"publisher":{"@id":"https:\/\/radioljubuski.ba\/#organization"},"articleSection":["\u0160port"],"inLanguage":"hr"},{"@type":"WebPage","@id":"https:\/\/radioljubuski.ba\/index.php\/2022\/04\/07\/sjajna-utakmica-feyenoorda-i-slavije-zavrsila-33\/","url":"https:\/\/radioljubuski.ba\/index.php\/2022\/04\/07\/sjajna-utakmica-feyenoorda-i-slavije-zavrsila-33\/","name":"Sjajna utakmica Feyenoorda i Slavije zavr\u0161ila 3:3 - RADIO LJUBU\u0160KI","isPartOf":{"@id":"https:\/\/radioljubuski.ba\/#website"},"datePublished":"2022-04-07T21:55:53+00:00","breadcrumb":{"@id":"https:\/\/radioljubuski.ba\/index.php\/2022\/04\/07\/sjajna-utakmica-feyenoorda-i-slavije-zavrsila-33\/#breadcrumb"},"inLanguage":"hr","potentialAction":[{"@type":"ReadAction","target":["https:\/\/radioljubuski.ba\/index.php\/2022\/04\/07\/sjajna-utakmica-feyenoorda-i-slavije-zavrsila-33\/"]}]},{"@type":"BreadcrumbList","@id":"https:\/\/radioljubuski.ba\/index.php\/2022\/04\/07\/sjajna-utakmica-feyenoorda-i-slavije-zavrsila-33\/#breadcrumb","itemListElement":[{"@type":"ListItem","position":1,"name":"Po\u010detna stranica","item":"https:\/\/radioljubuski.ba\/"},{"@type":"ListItem","position":2,"name":"Sjajna utakmica Feyenoorda i Slavije zavr\u0161ila 3:3"}]},{"@type":"WebSite","@id":"https:\/\/radioljubuski.ba\/#website","url":"https:\/\/radioljubuski.ba\/","name":"Radio Ljubu\u0161ki","description":"Sun\u010dana frekvencija Hercegovine","publisher":{"@id":"https:\/\/radioljubuski.ba\/#organization"},"potentialAction":[{"@type":"SearchAction","target":{"@type":"EntryPoint","urlTemplate":"https:\/\/radioljubuski.ba\/?s={search_term_string}"},"query-input":{"@type":"PropertyValueSpecification","valueRequired":true,"valueName":"search_term_string"}}],"inLanguage":"hr"},{"@type":"Organization","@id":"https:\/\/radioljubuski.ba\/#organization","name":"Radio Ljubu\u0161ki","url":"https:\/\/radioljubuski.ba\/","logo":{"@type":"ImageObject","inLanguage":"hr","@id":"https:\/\/radioljubuski.ba\/#\/schema\/logo\/image\/","url":"https:\/\/radioljubuski.ba\/wp-content\/uploads\/2021\/02\/cropped-Radio_Ljubuski_logo1.jpg","contentUrl":"https:\/\/radioljubuski.ba\/wp-content\/uploads\/2021\/02\/cropped-Radio_Ljubuski_logo1.jpg","width":512,"height":512,"caption":"Radio Ljubu\u0161ki"},"image":{"@id":"https:\/\/radioljubuski.ba\/#\/schema\/logo\/image\/"},"sameAs":["https:\/\/www.facebook.com\/Radiio-Ljubuski-1490835324566332","https:\/\/x.com\/radioljubuski","https:\/\/hr.linkedin.com\/company\/radio-ljubuski","https:\/\/www.youtube.com\/channel\/UCHYaeO_n0Db3tjNGudGpXyw"]},{"@type":"Person","@id":"https:\/\/radioljubuski.ba\/#\/schema\/person\/19fc700381a780f69665d7956c469e3b","name":"Radio Ljubu\u0161ki"}]}},"_links":{"self":[{"href":"https:\/\/radioljubuski.ba\/index.php\/wp-json\/wp\/v2\/posts\/130291","targetHints":{"allow":["GET"]}}],"collection":[{"href":"https:\/\/radioljubuski.ba\/index.php\/wp-json\/wp\/v2\/posts"}],"about":[{"href":"https:\/\/radioljubuski.ba\/index.php\/wp-json\/wp\/v2\/types\/post"}],"author":[{"embeddable":true,"href":"https:\/\/radioljubuski.ba\/index.php\/wp-json\/wp\/v2\/users\/2"}],"replies":[{"embeddable":true,"href":"https:\/\/radioljubuski.ba\/index.php\/wp-json\/wp\/v2\/comments?post=130291"}],"version-history":[{"count":1,"href":"https:\/\/radioljubuski.ba\/index.php\/wp-json\/wp\/v2\/posts\/130291\/revisions"}],"predecessor-version":[{"id":130293,"href":"https:\/\/radioljubuski.ba\/index.php\/wp-json\/wp\/v2\/posts\/130291\/revisions\/130293"}],"wp:attachment":[{"href":"https:\/\/radioljubuski.ba\/index.php\/wp-json\/wp\/v2\/media?parent=130291"}],"wp:term":[{"taxonomy":"category","embeddable":true,"href":"https:\/\/radioljubuski.ba\/index.php\/wp-json\/wp\/v2\/categories?post=130291"},{"taxonomy":"post_tag","embeddable":true,"href":"https:\/\/radioljubuski.ba\/index.php\/wp-json\/wp\/v2\/tags?post=130291"}],"curies":[{"name":"wp","href":"https:\/\/api.w.org\/{rel}","templated":true}]}}