{"id":130294,"date":"2022-04-07T22:57:40","date_gmt":"2022-04-07T21:57:40","guid":{"rendered":"https:\/\/radioljubuski.ba\/?p=130294"},"modified":"2022-04-07T22:57:42","modified_gmt":"2022-04-07T21:57:42","slug":"kijevski-dinamo-odigrao-prvu-utakmicu-nakon-ruske-agresije","status":"publish","type":"post","link":"https:\/\/radioljubuski.ba\/index.php\/2022\/04\/07\/kijevski-dinamo-odigrao-prvu-utakmicu-nakon-ruske-agresije\/","title":{"rendered":"Kijevski Dinamo odigrao prvu utakmicu nakon ruske agresije"},"content":{"rendered":"\n<p><strong>Mlada ekipa kijevskog Dinama postala je prva ukrajinska mom\u010dad koja je odigrala utakmicu nakon po\u010detka ruske invazije na tu zemlju.<\/strong><\/p>\n\n\n\n<p>U susretu osmine finala juniorske Lige prvaka Dinamo je u Bukure\u0161tu ugostio Sporting iz Lisabona i izgubio 1:2. Dinamovi igra\u010di su na travnjak iza\u0161li ogrnuti ukrajinskim zastavama, a plavo-\u017euta boja mogla se vidjeti i na tribinama stadiona Giulesti u Bukure\u0161tu.<br><br>Uo\u010di po\u010detka susreta minutom \u0161utnje odana je po\u010dast \u017ertvama ruskog napada na Ukrajinu koji traje 42 dana.<\/p>\n\n\n\n<blockquote class=\"twitter-tweet\"><p lang=\"en\" dir=\"ltr\">\ud83c\uddfa\ud83c\udde6 The <a href=\"https:\/\/twitter.com\/DynamoKyiv?ref_src=twsrc%5Etfw\">@DynamoKyiv<\/a> and <a href=\"https:\/\/twitter.com\/Sporting_CP?ref_src=twsrc%5Etfw\">@Sporting_CP<\/a> players came together in solidarity before today&#39;s <a href=\"https:\/\/twitter.com\/hashtag\/UYL?src=hash&amp;ref_src=twsrc%5Etfw\">#UYL<\/a> tie in Bucharest.<a href=\"https:\/\/twitter.com\/hashtag\/Football4Ukraine?src=hash&amp;ref_src=twsrc%5Etfw\">#Football4Ukraine<\/a> <a href=\"https:\/\/t.co\/X3Asyl9b3Q\">pic.twitter.com\/X3Asyl9b3Q<\/a><\/p>&mdash; UEFA (@UEFA) <a href=\"https:\/\/twitter.com\/UEFA\/status\/1512096209757949954?ref_src=twsrc%5Etfw\">April 7, 2022<\/a><\/blockquote> <script async src=\"https:\/\/platform.twitter.com\/widgets.js\" charset=\"utf-8\"><\/script>\n\n\n\n<p>Dinamova mlada ekipa bila je jedina ukrajinska mom\u010dad koja je ostala u UEFA-inim natjecanjima ove sezone, ali je u \u010detvrtak izgubila sa 1:2.&nbsp;<strong>Diogo Cabral<\/strong>&nbsp;(2, 28) je zabio oba gola za Sporting, a nadu Dinamu vratio je veznjak&nbsp;<strong>Volodimir Brazko<\/strong>&nbsp;realizirav\u0161i kazneni udarac u 49. minuti.<br><br>Sporting je ipak zadr\u017eao vodstvo do kraja i u \u010detvrtinalu \u0107e igrati protiv gradskog suparnika Benfice.<br><br>Bolji iz portugalskog okr\u0161aja, u polufinalu juniorske Lige prvaka igrat \u0107e protiv Juventusa, a u drugom polufinalu snage \u0107e odmjeriti Atletico Madrid i RB Salzburg.<br><br>Dinamo i Sporting prvotno su trebali igrati u&nbsp;Kijevu 2. o\u017eujka, ali Sporting nije bio voljan putovati u Ukrajinu, pozivaju\u0107i se na enormno nagomilavanje ruskih vojnika na granici.<br><br>UEFA je inzistirala da se utakmica igra u Kijevu, pa je datum pomaknula na 9. o\u017eujka, kada je ve\u0107 po\u010dela ruska invazija.<br><br>Trener Dinamove prve mom\u010dadi&nbsp;<strong>Mircea Lucescu<\/strong>&nbsp;organizirao je odlazak svojih igra\u010da u Bukure\u0161t i nastavak treninga, a vlasnik Steaue&nbsp;<strong>Gigi Becali&nbsp;<\/strong>pomogao im je oko smje\u0161taja i objekata za trening.<br><br>Prva mom\u010dad kijevskog sastava \u0107e u nadolaze\u0107im mjesecima u sklopu kontinentalne turneje za prikupljanje sredstava odigrati niz prijateljskih utakmica protiv vode\u0107ih europskih klubova.<\/p>\n\n\n\n<p>&#8211; Zahvaljuju\u0107i potpori vodstva na\u0161e zemlje, Dinamo \u0107e sudjelovati u me\u0111unarodnoj dobrotvornoj misiji, nizu prijateljskih utakmica s vrhunskim klubovima u Europi, stoji u slu\u017ebenom priop\u0107enju kluba.<br><br>&#8211; Sve ove utakmice odr\u017eat \u0107e se pod sloganom &#8216;Utakmica za mir! Zaustavimo rat!&#8217;. Svrha ovih utakmica je informiranje me\u0111unarodne zajednice o stra\u0161nom ratu u Ukrajini i prikupljanje sredstava za potporu Ukrajincima koji su stradali u ratu s ruskim agresorom. Sve DInamove prijateljske utakmice bit \u0107e prikazane na ukrajinskim i europskim TV kanalima. U projekt \u0107e biti uklju\u010deni i brojni ukrajinski umjetnici koji podr\u017eavaju dobrotvornu misiju na\u0161eg kluba, navodi se.<br><br>Nogomet je u Ukrajini stao otkako je po\u010dela ruska invazija, a ukrajinska reprezentacija \u0107e svoju utakmicu u dodatnim kvalifikacijama za SP 2022. protiv \u0160kotske igrati u lipnju.<br><br>Pobjednik te utakmice igrat \u0107e protiv Walesa za plasman na SP u Kataru i mjesto u skupini B gdje su ve\u0107 Engleska, Iran i SAD.<\/p>\n\n\n\n<p>Izvor:hrt.hr<\/p>\n","protected":false},"excerpt":{"rendered":"<p>Mlada ekipa kijevskog Dinama postala je prva ukrajinska mom\u010dad koja je odigrala utakmicu nakon po\u010detka ruske invazije na tu zemlju. U susretu osmine finala juniorske Lige prvaka Dinamo je u Bukure\u0161tu ugostio Sporting iz Lisabona i izgubio 1:2. Dinamovi igra\u010di su na travnjak iza\u0161li ogrnuti ukrajinskim zastavama, a plavo-\u017euta boja mogla se vidjeti i na [&hellip;]<\/p>\n","protected":false},"author":2,"featured_media":130295,"comment_status":"closed","ping_status":"closed","sticky":false,"template":"","format":"standard","meta":{"h5ap_radio_sources":[],"footnotes":""},"categories":[7],"tags":[],"class_list":["post-130294","post","type-post","status-publish","format-standard","has-post-thumbnail","hentry","category-sport"],"yoast_head":"<!-- This site is optimized with the Yoast SEO plugin v27.5 - https:\/\/yoast.com\/product\/yoast-seo-wordpress\/ -->\n<title>Kijevski Dinamo odigrao prvu utakmicu nakon ruske agresije - RADIO LJUBU\u0160KI<\/title>\n<meta name=\"robots\" content=\"index, follow, max-snippet:-1, max-image-preview:large, max-video-preview:-1\" \/>\n<link rel=\"canonical\" href=\"https:\/\/radioljubuski.ba\/index.php\/2022\/04\/07\/kijevski-dinamo-odigrao-prvu-utakmicu-nakon-ruske-agresije\/\" \/>\n<meta property=\"og:locale\" content=\"hr_HR\" \/>\n<meta property=\"og:type\" content=\"article\" \/>\n<meta property=\"og:title\" content=\"Kijevski Dinamo odigrao prvu utakmicu nakon ruske agresije - RADIO LJUBU\u0160KI\" \/>\n<meta property=\"og:description\" content=\"Mlada ekipa kijevskog Dinama postala je prva ukrajinska mom\u010dad koja je odigrala utakmicu nakon po\u010detka ruske invazije na tu zemlju. U susretu osmine finala juniorske Lige prvaka Dinamo je u Bukure\u0161tu ugostio Sporting iz Lisabona i izgubio 1:2. Dinamovi igra\u010di su na travnjak iza\u0161li ogrnuti ukrajinskim zastavama, a plavo-\u017euta boja mogla se vidjeti i na [&hellip;]\" \/>\n<meta property=\"og:url\" content=\"https:\/\/radioljubuski.ba\/index.php\/2022\/04\/07\/kijevski-dinamo-odigrao-prvu-utakmicu-nakon-ruske-agresije\/\" \/>\n<meta property=\"og:site_name\" content=\"RADIO LJUBU\u0160KI\" \/>\n<meta property=\"article:publisher\" content=\"https:\/\/www.facebook.com\/Radiio-Ljubuski-1490835324566332\" \/>\n<meta property=\"article:published_time\" content=\"2022-04-07T21:57:40+00:00\" \/>\n<meta property=\"article:modified_time\" content=\"2022-04-07T21:57:42+00:00\" \/>\n<meta property=\"og:image\" content=\"https:\/\/radioljubuski.ba\/wp-content\/uploads\/2022\/04\/FPwLXTtXoAoi7jN.jpg\" \/>\n\t<meta property=\"og:image:width\" content=\"680\" \/>\n\t<meta property=\"og:image:height\" content=\"453\" \/>\n\t<meta property=\"og:image:type\" content=\"image\/jpeg\" \/>\n<meta name=\"author\" content=\"Radio Ljubu\u0161ki\" \/>\n<meta name=\"twitter:card\" content=\"summary_large_image\" \/>\n<meta name=\"twitter:creator\" content=\"@radioljubuski\" \/>\n<meta name=\"twitter:site\" content=\"@radioljubuski\" \/>\n<meta name=\"twitter:label1\" content=\"Napisao\/la\" \/>\n\t<meta name=\"twitter:data1\" content=\"Radio Ljubu\u0161ki\" \/>\n\t<meta name=\"twitter:label2\" content=\"Procijenjeno vrijeme \u010ditanja\" \/>\n\t<meta name=\"twitter:data2\" content=\"2 minute\" \/>\n<script type=\"application\/ld+json\" class=\"yoast-schema-graph\">{\"@context\":\"https:\\\/\\\/schema.org\",\"@graph\":[{\"@type\":\"Article\",\"@id\":\"https:\\\/\\\/radioljubuski.ba\\\/index.php\\\/2022\\\/04\\\/07\\\/kijevski-dinamo-odigrao-prvu-utakmicu-nakon-ruske-agresije\\\/#article\",\"isPartOf\":{\"@id\":\"https:\\\/\\\/radioljubuski.ba\\\/index.php\\\/2022\\\/04\\\/07\\\/kijevski-dinamo-odigrao-prvu-utakmicu-nakon-ruske-agresije\\\/\"},\"author\":{\"name\":\"Radio Ljubu\u0161ki\",\"@id\":\"https:\\\/\\\/radioljubuski.ba\\\/#\\\/schema\\\/person\\\/19fc700381a780f69665d7956c469e3b\"},\"headline\":\"Kijevski Dinamo odigrao prvu utakmicu nakon ruske agresije\",\"datePublished\":\"2022-04-07T21:57:40+00:00\",\"dateModified\":\"2022-04-07T21:57:42+00:00\",\"mainEntityOfPage\":{\"@id\":\"https:\\\/\\\/radioljubuski.ba\\\/index.php\\\/2022\\\/04\\\/07\\\/kijevski-dinamo-odigrao-prvu-utakmicu-nakon-ruske-agresije\\\/\"},\"wordCount\":494,\"publisher\":{\"@id\":\"https:\\\/\\\/radioljubuski.ba\\\/#organization\"},\"image\":{\"@id\":\"https:\\\/\\\/radioljubuski.ba\\\/index.php\\\/2022\\\/04\\\/07\\\/kijevski-dinamo-odigrao-prvu-utakmicu-nakon-ruske-agresije\\\/#primaryimage\"},\"thumbnailUrl\":\"https:\\\/\\\/radioljubuski.ba\\\/wp-content\\\/uploads\\\/2022\\\/04\\\/FPwLXTtXoAoi7jN.jpg\",\"articleSection\":[\"\u0160port\"],\"inLanguage\":\"hr\"},{\"@type\":\"WebPage\",\"@id\":\"https:\\\/\\\/radioljubuski.ba\\\/index.php\\\/2022\\\/04\\\/07\\\/kijevski-dinamo-odigrao-prvu-utakmicu-nakon-ruske-agresije\\\/\",\"url\":\"https:\\\/\\\/radioljubuski.ba\\\/index.php\\\/2022\\\/04\\\/07\\\/kijevski-dinamo-odigrao-prvu-utakmicu-nakon-ruske-agresije\\\/\",\"name\":\"Kijevski Dinamo odigrao prvu utakmicu nakon ruske agresije - RADIO LJUBU\u0160KI\",\"isPartOf\":{\"@id\":\"https:\\\/\\\/radioljubuski.ba\\\/#website\"},\"primaryImageOfPage\":{\"@id\":\"https:\\\/\\\/radioljubuski.ba\\\/index.php\\\/2022\\\/04\\\/07\\\/kijevski-dinamo-odigrao-prvu-utakmicu-nakon-ruske-agresije\\\/#primaryimage\"},\"image\":{\"@id\":\"https:\\\/\\\/radioljubuski.ba\\\/index.php\\\/2022\\\/04\\\/07\\\/kijevski-dinamo-odigrao-prvu-utakmicu-nakon-ruske-agresije\\\/#primaryimage\"},\"thumbnailUrl\":\"https:\\\/\\\/radioljubuski.ba\\\/wp-content\\\/uploads\\\/2022\\\/04\\\/FPwLXTtXoAoi7jN.jpg\",\"datePublished\":\"2022-04-07T21:57:40+00:00\",\"dateModified\":\"2022-04-07T21:57:42+00:00\",\"breadcrumb\":{\"@id\":\"https:\\\/\\\/radioljubuski.ba\\\/index.php\\\/2022\\\/04\\\/07\\\/kijevski-dinamo-odigrao-prvu-utakmicu-nakon-ruske-agresije\\\/#breadcrumb\"},\"inLanguage\":\"hr\",\"potentialAction\":[{\"@type\":\"ReadAction\",\"target\":[\"https:\\\/\\\/radioljubuski.ba\\\/index.php\\\/2022\\\/04\\\/07\\\/kijevski-dinamo-odigrao-prvu-utakmicu-nakon-ruske-agresije\\\/\"]}]},{\"@type\":\"ImageObject\",\"inLanguage\":\"hr\",\"@id\":\"https:\\\/\\\/radioljubuski.ba\\\/index.php\\\/2022\\\/04\\\/07\\\/kijevski-dinamo-odigrao-prvu-utakmicu-nakon-ruske-agresije\\\/#primaryimage\",\"url\":\"https:\\\/\\\/radioljubuski.ba\\\/wp-content\\\/uploads\\\/2022\\\/04\\\/FPwLXTtXoAoi7jN.jpg\",\"contentUrl\":\"https:\\\/\\\/radioljubuski.ba\\\/wp-content\\\/uploads\\\/2022\\\/04\\\/FPwLXTtXoAoi7jN.jpg\",\"width\":680,\"height\":453},{\"@type\":\"BreadcrumbList\",\"@id\":\"https:\\\/\\\/radioljubuski.ba\\\/index.php\\\/2022\\\/04\\\/07\\\/kijevski-dinamo-odigrao-prvu-utakmicu-nakon-ruske-agresije\\\/#breadcrumb\",\"itemListElement\":[{\"@type\":\"ListItem\",\"position\":1,\"name\":\"Po\u010detna stranica\",\"item\":\"https:\\\/\\\/radioljubuski.ba\\\/\"},{\"@type\":\"ListItem\",\"position\":2,\"name\":\"Kijevski Dinamo odigrao prvu utakmicu nakon ruske agresije\"}]},{\"@type\":\"WebSite\",\"@id\":\"https:\\\/\\\/radioljubuski.ba\\\/#website\",\"url\":\"https:\\\/\\\/radioljubuski.ba\\\/\",\"name\":\"Radio Ljubu\u0161ki\",\"description\":\"Sun\u010dana frekvencija Hercegovine\",\"publisher\":{\"@id\":\"https:\\\/\\\/radioljubuski.ba\\\/#organization\"},\"potentialAction\":[{\"@type\":\"SearchAction\",\"target\":{\"@type\":\"EntryPoint\",\"urlTemplate\":\"https:\\\/\\\/radioljubuski.ba\\\/?s={search_term_string}\"},\"query-input\":{\"@type\":\"PropertyValueSpecification\",\"valueRequired\":true,\"valueName\":\"search_term_string\"}}],\"inLanguage\":\"hr\"},{\"@type\":\"Organization\",\"@id\":\"https:\\\/\\\/radioljubuski.ba\\\/#organization\",\"name\":\"Radio Ljubu\u0161ki\",\"url\":\"https:\\\/\\\/radioljubuski.ba\\\/\",\"logo\":{\"@type\":\"ImageObject\",\"inLanguage\":\"hr\",\"@id\":\"https:\\\/\\\/radioljubuski.ba\\\/#\\\/schema\\\/logo\\\/image\\\/\",\"url\":\"https:\\\/\\\/radioljubuski.ba\\\/wp-content\\\/uploads\\\/2021\\\/02\\\/cropped-Radio_Ljubuski_logo1.jpg\",\"contentUrl\":\"https:\\\/\\\/radioljubuski.ba\\\/wp-content\\\/uploads\\\/2021\\\/02\\\/cropped-Radio_Ljubuski_logo1.jpg\",\"width\":512,\"height\":512,\"caption\":\"Radio Ljubu\u0161ki\"},\"image\":{\"@id\":\"https:\\\/\\\/radioljubuski.ba\\\/#\\\/schema\\\/logo\\\/image\\\/\"},\"sameAs\":[\"https:\\\/\\\/www.facebook.com\\\/Radiio-Ljubuski-1490835324566332\",\"https:\\\/\\\/x.com\\\/radioljubuski\",\"https:\\\/\\\/hr.linkedin.com\\\/company\\\/radio-ljubuski\",\"https:\\\/\\\/www.youtube.com\\\/channel\\\/UCHYaeO_n0Db3tjNGudGpXyw\"]},{\"@type\":\"Person\",\"@id\":\"https:\\\/\\\/radioljubuski.ba\\\/#\\\/schema\\\/person\\\/19fc700381a780f69665d7956c469e3b\",\"name\":\"Radio Ljubu\u0161ki\"}]}<\/script>\n<!-- \/ Yoast SEO plugin. -->","yoast_head_json":{"title":"Kijevski Dinamo odigrao prvu utakmicu nakon ruske agresije - RADIO LJUBU\u0160KI","robots":{"index":"index","follow":"follow","max-snippet":"max-snippet:-1","max-image-preview":"max-image-preview:large","max-video-preview":"max-video-preview:-1"},"canonical":"https:\/\/radioljubuski.ba\/index.php\/2022\/04\/07\/kijevski-dinamo-odigrao-prvu-utakmicu-nakon-ruske-agresije\/","og_locale":"hr_HR","og_type":"article","og_title":"Kijevski Dinamo odigrao prvu utakmicu nakon ruske agresije - RADIO LJUBU\u0160KI","og_description":"Mlada ekipa kijevskog Dinama postala je prva ukrajinska mom\u010dad koja je odigrala utakmicu nakon po\u010detka ruske invazije na tu zemlju. U susretu osmine finala juniorske Lige prvaka Dinamo je u Bukure\u0161tu ugostio Sporting iz Lisabona i izgubio 1:2. Dinamovi igra\u010di su na travnjak iza\u0161li ogrnuti ukrajinskim zastavama, a plavo-\u017euta boja mogla se vidjeti i na [&hellip;]","og_url":"https:\/\/radioljubuski.ba\/index.php\/2022\/04\/07\/kijevski-dinamo-odigrao-prvu-utakmicu-nakon-ruske-agresije\/","og_site_name":"RADIO LJUBU\u0160KI","article_publisher":"https:\/\/www.facebook.com\/Radiio-Ljubuski-1490835324566332","article_published_time":"2022-04-07T21:57:40+00:00","article_modified_time":"2022-04-07T21:57:42+00:00","og_image":[{"width":680,"height":453,"url":"https:\/\/radioljubuski.ba\/wp-content\/uploads\/2022\/04\/FPwLXTtXoAoi7jN.jpg","type":"image\/jpeg"}],"author":"Radio Ljubu\u0161ki","twitter_card":"summary_large_image","twitter_creator":"@radioljubuski","twitter_site":"@radioljubuski","twitter_misc":{"Napisao\/la":"Radio Ljubu\u0161ki","Procijenjeno vrijeme \u010ditanja":"2 minute"},"schema":{"@context":"https:\/\/schema.org","@graph":[{"@type":"Article","@id":"https:\/\/radioljubuski.ba\/index.php\/2022\/04\/07\/kijevski-dinamo-odigrao-prvu-utakmicu-nakon-ruske-agresije\/#article","isPartOf":{"@id":"https:\/\/radioljubuski.ba\/index.php\/2022\/04\/07\/kijevski-dinamo-odigrao-prvu-utakmicu-nakon-ruske-agresije\/"},"author":{"name":"Radio Ljubu\u0161ki","@id":"https:\/\/radioljubuski.ba\/#\/schema\/person\/19fc700381a780f69665d7956c469e3b"},"headline":"Kijevski Dinamo odigrao prvu utakmicu nakon ruske agresije","datePublished":"2022-04-07T21:57:40+00:00","dateModified":"2022-04-07T21:57:42+00:00","mainEntityOfPage":{"@id":"https:\/\/radioljubuski.ba\/index.php\/2022\/04\/07\/kijevski-dinamo-odigrao-prvu-utakmicu-nakon-ruske-agresije\/"},"wordCount":494,"publisher":{"@id":"https:\/\/radioljubuski.ba\/#organization"},"image":{"@id":"https:\/\/radioljubuski.ba\/index.php\/2022\/04\/07\/kijevski-dinamo-odigrao-prvu-utakmicu-nakon-ruske-agresije\/#primaryimage"},"thumbnailUrl":"https:\/\/radioljubuski.ba\/wp-content\/uploads\/2022\/04\/FPwLXTtXoAoi7jN.jpg","articleSection":["\u0160port"],"inLanguage":"hr"},{"@type":"WebPage","@id":"https:\/\/radioljubuski.ba\/index.php\/2022\/04\/07\/kijevski-dinamo-odigrao-prvu-utakmicu-nakon-ruske-agresije\/","url":"https:\/\/radioljubuski.ba\/index.php\/2022\/04\/07\/kijevski-dinamo-odigrao-prvu-utakmicu-nakon-ruske-agresije\/","name":"Kijevski Dinamo odigrao prvu utakmicu nakon ruske agresije - RADIO LJUBU\u0160KI","isPartOf":{"@id":"https:\/\/radioljubuski.ba\/#website"},"primaryImageOfPage":{"@id":"https:\/\/radioljubuski.ba\/index.php\/2022\/04\/07\/kijevski-dinamo-odigrao-prvu-utakmicu-nakon-ruske-agresije\/#primaryimage"},"image":{"@id":"https:\/\/radioljubuski.ba\/index.php\/2022\/04\/07\/kijevski-dinamo-odigrao-prvu-utakmicu-nakon-ruske-agresije\/#primaryimage"},"thumbnailUrl":"https:\/\/radioljubuski.ba\/wp-content\/uploads\/2022\/04\/FPwLXTtXoAoi7jN.jpg","datePublished":"2022-04-07T21:57:40+00:00","dateModified":"2022-04-07T21:57:42+00:00","breadcrumb":{"@id":"https:\/\/radioljubuski.ba\/index.php\/2022\/04\/07\/kijevski-dinamo-odigrao-prvu-utakmicu-nakon-ruske-agresije\/#breadcrumb"},"inLanguage":"hr","potentialAction":[{"@type":"ReadAction","target":["https:\/\/radioljubuski.ba\/index.php\/2022\/04\/07\/kijevski-dinamo-odigrao-prvu-utakmicu-nakon-ruske-agresije\/"]}]},{"@type":"ImageObject","inLanguage":"hr","@id":"https:\/\/radioljubuski.ba\/index.php\/2022\/04\/07\/kijevski-dinamo-odigrao-prvu-utakmicu-nakon-ruske-agresije\/#primaryimage","url":"https:\/\/radioljubuski.ba\/wp-content\/uploads\/2022\/04\/FPwLXTtXoAoi7jN.jpg","contentUrl":"https:\/\/radioljubuski.ba\/wp-content\/uploads\/2022\/04\/FPwLXTtXoAoi7jN.jpg","width":680,"height":453},{"@type":"BreadcrumbList","@id":"https:\/\/radioljubuski.ba\/index.php\/2022\/04\/07\/kijevski-dinamo-odigrao-prvu-utakmicu-nakon-ruske-agresije\/#breadcrumb","itemListElement":[{"@type":"ListItem","position":1,"name":"Po\u010detna stranica","item":"https:\/\/radioljubuski.ba\/"},{"@type":"ListItem","position":2,"name":"Kijevski Dinamo odigrao prvu utakmicu nakon ruske agresije"}]},{"@type":"WebSite","@id":"https:\/\/radioljubuski.ba\/#website","url":"https:\/\/radioljubuski.ba\/","name":"Radio Ljubu\u0161ki","description":"Sun\u010dana frekvencija Hercegovine","publisher":{"@id":"https:\/\/radioljubuski.ba\/#organization"},"potentialAction":[{"@type":"SearchAction","target":{"@type":"EntryPoint","urlTemplate":"https:\/\/radioljubuski.ba\/?s={search_term_string}"},"query-input":{"@type":"PropertyValueSpecification","valueRequired":true,"valueName":"search_term_string"}}],"inLanguage":"hr"},{"@type":"Organization","@id":"https:\/\/radioljubuski.ba\/#organization","name":"Radio Ljubu\u0161ki","url":"https:\/\/radioljubuski.ba\/","logo":{"@type":"ImageObject","inLanguage":"hr","@id":"https:\/\/radioljubuski.ba\/#\/schema\/logo\/image\/","url":"https:\/\/radioljubuski.ba\/wp-content\/uploads\/2021\/02\/cropped-Radio_Ljubuski_logo1.jpg","contentUrl":"https:\/\/radioljubuski.ba\/wp-content\/uploads\/2021\/02\/cropped-Radio_Ljubuski_logo1.jpg","width":512,"height":512,"caption":"Radio Ljubu\u0161ki"},"image":{"@id":"https:\/\/radioljubuski.ba\/#\/schema\/logo\/image\/"},"sameAs":["https:\/\/www.facebook.com\/Radiio-Ljubuski-1490835324566332","https:\/\/x.com\/radioljubuski","https:\/\/hr.linkedin.com\/company\/radio-ljubuski","https:\/\/www.youtube.com\/channel\/UCHYaeO_n0Db3tjNGudGpXyw"]},{"@type":"Person","@id":"https:\/\/radioljubuski.ba\/#\/schema\/person\/19fc700381a780f69665d7956c469e3b","name":"Radio Ljubu\u0161ki"}]}},"_links":{"self":[{"href":"https:\/\/radioljubuski.ba\/index.php\/wp-json\/wp\/v2\/posts\/130294","targetHints":{"allow":["GET"]}}],"collection":[{"href":"https:\/\/radioljubuski.ba\/index.php\/wp-json\/wp\/v2\/posts"}],"about":[{"href":"https:\/\/radioljubuski.ba\/index.php\/wp-json\/wp\/v2\/types\/post"}],"author":[{"embeddable":true,"href":"https:\/\/radioljubuski.ba\/index.php\/wp-json\/wp\/v2\/users\/2"}],"replies":[{"embeddable":true,"href":"https:\/\/radioljubuski.ba\/index.php\/wp-json\/wp\/v2\/comments?post=130294"}],"version-history":[{"count":1,"href":"https:\/\/radioljubuski.ba\/index.php\/wp-json\/wp\/v2\/posts\/130294\/revisions"}],"predecessor-version":[{"id":130296,"href":"https:\/\/radioljubuski.ba\/index.php\/wp-json\/wp\/v2\/posts\/130294\/revisions\/130296"}],"wp:featuredmedia":[{"embeddable":true,"href":"https:\/\/radioljubuski.ba\/index.php\/wp-json\/wp\/v2\/media\/130295"}],"wp:attachment":[{"href":"https:\/\/radioljubuski.ba\/index.php\/wp-json\/wp\/v2\/media?parent=130294"}],"wp:term":[{"taxonomy":"category","embeddable":true,"href":"https:\/\/radioljubuski.ba\/index.php\/wp-json\/wp\/v2\/categories?post=130294"},{"taxonomy":"post_tag","embeddable":true,"href":"https:\/\/radioljubuski.ba\/index.php\/wp-json\/wp\/v2\/tags?post=130294"}],"curies":[{"name":"wp","href":"https:\/\/api.w.org\/{rel}","templated":true}]}}