{"id":130321,"date":"2022-04-08T08:42:00","date_gmt":"2022-04-08T07:42:00","guid":{"rendered":"https:\/\/radioljubuski.ba\/?p=130321"},"modified":"2022-04-08T08:42:01","modified_gmt":"2022-04-08T07:42:01","slug":"drama-na-mecu-hrvatice-i-madarice-krades-djevojku-od-16-godina-da-li-te-je-sramota","status":"publish","type":"post","link":"https:\/\/radioljubuski.ba\/index.php\/2022\/04\/08\/drama-na-mecu-hrvatice-i-madarice-krades-djevojku-od-16-godina-da-li-te-je-sramota\/","title":{"rendered":"Drama na me\u010du Hrvatice i Ma\u0111arice: &#8220;Krade\u0161 djevojku od 16 godina, da li te je sramota?&#8221;"},"content":{"rendered":"\n<p>Hrvatska tenisa\u010dica Petra Mari\u010dnko pora\u017eena je u osmini finala ITF turnira u portugalskom Oeirasu. Prva juniorka svijeta i 414. na listi svih igra\u010dica imala je 17 pobjeda u nizu, ali je od nje bila bolja Ma\u0111arica Dalma Galfi (WTA: 97) koja je slavila sa 6:0, 4:6, 6:4.<\/p>\n\n\n\n<p>Mar\u010dinko je u devetom gemu drugog seta stigla do klju\u010dnog breaka, pa je izjedna\u010dila na 1:1. U setu odluke odmah je stigla do brejka, no Gali je uzvratila u \u010detvrtom gemu.<\/p>\n\n\n\n<p>Kada je Mar\u010dinko u sedmom gemu oduzela ponovo servis Ma\u0111arici, \u010dinilo se da \u0107e dobiti me\u010d, no Galfi je u osmom gemu ponovo uspjela da se vrati.<\/p>\n\n\n\n<p>Mlada Zagrep\u010danka je imala tri brejk lopte u devetom gemu, kada je vi\u0111ena prava drama. Pri rezultatu 40:40 sudac je odbio zahtjev Hrvatice da si\u0111e i pogleda trag lopte, \u0161to je naljutilo njenog trenera.<\/p>\n\n\n\n<p>Ma\u0111arska tenisa\u010dica tako\u0111er se umije\u0161ala u raspravu, pa je treneru svoje protivnice viknula: &#8220;U\u0161uti, ovo vi\u0161e nisu juniori&#8221;.<\/p>\n\n\n\n<p>Ma\u0111arska tenisa\u010dica se na kraju uspjela  izvu\u0107i u tom gemu i do\u0107i do novog brejka, na kraju i pobjede.<\/p>\n\n\n\n<p>Trener Petre je sucu nakon me\u010da kazao: &#8220;Da li si ponosan na sebe? Krade\u0161 djevojku od 16 godina. Treba te buti sramota&#8221;.<\/p>\n\n\n\n<p>izvor: sportsport.ba<\/p>\n","protected":false},"excerpt":{"rendered":"<p>Hrvatska tenisa\u010dica Petra Mari\u010dnko pora\u017eena je u osmini finala ITF turnira u portugalskom Oeirasu. Prva juniorka svijeta i 414. na listi svih igra\u010dica imala je 17 pobjeda u nizu, ali je od nje bila bolja Ma\u0111arica Dalma Galfi (WTA: 97) koja je slavila sa 6:0, 4:6, 6:4. Mar\u010dinko je u devetom gemu drugog seta stigla [&hellip;]<\/p>\n","protected":false},"author":2,"featured_media":130322,"comment_status":"closed","ping_status":"closed","sticky":false,"template":"","format":"standard","meta":{"h5ap_radio_sources":[],"footnotes":""},"categories":[7],"tags":[],"class_list":["post-130321","post","type-post","status-publish","format-standard","has-post-thumbnail","hentry","category-sport"],"yoast_head":"<!-- This site is optimized with the Yoast SEO plugin v27.5 - https:\/\/yoast.com\/product\/yoast-seo-wordpress\/ -->\n<title>Drama na me\u010du Hrvatice i Ma\u0111arice: &quot;Krade\u0161 djevojku od 16 godina, da li te je sramota?&quot; - RADIO LJUBU\u0160KI<\/title>\n<meta name=\"robots\" content=\"index, follow, max-snippet:-1, max-image-preview:large, max-video-preview:-1\" \/>\n<link rel=\"canonical\" href=\"https:\/\/radioljubuski.ba\/index.php\/2022\/04\/08\/drama-na-mecu-hrvatice-i-madarice-krades-djevojku-od-16-godina-da-li-te-je-sramota\/\" \/>\n<meta property=\"og:locale\" content=\"hr_HR\" \/>\n<meta property=\"og:type\" content=\"article\" \/>\n<meta property=\"og:title\" content=\"Drama na me\u010du Hrvatice i Ma\u0111arice: &quot;Krade\u0161 djevojku od 16 godina, da li te je sramota?&quot; - RADIO LJUBU\u0160KI\" \/>\n<meta property=\"og:description\" content=\"Hrvatska tenisa\u010dica Petra Mari\u010dnko pora\u017eena je u osmini finala ITF turnira u portugalskom Oeirasu. Prva juniorka svijeta i 414. na listi svih igra\u010dica imala je 17 pobjeda u nizu, ali je od nje bila bolja Ma\u0111arica Dalma Galfi (WTA: 97) koja je slavila sa 6:0, 4:6, 6:4. Mar\u010dinko je u devetom gemu drugog seta stigla [&hellip;]\" \/>\n<meta property=\"og:url\" content=\"https:\/\/radioljubuski.ba\/index.php\/2022\/04\/08\/drama-na-mecu-hrvatice-i-madarice-krades-djevojku-od-16-godina-da-li-te-je-sramota\/\" \/>\n<meta property=\"og:site_name\" content=\"RADIO LJUBU\u0160KI\" \/>\n<meta property=\"article:publisher\" content=\"https:\/\/www.facebook.com\/Radiio-Ljubuski-1490835324566332\" \/>\n<meta property=\"article:published_time\" content=\"2022-04-08T07:42:00+00:00\" \/>\n<meta property=\"article:modified_time\" content=\"2022-04-08T07:42:01+00:00\" \/>\n<meta property=\"og:image\" content=\"https:\/\/radioljubuski.ba\/wp-content\/uploads\/2022\/04\/petra.jpg\" \/>\n\t<meta property=\"og:image:width\" content=\"275\" \/>\n\t<meta property=\"og:image:height\" content=\"183\" \/>\n\t<meta property=\"og:image:type\" content=\"image\/jpeg\" \/>\n<meta name=\"author\" content=\"Radio Ljubu\u0161ki\" \/>\n<meta name=\"twitter:card\" content=\"summary_large_image\" \/>\n<meta name=\"twitter:creator\" content=\"@radioljubuski\" \/>\n<meta name=\"twitter:site\" content=\"@radioljubuski\" \/>\n<meta name=\"twitter:label1\" content=\"Napisao\/la\" \/>\n\t<meta name=\"twitter:data1\" content=\"Radio Ljubu\u0161ki\" \/>\n\t<meta name=\"twitter:label2\" content=\"Procijenjeno vrijeme \u010ditanja\" \/>\n\t<meta name=\"twitter:data2\" content=\"1 minuta\" \/>\n<script type=\"application\/ld+json\" class=\"yoast-schema-graph\">{\"@context\":\"https:\\\/\\\/schema.org\",\"@graph\":[{\"@type\":\"Article\",\"@id\":\"https:\\\/\\\/radioljubuski.ba\\\/index.php\\\/2022\\\/04\\\/08\\\/drama-na-mecu-hrvatice-i-madarice-krades-djevojku-od-16-godina-da-li-te-je-sramota\\\/#article\",\"isPartOf\":{\"@id\":\"https:\\\/\\\/radioljubuski.ba\\\/index.php\\\/2022\\\/04\\\/08\\\/drama-na-mecu-hrvatice-i-madarice-krades-djevojku-od-16-godina-da-li-te-je-sramota\\\/\"},\"author\":{\"name\":\"Radio Ljubu\u0161ki\",\"@id\":\"https:\\\/\\\/radioljubuski.ba\\\/#\\\/schema\\\/person\\\/19fc700381a780f69665d7956c469e3b\"},\"headline\":\"Drama na me\u010du Hrvatice i Ma\u0111arice: &#8220;Krade\u0161 djevojku od 16 godina, da li te je sramota?&#8221;\",\"datePublished\":\"2022-04-08T07:42:00+00:00\",\"dateModified\":\"2022-04-08T07:42:01+00:00\",\"mainEntityOfPage\":{\"@id\":\"https:\\\/\\\/radioljubuski.ba\\\/index.php\\\/2022\\\/04\\\/08\\\/drama-na-mecu-hrvatice-i-madarice-krades-djevojku-od-16-godina-da-li-te-je-sramota\\\/\"},\"wordCount\":233,\"publisher\":{\"@id\":\"https:\\\/\\\/radioljubuski.ba\\\/#organization\"},\"image\":{\"@id\":\"https:\\\/\\\/radioljubuski.ba\\\/index.php\\\/2022\\\/04\\\/08\\\/drama-na-mecu-hrvatice-i-madarice-krades-djevojku-od-16-godina-da-li-te-je-sramota\\\/#primaryimage\"},\"thumbnailUrl\":\"https:\\\/\\\/radioljubuski.ba\\\/wp-content\\\/uploads\\\/2022\\\/04\\\/petra.jpg\",\"articleSection\":[\"\u0160port\"],\"inLanguage\":\"hr\"},{\"@type\":\"WebPage\",\"@id\":\"https:\\\/\\\/radioljubuski.ba\\\/index.php\\\/2022\\\/04\\\/08\\\/drama-na-mecu-hrvatice-i-madarice-krades-djevojku-od-16-godina-da-li-te-je-sramota\\\/\",\"url\":\"https:\\\/\\\/radioljubuski.ba\\\/index.php\\\/2022\\\/04\\\/08\\\/drama-na-mecu-hrvatice-i-madarice-krades-djevojku-od-16-godina-da-li-te-je-sramota\\\/\",\"name\":\"Drama na me\u010du Hrvatice i Ma\u0111arice: \\\"Krade\u0161 djevojku od 16 godina, da li te je sramota?\\\" - RADIO LJUBU\u0160KI\",\"isPartOf\":{\"@id\":\"https:\\\/\\\/radioljubuski.ba\\\/#website\"},\"primaryImageOfPage\":{\"@id\":\"https:\\\/\\\/radioljubuski.ba\\\/index.php\\\/2022\\\/04\\\/08\\\/drama-na-mecu-hrvatice-i-madarice-krades-djevojku-od-16-godina-da-li-te-je-sramota\\\/#primaryimage\"},\"image\":{\"@id\":\"https:\\\/\\\/radioljubuski.ba\\\/index.php\\\/2022\\\/04\\\/08\\\/drama-na-mecu-hrvatice-i-madarice-krades-djevojku-od-16-godina-da-li-te-je-sramota\\\/#primaryimage\"},\"thumbnailUrl\":\"https:\\\/\\\/radioljubuski.ba\\\/wp-content\\\/uploads\\\/2022\\\/04\\\/petra.jpg\",\"datePublished\":\"2022-04-08T07:42:00+00:00\",\"dateModified\":\"2022-04-08T07:42:01+00:00\",\"breadcrumb\":{\"@id\":\"https:\\\/\\\/radioljubuski.ba\\\/index.php\\\/2022\\\/04\\\/08\\\/drama-na-mecu-hrvatice-i-madarice-krades-djevojku-od-16-godina-da-li-te-je-sramota\\\/#breadcrumb\"},\"inLanguage\":\"hr\",\"potentialAction\":[{\"@type\":\"ReadAction\",\"target\":[\"https:\\\/\\\/radioljubuski.ba\\\/index.php\\\/2022\\\/04\\\/08\\\/drama-na-mecu-hrvatice-i-madarice-krades-djevojku-od-16-godina-da-li-te-je-sramota\\\/\"]}]},{\"@type\":\"ImageObject\",\"inLanguage\":\"hr\",\"@id\":\"https:\\\/\\\/radioljubuski.ba\\\/index.php\\\/2022\\\/04\\\/08\\\/drama-na-mecu-hrvatice-i-madarice-krades-djevojku-od-16-godina-da-li-te-je-sramota\\\/#primaryimage\",\"url\":\"https:\\\/\\\/radioljubuski.ba\\\/wp-content\\\/uploads\\\/2022\\\/04\\\/petra.jpg\",\"contentUrl\":\"https:\\\/\\\/radioljubuski.ba\\\/wp-content\\\/uploads\\\/2022\\\/04\\\/petra.jpg\",\"width\":275,\"height\":183},{\"@type\":\"BreadcrumbList\",\"@id\":\"https:\\\/\\\/radioljubuski.ba\\\/index.php\\\/2022\\\/04\\\/08\\\/drama-na-mecu-hrvatice-i-madarice-krades-djevojku-od-16-godina-da-li-te-je-sramota\\\/#breadcrumb\",\"itemListElement\":[{\"@type\":\"ListItem\",\"position\":1,\"name\":\"Po\u010detna stranica\",\"item\":\"https:\\\/\\\/radioljubuski.ba\\\/\"},{\"@type\":\"ListItem\",\"position\":2,\"name\":\"Drama na me\u010du Hrvatice i Ma\u0111arice: &#8220;Krade\u0161 djevojku od 16 godina, da li te je sramota?&#8221;\"}]},{\"@type\":\"WebSite\",\"@id\":\"https:\\\/\\\/radioljubuski.ba\\\/#website\",\"url\":\"https:\\\/\\\/radioljubuski.ba\\\/\",\"name\":\"Radio Ljubu\u0161ki\",\"description\":\"Sun\u010dana frekvencija Hercegovine\",\"publisher\":{\"@id\":\"https:\\\/\\\/radioljubuski.ba\\\/#organization\"},\"potentialAction\":[{\"@type\":\"SearchAction\",\"target\":{\"@type\":\"EntryPoint\",\"urlTemplate\":\"https:\\\/\\\/radioljubuski.ba\\\/?s={search_term_string}\"},\"query-input\":{\"@type\":\"PropertyValueSpecification\",\"valueRequired\":true,\"valueName\":\"search_term_string\"}}],\"inLanguage\":\"hr\"},{\"@type\":\"Organization\",\"@id\":\"https:\\\/\\\/radioljubuski.ba\\\/#organization\",\"name\":\"Radio Ljubu\u0161ki\",\"url\":\"https:\\\/\\\/radioljubuski.ba\\\/\",\"logo\":{\"@type\":\"ImageObject\",\"inLanguage\":\"hr\",\"@id\":\"https:\\\/\\\/radioljubuski.ba\\\/#\\\/schema\\\/logo\\\/image\\\/\",\"url\":\"https:\\\/\\\/radioljubuski.ba\\\/wp-content\\\/uploads\\\/2021\\\/02\\\/cropped-Radio_Ljubuski_logo1.jpg\",\"contentUrl\":\"https:\\\/\\\/radioljubuski.ba\\\/wp-content\\\/uploads\\\/2021\\\/02\\\/cropped-Radio_Ljubuski_logo1.jpg\",\"width\":512,\"height\":512,\"caption\":\"Radio Ljubu\u0161ki\"},\"image\":{\"@id\":\"https:\\\/\\\/radioljubuski.ba\\\/#\\\/schema\\\/logo\\\/image\\\/\"},\"sameAs\":[\"https:\\\/\\\/www.facebook.com\\\/Radiio-Ljubuski-1490835324566332\",\"https:\\\/\\\/x.com\\\/radioljubuski\",\"https:\\\/\\\/hr.linkedin.com\\\/company\\\/radio-ljubuski\",\"https:\\\/\\\/www.youtube.com\\\/channel\\\/UCHYaeO_n0Db3tjNGudGpXyw\"]},{\"@type\":\"Person\",\"@id\":\"https:\\\/\\\/radioljubuski.ba\\\/#\\\/schema\\\/person\\\/19fc700381a780f69665d7956c469e3b\",\"name\":\"Radio Ljubu\u0161ki\"}]}<\/script>\n<!-- \/ Yoast SEO plugin. -->","yoast_head_json":{"title":"Drama na me\u010du Hrvatice i Ma\u0111arice: \"Krade\u0161 djevojku od 16 godina, da li te je sramota?\" - RADIO LJUBU\u0160KI","robots":{"index":"index","follow":"follow","max-snippet":"max-snippet:-1","max-image-preview":"max-image-preview:large","max-video-preview":"max-video-preview:-1"},"canonical":"https:\/\/radioljubuski.ba\/index.php\/2022\/04\/08\/drama-na-mecu-hrvatice-i-madarice-krades-djevojku-od-16-godina-da-li-te-je-sramota\/","og_locale":"hr_HR","og_type":"article","og_title":"Drama na me\u010du Hrvatice i Ma\u0111arice: \"Krade\u0161 djevojku od 16 godina, da li te je sramota?\" - RADIO LJUBU\u0160KI","og_description":"Hrvatska tenisa\u010dica Petra Mari\u010dnko pora\u017eena je u osmini finala ITF turnira u portugalskom Oeirasu. Prva juniorka svijeta i 414. na listi svih igra\u010dica imala je 17 pobjeda u nizu, ali je od nje bila bolja Ma\u0111arica Dalma Galfi (WTA: 97) koja je slavila sa 6:0, 4:6, 6:4. Mar\u010dinko je u devetom gemu drugog seta stigla [&hellip;]","og_url":"https:\/\/radioljubuski.ba\/index.php\/2022\/04\/08\/drama-na-mecu-hrvatice-i-madarice-krades-djevojku-od-16-godina-da-li-te-je-sramota\/","og_site_name":"RADIO LJUBU\u0160KI","article_publisher":"https:\/\/www.facebook.com\/Radiio-Ljubuski-1490835324566332","article_published_time":"2022-04-08T07:42:00+00:00","article_modified_time":"2022-04-08T07:42:01+00:00","og_image":[{"width":275,"height":183,"url":"https:\/\/radioljubuski.ba\/wp-content\/uploads\/2022\/04\/petra.jpg","type":"image\/jpeg"}],"author":"Radio Ljubu\u0161ki","twitter_card":"summary_large_image","twitter_creator":"@radioljubuski","twitter_site":"@radioljubuski","twitter_misc":{"Napisao\/la":"Radio Ljubu\u0161ki","Procijenjeno vrijeme \u010ditanja":"1 minuta"},"schema":{"@context":"https:\/\/schema.org","@graph":[{"@type":"Article","@id":"https:\/\/radioljubuski.ba\/index.php\/2022\/04\/08\/drama-na-mecu-hrvatice-i-madarice-krades-djevojku-od-16-godina-da-li-te-je-sramota\/#article","isPartOf":{"@id":"https:\/\/radioljubuski.ba\/index.php\/2022\/04\/08\/drama-na-mecu-hrvatice-i-madarice-krades-djevojku-od-16-godina-da-li-te-je-sramota\/"},"author":{"name":"Radio Ljubu\u0161ki","@id":"https:\/\/radioljubuski.ba\/#\/schema\/person\/19fc700381a780f69665d7956c469e3b"},"headline":"Drama na me\u010du Hrvatice i Ma\u0111arice: &#8220;Krade\u0161 djevojku od 16 godina, da li te je sramota?&#8221;","datePublished":"2022-04-08T07:42:00+00:00","dateModified":"2022-04-08T07:42:01+00:00","mainEntityOfPage":{"@id":"https:\/\/radioljubuski.ba\/index.php\/2022\/04\/08\/drama-na-mecu-hrvatice-i-madarice-krades-djevojku-od-16-godina-da-li-te-je-sramota\/"},"wordCount":233,"publisher":{"@id":"https:\/\/radioljubuski.ba\/#organization"},"image":{"@id":"https:\/\/radioljubuski.ba\/index.php\/2022\/04\/08\/drama-na-mecu-hrvatice-i-madarice-krades-djevojku-od-16-godina-da-li-te-je-sramota\/#primaryimage"},"thumbnailUrl":"https:\/\/radioljubuski.ba\/wp-content\/uploads\/2022\/04\/petra.jpg","articleSection":["\u0160port"],"inLanguage":"hr"},{"@type":"WebPage","@id":"https:\/\/radioljubuski.ba\/index.php\/2022\/04\/08\/drama-na-mecu-hrvatice-i-madarice-krades-djevojku-od-16-godina-da-li-te-je-sramota\/","url":"https:\/\/radioljubuski.ba\/index.php\/2022\/04\/08\/drama-na-mecu-hrvatice-i-madarice-krades-djevojku-od-16-godina-da-li-te-je-sramota\/","name":"Drama na me\u010du Hrvatice i Ma\u0111arice: \"Krade\u0161 djevojku od 16 godina, da li te je sramota?\" - RADIO LJUBU\u0160KI","isPartOf":{"@id":"https:\/\/radioljubuski.ba\/#website"},"primaryImageOfPage":{"@id":"https:\/\/radioljubuski.ba\/index.php\/2022\/04\/08\/drama-na-mecu-hrvatice-i-madarice-krades-djevojku-od-16-godina-da-li-te-je-sramota\/#primaryimage"},"image":{"@id":"https:\/\/radioljubuski.ba\/index.php\/2022\/04\/08\/drama-na-mecu-hrvatice-i-madarice-krades-djevojku-od-16-godina-da-li-te-je-sramota\/#primaryimage"},"thumbnailUrl":"https:\/\/radioljubuski.ba\/wp-content\/uploads\/2022\/04\/petra.jpg","datePublished":"2022-04-08T07:42:00+00:00","dateModified":"2022-04-08T07:42:01+00:00","breadcrumb":{"@id":"https:\/\/radioljubuski.ba\/index.php\/2022\/04\/08\/drama-na-mecu-hrvatice-i-madarice-krades-djevojku-od-16-godina-da-li-te-je-sramota\/#breadcrumb"},"inLanguage":"hr","potentialAction":[{"@type":"ReadAction","target":["https:\/\/radioljubuski.ba\/index.php\/2022\/04\/08\/drama-na-mecu-hrvatice-i-madarice-krades-djevojku-od-16-godina-da-li-te-je-sramota\/"]}]},{"@type":"ImageObject","inLanguage":"hr","@id":"https:\/\/radioljubuski.ba\/index.php\/2022\/04\/08\/drama-na-mecu-hrvatice-i-madarice-krades-djevojku-od-16-godina-da-li-te-je-sramota\/#primaryimage","url":"https:\/\/radioljubuski.ba\/wp-content\/uploads\/2022\/04\/petra.jpg","contentUrl":"https:\/\/radioljubuski.ba\/wp-content\/uploads\/2022\/04\/petra.jpg","width":275,"height":183},{"@type":"BreadcrumbList","@id":"https:\/\/radioljubuski.ba\/index.php\/2022\/04\/08\/drama-na-mecu-hrvatice-i-madarice-krades-djevojku-od-16-godina-da-li-te-je-sramota\/#breadcrumb","itemListElement":[{"@type":"ListItem","position":1,"name":"Po\u010detna stranica","item":"https:\/\/radioljubuski.ba\/"},{"@type":"ListItem","position":2,"name":"Drama na me\u010du Hrvatice i Ma\u0111arice: &#8220;Krade\u0161 djevojku od 16 godina, da li te je sramota?&#8221;"}]},{"@type":"WebSite","@id":"https:\/\/radioljubuski.ba\/#website","url":"https:\/\/radioljubuski.ba\/","name":"Radio Ljubu\u0161ki","description":"Sun\u010dana frekvencija Hercegovine","publisher":{"@id":"https:\/\/radioljubuski.ba\/#organization"},"potentialAction":[{"@type":"SearchAction","target":{"@type":"EntryPoint","urlTemplate":"https:\/\/radioljubuski.ba\/?s={search_term_string}"},"query-input":{"@type":"PropertyValueSpecification","valueRequired":true,"valueName":"search_term_string"}}],"inLanguage":"hr"},{"@type":"Organization","@id":"https:\/\/radioljubuski.ba\/#organization","name":"Radio Ljubu\u0161ki","url":"https:\/\/radioljubuski.ba\/","logo":{"@type":"ImageObject","inLanguage":"hr","@id":"https:\/\/radioljubuski.ba\/#\/schema\/logo\/image\/","url":"https:\/\/radioljubuski.ba\/wp-content\/uploads\/2021\/02\/cropped-Radio_Ljubuski_logo1.jpg","contentUrl":"https:\/\/radioljubuski.ba\/wp-content\/uploads\/2021\/02\/cropped-Radio_Ljubuski_logo1.jpg","width":512,"height":512,"caption":"Radio Ljubu\u0161ki"},"image":{"@id":"https:\/\/radioljubuski.ba\/#\/schema\/logo\/image\/"},"sameAs":["https:\/\/www.facebook.com\/Radiio-Ljubuski-1490835324566332","https:\/\/x.com\/radioljubuski","https:\/\/hr.linkedin.com\/company\/radio-ljubuski","https:\/\/www.youtube.com\/channel\/UCHYaeO_n0Db3tjNGudGpXyw"]},{"@type":"Person","@id":"https:\/\/radioljubuski.ba\/#\/schema\/person\/19fc700381a780f69665d7956c469e3b","name":"Radio Ljubu\u0161ki"}]}},"_links":{"self":[{"href":"https:\/\/radioljubuski.ba\/index.php\/wp-json\/wp\/v2\/posts\/130321","targetHints":{"allow":["GET"]}}],"collection":[{"href":"https:\/\/radioljubuski.ba\/index.php\/wp-json\/wp\/v2\/posts"}],"about":[{"href":"https:\/\/radioljubuski.ba\/index.php\/wp-json\/wp\/v2\/types\/post"}],"author":[{"embeddable":true,"href":"https:\/\/radioljubuski.ba\/index.php\/wp-json\/wp\/v2\/users\/2"}],"replies":[{"embeddable":true,"href":"https:\/\/radioljubuski.ba\/index.php\/wp-json\/wp\/v2\/comments?post=130321"}],"version-history":[{"count":1,"href":"https:\/\/radioljubuski.ba\/index.php\/wp-json\/wp\/v2\/posts\/130321\/revisions"}],"predecessor-version":[{"id":130323,"href":"https:\/\/radioljubuski.ba\/index.php\/wp-json\/wp\/v2\/posts\/130321\/revisions\/130323"}],"wp:featuredmedia":[{"embeddable":true,"href":"https:\/\/radioljubuski.ba\/index.php\/wp-json\/wp\/v2\/media\/130322"}],"wp:attachment":[{"href":"https:\/\/radioljubuski.ba\/index.php\/wp-json\/wp\/v2\/media?parent=130321"}],"wp:term":[{"taxonomy":"category","embeddable":true,"href":"https:\/\/radioljubuski.ba\/index.php\/wp-json\/wp\/v2\/categories?post=130321"},{"taxonomy":"post_tag","embeddable":true,"href":"https:\/\/radioljubuski.ba\/index.php\/wp-json\/wp\/v2\/tags?post=130321"}],"curies":[{"name":"wp","href":"https:\/\/api.w.org\/{rel}","templated":true}]}}