{"id":130328,"date":"2022-04-08T09:31:09","date_gmt":"2022-04-08T08:31:09","guid":{"rendered":"https:\/\/radioljubuski.ba\/?p=130328"},"modified":"2022-04-08T09:31:10","modified_gmt":"2022-04-08T08:31:10","slug":"dybala-na-meti-engleskih-premierligasa-zainteresiran-i-milan","status":"publish","type":"post","link":"https:\/\/radioljubuski.ba\/index.php\/2022\/04\/08\/dybala-na-meti-engleskih-premierligasa-zainteresiran-i-milan\/","title":{"rendered":"Dybala na meti engleskih premierliga\u0161a, zainteresiran i Milan"},"content":{"rendered":"\n<p>Engleski nogometni premierliga\u0161i Arsenal i Newcastle United pokazali su interes za argentinskog napada\u010da <strong>Paula Dybalu <\/strong>koji na kraju ove sezone mo\u017ee bez od\u0161tete napustiti Juventus.<\/p>\n\n\n\n<p>Prema pisanju talijanskih medija Arsenal i Newcastle United navodno su uspostavili kontakt s napada\u010dem, ali jo\u0161 nisu dali slu\u017ebenu ponudu.<br><br>Navodi se kako je za Dybaline usluge zainteresiran i Milan koji \u0107e na ljeto tra\u017eiti novog napada\u010da. Me\u0111utim, Corriere dello Sport pi\u0161e kako bi 28-godi\u0161njak radije napustio Italiju.\u00a0<\/p>\n\n\n\n<blockquote class=\"twitter-tweet\"><p lang=\"en\" dir=\"ltr\">According to Il Corriere dello Sport, Arsenal and Newcastle have made preliminary contact with Paulo Dybala, who is also considering a potential move to Milan. <a href=\"https:\/\/t.co\/XdJYt70MJh\">https:\/\/t.co\/XdJYt70MJh<\/a> <a href=\"https:\/\/twitter.com\/hashtag\/Juve?src=hash&amp;ref_src=twsrc%5Etfw\">#Juve<\/a> <a href=\"https:\/\/twitter.com\/hashtag\/Juventus?src=hash&amp;ref_src=twsrc%5Etfw\">#Juventus<\/a> <a href=\"https:\/\/twitter.com\/hashtag\/Dybala?src=hash&amp;ref_src=twsrc%5Etfw\">#Dybala<\/a> <a href=\"https:\/\/twitter.com\/hashtag\/AFC?src=hash&amp;ref_src=twsrc%5Etfw\">#AFC<\/a> <a href=\"https:\/\/twitter.com\/hashtag\/NUFC?src=hash&amp;ref_src=twsrc%5Etfw\">#NUFC<\/a> <a href=\"https:\/\/twitter.com\/hashtag\/Calcio?src=hash&amp;ref_src=twsrc%5Etfw\">#Calcio<\/a> <a href=\"https:\/\/twitter.com\/hashtag\/SerieA?src=hash&amp;ref_src=twsrc%5Etfw\">#SerieA<\/a> <a href=\"https:\/\/twitter.com\/hashtag\/Transfers?src=hash&amp;ref_src=twsrc%5Etfw\">#Transfers<\/a> <a href=\"https:\/\/twitter.com\/hashtag\/ACMilan?src=hash&amp;ref_src=twsrc%5Etfw\">#ACMilan<\/a> <a href=\"https:\/\/twitter.com\/hashtag\/Milan?src=hash&amp;ref_src=twsrc%5Etfw\">#Milan<\/a><\/p>&mdash; footballitalia (@footballitalia) <a href=\"https:\/\/twitter.com\/footballitalia\/status\/1512006047443173379?ref_src=twsrc%5Etfw\">April 7, 2022<\/a><\/blockquote> <script async src=\"https:\/\/platform.twitter.com\/widgets.js\" charset=\"utf-8\"><\/script> \n\n\n\n<p>Dybala je Juventus stigao u lipnju 2015. iz Palerma, a igrao je i za argentinski Instituto. U dresu argentinske vrste upisao je 32 nastupa i postigao dva gola.<\/p>\n\n\n\n<p>Izvor:hrt.hr<\/p>\n","protected":false},"excerpt":{"rendered":"<p>Engleski nogometni premierliga\u0161i Arsenal i Newcastle United pokazali su interes za argentinskog napada\u010da Paula Dybalu koji na kraju ove sezone mo\u017ee bez od\u0161tete napustiti Juventus. Prema pisanju talijanskih medija Arsenal i Newcastle United navodno su uspostavili kontakt s napada\u010dem, ali jo\u0161 nisu dali slu\u017ebenu ponudu. Navodi se kako je za Dybaline usluge zainteresiran i Milan [&hellip;]<\/p>\n","protected":false},"author":2,"featured_media":130329,"comment_status":"closed","ping_status":"closed","sticky":false,"template":"","format":"standard","meta":{"h5ap_radio_sources":[],"footnotes":""},"categories":[7],"tags":[],"class_list":["post-130328","post","type-post","status-publish","format-standard","has-post-thumbnail","hentry","category-sport"],"yoast_head":"<!-- This site is optimized with the Yoast SEO plugin v27.5 - https:\/\/yoast.com\/product\/yoast-seo-wordpress\/ -->\n<title>Dybala na meti engleskih premierliga\u0161a, zainteresiran i Milan - RADIO LJUBU\u0160KI<\/title>\n<meta name=\"robots\" content=\"index, follow, max-snippet:-1, max-image-preview:large, max-video-preview:-1\" \/>\n<link rel=\"canonical\" href=\"https:\/\/radioljubuski.ba\/index.php\/2022\/04\/08\/dybala-na-meti-engleskih-premierligasa-zainteresiran-i-milan\/\" \/>\n<meta property=\"og:locale\" content=\"hr_HR\" \/>\n<meta property=\"og:type\" content=\"article\" \/>\n<meta property=\"og:title\" content=\"Dybala na meti engleskih premierliga\u0161a, zainteresiran i Milan - RADIO LJUBU\u0160KI\" \/>\n<meta property=\"og:description\" content=\"Engleski nogometni premierliga\u0161i Arsenal i Newcastle United pokazali su interes za argentinskog napada\u010da Paula Dybalu koji na kraju ove sezone mo\u017ee bez od\u0161tete napustiti Juventus. Prema pisanju talijanskih medija Arsenal i Newcastle United navodno su uspostavili kontakt s napada\u010dem, ali jo\u0161 nisu dali slu\u017ebenu ponudu. Navodi se kako je za Dybaline usluge zainteresiran i Milan [&hellip;]\" \/>\n<meta property=\"og:url\" content=\"https:\/\/radioljubuski.ba\/index.php\/2022\/04\/08\/dybala-na-meti-engleskih-premierligasa-zainteresiran-i-milan\/\" \/>\n<meta property=\"og:site_name\" content=\"RADIO LJUBU\u0160KI\" \/>\n<meta property=\"article:publisher\" content=\"https:\/\/www.facebook.com\/Radiio-Ljubuski-1490835324566332\" \/>\n<meta property=\"article:published_time\" content=\"2022-04-08T08:31:09+00:00\" \/>\n<meta property=\"article:modified_time\" content=\"2022-04-08T08:31:10+00:00\" \/>\n<meta property=\"og:image\" content=\"https:\/\/radioljubuski.ba\/wp-content\/uploads\/2022\/04\/dybala-paulo-20220407200753.jpg\" \/>\n\t<meta property=\"og:image:width\" content=\"1806\" \/>\n\t<meta property=\"og:image:height\" content=\"1253\" \/>\n\t<meta property=\"og:image:type\" content=\"image\/jpeg\" \/>\n<meta name=\"author\" content=\"Radio Ljubu\u0161ki\" \/>\n<meta name=\"twitter:card\" content=\"summary_large_image\" \/>\n<meta name=\"twitter:creator\" content=\"@radioljubuski\" \/>\n<meta name=\"twitter:site\" content=\"@radioljubuski\" \/>\n<meta name=\"twitter:label1\" content=\"Napisao\/la\" \/>\n\t<meta name=\"twitter:data1\" content=\"Radio Ljubu\u0161ki\" \/>\n\t<meta name=\"twitter:label2\" content=\"Procijenjeno vrijeme \u010ditanja\" \/>\n\t<meta name=\"twitter:data2\" content=\"1 minuta\" \/>\n<script type=\"application\/ld+json\" class=\"yoast-schema-graph\">{\"@context\":\"https:\\\/\\\/schema.org\",\"@graph\":[{\"@type\":\"Article\",\"@id\":\"https:\\\/\\\/radioljubuski.ba\\\/index.php\\\/2022\\\/04\\\/08\\\/dybala-na-meti-engleskih-premierligasa-zainteresiran-i-milan\\\/#article\",\"isPartOf\":{\"@id\":\"https:\\\/\\\/radioljubuski.ba\\\/index.php\\\/2022\\\/04\\\/08\\\/dybala-na-meti-engleskih-premierligasa-zainteresiran-i-milan\\\/\"},\"author\":{\"name\":\"Radio Ljubu\u0161ki\",\"@id\":\"https:\\\/\\\/radioljubuski.ba\\\/#\\\/schema\\\/person\\\/19fc700381a780f69665d7956c469e3b\"},\"headline\":\"Dybala na meti engleskih premierliga\u0161a, zainteresiran i Milan\",\"datePublished\":\"2022-04-08T08:31:09+00:00\",\"dateModified\":\"2022-04-08T08:31:10+00:00\",\"mainEntityOfPage\":{\"@id\":\"https:\\\/\\\/radioljubuski.ba\\\/index.php\\\/2022\\\/04\\\/08\\\/dybala-na-meti-engleskih-premierligasa-zainteresiran-i-milan\\\/\"},\"wordCount\":166,\"publisher\":{\"@id\":\"https:\\\/\\\/radioljubuski.ba\\\/#organization\"},\"image\":{\"@id\":\"https:\\\/\\\/radioljubuski.ba\\\/index.php\\\/2022\\\/04\\\/08\\\/dybala-na-meti-engleskih-premierligasa-zainteresiran-i-milan\\\/#primaryimage\"},\"thumbnailUrl\":\"https:\\\/\\\/radioljubuski.ba\\\/wp-content\\\/uploads\\\/2022\\\/04\\\/dybala-paulo-20220407200753.jpg\",\"articleSection\":[\"\u0160port\"],\"inLanguage\":\"hr\"},{\"@type\":\"WebPage\",\"@id\":\"https:\\\/\\\/radioljubuski.ba\\\/index.php\\\/2022\\\/04\\\/08\\\/dybala-na-meti-engleskih-premierligasa-zainteresiran-i-milan\\\/\",\"url\":\"https:\\\/\\\/radioljubuski.ba\\\/index.php\\\/2022\\\/04\\\/08\\\/dybala-na-meti-engleskih-premierligasa-zainteresiran-i-milan\\\/\",\"name\":\"Dybala na meti engleskih premierliga\u0161a, zainteresiran i Milan - RADIO LJUBU\u0160KI\",\"isPartOf\":{\"@id\":\"https:\\\/\\\/radioljubuski.ba\\\/#website\"},\"primaryImageOfPage\":{\"@id\":\"https:\\\/\\\/radioljubuski.ba\\\/index.php\\\/2022\\\/04\\\/08\\\/dybala-na-meti-engleskih-premierligasa-zainteresiran-i-milan\\\/#primaryimage\"},\"image\":{\"@id\":\"https:\\\/\\\/radioljubuski.ba\\\/index.php\\\/2022\\\/04\\\/08\\\/dybala-na-meti-engleskih-premierligasa-zainteresiran-i-milan\\\/#primaryimage\"},\"thumbnailUrl\":\"https:\\\/\\\/radioljubuski.ba\\\/wp-content\\\/uploads\\\/2022\\\/04\\\/dybala-paulo-20220407200753.jpg\",\"datePublished\":\"2022-04-08T08:31:09+00:00\",\"dateModified\":\"2022-04-08T08:31:10+00:00\",\"breadcrumb\":{\"@id\":\"https:\\\/\\\/radioljubuski.ba\\\/index.php\\\/2022\\\/04\\\/08\\\/dybala-na-meti-engleskih-premierligasa-zainteresiran-i-milan\\\/#breadcrumb\"},\"inLanguage\":\"hr\",\"potentialAction\":[{\"@type\":\"ReadAction\",\"target\":[\"https:\\\/\\\/radioljubuski.ba\\\/index.php\\\/2022\\\/04\\\/08\\\/dybala-na-meti-engleskih-premierligasa-zainteresiran-i-milan\\\/\"]}]},{\"@type\":\"ImageObject\",\"inLanguage\":\"hr\",\"@id\":\"https:\\\/\\\/radioljubuski.ba\\\/index.php\\\/2022\\\/04\\\/08\\\/dybala-na-meti-engleskih-premierligasa-zainteresiran-i-milan\\\/#primaryimage\",\"url\":\"https:\\\/\\\/radioljubuski.ba\\\/wp-content\\\/uploads\\\/2022\\\/04\\\/dybala-paulo-20220407200753.jpg\",\"contentUrl\":\"https:\\\/\\\/radioljubuski.ba\\\/wp-content\\\/uploads\\\/2022\\\/04\\\/dybala-paulo-20220407200753.jpg\",\"width\":1806,\"height\":1253},{\"@type\":\"BreadcrumbList\",\"@id\":\"https:\\\/\\\/radioljubuski.ba\\\/index.php\\\/2022\\\/04\\\/08\\\/dybala-na-meti-engleskih-premierligasa-zainteresiran-i-milan\\\/#breadcrumb\",\"itemListElement\":[{\"@type\":\"ListItem\",\"position\":1,\"name\":\"Po\u010detna stranica\",\"item\":\"https:\\\/\\\/radioljubuski.ba\\\/\"},{\"@type\":\"ListItem\",\"position\":2,\"name\":\"Dybala na meti engleskih premierliga\u0161a, zainteresiran i Milan\"}]},{\"@type\":\"WebSite\",\"@id\":\"https:\\\/\\\/radioljubuski.ba\\\/#website\",\"url\":\"https:\\\/\\\/radioljubuski.ba\\\/\",\"name\":\"Radio Ljubu\u0161ki\",\"description\":\"Sun\u010dana frekvencija Hercegovine\",\"publisher\":{\"@id\":\"https:\\\/\\\/radioljubuski.ba\\\/#organization\"},\"potentialAction\":[{\"@type\":\"SearchAction\",\"target\":{\"@type\":\"EntryPoint\",\"urlTemplate\":\"https:\\\/\\\/radioljubuski.ba\\\/?s={search_term_string}\"},\"query-input\":{\"@type\":\"PropertyValueSpecification\",\"valueRequired\":true,\"valueName\":\"search_term_string\"}}],\"inLanguage\":\"hr\"},{\"@type\":\"Organization\",\"@id\":\"https:\\\/\\\/radioljubuski.ba\\\/#organization\",\"name\":\"Radio Ljubu\u0161ki\",\"url\":\"https:\\\/\\\/radioljubuski.ba\\\/\",\"logo\":{\"@type\":\"ImageObject\",\"inLanguage\":\"hr\",\"@id\":\"https:\\\/\\\/radioljubuski.ba\\\/#\\\/schema\\\/logo\\\/image\\\/\",\"url\":\"https:\\\/\\\/radioljubuski.ba\\\/wp-content\\\/uploads\\\/2021\\\/02\\\/cropped-Radio_Ljubuski_logo1.jpg\",\"contentUrl\":\"https:\\\/\\\/radioljubuski.ba\\\/wp-content\\\/uploads\\\/2021\\\/02\\\/cropped-Radio_Ljubuski_logo1.jpg\",\"width\":512,\"height\":512,\"caption\":\"Radio Ljubu\u0161ki\"},\"image\":{\"@id\":\"https:\\\/\\\/radioljubuski.ba\\\/#\\\/schema\\\/logo\\\/image\\\/\"},\"sameAs\":[\"https:\\\/\\\/www.facebook.com\\\/Radiio-Ljubuski-1490835324566332\",\"https:\\\/\\\/x.com\\\/radioljubuski\",\"https:\\\/\\\/hr.linkedin.com\\\/company\\\/radio-ljubuski\",\"https:\\\/\\\/www.youtube.com\\\/channel\\\/UCHYaeO_n0Db3tjNGudGpXyw\"]},{\"@type\":\"Person\",\"@id\":\"https:\\\/\\\/radioljubuski.ba\\\/#\\\/schema\\\/person\\\/19fc700381a780f69665d7956c469e3b\",\"name\":\"Radio Ljubu\u0161ki\"}]}<\/script>\n<!-- \/ Yoast SEO plugin. -->","yoast_head_json":{"title":"Dybala na meti engleskih premierliga\u0161a, zainteresiran i Milan - RADIO LJUBU\u0160KI","robots":{"index":"index","follow":"follow","max-snippet":"max-snippet:-1","max-image-preview":"max-image-preview:large","max-video-preview":"max-video-preview:-1"},"canonical":"https:\/\/radioljubuski.ba\/index.php\/2022\/04\/08\/dybala-na-meti-engleskih-premierligasa-zainteresiran-i-milan\/","og_locale":"hr_HR","og_type":"article","og_title":"Dybala na meti engleskih premierliga\u0161a, zainteresiran i Milan - RADIO LJUBU\u0160KI","og_description":"Engleski nogometni premierliga\u0161i Arsenal i Newcastle United pokazali su interes za argentinskog napada\u010da Paula Dybalu koji na kraju ove sezone mo\u017ee bez od\u0161tete napustiti Juventus. Prema pisanju talijanskih medija Arsenal i Newcastle United navodno su uspostavili kontakt s napada\u010dem, ali jo\u0161 nisu dali slu\u017ebenu ponudu. Navodi se kako je za Dybaline usluge zainteresiran i Milan [&hellip;]","og_url":"https:\/\/radioljubuski.ba\/index.php\/2022\/04\/08\/dybala-na-meti-engleskih-premierligasa-zainteresiran-i-milan\/","og_site_name":"RADIO LJUBU\u0160KI","article_publisher":"https:\/\/www.facebook.com\/Radiio-Ljubuski-1490835324566332","article_published_time":"2022-04-08T08:31:09+00:00","article_modified_time":"2022-04-08T08:31:10+00:00","og_image":[{"width":1806,"height":1253,"url":"https:\/\/radioljubuski.ba\/wp-content\/uploads\/2022\/04\/dybala-paulo-20220407200753.jpg","type":"image\/jpeg"}],"author":"Radio Ljubu\u0161ki","twitter_card":"summary_large_image","twitter_creator":"@radioljubuski","twitter_site":"@radioljubuski","twitter_misc":{"Napisao\/la":"Radio Ljubu\u0161ki","Procijenjeno vrijeme \u010ditanja":"1 minuta"},"schema":{"@context":"https:\/\/schema.org","@graph":[{"@type":"Article","@id":"https:\/\/radioljubuski.ba\/index.php\/2022\/04\/08\/dybala-na-meti-engleskih-premierligasa-zainteresiran-i-milan\/#article","isPartOf":{"@id":"https:\/\/radioljubuski.ba\/index.php\/2022\/04\/08\/dybala-na-meti-engleskih-premierligasa-zainteresiran-i-milan\/"},"author":{"name":"Radio Ljubu\u0161ki","@id":"https:\/\/radioljubuski.ba\/#\/schema\/person\/19fc700381a780f69665d7956c469e3b"},"headline":"Dybala na meti engleskih premierliga\u0161a, zainteresiran i Milan","datePublished":"2022-04-08T08:31:09+00:00","dateModified":"2022-04-08T08:31:10+00:00","mainEntityOfPage":{"@id":"https:\/\/radioljubuski.ba\/index.php\/2022\/04\/08\/dybala-na-meti-engleskih-premierligasa-zainteresiran-i-milan\/"},"wordCount":166,"publisher":{"@id":"https:\/\/radioljubuski.ba\/#organization"},"image":{"@id":"https:\/\/radioljubuski.ba\/index.php\/2022\/04\/08\/dybala-na-meti-engleskih-premierligasa-zainteresiran-i-milan\/#primaryimage"},"thumbnailUrl":"https:\/\/radioljubuski.ba\/wp-content\/uploads\/2022\/04\/dybala-paulo-20220407200753.jpg","articleSection":["\u0160port"],"inLanguage":"hr"},{"@type":"WebPage","@id":"https:\/\/radioljubuski.ba\/index.php\/2022\/04\/08\/dybala-na-meti-engleskih-premierligasa-zainteresiran-i-milan\/","url":"https:\/\/radioljubuski.ba\/index.php\/2022\/04\/08\/dybala-na-meti-engleskih-premierligasa-zainteresiran-i-milan\/","name":"Dybala na meti engleskih premierliga\u0161a, zainteresiran i Milan - RADIO LJUBU\u0160KI","isPartOf":{"@id":"https:\/\/radioljubuski.ba\/#website"},"primaryImageOfPage":{"@id":"https:\/\/radioljubuski.ba\/index.php\/2022\/04\/08\/dybala-na-meti-engleskih-premierligasa-zainteresiran-i-milan\/#primaryimage"},"image":{"@id":"https:\/\/radioljubuski.ba\/index.php\/2022\/04\/08\/dybala-na-meti-engleskih-premierligasa-zainteresiran-i-milan\/#primaryimage"},"thumbnailUrl":"https:\/\/radioljubuski.ba\/wp-content\/uploads\/2022\/04\/dybala-paulo-20220407200753.jpg","datePublished":"2022-04-08T08:31:09+00:00","dateModified":"2022-04-08T08:31:10+00:00","breadcrumb":{"@id":"https:\/\/radioljubuski.ba\/index.php\/2022\/04\/08\/dybala-na-meti-engleskih-premierligasa-zainteresiran-i-milan\/#breadcrumb"},"inLanguage":"hr","potentialAction":[{"@type":"ReadAction","target":["https:\/\/radioljubuski.ba\/index.php\/2022\/04\/08\/dybala-na-meti-engleskih-premierligasa-zainteresiran-i-milan\/"]}]},{"@type":"ImageObject","inLanguage":"hr","@id":"https:\/\/radioljubuski.ba\/index.php\/2022\/04\/08\/dybala-na-meti-engleskih-premierligasa-zainteresiran-i-milan\/#primaryimage","url":"https:\/\/radioljubuski.ba\/wp-content\/uploads\/2022\/04\/dybala-paulo-20220407200753.jpg","contentUrl":"https:\/\/radioljubuski.ba\/wp-content\/uploads\/2022\/04\/dybala-paulo-20220407200753.jpg","width":1806,"height":1253},{"@type":"BreadcrumbList","@id":"https:\/\/radioljubuski.ba\/index.php\/2022\/04\/08\/dybala-na-meti-engleskih-premierligasa-zainteresiran-i-milan\/#breadcrumb","itemListElement":[{"@type":"ListItem","position":1,"name":"Po\u010detna stranica","item":"https:\/\/radioljubuski.ba\/"},{"@type":"ListItem","position":2,"name":"Dybala na meti engleskih premierliga\u0161a, zainteresiran i Milan"}]},{"@type":"WebSite","@id":"https:\/\/radioljubuski.ba\/#website","url":"https:\/\/radioljubuski.ba\/","name":"Radio Ljubu\u0161ki","description":"Sun\u010dana frekvencija Hercegovine","publisher":{"@id":"https:\/\/radioljubuski.ba\/#organization"},"potentialAction":[{"@type":"SearchAction","target":{"@type":"EntryPoint","urlTemplate":"https:\/\/radioljubuski.ba\/?s={search_term_string}"},"query-input":{"@type":"PropertyValueSpecification","valueRequired":true,"valueName":"search_term_string"}}],"inLanguage":"hr"},{"@type":"Organization","@id":"https:\/\/radioljubuski.ba\/#organization","name":"Radio Ljubu\u0161ki","url":"https:\/\/radioljubuski.ba\/","logo":{"@type":"ImageObject","inLanguage":"hr","@id":"https:\/\/radioljubuski.ba\/#\/schema\/logo\/image\/","url":"https:\/\/radioljubuski.ba\/wp-content\/uploads\/2021\/02\/cropped-Radio_Ljubuski_logo1.jpg","contentUrl":"https:\/\/radioljubuski.ba\/wp-content\/uploads\/2021\/02\/cropped-Radio_Ljubuski_logo1.jpg","width":512,"height":512,"caption":"Radio Ljubu\u0161ki"},"image":{"@id":"https:\/\/radioljubuski.ba\/#\/schema\/logo\/image\/"},"sameAs":["https:\/\/www.facebook.com\/Radiio-Ljubuski-1490835324566332","https:\/\/x.com\/radioljubuski","https:\/\/hr.linkedin.com\/company\/radio-ljubuski","https:\/\/www.youtube.com\/channel\/UCHYaeO_n0Db3tjNGudGpXyw"]},{"@type":"Person","@id":"https:\/\/radioljubuski.ba\/#\/schema\/person\/19fc700381a780f69665d7956c469e3b","name":"Radio Ljubu\u0161ki"}]}},"_links":{"self":[{"href":"https:\/\/radioljubuski.ba\/index.php\/wp-json\/wp\/v2\/posts\/130328","targetHints":{"allow":["GET"]}}],"collection":[{"href":"https:\/\/radioljubuski.ba\/index.php\/wp-json\/wp\/v2\/posts"}],"about":[{"href":"https:\/\/radioljubuski.ba\/index.php\/wp-json\/wp\/v2\/types\/post"}],"author":[{"embeddable":true,"href":"https:\/\/radioljubuski.ba\/index.php\/wp-json\/wp\/v2\/users\/2"}],"replies":[{"embeddable":true,"href":"https:\/\/radioljubuski.ba\/index.php\/wp-json\/wp\/v2\/comments?post=130328"}],"version-history":[{"count":1,"href":"https:\/\/radioljubuski.ba\/index.php\/wp-json\/wp\/v2\/posts\/130328\/revisions"}],"predecessor-version":[{"id":130330,"href":"https:\/\/radioljubuski.ba\/index.php\/wp-json\/wp\/v2\/posts\/130328\/revisions\/130330"}],"wp:featuredmedia":[{"embeddable":true,"href":"https:\/\/radioljubuski.ba\/index.php\/wp-json\/wp\/v2\/media\/130329"}],"wp:attachment":[{"href":"https:\/\/radioljubuski.ba\/index.php\/wp-json\/wp\/v2\/media?parent=130328"}],"wp:term":[{"taxonomy":"category","embeddable":true,"href":"https:\/\/radioljubuski.ba\/index.php\/wp-json\/wp\/v2\/categories?post=130328"},{"taxonomy":"post_tag","embeddable":true,"href":"https:\/\/radioljubuski.ba\/index.php\/wp-json\/wp\/v2\/tags?post=130328"}],"curies":[{"name":"wp","href":"https:\/\/api.w.org\/{rel}","templated":true}]}}