{"id":130378,"date":"2022-04-08T10:31:41","date_gmt":"2022-04-08T09:31:41","guid":{"rendered":"https:\/\/radioljubuski.ba\/?p=130378"},"modified":"2022-04-08T10:31:42","modified_gmt":"2022-04-08T09:31:42","slug":"koliko-zemlje-obradujemo-i-sto-od-hrane-proizvodimo-u-bih","status":"publish","type":"post","link":"https:\/\/radioljubuski.ba\/index.php\/2022\/04\/08\/koliko-zemlje-obradujemo-i-sto-od-hrane-proizvodimo-u-bih\/","title":{"rendered":"Koliko zemlje obra\u0111ujemo i \u0161to od hrane proizvodimo u BiH"},"content":{"rendered":"\n<p>Dok se diljem svijeta ekonomska kriza produbljuje i vlade dr\u017eava padaju zbog nemogu\u0107nosti da svojim gra\u0111anima omogu\u0107e pristup osnovnim \u017eivotnim namirnicama, provjerili smo koliko obradivog zemlji\u0161ta BiH posjeduje na kojem bi se mogla proizvoditi hrana.<\/p>\n\n\n\n<p>Obradive povr\u0161ine u Federaciji BiH prostiru se na 721.000 hektara dok je u Republici Srpskoj oko milijun hektara poljoprivrednog zemlji\u0161ta od \u010dega se 46 posto ne koristi za proizvodnju hrane.<\/p>\n\n\n\n<p>U registru poljoprivrednih gazdinstava u FBiH zaklju\u010dno sa krajem pro\u0161le godine upisano je 119.000 hektara obradivog zemlji\u0161ta..<\/p>\n\n\n\n<p>Iz Federalnog ministarsva poljoprivrede, vodoprivrede i \u0161umarstva navode kako je odredbama Zakona o poljoprivrednom zemlji\u0161tu predvi\u0111eno da ukoliko zemlji\u0161te du\u017ee od tri godine nije ekonomski u funkciji, op\u0107ine i gradovi bi trebali staviti te resurse u funkciju i donijeti mjere stimuliranja obrade<\/p>\n\n\n\n<p>Prema podacima Agencije za statistiku BiH, u 2021. godini u FBiH proizvedeno je 6,3 tona kukuruza po hektaru obradivog zemlji\u0161ta dok je u RS-u to iznosilo 7,1 tona po hektaru.<\/p>\n\n\n\n<p>Najvi\u0161e imamo prinosa \u0161ljiva, 48.000 tona u Federaciji BiH i 99.000 tona u Republici Srpskoj.<\/p>\n\n\n\n<p>Ukoliko bi se na nivou BiH provele aktivnosti sveobuhvatnog popisa poljoprivrede, dobili bi se precizniji podaci o poljoprivrednoj proizvodnji. Sto\u010dari u RS-u pro\u0161le godine uzgajali su 494.000 grla ovaca, 11 milijuna jedinki peradi.<\/p>\n\n\n\n<p>U FBiH prinos po hektaru zasade malina iznosio je 9,9 kg za jagode te 7,3kg po hektaru za maline.<\/p>\n\n\n\n<p>Na zelenim pijacama krajem pro\u0161le godine dominirala je prodaja povr\u0107a sa udjelom od 38,1 posto ukupne prodaje. Najtra\u017eeniji bili su krompir, kupus, paradajz, luk i paprike dok je od vo\u0107a najtra\u017eenija jabuka. Na kraju 2021. godine kupljeno je 1.605.734 komada jaja ukupne vrijednosti 430.917 KM.<\/p>\n\n\n\n<p>Na pitanje li je poljoprivredna proizvodnja u na\u0161oj zemlji dovoljna za podmirivanje potreba konzumenata i da li postoji neki standard proizvodnje po broju stanovnika u tom smislu, dobili smo odgovor da se nu\u017ena prehrana mo\u017ee osigurati za ljude, ali ne i za \u017eivotinje koje daju proizvode animalnog porijekla.<\/p>\n\n\n\n<p>&#8220;Ukoliko se isklju\u010divo radi o primarnoj prehrani stanovni\u0161tva, povr\u0161ine koje se koriste u FBiH mo\u017ee se re\u0107i da Federacija mo\u017ee osigurati nu\u017ena prehrana stanovni\u0161tva. Me\u0111utim, velike poljoprivredne povr\u0161ine se koriste za proizvodnju hrane za \u017eivotinje koja indirektno utje\u010de na proizvodnju mesa i mlijeka, ali na\u017ealost povr\u0161ine nisu dovoljne da osiguraju dovoljne koli\u010dine proizvoda biljnog i animalnog porijekla&#8221;, navode u odgovoru iz Federalnog ministarstva poljoprivrede.<\/p>\n\n\n\n<p>Poru\u010duju da svako tko ima mogu\u0107nost proizvodi hranu za svoje potrebe te da su u smislu te preporuke iz Federalnog ministarstva poljoprivrede, uputili prijedloge svim nivoima vlasti da smanje ili ukinu fiskalne ili parafiskalne namete te sufinansiraju zakup poljoprivrednog zemlji\u0161ta.<\/p>\n\n\n\n<p>U o\u017eujku ove godine, dr\u017eavni ministar vanjske trgovine i ekonomskih odnosa Sta\u0161a Ko\u0161arac pohvalio je napore ostalih nivoa vlasti da se omogu\u0107e dovoljne koli\u010dine hrane za potro\u0161a\u010de kao i za \u017eivotinje s obzirom na evidentne poreme\u0107aje na globalnom tr\u017ei\u0161tu, pi\u0161e Klix.<\/p>\n\n\n\n<p>Izvor:klix.ba<\/p>\n","protected":false},"excerpt":{"rendered":"<p>Dok se diljem svijeta ekonomska kriza produbljuje i vlade dr\u017eava padaju zbog nemogu\u0107nosti da svojim gra\u0111anima omogu\u0107e pristup osnovnim \u017eivotnim namirnicama, provjerili smo koliko obradivog zemlji\u0161ta BiH posjeduje na kojem bi se mogla proizvoditi hrana. Obradive povr\u0161ine u Federaciji BiH prostiru se na 721.000 hektara dok je u Republici Srpskoj oko milijun hektara poljoprivrednog zemlji\u0161ta [&hellip;]<\/p>\n","protected":false},"author":2,"featured_media":130379,"comment_status":"closed","ping_status":"closed","sticky":false,"template":"","format":"standard","meta":{"h5ap_radio_sources":[],"footnotes":""},"categories":[1],"tags":[],"class_list":["post-130378","post","type-post","status-publish","format-standard","has-post-thumbnail","hentry","category-bihiregija"],"yoast_head":"<!-- This site is optimized with the Yoast SEO plugin v27.5 - https:\/\/yoast.com\/product\/yoast-seo-wordpress\/ -->\n<title>Koliko zemlje obra\u0111ujemo i \u0161to od hrane proizvodimo u BiH - RADIO LJUBU\u0160KI<\/title>\n<meta name=\"robots\" content=\"index, follow, max-snippet:-1, max-image-preview:large, max-video-preview:-1\" \/>\n<link rel=\"canonical\" href=\"https:\/\/radioljubuski.ba\/index.php\/2022\/04\/08\/koliko-zemlje-obradujemo-i-sto-od-hrane-proizvodimo-u-bih\/\" \/>\n<meta property=\"og:locale\" content=\"hr_HR\" \/>\n<meta property=\"og:type\" content=\"article\" \/>\n<meta property=\"og:title\" content=\"Koliko zemlje obra\u0111ujemo i \u0161to od hrane proizvodimo u BiH - RADIO LJUBU\u0160KI\" \/>\n<meta property=\"og:description\" content=\"Dok se diljem svijeta ekonomska kriza produbljuje i vlade dr\u017eava padaju zbog nemogu\u0107nosti da svojim gra\u0111anima omogu\u0107e pristup osnovnim \u017eivotnim namirnicama, provjerili smo koliko obradivog zemlji\u0161ta BiH posjeduje na kojem bi se mogla proizvoditi hrana. Obradive povr\u0161ine u Federaciji BiH prostiru se na 721.000 hektara dok je u Republici Srpskoj oko milijun hektara poljoprivrednog zemlji\u0161ta [&hellip;]\" \/>\n<meta property=\"og:url\" content=\"https:\/\/radioljubuski.ba\/index.php\/2022\/04\/08\/koliko-zemlje-obradujemo-i-sto-od-hrane-proizvodimo-u-bih\/\" \/>\n<meta property=\"og:site_name\" content=\"RADIO LJUBU\u0160KI\" \/>\n<meta property=\"article:publisher\" content=\"https:\/\/www.facebook.com\/Radiio-Ljubuski-1490835324566332\" \/>\n<meta property=\"article:published_time\" content=\"2022-04-08T09:31:41+00:00\" \/>\n<meta property=\"article:modified_time\" content=\"2022-04-08T09:31:42+00:00\" \/>\n<meta property=\"og:image\" content=\"https:\/\/radioljubuski.ba\/wp-content\/uploads\/2022\/04\/krumpir_vadjenje.jpg\" \/>\n\t<meta property=\"og:image:width\" content=\"600\" \/>\n\t<meta property=\"og:image:height\" content=\"400\" \/>\n\t<meta property=\"og:image:type\" content=\"image\/jpeg\" \/>\n<meta name=\"author\" content=\"Radio Ljubu\u0161ki\" \/>\n<meta name=\"twitter:card\" content=\"summary_large_image\" \/>\n<meta name=\"twitter:creator\" content=\"@radioljubuski\" \/>\n<meta name=\"twitter:site\" content=\"@radioljubuski\" \/>\n<meta name=\"twitter:label1\" content=\"Napisao\/la\" \/>\n\t<meta name=\"twitter:data1\" content=\"Radio Ljubu\u0161ki\" \/>\n\t<meta name=\"twitter:label2\" content=\"Procijenjeno vrijeme \u010ditanja\" \/>\n\t<meta name=\"twitter:data2\" content=\"3 minute\" \/>\n<script type=\"application\/ld+json\" class=\"yoast-schema-graph\">{\"@context\":\"https:\\\/\\\/schema.org\",\"@graph\":[{\"@type\":\"Article\",\"@id\":\"https:\\\/\\\/radioljubuski.ba\\\/index.php\\\/2022\\\/04\\\/08\\\/koliko-zemlje-obradujemo-i-sto-od-hrane-proizvodimo-u-bih\\\/#article\",\"isPartOf\":{\"@id\":\"https:\\\/\\\/radioljubuski.ba\\\/index.php\\\/2022\\\/04\\\/08\\\/koliko-zemlje-obradujemo-i-sto-od-hrane-proizvodimo-u-bih\\\/\"},\"author\":{\"name\":\"Radio Ljubu\u0161ki\",\"@id\":\"https:\\\/\\\/radioljubuski.ba\\\/#\\\/schema\\\/person\\\/19fc700381a780f69665d7956c469e3b\"},\"headline\":\"Koliko zemlje obra\u0111ujemo i \u0161to od hrane proizvodimo u BiH\",\"datePublished\":\"2022-04-08T09:31:41+00:00\",\"dateModified\":\"2022-04-08T09:31:42+00:00\",\"mainEntityOfPage\":{\"@id\":\"https:\\\/\\\/radioljubuski.ba\\\/index.php\\\/2022\\\/04\\\/08\\\/koliko-zemlje-obradujemo-i-sto-od-hrane-proizvodimo-u-bih\\\/\"},\"wordCount\":514,\"publisher\":{\"@id\":\"https:\\\/\\\/radioljubuski.ba\\\/#organization\"},\"image\":{\"@id\":\"https:\\\/\\\/radioljubuski.ba\\\/index.php\\\/2022\\\/04\\\/08\\\/koliko-zemlje-obradujemo-i-sto-od-hrane-proizvodimo-u-bih\\\/#primaryimage\"},\"thumbnailUrl\":\"https:\\\/\\\/radioljubuski.ba\\\/wp-content\\\/uploads\\\/2022\\\/04\\\/krumpir_vadjenje.jpg\",\"articleSection\":[\"BIH i regija\"],\"inLanguage\":\"hr\"},{\"@type\":\"WebPage\",\"@id\":\"https:\\\/\\\/radioljubuski.ba\\\/index.php\\\/2022\\\/04\\\/08\\\/koliko-zemlje-obradujemo-i-sto-od-hrane-proizvodimo-u-bih\\\/\",\"url\":\"https:\\\/\\\/radioljubuski.ba\\\/index.php\\\/2022\\\/04\\\/08\\\/koliko-zemlje-obradujemo-i-sto-od-hrane-proizvodimo-u-bih\\\/\",\"name\":\"Koliko zemlje obra\u0111ujemo i \u0161to od hrane proizvodimo u BiH - RADIO LJUBU\u0160KI\",\"isPartOf\":{\"@id\":\"https:\\\/\\\/radioljubuski.ba\\\/#website\"},\"primaryImageOfPage\":{\"@id\":\"https:\\\/\\\/radioljubuski.ba\\\/index.php\\\/2022\\\/04\\\/08\\\/koliko-zemlje-obradujemo-i-sto-od-hrane-proizvodimo-u-bih\\\/#primaryimage\"},\"image\":{\"@id\":\"https:\\\/\\\/radioljubuski.ba\\\/index.php\\\/2022\\\/04\\\/08\\\/koliko-zemlje-obradujemo-i-sto-od-hrane-proizvodimo-u-bih\\\/#primaryimage\"},\"thumbnailUrl\":\"https:\\\/\\\/radioljubuski.ba\\\/wp-content\\\/uploads\\\/2022\\\/04\\\/krumpir_vadjenje.jpg\",\"datePublished\":\"2022-04-08T09:31:41+00:00\",\"dateModified\":\"2022-04-08T09:31:42+00:00\",\"breadcrumb\":{\"@id\":\"https:\\\/\\\/radioljubuski.ba\\\/index.php\\\/2022\\\/04\\\/08\\\/koliko-zemlje-obradujemo-i-sto-od-hrane-proizvodimo-u-bih\\\/#breadcrumb\"},\"inLanguage\":\"hr\",\"potentialAction\":[{\"@type\":\"ReadAction\",\"target\":[\"https:\\\/\\\/radioljubuski.ba\\\/index.php\\\/2022\\\/04\\\/08\\\/koliko-zemlje-obradujemo-i-sto-od-hrane-proizvodimo-u-bih\\\/\"]}]},{\"@type\":\"ImageObject\",\"inLanguage\":\"hr\",\"@id\":\"https:\\\/\\\/radioljubuski.ba\\\/index.php\\\/2022\\\/04\\\/08\\\/koliko-zemlje-obradujemo-i-sto-od-hrane-proizvodimo-u-bih\\\/#primaryimage\",\"url\":\"https:\\\/\\\/radioljubuski.ba\\\/wp-content\\\/uploads\\\/2022\\\/04\\\/krumpir_vadjenje.jpg\",\"contentUrl\":\"https:\\\/\\\/radioljubuski.ba\\\/wp-content\\\/uploads\\\/2022\\\/04\\\/krumpir_vadjenje.jpg\",\"width\":600,\"height\":400},{\"@type\":\"BreadcrumbList\",\"@id\":\"https:\\\/\\\/radioljubuski.ba\\\/index.php\\\/2022\\\/04\\\/08\\\/koliko-zemlje-obradujemo-i-sto-od-hrane-proizvodimo-u-bih\\\/#breadcrumb\",\"itemListElement\":[{\"@type\":\"ListItem\",\"position\":1,\"name\":\"Po\u010detna stranica\",\"item\":\"https:\\\/\\\/radioljubuski.ba\\\/\"},{\"@type\":\"ListItem\",\"position\":2,\"name\":\"Koliko zemlje obra\u0111ujemo i \u0161to od hrane proizvodimo u BiH\"}]},{\"@type\":\"WebSite\",\"@id\":\"https:\\\/\\\/radioljubuski.ba\\\/#website\",\"url\":\"https:\\\/\\\/radioljubuski.ba\\\/\",\"name\":\"Radio Ljubu\u0161ki\",\"description\":\"Sun\u010dana frekvencija Hercegovine\",\"publisher\":{\"@id\":\"https:\\\/\\\/radioljubuski.ba\\\/#organization\"},\"potentialAction\":[{\"@type\":\"SearchAction\",\"target\":{\"@type\":\"EntryPoint\",\"urlTemplate\":\"https:\\\/\\\/radioljubuski.ba\\\/?s={search_term_string}\"},\"query-input\":{\"@type\":\"PropertyValueSpecification\",\"valueRequired\":true,\"valueName\":\"search_term_string\"}}],\"inLanguage\":\"hr\"},{\"@type\":\"Organization\",\"@id\":\"https:\\\/\\\/radioljubuski.ba\\\/#organization\",\"name\":\"Radio Ljubu\u0161ki\",\"url\":\"https:\\\/\\\/radioljubuski.ba\\\/\",\"logo\":{\"@type\":\"ImageObject\",\"inLanguage\":\"hr\",\"@id\":\"https:\\\/\\\/radioljubuski.ba\\\/#\\\/schema\\\/logo\\\/image\\\/\",\"url\":\"https:\\\/\\\/radioljubuski.ba\\\/wp-content\\\/uploads\\\/2021\\\/02\\\/cropped-Radio_Ljubuski_logo1.jpg\",\"contentUrl\":\"https:\\\/\\\/radioljubuski.ba\\\/wp-content\\\/uploads\\\/2021\\\/02\\\/cropped-Radio_Ljubuski_logo1.jpg\",\"width\":512,\"height\":512,\"caption\":\"Radio Ljubu\u0161ki\"},\"image\":{\"@id\":\"https:\\\/\\\/radioljubuski.ba\\\/#\\\/schema\\\/logo\\\/image\\\/\"},\"sameAs\":[\"https:\\\/\\\/www.facebook.com\\\/Radiio-Ljubuski-1490835324566332\",\"https:\\\/\\\/x.com\\\/radioljubuski\",\"https:\\\/\\\/hr.linkedin.com\\\/company\\\/radio-ljubuski\",\"https:\\\/\\\/www.youtube.com\\\/channel\\\/UCHYaeO_n0Db3tjNGudGpXyw\"]},{\"@type\":\"Person\",\"@id\":\"https:\\\/\\\/radioljubuski.ba\\\/#\\\/schema\\\/person\\\/19fc700381a780f69665d7956c469e3b\",\"name\":\"Radio Ljubu\u0161ki\"}]}<\/script>\n<!-- \/ Yoast SEO plugin. -->","yoast_head_json":{"title":"Koliko zemlje obra\u0111ujemo i \u0161to od hrane proizvodimo u BiH - RADIO LJUBU\u0160KI","robots":{"index":"index","follow":"follow","max-snippet":"max-snippet:-1","max-image-preview":"max-image-preview:large","max-video-preview":"max-video-preview:-1"},"canonical":"https:\/\/radioljubuski.ba\/index.php\/2022\/04\/08\/koliko-zemlje-obradujemo-i-sto-od-hrane-proizvodimo-u-bih\/","og_locale":"hr_HR","og_type":"article","og_title":"Koliko zemlje obra\u0111ujemo i \u0161to od hrane proizvodimo u BiH - RADIO LJUBU\u0160KI","og_description":"Dok se diljem svijeta ekonomska kriza produbljuje i vlade dr\u017eava padaju zbog nemogu\u0107nosti da svojim gra\u0111anima omogu\u0107e pristup osnovnim \u017eivotnim namirnicama, provjerili smo koliko obradivog zemlji\u0161ta BiH posjeduje na kojem bi se mogla proizvoditi hrana. Obradive povr\u0161ine u Federaciji BiH prostiru se na 721.000 hektara dok je u Republici Srpskoj oko milijun hektara poljoprivrednog zemlji\u0161ta [&hellip;]","og_url":"https:\/\/radioljubuski.ba\/index.php\/2022\/04\/08\/koliko-zemlje-obradujemo-i-sto-od-hrane-proizvodimo-u-bih\/","og_site_name":"RADIO LJUBU\u0160KI","article_publisher":"https:\/\/www.facebook.com\/Radiio-Ljubuski-1490835324566332","article_published_time":"2022-04-08T09:31:41+00:00","article_modified_time":"2022-04-08T09:31:42+00:00","og_image":[{"width":600,"height":400,"url":"https:\/\/radioljubuski.ba\/wp-content\/uploads\/2022\/04\/krumpir_vadjenje.jpg","type":"image\/jpeg"}],"author":"Radio Ljubu\u0161ki","twitter_card":"summary_large_image","twitter_creator":"@radioljubuski","twitter_site":"@radioljubuski","twitter_misc":{"Napisao\/la":"Radio Ljubu\u0161ki","Procijenjeno vrijeme \u010ditanja":"3 minute"},"schema":{"@context":"https:\/\/schema.org","@graph":[{"@type":"Article","@id":"https:\/\/radioljubuski.ba\/index.php\/2022\/04\/08\/koliko-zemlje-obradujemo-i-sto-od-hrane-proizvodimo-u-bih\/#article","isPartOf":{"@id":"https:\/\/radioljubuski.ba\/index.php\/2022\/04\/08\/koliko-zemlje-obradujemo-i-sto-od-hrane-proizvodimo-u-bih\/"},"author":{"name":"Radio Ljubu\u0161ki","@id":"https:\/\/radioljubuski.ba\/#\/schema\/person\/19fc700381a780f69665d7956c469e3b"},"headline":"Koliko zemlje obra\u0111ujemo i \u0161to od hrane proizvodimo u BiH","datePublished":"2022-04-08T09:31:41+00:00","dateModified":"2022-04-08T09:31:42+00:00","mainEntityOfPage":{"@id":"https:\/\/radioljubuski.ba\/index.php\/2022\/04\/08\/koliko-zemlje-obradujemo-i-sto-od-hrane-proizvodimo-u-bih\/"},"wordCount":514,"publisher":{"@id":"https:\/\/radioljubuski.ba\/#organization"},"image":{"@id":"https:\/\/radioljubuski.ba\/index.php\/2022\/04\/08\/koliko-zemlje-obradujemo-i-sto-od-hrane-proizvodimo-u-bih\/#primaryimage"},"thumbnailUrl":"https:\/\/radioljubuski.ba\/wp-content\/uploads\/2022\/04\/krumpir_vadjenje.jpg","articleSection":["BIH i regija"],"inLanguage":"hr"},{"@type":"WebPage","@id":"https:\/\/radioljubuski.ba\/index.php\/2022\/04\/08\/koliko-zemlje-obradujemo-i-sto-od-hrane-proizvodimo-u-bih\/","url":"https:\/\/radioljubuski.ba\/index.php\/2022\/04\/08\/koliko-zemlje-obradujemo-i-sto-od-hrane-proizvodimo-u-bih\/","name":"Koliko zemlje obra\u0111ujemo i \u0161to od hrane proizvodimo u BiH - RADIO LJUBU\u0160KI","isPartOf":{"@id":"https:\/\/radioljubuski.ba\/#website"},"primaryImageOfPage":{"@id":"https:\/\/radioljubuski.ba\/index.php\/2022\/04\/08\/koliko-zemlje-obradujemo-i-sto-od-hrane-proizvodimo-u-bih\/#primaryimage"},"image":{"@id":"https:\/\/radioljubuski.ba\/index.php\/2022\/04\/08\/koliko-zemlje-obradujemo-i-sto-od-hrane-proizvodimo-u-bih\/#primaryimage"},"thumbnailUrl":"https:\/\/radioljubuski.ba\/wp-content\/uploads\/2022\/04\/krumpir_vadjenje.jpg","datePublished":"2022-04-08T09:31:41+00:00","dateModified":"2022-04-08T09:31:42+00:00","breadcrumb":{"@id":"https:\/\/radioljubuski.ba\/index.php\/2022\/04\/08\/koliko-zemlje-obradujemo-i-sto-od-hrane-proizvodimo-u-bih\/#breadcrumb"},"inLanguage":"hr","potentialAction":[{"@type":"ReadAction","target":["https:\/\/radioljubuski.ba\/index.php\/2022\/04\/08\/koliko-zemlje-obradujemo-i-sto-od-hrane-proizvodimo-u-bih\/"]}]},{"@type":"ImageObject","inLanguage":"hr","@id":"https:\/\/radioljubuski.ba\/index.php\/2022\/04\/08\/koliko-zemlje-obradujemo-i-sto-od-hrane-proizvodimo-u-bih\/#primaryimage","url":"https:\/\/radioljubuski.ba\/wp-content\/uploads\/2022\/04\/krumpir_vadjenje.jpg","contentUrl":"https:\/\/radioljubuski.ba\/wp-content\/uploads\/2022\/04\/krumpir_vadjenje.jpg","width":600,"height":400},{"@type":"BreadcrumbList","@id":"https:\/\/radioljubuski.ba\/index.php\/2022\/04\/08\/koliko-zemlje-obradujemo-i-sto-od-hrane-proizvodimo-u-bih\/#breadcrumb","itemListElement":[{"@type":"ListItem","position":1,"name":"Po\u010detna stranica","item":"https:\/\/radioljubuski.ba\/"},{"@type":"ListItem","position":2,"name":"Koliko zemlje obra\u0111ujemo i \u0161to od hrane proizvodimo u BiH"}]},{"@type":"WebSite","@id":"https:\/\/radioljubuski.ba\/#website","url":"https:\/\/radioljubuski.ba\/","name":"Radio Ljubu\u0161ki","description":"Sun\u010dana frekvencija Hercegovine","publisher":{"@id":"https:\/\/radioljubuski.ba\/#organization"},"potentialAction":[{"@type":"SearchAction","target":{"@type":"EntryPoint","urlTemplate":"https:\/\/radioljubuski.ba\/?s={search_term_string}"},"query-input":{"@type":"PropertyValueSpecification","valueRequired":true,"valueName":"search_term_string"}}],"inLanguage":"hr"},{"@type":"Organization","@id":"https:\/\/radioljubuski.ba\/#organization","name":"Radio Ljubu\u0161ki","url":"https:\/\/radioljubuski.ba\/","logo":{"@type":"ImageObject","inLanguage":"hr","@id":"https:\/\/radioljubuski.ba\/#\/schema\/logo\/image\/","url":"https:\/\/radioljubuski.ba\/wp-content\/uploads\/2021\/02\/cropped-Radio_Ljubuski_logo1.jpg","contentUrl":"https:\/\/radioljubuski.ba\/wp-content\/uploads\/2021\/02\/cropped-Radio_Ljubuski_logo1.jpg","width":512,"height":512,"caption":"Radio Ljubu\u0161ki"},"image":{"@id":"https:\/\/radioljubuski.ba\/#\/schema\/logo\/image\/"},"sameAs":["https:\/\/www.facebook.com\/Radiio-Ljubuski-1490835324566332","https:\/\/x.com\/radioljubuski","https:\/\/hr.linkedin.com\/company\/radio-ljubuski","https:\/\/www.youtube.com\/channel\/UCHYaeO_n0Db3tjNGudGpXyw"]},{"@type":"Person","@id":"https:\/\/radioljubuski.ba\/#\/schema\/person\/19fc700381a780f69665d7956c469e3b","name":"Radio Ljubu\u0161ki"}]}},"_links":{"self":[{"href":"https:\/\/radioljubuski.ba\/index.php\/wp-json\/wp\/v2\/posts\/130378","targetHints":{"allow":["GET"]}}],"collection":[{"href":"https:\/\/radioljubuski.ba\/index.php\/wp-json\/wp\/v2\/posts"}],"about":[{"href":"https:\/\/radioljubuski.ba\/index.php\/wp-json\/wp\/v2\/types\/post"}],"author":[{"embeddable":true,"href":"https:\/\/radioljubuski.ba\/index.php\/wp-json\/wp\/v2\/users\/2"}],"replies":[{"embeddable":true,"href":"https:\/\/radioljubuski.ba\/index.php\/wp-json\/wp\/v2\/comments?post=130378"}],"version-history":[{"count":1,"href":"https:\/\/radioljubuski.ba\/index.php\/wp-json\/wp\/v2\/posts\/130378\/revisions"}],"predecessor-version":[{"id":130380,"href":"https:\/\/radioljubuski.ba\/index.php\/wp-json\/wp\/v2\/posts\/130378\/revisions\/130380"}],"wp:featuredmedia":[{"embeddable":true,"href":"https:\/\/radioljubuski.ba\/index.php\/wp-json\/wp\/v2\/media\/130379"}],"wp:attachment":[{"href":"https:\/\/radioljubuski.ba\/index.php\/wp-json\/wp\/v2\/media?parent=130378"}],"wp:term":[{"taxonomy":"category","embeddable":true,"href":"https:\/\/radioljubuski.ba\/index.php\/wp-json\/wp\/v2\/categories?post=130378"},{"taxonomy":"post_tag","embeddable":true,"href":"https:\/\/radioljubuski.ba\/index.php\/wp-json\/wp\/v2\/tags?post=130378"}],"curies":[{"name":"wp","href":"https:\/\/api.w.org\/{rel}","templated":true}]}}