{"id":130391,"date":"2022-04-08T10:39:05","date_gmt":"2022-04-08T09:39:05","guid":{"rendered":"https:\/\/radioljubuski.ba\/?p=130391"},"modified":"2022-04-08T10:39:06","modified_gmt":"2022-04-08T09:39:06","slug":"rusija-zali-za-tragedijom-pogibije-vojnika-ukrajina-se-priprema-za-veliku-ofenzivu","status":"publish","type":"post","link":"https:\/\/radioljubuski.ba\/index.php\/2022\/04\/08\/rusija-zali-za-tragedijom-pogibije-vojnika-ukrajina-se-priprema-za-veliku-ofenzivu\/","title":{"rendered":"Rusija \u017eali za &#8216;tragedijom&#8217; pogibije vojnika, Ukrajina se priprema za veliku ofenzivu"},"content":{"rendered":"\n<p>Rusija je u \u010detvrtak dala dosad najtmurniju ocjenu svoje invazije na Ukrajinu, opisuju\u0107i &#8220;tragediju&#8221; rastu\u0107ih vojnih gubitaka i gospodarskih posljedica sankcija, dok se ukrajinski civili evakuiraju iz isto\u010dnih gradova a zemlja priprema za novu veliku rusku ofenzivu.<\/p>\n\n\n\n<p>\u0160estotjedna ruska invazija dovela je do bijega vi\u0161e od \u010detiri milijuna Ukrajinaca u inozemstvo, tisu\u0107a ubijenih ili ozlije\u0111enih, pretvorila gradove u ru\u0161evine i dovela do o\u0161trih sankcija ruskim \u010delnicima i tvrtkama.<\/p>\n\n\n\n<p>Op\u0107a skup\u0161tina Ujedinjenih naroda suspendirala je Rusiju iz Vije\u0107a UN-a za ljudska prava, izraziv\u0161i &#8220;ozbiljnu zabrinutost zbog aktualne krize ljudskih prava i humanitarne krize&#8221;. Rusija je tada napustila Vije\u0107e.<\/p>\n\n\n\n<p>Moskva je ranije priznala da njezin napad nije napredovao tako brzo koliko je \u017eeljela, no u \u010detvrtak je glasnogovornik Kremlja Dmitrij Peskov izrazio \u017ealjenje zbog velikog broja poginulih. &#8220;Imamo zna\u010dajne gubitke vojnika&#8221;, rekao je za Sky News. &#8220;To je velika tragedija za nas.&#8221;<\/p>\n\n\n\n<p>Rusija se suo\u010dava s najte\u017eom gospodarskom situacijom u zadnjih tri desetlje\u0107a zbog nezabilje\u017eenih zapadnih sankcija, rekao je premijer Mihail Mi\u0161ustin.<\/p>\n\n\n\n<p>Ameri\u010dki Kongres izbacio je Rusiju s popisa povla\u0161tenih trgovinskih zemalja, a Washington je stavio na crnu listu dvije ruske dr\u017eavne tvrtke, jednu brodogra\u0111evnu tvrtku i tvrtku rudnika dijamanata dok poku\u0161ava zaustaviti ruski &#8220;ratni stroj&#8221;.<\/p>\n\n\n\n<p>Nakon otkri\u0107a ubijanja civila u gradu Bu\u010di, koje je Zapad naveliko osudio kao ratne zlo\u010dine, uvedene su nove sankcije, a Ukrajina je pozvala saveznike da prestanu kupovati rusku naftu i plin, usred podjela u Europi, te da je vojno poja\u010daju.<\/p>\n\n\n\n<p>&#8220;Ukrajini treba oru\u017eje koje \u0107e joj dati sredstva za pobjedu na bojnom polju i to \u0107e biti najja\u010de mogu\u0107e sankcije Rusiji&#8221;, rekao je ukrajinski predsjednik Volodimir Zelenskij u videu kasno u \u010detvrtak.<\/p>\n\n\n\n<p>Tako\u0111er je rekao da je situacija u Borodjanki &#8211; jo\u0161 jednom gradu sjeverozapadno od Kijeva koji je preuzet od ruskih snaga &#8211; &#8220;znatno stra\u0161nija&#8221; nego u Bu\u010di, ne navode\u0107i nikakve dokaze.<\/p>\n\n\n\n<p>Na snimci iz Borodjanke vidi se kako timovi za potragu i spa\u0161avanje koriste te\u0161ku opremu za kopanje po ru\u0161evinama zgrade koja se usru\u0161ila. Strahuje se da su stotine ljudi ispod ru\u0161evina.<\/p>\n\n\n\n<p>Moskva je zanijekala da je ciljala civile i ka\u017ee da su slike tijela u Bu\u010di postavljene kako bi se opravdale dodatne sankcije Moskvi i poremetili mirovni pregovori.<\/p>\n\n\n\n<p>Veleposlanici EU-a dogovorili su peti paket sankcija Rusiji s embargom na ugljen koji sadr\u017ei 120-dnevno prijelazno razdoblje kako bi se dr\u017eavama \u010dlanicama dalo vremena da prona\u0111u alternativne dobavlja\u010de.<\/p>\n\n\n\n<p>Ukrajina je optu\u017eila Ma\u0111arsku da podriva jedinstvo EU-a nakon \u0161to je Budimpe\u0161ta rekla da je spremna platiti rubljima ruski plin, zahtjev Kremlja kojem se ve\u0107ina na Zapadu oduprla.<\/p>\n\n\n\n<p>Na bojnom polju, ka\u017ee Ukrajina, nakon povla\u010denja iz okolice Kijeva, Rusija se pregrupira kako bi poku\u0161ala ste\u0107i potpunu kontrolu nad isto\u010dnim regijama Donecka i Luhanska, koje od 2014. dijelom dr\u017ee separatisti koje podr\u017eava Rusija.<\/p>\n\n\n\n<p>Opkoljena ju\u017ena luka Mariupolj, gdje je gradona\u010delnik rekao da je vi\u0161e od 100.000 ljudi jo\u0161 uvijek zarobljeno, tako\u0111er je meta novih napada.<\/p>\n\n\n\n<p>&#8220;Evakuirajte se! \u0160anse da spasite sebe i svoju obitelj od ruske smrti svakim su danom sve manje&#8221;, rekao je guverner Luhanska Serhij Gaidai.<\/p>\n\n\n\n<p>Vlasti Dnipra, grada u sredi\u0161njoj isto\u010dnoj Ukrajini, tako\u0111er su pozvale \u017eene, djecu i starije osobe da se evakuiraju.&nbsp;<\/p>\n\n\n\n<p>\u010clanice NATO-a slo\u017eile su se u \u010detvrtak oja\u010dati potporu Ukrajini. Ukrajina je od Sjedinjenih Dr\u017eava i njihovih saveznika primila oko 25.000 sustava protuzra\u010dnog oru\u017eja, rekao je najvi\u0161i ameri\u010dki general, a Washington istra\u017euje kakvu bi novu podr\u0161ku mogao poslati.<\/p>\n\n\n\n<p>U videoobra\u0107anju objavljenom na YouTubeu, ukrajinski ministar obrane Oleksij Reznikov pozvao je na te\u017ee, modernije oru\u017eje nakon \u0161to je Rusija promijenila taktiku i usredoto\u010dila se na udare iz zraka iz daljine.<\/p>\n\n\n\n<p>Kao rezultat toga, Ukrajini su potrebni sustavi protuzra\u010dne obrane, dalekometno topni\u0161tvo, tenkovi i protubrodske rakete, rekao je Reznikov.<\/p>\n\n\n\n<p>Izvor:pogled.ba<\/p>\n","protected":false},"excerpt":{"rendered":"<p>Rusija je u \u010detvrtak dala dosad najtmurniju ocjenu svoje invazije na Ukrajinu, opisuju\u0107i &#8220;tragediju&#8221; rastu\u0107ih vojnih gubitaka i gospodarskih posljedica sankcija, dok se ukrajinski civili evakuiraju iz isto\u010dnih gradova a zemlja priprema za novu veliku rusku ofenzivu. \u0160estotjedna ruska invazija dovela je do bijega vi\u0161e od \u010detiri milijuna Ukrajinaca u inozemstvo, tisu\u0107a ubijenih ili ozlije\u0111enih, [&hellip;]<\/p>\n","protected":false},"author":2,"featured_media":130392,"comment_status":"closed","ping_status":"closed","sticky":false,"template":"","format":"standard","meta":{"h5ap_radio_sources":[],"footnotes":""},"categories":[1],"tags":[],"class_list":["post-130391","post","type-post","status-publish","format-standard","has-post-thumbnail","hentry","category-bihiregija"],"yoast_head":"<!-- This site is optimized with the Yoast SEO plugin v27.5 - https:\/\/yoast.com\/product\/yoast-seo-wordpress\/ -->\n<title>Rusija \u017eali za &#039;tragedijom&#039; pogibije vojnika, Ukrajina se priprema za veliku ofenzivu - RADIO LJUBU\u0160KI<\/title>\n<meta name=\"robots\" content=\"index, follow, max-snippet:-1, max-image-preview:large, max-video-preview:-1\" \/>\n<link rel=\"canonical\" href=\"https:\/\/radioljubuski.ba\/index.php\/2022\/04\/08\/rusija-zali-za-tragedijom-pogibije-vojnika-ukrajina-se-priprema-za-veliku-ofenzivu\/\" \/>\n<meta property=\"og:locale\" content=\"hr_HR\" \/>\n<meta property=\"og:type\" content=\"article\" \/>\n<meta property=\"og:title\" content=\"Rusija \u017eali za &#039;tragedijom&#039; pogibije vojnika, Ukrajina se priprema za veliku ofenzivu - RADIO LJUBU\u0160KI\" \/>\n<meta property=\"og:description\" content=\"Rusija je u \u010detvrtak dala dosad najtmurniju ocjenu svoje invazije na Ukrajinu, opisuju\u0107i &#8220;tragediju&#8221; rastu\u0107ih vojnih gubitaka i gospodarskih posljedica sankcija, dok se ukrajinski civili evakuiraju iz isto\u010dnih gradova a zemlja priprema za novu veliku rusku ofenzivu. \u0160estotjedna ruska invazija dovela je do bijega vi\u0161e od \u010detiri milijuna Ukrajinaca u inozemstvo, tisu\u0107a ubijenih ili ozlije\u0111enih, [&hellip;]\" \/>\n<meta property=\"og:url\" content=\"https:\/\/radioljubuski.ba\/index.php\/2022\/04\/08\/rusija-zali-za-tragedijom-pogibije-vojnika-ukrajina-se-priprema-za-veliku-ofenzivu\/\" \/>\n<meta property=\"og:site_name\" content=\"RADIO LJUBU\u0160KI\" \/>\n<meta property=\"article:publisher\" content=\"https:\/\/www.facebook.com\/Radiio-Ljubuski-1490835324566332\" \/>\n<meta property=\"article:published_time\" content=\"2022-04-08T09:39:05+00:00\" \/>\n<meta property=\"article:modified_time\" content=\"2022-04-08T09:39:06+00:00\" \/>\n<meta property=\"og:image\" content=\"https:\/\/radioljubuski.ba\/wp-content\/uploads\/2022\/04\/2-2022-04-08-08-42-43-329621.jpg\" \/>\n\t<meta property=\"og:image:width\" content=\"1000\" \/>\n\t<meta property=\"og:image:height\" content=\"625\" \/>\n\t<meta property=\"og:image:type\" content=\"image\/jpeg\" \/>\n<meta name=\"author\" content=\"Radio Ljubu\u0161ki\" \/>\n<meta name=\"twitter:card\" content=\"summary_large_image\" \/>\n<meta name=\"twitter:creator\" content=\"@radioljubuski\" \/>\n<meta name=\"twitter:site\" content=\"@radioljubuski\" \/>\n<meta name=\"twitter:label1\" content=\"Napisao\/la\" \/>\n\t<meta name=\"twitter:data1\" content=\"Radio Ljubu\u0161ki\" \/>\n\t<meta name=\"twitter:label2\" content=\"Procijenjeno vrijeme \u010ditanja\" \/>\n\t<meta name=\"twitter:data2\" content=\"3 minute\" \/>\n<script type=\"application\/ld+json\" class=\"yoast-schema-graph\">{\"@context\":\"https:\\\/\\\/schema.org\",\"@graph\":[{\"@type\":\"Article\",\"@id\":\"https:\\\/\\\/radioljubuski.ba\\\/index.php\\\/2022\\\/04\\\/08\\\/rusija-zali-za-tragedijom-pogibije-vojnika-ukrajina-se-priprema-za-veliku-ofenzivu\\\/#article\",\"isPartOf\":{\"@id\":\"https:\\\/\\\/radioljubuski.ba\\\/index.php\\\/2022\\\/04\\\/08\\\/rusija-zali-za-tragedijom-pogibije-vojnika-ukrajina-se-priprema-za-veliku-ofenzivu\\\/\"},\"author\":{\"name\":\"Radio Ljubu\u0161ki\",\"@id\":\"https:\\\/\\\/radioljubuski.ba\\\/#\\\/schema\\\/person\\\/19fc700381a780f69665d7956c469e3b\"},\"headline\":\"Rusija \u017eali za &#8216;tragedijom&#8217; pogibije vojnika, Ukrajina se priprema za veliku ofenzivu\",\"datePublished\":\"2022-04-08T09:39:05+00:00\",\"dateModified\":\"2022-04-08T09:39:06+00:00\",\"mainEntityOfPage\":{\"@id\":\"https:\\\/\\\/radioljubuski.ba\\\/index.php\\\/2022\\\/04\\\/08\\\/rusija-zali-za-tragedijom-pogibije-vojnika-ukrajina-se-priprema-za-veliku-ofenzivu\\\/\"},\"wordCount\":687,\"publisher\":{\"@id\":\"https:\\\/\\\/radioljubuski.ba\\\/#organization\"},\"image\":{\"@id\":\"https:\\\/\\\/radioljubuski.ba\\\/index.php\\\/2022\\\/04\\\/08\\\/rusija-zali-za-tragedijom-pogibije-vojnika-ukrajina-se-priprema-za-veliku-ofenzivu\\\/#primaryimage\"},\"thumbnailUrl\":\"https:\\\/\\\/radioljubuski.ba\\\/wp-content\\\/uploads\\\/2022\\\/04\\\/2-2022-04-08-08-42-43-329621.jpg\",\"articleSection\":[\"BIH i regija\"],\"inLanguage\":\"hr\"},{\"@type\":\"WebPage\",\"@id\":\"https:\\\/\\\/radioljubuski.ba\\\/index.php\\\/2022\\\/04\\\/08\\\/rusija-zali-za-tragedijom-pogibije-vojnika-ukrajina-se-priprema-za-veliku-ofenzivu\\\/\",\"url\":\"https:\\\/\\\/radioljubuski.ba\\\/index.php\\\/2022\\\/04\\\/08\\\/rusija-zali-za-tragedijom-pogibije-vojnika-ukrajina-se-priprema-za-veliku-ofenzivu\\\/\",\"name\":\"Rusija \u017eali za 'tragedijom' pogibije vojnika, Ukrajina se priprema za veliku ofenzivu - RADIO LJUBU\u0160KI\",\"isPartOf\":{\"@id\":\"https:\\\/\\\/radioljubuski.ba\\\/#website\"},\"primaryImageOfPage\":{\"@id\":\"https:\\\/\\\/radioljubuski.ba\\\/index.php\\\/2022\\\/04\\\/08\\\/rusija-zali-za-tragedijom-pogibije-vojnika-ukrajina-se-priprema-za-veliku-ofenzivu\\\/#primaryimage\"},\"image\":{\"@id\":\"https:\\\/\\\/radioljubuski.ba\\\/index.php\\\/2022\\\/04\\\/08\\\/rusija-zali-za-tragedijom-pogibije-vojnika-ukrajina-se-priprema-za-veliku-ofenzivu\\\/#primaryimage\"},\"thumbnailUrl\":\"https:\\\/\\\/radioljubuski.ba\\\/wp-content\\\/uploads\\\/2022\\\/04\\\/2-2022-04-08-08-42-43-329621.jpg\",\"datePublished\":\"2022-04-08T09:39:05+00:00\",\"dateModified\":\"2022-04-08T09:39:06+00:00\",\"breadcrumb\":{\"@id\":\"https:\\\/\\\/radioljubuski.ba\\\/index.php\\\/2022\\\/04\\\/08\\\/rusija-zali-za-tragedijom-pogibije-vojnika-ukrajina-se-priprema-za-veliku-ofenzivu\\\/#breadcrumb\"},\"inLanguage\":\"hr\",\"potentialAction\":[{\"@type\":\"ReadAction\",\"target\":[\"https:\\\/\\\/radioljubuski.ba\\\/index.php\\\/2022\\\/04\\\/08\\\/rusija-zali-za-tragedijom-pogibije-vojnika-ukrajina-se-priprema-za-veliku-ofenzivu\\\/\"]}]},{\"@type\":\"ImageObject\",\"inLanguage\":\"hr\",\"@id\":\"https:\\\/\\\/radioljubuski.ba\\\/index.php\\\/2022\\\/04\\\/08\\\/rusija-zali-za-tragedijom-pogibije-vojnika-ukrajina-se-priprema-za-veliku-ofenzivu\\\/#primaryimage\",\"url\":\"https:\\\/\\\/radioljubuski.ba\\\/wp-content\\\/uploads\\\/2022\\\/04\\\/2-2022-04-08-08-42-43-329621.jpg\",\"contentUrl\":\"https:\\\/\\\/radioljubuski.ba\\\/wp-content\\\/uploads\\\/2022\\\/04\\\/2-2022-04-08-08-42-43-329621.jpg\",\"width\":1000,\"height\":625},{\"@type\":\"BreadcrumbList\",\"@id\":\"https:\\\/\\\/radioljubuski.ba\\\/index.php\\\/2022\\\/04\\\/08\\\/rusija-zali-za-tragedijom-pogibije-vojnika-ukrajina-se-priprema-za-veliku-ofenzivu\\\/#breadcrumb\",\"itemListElement\":[{\"@type\":\"ListItem\",\"position\":1,\"name\":\"Po\u010detna stranica\",\"item\":\"https:\\\/\\\/radioljubuski.ba\\\/\"},{\"@type\":\"ListItem\",\"position\":2,\"name\":\"Rusija \u017eali za &#8216;tragedijom&#8217; pogibije vojnika, Ukrajina se priprema za veliku ofenzivu\"}]},{\"@type\":\"WebSite\",\"@id\":\"https:\\\/\\\/radioljubuski.ba\\\/#website\",\"url\":\"https:\\\/\\\/radioljubuski.ba\\\/\",\"name\":\"Radio Ljubu\u0161ki\",\"description\":\"Sun\u010dana frekvencija Hercegovine\",\"publisher\":{\"@id\":\"https:\\\/\\\/radioljubuski.ba\\\/#organization\"},\"potentialAction\":[{\"@type\":\"SearchAction\",\"target\":{\"@type\":\"EntryPoint\",\"urlTemplate\":\"https:\\\/\\\/radioljubuski.ba\\\/?s={search_term_string}\"},\"query-input\":{\"@type\":\"PropertyValueSpecification\",\"valueRequired\":true,\"valueName\":\"search_term_string\"}}],\"inLanguage\":\"hr\"},{\"@type\":\"Organization\",\"@id\":\"https:\\\/\\\/radioljubuski.ba\\\/#organization\",\"name\":\"Radio Ljubu\u0161ki\",\"url\":\"https:\\\/\\\/radioljubuski.ba\\\/\",\"logo\":{\"@type\":\"ImageObject\",\"inLanguage\":\"hr\",\"@id\":\"https:\\\/\\\/radioljubuski.ba\\\/#\\\/schema\\\/logo\\\/image\\\/\",\"url\":\"https:\\\/\\\/radioljubuski.ba\\\/wp-content\\\/uploads\\\/2021\\\/02\\\/cropped-Radio_Ljubuski_logo1.jpg\",\"contentUrl\":\"https:\\\/\\\/radioljubuski.ba\\\/wp-content\\\/uploads\\\/2021\\\/02\\\/cropped-Radio_Ljubuski_logo1.jpg\",\"width\":512,\"height\":512,\"caption\":\"Radio Ljubu\u0161ki\"},\"image\":{\"@id\":\"https:\\\/\\\/radioljubuski.ba\\\/#\\\/schema\\\/logo\\\/image\\\/\"},\"sameAs\":[\"https:\\\/\\\/www.facebook.com\\\/Radiio-Ljubuski-1490835324566332\",\"https:\\\/\\\/x.com\\\/radioljubuski\",\"https:\\\/\\\/hr.linkedin.com\\\/company\\\/radio-ljubuski\",\"https:\\\/\\\/www.youtube.com\\\/channel\\\/UCHYaeO_n0Db3tjNGudGpXyw\"]},{\"@type\":\"Person\",\"@id\":\"https:\\\/\\\/radioljubuski.ba\\\/#\\\/schema\\\/person\\\/19fc700381a780f69665d7956c469e3b\",\"name\":\"Radio Ljubu\u0161ki\"}]}<\/script>\n<!-- \/ Yoast SEO plugin. -->","yoast_head_json":{"title":"Rusija \u017eali za 'tragedijom' pogibije vojnika, Ukrajina se priprema za veliku ofenzivu - RADIO LJUBU\u0160KI","robots":{"index":"index","follow":"follow","max-snippet":"max-snippet:-1","max-image-preview":"max-image-preview:large","max-video-preview":"max-video-preview:-1"},"canonical":"https:\/\/radioljubuski.ba\/index.php\/2022\/04\/08\/rusija-zali-za-tragedijom-pogibije-vojnika-ukrajina-se-priprema-za-veliku-ofenzivu\/","og_locale":"hr_HR","og_type":"article","og_title":"Rusija \u017eali za 'tragedijom' pogibije vojnika, Ukrajina se priprema za veliku ofenzivu - RADIO LJUBU\u0160KI","og_description":"Rusija je u \u010detvrtak dala dosad najtmurniju ocjenu svoje invazije na Ukrajinu, opisuju\u0107i &#8220;tragediju&#8221; rastu\u0107ih vojnih gubitaka i gospodarskih posljedica sankcija, dok se ukrajinski civili evakuiraju iz isto\u010dnih gradova a zemlja priprema za novu veliku rusku ofenzivu. \u0160estotjedna ruska invazija dovela je do bijega vi\u0161e od \u010detiri milijuna Ukrajinaca u inozemstvo, tisu\u0107a ubijenih ili ozlije\u0111enih, [&hellip;]","og_url":"https:\/\/radioljubuski.ba\/index.php\/2022\/04\/08\/rusija-zali-za-tragedijom-pogibije-vojnika-ukrajina-se-priprema-za-veliku-ofenzivu\/","og_site_name":"RADIO LJUBU\u0160KI","article_publisher":"https:\/\/www.facebook.com\/Radiio-Ljubuski-1490835324566332","article_published_time":"2022-04-08T09:39:05+00:00","article_modified_time":"2022-04-08T09:39:06+00:00","og_image":[{"width":1000,"height":625,"url":"https:\/\/radioljubuski.ba\/wp-content\/uploads\/2022\/04\/2-2022-04-08-08-42-43-329621.jpg","type":"image\/jpeg"}],"author":"Radio Ljubu\u0161ki","twitter_card":"summary_large_image","twitter_creator":"@radioljubuski","twitter_site":"@radioljubuski","twitter_misc":{"Napisao\/la":"Radio Ljubu\u0161ki","Procijenjeno vrijeme \u010ditanja":"3 minute"},"schema":{"@context":"https:\/\/schema.org","@graph":[{"@type":"Article","@id":"https:\/\/radioljubuski.ba\/index.php\/2022\/04\/08\/rusija-zali-za-tragedijom-pogibije-vojnika-ukrajina-se-priprema-za-veliku-ofenzivu\/#article","isPartOf":{"@id":"https:\/\/radioljubuski.ba\/index.php\/2022\/04\/08\/rusija-zali-za-tragedijom-pogibije-vojnika-ukrajina-se-priprema-za-veliku-ofenzivu\/"},"author":{"name":"Radio Ljubu\u0161ki","@id":"https:\/\/radioljubuski.ba\/#\/schema\/person\/19fc700381a780f69665d7956c469e3b"},"headline":"Rusija \u017eali za &#8216;tragedijom&#8217; pogibije vojnika, Ukrajina se priprema za veliku ofenzivu","datePublished":"2022-04-08T09:39:05+00:00","dateModified":"2022-04-08T09:39:06+00:00","mainEntityOfPage":{"@id":"https:\/\/radioljubuski.ba\/index.php\/2022\/04\/08\/rusija-zali-za-tragedijom-pogibije-vojnika-ukrajina-se-priprema-za-veliku-ofenzivu\/"},"wordCount":687,"publisher":{"@id":"https:\/\/radioljubuski.ba\/#organization"},"image":{"@id":"https:\/\/radioljubuski.ba\/index.php\/2022\/04\/08\/rusija-zali-za-tragedijom-pogibije-vojnika-ukrajina-se-priprema-za-veliku-ofenzivu\/#primaryimage"},"thumbnailUrl":"https:\/\/radioljubuski.ba\/wp-content\/uploads\/2022\/04\/2-2022-04-08-08-42-43-329621.jpg","articleSection":["BIH i regija"],"inLanguage":"hr"},{"@type":"WebPage","@id":"https:\/\/radioljubuski.ba\/index.php\/2022\/04\/08\/rusija-zali-za-tragedijom-pogibije-vojnika-ukrajina-se-priprema-za-veliku-ofenzivu\/","url":"https:\/\/radioljubuski.ba\/index.php\/2022\/04\/08\/rusija-zali-za-tragedijom-pogibije-vojnika-ukrajina-se-priprema-za-veliku-ofenzivu\/","name":"Rusija \u017eali za 'tragedijom' pogibije vojnika, Ukrajina se priprema za veliku ofenzivu - RADIO LJUBU\u0160KI","isPartOf":{"@id":"https:\/\/radioljubuski.ba\/#website"},"primaryImageOfPage":{"@id":"https:\/\/radioljubuski.ba\/index.php\/2022\/04\/08\/rusija-zali-za-tragedijom-pogibije-vojnika-ukrajina-se-priprema-za-veliku-ofenzivu\/#primaryimage"},"image":{"@id":"https:\/\/radioljubuski.ba\/index.php\/2022\/04\/08\/rusija-zali-za-tragedijom-pogibije-vojnika-ukrajina-se-priprema-za-veliku-ofenzivu\/#primaryimage"},"thumbnailUrl":"https:\/\/radioljubuski.ba\/wp-content\/uploads\/2022\/04\/2-2022-04-08-08-42-43-329621.jpg","datePublished":"2022-04-08T09:39:05+00:00","dateModified":"2022-04-08T09:39:06+00:00","breadcrumb":{"@id":"https:\/\/radioljubuski.ba\/index.php\/2022\/04\/08\/rusija-zali-za-tragedijom-pogibije-vojnika-ukrajina-se-priprema-za-veliku-ofenzivu\/#breadcrumb"},"inLanguage":"hr","potentialAction":[{"@type":"ReadAction","target":["https:\/\/radioljubuski.ba\/index.php\/2022\/04\/08\/rusija-zali-za-tragedijom-pogibije-vojnika-ukrajina-se-priprema-za-veliku-ofenzivu\/"]}]},{"@type":"ImageObject","inLanguage":"hr","@id":"https:\/\/radioljubuski.ba\/index.php\/2022\/04\/08\/rusija-zali-za-tragedijom-pogibije-vojnika-ukrajina-se-priprema-za-veliku-ofenzivu\/#primaryimage","url":"https:\/\/radioljubuski.ba\/wp-content\/uploads\/2022\/04\/2-2022-04-08-08-42-43-329621.jpg","contentUrl":"https:\/\/radioljubuski.ba\/wp-content\/uploads\/2022\/04\/2-2022-04-08-08-42-43-329621.jpg","width":1000,"height":625},{"@type":"BreadcrumbList","@id":"https:\/\/radioljubuski.ba\/index.php\/2022\/04\/08\/rusija-zali-za-tragedijom-pogibije-vojnika-ukrajina-se-priprema-za-veliku-ofenzivu\/#breadcrumb","itemListElement":[{"@type":"ListItem","position":1,"name":"Po\u010detna stranica","item":"https:\/\/radioljubuski.ba\/"},{"@type":"ListItem","position":2,"name":"Rusija \u017eali za &#8216;tragedijom&#8217; pogibije vojnika, Ukrajina se priprema za veliku ofenzivu"}]},{"@type":"WebSite","@id":"https:\/\/radioljubuski.ba\/#website","url":"https:\/\/radioljubuski.ba\/","name":"Radio Ljubu\u0161ki","description":"Sun\u010dana frekvencija Hercegovine","publisher":{"@id":"https:\/\/radioljubuski.ba\/#organization"},"potentialAction":[{"@type":"SearchAction","target":{"@type":"EntryPoint","urlTemplate":"https:\/\/radioljubuski.ba\/?s={search_term_string}"},"query-input":{"@type":"PropertyValueSpecification","valueRequired":true,"valueName":"search_term_string"}}],"inLanguage":"hr"},{"@type":"Organization","@id":"https:\/\/radioljubuski.ba\/#organization","name":"Radio Ljubu\u0161ki","url":"https:\/\/radioljubuski.ba\/","logo":{"@type":"ImageObject","inLanguage":"hr","@id":"https:\/\/radioljubuski.ba\/#\/schema\/logo\/image\/","url":"https:\/\/radioljubuski.ba\/wp-content\/uploads\/2021\/02\/cropped-Radio_Ljubuski_logo1.jpg","contentUrl":"https:\/\/radioljubuski.ba\/wp-content\/uploads\/2021\/02\/cropped-Radio_Ljubuski_logo1.jpg","width":512,"height":512,"caption":"Radio Ljubu\u0161ki"},"image":{"@id":"https:\/\/radioljubuski.ba\/#\/schema\/logo\/image\/"},"sameAs":["https:\/\/www.facebook.com\/Radiio-Ljubuski-1490835324566332","https:\/\/x.com\/radioljubuski","https:\/\/hr.linkedin.com\/company\/radio-ljubuski","https:\/\/www.youtube.com\/channel\/UCHYaeO_n0Db3tjNGudGpXyw"]},{"@type":"Person","@id":"https:\/\/radioljubuski.ba\/#\/schema\/person\/19fc700381a780f69665d7956c469e3b","name":"Radio Ljubu\u0161ki"}]}},"_links":{"self":[{"href":"https:\/\/radioljubuski.ba\/index.php\/wp-json\/wp\/v2\/posts\/130391","targetHints":{"allow":["GET"]}}],"collection":[{"href":"https:\/\/radioljubuski.ba\/index.php\/wp-json\/wp\/v2\/posts"}],"about":[{"href":"https:\/\/radioljubuski.ba\/index.php\/wp-json\/wp\/v2\/types\/post"}],"author":[{"embeddable":true,"href":"https:\/\/radioljubuski.ba\/index.php\/wp-json\/wp\/v2\/users\/2"}],"replies":[{"embeddable":true,"href":"https:\/\/radioljubuski.ba\/index.php\/wp-json\/wp\/v2\/comments?post=130391"}],"version-history":[{"count":1,"href":"https:\/\/radioljubuski.ba\/index.php\/wp-json\/wp\/v2\/posts\/130391\/revisions"}],"predecessor-version":[{"id":130393,"href":"https:\/\/radioljubuski.ba\/index.php\/wp-json\/wp\/v2\/posts\/130391\/revisions\/130393"}],"wp:featuredmedia":[{"embeddable":true,"href":"https:\/\/radioljubuski.ba\/index.php\/wp-json\/wp\/v2\/media\/130392"}],"wp:attachment":[{"href":"https:\/\/radioljubuski.ba\/index.php\/wp-json\/wp\/v2\/media?parent=130391"}],"wp:term":[{"taxonomy":"category","embeddable":true,"href":"https:\/\/radioljubuski.ba\/index.php\/wp-json\/wp\/v2\/categories?post=130391"},{"taxonomy":"post_tag","embeddable":true,"href":"https:\/\/radioljubuski.ba\/index.php\/wp-json\/wp\/v2\/tags?post=130391"}],"curies":[{"name":"wp","href":"https:\/\/api.w.org\/{rel}","templated":true}]}}