{"id":130420,"date":"2022-04-08T10:58:45","date_gmt":"2022-04-08T09:58:45","guid":{"rendered":"https:\/\/radioljubuski.ba\/?p=130420"},"modified":"2022-04-08T10:59:09","modified_gmt":"2022-04-08T09:59:09","slug":"pijani-drzavljanin-bih-sjeo-u-krivi-autobus-umjesto-u-nizozemsku-otputovao-u-dansku","status":"publish","type":"post","link":"https:\/\/radioljubuski.ba\/index.php\/2022\/04\/08\/pijani-drzavljanin-bih-sjeo-u-krivi-autobus-umjesto-u-nizozemsku-otputovao-u-dansku\/","title":{"rendered":"Pijani dr\u017eavljanin BiH sjeo u krivi autobus, umjesto u Nizozemsku otputovao u Dansku"},"content":{"rendered":"\n<p>Pijani dr\u017eavljanin BiH je zabunom u Hamburgu sjeo u pogre\u0161an autobus pa je umjesto natrag u Nizozemsku otputovao u Dansku, pi\u0161e <a href=\"https:\/\/fenix-magazin.de\/tu-nije-bio-kraj-muka-pijani-drzavljanin-bih-sjeo-u-pogresan-autobus-u-hamburgu-pa-je-umjesto-u-nizozemsku-otputovao-u-dansku\/\">Fenix-magazin<\/a>.<\/p>\n\n\n\n<p>Zbog toga je 45-godi\u0161nji mu\u0161karac svoje putovanje u srijedu ujutro zavr\u0161io u policiji u Flensburgu nakon \u0161to ga je danska policija izvela iz autobusa jer je putovao bez dokumenata i novca.<\/p>\n\n\n\n<p>U policijskoj postaji u Flensburgu se ispostavilo da je mu\u0161karac iz BiH, ina\u010de pomorac, zapravo autobusom namjeravao vratiti iz Hamburga u nizozemski Eindhoven gdje je na tamo\u0161njem autobusnom kolodvoru spremio svoju prtljagu zajedno s jaknom u kojoj mu je ostao nov\u010danik, BiH putovnica i mobitel. (Policija ne navodi kako je uspio bez osobnih dokumenata doputovati u Hamburg)<\/p>\n\n\n\n<p>U policijskom priop\u0107enju iz Flensburga se navodi kako je pijani dr\u017eavljanin BiH u Hamburgu \u201cjedan zeleni autobus zamijenio drugim zelenim autobusom\u201d koji nije vozio natrag u Eindhoven ve\u0107 je vozio za Kopenhagen. Svoju pogre\u0161ku zamijetio je tek na grani\u010dnoj kontroli danske policije.<\/p>\n\n\n\n<p>Kako bi dodatno pomogla BiH pomorcu koji je iz Eindhovena htio otputovati doma u BiH, njema\u010dka policija je kontaktirala bosanskohercegova\u010dko veleposlanstvo u Berlinu te od njih dobili podatke o njegovu identitetu i ostalome.<\/p>\n\n\n\n<p>Iz Veleposlanstva BiH u Berlinu su svom 45-godi\u0161njem pomorcu poslali kupljenu autobusnu kartu kako bi se mogao iz Hamburga vratiti u Eindhoven gdje su mu ostale stvari.<\/p>\n\n\n\n<p>Kako bi se uvjerili da \u0107e 45-godi\u0161njak ovoga puta u\u0107i u pravi autobus, njema\u010dki policijski slu\u017ebenici su ga odvezli do autobusnog kolodvora i uveli u autobus za Eindhoven.<\/p>\n\n\n\n<p>Izvor:fenix-magazin.de<\/p>\n","protected":false},"excerpt":{"rendered":"<p>Pijani dr\u017eavljanin BiH je zabunom u Hamburgu sjeo u pogre\u0161an autobus pa je umjesto natrag u Nizozemsku otputovao u Dansku, pi\u0161e Fenix-magazin. Zbog toga je 45-godi\u0161nji mu\u0161karac svoje putovanje u srijedu ujutro zavr\u0161io u policiji u Flensburgu nakon \u0161to ga je danska policija izvela iz autobusa jer je putovao bez dokumenata i novca. U policijskoj [&hellip;]<\/p>\n","protected":false},"author":2,"featured_media":99646,"comment_status":"closed","ping_status":"closed","sticky":false,"template":"","format":"standard","meta":{"h5ap_radio_sources":[],"footnotes":""},"categories":[1],"tags":[],"class_list":["post-130420","post","type-post","status-publish","format-standard","has-post-thumbnail","hentry","category-bihiregija"],"yoast_head":"<!-- This site is optimized with the Yoast SEO plugin v27.5 - https:\/\/yoast.com\/product\/yoast-seo-wordpress\/ -->\n<title>Pijani dr\u017eavljanin BiH sjeo u krivi autobus, umjesto u Nizozemsku otputovao u Dansku - RADIO LJUBU\u0160KI<\/title>\n<meta name=\"robots\" content=\"index, follow, max-snippet:-1, max-image-preview:large, max-video-preview:-1\" \/>\n<link rel=\"canonical\" href=\"https:\/\/radioljubuski.ba\/index.php\/2022\/04\/08\/pijani-drzavljanin-bih-sjeo-u-krivi-autobus-umjesto-u-nizozemsku-otputovao-u-dansku\/\" \/>\n<meta property=\"og:locale\" content=\"hr_HR\" \/>\n<meta property=\"og:type\" content=\"article\" \/>\n<meta property=\"og:title\" content=\"Pijani dr\u017eavljanin BiH sjeo u krivi autobus, umjesto u Nizozemsku otputovao u Dansku - RADIO LJUBU\u0160KI\" \/>\n<meta property=\"og:description\" content=\"Pijani dr\u017eavljanin BiH je zabunom u Hamburgu sjeo u pogre\u0161an autobus pa je umjesto natrag u Nizozemsku otputovao u Dansku, pi\u0161e Fenix-magazin. Zbog toga je 45-godi\u0161nji mu\u0161karac svoje putovanje u srijedu ujutro zavr\u0161io u policiji u Flensburgu nakon \u0161to ga je danska policija izvela iz autobusa jer je putovao bez dokumenata i novca. U policijskoj [&hellip;]\" \/>\n<meta property=\"og:url\" content=\"https:\/\/radioljubuski.ba\/index.php\/2022\/04\/08\/pijani-drzavljanin-bih-sjeo-u-krivi-autobus-umjesto-u-nizozemsku-otputovao-u-dansku\/\" \/>\n<meta property=\"og:site_name\" content=\"RADIO LJUBU\u0160KI\" \/>\n<meta property=\"article:publisher\" content=\"https:\/\/www.facebook.com\/Radiio-Ljubuski-1490835324566332\" \/>\n<meta property=\"article:published_time\" content=\"2022-04-08T09:58:45+00:00\" \/>\n<meta property=\"article:modified_time\" content=\"2022-04-08T09:59:09+00:00\" \/>\n<meta property=\"og:image\" content=\"https:\/\/radioljubuski.ba\/wp-content\/uploads\/2021\/12\/8-2021-12-13-17-14-38-AUTOBUS.jpg\" \/>\n\t<meta property=\"og:image:width\" content=\"1000\" \/>\n\t<meta property=\"og:image:height\" content=\"625\" \/>\n\t<meta property=\"og:image:type\" content=\"image\/jpeg\" \/>\n<meta name=\"author\" content=\"Radio Ljubu\u0161ki\" \/>\n<meta name=\"twitter:card\" content=\"summary_large_image\" \/>\n<meta name=\"twitter:creator\" content=\"@radioljubuski\" \/>\n<meta name=\"twitter:site\" content=\"@radioljubuski\" \/>\n<meta name=\"twitter:label1\" content=\"Napisao\/la\" \/>\n\t<meta name=\"twitter:data1\" content=\"Radio Ljubu\u0161ki\" \/>\n\t<meta name=\"twitter:label2\" content=\"Procijenjeno vrijeme \u010ditanja\" \/>\n\t<meta name=\"twitter:data2\" content=\"2 minute\" \/>\n<script type=\"application\/ld+json\" class=\"yoast-schema-graph\">{\"@context\":\"https:\\\/\\\/schema.org\",\"@graph\":[{\"@type\":\"Article\",\"@id\":\"https:\\\/\\\/radioljubuski.ba\\\/index.php\\\/2022\\\/04\\\/08\\\/pijani-drzavljanin-bih-sjeo-u-krivi-autobus-umjesto-u-nizozemsku-otputovao-u-dansku\\\/#article\",\"isPartOf\":{\"@id\":\"https:\\\/\\\/radioljubuski.ba\\\/index.php\\\/2022\\\/04\\\/08\\\/pijani-drzavljanin-bih-sjeo-u-krivi-autobus-umjesto-u-nizozemsku-otputovao-u-dansku\\\/\"},\"author\":{\"name\":\"Radio Ljubu\u0161ki\",\"@id\":\"https:\\\/\\\/radioljubuski.ba\\\/#\\\/schema\\\/person\\\/19fc700381a780f69665d7956c469e3b\"},\"headline\":\"Pijani dr\u017eavljanin BiH sjeo u krivi autobus, umjesto u Nizozemsku otputovao u Dansku\",\"datePublished\":\"2022-04-08T09:58:45+00:00\",\"dateModified\":\"2022-04-08T09:59:09+00:00\",\"mainEntityOfPage\":{\"@id\":\"https:\\\/\\\/radioljubuski.ba\\\/index.php\\\/2022\\\/04\\\/08\\\/pijani-drzavljanin-bih-sjeo-u-krivi-autobus-umjesto-u-nizozemsku-otputovao-u-dansku\\\/\"},\"wordCount\":278,\"publisher\":{\"@id\":\"https:\\\/\\\/radioljubuski.ba\\\/#organization\"},\"image\":{\"@id\":\"https:\\\/\\\/radioljubuski.ba\\\/index.php\\\/2022\\\/04\\\/08\\\/pijani-drzavljanin-bih-sjeo-u-krivi-autobus-umjesto-u-nizozemsku-otputovao-u-dansku\\\/#primaryimage\"},\"thumbnailUrl\":\"https:\\\/\\\/radioljubuski.ba\\\/wp-content\\\/uploads\\\/2021\\\/12\\\/8-2021-12-13-17-14-38-AUTOBUS.jpg\",\"articleSection\":[\"BIH i regija\"],\"inLanguage\":\"hr\"},{\"@type\":\"WebPage\",\"@id\":\"https:\\\/\\\/radioljubuski.ba\\\/index.php\\\/2022\\\/04\\\/08\\\/pijani-drzavljanin-bih-sjeo-u-krivi-autobus-umjesto-u-nizozemsku-otputovao-u-dansku\\\/\",\"url\":\"https:\\\/\\\/radioljubuski.ba\\\/index.php\\\/2022\\\/04\\\/08\\\/pijani-drzavljanin-bih-sjeo-u-krivi-autobus-umjesto-u-nizozemsku-otputovao-u-dansku\\\/\",\"name\":\"Pijani dr\u017eavljanin BiH sjeo u krivi autobus, umjesto u Nizozemsku otputovao u Dansku - RADIO LJUBU\u0160KI\",\"isPartOf\":{\"@id\":\"https:\\\/\\\/radioljubuski.ba\\\/#website\"},\"primaryImageOfPage\":{\"@id\":\"https:\\\/\\\/radioljubuski.ba\\\/index.php\\\/2022\\\/04\\\/08\\\/pijani-drzavljanin-bih-sjeo-u-krivi-autobus-umjesto-u-nizozemsku-otputovao-u-dansku\\\/#primaryimage\"},\"image\":{\"@id\":\"https:\\\/\\\/radioljubuski.ba\\\/index.php\\\/2022\\\/04\\\/08\\\/pijani-drzavljanin-bih-sjeo-u-krivi-autobus-umjesto-u-nizozemsku-otputovao-u-dansku\\\/#primaryimage\"},\"thumbnailUrl\":\"https:\\\/\\\/radioljubuski.ba\\\/wp-content\\\/uploads\\\/2021\\\/12\\\/8-2021-12-13-17-14-38-AUTOBUS.jpg\",\"datePublished\":\"2022-04-08T09:58:45+00:00\",\"dateModified\":\"2022-04-08T09:59:09+00:00\",\"breadcrumb\":{\"@id\":\"https:\\\/\\\/radioljubuski.ba\\\/index.php\\\/2022\\\/04\\\/08\\\/pijani-drzavljanin-bih-sjeo-u-krivi-autobus-umjesto-u-nizozemsku-otputovao-u-dansku\\\/#breadcrumb\"},\"inLanguage\":\"hr\",\"potentialAction\":[{\"@type\":\"ReadAction\",\"target\":[\"https:\\\/\\\/radioljubuski.ba\\\/index.php\\\/2022\\\/04\\\/08\\\/pijani-drzavljanin-bih-sjeo-u-krivi-autobus-umjesto-u-nizozemsku-otputovao-u-dansku\\\/\"]}]},{\"@type\":\"ImageObject\",\"inLanguage\":\"hr\",\"@id\":\"https:\\\/\\\/radioljubuski.ba\\\/index.php\\\/2022\\\/04\\\/08\\\/pijani-drzavljanin-bih-sjeo-u-krivi-autobus-umjesto-u-nizozemsku-otputovao-u-dansku\\\/#primaryimage\",\"url\":\"https:\\\/\\\/radioljubuski.ba\\\/wp-content\\\/uploads\\\/2021\\\/12\\\/8-2021-12-13-17-14-38-AUTOBUS.jpg\",\"contentUrl\":\"https:\\\/\\\/radioljubuski.ba\\\/wp-content\\\/uploads\\\/2021\\\/12\\\/8-2021-12-13-17-14-38-AUTOBUS.jpg\",\"width\":1000,\"height\":625},{\"@type\":\"BreadcrumbList\",\"@id\":\"https:\\\/\\\/radioljubuski.ba\\\/index.php\\\/2022\\\/04\\\/08\\\/pijani-drzavljanin-bih-sjeo-u-krivi-autobus-umjesto-u-nizozemsku-otputovao-u-dansku\\\/#breadcrumb\",\"itemListElement\":[{\"@type\":\"ListItem\",\"position\":1,\"name\":\"Po\u010detna stranica\",\"item\":\"https:\\\/\\\/radioljubuski.ba\\\/\"},{\"@type\":\"ListItem\",\"position\":2,\"name\":\"Pijani dr\u017eavljanin BiH sjeo u krivi autobus, umjesto u Nizozemsku otputovao u Dansku\"}]},{\"@type\":\"WebSite\",\"@id\":\"https:\\\/\\\/radioljubuski.ba\\\/#website\",\"url\":\"https:\\\/\\\/radioljubuski.ba\\\/\",\"name\":\"Radio Ljubu\u0161ki\",\"description\":\"Sun\u010dana frekvencija Hercegovine\",\"publisher\":{\"@id\":\"https:\\\/\\\/radioljubuski.ba\\\/#organization\"},\"potentialAction\":[{\"@type\":\"SearchAction\",\"target\":{\"@type\":\"EntryPoint\",\"urlTemplate\":\"https:\\\/\\\/radioljubuski.ba\\\/?s={search_term_string}\"},\"query-input\":{\"@type\":\"PropertyValueSpecification\",\"valueRequired\":true,\"valueName\":\"search_term_string\"}}],\"inLanguage\":\"hr\"},{\"@type\":\"Organization\",\"@id\":\"https:\\\/\\\/radioljubuski.ba\\\/#organization\",\"name\":\"Radio Ljubu\u0161ki\",\"url\":\"https:\\\/\\\/radioljubuski.ba\\\/\",\"logo\":{\"@type\":\"ImageObject\",\"inLanguage\":\"hr\",\"@id\":\"https:\\\/\\\/radioljubuski.ba\\\/#\\\/schema\\\/logo\\\/image\\\/\",\"url\":\"https:\\\/\\\/radioljubuski.ba\\\/wp-content\\\/uploads\\\/2021\\\/02\\\/cropped-Radio_Ljubuski_logo1.jpg\",\"contentUrl\":\"https:\\\/\\\/radioljubuski.ba\\\/wp-content\\\/uploads\\\/2021\\\/02\\\/cropped-Radio_Ljubuski_logo1.jpg\",\"width\":512,\"height\":512,\"caption\":\"Radio Ljubu\u0161ki\"},\"image\":{\"@id\":\"https:\\\/\\\/radioljubuski.ba\\\/#\\\/schema\\\/logo\\\/image\\\/\"},\"sameAs\":[\"https:\\\/\\\/www.facebook.com\\\/Radiio-Ljubuski-1490835324566332\",\"https:\\\/\\\/x.com\\\/radioljubuski\",\"https:\\\/\\\/hr.linkedin.com\\\/company\\\/radio-ljubuski\",\"https:\\\/\\\/www.youtube.com\\\/channel\\\/UCHYaeO_n0Db3tjNGudGpXyw\"]},{\"@type\":\"Person\",\"@id\":\"https:\\\/\\\/radioljubuski.ba\\\/#\\\/schema\\\/person\\\/19fc700381a780f69665d7956c469e3b\",\"name\":\"Radio Ljubu\u0161ki\"}]}<\/script>\n<!-- \/ Yoast SEO plugin. -->","yoast_head_json":{"title":"Pijani dr\u017eavljanin BiH sjeo u krivi autobus, umjesto u Nizozemsku otputovao u Dansku - RADIO LJUBU\u0160KI","robots":{"index":"index","follow":"follow","max-snippet":"max-snippet:-1","max-image-preview":"max-image-preview:large","max-video-preview":"max-video-preview:-1"},"canonical":"https:\/\/radioljubuski.ba\/index.php\/2022\/04\/08\/pijani-drzavljanin-bih-sjeo-u-krivi-autobus-umjesto-u-nizozemsku-otputovao-u-dansku\/","og_locale":"hr_HR","og_type":"article","og_title":"Pijani dr\u017eavljanin BiH sjeo u krivi autobus, umjesto u Nizozemsku otputovao u Dansku - RADIO LJUBU\u0160KI","og_description":"Pijani dr\u017eavljanin BiH je zabunom u Hamburgu sjeo u pogre\u0161an autobus pa je umjesto natrag u Nizozemsku otputovao u Dansku, pi\u0161e Fenix-magazin. Zbog toga je 45-godi\u0161nji mu\u0161karac svoje putovanje u srijedu ujutro zavr\u0161io u policiji u Flensburgu nakon \u0161to ga je danska policija izvela iz autobusa jer je putovao bez dokumenata i novca. U policijskoj [&hellip;]","og_url":"https:\/\/radioljubuski.ba\/index.php\/2022\/04\/08\/pijani-drzavljanin-bih-sjeo-u-krivi-autobus-umjesto-u-nizozemsku-otputovao-u-dansku\/","og_site_name":"RADIO LJUBU\u0160KI","article_publisher":"https:\/\/www.facebook.com\/Radiio-Ljubuski-1490835324566332","article_published_time":"2022-04-08T09:58:45+00:00","article_modified_time":"2022-04-08T09:59:09+00:00","og_image":[{"width":1000,"height":625,"url":"https:\/\/radioljubuski.ba\/wp-content\/uploads\/2021\/12\/8-2021-12-13-17-14-38-AUTOBUS.jpg","type":"image\/jpeg"}],"author":"Radio Ljubu\u0161ki","twitter_card":"summary_large_image","twitter_creator":"@radioljubuski","twitter_site":"@radioljubuski","twitter_misc":{"Napisao\/la":"Radio Ljubu\u0161ki","Procijenjeno vrijeme \u010ditanja":"2 minute"},"schema":{"@context":"https:\/\/schema.org","@graph":[{"@type":"Article","@id":"https:\/\/radioljubuski.ba\/index.php\/2022\/04\/08\/pijani-drzavljanin-bih-sjeo-u-krivi-autobus-umjesto-u-nizozemsku-otputovao-u-dansku\/#article","isPartOf":{"@id":"https:\/\/radioljubuski.ba\/index.php\/2022\/04\/08\/pijani-drzavljanin-bih-sjeo-u-krivi-autobus-umjesto-u-nizozemsku-otputovao-u-dansku\/"},"author":{"name":"Radio Ljubu\u0161ki","@id":"https:\/\/radioljubuski.ba\/#\/schema\/person\/19fc700381a780f69665d7956c469e3b"},"headline":"Pijani dr\u017eavljanin BiH sjeo u krivi autobus, umjesto u Nizozemsku otputovao u Dansku","datePublished":"2022-04-08T09:58:45+00:00","dateModified":"2022-04-08T09:59:09+00:00","mainEntityOfPage":{"@id":"https:\/\/radioljubuski.ba\/index.php\/2022\/04\/08\/pijani-drzavljanin-bih-sjeo-u-krivi-autobus-umjesto-u-nizozemsku-otputovao-u-dansku\/"},"wordCount":278,"publisher":{"@id":"https:\/\/radioljubuski.ba\/#organization"},"image":{"@id":"https:\/\/radioljubuski.ba\/index.php\/2022\/04\/08\/pijani-drzavljanin-bih-sjeo-u-krivi-autobus-umjesto-u-nizozemsku-otputovao-u-dansku\/#primaryimage"},"thumbnailUrl":"https:\/\/radioljubuski.ba\/wp-content\/uploads\/2021\/12\/8-2021-12-13-17-14-38-AUTOBUS.jpg","articleSection":["BIH i regija"],"inLanguage":"hr"},{"@type":"WebPage","@id":"https:\/\/radioljubuski.ba\/index.php\/2022\/04\/08\/pijani-drzavljanin-bih-sjeo-u-krivi-autobus-umjesto-u-nizozemsku-otputovao-u-dansku\/","url":"https:\/\/radioljubuski.ba\/index.php\/2022\/04\/08\/pijani-drzavljanin-bih-sjeo-u-krivi-autobus-umjesto-u-nizozemsku-otputovao-u-dansku\/","name":"Pijani dr\u017eavljanin BiH sjeo u krivi autobus, umjesto u Nizozemsku otputovao u Dansku - RADIO LJUBU\u0160KI","isPartOf":{"@id":"https:\/\/radioljubuski.ba\/#website"},"primaryImageOfPage":{"@id":"https:\/\/radioljubuski.ba\/index.php\/2022\/04\/08\/pijani-drzavljanin-bih-sjeo-u-krivi-autobus-umjesto-u-nizozemsku-otputovao-u-dansku\/#primaryimage"},"image":{"@id":"https:\/\/radioljubuski.ba\/index.php\/2022\/04\/08\/pijani-drzavljanin-bih-sjeo-u-krivi-autobus-umjesto-u-nizozemsku-otputovao-u-dansku\/#primaryimage"},"thumbnailUrl":"https:\/\/radioljubuski.ba\/wp-content\/uploads\/2021\/12\/8-2021-12-13-17-14-38-AUTOBUS.jpg","datePublished":"2022-04-08T09:58:45+00:00","dateModified":"2022-04-08T09:59:09+00:00","breadcrumb":{"@id":"https:\/\/radioljubuski.ba\/index.php\/2022\/04\/08\/pijani-drzavljanin-bih-sjeo-u-krivi-autobus-umjesto-u-nizozemsku-otputovao-u-dansku\/#breadcrumb"},"inLanguage":"hr","potentialAction":[{"@type":"ReadAction","target":["https:\/\/radioljubuski.ba\/index.php\/2022\/04\/08\/pijani-drzavljanin-bih-sjeo-u-krivi-autobus-umjesto-u-nizozemsku-otputovao-u-dansku\/"]}]},{"@type":"ImageObject","inLanguage":"hr","@id":"https:\/\/radioljubuski.ba\/index.php\/2022\/04\/08\/pijani-drzavljanin-bih-sjeo-u-krivi-autobus-umjesto-u-nizozemsku-otputovao-u-dansku\/#primaryimage","url":"https:\/\/radioljubuski.ba\/wp-content\/uploads\/2021\/12\/8-2021-12-13-17-14-38-AUTOBUS.jpg","contentUrl":"https:\/\/radioljubuski.ba\/wp-content\/uploads\/2021\/12\/8-2021-12-13-17-14-38-AUTOBUS.jpg","width":1000,"height":625},{"@type":"BreadcrumbList","@id":"https:\/\/radioljubuski.ba\/index.php\/2022\/04\/08\/pijani-drzavljanin-bih-sjeo-u-krivi-autobus-umjesto-u-nizozemsku-otputovao-u-dansku\/#breadcrumb","itemListElement":[{"@type":"ListItem","position":1,"name":"Po\u010detna stranica","item":"https:\/\/radioljubuski.ba\/"},{"@type":"ListItem","position":2,"name":"Pijani dr\u017eavljanin BiH sjeo u krivi autobus, umjesto u Nizozemsku otputovao u Dansku"}]},{"@type":"WebSite","@id":"https:\/\/radioljubuski.ba\/#website","url":"https:\/\/radioljubuski.ba\/","name":"Radio Ljubu\u0161ki","description":"Sun\u010dana frekvencija Hercegovine","publisher":{"@id":"https:\/\/radioljubuski.ba\/#organization"},"potentialAction":[{"@type":"SearchAction","target":{"@type":"EntryPoint","urlTemplate":"https:\/\/radioljubuski.ba\/?s={search_term_string}"},"query-input":{"@type":"PropertyValueSpecification","valueRequired":true,"valueName":"search_term_string"}}],"inLanguage":"hr"},{"@type":"Organization","@id":"https:\/\/radioljubuski.ba\/#organization","name":"Radio Ljubu\u0161ki","url":"https:\/\/radioljubuski.ba\/","logo":{"@type":"ImageObject","inLanguage":"hr","@id":"https:\/\/radioljubuski.ba\/#\/schema\/logo\/image\/","url":"https:\/\/radioljubuski.ba\/wp-content\/uploads\/2021\/02\/cropped-Radio_Ljubuski_logo1.jpg","contentUrl":"https:\/\/radioljubuski.ba\/wp-content\/uploads\/2021\/02\/cropped-Radio_Ljubuski_logo1.jpg","width":512,"height":512,"caption":"Radio Ljubu\u0161ki"},"image":{"@id":"https:\/\/radioljubuski.ba\/#\/schema\/logo\/image\/"},"sameAs":["https:\/\/www.facebook.com\/Radiio-Ljubuski-1490835324566332","https:\/\/x.com\/radioljubuski","https:\/\/hr.linkedin.com\/company\/radio-ljubuski","https:\/\/www.youtube.com\/channel\/UCHYaeO_n0Db3tjNGudGpXyw"]},{"@type":"Person","@id":"https:\/\/radioljubuski.ba\/#\/schema\/person\/19fc700381a780f69665d7956c469e3b","name":"Radio Ljubu\u0161ki"}]}},"_links":{"self":[{"href":"https:\/\/radioljubuski.ba\/index.php\/wp-json\/wp\/v2\/posts\/130420","targetHints":{"allow":["GET"]}}],"collection":[{"href":"https:\/\/radioljubuski.ba\/index.php\/wp-json\/wp\/v2\/posts"}],"about":[{"href":"https:\/\/radioljubuski.ba\/index.php\/wp-json\/wp\/v2\/types\/post"}],"author":[{"embeddable":true,"href":"https:\/\/radioljubuski.ba\/index.php\/wp-json\/wp\/v2\/users\/2"}],"replies":[{"embeddable":true,"href":"https:\/\/radioljubuski.ba\/index.php\/wp-json\/wp\/v2\/comments?post=130420"}],"version-history":[{"count":1,"href":"https:\/\/radioljubuski.ba\/index.php\/wp-json\/wp\/v2\/posts\/130420\/revisions"}],"predecessor-version":[{"id":130421,"href":"https:\/\/radioljubuski.ba\/index.php\/wp-json\/wp\/v2\/posts\/130420\/revisions\/130421"}],"wp:featuredmedia":[{"embeddable":true,"href":"https:\/\/radioljubuski.ba\/index.php\/wp-json\/wp\/v2\/media\/99646"}],"wp:attachment":[{"href":"https:\/\/radioljubuski.ba\/index.php\/wp-json\/wp\/v2\/media?parent=130420"}],"wp:term":[{"taxonomy":"category","embeddable":true,"href":"https:\/\/radioljubuski.ba\/index.php\/wp-json\/wp\/v2\/categories?post=130420"},{"taxonomy":"post_tag","embeddable":true,"href":"https:\/\/radioljubuski.ba\/index.php\/wp-json\/wp\/v2\/tags?post=130420"}],"curies":[{"name":"wp","href":"https:\/\/api.w.org\/{rel}","templated":true}]}}