{"id":130499,"date":"2022-04-08T12:47:53","date_gmt":"2022-04-08T11:47:53","guid":{"rendered":"https:\/\/radioljubuski.ba\/?p=130499"},"modified":"2022-04-08T12:47:53","modified_gmt":"2022-04-08T11:47:53","slug":"bjelica-uoci-belupa-morao-sam-prekinuti-trening-danas","status":"publish","type":"post","link":"https:\/\/radioljubuski.ba\/index.php\/2022\/04\/08\/bjelica-uoci-belupa-morao-sam-prekinuti-trening-danas\/","title":{"rendered":"Bjelica uo\u010di Belupa: Morao sam prekinuti trening danas"},"content":{"rendered":"\n<p>Nogometa\u0161i Osijeka u nedjelju gostuju u Koprivnici kod Slave Belupa u sklopu 30. kola Prve HNL. Susret je najavio trener Osijeka <strong>Nenad Bjelica<\/strong>.<\/p>\n\n\n\n<p>&#8211; Imamo <strong>Lovri\u0107a<\/strong>, <strong>\u017dapera <\/strong>i <strong>Miereza <\/strong>koji ne mogu igrati zbog kartona. <strong>\u0160kori\u0107 <\/strong>je ozlije\u0111en, isto tako imamo <strong>Lon\u010dara <\/strong>koji \u0107e najvjerojatnije propustiti Belupo. <strong>Bartolec <\/strong>je cijeli tjedan trenirao, ali je mo\u017eda jo\u0161 prerano za njega.&nbsp;<\/p>\n\n\n\n<p>&#8211; Ostali su na raspolaganju, dobro smo trenirali, danas sam morao prekinuti trening jer igra\u010di nisu bili skoncentrirani i mislim da je bolje da se takav trening ne odradi. Dobro smo radili od utorka do danas i nadam se da \u0107emo utakmicu odigrati kao protiv Hajduka.<\/p>\n\n\n\n<p><strong>Ovo je veliki ispit za dubinu kadra:<\/strong><\/p>\n\n\n\n<p>&#8211; Imali smo mi i ranije izostanaka, ne \u017ealim se, vjerujem u igra\u010de koji su na raspolaganju. Izostanak ovih \u0161est igra\u010da ne predstavlja problem i o\u010dekujem da \u0107emo se vratiti tri boda. Ulog je velik i znamo \u0161to nam tri boda nose. Belupo je ozbiljan protivnik.&nbsp;<\/p>\n\n\n\n<p><strong>O penalima ove sezone:<\/strong><\/p>\n\n\n\n<p>&#8211; Mi mo\u017eemo \u0161utirati penale na treninzima, to nije ista situacija kao na utakmici, utakmice su stresne, svi mi \u017eelimo da igra\u010d koji puca, da ga zabije isto kao i sam igra\u010d. Dogodi se situacija kao protiv Hajduka, puno ko\u0161kanja, promjene odluke suca remete koncentraciju i <strong>Lovri\u0107 <\/strong>se nije osje\u0107ao spremno. Ako nitko ne \u017eeli preuzeti odgovornost, onda ja donosim odluku.<\/p>\n\n\n\n<iframe loading=\"lazy\" src=\"https:\/\/www.facebook.com\/plugins\/post.php?href=https%3A%2F%2Fwww.facebook.com%2Fnkosijek%2Fposts%2F10161696955028852&#038;show_text=true&#038;width=500\" width=\"500\" height=\"645\" style=\"border:none;overflow:hidden\" scrolling=\"no\" frameborder=\"0\" allowfullscreen=\"true\" allow=\"autoplay; clipboard-write; encrypted-media; picture-in-picture; web-share\"><\/iframe>\n\n\n\n<p><strong>Jesu li igra\u010di motivirani kao protiv Hajduka?<\/strong><\/p>\n\n\n\n<p>&#8211; Mi imamo 1001 motiv, uop\u0107e nas ne zanima koliko \u0107e ljudi biti na tribini, ako nekome nije jasno \u0161to \u017eelimo ostvariti ove sezone, onda ne znam \u0161to bih rekao.&nbsp;<\/p>\n\n\n\n<p><strong>Koliko \u0107e ove &#8220;male&#8221; utakmice biti va\u017ene za poredak na kraju?<\/strong><\/p>\n\n\n\n<p>&#8211; Te\u0161ko je procijeniti, kad sve ovo zavr\u0161i vidjet \u0107emo \u0161to je presudilo u ovoj utrci, previ\u0161e se zamarati s ne\u010dim na \u0161to ne mo\u017eemo utjecati je nonsense. Trebamo dati sve od sebe da pobijedimo sad ovu utakmicu. Mislim da smo pro\u0161le godine protiv ekipa od 5. do 10. mjesta bili najbolji, a gubili smo bodove od ovih prvih \u010detiri, pet. Ove sezone smo najbolji u derbijima pa \u0107emo vidjeti.<\/p>\n\n\n\n<p>Izvor:hrt.hr<\/p>\n","protected":false},"excerpt":{"rendered":"<p>Nogometa\u0161i Osijeka u nedjelju gostuju u Koprivnici kod Slave Belupa u sklopu 30. kola Prve HNL. Susret je najavio trener Osijeka Nenad Bjelica. &#8211; Imamo Lovri\u0107a, \u017dapera i Miereza koji ne mogu igrati zbog kartona. \u0160kori\u0107 je ozlije\u0111en, isto tako imamo Lon\u010dara koji \u0107e najvjerojatnije propustiti Belupo. Bartolec je cijeli tjedan trenirao, ali je mo\u017eda [&hellip;]<\/p>\n","protected":false},"author":2,"featured_media":43175,"comment_status":"closed","ping_status":"closed","sticky":false,"template":"","format":"standard","meta":{"h5ap_radio_sources":[],"footnotes":""},"categories":[7],"tags":[],"class_list":["post-130499","post","type-post","status-publish","format-standard","has-post-thumbnail","hentry","category-sport"],"yoast_head":"<!-- This site is optimized with the Yoast SEO plugin v27.5 - https:\/\/yoast.com\/product\/yoast-seo-wordpress\/ -->\n<title>Bjelica uo\u010di Belupa: Morao sam prekinuti trening danas - RADIO LJUBU\u0160KI<\/title>\n<meta name=\"robots\" content=\"index, follow, max-snippet:-1, max-image-preview:large, max-video-preview:-1\" \/>\n<link rel=\"canonical\" href=\"https:\/\/radioljubuski.ba\/index.php\/2022\/04\/08\/bjelica-uoci-belupa-morao-sam-prekinuti-trening-danas\/\" \/>\n<meta property=\"og:locale\" content=\"hr_HR\" \/>\n<meta property=\"og:type\" content=\"article\" \/>\n<meta property=\"og:title\" content=\"Bjelica uo\u010di Belupa: Morao sam prekinuti trening danas - RADIO LJUBU\u0160KI\" \/>\n<meta property=\"og:description\" content=\"Nogometa\u0161i Osijeka u nedjelju gostuju u Koprivnici kod Slave Belupa u sklopu 30. kola Prve HNL. Susret je najavio trener Osijeka Nenad Bjelica. &#8211; Imamo Lovri\u0107a, \u017dapera i Miereza koji ne mogu igrati zbog kartona. \u0160kori\u0107 je ozlije\u0111en, isto tako imamo Lon\u010dara koji \u0107e najvjerojatnije propustiti Belupo. Bartolec je cijeli tjedan trenirao, ali je mo\u017eda [&hellip;]\" \/>\n<meta property=\"og:url\" content=\"https:\/\/radioljubuski.ba\/index.php\/2022\/04\/08\/bjelica-uoci-belupa-morao-sam-prekinuti-trening-danas\/\" \/>\n<meta property=\"og:site_name\" content=\"RADIO LJUBU\u0160KI\" \/>\n<meta property=\"article:publisher\" content=\"https:\/\/www.facebook.com\/Radiio-Ljubuski-1490835324566332\" \/>\n<meta property=\"article:published_time\" content=\"2022-04-08T11:47:53+00:00\" \/>\n<meta property=\"og:image\" content=\"https:\/\/radioljubuski.ba\/wp-content\/uploads\/2021\/07\/bjelica-ne-pxl-190621-33314348-20210715153010.jpg\" \/>\n\t<meta property=\"og:image:width\" content=\"1000\" \/>\n\t<meta property=\"og:image:height\" content=\"587\" \/>\n\t<meta property=\"og:image:type\" content=\"image\/jpeg\" \/>\n<meta name=\"author\" content=\"Radio Ljubu\u0161ki\" \/>\n<meta name=\"twitter:card\" content=\"summary_large_image\" \/>\n<meta name=\"twitter:creator\" content=\"@radioljubuski\" \/>\n<meta name=\"twitter:site\" content=\"@radioljubuski\" \/>\n<meta name=\"twitter:label1\" content=\"Napisao\/la\" \/>\n\t<meta name=\"twitter:data1\" content=\"Radio Ljubu\u0161ki\" \/>\n\t<meta name=\"twitter:label2\" content=\"Procijenjeno vrijeme \u010ditanja\" \/>\n\t<meta name=\"twitter:data2\" content=\"2 minute\" \/>\n<script type=\"application\/ld+json\" class=\"yoast-schema-graph\">{\"@context\":\"https:\\\/\\\/schema.org\",\"@graph\":[{\"@type\":\"Article\",\"@id\":\"https:\\\/\\\/radioljubuski.ba\\\/index.php\\\/2022\\\/04\\\/08\\\/bjelica-uoci-belupa-morao-sam-prekinuti-trening-danas\\\/#article\",\"isPartOf\":{\"@id\":\"https:\\\/\\\/radioljubuski.ba\\\/index.php\\\/2022\\\/04\\\/08\\\/bjelica-uoci-belupa-morao-sam-prekinuti-trening-danas\\\/\"},\"author\":{\"name\":\"Radio Ljubu\u0161ki\",\"@id\":\"https:\\\/\\\/radioljubuski.ba\\\/#\\\/schema\\\/person\\\/19fc700381a780f69665d7956c469e3b\"},\"headline\":\"Bjelica uo\u010di Belupa: Morao sam prekinuti trening danas\",\"datePublished\":\"2022-04-08T11:47:53+00:00\",\"mainEntityOfPage\":{\"@id\":\"https:\\\/\\\/radioljubuski.ba\\\/index.php\\\/2022\\\/04\\\/08\\\/bjelica-uoci-belupa-morao-sam-prekinuti-trening-danas\\\/\"},\"wordCount\":373,\"publisher\":{\"@id\":\"https:\\\/\\\/radioljubuski.ba\\\/#organization\"},\"image\":{\"@id\":\"https:\\\/\\\/radioljubuski.ba\\\/index.php\\\/2022\\\/04\\\/08\\\/bjelica-uoci-belupa-morao-sam-prekinuti-trening-danas\\\/#primaryimage\"},\"thumbnailUrl\":\"https:\\\/\\\/radioljubuski.ba\\\/wp-content\\\/uploads\\\/2021\\\/07\\\/bjelica-ne-pxl-190621-33314348-20210715153010.jpg\",\"articleSection\":[\"\u0160port\"],\"inLanguage\":\"hr\"},{\"@type\":\"WebPage\",\"@id\":\"https:\\\/\\\/radioljubuski.ba\\\/index.php\\\/2022\\\/04\\\/08\\\/bjelica-uoci-belupa-morao-sam-prekinuti-trening-danas\\\/\",\"url\":\"https:\\\/\\\/radioljubuski.ba\\\/index.php\\\/2022\\\/04\\\/08\\\/bjelica-uoci-belupa-morao-sam-prekinuti-trening-danas\\\/\",\"name\":\"Bjelica uo\u010di Belupa: Morao sam prekinuti trening danas - RADIO LJUBU\u0160KI\",\"isPartOf\":{\"@id\":\"https:\\\/\\\/radioljubuski.ba\\\/#website\"},\"primaryImageOfPage\":{\"@id\":\"https:\\\/\\\/radioljubuski.ba\\\/index.php\\\/2022\\\/04\\\/08\\\/bjelica-uoci-belupa-morao-sam-prekinuti-trening-danas\\\/#primaryimage\"},\"image\":{\"@id\":\"https:\\\/\\\/radioljubuski.ba\\\/index.php\\\/2022\\\/04\\\/08\\\/bjelica-uoci-belupa-morao-sam-prekinuti-trening-danas\\\/#primaryimage\"},\"thumbnailUrl\":\"https:\\\/\\\/radioljubuski.ba\\\/wp-content\\\/uploads\\\/2021\\\/07\\\/bjelica-ne-pxl-190621-33314348-20210715153010.jpg\",\"datePublished\":\"2022-04-08T11:47:53+00:00\",\"breadcrumb\":{\"@id\":\"https:\\\/\\\/radioljubuski.ba\\\/index.php\\\/2022\\\/04\\\/08\\\/bjelica-uoci-belupa-morao-sam-prekinuti-trening-danas\\\/#breadcrumb\"},\"inLanguage\":\"hr\",\"potentialAction\":[{\"@type\":\"ReadAction\",\"target\":[\"https:\\\/\\\/radioljubuski.ba\\\/index.php\\\/2022\\\/04\\\/08\\\/bjelica-uoci-belupa-morao-sam-prekinuti-trening-danas\\\/\"]}]},{\"@type\":\"ImageObject\",\"inLanguage\":\"hr\",\"@id\":\"https:\\\/\\\/radioljubuski.ba\\\/index.php\\\/2022\\\/04\\\/08\\\/bjelica-uoci-belupa-morao-sam-prekinuti-trening-danas\\\/#primaryimage\",\"url\":\"https:\\\/\\\/radioljubuski.ba\\\/wp-content\\\/uploads\\\/2021\\\/07\\\/bjelica-ne-pxl-190621-33314348-20210715153010.jpg\",\"contentUrl\":\"https:\\\/\\\/radioljubuski.ba\\\/wp-content\\\/uploads\\\/2021\\\/07\\\/bjelica-ne-pxl-190621-33314348-20210715153010.jpg\",\"width\":1000,\"height\":587},{\"@type\":\"BreadcrumbList\",\"@id\":\"https:\\\/\\\/radioljubuski.ba\\\/index.php\\\/2022\\\/04\\\/08\\\/bjelica-uoci-belupa-morao-sam-prekinuti-trening-danas\\\/#breadcrumb\",\"itemListElement\":[{\"@type\":\"ListItem\",\"position\":1,\"name\":\"Po\u010detna stranica\",\"item\":\"https:\\\/\\\/radioljubuski.ba\\\/\"},{\"@type\":\"ListItem\",\"position\":2,\"name\":\"Bjelica uo\u010di Belupa: Morao sam prekinuti trening danas\"}]},{\"@type\":\"WebSite\",\"@id\":\"https:\\\/\\\/radioljubuski.ba\\\/#website\",\"url\":\"https:\\\/\\\/radioljubuski.ba\\\/\",\"name\":\"Radio Ljubu\u0161ki\",\"description\":\"Sun\u010dana frekvencija Hercegovine\",\"publisher\":{\"@id\":\"https:\\\/\\\/radioljubuski.ba\\\/#organization\"},\"potentialAction\":[{\"@type\":\"SearchAction\",\"target\":{\"@type\":\"EntryPoint\",\"urlTemplate\":\"https:\\\/\\\/radioljubuski.ba\\\/?s={search_term_string}\"},\"query-input\":{\"@type\":\"PropertyValueSpecification\",\"valueRequired\":true,\"valueName\":\"search_term_string\"}}],\"inLanguage\":\"hr\"},{\"@type\":\"Organization\",\"@id\":\"https:\\\/\\\/radioljubuski.ba\\\/#organization\",\"name\":\"Radio Ljubu\u0161ki\",\"url\":\"https:\\\/\\\/radioljubuski.ba\\\/\",\"logo\":{\"@type\":\"ImageObject\",\"inLanguage\":\"hr\",\"@id\":\"https:\\\/\\\/radioljubuski.ba\\\/#\\\/schema\\\/logo\\\/image\\\/\",\"url\":\"https:\\\/\\\/radioljubuski.ba\\\/wp-content\\\/uploads\\\/2021\\\/02\\\/cropped-Radio_Ljubuski_logo1.jpg\",\"contentUrl\":\"https:\\\/\\\/radioljubuski.ba\\\/wp-content\\\/uploads\\\/2021\\\/02\\\/cropped-Radio_Ljubuski_logo1.jpg\",\"width\":512,\"height\":512,\"caption\":\"Radio Ljubu\u0161ki\"},\"image\":{\"@id\":\"https:\\\/\\\/radioljubuski.ba\\\/#\\\/schema\\\/logo\\\/image\\\/\"},\"sameAs\":[\"https:\\\/\\\/www.facebook.com\\\/Radiio-Ljubuski-1490835324566332\",\"https:\\\/\\\/x.com\\\/radioljubuski\",\"https:\\\/\\\/hr.linkedin.com\\\/company\\\/radio-ljubuski\",\"https:\\\/\\\/www.youtube.com\\\/channel\\\/UCHYaeO_n0Db3tjNGudGpXyw\"]},{\"@type\":\"Person\",\"@id\":\"https:\\\/\\\/radioljubuski.ba\\\/#\\\/schema\\\/person\\\/19fc700381a780f69665d7956c469e3b\",\"name\":\"Radio Ljubu\u0161ki\"}]}<\/script>\n<!-- \/ Yoast SEO plugin. -->","yoast_head_json":{"title":"Bjelica uo\u010di Belupa: Morao sam prekinuti trening danas - RADIO LJUBU\u0160KI","robots":{"index":"index","follow":"follow","max-snippet":"max-snippet:-1","max-image-preview":"max-image-preview:large","max-video-preview":"max-video-preview:-1"},"canonical":"https:\/\/radioljubuski.ba\/index.php\/2022\/04\/08\/bjelica-uoci-belupa-morao-sam-prekinuti-trening-danas\/","og_locale":"hr_HR","og_type":"article","og_title":"Bjelica uo\u010di Belupa: Morao sam prekinuti trening danas - RADIO LJUBU\u0160KI","og_description":"Nogometa\u0161i Osijeka u nedjelju gostuju u Koprivnici kod Slave Belupa u sklopu 30. kola Prve HNL. Susret je najavio trener Osijeka Nenad Bjelica. &#8211; Imamo Lovri\u0107a, \u017dapera i Miereza koji ne mogu igrati zbog kartona. \u0160kori\u0107 je ozlije\u0111en, isto tako imamo Lon\u010dara koji \u0107e najvjerojatnije propustiti Belupo. Bartolec je cijeli tjedan trenirao, ali je mo\u017eda [&hellip;]","og_url":"https:\/\/radioljubuski.ba\/index.php\/2022\/04\/08\/bjelica-uoci-belupa-morao-sam-prekinuti-trening-danas\/","og_site_name":"RADIO LJUBU\u0160KI","article_publisher":"https:\/\/www.facebook.com\/Radiio-Ljubuski-1490835324566332","article_published_time":"2022-04-08T11:47:53+00:00","og_image":[{"width":1000,"height":587,"url":"https:\/\/radioljubuski.ba\/wp-content\/uploads\/2021\/07\/bjelica-ne-pxl-190621-33314348-20210715153010.jpg","type":"image\/jpeg"}],"author":"Radio Ljubu\u0161ki","twitter_card":"summary_large_image","twitter_creator":"@radioljubuski","twitter_site":"@radioljubuski","twitter_misc":{"Napisao\/la":"Radio Ljubu\u0161ki","Procijenjeno vrijeme \u010ditanja":"2 minute"},"schema":{"@context":"https:\/\/schema.org","@graph":[{"@type":"Article","@id":"https:\/\/radioljubuski.ba\/index.php\/2022\/04\/08\/bjelica-uoci-belupa-morao-sam-prekinuti-trening-danas\/#article","isPartOf":{"@id":"https:\/\/radioljubuski.ba\/index.php\/2022\/04\/08\/bjelica-uoci-belupa-morao-sam-prekinuti-trening-danas\/"},"author":{"name":"Radio Ljubu\u0161ki","@id":"https:\/\/radioljubuski.ba\/#\/schema\/person\/19fc700381a780f69665d7956c469e3b"},"headline":"Bjelica uo\u010di Belupa: Morao sam prekinuti trening danas","datePublished":"2022-04-08T11:47:53+00:00","mainEntityOfPage":{"@id":"https:\/\/radioljubuski.ba\/index.php\/2022\/04\/08\/bjelica-uoci-belupa-morao-sam-prekinuti-trening-danas\/"},"wordCount":373,"publisher":{"@id":"https:\/\/radioljubuski.ba\/#organization"},"image":{"@id":"https:\/\/radioljubuski.ba\/index.php\/2022\/04\/08\/bjelica-uoci-belupa-morao-sam-prekinuti-trening-danas\/#primaryimage"},"thumbnailUrl":"https:\/\/radioljubuski.ba\/wp-content\/uploads\/2021\/07\/bjelica-ne-pxl-190621-33314348-20210715153010.jpg","articleSection":["\u0160port"],"inLanguage":"hr"},{"@type":"WebPage","@id":"https:\/\/radioljubuski.ba\/index.php\/2022\/04\/08\/bjelica-uoci-belupa-morao-sam-prekinuti-trening-danas\/","url":"https:\/\/radioljubuski.ba\/index.php\/2022\/04\/08\/bjelica-uoci-belupa-morao-sam-prekinuti-trening-danas\/","name":"Bjelica uo\u010di Belupa: Morao sam prekinuti trening danas - RADIO LJUBU\u0160KI","isPartOf":{"@id":"https:\/\/radioljubuski.ba\/#website"},"primaryImageOfPage":{"@id":"https:\/\/radioljubuski.ba\/index.php\/2022\/04\/08\/bjelica-uoci-belupa-morao-sam-prekinuti-trening-danas\/#primaryimage"},"image":{"@id":"https:\/\/radioljubuski.ba\/index.php\/2022\/04\/08\/bjelica-uoci-belupa-morao-sam-prekinuti-trening-danas\/#primaryimage"},"thumbnailUrl":"https:\/\/radioljubuski.ba\/wp-content\/uploads\/2021\/07\/bjelica-ne-pxl-190621-33314348-20210715153010.jpg","datePublished":"2022-04-08T11:47:53+00:00","breadcrumb":{"@id":"https:\/\/radioljubuski.ba\/index.php\/2022\/04\/08\/bjelica-uoci-belupa-morao-sam-prekinuti-trening-danas\/#breadcrumb"},"inLanguage":"hr","potentialAction":[{"@type":"ReadAction","target":["https:\/\/radioljubuski.ba\/index.php\/2022\/04\/08\/bjelica-uoci-belupa-morao-sam-prekinuti-trening-danas\/"]}]},{"@type":"ImageObject","inLanguage":"hr","@id":"https:\/\/radioljubuski.ba\/index.php\/2022\/04\/08\/bjelica-uoci-belupa-morao-sam-prekinuti-trening-danas\/#primaryimage","url":"https:\/\/radioljubuski.ba\/wp-content\/uploads\/2021\/07\/bjelica-ne-pxl-190621-33314348-20210715153010.jpg","contentUrl":"https:\/\/radioljubuski.ba\/wp-content\/uploads\/2021\/07\/bjelica-ne-pxl-190621-33314348-20210715153010.jpg","width":1000,"height":587},{"@type":"BreadcrumbList","@id":"https:\/\/radioljubuski.ba\/index.php\/2022\/04\/08\/bjelica-uoci-belupa-morao-sam-prekinuti-trening-danas\/#breadcrumb","itemListElement":[{"@type":"ListItem","position":1,"name":"Po\u010detna stranica","item":"https:\/\/radioljubuski.ba\/"},{"@type":"ListItem","position":2,"name":"Bjelica uo\u010di Belupa: Morao sam prekinuti trening danas"}]},{"@type":"WebSite","@id":"https:\/\/radioljubuski.ba\/#website","url":"https:\/\/radioljubuski.ba\/","name":"Radio Ljubu\u0161ki","description":"Sun\u010dana frekvencija Hercegovine","publisher":{"@id":"https:\/\/radioljubuski.ba\/#organization"},"potentialAction":[{"@type":"SearchAction","target":{"@type":"EntryPoint","urlTemplate":"https:\/\/radioljubuski.ba\/?s={search_term_string}"},"query-input":{"@type":"PropertyValueSpecification","valueRequired":true,"valueName":"search_term_string"}}],"inLanguage":"hr"},{"@type":"Organization","@id":"https:\/\/radioljubuski.ba\/#organization","name":"Radio Ljubu\u0161ki","url":"https:\/\/radioljubuski.ba\/","logo":{"@type":"ImageObject","inLanguage":"hr","@id":"https:\/\/radioljubuski.ba\/#\/schema\/logo\/image\/","url":"https:\/\/radioljubuski.ba\/wp-content\/uploads\/2021\/02\/cropped-Radio_Ljubuski_logo1.jpg","contentUrl":"https:\/\/radioljubuski.ba\/wp-content\/uploads\/2021\/02\/cropped-Radio_Ljubuski_logo1.jpg","width":512,"height":512,"caption":"Radio Ljubu\u0161ki"},"image":{"@id":"https:\/\/radioljubuski.ba\/#\/schema\/logo\/image\/"},"sameAs":["https:\/\/www.facebook.com\/Radiio-Ljubuski-1490835324566332","https:\/\/x.com\/radioljubuski","https:\/\/hr.linkedin.com\/company\/radio-ljubuski","https:\/\/www.youtube.com\/channel\/UCHYaeO_n0Db3tjNGudGpXyw"]},{"@type":"Person","@id":"https:\/\/radioljubuski.ba\/#\/schema\/person\/19fc700381a780f69665d7956c469e3b","name":"Radio Ljubu\u0161ki"}]}},"_links":{"self":[{"href":"https:\/\/radioljubuski.ba\/index.php\/wp-json\/wp\/v2\/posts\/130499","targetHints":{"allow":["GET"]}}],"collection":[{"href":"https:\/\/radioljubuski.ba\/index.php\/wp-json\/wp\/v2\/posts"}],"about":[{"href":"https:\/\/radioljubuski.ba\/index.php\/wp-json\/wp\/v2\/types\/post"}],"author":[{"embeddable":true,"href":"https:\/\/radioljubuski.ba\/index.php\/wp-json\/wp\/v2\/users\/2"}],"replies":[{"embeddable":true,"href":"https:\/\/radioljubuski.ba\/index.php\/wp-json\/wp\/v2\/comments?post=130499"}],"version-history":[{"count":1,"href":"https:\/\/radioljubuski.ba\/index.php\/wp-json\/wp\/v2\/posts\/130499\/revisions"}],"predecessor-version":[{"id":130500,"href":"https:\/\/radioljubuski.ba\/index.php\/wp-json\/wp\/v2\/posts\/130499\/revisions\/130500"}],"wp:featuredmedia":[{"embeddable":true,"href":"https:\/\/radioljubuski.ba\/index.php\/wp-json\/wp\/v2\/media\/43175"}],"wp:attachment":[{"href":"https:\/\/radioljubuski.ba\/index.php\/wp-json\/wp\/v2\/media?parent=130499"}],"wp:term":[{"taxonomy":"category","embeddable":true,"href":"https:\/\/radioljubuski.ba\/index.php\/wp-json\/wp\/v2\/categories?post=130499"},{"taxonomy":"post_tag","embeddable":true,"href":"https:\/\/radioljubuski.ba\/index.php\/wp-json\/wp\/v2\/tags?post=130499"}],"curies":[{"name":"wp","href":"https:\/\/api.w.org\/{rel}","templated":true}]}}