{"id":130508,"date":"2022-04-08T14:18:26","date_gmt":"2022-04-08T13:18:26","guid":{"rendered":"https:\/\/radioljubuski.ba\/?p=130508"},"modified":"2022-04-08T14:18:28","modified_gmt":"2022-04-08T13:18:28","slug":"svecano-se-obiljezava-30-obljetnica-hvo-a-vijence-polozili-covic-milanovic-medved","status":"publish","type":"post","link":"https:\/\/radioljubuski.ba\/index.php\/2022\/04\/08\/svecano-se-obiljezava-30-obljetnica-hvo-a-vijence-polozili-covic-milanovic-medved\/","title":{"rendered":"Sve\u010dano se obilje\u017eava 30. obljetnica HVO-a, vijence polo\u017eili \u010covi\u0107, Milanovi\u0107, Medved\u2026"},"content":{"rendered":"\n<p>U Mostaru je zapo\u010delo obilje\u017eavanje 30 obljetnice utemeljenja Hrvatskoga vije\u0107a obrane<\/p>\n\n\n\n<p>U mostarskoj katedrali slu\u017eena je sveta misa.<\/p>\n\n\n\n<p>Nakon toga su kroz grad prodefilirali vojnici s ratnim zastavama HVO-a. I<\/p>\n\n\n\n<p>Potom su brojna izaslanstva ispred Hrvatskog doma Hercega Stjepana Kosa\u010de polo\u017eeni su vijenci i zapaljene svije\u0107e.<\/p>\n\n\n\n<p>Me\u0111u vi\u0161e izaslanstava vijence su polo\u017eili predsjednik HNS-a Dragan \u010covi\u0107 i predsjednik RH Zoran Milanovi\u0107 te ministar hrvatskih branitelja i dopredsjednik Vlade RH Tomo Medved.<\/p>\n\n\n\n<p>Nakon toga uslijedila je sve\u010dana akademija.<\/p>\n\n\n\n<p>Pogledajte foto galeriju koju je zabilje\u017eio reporter HMS-a Branimir Gali\u0107.<\/p>\n\n\n\n<figure class=\"wp-block-image\"><img decoding=\"async\" src=\"https:\/\/hms.ba\/wp-content\/uploads\/2022\/04\/IMG_20220408_121020-1-scaled.jpg\" alt=\"\" class=\"wp-image-454189\"\/><\/figure>\n\n\n\n<figure class=\"wp-block-image\"><img decoding=\"async\" src=\"https:\/\/hms.ba\/wp-content\/uploads\/2022\/04\/IMG_20220408_115957-scaled.jpg\" alt=\"\" class=\"wp-image-454190\"\/><\/figure>\n\n\n\n<figure class=\"wp-block-image\"><img decoding=\"async\" src=\"https:\/\/hms.ba\/wp-content\/uploads\/2022\/04\/IMG_20220408_115904-scaled.jpg\" alt=\"\" class=\"wp-image-454191\"\/><\/figure>\n\n\n\n<figure class=\"wp-block-image\"><img decoding=\"async\" src=\"https:\/\/hms.ba\/wp-content\/uploads\/2022\/04\/IMG_20220408_115654-scaled.jpg\" alt=\"\" class=\"wp-image-454192\"\/><\/figure>\n\n\n\n<figure class=\"wp-block-image\"><img decoding=\"async\" src=\"https:\/\/hms.ba\/wp-content\/uploads\/2022\/04\/IMG_20220408_115152-scaled.jpg\" alt=\"\" class=\"wp-image-454193\"\/><\/figure>\n\n\n\n<figure class=\"wp-block-image\"><img decoding=\"async\" src=\"https:\/\/hms.ba\/wp-content\/uploads\/2022\/04\/IMG_20220408_115401-scaled.jpg\" alt=\"\" class=\"wp-image-454195\"\/><\/figure>\n\n\n\n<figure class=\"wp-block-image\"><img decoding=\"async\" src=\"https:\/\/hms.ba\/wp-content\/uploads\/2022\/04\/IMG_20220408_115008-scaled.jpg\" alt=\"\" class=\"wp-image-454196\"\/><\/figure>\n\n\n\n<figure class=\"wp-block-image\"><img decoding=\"async\" src=\"https:\/\/hms.ba\/wp-content\/uploads\/2022\/04\/IMG_20220408_114921-scaled.jpg\" alt=\"\" class=\"wp-image-454197\"\/><\/figure>\n\n\n\n<figure class=\"wp-block-image\"><img decoding=\"async\" src=\"https:\/\/hms.ba\/wp-content\/uploads\/2022\/04\/IMG_20220408_114800-scaled.jpg\" alt=\"\" class=\"wp-image-454199\"\/><\/figure>\n\n\n\n<figure class=\"wp-block-image\"><img decoding=\"async\" src=\"https:\/\/hms.ba\/wp-content\/uploads\/2022\/04\/IMG_20220408_114803-scaled.jpg\" alt=\"\" class=\"wp-image-454200\"\/><\/figure>\n\n\n\n<figure class=\"wp-block-image\"><img decoding=\"async\" src=\"https:\/\/hms.ba\/wp-content\/uploads\/2022\/04\/IMG_20220408_114000-scaled.jpg\" alt=\"\" class=\"wp-image-454203\"\/><\/figure>\n\n\n\n<figure class=\"wp-block-image\"><img decoding=\"async\" src=\"https:\/\/hms.ba\/wp-content\/uploads\/2022\/04\/IMG_20220408_113955-scaled.jpg\" alt=\"\" class=\"wp-image-454204\"\/><\/figure>\n\n\n\n<figure class=\"wp-block-image\"><img decoding=\"async\" src=\"https:\/\/hms.ba\/wp-content\/uploads\/2022\/04\/IMG_20220408_113436-scaled.jpg\" alt=\"\" class=\"wp-image-454205\"\/><\/figure>\n\n\n\n<figure class=\"wp-block-image\"><img decoding=\"async\" src=\"https:\/\/hms.ba\/wp-content\/uploads\/2022\/04\/IMG_20220408_113448-scaled.jpg\" alt=\"\" class=\"wp-image-454206\"\/><\/figure>\n\n\n\n<figure class=\"wp-block-image\"><img decoding=\"async\" src=\"https:\/\/hms.ba\/wp-content\/uploads\/2022\/04\/IMG_20220408_113425-scaled.jpg\" alt=\"\" class=\"wp-image-454209\"\/><\/figure>\n\n\n\n<p><\/p>\n\n\n\n<p>Izvor:hms.ba<\/p>\n","protected":false},"excerpt":{"rendered":"<p>U Mostaru je zapo\u010delo obilje\u017eavanje 30 obljetnice utemeljenja Hrvatskoga vije\u0107a obrane U mostarskoj katedrali slu\u017eena je sveta misa. Nakon toga su kroz grad prodefilirali vojnici s ratnim zastavama HVO-a. I Potom su brojna izaslanstva ispred Hrvatskog doma Hercega Stjepana Kosa\u010de polo\u017eeni su vijenci i zapaljene svije\u0107e. Me\u0111u vi\u0161e izaslanstava vijence su polo\u017eili predsjednik HNS-a Dragan [&hellip;]<\/p>\n","protected":false},"author":2,"featured_media":130509,"comment_status":"closed","ping_status":"closed","sticky":false,"template":"","format":"standard","meta":{"h5ap_radio_sources":[],"footnotes":""},"categories":[1],"tags":[],"class_list":["post-130508","post","type-post","status-publish","format-standard","has-post-thumbnail","hentry","category-bihiregija"],"yoast_head":"<!-- This site is optimized with the Yoast SEO plugin v27.5 - https:\/\/yoast.com\/product\/yoast-seo-wordpress\/ -->\n<title>Sve\u010dano se obilje\u017eava 30. obljetnica HVO-a, vijence polo\u017eili \u010covi\u0107, Milanovi\u0107, Medved\u2026 - RADIO LJUBU\u0160KI<\/title>\n<meta name=\"robots\" content=\"index, follow, max-snippet:-1, max-image-preview:large, max-video-preview:-1\" \/>\n<link rel=\"canonical\" href=\"https:\/\/radioljubuski.ba\/index.php\/2022\/04\/08\/svecano-se-obiljezava-30-obljetnica-hvo-a-vijence-polozili-covic-milanovic-medved\/\" \/>\n<meta property=\"og:locale\" content=\"hr_HR\" \/>\n<meta property=\"og:type\" content=\"article\" \/>\n<meta property=\"og:title\" content=\"Sve\u010dano se obilje\u017eava 30. obljetnica HVO-a, vijence polo\u017eili \u010covi\u0107, Milanovi\u0107, Medved\u2026 - RADIO LJUBU\u0160KI\" \/>\n<meta property=\"og:description\" content=\"U Mostaru je zapo\u010delo obilje\u017eavanje 30 obljetnice utemeljenja Hrvatskoga vije\u0107a obrane U mostarskoj katedrali slu\u017eena je sveta misa. Nakon toga su kroz grad prodefilirali vojnici s ratnim zastavama HVO-a. I Potom su brojna izaslanstva ispred Hrvatskog doma Hercega Stjepana Kosa\u010de polo\u017eeni su vijenci i zapaljene svije\u0107e. Me\u0111u vi\u0161e izaslanstava vijence su polo\u017eili predsjednik HNS-a Dragan [&hellip;]\" \/>\n<meta property=\"og:url\" content=\"https:\/\/radioljubuski.ba\/index.php\/2022\/04\/08\/svecano-se-obiljezava-30-obljetnica-hvo-a-vijence-polozili-covic-milanovic-medved\/\" \/>\n<meta property=\"og:site_name\" content=\"RADIO LJUBU\u0160KI\" \/>\n<meta property=\"article:publisher\" content=\"https:\/\/www.facebook.com\/Radiio-Ljubuski-1490835324566332\" \/>\n<meta property=\"article:published_time\" content=\"2022-04-08T13:18:26+00:00\" \/>\n<meta property=\"article:modified_time\" content=\"2022-04-08T13:18:28+00:00\" \/>\n<meta property=\"og:image\" content=\"https:\/\/radioljubuski.ba\/wp-content\/uploads\/2022\/04\/IMG_20220408_114915-1068x801-1.jpg\" \/>\n\t<meta property=\"og:image:width\" content=\"1068\" \/>\n\t<meta property=\"og:image:height\" content=\"801\" \/>\n\t<meta property=\"og:image:type\" content=\"image\/jpeg\" \/>\n<meta name=\"author\" content=\"Radio Ljubu\u0161ki\" \/>\n<meta name=\"twitter:card\" content=\"summary_large_image\" \/>\n<meta name=\"twitter:creator\" content=\"@radioljubuski\" \/>\n<meta name=\"twitter:site\" content=\"@radioljubuski\" \/>\n<meta name=\"twitter:label1\" content=\"Napisao\/la\" \/>\n\t<meta name=\"twitter:data1\" content=\"Radio Ljubu\u0161ki\" \/>\n\t<meta name=\"twitter:label2\" content=\"Procijenjeno vrijeme \u010ditanja\" \/>\n\t<meta name=\"twitter:data2\" content=\"4 minute\" \/>\n<script type=\"application\/ld+json\" class=\"yoast-schema-graph\">{\"@context\":\"https:\\\/\\\/schema.org\",\"@graph\":[{\"@type\":\"Article\",\"@id\":\"https:\\\/\\\/radioljubuski.ba\\\/index.php\\\/2022\\\/04\\\/08\\\/svecano-se-obiljezava-30-obljetnica-hvo-a-vijence-polozili-covic-milanovic-medved\\\/#article\",\"isPartOf\":{\"@id\":\"https:\\\/\\\/radioljubuski.ba\\\/index.php\\\/2022\\\/04\\\/08\\\/svecano-se-obiljezava-30-obljetnica-hvo-a-vijence-polozili-covic-milanovic-medved\\\/\"},\"author\":{\"name\":\"Radio Ljubu\u0161ki\",\"@id\":\"https:\\\/\\\/radioljubuski.ba\\\/#\\\/schema\\\/person\\\/19fc700381a780f69665d7956c469e3b\"},\"headline\":\"Sve\u010dano se obilje\u017eava 30. obljetnica HVO-a, vijence polo\u017eili \u010covi\u0107, Milanovi\u0107, Medved\u2026\",\"datePublished\":\"2022-04-08T13:18:26+00:00\",\"dateModified\":\"2022-04-08T13:18:28+00:00\",\"mainEntityOfPage\":{\"@id\":\"https:\\\/\\\/radioljubuski.ba\\\/index.php\\\/2022\\\/04\\\/08\\\/svecano-se-obiljezava-30-obljetnica-hvo-a-vijence-polozili-covic-milanovic-medved\\\/\"},\"wordCount\":114,\"publisher\":{\"@id\":\"https:\\\/\\\/radioljubuski.ba\\\/#organization\"},\"image\":{\"@id\":\"https:\\\/\\\/radioljubuski.ba\\\/index.php\\\/2022\\\/04\\\/08\\\/svecano-se-obiljezava-30-obljetnica-hvo-a-vijence-polozili-covic-milanovic-medved\\\/#primaryimage\"},\"thumbnailUrl\":\"https:\\\/\\\/radioljubuski.ba\\\/wp-content\\\/uploads\\\/2022\\\/04\\\/IMG_20220408_114915-1068x801-1.jpg\",\"articleSection\":[\"BIH i regija\"],\"inLanguage\":\"hr\"},{\"@type\":\"WebPage\",\"@id\":\"https:\\\/\\\/radioljubuski.ba\\\/index.php\\\/2022\\\/04\\\/08\\\/svecano-se-obiljezava-30-obljetnica-hvo-a-vijence-polozili-covic-milanovic-medved\\\/\",\"url\":\"https:\\\/\\\/radioljubuski.ba\\\/index.php\\\/2022\\\/04\\\/08\\\/svecano-se-obiljezava-30-obljetnica-hvo-a-vijence-polozili-covic-milanovic-medved\\\/\",\"name\":\"Sve\u010dano se obilje\u017eava 30. obljetnica HVO-a, vijence polo\u017eili \u010covi\u0107, Milanovi\u0107, Medved\u2026 - RADIO LJUBU\u0160KI\",\"isPartOf\":{\"@id\":\"https:\\\/\\\/radioljubuski.ba\\\/#website\"},\"primaryImageOfPage\":{\"@id\":\"https:\\\/\\\/radioljubuski.ba\\\/index.php\\\/2022\\\/04\\\/08\\\/svecano-se-obiljezava-30-obljetnica-hvo-a-vijence-polozili-covic-milanovic-medved\\\/#primaryimage\"},\"image\":{\"@id\":\"https:\\\/\\\/radioljubuski.ba\\\/index.php\\\/2022\\\/04\\\/08\\\/svecano-se-obiljezava-30-obljetnica-hvo-a-vijence-polozili-covic-milanovic-medved\\\/#primaryimage\"},\"thumbnailUrl\":\"https:\\\/\\\/radioljubuski.ba\\\/wp-content\\\/uploads\\\/2022\\\/04\\\/IMG_20220408_114915-1068x801-1.jpg\",\"datePublished\":\"2022-04-08T13:18:26+00:00\",\"dateModified\":\"2022-04-08T13:18:28+00:00\",\"breadcrumb\":{\"@id\":\"https:\\\/\\\/radioljubuski.ba\\\/index.php\\\/2022\\\/04\\\/08\\\/svecano-se-obiljezava-30-obljetnica-hvo-a-vijence-polozili-covic-milanovic-medved\\\/#breadcrumb\"},\"inLanguage\":\"hr\",\"potentialAction\":[{\"@type\":\"ReadAction\",\"target\":[\"https:\\\/\\\/radioljubuski.ba\\\/index.php\\\/2022\\\/04\\\/08\\\/svecano-se-obiljezava-30-obljetnica-hvo-a-vijence-polozili-covic-milanovic-medved\\\/\"]}]},{\"@type\":\"ImageObject\",\"inLanguage\":\"hr\",\"@id\":\"https:\\\/\\\/radioljubuski.ba\\\/index.php\\\/2022\\\/04\\\/08\\\/svecano-se-obiljezava-30-obljetnica-hvo-a-vijence-polozili-covic-milanovic-medved\\\/#primaryimage\",\"url\":\"https:\\\/\\\/radioljubuski.ba\\\/wp-content\\\/uploads\\\/2022\\\/04\\\/IMG_20220408_114915-1068x801-1.jpg\",\"contentUrl\":\"https:\\\/\\\/radioljubuski.ba\\\/wp-content\\\/uploads\\\/2022\\\/04\\\/IMG_20220408_114915-1068x801-1.jpg\",\"width\":1068,\"height\":801},{\"@type\":\"BreadcrumbList\",\"@id\":\"https:\\\/\\\/radioljubuski.ba\\\/index.php\\\/2022\\\/04\\\/08\\\/svecano-se-obiljezava-30-obljetnica-hvo-a-vijence-polozili-covic-milanovic-medved\\\/#breadcrumb\",\"itemListElement\":[{\"@type\":\"ListItem\",\"position\":1,\"name\":\"Po\u010detna stranica\",\"item\":\"https:\\\/\\\/radioljubuski.ba\\\/\"},{\"@type\":\"ListItem\",\"position\":2,\"name\":\"Sve\u010dano se obilje\u017eava 30. obljetnica HVO-a, vijence polo\u017eili \u010covi\u0107, Milanovi\u0107, Medved\u2026\"}]},{\"@type\":\"WebSite\",\"@id\":\"https:\\\/\\\/radioljubuski.ba\\\/#website\",\"url\":\"https:\\\/\\\/radioljubuski.ba\\\/\",\"name\":\"Radio Ljubu\u0161ki\",\"description\":\"Sun\u010dana frekvencija Hercegovine\",\"publisher\":{\"@id\":\"https:\\\/\\\/radioljubuski.ba\\\/#organization\"},\"potentialAction\":[{\"@type\":\"SearchAction\",\"target\":{\"@type\":\"EntryPoint\",\"urlTemplate\":\"https:\\\/\\\/radioljubuski.ba\\\/?s={search_term_string}\"},\"query-input\":{\"@type\":\"PropertyValueSpecification\",\"valueRequired\":true,\"valueName\":\"search_term_string\"}}],\"inLanguage\":\"hr\"},{\"@type\":\"Organization\",\"@id\":\"https:\\\/\\\/radioljubuski.ba\\\/#organization\",\"name\":\"Radio Ljubu\u0161ki\",\"url\":\"https:\\\/\\\/radioljubuski.ba\\\/\",\"logo\":{\"@type\":\"ImageObject\",\"inLanguage\":\"hr\",\"@id\":\"https:\\\/\\\/radioljubuski.ba\\\/#\\\/schema\\\/logo\\\/image\\\/\",\"url\":\"https:\\\/\\\/radioljubuski.ba\\\/wp-content\\\/uploads\\\/2021\\\/02\\\/cropped-Radio_Ljubuski_logo1.jpg\",\"contentUrl\":\"https:\\\/\\\/radioljubuski.ba\\\/wp-content\\\/uploads\\\/2021\\\/02\\\/cropped-Radio_Ljubuski_logo1.jpg\",\"width\":512,\"height\":512,\"caption\":\"Radio Ljubu\u0161ki\"},\"image\":{\"@id\":\"https:\\\/\\\/radioljubuski.ba\\\/#\\\/schema\\\/logo\\\/image\\\/\"},\"sameAs\":[\"https:\\\/\\\/www.facebook.com\\\/Radiio-Ljubuski-1490835324566332\",\"https:\\\/\\\/x.com\\\/radioljubuski\",\"https:\\\/\\\/hr.linkedin.com\\\/company\\\/radio-ljubuski\",\"https:\\\/\\\/www.youtube.com\\\/channel\\\/UCHYaeO_n0Db3tjNGudGpXyw\"]},{\"@type\":\"Person\",\"@id\":\"https:\\\/\\\/radioljubuski.ba\\\/#\\\/schema\\\/person\\\/19fc700381a780f69665d7956c469e3b\",\"name\":\"Radio Ljubu\u0161ki\"}]}<\/script>\n<!-- \/ Yoast SEO plugin. -->","yoast_head_json":{"title":"Sve\u010dano se obilje\u017eava 30. obljetnica HVO-a, vijence polo\u017eili \u010covi\u0107, Milanovi\u0107, Medved\u2026 - RADIO LJUBU\u0160KI","robots":{"index":"index","follow":"follow","max-snippet":"max-snippet:-1","max-image-preview":"max-image-preview:large","max-video-preview":"max-video-preview:-1"},"canonical":"https:\/\/radioljubuski.ba\/index.php\/2022\/04\/08\/svecano-se-obiljezava-30-obljetnica-hvo-a-vijence-polozili-covic-milanovic-medved\/","og_locale":"hr_HR","og_type":"article","og_title":"Sve\u010dano se obilje\u017eava 30. obljetnica HVO-a, vijence polo\u017eili \u010covi\u0107, Milanovi\u0107, Medved\u2026 - RADIO LJUBU\u0160KI","og_description":"U Mostaru je zapo\u010delo obilje\u017eavanje 30 obljetnice utemeljenja Hrvatskoga vije\u0107a obrane U mostarskoj katedrali slu\u017eena je sveta misa. Nakon toga su kroz grad prodefilirali vojnici s ratnim zastavama HVO-a. I Potom su brojna izaslanstva ispred Hrvatskog doma Hercega Stjepana Kosa\u010de polo\u017eeni su vijenci i zapaljene svije\u0107e. Me\u0111u vi\u0161e izaslanstava vijence su polo\u017eili predsjednik HNS-a Dragan [&hellip;]","og_url":"https:\/\/radioljubuski.ba\/index.php\/2022\/04\/08\/svecano-se-obiljezava-30-obljetnica-hvo-a-vijence-polozili-covic-milanovic-medved\/","og_site_name":"RADIO LJUBU\u0160KI","article_publisher":"https:\/\/www.facebook.com\/Radiio-Ljubuski-1490835324566332","article_published_time":"2022-04-08T13:18:26+00:00","article_modified_time":"2022-04-08T13:18:28+00:00","og_image":[{"width":1068,"height":801,"url":"https:\/\/radioljubuski.ba\/wp-content\/uploads\/2022\/04\/IMG_20220408_114915-1068x801-1.jpg","type":"image\/jpeg"}],"author":"Radio Ljubu\u0161ki","twitter_card":"summary_large_image","twitter_creator":"@radioljubuski","twitter_site":"@radioljubuski","twitter_misc":{"Napisao\/la":"Radio Ljubu\u0161ki","Procijenjeno vrijeme \u010ditanja":"4 minute"},"schema":{"@context":"https:\/\/schema.org","@graph":[{"@type":"Article","@id":"https:\/\/radioljubuski.ba\/index.php\/2022\/04\/08\/svecano-se-obiljezava-30-obljetnica-hvo-a-vijence-polozili-covic-milanovic-medved\/#article","isPartOf":{"@id":"https:\/\/radioljubuski.ba\/index.php\/2022\/04\/08\/svecano-se-obiljezava-30-obljetnica-hvo-a-vijence-polozili-covic-milanovic-medved\/"},"author":{"name":"Radio Ljubu\u0161ki","@id":"https:\/\/radioljubuski.ba\/#\/schema\/person\/19fc700381a780f69665d7956c469e3b"},"headline":"Sve\u010dano se obilje\u017eava 30. obljetnica HVO-a, vijence polo\u017eili \u010covi\u0107, Milanovi\u0107, Medved\u2026","datePublished":"2022-04-08T13:18:26+00:00","dateModified":"2022-04-08T13:18:28+00:00","mainEntityOfPage":{"@id":"https:\/\/radioljubuski.ba\/index.php\/2022\/04\/08\/svecano-se-obiljezava-30-obljetnica-hvo-a-vijence-polozili-covic-milanovic-medved\/"},"wordCount":114,"publisher":{"@id":"https:\/\/radioljubuski.ba\/#organization"},"image":{"@id":"https:\/\/radioljubuski.ba\/index.php\/2022\/04\/08\/svecano-se-obiljezava-30-obljetnica-hvo-a-vijence-polozili-covic-milanovic-medved\/#primaryimage"},"thumbnailUrl":"https:\/\/radioljubuski.ba\/wp-content\/uploads\/2022\/04\/IMG_20220408_114915-1068x801-1.jpg","articleSection":["BIH i regija"],"inLanguage":"hr"},{"@type":"WebPage","@id":"https:\/\/radioljubuski.ba\/index.php\/2022\/04\/08\/svecano-se-obiljezava-30-obljetnica-hvo-a-vijence-polozili-covic-milanovic-medved\/","url":"https:\/\/radioljubuski.ba\/index.php\/2022\/04\/08\/svecano-se-obiljezava-30-obljetnica-hvo-a-vijence-polozili-covic-milanovic-medved\/","name":"Sve\u010dano se obilje\u017eava 30. obljetnica HVO-a, vijence polo\u017eili \u010covi\u0107, Milanovi\u0107, Medved\u2026 - RADIO LJUBU\u0160KI","isPartOf":{"@id":"https:\/\/radioljubuski.ba\/#website"},"primaryImageOfPage":{"@id":"https:\/\/radioljubuski.ba\/index.php\/2022\/04\/08\/svecano-se-obiljezava-30-obljetnica-hvo-a-vijence-polozili-covic-milanovic-medved\/#primaryimage"},"image":{"@id":"https:\/\/radioljubuski.ba\/index.php\/2022\/04\/08\/svecano-se-obiljezava-30-obljetnica-hvo-a-vijence-polozili-covic-milanovic-medved\/#primaryimage"},"thumbnailUrl":"https:\/\/radioljubuski.ba\/wp-content\/uploads\/2022\/04\/IMG_20220408_114915-1068x801-1.jpg","datePublished":"2022-04-08T13:18:26+00:00","dateModified":"2022-04-08T13:18:28+00:00","breadcrumb":{"@id":"https:\/\/radioljubuski.ba\/index.php\/2022\/04\/08\/svecano-se-obiljezava-30-obljetnica-hvo-a-vijence-polozili-covic-milanovic-medved\/#breadcrumb"},"inLanguage":"hr","potentialAction":[{"@type":"ReadAction","target":["https:\/\/radioljubuski.ba\/index.php\/2022\/04\/08\/svecano-se-obiljezava-30-obljetnica-hvo-a-vijence-polozili-covic-milanovic-medved\/"]}]},{"@type":"ImageObject","inLanguage":"hr","@id":"https:\/\/radioljubuski.ba\/index.php\/2022\/04\/08\/svecano-se-obiljezava-30-obljetnica-hvo-a-vijence-polozili-covic-milanovic-medved\/#primaryimage","url":"https:\/\/radioljubuski.ba\/wp-content\/uploads\/2022\/04\/IMG_20220408_114915-1068x801-1.jpg","contentUrl":"https:\/\/radioljubuski.ba\/wp-content\/uploads\/2022\/04\/IMG_20220408_114915-1068x801-1.jpg","width":1068,"height":801},{"@type":"BreadcrumbList","@id":"https:\/\/radioljubuski.ba\/index.php\/2022\/04\/08\/svecano-se-obiljezava-30-obljetnica-hvo-a-vijence-polozili-covic-milanovic-medved\/#breadcrumb","itemListElement":[{"@type":"ListItem","position":1,"name":"Po\u010detna stranica","item":"https:\/\/radioljubuski.ba\/"},{"@type":"ListItem","position":2,"name":"Sve\u010dano se obilje\u017eava 30. obljetnica HVO-a, vijence polo\u017eili \u010covi\u0107, Milanovi\u0107, Medved\u2026"}]},{"@type":"WebSite","@id":"https:\/\/radioljubuski.ba\/#website","url":"https:\/\/radioljubuski.ba\/","name":"Radio Ljubu\u0161ki","description":"Sun\u010dana frekvencija Hercegovine","publisher":{"@id":"https:\/\/radioljubuski.ba\/#organization"},"potentialAction":[{"@type":"SearchAction","target":{"@type":"EntryPoint","urlTemplate":"https:\/\/radioljubuski.ba\/?s={search_term_string}"},"query-input":{"@type":"PropertyValueSpecification","valueRequired":true,"valueName":"search_term_string"}}],"inLanguage":"hr"},{"@type":"Organization","@id":"https:\/\/radioljubuski.ba\/#organization","name":"Radio Ljubu\u0161ki","url":"https:\/\/radioljubuski.ba\/","logo":{"@type":"ImageObject","inLanguage":"hr","@id":"https:\/\/radioljubuski.ba\/#\/schema\/logo\/image\/","url":"https:\/\/radioljubuski.ba\/wp-content\/uploads\/2021\/02\/cropped-Radio_Ljubuski_logo1.jpg","contentUrl":"https:\/\/radioljubuski.ba\/wp-content\/uploads\/2021\/02\/cropped-Radio_Ljubuski_logo1.jpg","width":512,"height":512,"caption":"Radio Ljubu\u0161ki"},"image":{"@id":"https:\/\/radioljubuski.ba\/#\/schema\/logo\/image\/"},"sameAs":["https:\/\/www.facebook.com\/Radiio-Ljubuski-1490835324566332","https:\/\/x.com\/radioljubuski","https:\/\/hr.linkedin.com\/company\/radio-ljubuski","https:\/\/www.youtube.com\/channel\/UCHYaeO_n0Db3tjNGudGpXyw"]},{"@type":"Person","@id":"https:\/\/radioljubuski.ba\/#\/schema\/person\/19fc700381a780f69665d7956c469e3b","name":"Radio Ljubu\u0161ki"}]}},"_links":{"self":[{"href":"https:\/\/radioljubuski.ba\/index.php\/wp-json\/wp\/v2\/posts\/130508","targetHints":{"allow":["GET"]}}],"collection":[{"href":"https:\/\/radioljubuski.ba\/index.php\/wp-json\/wp\/v2\/posts"}],"about":[{"href":"https:\/\/radioljubuski.ba\/index.php\/wp-json\/wp\/v2\/types\/post"}],"author":[{"embeddable":true,"href":"https:\/\/radioljubuski.ba\/index.php\/wp-json\/wp\/v2\/users\/2"}],"replies":[{"embeddable":true,"href":"https:\/\/radioljubuski.ba\/index.php\/wp-json\/wp\/v2\/comments?post=130508"}],"version-history":[{"count":1,"href":"https:\/\/radioljubuski.ba\/index.php\/wp-json\/wp\/v2\/posts\/130508\/revisions"}],"predecessor-version":[{"id":130510,"href":"https:\/\/radioljubuski.ba\/index.php\/wp-json\/wp\/v2\/posts\/130508\/revisions\/130510"}],"wp:featuredmedia":[{"embeddable":true,"href":"https:\/\/radioljubuski.ba\/index.php\/wp-json\/wp\/v2\/media\/130509"}],"wp:attachment":[{"href":"https:\/\/radioljubuski.ba\/index.php\/wp-json\/wp\/v2\/media?parent=130508"}],"wp:term":[{"taxonomy":"category","embeddable":true,"href":"https:\/\/radioljubuski.ba\/index.php\/wp-json\/wp\/v2\/categories?post=130508"},{"taxonomy":"post_tag","embeddable":true,"href":"https:\/\/radioljubuski.ba\/index.php\/wp-json\/wp\/v2\/tags?post=130508"}],"curies":[{"name":"wp","href":"https:\/\/api.w.org\/{rel}","templated":true}]}}