{"id":130511,"date":"2022-04-08T14:19:47","date_gmt":"2022-04-08T13:19:47","guid":{"rendered":"https:\/\/radioljubuski.ba\/?p=130511"},"modified":"2022-04-09T21:57:15","modified_gmt":"2022-04-09T20:57:15","slug":"milanovic-u-mostaru-kultura-stil-decentnost-ovog-skupa-je-na-razini-europe-dodi-da-vidis-doci-da-se-divis","status":"publish","type":"post","link":"https:\/\/radioljubuski.ba\/index.php\/2022\/04\/08\/milanovic-u-mostaru-kultura-stil-decentnost-ovog-skupa-je-na-razini-europe-dodi-da-vidis-doci-da-se-divis\/","title":{"rendered":"Milanovi\u0107 u Mostaru: Kultura, stil, decentnost ovog skupa je na razini Europe, do\u0111i da vidi\u0161, do\u0107i da se divi\u0161"},"content":{"rendered":"\n<p><strong>Predsjednik Republike Hrvatske Zoran Milanovi\u0107 boravi u Mostaru, na obilje\u017eavanju 30. godi\u0161njice osnutka HVO-a. Nakon mimohoda pod ratnim zastavama od mostarske katedrale do Rondoa, na Trg hrvatskih velikana Milanovi\u0107 je odao po\u010dast poginulim vojnicima, uz polaganje cvije\u0107a i paljenje svije\u0107a ispred Sradei\u0161njeg spomenika hrvatskim braniteljima u Domovinskom ratu.<\/strong><\/p>\n\n\n\n<p>Potom je sudjelovao na Sve\u010danoj akademiji obilje\u017eavanja 30. godi\u0161njice osnivanja Hrvatskog vije\u0107a obrane u Hrvatskom domu hercega Stjepana Kosa\u010de.<\/p>\n\n\n\n<p>Tom prigodom je sve\u010dano odlikovao Redom kneza Domagoja s ogrlicom za pokazanu osvjedo\u010denu hrabrost i juna\u0161tvo u ratu Ivu Lozan\u010di\u0107a te Redom bana Jela\u010di\u0107a za iznimno uspje\u0161no zapovijedanje postrojbama Hrvatskog vije\u0107a odbrane te za sveukupne zasluge u njihovom ustroju Zborna podru\u010dja Mostar, Tomislavgrad, Vitez i Ora\u0161je.<\/p>\n\n\n\n<p>Obra\u0107anje predsjednika Milanovi\u0107a<\/p>\n\n\n\n<p>\u201cSretan vam ovaj veliki dan, ova velika obljetnica. Ovdje ne\u0107u govoriti o povijesti, pazit \u0107u na svaku svoju rije\u010d jer znam da je oko nas vaga za mjerenje i znam da \u0107e se svaka moja rije\u010d mjeriti kao prijateljska ili neprijateljska, s naglaskom na ovo drugo. No ja ovdje dolazim kao prijatelj u prijateljsku dr\u017eavu, i to ne samo kao prijatelj nego i kao brat, ako vam to i\u0161ta zna\u010di\u201d, rekao je u uvodu svojega obra\u0107anja.<\/p>\n\n\n\n<p>\u201cMoji preci su davno oti\u0161li u Dalmaciju iz BiH, kao i 90 posto Hrvata. Kad god dolazim ovdje, dolazim kao netko tko osje\u0107a ne\u0161to, ali osje\u0107a ne\u0161to daleko\u201d, rekao je.<\/p>\n\n\n\n<p>\u201cSvima onima koji slu\u0161aju, \u017eelim poru\u010diti da je razina organizacije ovog skupa, kultura, stil, pristojnost, decentnost\u2026 bilo je na razini Europe. To pokazuje koliko ste uklju\u010divi, koliko imate stila, to sam ve\u0107 rekao. Pa i sam odabir imena patrona ovog doma, Herceg Stjepan Kosa\u010da, govori da gledate malo \u0161ire. Stjepan Kosa\u010da je puno \u0161ire od obi\u010dnog velika\u0161a.\u201d<\/p>\n\n\n\n<p>Da ste njegovi ba\u0161tinici, i Zvonimira i Tomislava, to isto govori svima onima koji su sketi\u010dni prema Bosni, prema Hercegovini, prema ulozi HVO-a u ratu, koja je bila sudbinska, zna\u010dajna, pobjedni\u010dka, lijepa, mogu samo re\u0107i \u2013 do\u0111i da vidi\u0161, do\u0111i da se divi\u0161\u201d, rekao je.<\/p>\n\n\n\n<p>\u201cJa sam, kao \u0161to znate, politi\u010dar ve\u0107 jedan niz godina. Bio sam \u010dlan stranke koju sam volio i vodio, ali vi\u0161e nisam. Bio sam ljevi\u010dar i laburist, me\u0111utim ja sam izabran da budem predstavnik svih Hrvata, i Hrvata izvan Hrvatske Republike, i toga se ne stidim, to je moja du\u017enost, to je moja prisega, moj zov svijesti i savjesti. Ni prema kome u BiH nemam predrasude, ni prema Srbima koji su bili agresori u ratu, ni prema bo\u0161njacima, koji su, nadam se, bolji partneri koji su nekada bili. Sve to potpune realnosti, i hrvatsko koje je u BiH neiskorjenjivo i bez kojega BiH nema.<\/p>\n\n\n\n<p>Nema je niti bez Srba, niti bez Bo\u0161njaka. Da bi to funkcioniralo kako Bog zapovijeda, potrebno je ispuniti neke uvjete, dr\u017eati se obe\u0107anja, potpisanog i izre\u010denog, i to je, koliko ja razumijem, bit pri\u010de. Hrvatska je jedan od jamaca Daytona. Dayton je na\u010din da se zavr\u0161i rat, da opstane BiH, u tome su Hrvati dali ogroman utjecaj, s obzirom na na\u0161u brojnost, nesrazmjerno velik. Hrvati kao malobrojan narod u BiH ne \u017eele biti manjina, imati status manjine.<\/p>\n\n\n\n<p>Biti manjina nije sramota, nije nikakva tuga. Hrvatska ima manjine, te manjine voljom politi\u010dara i naroda u\u017eivaju status kakav nemaju ni u jednoj europskoj dr\u017eavi, i Srbi, i Ma\u0111ari\u2026 Me\u0111utim, za njihove predstavnike glasaju pripadnici tih naroda. Srbi za predstavnike Srba, Ma\u0111ari za predstavnike Ma\u0111ara. U Hrvatskoj postoji red.<\/p>\n\n\n\n<p>Nakon sve\u010danosti HVO-a predsjednik Republike Hrvatske \u0107e se u 14.30 sastati s predsjednicima svih stranaka okupljenih u Hrvatski narodni sabor predvo\u0111ene Draganom \u010covi\u0107em.<\/p>\n\n\n\n<p><strong>Milanovi\u0107: HVO je osloba\u0111ao BiH<\/strong><\/p>\n\n\n\n<p>Milanovi\u0107 je pro\u0161li tjedan najavio svoj posjet Mostaru, rekav\u0161i da je HVO zajedno s Hrvatskom vojskom osloba\u0111ao BiH i omogu\u0107io joj da bude slobodna zemlja u kojoj je prestao rat.<\/p>\n\n\n\n<p>\u201cE to se danas ne samo zaboravlja nego i vrlo drsko i sustavno podcjenjuje i Hrvatskoj se, kao i obi\u010dno, nabijaju kompleksi krivnje, odgovornosti, umjesto da se ka\u017ee \u2018hvala i ne ponovilo se&#8217;\u201d, rekao je.<\/p>\n\n\n\n<p>\/HMS\/<\/p>\n","protected":false},"excerpt":{"rendered":"<p>Predsjednik Republike Hrvatske Zoran Milanovi\u0107 boravi u Mostaru, na obilje\u017eavanju 30. godi\u0161njice osnutka HVO-a. Nakon mimohoda pod ratnim zastavama od mostarske katedrale do Rondoa, na Trg hrvatskih velikana Milanovi\u0107 je odao po\u010dast poginulim vojnicima, uz polaganje cvije\u0107a i paljenje svije\u0107a ispred Sradei\u0161njeg spomenika hrvatskim braniteljima u Domovinskom ratu. Potom je sudjelovao na Sve\u010danoj akademiji obilje\u017eavanja [&hellip;]<\/p>\n","protected":false},"author":2,"featured_media":130512,"comment_status":"closed","ping_status":"closed","sticky":false,"template":"","format":"standard","meta":{"h5ap_radio_sources":[],"footnotes":""},"categories":[1],"tags":[],"class_list":["post-130511","post","type-post","status-publish","format-standard","has-post-thumbnail","hentry","category-bihiregija"],"yoast_head":"<!-- This site is optimized with the Yoast SEO plugin v27.5 - https:\/\/yoast.com\/product\/yoast-seo-wordpress\/ -->\n<title>Milanovi\u0107 u Mostaru: Kultura, stil, decentnost ovog skupa je na razini Europe, do\u0111i da vidi\u0161, do\u0107i da se divi\u0161 - RADIO LJUBU\u0160KI<\/title>\n<meta name=\"robots\" content=\"index, follow, max-snippet:-1, max-image-preview:large, max-video-preview:-1\" \/>\n<link rel=\"canonical\" href=\"https:\/\/radioljubuski.ba\/index.php\/2022\/04\/08\/milanovic-u-mostaru-kultura-stil-decentnost-ovog-skupa-je-na-razini-europe-dodi-da-vidis-doci-da-se-divis\/\" \/>\n<meta property=\"og:locale\" content=\"hr_HR\" \/>\n<meta property=\"og:type\" content=\"article\" \/>\n<meta property=\"og:title\" content=\"Milanovi\u0107 u Mostaru: Kultura, stil, decentnost ovog skupa je na razini Europe, do\u0111i da vidi\u0161, do\u0107i da se divi\u0161 - RADIO LJUBU\u0160KI\" \/>\n<meta property=\"og:description\" content=\"Predsjednik Republike Hrvatske Zoran Milanovi\u0107 boravi u Mostaru, na obilje\u017eavanju 30. godi\u0161njice osnutka HVO-a. Nakon mimohoda pod ratnim zastavama od mostarske katedrale do Rondoa, na Trg hrvatskih velikana Milanovi\u0107 je odao po\u010dast poginulim vojnicima, uz polaganje cvije\u0107a i paljenje svije\u0107a ispred Sradei\u0161njeg spomenika hrvatskim braniteljima u Domovinskom ratu. Potom je sudjelovao na Sve\u010danoj akademiji obilje\u017eavanja [&hellip;]\" \/>\n<meta property=\"og:url\" content=\"https:\/\/radioljubuski.ba\/index.php\/2022\/04\/08\/milanovic-u-mostaru-kultura-stil-decentnost-ovog-skupa-je-na-razini-europe-dodi-da-vidis-doci-da-se-divis\/\" \/>\n<meta property=\"og:site_name\" content=\"RADIO LJUBU\u0160KI\" \/>\n<meta property=\"article:publisher\" content=\"https:\/\/www.facebook.com\/Radiio-Ljubuski-1490835324566332\" \/>\n<meta property=\"article:published_time\" content=\"2022-04-08T13:19:47+00:00\" \/>\n<meta property=\"article:modified_time\" content=\"2022-04-09T20:57:15+00:00\" \/>\n<meta property=\"og:image\" content=\"https:\/\/radioljubuski.ba\/wp-content\/uploads\/2022\/04\/IMG_20220408_115008-1068x801-1.jpg\" \/>\n\t<meta property=\"og:image:width\" content=\"1068\" \/>\n\t<meta property=\"og:image:height\" content=\"801\" \/>\n\t<meta property=\"og:image:type\" content=\"image\/jpeg\" \/>\n<meta name=\"author\" content=\"Radio Ljubu\u0161ki\" \/>\n<meta name=\"twitter:card\" content=\"summary_large_image\" \/>\n<meta name=\"twitter:creator\" content=\"@radioljubuski\" \/>\n<meta name=\"twitter:site\" content=\"@radioljubuski\" \/>\n<meta name=\"twitter:label1\" content=\"Napisao\/la\" \/>\n\t<meta name=\"twitter:data1\" content=\"Radio Ljubu\u0161ki\" \/>\n\t<meta name=\"twitter:label2\" content=\"Procijenjeno vrijeme \u010ditanja\" \/>\n\t<meta name=\"twitter:data2\" content=\"3 minute\" \/>\n<script type=\"application\/ld+json\" class=\"yoast-schema-graph\">{\"@context\":\"https:\\\/\\\/schema.org\",\"@graph\":[{\"@type\":\"Article\",\"@id\":\"https:\\\/\\\/radioljubuski.ba\\\/index.php\\\/2022\\\/04\\\/08\\\/milanovic-u-mostaru-kultura-stil-decentnost-ovog-skupa-je-na-razini-europe-dodi-da-vidis-doci-da-se-divis\\\/#article\",\"isPartOf\":{\"@id\":\"https:\\\/\\\/radioljubuski.ba\\\/index.php\\\/2022\\\/04\\\/08\\\/milanovic-u-mostaru-kultura-stil-decentnost-ovog-skupa-je-na-razini-europe-dodi-da-vidis-doci-da-se-divis\\\/\"},\"author\":{\"name\":\"Radio Ljubu\u0161ki\",\"@id\":\"https:\\\/\\\/radioljubuski.ba\\\/#\\\/schema\\\/person\\\/19fc700381a780f69665d7956c469e3b\"},\"headline\":\"Milanovi\u0107 u Mostaru: Kultura, stil, decentnost ovog skupa je na razini Europe, do\u0111i da vidi\u0161, do\u0107i da se divi\u0161\",\"datePublished\":\"2022-04-08T13:19:47+00:00\",\"dateModified\":\"2022-04-09T20:57:15+00:00\",\"mainEntityOfPage\":{\"@id\":\"https:\\\/\\\/radioljubuski.ba\\\/index.php\\\/2022\\\/04\\\/08\\\/milanovic-u-mostaru-kultura-stil-decentnost-ovog-skupa-je-na-razini-europe-dodi-da-vidis-doci-da-se-divis\\\/\"},\"wordCount\":743,\"publisher\":{\"@id\":\"https:\\\/\\\/radioljubuski.ba\\\/#organization\"},\"image\":{\"@id\":\"https:\\\/\\\/radioljubuski.ba\\\/index.php\\\/2022\\\/04\\\/08\\\/milanovic-u-mostaru-kultura-stil-decentnost-ovog-skupa-je-na-razini-europe-dodi-da-vidis-doci-da-se-divis\\\/#primaryimage\"},\"thumbnailUrl\":\"https:\\\/\\\/radioljubuski.ba\\\/wp-content\\\/uploads\\\/2022\\\/04\\\/IMG_20220408_115008-1068x801-1.jpg\",\"articleSection\":[\"BIH i regija\"],\"inLanguage\":\"hr\"},{\"@type\":\"WebPage\",\"@id\":\"https:\\\/\\\/radioljubuski.ba\\\/index.php\\\/2022\\\/04\\\/08\\\/milanovic-u-mostaru-kultura-stil-decentnost-ovog-skupa-je-na-razini-europe-dodi-da-vidis-doci-da-se-divis\\\/\",\"url\":\"https:\\\/\\\/radioljubuski.ba\\\/index.php\\\/2022\\\/04\\\/08\\\/milanovic-u-mostaru-kultura-stil-decentnost-ovog-skupa-je-na-razini-europe-dodi-da-vidis-doci-da-se-divis\\\/\",\"name\":\"Milanovi\u0107 u Mostaru: Kultura, stil, decentnost ovog skupa je na razini Europe, do\u0111i da vidi\u0161, do\u0107i da se divi\u0161 - RADIO LJUBU\u0160KI\",\"isPartOf\":{\"@id\":\"https:\\\/\\\/radioljubuski.ba\\\/#website\"},\"primaryImageOfPage\":{\"@id\":\"https:\\\/\\\/radioljubuski.ba\\\/index.php\\\/2022\\\/04\\\/08\\\/milanovic-u-mostaru-kultura-stil-decentnost-ovog-skupa-je-na-razini-europe-dodi-da-vidis-doci-da-se-divis\\\/#primaryimage\"},\"image\":{\"@id\":\"https:\\\/\\\/radioljubuski.ba\\\/index.php\\\/2022\\\/04\\\/08\\\/milanovic-u-mostaru-kultura-stil-decentnost-ovog-skupa-je-na-razini-europe-dodi-da-vidis-doci-da-se-divis\\\/#primaryimage\"},\"thumbnailUrl\":\"https:\\\/\\\/radioljubuski.ba\\\/wp-content\\\/uploads\\\/2022\\\/04\\\/IMG_20220408_115008-1068x801-1.jpg\",\"datePublished\":\"2022-04-08T13:19:47+00:00\",\"dateModified\":\"2022-04-09T20:57:15+00:00\",\"breadcrumb\":{\"@id\":\"https:\\\/\\\/radioljubuski.ba\\\/index.php\\\/2022\\\/04\\\/08\\\/milanovic-u-mostaru-kultura-stil-decentnost-ovog-skupa-je-na-razini-europe-dodi-da-vidis-doci-da-se-divis\\\/#breadcrumb\"},\"inLanguage\":\"hr\",\"potentialAction\":[{\"@type\":\"ReadAction\",\"target\":[\"https:\\\/\\\/radioljubuski.ba\\\/index.php\\\/2022\\\/04\\\/08\\\/milanovic-u-mostaru-kultura-stil-decentnost-ovog-skupa-je-na-razini-europe-dodi-da-vidis-doci-da-se-divis\\\/\"]}]},{\"@type\":\"ImageObject\",\"inLanguage\":\"hr\",\"@id\":\"https:\\\/\\\/radioljubuski.ba\\\/index.php\\\/2022\\\/04\\\/08\\\/milanovic-u-mostaru-kultura-stil-decentnost-ovog-skupa-je-na-razini-europe-dodi-da-vidis-doci-da-se-divis\\\/#primaryimage\",\"url\":\"https:\\\/\\\/radioljubuski.ba\\\/wp-content\\\/uploads\\\/2022\\\/04\\\/IMG_20220408_115008-1068x801-1.jpg\",\"contentUrl\":\"https:\\\/\\\/radioljubuski.ba\\\/wp-content\\\/uploads\\\/2022\\\/04\\\/IMG_20220408_115008-1068x801-1.jpg\",\"width\":1068,\"height\":801},{\"@type\":\"BreadcrumbList\",\"@id\":\"https:\\\/\\\/radioljubuski.ba\\\/index.php\\\/2022\\\/04\\\/08\\\/milanovic-u-mostaru-kultura-stil-decentnost-ovog-skupa-je-na-razini-europe-dodi-da-vidis-doci-da-se-divis\\\/#breadcrumb\",\"itemListElement\":[{\"@type\":\"ListItem\",\"position\":1,\"name\":\"Po\u010detna stranica\",\"item\":\"https:\\\/\\\/radioljubuski.ba\\\/\"},{\"@type\":\"ListItem\",\"position\":2,\"name\":\"Milanovi\u0107 u Mostaru: Kultura, stil, decentnost ovog skupa je na razini Europe, do\u0111i da vidi\u0161, do\u0107i da se divi\u0161\"}]},{\"@type\":\"WebSite\",\"@id\":\"https:\\\/\\\/radioljubuski.ba\\\/#website\",\"url\":\"https:\\\/\\\/radioljubuski.ba\\\/\",\"name\":\"Radio Ljubu\u0161ki\",\"description\":\"Sun\u010dana frekvencija Hercegovine\",\"publisher\":{\"@id\":\"https:\\\/\\\/radioljubuski.ba\\\/#organization\"},\"potentialAction\":[{\"@type\":\"SearchAction\",\"target\":{\"@type\":\"EntryPoint\",\"urlTemplate\":\"https:\\\/\\\/radioljubuski.ba\\\/?s={search_term_string}\"},\"query-input\":{\"@type\":\"PropertyValueSpecification\",\"valueRequired\":true,\"valueName\":\"search_term_string\"}}],\"inLanguage\":\"hr\"},{\"@type\":\"Organization\",\"@id\":\"https:\\\/\\\/radioljubuski.ba\\\/#organization\",\"name\":\"Radio Ljubu\u0161ki\",\"url\":\"https:\\\/\\\/radioljubuski.ba\\\/\",\"logo\":{\"@type\":\"ImageObject\",\"inLanguage\":\"hr\",\"@id\":\"https:\\\/\\\/radioljubuski.ba\\\/#\\\/schema\\\/logo\\\/image\\\/\",\"url\":\"https:\\\/\\\/radioljubuski.ba\\\/wp-content\\\/uploads\\\/2021\\\/02\\\/cropped-Radio_Ljubuski_logo1.jpg\",\"contentUrl\":\"https:\\\/\\\/radioljubuski.ba\\\/wp-content\\\/uploads\\\/2021\\\/02\\\/cropped-Radio_Ljubuski_logo1.jpg\",\"width\":512,\"height\":512,\"caption\":\"Radio Ljubu\u0161ki\"},\"image\":{\"@id\":\"https:\\\/\\\/radioljubuski.ba\\\/#\\\/schema\\\/logo\\\/image\\\/\"},\"sameAs\":[\"https:\\\/\\\/www.facebook.com\\\/Radiio-Ljubuski-1490835324566332\",\"https:\\\/\\\/x.com\\\/radioljubuski\",\"https:\\\/\\\/hr.linkedin.com\\\/company\\\/radio-ljubuski\",\"https:\\\/\\\/www.youtube.com\\\/channel\\\/UCHYaeO_n0Db3tjNGudGpXyw\"]},{\"@type\":\"Person\",\"@id\":\"https:\\\/\\\/radioljubuski.ba\\\/#\\\/schema\\\/person\\\/19fc700381a780f69665d7956c469e3b\",\"name\":\"Radio Ljubu\u0161ki\"}]}<\/script>\n<!-- \/ Yoast SEO plugin. -->","yoast_head_json":{"title":"Milanovi\u0107 u Mostaru: Kultura, stil, decentnost ovog skupa je na razini Europe, do\u0111i da vidi\u0161, do\u0107i da se divi\u0161 - RADIO LJUBU\u0160KI","robots":{"index":"index","follow":"follow","max-snippet":"max-snippet:-1","max-image-preview":"max-image-preview:large","max-video-preview":"max-video-preview:-1"},"canonical":"https:\/\/radioljubuski.ba\/index.php\/2022\/04\/08\/milanovic-u-mostaru-kultura-stil-decentnost-ovog-skupa-je-na-razini-europe-dodi-da-vidis-doci-da-se-divis\/","og_locale":"hr_HR","og_type":"article","og_title":"Milanovi\u0107 u Mostaru: Kultura, stil, decentnost ovog skupa je na razini Europe, do\u0111i da vidi\u0161, do\u0107i da se divi\u0161 - RADIO LJUBU\u0160KI","og_description":"Predsjednik Republike Hrvatske Zoran Milanovi\u0107 boravi u Mostaru, na obilje\u017eavanju 30. godi\u0161njice osnutka HVO-a. Nakon mimohoda pod ratnim zastavama od mostarske katedrale do Rondoa, na Trg hrvatskih velikana Milanovi\u0107 je odao po\u010dast poginulim vojnicima, uz polaganje cvije\u0107a i paljenje svije\u0107a ispred Sradei\u0161njeg spomenika hrvatskim braniteljima u Domovinskom ratu. Potom je sudjelovao na Sve\u010danoj akademiji obilje\u017eavanja [&hellip;]","og_url":"https:\/\/radioljubuski.ba\/index.php\/2022\/04\/08\/milanovic-u-mostaru-kultura-stil-decentnost-ovog-skupa-je-na-razini-europe-dodi-da-vidis-doci-da-se-divis\/","og_site_name":"RADIO LJUBU\u0160KI","article_publisher":"https:\/\/www.facebook.com\/Radiio-Ljubuski-1490835324566332","article_published_time":"2022-04-08T13:19:47+00:00","article_modified_time":"2022-04-09T20:57:15+00:00","og_image":[{"width":1068,"height":801,"url":"https:\/\/radioljubuski.ba\/wp-content\/uploads\/2022\/04\/IMG_20220408_115008-1068x801-1.jpg","type":"image\/jpeg"}],"author":"Radio Ljubu\u0161ki","twitter_card":"summary_large_image","twitter_creator":"@radioljubuski","twitter_site":"@radioljubuski","twitter_misc":{"Napisao\/la":"Radio Ljubu\u0161ki","Procijenjeno vrijeme \u010ditanja":"3 minute"},"schema":{"@context":"https:\/\/schema.org","@graph":[{"@type":"Article","@id":"https:\/\/radioljubuski.ba\/index.php\/2022\/04\/08\/milanovic-u-mostaru-kultura-stil-decentnost-ovog-skupa-je-na-razini-europe-dodi-da-vidis-doci-da-se-divis\/#article","isPartOf":{"@id":"https:\/\/radioljubuski.ba\/index.php\/2022\/04\/08\/milanovic-u-mostaru-kultura-stil-decentnost-ovog-skupa-je-na-razini-europe-dodi-da-vidis-doci-da-se-divis\/"},"author":{"name":"Radio Ljubu\u0161ki","@id":"https:\/\/radioljubuski.ba\/#\/schema\/person\/19fc700381a780f69665d7956c469e3b"},"headline":"Milanovi\u0107 u Mostaru: Kultura, stil, decentnost ovog skupa je na razini Europe, do\u0111i da vidi\u0161, do\u0107i da se divi\u0161","datePublished":"2022-04-08T13:19:47+00:00","dateModified":"2022-04-09T20:57:15+00:00","mainEntityOfPage":{"@id":"https:\/\/radioljubuski.ba\/index.php\/2022\/04\/08\/milanovic-u-mostaru-kultura-stil-decentnost-ovog-skupa-je-na-razini-europe-dodi-da-vidis-doci-da-se-divis\/"},"wordCount":743,"publisher":{"@id":"https:\/\/radioljubuski.ba\/#organization"},"image":{"@id":"https:\/\/radioljubuski.ba\/index.php\/2022\/04\/08\/milanovic-u-mostaru-kultura-stil-decentnost-ovog-skupa-je-na-razini-europe-dodi-da-vidis-doci-da-se-divis\/#primaryimage"},"thumbnailUrl":"https:\/\/radioljubuski.ba\/wp-content\/uploads\/2022\/04\/IMG_20220408_115008-1068x801-1.jpg","articleSection":["BIH i regija"],"inLanguage":"hr"},{"@type":"WebPage","@id":"https:\/\/radioljubuski.ba\/index.php\/2022\/04\/08\/milanovic-u-mostaru-kultura-stil-decentnost-ovog-skupa-je-na-razini-europe-dodi-da-vidis-doci-da-se-divis\/","url":"https:\/\/radioljubuski.ba\/index.php\/2022\/04\/08\/milanovic-u-mostaru-kultura-stil-decentnost-ovog-skupa-je-na-razini-europe-dodi-da-vidis-doci-da-se-divis\/","name":"Milanovi\u0107 u Mostaru: Kultura, stil, decentnost ovog skupa je na razini Europe, do\u0111i da vidi\u0161, do\u0107i da se divi\u0161 - RADIO LJUBU\u0160KI","isPartOf":{"@id":"https:\/\/radioljubuski.ba\/#website"},"primaryImageOfPage":{"@id":"https:\/\/radioljubuski.ba\/index.php\/2022\/04\/08\/milanovic-u-mostaru-kultura-stil-decentnost-ovog-skupa-je-na-razini-europe-dodi-da-vidis-doci-da-se-divis\/#primaryimage"},"image":{"@id":"https:\/\/radioljubuski.ba\/index.php\/2022\/04\/08\/milanovic-u-mostaru-kultura-stil-decentnost-ovog-skupa-je-na-razini-europe-dodi-da-vidis-doci-da-se-divis\/#primaryimage"},"thumbnailUrl":"https:\/\/radioljubuski.ba\/wp-content\/uploads\/2022\/04\/IMG_20220408_115008-1068x801-1.jpg","datePublished":"2022-04-08T13:19:47+00:00","dateModified":"2022-04-09T20:57:15+00:00","breadcrumb":{"@id":"https:\/\/radioljubuski.ba\/index.php\/2022\/04\/08\/milanovic-u-mostaru-kultura-stil-decentnost-ovog-skupa-je-na-razini-europe-dodi-da-vidis-doci-da-se-divis\/#breadcrumb"},"inLanguage":"hr","potentialAction":[{"@type":"ReadAction","target":["https:\/\/radioljubuski.ba\/index.php\/2022\/04\/08\/milanovic-u-mostaru-kultura-stil-decentnost-ovog-skupa-je-na-razini-europe-dodi-da-vidis-doci-da-se-divis\/"]}]},{"@type":"ImageObject","inLanguage":"hr","@id":"https:\/\/radioljubuski.ba\/index.php\/2022\/04\/08\/milanovic-u-mostaru-kultura-stil-decentnost-ovog-skupa-je-na-razini-europe-dodi-da-vidis-doci-da-se-divis\/#primaryimage","url":"https:\/\/radioljubuski.ba\/wp-content\/uploads\/2022\/04\/IMG_20220408_115008-1068x801-1.jpg","contentUrl":"https:\/\/radioljubuski.ba\/wp-content\/uploads\/2022\/04\/IMG_20220408_115008-1068x801-1.jpg","width":1068,"height":801},{"@type":"BreadcrumbList","@id":"https:\/\/radioljubuski.ba\/index.php\/2022\/04\/08\/milanovic-u-mostaru-kultura-stil-decentnost-ovog-skupa-je-na-razini-europe-dodi-da-vidis-doci-da-se-divis\/#breadcrumb","itemListElement":[{"@type":"ListItem","position":1,"name":"Po\u010detna stranica","item":"https:\/\/radioljubuski.ba\/"},{"@type":"ListItem","position":2,"name":"Milanovi\u0107 u Mostaru: Kultura, stil, decentnost ovog skupa je na razini Europe, do\u0111i da vidi\u0161, do\u0107i da se divi\u0161"}]},{"@type":"WebSite","@id":"https:\/\/radioljubuski.ba\/#website","url":"https:\/\/radioljubuski.ba\/","name":"Radio Ljubu\u0161ki","description":"Sun\u010dana frekvencija Hercegovine","publisher":{"@id":"https:\/\/radioljubuski.ba\/#organization"},"potentialAction":[{"@type":"SearchAction","target":{"@type":"EntryPoint","urlTemplate":"https:\/\/radioljubuski.ba\/?s={search_term_string}"},"query-input":{"@type":"PropertyValueSpecification","valueRequired":true,"valueName":"search_term_string"}}],"inLanguage":"hr"},{"@type":"Organization","@id":"https:\/\/radioljubuski.ba\/#organization","name":"Radio Ljubu\u0161ki","url":"https:\/\/radioljubuski.ba\/","logo":{"@type":"ImageObject","inLanguage":"hr","@id":"https:\/\/radioljubuski.ba\/#\/schema\/logo\/image\/","url":"https:\/\/radioljubuski.ba\/wp-content\/uploads\/2021\/02\/cropped-Radio_Ljubuski_logo1.jpg","contentUrl":"https:\/\/radioljubuski.ba\/wp-content\/uploads\/2021\/02\/cropped-Radio_Ljubuski_logo1.jpg","width":512,"height":512,"caption":"Radio Ljubu\u0161ki"},"image":{"@id":"https:\/\/radioljubuski.ba\/#\/schema\/logo\/image\/"},"sameAs":["https:\/\/www.facebook.com\/Radiio-Ljubuski-1490835324566332","https:\/\/x.com\/radioljubuski","https:\/\/hr.linkedin.com\/company\/radio-ljubuski","https:\/\/www.youtube.com\/channel\/UCHYaeO_n0Db3tjNGudGpXyw"]},{"@type":"Person","@id":"https:\/\/radioljubuski.ba\/#\/schema\/person\/19fc700381a780f69665d7956c469e3b","name":"Radio Ljubu\u0161ki"}]}},"_links":{"self":[{"href":"https:\/\/radioljubuski.ba\/index.php\/wp-json\/wp\/v2\/posts\/130511","targetHints":{"allow":["GET"]}}],"collection":[{"href":"https:\/\/radioljubuski.ba\/index.php\/wp-json\/wp\/v2\/posts"}],"about":[{"href":"https:\/\/radioljubuski.ba\/index.php\/wp-json\/wp\/v2\/types\/post"}],"author":[{"embeddable":true,"href":"https:\/\/radioljubuski.ba\/index.php\/wp-json\/wp\/v2\/users\/2"}],"replies":[{"embeddable":true,"href":"https:\/\/radioljubuski.ba\/index.php\/wp-json\/wp\/v2\/comments?post=130511"}],"version-history":[{"count":1,"href":"https:\/\/radioljubuski.ba\/index.php\/wp-json\/wp\/v2\/posts\/130511\/revisions"}],"predecessor-version":[{"id":130513,"href":"https:\/\/radioljubuski.ba\/index.php\/wp-json\/wp\/v2\/posts\/130511\/revisions\/130513"}],"wp:featuredmedia":[{"embeddable":true,"href":"https:\/\/radioljubuski.ba\/index.php\/wp-json\/wp\/v2\/media\/130512"}],"wp:attachment":[{"href":"https:\/\/radioljubuski.ba\/index.php\/wp-json\/wp\/v2\/media?parent=130511"}],"wp:term":[{"taxonomy":"category","embeddable":true,"href":"https:\/\/radioljubuski.ba\/index.php\/wp-json\/wp\/v2\/categories?post=130511"},{"taxonomy":"post_tag","embeddable":true,"href":"https:\/\/radioljubuski.ba\/index.php\/wp-json\/wp\/v2\/tags?post=130511"}],"curies":[{"name":"wp","href":"https:\/\/api.w.org\/{rel}","templated":true}]}}