{"id":130518,"date":"2022-04-08T14:23:34","date_gmt":"2022-04-08T13:23:34","guid":{"rendered":"https:\/\/radioljubuski.ba\/?p=130518"},"modified":"2022-04-08T14:23:34","modified_gmt":"2022-04-08T13:23:34","slug":"sedam-namirnica-koje-ce-najvise-poskupjeti-do-kraja-godine","status":"publish","type":"post","link":"https:\/\/radioljubuski.ba\/index.php\/2022\/04\/08\/sedam-namirnica-koje-ce-najvise-poskupjeti-do-kraja-godine\/","title":{"rendered":"Sedam namirnica koje \u0107e najvi\u0161e poskupjeti do kraja godine"},"content":{"rendered":"\n<p>Do kraja godine o\u010dekuje se poskupljenje razli\u010ditih namirnica, a ameri\u010dko ministarstvo poljoprivrede u svojoj prognozi navelo je o kojim je namirnicama rije\u010d.<\/p>\n\n\n\n<p>Prema ameri\u010dkom ministarstvu, cijene hrane u velja\u010di 2022. bile su 7,9% vi\u0161e nego u velja\u010di 2021., a kao primarni uzrok pove\u0107anja cijena navodi se sukob u Ukrajini.<\/p>\n\n\n\n<p><strong>\u0160to \u0107e poskupjeti?<\/strong><\/p>\n\n\n\n<p>Zbog poreme\u0107aja u lancu opskrbe, ali i klimatskih promjena, u nastavku donosimo popis namirnica koje bi mogle najvi\u0161e poskupjeti do kraja godine.<\/p>\n\n\n\n<p>Masti i ulja \u2013 O\u010dekuje se da bi masti i ulja mogli biti skuplji za 6 do 7%.<\/p>\n\n\n\n<p>Svje\u017ee vo\u0107e \u2013 O\u010dekuje se poskupljenje od 5 do 6%.<\/p>\n\n\n\n<p>Svje\u017ee povr\u0107e \u2013 O\u010dekuje se poskupljenje od 1 do 2%.<\/p>\n\n\n\n<p>Prera\u0111eno vo\u0107e i povr\u0107e \u2013 O\u010dekuje se poskupljenje od 4.5 do 5.5%.<\/p>\n\n\n\n<p>\u0160e\u0107er i slatki\u0161i \u2013 O\u010dekuje se poskupljenje od 3 do 4%.<\/p>\n\n\n\n<p>\u017ditarice i pekarski proizvodi \u2013 O\u010dekuje se poskupljenje od 3 do 4%.<\/p>\n\n\n\n<p>Bezalkoholna pi\u0107a \u2013 O\u010dekuje se poskupljenje od 3.5 do 4.5%.<\/p>\n\n\n\n<p>Kako pi\u0161e Business Insider, jedan od glavnih uzroka poskupljenja jest rat u Ukrajini. Ruska invazija na Ukrajinu izazvala je nesta\u0161icu gnojiva, poremetila poljoprivredu u cijelom svijetu i dovela do pove\u0107anja cijena.<\/p>\n\n\n\n<p>Osim rata, na poreme\u0107aj cijena utjecale su i klimatske promjene. Naime, \u010dak i prije ruske invazije, pogor\u0161ana klimatska kriza ote\u017eavala je opskrbu hranom.<\/p>\n\n\n\n<p>UN je ranije izvijestio da \u0107e tijekom sljede\u0107a tri desetlje\u0107a \u201copskrba hranom i sigurnost hrane biti ozbiljno ugro\u017eeni ako se mjere za rje\u0161avanje klimatskih promjena i ranjivosti prehrambenog sustava na klimatske promjene poduzmu u malom ili nikakvom opsegu.\u201d<\/p>\n\n\n\n<p>Nepredvidivi vremenski obrasci mogu na\u0161tetiti proizvodnji hrane. Primjerice, porastom temperature mora i oceana dolazi do poreme\u0107aja u opskrbi ribom i jastogom.<\/p>\n\n\n\n<p>Izvor:N1<\/p>\n","protected":false},"excerpt":{"rendered":"<p>Do kraja godine o\u010dekuje se poskupljenje razli\u010ditih namirnica, a ameri\u010dko ministarstvo poljoprivrede u svojoj prognozi navelo je o kojim je namirnicama rije\u010d. Prema ameri\u010dkom ministarstvu, cijene hrane u velja\u010di 2022. bile su 7,9% vi\u0161e nego u velja\u010di 2021., a kao primarni uzrok pove\u0107anja cijena navodi se sukob u Ukrajini. \u0160to \u0107e poskupjeti? Zbog poreme\u0107aja u [&hellip;]<\/p>\n","protected":false},"author":2,"featured_media":56789,"comment_status":"closed","ping_status":"closed","sticky":false,"template":"","format":"standard","meta":{"h5ap_radio_sources":[],"footnotes":""},"categories":[1],"tags":[],"class_list":["post-130518","post","type-post","status-publish","format-standard","has-post-thumbnail","hentry","category-bihiregija"],"yoast_head":"<!-- This site is optimized with the Yoast SEO plugin v27.5 - https:\/\/yoast.com\/product\/yoast-seo-wordpress\/ -->\n<title>Sedam namirnica koje \u0107e najvi\u0161e poskupjeti do kraja godine - RADIO LJUBU\u0160KI<\/title>\n<meta name=\"robots\" content=\"index, follow, max-snippet:-1, max-image-preview:large, max-video-preview:-1\" \/>\n<link rel=\"canonical\" href=\"https:\/\/radioljubuski.ba\/index.php\/2022\/04\/08\/sedam-namirnica-koje-ce-najvise-poskupjeti-do-kraja-godine\/\" \/>\n<meta property=\"og:locale\" content=\"hr_HR\" \/>\n<meta property=\"og:type\" content=\"article\" \/>\n<meta property=\"og:title\" content=\"Sedam namirnica koje \u0107e najvi\u0161e poskupjeti do kraja godine - RADIO LJUBU\u0160KI\" \/>\n<meta property=\"og:description\" content=\"Do kraja godine o\u010dekuje se poskupljenje razli\u010ditih namirnica, a ameri\u010dko ministarstvo poljoprivrede u svojoj prognozi navelo je o kojim je namirnicama rije\u010d. Prema ameri\u010dkom ministarstvu, cijene hrane u velja\u010di 2022. bile su 7,9% vi\u0161e nego u velja\u010di 2021., a kao primarni uzrok pove\u0107anja cijena navodi se sukob u Ukrajini. \u0160to \u0107e poskupjeti? Zbog poreme\u0107aja u [&hellip;]\" \/>\n<meta property=\"og:url\" content=\"https:\/\/radioljubuski.ba\/index.php\/2022\/04\/08\/sedam-namirnica-koje-ce-najvise-poskupjeti-do-kraja-godine\/\" \/>\n<meta property=\"og:site_name\" content=\"RADIO LJUBU\u0160KI\" \/>\n<meta property=\"article:publisher\" content=\"https:\/\/www.facebook.com\/Radiio-Ljubuski-1490835324566332\" \/>\n<meta property=\"article:published_time\" content=\"2022-04-08T13:23:34+00:00\" \/>\n<meta property=\"og:image\" content=\"https:\/\/radioljubuski.ba\/wp-content\/uploads\/2021\/08\/prodavnica.jpg\" \/>\n\t<meta property=\"og:image:width\" content=\"1000\" \/>\n\t<meta property=\"og:image:height\" content=\"625\" \/>\n\t<meta property=\"og:image:type\" content=\"image\/jpeg\" \/>\n<meta name=\"author\" content=\"Radio Ljubu\u0161ki\" \/>\n<meta name=\"twitter:card\" content=\"summary_large_image\" \/>\n<meta name=\"twitter:creator\" content=\"@radioljubuski\" \/>\n<meta name=\"twitter:site\" content=\"@radioljubuski\" \/>\n<meta name=\"twitter:label1\" content=\"Napisao\/la\" \/>\n\t<meta name=\"twitter:data1\" content=\"Radio Ljubu\u0161ki\" \/>\n\t<meta name=\"twitter:label2\" content=\"Procijenjeno vrijeme \u010ditanja\" \/>\n\t<meta name=\"twitter:data2\" content=\"2 minute\" \/>\n<script type=\"application\/ld+json\" class=\"yoast-schema-graph\">{\"@context\":\"https:\\\/\\\/schema.org\",\"@graph\":[{\"@type\":\"Article\",\"@id\":\"https:\\\/\\\/radioljubuski.ba\\\/index.php\\\/2022\\\/04\\\/08\\\/sedam-namirnica-koje-ce-najvise-poskupjeti-do-kraja-godine\\\/#article\",\"isPartOf\":{\"@id\":\"https:\\\/\\\/radioljubuski.ba\\\/index.php\\\/2022\\\/04\\\/08\\\/sedam-namirnica-koje-ce-najvise-poskupjeti-do-kraja-godine\\\/\"},\"author\":{\"name\":\"Radio Ljubu\u0161ki\",\"@id\":\"https:\\\/\\\/radioljubuski.ba\\\/#\\\/schema\\\/person\\\/19fc700381a780f69665d7956c469e3b\"},\"headline\":\"Sedam namirnica koje \u0107e najvi\u0161e poskupjeti do kraja godine\",\"datePublished\":\"2022-04-08T13:23:34+00:00\",\"mainEntityOfPage\":{\"@id\":\"https:\\\/\\\/radioljubuski.ba\\\/index.php\\\/2022\\\/04\\\/08\\\/sedam-namirnica-koje-ce-najvise-poskupjeti-do-kraja-godine\\\/\"},\"wordCount\":297,\"publisher\":{\"@id\":\"https:\\\/\\\/radioljubuski.ba\\\/#organization\"},\"image\":{\"@id\":\"https:\\\/\\\/radioljubuski.ba\\\/index.php\\\/2022\\\/04\\\/08\\\/sedam-namirnica-koje-ce-najvise-poskupjeti-do-kraja-godine\\\/#primaryimage\"},\"thumbnailUrl\":\"https:\\\/\\\/radioljubuski.ba\\\/wp-content\\\/uploads\\\/2021\\\/08\\\/prodavnica.jpg\",\"articleSection\":[\"BIH i regija\"],\"inLanguage\":\"hr\"},{\"@type\":\"WebPage\",\"@id\":\"https:\\\/\\\/radioljubuski.ba\\\/index.php\\\/2022\\\/04\\\/08\\\/sedam-namirnica-koje-ce-najvise-poskupjeti-do-kraja-godine\\\/\",\"url\":\"https:\\\/\\\/radioljubuski.ba\\\/index.php\\\/2022\\\/04\\\/08\\\/sedam-namirnica-koje-ce-najvise-poskupjeti-do-kraja-godine\\\/\",\"name\":\"Sedam namirnica koje \u0107e najvi\u0161e poskupjeti do kraja godine - RADIO LJUBU\u0160KI\",\"isPartOf\":{\"@id\":\"https:\\\/\\\/radioljubuski.ba\\\/#website\"},\"primaryImageOfPage\":{\"@id\":\"https:\\\/\\\/radioljubuski.ba\\\/index.php\\\/2022\\\/04\\\/08\\\/sedam-namirnica-koje-ce-najvise-poskupjeti-do-kraja-godine\\\/#primaryimage\"},\"image\":{\"@id\":\"https:\\\/\\\/radioljubuski.ba\\\/index.php\\\/2022\\\/04\\\/08\\\/sedam-namirnica-koje-ce-najvise-poskupjeti-do-kraja-godine\\\/#primaryimage\"},\"thumbnailUrl\":\"https:\\\/\\\/radioljubuski.ba\\\/wp-content\\\/uploads\\\/2021\\\/08\\\/prodavnica.jpg\",\"datePublished\":\"2022-04-08T13:23:34+00:00\",\"breadcrumb\":{\"@id\":\"https:\\\/\\\/radioljubuski.ba\\\/index.php\\\/2022\\\/04\\\/08\\\/sedam-namirnica-koje-ce-najvise-poskupjeti-do-kraja-godine\\\/#breadcrumb\"},\"inLanguage\":\"hr\",\"potentialAction\":[{\"@type\":\"ReadAction\",\"target\":[\"https:\\\/\\\/radioljubuski.ba\\\/index.php\\\/2022\\\/04\\\/08\\\/sedam-namirnica-koje-ce-najvise-poskupjeti-do-kraja-godine\\\/\"]}]},{\"@type\":\"ImageObject\",\"inLanguage\":\"hr\",\"@id\":\"https:\\\/\\\/radioljubuski.ba\\\/index.php\\\/2022\\\/04\\\/08\\\/sedam-namirnica-koje-ce-najvise-poskupjeti-do-kraja-godine\\\/#primaryimage\",\"url\":\"https:\\\/\\\/radioljubuski.ba\\\/wp-content\\\/uploads\\\/2021\\\/08\\\/prodavnica.jpg\",\"contentUrl\":\"https:\\\/\\\/radioljubuski.ba\\\/wp-content\\\/uploads\\\/2021\\\/08\\\/prodavnica.jpg\",\"width\":1000,\"height\":625},{\"@type\":\"BreadcrumbList\",\"@id\":\"https:\\\/\\\/radioljubuski.ba\\\/index.php\\\/2022\\\/04\\\/08\\\/sedam-namirnica-koje-ce-najvise-poskupjeti-do-kraja-godine\\\/#breadcrumb\",\"itemListElement\":[{\"@type\":\"ListItem\",\"position\":1,\"name\":\"Po\u010detna stranica\",\"item\":\"https:\\\/\\\/radioljubuski.ba\\\/\"},{\"@type\":\"ListItem\",\"position\":2,\"name\":\"Sedam namirnica koje \u0107e najvi\u0161e poskupjeti do kraja godine\"}]},{\"@type\":\"WebSite\",\"@id\":\"https:\\\/\\\/radioljubuski.ba\\\/#website\",\"url\":\"https:\\\/\\\/radioljubuski.ba\\\/\",\"name\":\"Radio Ljubu\u0161ki\",\"description\":\"Sun\u010dana frekvencija Hercegovine\",\"publisher\":{\"@id\":\"https:\\\/\\\/radioljubuski.ba\\\/#organization\"},\"potentialAction\":[{\"@type\":\"SearchAction\",\"target\":{\"@type\":\"EntryPoint\",\"urlTemplate\":\"https:\\\/\\\/radioljubuski.ba\\\/?s={search_term_string}\"},\"query-input\":{\"@type\":\"PropertyValueSpecification\",\"valueRequired\":true,\"valueName\":\"search_term_string\"}}],\"inLanguage\":\"hr\"},{\"@type\":\"Organization\",\"@id\":\"https:\\\/\\\/radioljubuski.ba\\\/#organization\",\"name\":\"Radio Ljubu\u0161ki\",\"url\":\"https:\\\/\\\/radioljubuski.ba\\\/\",\"logo\":{\"@type\":\"ImageObject\",\"inLanguage\":\"hr\",\"@id\":\"https:\\\/\\\/radioljubuski.ba\\\/#\\\/schema\\\/logo\\\/image\\\/\",\"url\":\"https:\\\/\\\/radioljubuski.ba\\\/wp-content\\\/uploads\\\/2021\\\/02\\\/cropped-Radio_Ljubuski_logo1.jpg\",\"contentUrl\":\"https:\\\/\\\/radioljubuski.ba\\\/wp-content\\\/uploads\\\/2021\\\/02\\\/cropped-Radio_Ljubuski_logo1.jpg\",\"width\":512,\"height\":512,\"caption\":\"Radio Ljubu\u0161ki\"},\"image\":{\"@id\":\"https:\\\/\\\/radioljubuski.ba\\\/#\\\/schema\\\/logo\\\/image\\\/\"},\"sameAs\":[\"https:\\\/\\\/www.facebook.com\\\/Radiio-Ljubuski-1490835324566332\",\"https:\\\/\\\/x.com\\\/radioljubuski\",\"https:\\\/\\\/hr.linkedin.com\\\/company\\\/radio-ljubuski\",\"https:\\\/\\\/www.youtube.com\\\/channel\\\/UCHYaeO_n0Db3tjNGudGpXyw\"]},{\"@type\":\"Person\",\"@id\":\"https:\\\/\\\/radioljubuski.ba\\\/#\\\/schema\\\/person\\\/19fc700381a780f69665d7956c469e3b\",\"name\":\"Radio Ljubu\u0161ki\"}]}<\/script>\n<!-- \/ Yoast SEO plugin. -->","yoast_head_json":{"title":"Sedam namirnica koje \u0107e najvi\u0161e poskupjeti do kraja godine - RADIO LJUBU\u0160KI","robots":{"index":"index","follow":"follow","max-snippet":"max-snippet:-1","max-image-preview":"max-image-preview:large","max-video-preview":"max-video-preview:-1"},"canonical":"https:\/\/radioljubuski.ba\/index.php\/2022\/04\/08\/sedam-namirnica-koje-ce-najvise-poskupjeti-do-kraja-godine\/","og_locale":"hr_HR","og_type":"article","og_title":"Sedam namirnica koje \u0107e najvi\u0161e poskupjeti do kraja godine - RADIO LJUBU\u0160KI","og_description":"Do kraja godine o\u010dekuje se poskupljenje razli\u010ditih namirnica, a ameri\u010dko ministarstvo poljoprivrede u svojoj prognozi navelo je o kojim je namirnicama rije\u010d. Prema ameri\u010dkom ministarstvu, cijene hrane u velja\u010di 2022. bile su 7,9% vi\u0161e nego u velja\u010di 2021., a kao primarni uzrok pove\u0107anja cijena navodi se sukob u Ukrajini. \u0160to \u0107e poskupjeti? Zbog poreme\u0107aja u [&hellip;]","og_url":"https:\/\/radioljubuski.ba\/index.php\/2022\/04\/08\/sedam-namirnica-koje-ce-najvise-poskupjeti-do-kraja-godine\/","og_site_name":"RADIO LJUBU\u0160KI","article_publisher":"https:\/\/www.facebook.com\/Radiio-Ljubuski-1490835324566332","article_published_time":"2022-04-08T13:23:34+00:00","og_image":[{"width":1000,"height":625,"url":"https:\/\/radioljubuski.ba\/wp-content\/uploads\/2021\/08\/prodavnica.jpg","type":"image\/jpeg"}],"author":"Radio Ljubu\u0161ki","twitter_card":"summary_large_image","twitter_creator":"@radioljubuski","twitter_site":"@radioljubuski","twitter_misc":{"Napisao\/la":"Radio Ljubu\u0161ki","Procijenjeno vrijeme \u010ditanja":"2 minute"},"schema":{"@context":"https:\/\/schema.org","@graph":[{"@type":"Article","@id":"https:\/\/radioljubuski.ba\/index.php\/2022\/04\/08\/sedam-namirnica-koje-ce-najvise-poskupjeti-do-kraja-godine\/#article","isPartOf":{"@id":"https:\/\/radioljubuski.ba\/index.php\/2022\/04\/08\/sedam-namirnica-koje-ce-najvise-poskupjeti-do-kraja-godine\/"},"author":{"name":"Radio Ljubu\u0161ki","@id":"https:\/\/radioljubuski.ba\/#\/schema\/person\/19fc700381a780f69665d7956c469e3b"},"headline":"Sedam namirnica koje \u0107e najvi\u0161e poskupjeti do kraja godine","datePublished":"2022-04-08T13:23:34+00:00","mainEntityOfPage":{"@id":"https:\/\/radioljubuski.ba\/index.php\/2022\/04\/08\/sedam-namirnica-koje-ce-najvise-poskupjeti-do-kraja-godine\/"},"wordCount":297,"publisher":{"@id":"https:\/\/radioljubuski.ba\/#organization"},"image":{"@id":"https:\/\/radioljubuski.ba\/index.php\/2022\/04\/08\/sedam-namirnica-koje-ce-najvise-poskupjeti-do-kraja-godine\/#primaryimage"},"thumbnailUrl":"https:\/\/radioljubuski.ba\/wp-content\/uploads\/2021\/08\/prodavnica.jpg","articleSection":["BIH i regija"],"inLanguage":"hr"},{"@type":"WebPage","@id":"https:\/\/radioljubuski.ba\/index.php\/2022\/04\/08\/sedam-namirnica-koje-ce-najvise-poskupjeti-do-kraja-godine\/","url":"https:\/\/radioljubuski.ba\/index.php\/2022\/04\/08\/sedam-namirnica-koje-ce-najvise-poskupjeti-do-kraja-godine\/","name":"Sedam namirnica koje \u0107e najvi\u0161e poskupjeti do kraja godine - RADIO LJUBU\u0160KI","isPartOf":{"@id":"https:\/\/radioljubuski.ba\/#website"},"primaryImageOfPage":{"@id":"https:\/\/radioljubuski.ba\/index.php\/2022\/04\/08\/sedam-namirnica-koje-ce-najvise-poskupjeti-do-kraja-godine\/#primaryimage"},"image":{"@id":"https:\/\/radioljubuski.ba\/index.php\/2022\/04\/08\/sedam-namirnica-koje-ce-najvise-poskupjeti-do-kraja-godine\/#primaryimage"},"thumbnailUrl":"https:\/\/radioljubuski.ba\/wp-content\/uploads\/2021\/08\/prodavnica.jpg","datePublished":"2022-04-08T13:23:34+00:00","breadcrumb":{"@id":"https:\/\/radioljubuski.ba\/index.php\/2022\/04\/08\/sedam-namirnica-koje-ce-najvise-poskupjeti-do-kraja-godine\/#breadcrumb"},"inLanguage":"hr","potentialAction":[{"@type":"ReadAction","target":["https:\/\/radioljubuski.ba\/index.php\/2022\/04\/08\/sedam-namirnica-koje-ce-najvise-poskupjeti-do-kraja-godine\/"]}]},{"@type":"ImageObject","inLanguage":"hr","@id":"https:\/\/radioljubuski.ba\/index.php\/2022\/04\/08\/sedam-namirnica-koje-ce-najvise-poskupjeti-do-kraja-godine\/#primaryimage","url":"https:\/\/radioljubuski.ba\/wp-content\/uploads\/2021\/08\/prodavnica.jpg","contentUrl":"https:\/\/radioljubuski.ba\/wp-content\/uploads\/2021\/08\/prodavnica.jpg","width":1000,"height":625},{"@type":"BreadcrumbList","@id":"https:\/\/radioljubuski.ba\/index.php\/2022\/04\/08\/sedam-namirnica-koje-ce-najvise-poskupjeti-do-kraja-godine\/#breadcrumb","itemListElement":[{"@type":"ListItem","position":1,"name":"Po\u010detna stranica","item":"https:\/\/radioljubuski.ba\/"},{"@type":"ListItem","position":2,"name":"Sedam namirnica koje \u0107e najvi\u0161e poskupjeti do kraja godine"}]},{"@type":"WebSite","@id":"https:\/\/radioljubuski.ba\/#website","url":"https:\/\/radioljubuski.ba\/","name":"Radio Ljubu\u0161ki","description":"Sun\u010dana frekvencija Hercegovine","publisher":{"@id":"https:\/\/radioljubuski.ba\/#organization"},"potentialAction":[{"@type":"SearchAction","target":{"@type":"EntryPoint","urlTemplate":"https:\/\/radioljubuski.ba\/?s={search_term_string}"},"query-input":{"@type":"PropertyValueSpecification","valueRequired":true,"valueName":"search_term_string"}}],"inLanguage":"hr"},{"@type":"Organization","@id":"https:\/\/radioljubuski.ba\/#organization","name":"Radio Ljubu\u0161ki","url":"https:\/\/radioljubuski.ba\/","logo":{"@type":"ImageObject","inLanguage":"hr","@id":"https:\/\/radioljubuski.ba\/#\/schema\/logo\/image\/","url":"https:\/\/radioljubuski.ba\/wp-content\/uploads\/2021\/02\/cropped-Radio_Ljubuski_logo1.jpg","contentUrl":"https:\/\/radioljubuski.ba\/wp-content\/uploads\/2021\/02\/cropped-Radio_Ljubuski_logo1.jpg","width":512,"height":512,"caption":"Radio Ljubu\u0161ki"},"image":{"@id":"https:\/\/radioljubuski.ba\/#\/schema\/logo\/image\/"},"sameAs":["https:\/\/www.facebook.com\/Radiio-Ljubuski-1490835324566332","https:\/\/x.com\/radioljubuski","https:\/\/hr.linkedin.com\/company\/radio-ljubuski","https:\/\/www.youtube.com\/channel\/UCHYaeO_n0Db3tjNGudGpXyw"]},{"@type":"Person","@id":"https:\/\/radioljubuski.ba\/#\/schema\/person\/19fc700381a780f69665d7956c469e3b","name":"Radio Ljubu\u0161ki"}]}},"_links":{"self":[{"href":"https:\/\/radioljubuski.ba\/index.php\/wp-json\/wp\/v2\/posts\/130518","targetHints":{"allow":["GET"]}}],"collection":[{"href":"https:\/\/radioljubuski.ba\/index.php\/wp-json\/wp\/v2\/posts"}],"about":[{"href":"https:\/\/radioljubuski.ba\/index.php\/wp-json\/wp\/v2\/types\/post"}],"author":[{"embeddable":true,"href":"https:\/\/radioljubuski.ba\/index.php\/wp-json\/wp\/v2\/users\/2"}],"replies":[{"embeddable":true,"href":"https:\/\/radioljubuski.ba\/index.php\/wp-json\/wp\/v2\/comments?post=130518"}],"version-history":[{"count":1,"href":"https:\/\/radioljubuski.ba\/index.php\/wp-json\/wp\/v2\/posts\/130518\/revisions"}],"predecessor-version":[{"id":130520,"href":"https:\/\/radioljubuski.ba\/index.php\/wp-json\/wp\/v2\/posts\/130518\/revisions\/130520"}],"wp:featuredmedia":[{"embeddable":true,"href":"https:\/\/radioljubuski.ba\/index.php\/wp-json\/wp\/v2\/media\/56789"}],"wp:attachment":[{"href":"https:\/\/radioljubuski.ba\/index.php\/wp-json\/wp\/v2\/media?parent=130518"}],"wp:term":[{"taxonomy":"category","embeddable":true,"href":"https:\/\/radioljubuski.ba\/index.php\/wp-json\/wp\/v2\/categories?post=130518"},{"taxonomy":"post_tag","embeddable":true,"href":"https:\/\/radioljubuski.ba\/index.php\/wp-json\/wp\/v2\/tags?post=130518"}],"curies":[{"name":"wp","href":"https:\/\/api.w.org\/{rel}","templated":true}]}}