{"id":130527,"date":"2022-04-08T14:27:37","date_gmt":"2022-04-08T13:27:37","guid":{"rendered":"https:\/\/radioljubuski.ba\/?p=130527"},"modified":"2022-04-08T14:27:38","modified_gmt":"2022-04-08T13:27:38","slug":"podrska-mladim-u-zaposljavanju-u-it-sektoru-omogucit-ce-se-posao-za-minimalno-45-osoba","status":"publish","type":"post","link":"https:\/\/radioljubuski.ba\/index.php\/2022\/04\/08\/podrska-mladim-u-zaposljavanju-u-it-sektoru-omogucit-ce-se-posao-za-minimalno-45-osoba\/","title":{"rendered":"&#8216;Podr\u0161ka mladim u zapo\u0161ljavanju u IT sektoru&#8217;: Omogu\u0107it \u0107e se posao za minimalno 45 osoba"},"content":{"rendered":"\n<p>Sporazum o partnerstvu za provedbu projekta &#8220;Podr\u0161ka mladim u zapo\u0161ljavanju u IT sektoru&#8221; potpisan je u petak na Me\u0111unarodnom sajmu gospodarstva, gdje je projekt ujedno i predstavljen.<\/p>\n\n\n\n<p>Kako je istaknuto, projektom se \u017eeli smanjiti nesklad izme\u0111u evidentiranog velikog broja nezaposlenih mladih osoba i izra\u017eene potrebe tvrtki&nbsp; iz IT sektora za odre\u0111enim profilom zanimanja u Gradu Mostaru.<\/p>\n\n\n\n<p>Provedbu projekta koji \u0107e trajati 21 mjesec zapo\u010dela je Asocijacija za ekonomski razvoj REDAH u partnerstvu s Gradom Mostarom, Sveu\u010dili\u0161tem u Mostaru, kompanijom IT Odjel d.o.o. Mostar i Slu\u017ebom za zapo\u0161ljavanje HN\u017d, a njegova ukupna vrijednost je oko 400 tisu\u0107a maraka, od \u010dega je iznos grant sredstava EU oko 313 tisu\u0107a KM.<\/p>\n\n\n\n<p>Prema rije\u010dima direktora REDAH-a Ivice Sivri\u0107a, svi partneri svjesni su zna\u010daja projekta te vlastite uloge u zajedni\u010dkom radu.<\/p>\n\n\n\n<p>Lokalno partnerstvo \u0107e, kako je dodao, kreirati programe obuke za tri zanimanja u IT sektoru, organizirati teoretski i prakti\u010dni dio obuke te \u0107e svojim aktivnostima stvoriti povoljnije uvjete za zapo\u0161ljavanje mladih osoba na podru\u010dju Mostara i Hercegovine.<\/p>\n\n\n\n<p>Ciljna skupina krajnjih korisnika projekta predstavlja mlade osobe koje su zavr\u0161ile formalno srednje obrazovanje s kojim trenutno imaju male \u0161anse za zapo\u0161ljavanje, a koje im ipak kroz odre\u0111ene ste\u010dene kompetencije daje preduvjete da budu polaznici obuka za osposobljavanje u IT sektoru.<\/p>\n\n\n\n<p>&nbsp;Gradona\u010delnik Mostara Mario Kordi\u0107 istakao je kako \u0107e aktivnosti ovog projekta omogu\u0107iti povezivanje obrazovanja s tr\u017ei\u0161tem rada te da se nada da \u0107e ovo lokalno partnerstvo za zapo\u0161ljavanje koje uklju\u010duje javni sektor, kao i obrazovne institucije i tvrtke IT industrije biti samo jedan u nizu uspje\u0161nih primjera suradnje.<\/p>\n\n\n\n<p>&#8211; Osim \u0161to \u0107e ovaj projekt omogu\u0107iti zapo\u0161ljavanje minimalno 45 osoba, posebno mi je drago \u0161to on zna\u010dajno doprinosi jednom od ciljeva koje smo u Strategiji razvoja Grada Mostara identificirali kao klju\u010dne \u2013 naglasio je Kordi\u0107.<\/p>\n\n\n\n<p>Moramo biti spremni uhvatiti se u ko\u0161tac s trenutnom situacijom i uzeti u obzir dana\u0161nje zahtjeve na tr\u017ei\u0161tu a ne ne\u0161to za\u0161to se obrazovalo prije deset, petnaest i vi\u0161e godina, mi\u0161ljenja je direktor IT Odjela d.o.o. Mostar Marka Lace.<\/p>\n\n\n\n<p>&#8211; Tehnologije koje su danas tu zahtijevaju veoma dinami\u010dno u\u010denje, tra\u017ee veoma dinami\u010dnu prilagodbu rada na tr\u017ei\u0161tu i ne samo u IT-u, jer IT je danas postao jedno vezivno tkivo izme\u0111u svih bran\u0161i. To zna\u010di da svi mi danas ne mo\u017eemo sebi dopustiti da budemo informati\u010dki nepismeni i da radimo bilo gdje \u2013 ocijenio je Laco.<\/p>\n\n\n\n<p>Govore\u0107i o projektu, prorektorica Sveu\u010dili\u0161ta u Mostaru Sanja Bijak\u0161i\u0107 naglasila je kako su zajedni\u010dkim naporima kreirali nastavni plan i program i ishode u\u010denja, te da \u0107e polaznici bit \u0107e educirani na savremenoj opremi koju Sveu\u010dili\u0161te ima na raspolaganju a isto tako i na opremi koju \u0107e dobiti tokom implementacije programa.<\/p>\n\n\n\n<p>&#8211; Sigurna sam da \u0107emo u kona\u010dnici educirati kadar koji \u0107e puno lak\u0161e dospjeti na na\u0161e tr\u017ei\u0161te rada, ali isto tako i na me\u0111unarodno tr\u017ei\u0161te. To ne\u0107e biti kadar koji \u0107e sutra oti\u0107i izvan granica na\u0161e zemlje ve\u0107 \u0107e to biti mladi ljudi koji \u0107e se mo\u0107i ovdje puno br\u017ee zaposliti ali i koji \u0107e imati mogu\u0107nost samozaposlenja &#8211; zaklju\u010dila je Bijak\u0161i\u0107.<\/p>\n\n\n\n<p>Izvor:pogled.ba<\/p>\n","protected":false},"excerpt":{"rendered":"<p>Sporazum o partnerstvu za provedbu projekta &#8220;Podr\u0161ka mladim u zapo\u0161ljavanju u IT sektoru&#8221; potpisan je u petak na Me\u0111unarodnom sajmu gospodarstva, gdje je projekt ujedno i predstavljen. Kako je istaknuto, projektom se \u017eeli smanjiti nesklad izme\u0111u evidentiranog velikog broja nezaposlenih mladih osoba i izra\u017eene potrebe tvrtki&nbsp; iz IT sektora za odre\u0111enim profilom zanimanja u Gradu [&hellip;]<\/p>\n","protected":false},"author":2,"featured_media":130528,"comment_status":"closed","ping_status":"closed","sticky":false,"template":"","format":"standard","meta":{"h5ap_radio_sources":[],"footnotes":""},"categories":[1],"tags":[],"class_list":["post-130527","post","type-post","status-publish","format-standard","has-post-thumbnail","hentry","category-bihiregija"],"yoast_head":"<!-- This site is optimized with the Yoast SEO plugin v27.5 - https:\/\/yoast.com\/product\/yoast-seo-wordpress\/ -->\n<title>&#039;Podr\u0161ka mladim u zapo\u0161ljavanju u IT sektoru&#039;: Omogu\u0107it \u0107e se posao za minimalno 45 osoba - RADIO LJUBU\u0160KI<\/title>\n<meta name=\"robots\" content=\"index, follow, max-snippet:-1, max-image-preview:large, max-video-preview:-1\" \/>\n<link rel=\"canonical\" href=\"https:\/\/radioljubuski.ba\/index.php\/2022\/04\/08\/podrska-mladim-u-zaposljavanju-u-it-sektoru-omogucit-ce-se-posao-za-minimalno-45-osoba\/\" \/>\n<meta property=\"og:locale\" content=\"hr_HR\" \/>\n<meta property=\"og:type\" content=\"article\" \/>\n<meta property=\"og:title\" content=\"&#039;Podr\u0161ka mladim u zapo\u0161ljavanju u IT sektoru&#039;: Omogu\u0107it \u0107e se posao za minimalno 45 osoba - RADIO LJUBU\u0160KI\" \/>\n<meta property=\"og:description\" content=\"Sporazum o partnerstvu za provedbu projekta &#8220;Podr\u0161ka mladim u zapo\u0161ljavanju u IT sektoru&#8221; potpisan je u petak na Me\u0111unarodnom sajmu gospodarstva, gdje je projekt ujedno i predstavljen. Kako je istaknuto, projektom se \u017eeli smanjiti nesklad izme\u0111u evidentiranog velikog broja nezaposlenih mladih osoba i izra\u017eene potrebe tvrtki&nbsp; iz IT sektora za odre\u0111enim profilom zanimanja u Gradu [&hellip;]\" \/>\n<meta property=\"og:url\" content=\"https:\/\/radioljubuski.ba\/index.php\/2022\/04\/08\/podrska-mladim-u-zaposljavanju-u-it-sektoru-omogucit-ce-se-posao-za-minimalno-45-osoba\/\" \/>\n<meta property=\"og:site_name\" content=\"RADIO LJUBU\u0160KI\" \/>\n<meta property=\"article:publisher\" content=\"https:\/\/www.facebook.com\/Radiio-Ljubuski-1490835324566332\" \/>\n<meta property=\"article:published_time\" content=\"2022-04-08T13:27:37+00:00\" \/>\n<meta property=\"article:modified_time\" content=\"2022-04-08T13:27:38+00:00\" \/>\n<meta property=\"og:image\" content=\"https:\/\/radioljubuski.ba\/wp-content\/uploads\/2022\/04\/8-2022-04-08-13-44-36-IT-SEKTOR-SPORAZUM.jpg\" \/>\n\t<meta property=\"og:image:width\" content=\"1000\" \/>\n\t<meta property=\"og:image:height\" content=\"625\" \/>\n\t<meta property=\"og:image:type\" content=\"image\/jpeg\" \/>\n<meta name=\"author\" content=\"Radio Ljubu\u0161ki\" \/>\n<meta name=\"twitter:card\" content=\"summary_large_image\" \/>\n<meta name=\"twitter:creator\" content=\"@radioljubuski\" \/>\n<meta name=\"twitter:site\" content=\"@radioljubuski\" \/>\n<meta name=\"twitter:label1\" content=\"Napisao\/la\" \/>\n\t<meta name=\"twitter:data1\" content=\"Radio Ljubu\u0161ki\" \/>\n\t<meta name=\"twitter:label2\" content=\"Procijenjeno vrijeme \u010ditanja\" \/>\n\t<meta name=\"twitter:data2\" content=\"3 minute\" \/>\n<script type=\"application\/ld+json\" class=\"yoast-schema-graph\">{\"@context\":\"https:\\\/\\\/schema.org\",\"@graph\":[{\"@type\":\"Article\",\"@id\":\"https:\\\/\\\/radioljubuski.ba\\\/index.php\\\/2022\\\/04\\\/08\\\/podrska-mladim-u-zaposljavanju-u-it-sektoru-omogucit-ce-se-posao-za-minimalno-45-osoba\\\/#article\",\"isPartOf\":{\"@id\":\"https:\\\/\\\/radioljubuski.ba\\\/index.php\\\/2022\\\/04\\\/08\\\/podrska-mladim-u-zaposljavanju-u-it-sektoru-omogucit-ce-se-posao-za-minimalno-45-osoba\\\/\"},\"author\":{\"name\":\"Radio Ljubu\u0161ki\",\"@id\":\"https:\\\/\\\/radioljubuski.ba\\\/#\\\/schema\\\/person\\\/19fc700381a780f69665d7956c469e3b\"},\"headline\":\"&#8216;Podr\u0161ka mladim u zapo\u0161ljavanju u IT sektoru&#8217;: Omogu\u0107it \u0107e se posao za minimalno 45 osoba\",\"datePublished\":\"2022-04-08T13:27:37+00:00\",\"dateModified\":\"2022-04-08T13:27:38+00:00\",\"mainEntityOfPage\":{\"@id\":\"https:\\\/\\\/radioljubuski.ba\\\/index.php\\\/2022\\\/04\\\/08\\\/podrska-mladim-u-zaposljavanju-u-it-sektoru-omogucit-ce-se-posao-za-minimalno-45-osoba\\\/\"},\"wordCount\":593,\"publisher\":{\"@id\":\"https:\\\/\\\/radioljubuski.ba\\\/#organization\"},\"image\":{\"@id\":\"https:\\\/\\\/radioljubuski.ba\\\/index.php\\\/2022\\\/04\\\/08\\\/podrska-mladim-u-zaposljavanju-u-it-sektoru-omogucit-ce-se-posao-za-minimalno-45-osoba\\\/#primaryimage\"},\"thumbnailUrl\":\"https:\\\/\\\/radioljubuski.ba\\\/wp-content\\\/uploads\\\/2022\\\/04\\\/8-2022-04-08-13-44-36-IT-SEKTOR-SPORAZUM.jpg\",\"articleSection\":[\"BIH i regija\"],\"inLanguage\":\"hr\"},{\"@type\":\"WebPage\",\"@id\":\"https:\\\/\\\/radioljubuski.ba\\\/index.php\\\/2022\\\/04\\\/08\\\/podrska-mladim-u-zaposljavanju-u-it-sektoru-omogucit-ce-se-posao-za-minimalno-45-osoba\\\/\",\"url\":\"https:\\\/\\\/radioljubuski.ba\\\/index.php\\\/2022\\\/04\\\/08\\\/podrska-mladim-u-zaposljavanju-u-it-sektoru-omogucit-ce-se-posao-za-minimalno-45-osoba\\\/\",\"name\":\"'Podr\u0161ka mladim u zapo\u0161ljavanju u IT sektoru': Omogu\u0107it \u0107e se posao za minimalno 45 osoba - RADIO LJUBU\u0160KI\",\"isPartOf\":{\"@id\":\"https:\\\/\\\/radioljubuski.ba\\\/#website\"},\"primaryImageOfPage\":{\"@id\":\"https:\\\/\\\/radioljubuski.ba\\\/index.php\\\/2022\\\/04\\\/08\\\/podrska-mladim-u-zaposljavanju-u-it-sektoru-omogucit-ce-se-posao-za-minimalno-45-osoba\\\/#primaryimage\"},\"image\":{\"@id\":\"https:\\\/\\\/radioljubuski.ba\\\/index.php\\\/2022\\\/04\\\/08\\\/podrska-mladim-u-zaposljavanju-u-it-sektoru-omogucit-ce-se-posao-za-minimalno-45-osoba\\\/#primaryimage\"},\"thumbnailUrl\":\"https:\\\/\\\/radioljubuski.ba\\\/wp-content\\\/uploads\\\/2022\\\/04\\\/8-2022-04-08-13-44-36-IT-SEKTOR-SPORAZUM.jpg\",\"datePublished\":\"2022-04-08T13:27:37+00:00\",\"dateModified\":\"2022-04-08T13:27:38+00:00\",\"breadcrumb\":{\"@id\":\"https:\\\/\\\/radioljubuski.ba\\\/index.php\\\/2022\\\/04\\\/08\\\/podrska-mladim-u-zaposljavanju-u-it-sektoru-omogucit-ce-se-posao-za-minimalno-45-osoba\\\/#breadcrumb\"},\"inLanguage\":\"hr\",\"potentialAction\":[{\"@type\":\"ReadAction\",\"target\":[\"https:\\\/\\\/radioljubuski.ba\\\/index.php\\\/2022\\\/04\\\/08\\\/podrska-mladim-u-zaposljavanju-u-it-sektoru-omogucit-ce-se-posao-za-minimalno-45-osoba\\\/\"]}]},{\"@type\":\"ImageObject\",\"inLanguage\":\"hr\",\"@id\":\"https:\\\/\\\/radioljubuski.ba\\\/index.php\\\/2022\\\/04\\\/08\\\/podrska-mladim-u-zaposljavanju-u-it-sektoru-omogucit-ce-se-posao-za-minimalno-45-osoba\\\/#primaryimage\",\"url\":\"https:\\\/\\\/radioljubuski.ba\\\/wp-content\\\/uploads\\\/2022\\\/04\\\/8-2022-04-08-13-44-36-IT-SEKTOR-SPORAZUM.jpg\",\"contentUrl\":\"https:\\\/\\\/radioljubuski.ba\\\/wp-content\\\/uploads\\\/2022\\\/04\\\/8-2022-04-08-13-44-36-IT-SEKTOR-SPORAZUM.jpg\",\"width\":1000,\"height\":625},{\"@type\":\"BreadcrumbList\",\"@id\":\"https:\\\/\\\/radioljubuski.ba\\\/index.php\\\/2022\\\/04\\\/08\\\/podrska-mladim-u-zaposljavanju-u-it-sektoru-omogucit-ce-se-posao-za-minimalno-45-osoba\\\/#breadcrumb\",\"itemListElement\":[{\"@type\":\"ListItem\",\"position\":1,\"name\":\"Po\u010detna stranica\",\"item\":\"https:\\\/\\\/radioljubuski.ba\\\/\"},{\"@type\":\"ListItem\",\"position\":2,\"name\":\"&#8216;Podr\u0161ka mladim u zapo\u0161ljavanju u IT sektoru&#8217;: Omogu\u0107it \u0107e se posao za minimalno 45 osoba\"}]},{\"@type\":\"WebSite\",\"@id\":\"https:\\\/\\\/radioljubuski.ba\\\/#website\",\"url\":\"https:\\\/\\\/radioljubuski.ba\\\/\",\"name\":\"Radio Ljubu\u0161ki\",\"description\":\"Sun\u010dana frekvencija Hercegovine\",\"publisher\":{\"@id\":\"https:\\\/\\\/radioljubuski.ba\\\/#organization\"},\"potentialAction\":[{\"@type\":\"SearchAction\",\"target\":{\"@type\":\"EntryPoint\",\"urlTemplate\":\"https:\\\/\\\/radioljubuski.ba\\\/?s={search_term_string}\"},\"query-input\":{\"@type\":\"PropertyValueSpecification\",\"valueRequired\":true,\"valueName\":\"search_term_string\"}}],\"inLanguage\":\"hr\"},{\"@type\":\"Organization\",\"@id\":\"https:\\\/\\\/radioljubuski.ba\\\/#organization\",\"name\":\"Radio Ljubu\u0161ki\",\"url\":\"https:\\\/\\\/radioljubuski.ba\\\/\",\"logo\":{\"@type\":\"ImageObject\",\"inLanguage\":\"hr\",\"@id\":\"https:\\\/\\\/radioljubuski.ba\\\/#\\\/schema\\\/logo\\\/image\\\/\",\"url\":\"https:\\\/\\\/radioljubuski.ba\\\/wp-content\\\/uploads\\\/2021\\\/02\\\/cropped-Radio_Ljubuski_logo1.jpg\",\"contentUrl\":\"https:\\\/\\\/radioljubuski.ba\\\/wp-content\\\/uploads\\\/2021\\\/02\\\/cropped-Radio_Ljubuski_logo1.jpg\",\"width\":512,\"height\":512,\"caption\":\"Radio Ljubu\u0161ki\"},\"image\":{\"@id\":\"https:\\\/\\\/radioljubuski.ba\\\/#\\\/schema\\\/logo\\\/image\\\/\"},\"sameAs\":[\"https:\\\/\\\/www.facebook.com\\\/Radiio-Ljubuski-1490835324566332\",\"https:\\\/\\\/x.com\\\/radioljubuski\",\"https:\\\/\\\/hr.linkedin.com\\\/company\\\/radio-ljubuski\",\"https:\\\/\\\/www.youtube.com\\\/channel\\\/UCHYaeO_n0Db3tjNGudGpXyw\"]},{\"@type\":\"Person\",\"@id\":\"https:\\\/\\\/radioljubuski.ba\\\/#\\\/schema\\\/person\\\/19fc700381a780f69665d7956c469e3b\",\"name\":\"Radio Ljubu\u0161ki\"}]}<\/script>\n<!-- \/ Yoast SEO plugin. -->","yoast_head_json":{"title":"'Podr\u0161ka mladim u zapo\u0161ljavanju u IT sektoru': Omogu\u0107it \u0107e se posao za minimalno 45 osoba - RADIO LJUBU\u0160KI","robots":{"index":"index","follow":"follow","max-snippet":"max-snippet:-1","max-image-preview":"max-image-preview:large","max-video-preview":"max-video-preview:-1"},"canonical":"https:\/\/radioljubuski.ba\/index.php\/2022\/04\/08\/podrska-mladim-u-zaposljavanju-u-it-sektoru-omogucit-ce-se-posao-za-minimalno-45-osoba\/","og_locale":"hr_HR","og_type":"article","og_title":"'Podr\u0161ka mladim u zapo\u0161ljavanju u IT sektoru': Omogu\u0107it \u0107e se posao za minimalno 45 osoba - RADIO LJUBU\u0160KI","og_description":"Sporazum o partnerstvu za provedbu projekta &#8220;Podr\u0161ka mladim u zapo\u0161ljavanju u IT sektoru&#8221; potpisan je u petak na Me\u0111unarodnom sajmu gospodarstva, gdje je projekt ujedno i predstavljen. Kako je istaknuto, projektom se \u017eeli smanjiti nesklad izme\u0111u evidentiranog velikog broja nezaposlenih mladih osoba i izra\u017eene potrebe tvrtki&nbsp; iz IT sektora za odre\u0111enim profilom zanimanja u Gradu [&hellip;]","og_url":"https:\/\/radioljubuski.ba\/index.php\/2022\/04\/08\/podrska-mladim-u-zaposljavanju-u-it-sektoru-omogucit-ce-se-posao-za-minimalno-45-osoba\/","og_site_name":"RADIO LJUBU\u0160KI","article_publisher":"https:\/\/www.facebook.com\/Radiio-Ljubuski-1490835324566332","article_published_time":"2022-04-08T13:27:37+00:00","article_modified_time":"2022-04-08T13:27:38+00:00","og_image":[{"width":1000,"height":625,"url":"https:\/\/radioljubuski.ba\/wp-content\/uploads\/2022\/04\/8-2022-04-08-13-44-36-IT-SEKTOR-SPORAZUM.jpg","type":"image\/jpeg"}],"author":"Radio Ljubu\u0161ki","twitter_card":"summary_large_image","twitter_creator":"@radioljubuski","twitter_site":"@radioljubuski","twitter_misc":{"Napisao\/la":"Radio Ljubu\u0161ki","Procijenjeno vrijeme \u010ditanja":"3 minute"},"schema":{"@context":"https:\/\/schema.org","@graph":[{"@type":"Article","@id":"https:\/\/radioljubuski.ba\/index.php\/2022\/04\/08\/podrska-mladim-u-zaposljavanju-u-it-sektoru-omogucit-ce-se-posao-za-minimalno-45-osoba\/#article","isPartOf":{"@id":"https:\/\/radioljubuski.ba\/index.php\/2022\/04\/08\/podrska-mladim-u-zaposljavanju-u-it-sektoru-omogucit-ce-se-posao-za-minimalno-45-osoba\/"},"author":{"name":"Radio Ljubu\u0161ki","@id":"https:\/\/radioljubuski.ba\/#\/schema\/person\/19fc700381a780f69665d7956c469e3b"},"headline":"&#8216;Podr\u0161ka mladim u zapo\u0161ljavanju u IT sektoru&#8217;: Omogu\u0107it \u0107e se posao za minimalno 45 osoba","datePublished":"2022-04-08T13:27:37+00:00","dateModified":"2022-04-08T13:27:38+00:00","mainEntityOfPage":{"@id":"https:\/\/radioljubuski.ba\/index.php\/2022\/04\/08\/podrska-mladim-u-zaposljavanju-u-it-sektoru-omogucit-ce-se-posao-za-minimalno-45-osoba\/"},"wordCount":593,"publisher":{"@id":"https:\/\/radioljubuski.ba\/#organization"},"image":{"@id":"https:\/\/radioljubuski.ba\/index.php\/2022\/04\/08\/podrska-mladim-u-zaposljavanju-u-it-sektoru-omogucit-ce-se-posao-za-minimalno-45-osoba\/#primaryimage"},"thumbnailUrl":"https:\/\/radioljubuski.ba\/wp-content\/uploads\/2022\/04\/8-2022-04-08-13-44-36-IT-SEKTOR-SPORAZUM.jpg","articleSection":["BIH i regija"],"inLanguage":"hr"},{"@type":"WebPage","@id":"https:\/\/radioljubuski.ba\/index.php\/2022\/04\/08\/podrska-mladim-u-zaposljavanju-u-it-sektoru-omogucit-ce-se-posao-za-minimalno-45-osoba\/","url":"https:\/\/radioljubuski.ba\/index.php\/2022\/04\/08\/podrska-mladim-u-zaposljavanju-u-it-sektoru-omogucit-ce-se-posao-za-minimalno-45-osoba\/","name":"'Podr\u0161ka mladim u zapo\u0161ljavanju u IT sektoru': Omogu\u0107it \u0107e se posao za minimalno 45 osoba - RADIO LJUBU\u0160KI","isPartOf":{"@id":"https:\/\/radioljubuski.ba\/#website"},"primaryImageOfPage":{"@id":"https:\/\/radioljubuski.ba\/index.php\/2022\/04\/08\/podrska-mladim-u-zaposljavanju-u-it-sektoru-omogucit-ce-se-posao-za-minimalno-45-osoba\/#primaryimage"},"image":{"@id":"https:\/\/radioljubuski.ba\/index.php\/2022\/04\/08\/podrska-mladim-u-zaposljavanju-u-it-sektoru-omogucit-ce-se-posao-za-minimalno-45-osoba\/#primaryimage"},"thumbnailUrl":"https:\/\/radioljubuski.ba\/wp-content\/uploads\/2022\/04\/8-2022-04-08-13-44-36-IT-SEKTOR-SPORAZUM.jpg","datePublished":"2022-04-08T13:27:37+00:00","dateModified":"2022-04-08T13:27:38+00:00","breadcrumb":{"@id":"https:\/\/radioljubuski.ba\/index.php\/2022\/04\/08\/podrska-mladim-u-zaposljavanju-u-it-sektoru-omogucit-ce-se-posao-za-minimalno-45-osoba\/#breadcrumb"},"inLanguage":"hr","potentialAction":[{"@type":"ReadAction","target":["https:\/\/radioljubuski.ba\/index.php\/2022\/04\/08\/podrska-mladim-u-zaposljavanju-u-it-sektoru-omogucit-ce-se-posao-za-minimalno-45-osoba\/"]}]},{"@type":"ImageObject","inLanguage":"hr","@id":"https:\/\/radioljubuski.ba\/index.php\/2022\/04\/08\/podrska-mladim-u-zaposljavanju-u-it-sektoru-omogucit-ce-se-posao-za-minimalno-45-osoba\/#primaryimage","url":"https:\/\/radioljubuski.ba\/wp-content\/uploads\/2022\/04\/8-2022-04-08-13-44-36-IT-SEKTOR-SPORAZUM.jpg","contentUrl":"https:\/\/radioljubuski.ba\/wp-content\/uploads\/2022\/04\/8-2022-04-08-13-44-36-IT-SEKTOR-SPORAZUM.jpg","width":1000,"height":625},{"@type":"BreadcrumbList","@id":"https:\/\/radioljubuski.ba\/index.php\/2022\/04\/08\/podrska-mladim-u-zaposljavanju-u-it-sektoru-omogucit-ce-se-posao-za-minimalno-45-osoba\/#breadcrumb","itemListElement":[{"@type":"ListItem","position":1,"name":"Po\u010detna stranica","item":"https:\/\/radioljubuski.ba\/"},{"@type":"ListItem","position":2,"name":"&#8216;Podr\u0161ka mladim u zapo\u0161ljavanju u IT sektoru&#8217;: Omogu\u0107it \u0107e se posao za minimalno 45 osoba"}]},{"@type":"WebSite","@id":"https:\/\/radioljubuski.ba\/#website","url":"https:\/\/radioljubuski.ba\/","name":"Radio Ljubu\u0161ki","description":"Sun\u010dana frekvencija Hercegovine","publisher":{"@id":"https:\/\/radioljubuski.ba\/#organization"},"potentialAction":[{"@type":"SearchAction","target":{"@type":"EntryPoint","urlTemplate":"https:\/\/radioljubuski.ba\/?s={search_term_string}"},"query-input":{"@type":"PropertyValueSpecification","valueRequired":true,"valueName":"search_term_string"}}],"inLanguage":"hr"},{"@type":"Organization","@id":"https:\/\/radioljubuski.ba\/#organization","name":"Radio Ljubu\u0161ki","url":"https:\/\/radioljubuski.ba\/","logo":{"@type":"ImageObject","inLanguage":"hr","@id":"https:\/\/radioljubuski.ba\/#\/schema\/logo\/image\/","url":"https:\/\/radioljubuski.ba\/wp-content\/uploads\/2021\/02\/cropped-Radio_Ljubuski_logo1.jpg","contentUrl":"https:\/\/radioljubuski.ba\/wp-content\/uploads\/2021\/02\/cropped-Radio_Ljubuski_logo1.jpg","width":512,"height":512,"caption":"Radio Ljubu\u0161ki"},"image":{"@id":"https:\/\/radioljubuski.ba\/#\/schema\/logo\/image\/"},"sameAs":["https:\/\/www.facebook.com\/Radiio-Ljubuski-1490835324566332","https:\/\/x.com\/radioljubuski","https:\/\/hr.linkedin.com\/company\/radio-ljubuski","https:\/\/www.youtube.com\/channel\/UCHYaeO_n0Db3tjNGudGpXyw"]},{"@type":"Person","@id":"https:\/\/radioljubuski.ba\/#\/schema\/person\/19fc700381a780f69665d7956c469e3b","name":"Radio Ljubu\u0161ki"}]}},"_links":{"self":[{"href":"https:\/\/radioljubuski.ba\/index.php\/wp-json\/wp\/v2\/posts\/130527","targetHints":{"allow":["GET"]}}],"collection":[{"href":"https:\/\/radioljubuski.ba\/index.php\/wp-json\/wp\/v2\/posts"}],"about":[{"href":"https:\/\/radioljubuski.ba\/index.php\/wp-json\/wp\/v2\/types\/post"}],"author":[{"embeddable":true,"href":"https:\/\/radioljubuski.ba\/index.php\/wp-json\/wp\/v2\/users\/2"}],"replies":[{"embeddable":true,"href":"https:\/\/radioljubuski.ba\/index.php\/wp-json\/wp\/v2\/comments?post=130527"}],"version-history":[{"count":1,"href":"https:\/\/radioljubuski.ba\/index.php\/wp-json\/wp\/v2\/posts\/130527\/revisions"}],"predecessor-version":[{"id":130529,"href":"https:\/\/radioljubuski.ba\/index.php\/wp-json\/wp\/v2\/posts\/130527\/revisions\/130529"}],"wp:featuredmedia":[{"embeddable":true,"href":"https:\/\/radioljubuski.ba\/index.php\/wp-json\/wp\/v2\/media\/130528"}],"wp:attachment":[{"href":"https:\/\/radioljubuski.ba\/index.php\/wp-json\/wp\/v2\/media?parent=130527"}],"wp:term":[{"taxonomy":"category","embeddable":true,"href":"https:\/\/radioljubuski.ba\/index.php\/wp-json\/wp\/v2\/categories?post=130527"},{"taxonomy":"post_tag","embeddable":true,"href":"https:\/\/radioljubuski.ba\/index.php\/wp-json\/wp\/v2\/tags?post=130527"}],"curies":[{"name":"wp","href":"https:\/\/api.w.org\/{rel}","templated":true}]}}