{"id":130537,"date":"2022-04-08T14:36:18","date_gmt":"2022-04-08T13:36:18","guid":{"rendered":"https:\/\/radioljubuski.ba\/?p=130537"},"modified":"2022-04-08T14:36:19","modified_gmt":"2022-04-08T13:36:19","slug":"karacic-zelimo-odigrati-kvalitetu-utakmicu-i-pokusati-doci-do-pozitivnog-rezultata","status":"publish","type":"post","link":"https:\/\/radioljubuski.ba\/index.php\/2022\/04\/08\/karacic-zelimo-odigrati-kvalitetu-utakmicu-i-pokusati-doci-do-pozitivnog-rezultata\/","title":{"rendered":"Kara\u010di\u0107: \u017delimo odigrati kvalitetu utakmicu i poku\u0161ati do\u0107i do pozitivnog rezultata"},"content":{"rendered":"\n<p>U 25. kolu m:tel Premijer lige BiH na stadionu Pecara sastaju se NK \u0160iroki Brijeg i H\u0160K Posu\u0161je. Toni Kara\u010di\u0107 koji je na po\u010detku ove sezone bio trener \u0160irokog Brijega i dobro poznaje mom\u010dad protiv koje Posu\u0161je igra, najavio je kvalitetnu utakmicu u susjedskom derbiju.<\/p>\n\n\n\n<p>Kara\u010di\u0107 je naglasio da je atmosfera u njegovoj mom\u010dadi dobra nakon pobjede u pro\u0161lom kolu protiv \u017deljezni\u010dara.<\/p>\n\n\n\n<p>&#8211; U tijeku priprema za ovu utakmicu protiv \u0160irokog bilo je jako dobro raspolo\u017eenje i pripremali smo se kao i za svaku dosada\u0161nju utakmicu. Ovo je susjedski derbi i sigurno da ima posebnu va\u017enost i dra\u017e. Nadamo se da \u0107emo u \u0160irokom Brijegu prezentirati kvalitetnu utakmicu i poku\u0161ati do\u0107i do pozitivnog rezultata. Imamo odre\u0111enih problema s ozljedama, ali do utakmice ima jo\u0161 nekoliko treninga i nakon toga \u0107e nam sve biti jasnije \u2013 kazao je Kara\u010di\u0107 i dodao da za utakmicu zbog kartona Lau\u0161 ne\u0107e biti na raspolaganju mom\u010dadi Posu\u0161ja.<\/p>\n\n\n\n<p>Kapetan mom\u010dadi Davor Landeka se na po\u010detku jo\u0161 jednom ispri\u010dao navija\u010dima Posu\u0161ja za te\u017eak poraz protiv Sarajeva i naglasio kako \u0107e raditi na tome da se onakva utakmica vi\u0161e ne ponovi, a za \u0160iroki je najavio borbu za dobar rezultat i bodove.<\/p>\n\n\n\n<p>&#8211; Navija\u010di su pokazali na pro\u0161loj utakmici svojim dolaskom i podr\u0161kom koliko vole ovaj klub i koliko im ovo sve zna\u010di i puno nam je lak\u0161e igrati kada imamo njihovu podr\u0161ku. Protiv \u0160irokog nas o\u010dekuje te\u0161ka utakmica jer za nas nema lagane utakmice u ovom prvenstvu i svaki bod nam je jako bitan. Pripremamo se kvalitetno i atmosfera je jako dobra nakon pobjede protiv \u017deljezni\u010dara. Pozivam navija\u010de da u \u0160iroki Brijeg do\u0111u u \u0161to ve\u0107em broju i podr\u017ee nas da do\u0111emo do pozitivnog rezultata \u2013 naglasio je Landeka u najavi utakmice protiv \u0160irokog Brijega na Pecari.<\/p>\n\n\n\n<p>Kara\u010di\u0107 se osvrnuo i na mom\u010dad \u0160irokog Brijega i njihovu igru u proteklim utakmicama, kazav\u0161i kako nisu imali dovoljno sportske sre\u0107e.<\/p>\n\n\n\n<p>&#8211; Pratio sam utakmice \u0160irokog i mogu re\u0107i da su igrali dosta kvalitetno, ali ih rezultat nije nagradio. Zaslu\u017eili su svojom igrom znatno bolje rezultate i imaju jo\u0161 teoretske izglede za plasman u Europu. Ove utakmice su uvijek utakmice za presti\u017e i nose odre\u0111eni naboj u kojem igra\u010di imaju dodatni motiv da poka\u017eu dobru igru u takvim utakmicama. O\u010dekujem dobar \u0160iroki i da odigramo kvalitetnu utakmicu kako bismo ubilje\u017eili pozitivan rezultat &#8211; naglasio je Toni Kara\u010di\u0107, trener H\u0160K Posu\u0161je.<\/p>\n\n\n\n<p>Utakmica izme\u0111u NK \u0160iroki Brijeg i H\u0160K Posu\u0161je igra se u nedjelju s po\u010detkom u 19 sati na stadionu Pecara.&nbsp;<\/p>\n\n\n\n<p>Izvor:pogled.ba<\/p>\n","protected":false},"excerpt":{"rendered":"<p>U 25. kolu m:tel Premijer lige BiH na stadionu Pecara sastaju se NK \u0160iroki Brijeg i H\u0160K Posu\u0161je. Toni Kara\u010di\u0107 koji je na po\u010detku ove sezone bio trener \u0160irokog Brijega i dobro poznaje mom\u010dad protiv koje Posu\u0161je igra, najavio je kvalitetnu utakmicu u susjedskom derbiju. Kara\u010di\u0107 je naglasio da je atmosfera u njegovoj mom\u010dadi dobra [&hellip;]<\/p>\n","protected":false},"author":2,"featured_media":130538,"comment_status":"closed","ping_status":"closed","sticky":false,"template":"","format":"standard","meta":{"h5ap_radio_sources":[],"footnotes":""},"categories":[7],"tags":[],"class_list":["post-130537","post","type-post","status-publish","format-standard","has-post-thumbnail","hentry","category-sport"],"yoast_head":"<!-- This site is optimized with the Yoast SEO plugin v27.5 - https:\/\/yoast.com\/product\/yoast-seo-wordpress\/ -->\n<title>Kara\u010di\u0107: \u017delimo odigrati kvalitetu utakmicu i poku\u0161ati do\u0107i do pozitivnog rezultata - RADIO LJUBU\u0160KI<\/title>\n<meta name=\"robots\" content=\"index, follow, max-snippet:-1, max-image-preview:large, max-video-preview:-1\" \/>\n<link rel=\"canonical\" href=\"https:\/\/radioljubuski.ba\/index.php\/2022\/04\/08\/karacic-zelimo-odigrati-kvalitetu-utakmicu-i-pokusati-doci-do-pozitivnog-rezultata\/\" \/>\n<meta property=\"og:locale\" content=\"hr_HR\" \/>\n<meta property=\"og:type\" content=\"article\" \/>\n<meta property=\"og:title\" content=\"Kara\u010di\u0107: \u017delimo odigrati kvalitetu utakmicu i poku\u0161ati do\u0107i do pozitivnog rezultata - RADIO LJUBU\u0160KI\" \/>\n<meta property=\"og:description\" content=\"U 25. kolu m:tel Premijer lige BiH na stadionu Pecara sastaju se NK \u0160iroki Brijeg i H\u0160K Posu\u0161je. Toni Kara\u010di\u0107 koji je na po\u010detku ove sezone bio trener \u0160irokog Brijega i dobro poznaje mom\u010dad protiv koje Posu\u0161je igra, najavio je kvalitetnu utakmicu u susjedskom derbiju. Kara\u010di\u0107 je naglasio da je atmosfera u njegovoj mom\u010dadi dobra [&hellip;]\" \/>\n<meta property=\"og:url\" content=\"https:\/\/radioljubuski.ba\/index.php\/2022\/04\/08\/karacic-zelimo-odigrati-kvalitetu-utakmicu-i-pokusati-doci-do-pozitivnog-rezultata\/\" \/>\n<meta property=\"og:site_name\" content=\"RADIO LJUBU\u0160KI\" \/>\n<meta property=\"article:publisher\" content=\"https:\/\/www.facebook.com\/Radiio-Ljubuski-1490835324566332\" \/>\n<meta property=\"article:published_time\" content=\"2022-04-08T13:36:18+00:00\" \/>\n<meta property=\"article:modified_time\" content=\"2022-04-08T13:36:19+00:00\" \/>\n<meta property=\"og:image\" content=\"https:\/\/radioljubuski.ba\/wp-content\/uploads\/2022\/04\/8-2022-04-08-14-15-42-KARACIC.jpg\" \/>\n\t<meta property=\"og:image:width\" content=\"1000\" \/>\n\t<meta property=\"og:image:height\" content=\"625\" \/>\n\t<meta property=\"og:image:type\" content=\"image\/jpeg\" \/>\n<meta name=\"author\" content=\"Radio Ljubu\u0161ki\" \/>\n<meta name=\"twitter:card\" content=\"summary_large_image\" \/>\n<meta name=\"twitter:creator\" content=\"@radioljubuski\" \/>\n<meta name=\"twitter:site\" content=\"@radioljubuski\" \/>\n<meta name=\"twitter:label1\" content=\"Napisao\/la\" \/>\n\t<meta name=\"twitter:data1\" content=\"Radio Ljubu\u0161ki\" \/>\n\t<meta name=\"twitter:label2\" content=\"Procijenjeno vrijeme \u010ditanja\" \/>\n\t<meta name=\"twitter:data2\" content=\"2 minute\" \/>\n<script type=\"application\/ld+json\" class=\"yoast-schema-graph\">{\"@context\":\"https:\\\/\\\/schema.org\",\"@graph\":[{\"@type\":\"Article\",\"@id\":\"https:\\\/\\\/radioljubuski.ba\\\/index.php\\\/2022\\\/04\\\/08\\\/karacic-zelimo-odigrati-kvalitetu-utakmicu-i-pokusati-doci-do-pozitivnog-rezultata\\\/#article\",\"isPartOf\":{\"@id\":\"https:\\\/\\\/radioljubuski.ba\\\/index.php\\\/2022\\\/04\\\/08\\\/karacic-zelimo-odigrati-kvalitetu-utakmicu-i-pokusati-doci-do-pozitivnog-rezultata\\\/\"},\"author\":{\"name\":\"Radio Ljubu\u0161ki\",\"@id\":\"https:\\\/\\\/radioljubuski.ba\\\/#\\\/schema\\\/person\\\/19fc700381a780f69665d7956c469e3b\"},\"headline\":\"Kara\u010di\u0107: \u017delimo odigrati kvalitetu utakmicu i poku\u0161ati do\u0107i do pozitivnog rezultata\",\"datePublished\":\"2022-04-08T13:36:18+00:00\",\"dateModified\":\"2022-04-08T13:36:19+00:00\",\"mainEntityOfPage\":{\"@id\":\"https:\\\/\\\/radioljubuski.ba\\\/index.php\\\/2022\\\/04\\\/08\\\/karacic-zelimo-odigrati-kvalitetu-utakmicu-i-pokusati-doci-do-pozitivnog-rezultata\\\/\"},\"wordCount\":484,\"publisher\":{\"@id\":\"https:\\\/\\\/radioljubuski.ba\\\/#organization\"},\"image\":{\"@id\":\"https:\\\/\\\/radioljubuski.ba\\\/index.php\\\/2022\\\/04\\\/08\\\/karacic-zelimo-odigrati-kvalitetu-utakmicu-i-pokusati-doci-do-pozitivnog-rezultata\\\/#primaryimage\"},\"thumbnailUrl\":\"https:\\\/\\\/radioljubuski.ba\\\/wp-content\\\/uploads\\\/2022\\\/04\\\/8-2022-04-08-14-15-42-KARACIC.jpg\",\"articleSection\":[\"\u0160port\"],\"inLanguage\":\"hr\"},{\"@type\":\"WebPage\",\"@id\":\"https:\\\/\\\/radioljubuski.ba\\\/index.php\\\/2022\\\/04\\\/08\\\/karacic-zelimo-odigrati-kvalitetu-utakmicu-i-pokusati-doci-do-pozitivnog-rezultata\\\/\",\"url\":\"https:\\\/\\\/radioljubuski.ba\\\/index.php\\\/2022\\\/04\\\/08\\\/karacic-zelimo-odigrati-kvalitetu-utakmicu-i-pokusati-doci-do-pozitivnog-rezultata\\\/\",\"name\":\"Kara\u010di\u0107: \u017delimo odigrati kvalitetu utakmicu i poku\u0161ati do\u0107i do pozitivnog rezultata - RADIO LJUBU\u0160KI\",\"isPartOf\":{\"@id\":\"https:\\\/\\\/radioljubuski.ba\\\/#website\"},\"primaryImageOfPage\":{\"@id\":\"https:\\\/\\\/radioljubuski.ba\\\/index.php\\\/2022\\\/04\\\/08\\\/karacic-zelimo-odigrati-kvalitetu-utakmicu-i-pokusati-doci-do-pozitivnog-rezultata\\\/#primaryimage\"},\"image\":{\"@id\":\"https:\\\/\\\/radioljubuski.ba\\\/index.php\\\/2022\\\/04\\\/08\\\/karacic-zelimo-odigrati-kvalitetu-utakmicu-i-pokusati-doci-do-pozitivnog-rezultata\\\/#primaryimage\"},\"thumbnailUrl\":\"https:\\\/\\\/radioljubuski.ba\\\/wp-content\\\/uploads\\\/2022\\\/04\\\/8-2022-04-08-14-15-42-KARACIC.jpg\",\"datePublished\":\"2022-04-08T13:36:18+00:00\",\"dateModified\":\"2022-04-08T13:36:19+00:00\",\"breadcrumb\":{\"@id\":\"https:\\\/\\\/radioljubuski.ba\\\/index.php\\\/2022\\\/04\\\/08\\\/karacic-zelimo-odigrati-kvalitetu-utakmicu-i-pokusati-doci-do-pozitivnog-rezultata\\\/#breadcrumb\"},\"inLanguage\":\"hr\",\"potentialAction\":[{\"@type\":\"ReadAction\",\"target\":[\"https:\\\/\\\/radioljubuski.ba\\\/index.php\\\/2022\\\/04\\\/08\\\/karacic-zelimo-odigrati-kvalitetu-utakmicu-i-pokusati-doci-do-pozitivnog-rezultata\\\/\"]}]},{\"@type\":\"ImageObject\",\"inLanguage\":\"hr\",\"@id\":\"https:\\\/\\\/radioljubuski.ba\\\/index.php\\\/2022\\\/04\\\/08\\\/karacic-zelimo-odigrati-kvalitetu-utakmicu-i-pokusati-doci-do-pozitivnog-rezultata\\\/#primaryimage\",\"url\":\"https:\\\/\\\/radioljubuski.ba\\\/wp-content\\\/uploads\\\/2022\\\/04\\\/8-2022-04-08-14-15-42-KARACIC.jpg\",\"contentUrl\":\"https:\\\/\\\/radioljubuski.ba\\\/wp-content\\\/uploads\\\/2022\\\/04\\\/8-2022-04-08-14-15-42-KARACIC.jpg\",\"width\":1000,\"height\":625},{\"@type\":\"BreadcrumbList\",\"@id\":\"https:\\\/\\\/radioljubuski.ba\\\/index.php\\\/2022\\\/04\\\/08\\\/karacic-zelimo-odigrati-kvalitetu-utakmicu-i-pokusati-doci-do-pozitivnog-rezultata\\\/#breadcrumb\",\"itemListElement\":[{\"@type\":\"ListItem\",\"position\":1,\"name\":\"Po\u010detna stranica\",\"item\":\"https:\\\/\\\/radioljubuski.ba\\\/\"},{\"@type\":\"ListItem\",\"position\":2,\"name\":\"Kara\u010di\u0107: \u017delimo odigrati kvalitetu utakmicu i poku\u0161ati do\u0107i do pozitivnog rezultata\"}]},{\"@type\":\"WebSite\",\"@id\":\"https:\\\/\\\/radioljubuski.ba\\\/#website\",\"url\":\"https:\\\/\\\/radioljubuski.ba\\\/\",\"name\":\"Radio Ljubu\u0161ki\",\"description\":\"Sun\u010dana frekvencija Hercegovine\",\"publisher\":{\"@id\":\"https:\\\/\\\/radioljubuski.ba\\\/#organization\"},\"potentialAction\":[{\"@type\":\"SearchAction\",\"target\":{\"@type\":\"EntryPoint\",\"urlTemplate\":\"https:\\\/\\\/radioljubuski.ba\\\/?s={search_term_string}\"},\"query-input\":{\"@type\":\"PropertyValueSpecification\",\"valueRequired\":true,\"valueName\":\"search_term_string\"}}],\"inLanguage\":\"hr\"},{\"@type\":\"Organization\",\"@id\":\"https:\\\/\\\/radioljubuski.ba\\\/#organization\",\"name\":\"Radio Ljubu\u0161ki\",\"url\":\"https:\\\/\\\/radioljubuski.ba\\\/\",\"logo\":{\"@type\":\"ImageObject\",\"inLanguage\":\"hr\",\"@id\":\"https:\\\/\\\/radioljubuski.ba\\\/#\\\/schema\\\/logo\\\/image\\\/\",\"url\":\"https:\\\/\\\/radioljubuski.ba\\\/wp-content\\\/uploads\\\/2021\\\/02\\\/cropped-Radio_Ljubuski_logo1.jpg\",\"contentUrl\":\"https:\\\/\\\/radioljubuski.ba\\\/wp-content\\\/uploads\\\/2021\\\/02\\\/cropped-Radio_Ljubuski_logo1.jpg\",\"width\":512,\"height\":512,\"caption\":\"Radio Ljubu\u0161ki\"},\"image\":{\"@id\":\"https:\\\/\\\/radioljubuski.ba\\\/#\\\/schema\\\/logo\\\/image\\\/\"},\"sameAs\":[\"https:\\\/\\\/www.facebook.com\\\/Radiio-Ljubuski-1490835324566332\",\"https:\\\/\\\/x.com\\\/radioljubuski\",\"https:\\\/\\\/hr.linkedin.com\\\/company\\\/radio-ljubuski\",\"https:\\\/\\\/www.youtube.com\\\/channel\\\/UCHYaeO_n0Db3tjNGudGpXyw\"]},{\"@type\":\"Person\",\"@id\":\"https:\\\/\\\/radioljubuski.ba\\\/#\\\/schema\\\/person\\\/19fc700381a780f69665d7956c469e3b\",\"name\":\"Radio Ljubu\u0161ki\"}]}<\/script>\n<!-- \/ Yoast SEO plugin. -->","yoast_head_json":{"title":"Kara\u010di\u0107: \u017delimo odigrati kvalitetu utakmicu i poku\u0161ati do\u0107i do pozitivnog rezultata - RADIO LJUBU\u0160KI","robots":{"index":"index","follow":"follow","max-snippet":"max-snippet:-1","max-image-preview":"max-image-preview:large","max-video-preview":"max-video-preview:-1"},"canonical":"https:\/\/radioljubuski.ba\/index.php\/2022\/04\/08\/karacic-zelimo-odigrati-kvalitetu-utakmicu-i-pokusati-doci-do-pozitivnog-rezultata\/","og_locale":"hr_HR","og_type":"article","og_title":"Kara\u010di\u0107: \u017delimo odigrati kvalitetu utakmicu i poku\u0161ati do\u0107i do pozitivnog rezultata - RADIO LJUBU\u0160KI","og_description":"U 25. kolu m:tel Premijer lige BiH na stadionu Pecara sastaju se NK \u0160iroki Brijeg i H\u0160K Posu\u0161je. Toni Kara\u010di\u0107 koji je na po\u010detku ove sezone bio trener \u0160irokog Brijega i dobro poznaje mom\u010dad protiv koje Posu\u0161je igra, najavio je kvalitetnu utakmicu u susjedskom derbiju. Kara\u010di\u0107 je naglasio da je atmosfera u njegovoj mom\u010dadi dobra [&hellip;]","og_url":"https:\/\/radioljubuski.ba\/index.php\/2022\/04\/08\/karacic-zelimo-odigrati-kvalitetu-utakmicu-i-pokusati-doci-do-pozitivnog-rezultata\/","og_site_name":"RADIO LJUBU\u0160KI","article_publisher":"https:\/\/www.facebook.com\/Radiio-Ljubuski-1490835324566332","article_published_time":"2022-04-08T13:36:18+00:00","article_modified_time":"2022-04-08T13:36:19+00:00","og_image":[{"width":1000,"height":625,"url":"https:\/\/radioljubuski.ba\/wp-content\/uploads\/2022\/04\/8-2022-04-08-14-15-42-KARACIC.jpg","type":"image\/jpeg"}],"author":"Radio Ljubu\u0161ki","twitter_card":"summary_large_image","twitter_creator":"@radioljubuski","twitter_site":"@radioljubuski","twitter_misc":{"Napisao\/la":"Radio Ljubu\u0161ki","Procijenjeno vrijeme \u010ditanja":"2 minute"},"schema":{"@context":"https:\/\/schema.org","@graph":[{"@type":"Article","@id":"https:\/\/radioljubuski.ba\/index.php\/2022\/04\/08\/karacic-zelimo-odigrati-kvalitetu-utakmicu-i-pokusati-doci-do-pozitivnog-rezultata\/#article","isPartOf":{"@id":"https:\/\/radioljubuski.ba\/index.php\/2022\/04\/08\/karacic-zelimo-odigrati-kvalitetu-utakmicu-i-pokusati-doci-do-pozitivnog-rezultata\/"},"author":{"name":"Radio Ljubu\u0161ki","@id":"https:\/\/radioljubuski.ba\/#\/schema\/person\/19fc700381a780f69665d7956c469e3b"},"headline":"Kara\u010di\u0107: \u017delimo odigrati kvalitetu utakmicu i poku\u0161ati do\u0107i do pozitivnog rezultata","datePublished":"2022-04-08T13:36:18+00:00","dateModified":"2022-04-08T13:36:19+00:00","mainEntityOfPage":{"@id":"https:\/\/radioljubuski.ba\/index.php\/2022\/04\/08\/karacic-zelimo-odigrati-kvalitetu-utakmicu-i-pokusati-doci-do-pozitivnog-rezultata\/"},"wordCount":484,"publisher":{"@id":"https:\/\/radioljubuski.ba\/#organization"},"image":{"@id":"https:\/\/radioljubuski.ba\/index.php\/2022\/04\/08\/karacic-zelimo-odigrati-kvalitetu-utakmicu-i-pokusati-doci-do-pozitivnog-rezultata\/#primaryimage"},"thumbnailUrl":"https:\/\/radioljubuski.ba\/wp-content\/uploads\/2022\/04\/8-2022-04-08-14-15-42-KARACIC.jpg","articleSection":["\u0160port"],"inLanguage":"hr"},{"@type":"WebPage","@id":"https:\/\/radioljubuski.ba\/index.php\/2022\/04\/08\/karacic-zelimo-odigrati-kvalitetu-utakmicu-i-pokusati-doci-do-pozitivnog-rezultata\/","url":"https:\/\/radioljubuski.ba\/index.php\/2022\/04\/08\/karacic-zelimo-odigrati-kvalitetu-utakmicu-i-pokusati-doci-do-pozitivnog-rezultata\/","name":"Kara\u010di\u0107: \u017delimo odigrati kvalitetu utakmicu i poku\u0161ati do\u0107i do pozitivnog rezultata - RADIO LJUBU\u0160KI","isPartOf":{"@id":"https:\/\/radioljubuski.ba\/#website"},"primaryImageOfPage":{"@id":"https:\/\/radioljubuski.ba\/index.php\/2022\/04\/08\/karacic-zelimo-odigrati-kvalitetu-utakmicu-i-pokusati-doci-do-pozitivnog-rezultata\/#primaryimage"},"image":{"@id":"https:\/\/radioljubuski.ba\/index.php\/2022\/04\/08\/karacic-zelimo-odigrati-kvalitetu-utakmicu-i-pokusati-doci-do-pozitivnog-rezultata\/#primaryimage"},"thumbnailUrl":"https:\/\/radioljubuski.ba\/wp-content\/uploads\/2022\/04\/8-2022-04-08-14-15-42-KARACIC.jpg","datePublished":"2022-04-08T13:36:18+00:00","dateModified":"2022-04-08T13:36:19+00:00","breadcrumb":{"@id":"https:\/\/radioljubuski.ba\/index.php\/2022\/04\/08\/karacic-zelimo-odigrati-kvalitetu-utakmicu-i-pokusati-doci-do-pozitivnog-rezultata\/#breadcrumb"},"inLanguage":"hr","potentialAction":[{"@type":"ReadAction","target":["https:\/\/radioljubuski.ba\/index.php\/2022\/04\/08\/karacic-zelimo-odigrati-kvalitetu-utakmicu-i-pokusati-doci-do-pozitivnog-rezultata\/"]}]},{"@type":"ImageObject","inLanguage":"hr","@id":"https:\/\/radioljubuski.ba\/index.php\/2022\/04\/08\/karacic-zelimo-odigrati-kvalitetu-utakmicu-i-pokusati-doci-do-pozitivnog-rezultata\/#primaryimage","url":"https:\/\/radioljubuski.ba\/wp-content\/uploads\/2022\/04\/8-2022-04-08-14-15-42-KARACIC.jpg","contentUrl":"https:\/\/radioljubuski.ba\/wp-content\/uploads\/2022\/04\/8-2022-04-08-14-15-42-KARACIC.jpg","width":1000,"height":625},{"@type":"BreadcrumbList","@id":"https:\/\/radioljubuski.ba\/index.php\/2022\/04\/08\/karacic-zelimo-odigrati-kvalitetu-utakmicu-i-pokusati-doci-do-pozitivnog-rezultata\/#breadcrumb","itemListElement":[{"@type":"ListItem","position":1,"name":"Po\u010detna stranica","item":"https:\/\/radioljubuski.ba\/"},{"@type":"ListItem","position":2,"name":"Kara\u010di\u0107: \u017delimo odigrati kvalitetu utakmicu i poku\u0161ati do\u0107i do pozitivnog rezultata"}]},{"@type":"WebSite","@id":"https:\/\/radioljubuski.ba\/#website","url":"https:\/\/radioljubuski.ba\/","name":"Radio Ljubu\u0161ki","description":"Sun\u010dana frekvencija Hercegovine","publisher":{"@id":"https:\/\/radioljubuski.ba\/#organization"},"potentialAction":[{"@type":"SearchAction","target":{"@type":"EntryPoint","urlTemplate":"https:\/\/radioljubuski.ba\/?s={search_term_string}"},"query-input":{"@type":"PropertyValueSpecification","valueRequired":true,"valueName":"search_term_string"}}],"inLanguage":"hr"},{"@type":"Organization","@id":"https:\/\/radioljubuski.ba\/#organization","name":"Radio Ljubu\u0161ki","url":"https:\/\/radioljubuski.ba\/","logo":{"@type":"ImageObject","inLanguage":"hr","@id":"https:\/\/radioljubuski.ba\/#\/schema\/logo\/image\/","url":"https:\/\/radioljubuski.ba\/wp-content\/uploads\/2021\/02\/cropped-Radio_Ljubuski_logo1.jpg","contentUrl":"https:\/\/radioljubuski.ba\/wp-content\/uploads\/2021\/02\/cropped-Radio_Ljubuski_logo1.jpg","width":512,"height":512,"caption":"Radio Ljubu\u0161ki"},"image":{"@id":"https:\/\/radioljubuski.ba\/#\/schema\/logo\/image\/"},"sameAs":["https:\/\/www.facebook.com\/Radiio-Ljubuski-1490835324566332","https:\/\/x.com\/radioljubuski","https:\/\/hr.linkedin.com\/company\/radio-ljubuski","https:\/\/www.youtube.com\/channel\/UCHYaeO_n0Db3tjNGudGpXyw"]},{"@type":"Person","@id":"https:\/\/radioljubuski.ba\/#\/schema\/person\/19fc700381a780f69665d7956c469e3b","name":"Radio Ljubu\u0161ki"}]}},"_links":{"self":[{"href":"https:\/\/radioljubuski.ba\/index.php\/wp-json\/wp\/v2\/posts\/130537","targetHints":{"allow":["GET"]}}],"collection":[{"href":"https:\/\/radioljubuski.ba\/index.php\/wp-json\/wp\/v2\/posts"}],"about":[{"href":"https:\/\/radioljubuski.ba\/index.php\/wp-json\/wp\/v2\/types\/post"}],"author":[{"embeddable":true,"href":"https:\/\/radioljubuski.ba\/index.php\/wp-json\/wp\/v2\/users\/2"}],"replies":[{"embeddable":true,"href":"https:\/\/radioljubuski.ba\/index.php\/wp-json\/wp\/v2\/comments?post=130537"}],"version-history":[{"count":1,"href":"https:\/\/radioljubuski.ba\/index.php\/wp-json\/wp\/v2\/posts\/130537\/revisions"}],"predecessor-version":[{"id":130539,"href":"https:\/\/radioljubuski.ba\/index.php\/wp-json\/wp\/v2\/posts\/130537\/revisions\/130539"}],"wp:featuredmedia":[{"embeddable":true,"href":"https:\/\/radioljubuski.ba\/index.php\/wp-json\/wp\/v2\/media\/130538"}],"wp:attachment":[{"href":"https:\/\/radioljubuski.ba\/index.php\/wp-json\/wp\/v2\/media?parent=130537"}],"wp:term":[{"taxonomy":"category","embeddable":true,"href":"https:\/\/radioljubuski.ba\/index.php\/wp-json\/wp\/v2\/categories?post=130537"},{"taxonomy":"post_tag","embeddable":true,"href":"https:\/\/radioljubuski.ba\/index.php\/wp-json\/wp\/v2\/tags?post=130537"}],"curies":[{"name":"wp","href":"https:\/\/api.w.org\/{rel}","templated":true}]}}