{"id":130560,"date":"2022-04-08T18:21:12","date_gmt":"2022-04-08T17:21:12","guid":{"rendered":"https:\/\/radioljubuski.ba\/?p=130560"},"modified":"2022-04-08T18:21:14","modified_gmt":"2022-04-08T17:21:14","slug":"vettelov-vatreni-povratak-na-prvom-treningu-u-melbourneu","status":"publish","type":"post","link":"https:\/\/radioljubuski.ba\/index.php\/2022\/04\/08\/vettelov-vatreni-povratak-na-prvom-treningu-u-melbourneu\/","title":{"rendered":"Vettelov &#8220;vatreni&#8221; povratak na prvom treningu u Melbourneu"},"content":{"rendered":"\n<p><strong>\u010cetverostruki svjetski prvak u formuli 1, Nijemac&nbsp;Sebastian&nbsp;Vettel, pamtit \u0107e svoj &#8220;vatreni&#8221; povratak za upravlja\u010d Aston Martina na prvom slobodnom treningu na stazi Albert Park u Melbourneu, gdje \u0107e u nedjelju biti odr\u017eana utrka za Veliku nagradu Australije.<\/strong><\/p>\n\n\n\n<p>Naime, njema\u010dki voza\u010d koji je zbog pozitivnog testa na koronavirus morao propustiti prve dvije utrke ove sezone u Bahreinu i Saudijskoj Arabiji, kona\u010dno je do\u010dekao trenutak kad \u0107e ponovno sjesti za upravlja\u010d, ali je nakon samo nekoliko krugova prvog slobodnog treninga mora isko\u010diti iz svog zapaljenog Aston Martina i uzeo aparat za ga\u0161enje po\u017eara u ruke.<\/p>\n\n\n\n<p>Kad je ugasio po\u017ear, Vettel je od istog djelatnika uz stazu od kojeg je uzeo protupo\u017earni aparat posudio skuter kojim se odvezao do gara\u017ee svoje mom\u010dadi. Pritom je otpozdravljao gledateljima koji su se na\u0161li uz stazu, a kad je do\u0161ao do boksa, \u010dekao ga je poziv da se javi u ured vodstva utrke zbog &#8220;neovla\u0161tenog ulaza&#8221; na stazu.&nbsp;<\/p>\n\n\n\n<p>Vettel se od optu\u017ebe branio izjavom da mu je djelatnik uz stazu to dopustio.<\/p>\n\n\n\n<p>&#8211; Pitao sam ga smijem li ja voziti. Dra\u017ee mi je kad sam vozim. Dao mi je skuter i rekao da slobodno odem. I tako sam se odvezao, rekao je 34-godi\u0161nji Vettel te dodao:<\/p>\n\n\n\n<p>&#8211; Bilo bi mi dra\u017ee da sam mogao vratiti bolid i da uop\u0107e nisam imao problema. Nisam do\u0161ao ovdje voziti skuter.<\/p>\n\n\n\n<p>Vettel je u ono malo krugova \u0161to ih je uspio napraviti imao 13. rezultat prvog treninga, ali njegov automobil nije bio spreman za drugi trening. Iz njegove mom\u010dadi su potvrdili da \u0107e morati zamijeniti motor.<\/p>\n\n\n\n<blockquote class=\"twitter-tweet\"><p lang=\"en\" dir=\"ltr\">F1 just isn&#39;t the same without Seb, is it? \ud83d\ude02<br><br>Big smiles and a little show for the crowd as he makes his way back to the pits at the end of the session \ud83d\ude4c<a href=\"https:\/\/twitter.com\/hashtag\/AusGP?src=hash&amp;ref_src=twsrc%5Etfw\">#AusGP<\/a> <a href=\"https:\/\/twitter.com\/hashtag\/F1?src=hash&amp;ref_src=twsrc%5Etfw\">#F1<\/a> <a href=\"https:\/\/t.co\/O2q5b9kUqL\">pic.twitter.com\/O2q5b9kUqL<\/a><\/p>&mdash; Formula 1 (@F1) <a href=\"https:\/\/twitter.com\/F1\/status\/1512281292498698247?ref_src=twsrc%5Etfw\">April 8, 2022<\/a><\/blockquote> <script async src=\"https:\/\/platform.twitter.com\/widgets.js\" charset=\"utf-8\"><\/script>\n\n\n\n<p>&#8211; Bit \u0107e dobro za subotu, ali bilo bi lijepo da sam uspio napraviti jo\u0161 koji krug, zaklju\u010dio je Vettel.<\/p>\n\n\n\n<p>Na prva dva treninga najbolji su bili voza\u010di Ferrarija. \u0160panjolac&nbsp;<strong>Carlos&nbsp;Sainz&nbsp;Jr<\/strong>. je imao najbolje vrijeme prvog treninga (1:19.806 minuta), s ne\u0161to manje od pola sekunde prednosti pred mom\u010dadskim kolegom&nbsp;<strong>Charlesom&nbsp;Leclercom<\/strong>. Monega\u0161anin je potom imao najbr\u017ei krug na drugom slobodnom treningu (1:18.978), a drugi je bio aktualni svjetski prvak Nizozemac&nbsp;<strong>Max&nbsp;Verstappen&nbsp;<\/strong>u Red Bullu (1:19.223).<\/p>\n\n\n\n<p>U subotu su u Albert Parku na rasporedu tre\u0107i slobodni trening i kvalifikacije koje \u0107e zapo\u010deti u 8 sati po srednjoeuropskom vremenu.<\/p>\n\n\n\n<blockquote class=\"twitter-tweet\"><p lang=\"en\" dir=\"ltr\">Get you a man like Sebastian Vettel<a href=\"https:\/\/twitter.com\/hashtag\/AustralianGP?src=hash&amp;ref_src=twsrc%5Etfw\">#AustralianGP<\/a> <a href=\"https:\/\/twitter.com\/hashtag\/F1?src=hash&amp;ref_src=twsrc%5Etfw\">#F1<\/a> <a href=\"https:\/\/t.co\/dafriXuld1\">pic.twitter.com\/dafriXuld1<\/a><\/p>&mdash; Anna || \ud83c\udde6\ud83c\uddfaAUSSIE GP\ud83c\udde6\ud83c\uddfa (@33maxoscar02) <a href=\"https:\/\/twitter.com\/33maxoscar02\/status\/1512282143715586051?ref_src=twsrc%5Etfw\">April 8, 2022<\/a><\/blockquote> <script async src=\"https:\/\/platform.twitter.com\/widgets.js\" charset=\"utf-8\"><\/script>\n\n\n\n<p><strong>Izvor:hrt.hr<\/strong><\/p>\n","protected":false},"excerpt":{"rendered":"<p>\u010cetverostruki svjetski prvak u formuli 1, Nijemac&nbsp;Sebastian&nbsp;Vettel, pamtit \u0107e svoj &#8220;vatreni&#8221; povratak za upravlja\u010d Aston Martina na prvom slobodnom treningu na stazi Albert Park u Melbourneu, gdje \u0107e u nedjelju biti odr\u017eana utrka za Veliku nagradu Australije. Naime, njema\u010dki voza\u010d koji je zbog pozitivnog testa na koronavirus morao propustiti prve dvije utrke ove sezone u [&hellip;]<\/p>\n","protected":false},"author":2,"featured_media":130561,"comment_status":"closed","ping_status":"closed","sticky":false,"template":"","format":"standard","meta":{"h5ap_radio_sources":[],"footnotes":""},"categories":[7],"tags":[],"class_list":["post-130560","post","type-post","status-publish","format-standard","has-post-thumbnail","hentry","category-sport"],"yoast_head":"<!-- This site is optimized with the Yoast SEO plugin v27.5 - https:\/\/yoast.com\/product\/yoast-seo-wordpress\/ -->\n<title>Vettelov &quot;vatreni&quot; povratak na prvom treningu u Melbourneu - RADIO LJUBU\u0160KI<\/title>\n<meta name=\"robots\" content=\"index, follow, max-snippet:-1, max-image-preview:large, max-video-preview:-1\" \/>\n<link rel=\"canonical\" href=\"https:\/\/radioljubuski.ba\/index.php\/2022\/04\/08\/vettelov-vatreni-povratak-na-prvom-treningu-u-melbourneu\/\" \/>\n<meta property=\"og:locale\" content=\"hr_HR\" \/>\n<meta property=\"og:type\" content=\"article\" \/>\n<meta property=\"og:title\" content=\"Vettelov &quot;vatreni&quot; povratak na prvom treningu u Melbourneu - RADIO LJUBU\u0160KI\" \/>\n<meta property=\"og:description\" content=\"\u010cetverostruki svjetski prvak u formuli 1, Nijemac&nbsp;Sebastian&nbsp;Vettel, pamtit \u0107e svoj &#8220;vatreni&#8221; povratak za upravlja\u010d Aston Martina na prvom slobodnom treningu na stazi Albert Park u Melbourneu, gdje \u0107e u nedjelju biti odr\u017eana utrka za Veliku nagradu Australije. Naime, njema\u010dki voza\u010d koji je zbog pozitivnog testa na koronavirus morao propustiti prve dvije utrke ove sezone u [&hellip;]\" \/>\n<meta property=\"og:url\" content=\"https:\/\/radioljubuski.ba\/index.php\/2022\/04\/08\/vettelov-vatreni-povratak-na-prvom-treningu-u-melbourneu\/\" \/>\n<meta property=\"og:site_name\" content=\"RADIO LJUBU\u0160KI\" \/>\n<meta property=\"article:publisher\" content=\"https:\/\/www.facebook.com\/Radiio-Ljubuski-1490835324566332\" \/>\n<meta property=\"article:published_time\" content=\"2022-04-08T17:21:12+00:00\" \/>\n<meta property=\"article:modified_time\" content=\"2022-04-08T17:21:14+00:00\" \/>\n<meta property=\"og:image\" content=\"https:\/\/radioljubuski.ba\/wp-content\/uploads\/2022\/04\/2022-04-08t035009z-810900284-up1ei480anjv2-rtrmadp-3-motor-f1-australia-20220408114324.jpg\" \/>\n\t<meta property=\"og:image:width\" content=\"2500\" \/>\n\t<meta property=\"og:image:height\" content=\"1607\" \/>\n\t<meta property=\"og:image:type\" content=\"image\/jpeg\" \/>\n<meta name=\"author\" content=\"Radio Ljubu\u0161ki\" \/>\n<meta name=\"twitter:card\" content=\"summary_large_image\" \/>\n<meta name=\"twitter:creator\" content=\"@radioljubuski\" \/>\n<meta name=\"twitter:site\" content=\"@radioljubuski\" \/>\n<meta name=\"twitter:label1\" content=\"Napisao\/la\" \/>\n\t<meta name=\"twitter:data1\" content=\"Radio Ljubu\u0161ki\" \/>\n\t<meta name=\"twitter:label2\" content=\"Procijenjeno vrijeme \u010ditanja\" \/>\n\t<meta name=\"twitter:data2\" content=\"2 minute\" \/>\n<script type=\"application\/ld+json\" class=\"yoast-schema-graph\">{\"@context\":\"https:\\\/\\\/schema.org\",\"@graph\":[{\"@type\":\"Article\",\"@id\":\"https:\\\/\\\/radioljubuski.ba\\\/index.php\\\/2022\\\/04\\\/08\\\/vettelov-vatreni-povratak-na-prvom-treningu-u-melbourneu\\\/#article\",\"isPartOf\":{\"@id\":\"https:\\\/\\\/radioljubuski.ba\\\/index.php\\\/2022\\\/04\\\/08\\\/vettelov-vatreni-povratak-na-prvom-treningu-u-melbourneu\\\/\"},\"author\":{\"name\":\"Radio Ljubu\u0161ki\",\"@id\":\"https:\\\/\\\/radioljubuski.ba\\\/#\\\/schema\\\/person\\\/19fc700381a780f69665d7956c469e3b\"},\"headline\":\"Vettelov &#8220;vatreni&#8221; povratak na prvom treningu u Melbourneu\",\"datePublished\":\"2022-04-08T17:21:12+00:00\",\"dateModified\":\"2022-04-08T17:21:14+00:00\",\"mainEntityOfPage\":{\"@id\":\"https:\\\/\\\/radioljubuski.ba\\\/index.php\\\/2022\\\/04\\\/08\\\/vettelov-vatreni-povratak-na-prvom-treningu-u-melbourneu\\\/\"},\"wordCount\":468,\"publisher\":{\"@id\":\"https:\\\/\\\/radioljubuski.ba\\\/#organization\"},\"image\":{\"@id\":\"https:\\\/\\\/radioljubuski.ba\\\/index.php\\\/2022\\\/04\\\/08\\\/vettelov-vatreni-povratak-na-prvom-treningu-u-melbourneu\\\/#primaryimage\"},\"thumbnailUrl\":\"https:\\\/\\\/radioljubuski.ba\\\/wp-content\\\/uploads\\\/2022\\\/04\\\/2022-04-08t035009z-810900284-up1ei480anjv2-rtrmadp-3-motor-f1-australia-20220408114324.jpg\",\"articleSection\":[\"\u0160port\"],\"inLanguage\":\"hr\"},{\"@type\":\"WebPage\",\"@id\":\"https:\\\/\\\/radioljubuski.ba\\\/index.php\\\/2022\\\/04\\\/08\\\/vettelov-vatreni-povratak-na-prvom-treningu-u-melbourneu\\\/\",\"url\":\"https:\\\/\\\/radioljubuski.ba\\\/index.php\\\/2022\\\/04\\\/08\\\/vettelov-vatreni-povratak-na-prvom-treningu-u-melbourneu\\\/\",\"name\":\"Vettelov \\\"vatreni\\\" povratak na prvom treningu u Melbourneu - RADIO LJUBU\u0160KI\",\"isPartOf\":{\"@id\":\"https:\\\/\\\/radioljubuski.ba\\\/#website\"},\"primaryImageOfPage\":{\"@id\":\"https:\\\/\\\/radioljubuski.ba\\\/index.php\\\/2022\\\/04\\\/08\\\/vettelov-vatreni-povratak-na-prvom-treningu-u-melbourneu\\\/#primaryimage\"},\"image\":{\"@id\":\"https:\\\/\\\/radioljubuski.ba\\\/index.php\\\/2022\\\/04\\\/08\\\/vettelov-vatreni-povratak-na-prvom-treningu-u-melbourneu\\\/#primaryimage\"},\"thumbnailUrl\":\"https:\\\/\\\/radioljubuski.ba\\\/wp-content\\\/uploads\\\/2022\\\/04\\\/2022-04-08t035009z-810900284-up1ei480anjv2-rtrmadp-3-motor-f1-australia-20220408114324.jpg\",\"datePublished\":\"2022-04-08T17:21:12+00:00\",\"dateModified\":\"2022-04-08T17:21:14+00:00\",\"breadcrumb\":{\"@id\":\"https:\\\/\\\/radioljubuski.ba\\\/index.php\\\/2022\\\/04\\\/08\\\/vettelov-vatreni-povratak-na-prvom-treningu-u-melbourneu\\\/#breadcrumb\"},\"inLanguage\":\"hr\",\"potentialAction\":[{\"@type\":\"ReadAction\",\"target\":[\"https:\\\/\\\/radioljubuski.ba\\\/index.php\\\/2022\\\/04\\\/08\\\/vettelov-vatreni-povratak-na-prvom-treningu-u-melbourneu\\\/\"]}]},{\"@type\":\"ImageObject\",\"inLanguage\":\"hr\",\"@id\":\"https:\\\/\\\/radioljubuski.ba\\\/index.php\\\/2022\\\/04\\\/08\\\/vettelov-vatreni-povratak-na-prvom-treningu-u-melbourneu\\\/#primaryimage\",\"url\":\"https:\\\/\\\/radioljubuski.ba\\\/wp-content\\\/uploads\\\/2022\\\/04\\\/2022-04-08t035009z-810900284-up1ei480anjv2-rtrmadp-3-motor-f1-australia-20220408114324.jpg\",\"contentUrl\":\"https:\\\/\\\/radioljubuski.ba\\\/wp-content\\\/uploads\\\/2022\\\/04\\\/2022-04-08t035009z-810900284-up1ei480anjv2-rtrmadp-3-motor-f1-australia-20220408114324.jpg\",\"width\":2500,\"height\":1607},{\"@type\":\"BreadcrumbList\",\"@id\":\"https:\\\/\\\/radioljubuski.ba\\\/index.php\\\/2022\\\/04\\\/08\\\/vettelov-vatreni-povratak-na-prvom-treningu-u-melbourneu\\\/#breadcrumb\",\"itemListElement\":[{\"@type\":\"ListItem\",\"position\":1,\"name\":\"Po\u010detna stranica\",\"item\":\"https:\\\/\\\/radioljubuski.ba\\\/\"},{\"@type\":\"ListItem\",\"position\":2,\"name\":\"Vettelov &#8220;vatreni&#8221; povratak na prvom treningu u Melbourneu\"}]},{\"@type\":\"WebSite\",\"@id\":\"https:\\\/\\\/radioljubuski.ba\\\/#website\",\"url\":\"https:\\\/\\\/radioljubuski.ba\\\/\",\"name\":\"Radio Ljubu\u0161ki\",\"description\":\"Sun\u010dana frekvencija Hercegovine\",\"publisher\":{\"@id\":\"https:\\\/\\\/radioljubuski.ba\\\/#organization\"},\"potentialAction\":[{\"@type\":\"SearchAction\",\"target\":{\"@type\":\"EntryPoint\",\"urlTemplate\":\"https:\\\/\\\/radioljubuski.ba\\\/?s={search_term_string}\"},\"query-input\":{\"@type\":\"PropertyValueSpecification\",\"valueRequired\":true,\"valueName\":\"search_term_string\"}}],\"inLanguage\":\"hr\"},{\"@type\":\"Organization\",\"@id\":\"https:\\\/\\\/radioljubuski.ba\\\/#organization\",\"name\":\"Radio Ljubu\u0161ki\",\"url\":\"https:\\\/\\\/radioljubuski.ba\\\/\",\"logo\":{\"@type\":\"ImageObject\",\"inLanguage\":\"hr\",\"@id\":\"https:\\\/\\\/radioljubuski.ba\\\/#\\\/schema\\\/logo\\\/image\\\/\",\"url\":\"https:\\\/\\\/radioljubuski.ba\\\/wp-content\\\/uploads\\\/2021\\\/02\\\/cropped-Radio_Ljubuski_logo1.jpg\",\"contentUrl\":\"https:\\\/\\\/radioljubuski.ba\\\/wp-content\\\/uploads\\\/2021\\\/02\\\/cropped-Radio_Ljubuski_logo1.jpg\",\"width\":512,\"height\":512,\"caption\":\"Radio Ljubu\u0161ki\"},\"image\":{\"@id\":\"https:\\\/\\\/radioljubuski.ba\\\/#\\\/schema\\\/logo\\\/image\\\/\"},\"sameAs\":[\"https:\\\/\\\/www.facebook.com\\\/Radiio-Ljubuski-1490835324566332\",\"https:\\\/\\\/x.com\\\/radioljubuski\",\"https:\\\/\\\/hr.linkedin.com\\\/company\\\/radio-ljubuski\",\"https:\\\/\\\/www.youtube.com\\\/channel\\\/UCHYaeO_n0Db3tjNGudGpXyw\"]},{\"@type\":\"Person\",\"@id\":\"https:\\\/\\\/radioljubuski.ba\\\/#\\\/schema\\\/person\\\/19fc700381a780f69665d7956c469e3b\",\"name\":\"Radio Ljubu\u0161ki\"}]}<\/script>\n<!-- \/ Yoast SEO plugin. -->","yoast_head_json":{"title":"Vettelov \"vatreni\" povratak na prvom treningu u Melbourneu - RADIO LJUBU\u0160KI","robots":{"index":"index","follow":"follow","max-snippet":"max-snippet:-1","max-image-preview":"max-image-preview:large","max-video-preview":"max-video-preview:-1"},"canonical":"https:\/\/radioljubuski.ba\/index.php\/2022\/04\/08\/vettelov-vatreni-povratak-na-prvom-treningu-u-melbourneu\/","og_locale":"hr_HR","og_type":"article","og_title":"Vettelov \"vatreni\" povratak na prvom treningu u Melbourneu - RADIO LJUBU\u0160KI","og_description":"\u010cetverostruki svjetski prvak u formuli 1, Nijemac&nbsp;Sebastian&nbsp;Vettel, pamtit \u0107e svoj &#8220;vatreni&#8221; povratak za upravlja\u010d Aston Martina na prvom slobodnom treningu na stazi Albert Park u Melbourneu, gdje \u0107e u nedjelju biti odr\u017eana utrka za Veliku nagradu Australije. Naime, njema\u010dki voza\u010d koji je zbog pozitivnog testa na koronavirus morao propustiti prve dvije utrke ove sezone u [&hellip;]","og_url":"https:\/\/radioljubuski.ba\/index.php\/2022\/04\/08\/vettelov-vatreni-povratak-na-prvom-treningu-u-melbourneu\/","og_site_name":"RADIO LJUBU\u0160KI","article_publisher":"https:\/\/www.facebook.com\/Radiio-Ljubuski-1490835324566332","article_published_time":"2022-04-08T17:21:12+00:00","article_modified_time":"2022-04-08T17:21:14+00:00","og_image":[{"width":2500,"height":1607,"url":"https:\/\/radioljubuski.ba\/wp-content\/uploads\/2022\/04\/2022-04-08t035009z-810900284-up1ei480anjv2-rtrmadp-3-motor-f1-australia-20220408114324.jpg","type":"image\/jpeg"}],"author":"Radio Ljubu\u0161ki","twitter_card":"summary_large_image","twitter_creator":"@radioljubuski","twitter_site":"@radioljubuski","twitter_misc":{"Napisao\/la":"Radio Ljubu\u0161ki","Procijenjeno vrijeme \u010ditanja":"2 minute"},"schema":{"@context":"https:\/\/schema.org","@graph":[{"@type":"Article","@id":"https:\/\/radioljubuski.ba\/index.php\/2022\/04\/08\/vettelov-vatreni-povratak-na-prvom-treningu-u-melbourneu\/#article","isPartOf":{"@id":"https:\/\/radioljubuski.ba\/index.php\/2022\/04\/08\/vettelov-vatreni-povratak-na-prvom-treningu-u-melbourneu\/"},"author":{"name":"Radio Ljubu\u0161ki","@id":"https:\/\/radioljubuski.ba\/#\/schema\/person\/19fc700381a780f69665d7956c469e3b"},"headline":"Vettelov &#8220;vatreni&#8221; povratak na prvom treningu u Melbourneu","datePublished":"2022-04-08T17:21:12+00:00","dateModified":"2022-04-08T17:21:14+00:00","mainEntityOfPage":{"@id":"https:\/\/radioljubuski.ba\/index.php\/2022\/04\/08\/vettelov-vatreni-povratak-na-prvom-treningu-u-melbourneu\/"},"wordCount":468,"publisher":{"@id":"https:\/\/radioljubuski.ba\/#organization"},"image":{"@id":"https:\/\/radioljubuski.ba\/index.php\/2022\/04\/08\/vettelov-vatreni-povratak-na-prvom-treningu-u-melbourneu\/#primaryimage"},"thumbnailUrl":"https:\/\/radioljubuski.ba\/wp-content\/uploads\/2022\/04\/2022-04-08t035009z-810900284-up1ei480anjv2-rtrmadp-3-motor-f1-australia-20220408114324.jpg","articleSection":["\u0160port"],"inLanguage":"hr"},{"@type":"WebPage","@id":"https:\/\/radioljubuski.ba\/index.php\/2022\/04\/08\/vettelov-vatreni-povratak-na-prvom-treningu-u-melbourneu\/","url":"https:\/\/radioljubuski.ba\/index.php\/2022\/04\/08\/vettelov-vatreni-povratak-na-prvom-treningu-u-melbourneu\/","name":"Vettelov \"vatreni\" povratak na prvom treningu u Melbourneu - RADIO LJUBU\u0160KI","isPartOf":{"@id":"https:\/\/radioljubuski.ba\/#website"},"primaryImageOfPage":{"@id":"https:\/\/radioljubuski.ba\/index.php\/2022\/04\/08\/vettelov-vatreni-povratak-na-prvom-treningu-u-melbourneu\/#primaryimage"},"image":{"@id":"https:\/\/radioljubuski.ba\/index.php\/2022\/04\/08\/vettelov-vatreni-povratak-na-prvom-treningu-u-melbourneu\/#primaryimage"},"thumbnailUrl":"https:\/\/radioljubuski.ba\/wp-content\/uploads\/2022\/04\/2022-04-08t035009z-810900284-up1ei480anjv2-rtrmadp-3-motor-f1-australia-20220408114324.jpg","datePublished":"2022-04-08T17:21:12+00:00","dateModified":"2022-04-08T17:21:14+00:00","breadcrumb":{"@id":"https:\/\/radioljubuski.ba\/index.php\/2022\/04\/08\/vettelov-vatreni-povratak-na-prvom-treningu-u-melbourneu\/#breadcrumb"},"inLanguage":"hr","potentialAction":[{"@type":"ReadAction","target":["https:\/\/radioljubuski.ba\/index.php\/2022\/04\/08\/vettelov-vatreni-povratak-na-prvom-treningu-u-melbourneu\/"]}]},{"@type":"ImageObject","inLanguage":"hr","@id":"https:\/\/radioljubuski.ba\/index.php\/2022\/04\/08\/vettelov-vatreni-povratak-na-prvom-treningu-u-melbourneu\/#primaryimage","url":"https:\/\/radioljubuski.ba\/wp-content\/uploads\/2022\/04\/2022-04-08t035009z-810900284-up1ei480anjv2-rtrmadp-3-motor-f1-australia-20220408114324.jpg","contentUrl":"https:\/\/radioljubuski.ba\/wp-content\/uploads\/2022\/04\/2022-04-08t035009z-810900284-up1ei480anjv2-rtrmadp-3-motor-f1-australia-20220408114324.jpg","width":2500,"height":1607},{"@type":"BreadcrumbList","@id":"https:\/\/radioljubuski.ba\/index.php\/2022\/04\/08\/vettelov-vatreni-povratak-na-prvom-treningu-u-melbourneu\/#breadcrumb","itemListElement":[{"@type":"ListItem","position":1,"name":"Po\u010detna stranica","item":"https:\/\/radioljubuski.ba\/"},{"@type":"ListItem","position":2,"name":"Vettelov &#8220;vatreni&#8221; povratak na prvom treningu u Melbourneu"}]},{"@type":"WebSite","@id":"https:\/\/radioljubuski.ba\/#website","url":"https:\/\/radioljubuski.ba\/","name":"Radio Ljubu\u0161ki","description":"Sun\u010dana frekvencija Hercegovine","publisher":{"@id":"https:\/\/radioljubuski.ba\/#organization"},"potentialAction":[{"@type":"SearchAction","target":{"@type":"EntryPoint","urlTemplate":"https:\/\/radioljubuski.ba\/?s={search_term_string}"},"query-input":{"@type":"PropertyValueSpecification","valueRequired":true,"valueName":"search_term_string"}}],"inLanguage":"hr"},{"@type":"Organization","@id":"https:\/\/radioljubuski.ba\/#organization","name":"Radio Ljubu\u0161ki","url":"https:\/\/radioljubuski.ba\/","logo":{"@type":"ImageObject","inLanguage":"hr","@id":"https:\/\/radioljubuski.ba\/#\/schema\/logo\/image\/","url":"https:\/\/radioljubuski.ba\/wp-content\/uploads\/2021\/02\/cropped-Radio_Ljubuski_logo1.jpg","contentUrl":"https:\/\/radioljubuski.ba\/wp-content\/uploads\/2021\/02\/cropped-Radio_Ljubuski_logo1.jpg","width":512,"height":512,"caption":"Radio Ljubu\u0161ki"},"image":{"@id":"https:\/\/radioljubuski.ba\/#\/schema\/logo\/image\/"},"sameAs":["https:\/\/www.facebook.com\/Radiio-Ljubuski-1490835324566332","https:\/\/x.com\/radioljubuski","https:\/\/hr.linkedin.com\/company\/radio-ljubuski","https:\/\/www.youtube.com\/channel\/UCHYaeO_n0Db3tjNGudGpXyw"]},{"@type":"Person","@id":"https:\/\/radioljubuski.ba\/#\/schema\/person\/19fc700381a780f69665d7956c469e3b","name":"Radio Ljubu\u0161ki"}]}},"_links":{"self":[{"href":"https:\/\/radioljubuski.ba\/index.php\/wp-json\/wp\/v2\/posts\/130560","targetHints":{"allow":["GET"]}}],"collection":[{"href":"https:\/\/radioljubuski.ba\/index.php\/wp-json\/wp\/v2\/posts"}],"about":[{"href":"https:\/\/radioljubuski.ba\/index.php\/wp-json\/wp\/v2\/types\/post"}],"author":[{"embeddable":true,"href":"https:\/\/radioljubuski.ba\/index.php\/wp-json\/wp\/v2\/users\/2"}],"replies":[{"embeddable":true,"href":"https:\/\/radioljubuski.ba\/index.php\/wp-json\/wp\/v2\/comments?post=130560"}],"version-history":[{"count":1,"href":"https:\/\/radioljubuski.ba\/index.php\/wp-json\/wp\/v2\/posts\/130560\/revisions"}],"predecessor-version":[{"id":130562,"href":"https:\/\/radioljubuski.ba\/index.php\/wp-json\/wp\/v2\/posts\/130560\/revisions\/130562"}],"wp:featuredmedia":[{"embeddable":true,"href":"https:\/\/radioljubuski.ba\/index.php\/wp-json\/wp\/v2\/media\/130561"}],"wp:attachment":[{"href":"https:\/\/radioljubuski.ba\/index.php\/wp-json\/wp\/v2\/media?parent=130560"}],"wp:term":[{"taxonomy":"category","embeddable":true,"href":"https:\/\/radioljubuski.ba\/index.php\/wp-json\/wp\/v2\/categories?post=130560"},{"taxonomy":"post_tag","embeddable":true,"href":"https:\/\/radioljubuski.ba\/index.php\/wp-json\/wp\/v2\/tags?post=130560"}],"curies":[{"name":"wp","href":"https:\/\/api.w.org\/{rel}","templated":true}]}}