{"id":130563,"date":"2022-04-08T18:24:15","date_gmt":"2022-04-08T17:24:15","guid":{"rendered":"https:\/\/radioljubuski.ba\/?p=130563"},"modified":"2022-04-08T18:24:16","modified_gmt":"2022-04-08T17:24:16","slug":"i-karlovacka-zupanija-poduprla-wrc-croatia-rally","status":"publish","type":"post","link":"https:\/\/radioljubuski.ba\/index.php\/2022\/04\/08\/i-karlovacka-zupanija-poduprla-wrc-croatia-rally\/","title":{"rendered":"I Karlova\u010dka \u017eupanija poduprla WRC Croatia Rally"},"content":{"rendered":"\n<p><strong>Karlova\u010dka \u017eupanija i Autoklub Cro Dakar sklopili su u petak u Karlovcu ugovor o me\u0111usobnim obvezama za vrijeme trajanja utrke Svjetskog reli prvenstva &#8220;WRC Croatia Rally 2022.&#8221;, koja \u0107e biti odr\u017eana od 21. do 24. travnja, a na kojoj se o\u010dekuje nazo\u010dnost nekoliko stotina tisu\u0107a navija\u010da iz Hrvatske i inozemstva.<\/strong><\/p>\n\n\n\n<p>Voza\u010di \u0107e na brzinskim ispitima prolaziti kroz pet \u017eupanija, uklju\u010duju\u0107i i Grad Zagreb, ali najve\u0107im djelom kroz Karlova\u010dku \u017eupaniju pa \u0107e ona poduprijeti manifestaciju pla\u0107anjem tro\u0161kova za anga\u017eman vatrogasaca, HGSS-a i Zavoda za hitnu medicinu te za pripremu i \u010di\u0161\u0107enje cesta. O\u010dekivana visina tro\u0161ka je u rasponu od 200.000 do 300.000 kuna.<\/p>\n\n\n\n<p>\u017dupanica&nbsp;<strong>Martina&nbsp;Furdek&nbsp;Hajdin&nbsp;<\/strong>je promociju \u017eupanije kroz ovu utrku pra\u0107enu u cijelom svijetu nazvala neprocjenjivom te je ustvrdila da &#8220;vi\u0161e ne postoji niti jedna postelja za smje\u0161taj turista u podru\u010dju i za dane WRC-a&#8221;, a obe\u0107ala je &#8220;visoku razinu kvalitete usluga koje se od \u017eupanije o\u010dekuju&#8221;.<\/p>\n\n\n\n<p>Predsjednik Hrvatskog auto i karting saveza\u00a0<strong>Davorin\u00a0\u0160tetner\u00a0<\/strong>najavio je da \u0107e se za narednog WRC Croatia Rallyja organizirati zna\u010dajan gospodarski forum, da bi se iskoristila prisutnost mnogo ljudi iz svijeta sporta i gospodarstva iz cijeloga svijeta. Naime, ve\u0107 za ovu se godinu se zna da \u0107e na WRC Croatia Rallyju biti neki od 50 milijardera s Forbesove liste najbogatijih ljudi. Dolazak je potvrdila i potpredsjednica Me\u0111unarodne automobilisti\u010dke federacije (FIA)\u00a0<strong>Anna\u00a0Nordkvist<\/strong>.<\/p>\n\n\n\n<blockquote class=\"twitter-tweet\"><p lang=\"en\" dir=\"ltr\">Perspective: <a href=\"https:\/\/twitter.com\/Craig_Breen?ref_src=twsrc%5Etfw\">@Craig_Breen<\/a>: just another day at the office \ud83d\udc68\u200d\ud83d\udcbc<br>Nikolina Brnjac: A day at the office she will never forget \ud83d\ude02<a href=\"https:\/\/twitter.com\/hashtag\/MSporters?src=hash&amp;ref_src=twsrc%5Etfw\">#MSporters<\/a> | <a href=\"https:\/\/twitter.com\/hashtag\/WRC?src=hash&amp;ref_src=twsrc%5Etfw\">#WRC<\/a> | <a href=\"https:\/\/twitter.com\/croatia_rally?ref_src=twsrc%5Etfw\">@croatia_rally<\/a> | <a href=\"https:\/\/twitter.com\/hashtag\/CroatiaRally?src=hash&amp;ref_src=twsrc%5Etfw\">#CroatiaRally<\/a> <a href=\"https:\/\/t.co\/pqIXW4G0AU\">pic.twitter.com\/pqIXW4G0AU<\/a><\/p>&mdash; WRC &#8211; FIA World Rally Championship (@OfficialWRC) <a href=\"https:\/\/twitter.com\/OfficialWRC\/status\/1512339446007484421?ref_src=twsrc%5Etfw\">April 8, 2022<\/a><\/blockquote> <script async src=\"https:\/\/platform.twitter.com\/widgets.js\" charset=\"utf-8\"><\/script>\n\n\n\n<p>Predsjednik Organizacijskog odbora WRC Croatia Rallyja&nbsp;<strong>Daniel&nbsp;\u0160a\u0161kin&nbsp;<\/strong>je dodao da se o\u010dekuje broj ljudi &#8220;kakav vjerojatno jo\u0161 nije vi\u0111en na ovom prostoru&#8221;.<\/p>\n\n\n\n<p>&#8211; Nadamo se da ne\u0107e biti ba\u0161 scenarij Woodstocka, ali o\u010dekuje se jako, jako puno automobila na cestama i puno, puno ljudi uz staze i klju\u010dno je da se svi pridr\u017eavaju uputa redara i sudaca, da bismo zadr\u017eali WRC u Hrvatskoj, naglasio je \u0160a\u0161kin.<\/p>\n\n\n\n<p>Na organizaciji radi 2000 ljudi, uklju\u010deno je nekoliko stotina policajaca, Prometni fakultet radi planiranje prometa, zna se to\u010dno po \u017eupanijama tko \u0161to radi, koje se ceste kada zatvaraju i otvaraju za promet te je osigurano 80 voza\u010da za prebacivanje publike od jedne do druge lokacije.<\/p>\n\n\n\n<p>Primjerice, u Novigradu na Dobri je jedna od ukupno \u0161est fan zona i to za preko 10.000 ljudi, s raznom ponudom i velikim ekranom za pra\u0107enje utrke.<\/p>\n\n\n\n<p>Direktor natjecanja&nbsp;<strong>\u017deljko&nbsp;\u0160tefani\u0107&nbsp;<\/strong>rekao je da natjecanje po\u010dinje u \u010detvrtak 21. travnja sve\u010danim startom u Zagrebu, a slijedi program na ukupno 1.642 kilometara itinerera, od \u010dega 292 kilometra \u010dini 20 brzinskih ispita koji su na rasporedu u petak, subotu i nedjelju.<\/p>\n\n\n\n<p>Izvor:hrt.hr<\/p>\n","protected":false},"excerpt":{"rendered":"<p>Karlova\u010dka \u017eupanija i Autoklub Cro Dakar sklopili su u petak u Karlovcu ugovor o me\u0111usobnim obvezama za vrijeme trajanja utrke Svjetskog reli prvenstva &#8220;WRC Croatia Rally 2022.&#8221;, koja \u0107e biti odr\u017eana od 21. do 24. travnja, a na kojoj se o\u010dekuje nazo\u010dnost nekoliko stotina tisu\u0107a navija\u010da iz Hrvatske i inozemstva. Voza\u010di \u0107e na brzinskim ispitima [&hellip;]<\/p>\n","protected":false},"author":2,"featured_media":130564,"comment_status":"closed","ping_status":"closed","sticky":false,"template":"","format":"standard","meta":{"h5ap_radio_sources":[],"footnotes":""},"categories":[7],"tags":[],"class_list":["post-130563","post","type-post","status-publish","format-standard","has-post-thumbnail","hentry","category-sport"],"yoast_head":"<!-- This site is optimized with the Yoast SEO plugin v27.5 - https:\/\/yoast.com\/product\/yoast-seo-wordpress\/ -->\n<title>I Karlova\u010dka \u017eupanija poduprla WRC Croatia Rally - RADIO LJUBU\u0160KI<\/title>\n<meta name=\"robots\" content=\"index, follow, max-snippet:-1, max-image-preview:large, max-video-preview:-1\" \/>\n<link rel=\"canonical\" href=\"https:\/\/radioljubuski.ba\/index.php\/2022\/04\/08\/i-karlovacka-zupanija-poduprla-wrc-croatia-rally\/\" \/>\n<meta property=\"og:locale\" content=\"hr_HR\" \/>\n<meta property=\"og:type\" content=\"article\" \/>\n<meta property=\"og:title\" content=\"I Karlova\u010dka \u017eupanija poduprla WRC Croatia Rally - RADIO LJUBU\u0160KI\" \/>\n<meta property=\"og:description\" content=\"Karlova\u010dka \u017eupanija i Autoklub Cro Dakar sklopili su u petak u Karlovcu ugovor o me\u0111usobnim obvezama za vrijeme trajanja utrke Svjetskog reli prvenstva &#8220;WRC Croatia Rally 2022.&#8221;, koja \u0107e biti odr\u017eana od 21. do 24. travnja, a na kojoj se o\u010dekuje nazo\u010dnost nekoliko stotina tisu\u0107a navija\u010da iz Hrvatske i inozemstva. Voza\u010di \u0107e na brzinskim ispitima [&hellip;]\" \/>\n<meta property=\"og:url\" content=\"https:\/\/radioljubuski.ba\/index.php\/2022\/04\/08\/i-karlovacka-zupanija-poduprla-wrc-croatia-rally\/\" \/>\n<meta property=\"og:site_name\" content=\"RADIO LJUBU\u0160KI\" \/>\n<meta property=\"article:publisher\" content=\"https:\/\/www.facebook.com\/Radiio-Ljubuski-1490835324566332\" \/>\n<meta property=\"article:published_time\" content=\"2022-04-08T17:24:15+00:00\" \/>\n<meta property=\"article:modified_time\" content=\"2022-04-08T17:24:16+00:00\" \/>\n<meta property=\"og:image\" content=\"https:\/\/radioljubuski.ba\/wp-content\/uploads\/2022\/04\/preuzmi-14.jpg\" \/>\n\t<meta property=\"og:image:width\" content=\"275\" \/>\n\t<meta property=\"og:image:height\" content=\"183\" \/>\n\t<meta property=\"og:image:type\" content=\"image\/jpeg\" \/>\n<meta name=\"author\" content=\"Radio Ljubu\u0161ki\" \/>\n<meta name=\"twitter:card\" content=\"summary_large_image\" \/>\n<meta name=\"twitter:creator\" content=\"@radioljubuski\" \/>\n<meta name=\"twitter:site\" content=\"@radioljubuski\" \/>\n<meta name=\"twitter:label1\" content=\"Napisao\/la\" \/>\n\t<meta name=\"twitter:data1\" content=\"Radio Ljubu\u0161ki\" \/>\n\t<meta name=\"twitter:label2\" content=\"Procijenjeno vrijeme \u010ditanja\" \/>\n\t<meta name=\"twitter:data2\" content=\"2 minute\" \/>\n<script type=\"application\/ld+json\" class=\"yoast-schema-graph\">{\"@context\":\"https:\\\/\\\/schema.org\",\"@graph\":[{\"@type\":\"Article\",\"@id\":\"https:\\\/\\\/radioljubuski.ba\\\/index.php\\\/2022\\\/04\\\/08\\\/i-karlovacka-zupanija-poduprla-wrc-croatia-rally\\\/#article\",\"isPartOf\":{\"@id\":\"https:\\\/\\\/radioljubuski.ba\\\/index.php\\\/2022\\\/04\\\/08\\\/i-karlovacka-zupanija-poduprla-wrc-croatia-rally\\\/\"},\"author\":{\"name\":\"Radio Ljubu\u0161ki\",\"@id\":\"https:\\\/\\\/radioljubuski.ba\\\/#\\\/schema\\\/person\\\/19fc700381a780f69665d7956c469e3b\"},\"headline\":\"I Karlova\u010dka \u017eupanija poduprla WRC Croatia Rally\",\"datePublished\":\"2022-04-08T17:24:15+00:00\",\"dateModified\":\"2022-04-08T17:24:16+00:00\",\"mainEntityOfPage\":{\"@id\":\"https:\\\/\\\/radioljubuski.ba\\\/index.php\\\/2022\\\/04\\\/08\\\/i-karlovacka-zupanija-poduprla-wrc-croatia-rally\\\/\"},\"wordCount\":492,\"publisher\":{\"@id\":\"https:\\\/\\\/radioljubuski.ba\\\/#organization\"},\"image\":{\"@id\":\"https:\\\/\\\/radioljubuski.ba\\\/index.php\\\/2022\\\/04\\\/08\\\/i-karlovacka-zupanija-poduprla-wrc-croatia-rally\\\/#primaryimage\"},\"thumbnailUrl\":\"https:\\\/\\\/radioljubuski.ba\\\/wp-content\\\/uploads\\\/2022\\\/04\\\/preuzmi-14.jpg\",\"articleSection\":[\"\u0160port\"],\"inLanguage\":\"hr\"},{\"@type\":\"WebPage\",\"@id\":\"https:\\\/\\\/radioljubuski.ba\\\/index.php\\\/2022\\\/04\\\/08\\\/i-karlovacka-zupanija-poduprla-wrc-croatia-rally\\\/\",\"url\":\"https:\\\/\\\/radioljubuski.ba\\\/index.php\\\/2022\\\/04\\\/08\\\/i-karlovacka-zupanija-poduprla-wrc-croatia-rally\\\/\",\"name\":\"I Karlova\u010dka \u017eupanija poduprla WRC Croatia Rally - RADIO LJUBU\u0160KI\",\"isPartOf\":{\"@id\":\"https:\\\/\\\/radioljubuski.ba\\\/#website\"},\"primaryImageOfPage\":{\"@id\":\"https:\\\/\\\/radioljubuski.ba\\\/index.php\\\/2022\\\/04\\\/08\\\/i-karlovacka-zupanija-poduprla-wrc-croatia-rally\\\/#primaryimage\"},\"image\":{\"@id\":\"https:\\\/\\\/radioljubuski.ba\\\/index.php\\\/2022\\\/04\\\/08\\\/i-karlovacka-zupanija-poduprla-wrc-croatia-rally\\\/#primaryimage\"},\"thumbnailUrl\":\"https:\\\/\\\/radioljubuski.ba\\\/wp-content\\\/uploads\\\/2022\\\/04\\\/preuzmi-14.jpg\",\"datePublished\":\"2022-04-08T17:24:15+00:00\",\"dateModified\":\"2022-04-08T17:24:16+00:00\",\"breadcrumb\":{\"@id\":\"https:\\\/\\\/radioljubuski.ba\\\/index.php\\\/2022\\\/04\\\/08\\\/i-karlovacka-zupanija-poduprla-wrc-croatia-rally\\\/#breadcrumb\"},\"inLanguage\":\"hr\",\"potentialAction\":[{\"@type\":\"ReadAction\",\"target\":[\"https:\\\/\\\/radioljubuski.ba\\\/index.php\\\/2022\\\/04\\\/08\\\/i-karlovacka-zupanija-poduprla-wrc-croatia-rally\\\/\"]}]},{\"@type\":\"ImageObject\",\"inLanguage\":\"hr\",\"@id\":\"https:\\\/\\\/radioljubuski.ba\\\/index.php\\\/2022\\\/04\\\/08\\\/i-karlovacka-zupanija-poduprla-wrc-croatia-rally\\\/#primaryimage\",\"url\":\"https:\\\/\\\/radioljubuski.ba\\\/wp-content\\\/uploads\\\/2022\\\/04\\\/preuzmi-14.jpg\",\"contentUrl\":\"https:\\\/\\\/radioljubuski.ba\\\/wp-content\\\/uploads\\\/2022\\\/04\\\/preuzmi-14.jpg\",\"width\":275,\"height\":183},{\"@type\":\"BreadcrumbList\",\"@id\":\"https:\\\/\\\/radioljubuski.ba\\\/index.php\\\/2022\\\/04\\\/08\\\/i-karlovacka-zupanija-poduprla-wrc-croatia-rally\\\/#breadcrumb\",\"itemListElement\":[{\"@type\":\"ListItem\",\"position\":1,\"name\":\"Po\u010detna stranica\",\"item\":\"https:\\\/\\\/radioljubuski.ba\\\/\"},{\"@type\":\"ListItem\",\"position\":2,\"name\":\"I Karlova\u010dka \u017eupanija poduprla WRC Croatia Rally\"}]},{\"@type\":\"WebSite\",\"@id\":\"https:\\\/\\\/radioljubuski.ba\\\/#website\",\"url\":\"https:\\\/\\\/radioljubuski.ba\\\/\",\"name\":\"Radio Ljubu\u0161ki\",\"description\":\"Sun\u010dana frekvencija Hercegovine\",\"publisher\":{\"@id\":\"https:\\\/\\\/radioljubuski.ba\\\/#organization\"},\"potentialAction\":[{\"@type\":\"SearchAction\",\"target\":{\"@type\":\"EntryPoint\",\"urlTemplate\":\"https:\\\/\\\/radioljubuski.ba\\\/?s={search_term_string}\"},\"query-input\":{\"@type\":\"PropertyValueSpecification\",\"valueRequired\":true,\"valueName\":\"search_term_string\"}}],\"inLanguage\":\"hr\"},{\"@type\":\"Organization\",\"@id\":\"https:\\\/\\\/radioljubuski.ba\\\/#organization\",\"name\":\"Radio Ljubu\u0161ki\",\"url\":\"https:\\\/\\\/radioljubuski.ba\\\/\",\"logo\":{\"@type\":\"ImageObject\",\"inLanguage\":\"hr\",\"@id\":\"https:\\\/\\\/radioljubuski.ba\\\/#\\\/schema\\\/logo\\\/image\\\/\",\"url\":\"https:\\\/\\\/radioljubuski.ba\\\/wp-content\\\/uploads\\\/2021\\\/02\\\/cropped-Radio_Ljubuski_logo1.jpg\",\"contentUrl\":\"https:\\\/\\\/radioljubuski.ba\\\/wp-content\\\/uploads\\\/2021\\\/02\\\/cropped-Radio_Ljubuski_logo1.jpg\",\"width\":512,\"height\":512,\"caption\":\"Radio Ljubu\u0161ki\"},\"image\":{\"@id\":\"https:\\\/\\\/radioljubuski.ba\\\/#\\\/schema\\\/logo\\\/image\\\/\"},\"sameAs\":[\"https:\\\/\\\/www.facebook.com\\\/Radiio-Ljubuski-1490835324566332\",\"https:\\\/\\\/x.com\\\/radioljubuski\",\"https:\\\/\\\/hr.linkedin.com\\\/company\\\/radio-ljubuski\",\"https:\\\/\\\/www.youtube.com\\\/channel\\\/UCHYaeO_n0Db3tjNGudGpXyw\"]},{\"@type\":\"Person\",\"@id\":\"https:\\\/\\\/radioljubuski.ba\\\/#\\\/schema\\\/person\\\/19fc700381a780f69665d7956c469e3b\",\"name\":\"Radio Ljubu\u0161ki\"}]}<\/script>\n<!-- \/ Yoast SEO plugin. -->","yoast_head_json":{"title":"I Karlova\u010dka \u017eupanija poduprla WRC Croatia Rally - RADIO LJUBU\u0160KI","robots":{"index":"index","follow":"follow","max-snippet":"max-snippet:-1","max-image-preview":"max-image-preview:large","max-video-preview":"max-video-preview:-1"},"canonical":"https:\/\/radioljubuski.ba\/index.php\/2022\/04\/08\/i-karlovacka-zupanija-poduprla-wrc-croatia-rally\/","og_locale":"hr_HR","og_type":"article","og_title":"I Karlova\u010dka \u017eupanija poduprla WRC Croatia Rally - RADIO LJUBU\u0160KI","og_description":"Karlova\u010dka \u017eupanija i Autoklub Cro Dakar sklopili su u petak u Karlovcu ugovor o me\u0111usobnim obvezama za vrijeme trajanja utrke Svjetskog reli prvenstva &#8220;WRC Croatia Rally 2022.&#8221;, koja \u0107e biti odr\u017eana od 21. do 24. travnja, a na kojoj se o\u010dekuje nazo\u010dnost nekoliko stotina tisu\u0107a navija\u010da iz Hrvatske i inozemstva. Voza\u010di \u0107e na brzinskim ispitima [&hellip;]","og_url":"https:\/\/radioljubuski.ba\/index.php\/2022\/04\/08\/i-karlovacka-zupanija-poduprla-wrc-croatia-rally\/","og_site_name":"RADIO LJUBU\u0160KI","article_publisher":"https:\/\/www.facebook.com\/Radiio-Ljubuski-1490835324566332","article_published_time":"2022-04-08T17:24:15+00:00","article_modified_time":"2022-04-08T17:24:16+00:00","og_image":[{"width":275,"height":183,"url":"https:\/\/radioljubuski.ba\/wp-content\/uploads\/2022\/04\/preuzmi-14.jpg","type":"image\/jpeg"}],"author":"Radio Ljubu\u0161ki","twitter_card":"summary_large_image","twitter_creator":"@radioljubuski","twitter_site":"@radioljubuski","twitter_misc":{"Napisao\/la":"Radio Ljubu\u0161ki","Procijenjeno vrijeme \u010ditanja":"2 minute"},"schema":{"@context":"https:\/\/schema.org","@graph":[{"@type":"Article","@id":"https:\/\/radioljubuski.ba\/index.php\/2022\/04\/08\/i-karlovacka-zupanija-poduprla-wrc-croatia-rally\/#article","isPartOf":{"@id":"https:\/\/radioljubuski.ba\/index.php\/2022\/04\/08\/i-karlovacka-zupanija-poduprla-wrc-croatia-rally\/"},"author":{"name":"Radio Ljubu\u0161ki","@id":"https:\/\/radioljubuski.ba\/#\/schema\/person\/19fc700381a780f69665d7956c469e3b"},"headline":"I Karlova\u010dka \u017eupanija poduprla WRC Croatia Rally","datePublished":"2022-04-08T17:24:15+00:00","dateModified":"2022-04-08T17:24:16+00:00","mainEntityOfPage":{"@id":"https:\/\/radioljubuski.ba\/index.php\/2022\/04\/08\/i-karlovacka-zupanija-poduprla-wrc-croatia-rally\/"},"wordCount":492,"publisher":{"@id":"https:\/\/radioljubuski.ba\/#organization"},"image":{"@id":"https:\/\/radioljubuski.ba\/index.php\/2022\/04\/08\/i-karlovacka-zupanija-poduprla-wrc-croatia-rally\/#primaryimage"},"thumbnailUrl":"https:\/\/radioljubuski.ba\/wp-content\/uploads\/2022\/04\/preuzmi-14.jpg","articleSection":["\u0160port"],"inLanguage":"hr"},{"@type":"WebPage","@id":"https:\/\/radioljubuski.ba\/index.php\/2022\/04\/08\/i-karlovacka-zupanija-poduprla-wrc-croatia-rally\/","url":"https:\/\/radioljubuski.ba\/index.php\/2022\/04\/08\/i-karlovacka-zupanija-poduprla-wrc-croatia-rally\/","name":"I Karlova\u010dka \u017eupanija poduprla WRC Croatia Rally - RADIO LJUBU\u0160KI","isPartOf":{"@id":"https:\/\/radioljubuski.ba\/#website"},"primaryImageOfPage":{"@id":"https:\/\/radioljubuski.ba\/index.php\/2022\/04\/08\/i-karlovacka-zupanija-poduprla-wrc-croatia-rally\/#primaryimage"},"image":{"@id":"https:\/\/radioljubuski.ba\/index.php\/2022\/04\/08\/i-karlovacka-zupanija-poduprla-wrc-croatia-rally\/#primaryimage"},"thumbnailUrl":"https:\/\/radioljubuski.ba\/wp-content\/uploads\/2022\/04\/preuzmi-14.jpg","datePublished":"2022-04-08T17:24:15+00:00","dateModified":"2022-04-08T17:24:16+00:00","breadcrumb":{"@id":"https:\/\/radioljubuski.ba\/index.php\/2022\/04\/08\/i-karlovacka-zupanija-poduprla-wrc-croatia-rally\/#breadcrumb"},"inLanguage":"hr","potentialAction":[{"@type":"ReadAction","target":["https:\/\/radioljubuski.ba\/index.php\/2022\/04\/08\/i-karlovacka-zupanija-poduprla-wrc-croatia-rally\/"]}]},{"@type":"ImageObject","inLanguage":"hr","@id":"https:\/\/radioljubuski.ba\/index.php\/2022\/04\/08\/i-karlovacka-zupanija-poduprla-wrc-croatia-rally\/#primaryimage","url":"https:\/\/radioljubuski.ba\/wp-content\/uploads\/2022\/04\/preuzmi-14.jpg","contentUrl":"https:\/\/radioljubuski.ba\/wp-content\/uploads\/2022\/04\/preuzmi-14.jpg","width":275,"height":183},{"@type":"BreadcrumbList","@id":"https:\/\/radioljubuski.ba\/index.php\/2022\/04\/08\/i-karlovacka-zupanija-poduprla-wrc-croatia-rally\/#breadcrumb","itemListElement":[{"@type":"ListItem","position":1,"name":"Po\u010detna stranica","item":"https:\/\/radioljubuski.ba\/"},{"@type":"ListItem","position":2,"name":"I Karlova\u010dka \u017eupanija poduprla WRC Croatia Rally"}]},{"@type":"WebSite","@id":"https:\/\/radioljubuski.ba\/#website","url":"https:\/\/radioljubuski.ba\/","name":"Radio Ljubu\u0161ki","description":"Sun\u010dana frekvencija Hercegovine","publisher":{"@id":"https:\/\/radioljubuski.ba\/#organization"},"potentialAction":[{"@type":"SearchAction","target":{"@type":"EntryPoint","urlTemplate":"https:\/\/radioljubuski.ba\/?s={search_term_string}"},"query-input":{"@type":"PropertyValueSpecification","valueRequired":true,"valueName":"search_term_string"}}],"inLanguage":"hr"},{"@type":"Organization","@id":"https:\/\/radioljubuski.ba\/#organization","name":"Radio Ljubu\u0161ki","url":"https:\/\/radioljubuski.ba\/","logo":{"@type":"ImageObject","inLanguage":"hr","@id":"https:\/\/radioljubuski.ba\/#\/schema\/logo\/image\/","url":"https:\/\/radioljubuski.ba\/wp-content\/uploads\/2021\/02\/cropped-Radio_Ljubuski_logo1.jpg","contentUrl":"https:\/\/radioljubuski.ba\/wp-content\/uploads\/2021\/02\/cropped-Radio_Ljubuski_logo1.jpg","width":512,"height":512,"caption":"Radio Ljubu\u0161ki"},"image":{"@id":"https:\/\/radioljubuski.ba\/#\/schema\/logo\/image\/"},"sameAs":["https:\/\/www.facebook.com\/Radiio-Ljubuski-1490835324566332","https:\/\/x.com\/radioljubuski","https:\/\/hr.linkedin.com\/company\/radio-ljubuski","https:\/\/www.youtube.com\/channel\/UCHYaeO_n0Db3tjNGudGpXyw"]},{"@type":"Person","@id":"https:\/\/radioljubuski.ba\/#\/schema\/person\/19fc700381a780f69665d7956c469e3b","name":"Radio Ljubu\u0161ki"}]}},"_links":{"self":[{"href":"https:\/\/radioljubuski.ba\/index.php\/wp-json\/wp\/v2\/posts\/130563","targetHints":{"allow":["GET"]}}],"collection":[{"href":"https:\/\/radioljubuski.ba\/index.php\/wp-json\/wp\/v2\/posts"}],"about":[{"href":"https:\/\/radioljubuski.ba\/index.php\/wp-json\/wp\/v2\/types\/post"}],"author":[{"embeddable":true,"href":"https:\/\/radioljubuski.ba\/index.php\/wp-json\/wp\/v2\/users\/2"}],"replies":[{"embeddable":true,"href":"https:\/\/radioljubuski.ba\/index.php\/wp-json\/wp\/v2\/comments?post=130563"}],"version-history":[{"count":1,"href":"https:\/\/radioljubuski.ba\/index.php\/wp-json\/wp\/v2\/posts\/130563\/revisions"}],"predecessor-version":[{"id":130565,"href":"https:\/\/radioljubuski.ba\/index.php\/wp-json\/wp\/v2\/posts\/130563\/revisions\/130565"}],"wp:featuredmedia":[{"embeddable":true,"href":"https:\/\/radioljubuski.ba\/index.php\/wp-json\/wp\/v2\/media\/130564"}],"wp:attachment":[{"href":"https:\/\/radioljubuski.ba\/index.php\/wp-json\/wp\/v2\/media?parent=130563"}],"wp:term":[{"taxonomy":"category","embeddable":true,"href":"https:\/\/radioljubuski.ba\/index.php\/wp-json\/wp\/v2\/categories?post=130563"},{"taxonomy":"post_tag","embeddable":true,"href":"https:\/\/radioljubuski.ba\/index.php\/wp-json\/wp\/v2\/tags?post=130563"}],"curies":[{"name":"wp","href":"https:\/\/api.w.org\/{rel}","templated":true}]}}