{"id":130574,"date":"2022-04-08T18:32:01","date_gmt":"2022-04-08T17:32:01","guid":{"rendered":"https:\/\/radioljubuski.ba\/?p=130574"},"modified":"2022-04-08T18:32:02","modified_gmt":"2022-04-08T17:32:02","slug":"rukometni-svijet-oprasta-se-od-denisa-tota","status":"publish","type":"post","link":"https:\/\/radioljubuski.ba\/index.php\/2022\/04\/08\/rukometni-svijet-oprasta-se-od-denisa-tota\/","title":{"rendered":"Rukometni svijet opra\u0161ta se od Denisa Tota"},"content":{"rendered":"\n<p><strong>Hrvatski 27-godi\u0161nji rukometa\u0161 Denis Tot preminuo je u skopskoj bolnici od posljedica sr\u010danog zastoja.<\/strong><\/p>\n\n\n\n<p>Denis Tot je ro\u0111en u \u0110akovu, gdje je zapo\u010deo rukometnu karijeru i tamo igrao do 2015., kad je pre\u0161ao u \u0161panjolski Ademar Leon. Nakon sezone u \u0160panjolskoj vratio se u Hrvatsku, gdje je igrao za Pore\u010d i Bjelovar, a potom se ponovno oku\u0161ao u inozemstvu igraju\u0107i za austrijski Bruck.<br><br>Iz austrijskog Brucka preselio je u makedonski Ohrid u kojem je proveo dvije sezone, da bi potom do\u0161ao u skopski Butel, klub koji se trenutno nalazi iza Eurofarm Pelistera i Vardara 1961 na ljestvici prvenstva Sjeverne Makedonije.\u00a0\u00a0<br><br>&#8211; Nevjerojatno te\u0161ko i neopisivo bolno je ovo pisati. Slomljena srca opra\u0161tamo se od na\u0161eg Denisa Tota. Prerano je prestalo kucati mlado srce na\u0161eg Denisa, na\u0161eg legendarnog \u010cenge, napisali su iz RK \u0110akova te izrazili su\u0107ut obitelji.<\/p>\n\n\n\n<iframe loading=\"lazy\" src=\"https:\/\/www.facebook.com\/plugins\/post.php?href=https%3A%2F%2Fwww.facebook.com%2Fpermalink.php%3Fstory_fbid%3D10158295457921946%26id%3D222080396945&#038;show_text=true&#038;width=500\" width=\"500\" height=\"693\" style=\"border:none;overflow:hidden\" scrolling=\"no\" frameborder=\"0\" allowfullscreen=\"true\" allow=\"autoplay; clipboard-write; encrypted-media; picture-in-picture; web-share\"><\/iframe>\n\n\n\n<p>&#8211; U nevjerici i bolno pi\u0161emo da se opra\u0161tamo od Denisa Tota. Prerano nas je napustio. Hvala ti za sve trenutke, objavio je RK Pore\u010d.<br><br>Brojni hrvatski rukometni reprezentativci kao \u0161to su<strong>\u00a0Tin Lu\u010din<\/strong>,\u00a0<strong>Stipe Mandalini\u0107<\/strong>, kapetan\u00a0<strong>Domagoj Duvnjak<\/strong>,\u00a0<strong>Halil Jaganjac<\/strong>,\u00a0<strong>David Mandi\u0107<\/strong>\u00a0te drugi na dru\u0161tvenim mre\u017eama oprostili su se od preminulog Tota, a su\u0107ut je izrazio i Hrvatski rukometni savez.<\/p>\n\n\n\n<iframe loading=\"lazy\" src=\"https:\/\/www.facebook.com\/plugins\/post.php?href=https%3A%2F%2Fwww.facebook.com%2Fhrs.chf%2Fposts%2F443233770991402&#038;show_text=true&#038;width=500\" width=\"500\" height=\"379\" style=\"border:none;overflow:hidden\" scrolling=\"no\" frameborder=\"0\" allowfullscreen=\"true\" allow=\"autoplay; clipboard-write; encrypted-media; picture-in-picture; web-share\"><\/iframe>\n\n\n\n<p>Njegov brat\u00a0<strong>Boris<\/strong>, tako\u0111er rukometa\u0161 koji igra u Nizozemskoj, uputio je emotivnu poruku.<br><br>&#8211; Prerano si nas napustio, dragi moj, po\u010divao u miru. Ni\u0161ta vi\u0161e ne\u0107e biti isto bez tebe, napisao je njegov mla\u0111i brat Boris koji je rukometni vratar.<\/p>\n\n\n\n<iframe loading=\"lazy\" src=\"https:\/\/www.facebook.com\/plugins\/post.php?href=https%3A%2F%2Fwww.facebook.com%2Frkporec%2Fposts%2F4922087001160406&#038;show_text=true&#038;width=500\" width=\"500\" height=\"472\" style=\"border:none;overflow:hidden\" scrolling=\"no\" frameborder=\"0\" allowfullscreen=\"true\" allow=\"autoplay; clipboard-write; encrypted-media; picture-in-picture; web-share\"><\/iframe>\n\n\n\n<p>Tot je u \u010detvrtak, u ranim jutarnjim satima dovezen u skopsku Kliniku za anesteziju, reanimaciju i intenzivno lije\u010denje bez svijesti, u kriti\u010dnom stanju, a lije\u010dnici su ga uspjeli reanimirati i potom staviti u stanje inducirane kome, \u0161to je u izjavi potvrdila&nbsp;<strong>dr. Maja Mojsova Mijovska<\/strong>.<\/p>\n\n\n\n<p>Nakon \u0161to je Tot primljen u bolnicu, pro\u0161irila se verzija pri\u010de po kojoj je rukometa\u0161 skopskog Butela brutalno pretu\u010den u jednom skopskom no\u0107nom klubu i dovezen u kliniku s brojnim ozljedama. No, te je informacije demantiralo Ministarstvo unutarnjih poslova u slu\u017ebenom priop\u0107enju objavljenom u petak.<\/p>\n\n\n\n<p>&#8211; Ministarstvo unutarnjih poslova obavje\u0161tava javnost da je ju\u010der (07.04.2022.) u 04:11 iz Klini\u010dkog centra dojavljeno policiji da im je DT dovezen bez svijesti, bez vidljivih tragova nasilja te mu je odmah ukazana lije\u010dni\u010dka pomo\u0107. Policijska uprava u Skoplju poduzima mjere za rasvjetljavanje slu\u010daja i o tome \u0107emo na odgovaraju\u0107i na\u010din izvijestiti javnost, prip\u0107ili su iz makedonskog MUP-a.<\/p>\n\n\n\n<p>Izvor:hrt.hr<\/p>\n","protected":false},"excerpt":{"rendered":"<p>Hrvatski 27-godi\u0161nji rukometa\u0161 Denis Tot preminuo je u skopskoj bolnici od posljedica sr\u010danog zastoja. Denis Tot je ro\u0111en u \u0110akovu, gdje je zapo\u010deo rukometnu karijeru i tamo igrao do 2015., kad je pre\u0161ao u \u0161panjolski Ademar Leon. Nakon sezone u \u0160panjolskoj vratio se u Hrvatsku, gdje je igrao za Pore\u010d i Bjelovar, a potom se [&hellip;]<\/p>\n","protected":false},"author":2,"featured_media":130575,"comment_status":"closed","ping_status":"closed","sticky":false,"template":"","format":"standard","meta":{"h5ap_radio_sources":[],"footnotes":""},"categories":[7],"tags":[],"class_list":["post-130574","post","type-post","status-publish","format-standard","has-post-thumbnail","hentry","category-sport"],"yoast_head":"<!-- This site is optimized with the Yoast SEO plugin v27.5 - https:\/\/yoast.com\/product\/yoast-seo-wordpress\/ -->\n<title>Rukometni svijet opra\u0161ta se od Denisa Tota - RADIO LJUBU\u0160KI<\/title>\n<meta name=\"robots\" content=\"index, follow, max-snippet:-1, max-image-preview:large, max-video-preview:-1\" \/>\n<link rel=\"canonical\" href=\"https:\/\/radioljubuski.ba\/index.php\/2022\/04\/08\/rukometni-svijet-oprasta-se-od-denisa-tota\/\" \/>\n<meta property=\"og:locale\" content=\"hr_HR\" \/>\n<meta property=\"og:type\" content=\"article\" \/>\n<meta property=\"og:title\" content=\"Rukometni svijet opra\u0161ta se od Denisa Tota - RADIO LJUBU\u0160KI\" \/>\n<meta property=\"og:description\" content=\"Hrvatski 27-godi\u0161nji rukometa\u0161 Denis Tot preminuo je u skopskoj bolnici od posljedica sr\u010danog zastoja. Denis Tot je ro\u0111en u \u0110akovu, gdje je zapo\u010deo rukometnu karijeru i tamo igrao do 2015., kad je pre\u0161ao u \u0161panjolski Ademar Leon. Nakon sezone u \u0160panjolskoj vratio se u Hrvatsku, gdje je igrao za Pore\u010d i Bjelovar, a potom se [&hellip;]\" \/>\n<meta property=\"og:url\" content=\"https:\/\/radioljubuski.ba\/index.php\/2022\/04\/08\/rukometni-svijet-oprasta-se-od-denisa-tota\/\" \/>\n<meta property=\"og:site_name\" content=\"RADIO LJUBU\u0160KI\" \/>\n<meta property=\"article:publisher\" content=\"https:\/\/www.facebook.com\/Radiio-Ljubuski-1490835324566332\" \/>\n<meta property=\"article:published_time\" content=\"2022-04-08T17:32:01+00:00\" \/>\n<meta property=\"article:modified_time\" content=\"2022-04-08T17:32:02+00:00\" \/>\n<meta property=\"og:image\" content=\"https:\/\/radioljubuski.ba\/wp-content\/uploads\/2022\/04\/original-1.jpeg\" \/>\n\t<meta property=\"og:image:width\" content=\"692\" \/>\n\t<meta property=\"og:image:height\" content=\"422\" \/>\n\t<meta property=\"og:image:type\" content=\"image\/jpeg\" \/>\n<meta name=\"author\" content=\"Radio Ljubu\u0161ki\" \/>\n<meta name=\"twitter:card\" content=\"summary_large_image\" \/>\n<meta name=\"twitter:creator\" content=\"@radioljubuski\" \/>\n<meta name=\"twitter:site\" content=\"@radioljubuski\" \/>\n<meta name=\"twitter:label1\" content=\"Napisao\/la\" \/>\n\t<meta name=\"twitter:data1\" content=\"Radio Ljubu\u0161ki\" \/>\n\t<meta name=\"twitter:label2\" content=\"Procijenjeno vrijeme \u010ditanja\" \/>\n\t<meta name=\"twitter:data2\" content=\"2 minute\" \/>\n<script type=\"application\/ld+json\" class=\"yoast-schema-graph\">{\"@context\":\"https:\\\/\\\/schema.org\",\"@graph\":[{\"@type\":\"Article\",\"@id\":\"https:\\\/\\\/radioljubuski.ba\\\/index.php\\\/2022\\\/04\\\/08\\\/rukometni-svijet-oprasta-se-od-denisa-tota\\\/#article\",\"isPartOf\":{\"@id\":\"https:\\\/\\\/radioljubuski.ba\\\/index.php\\\/2022\\\/04\\\/08\\\/rukometni-svijet-oprasta-se-od-denisa-tota\\\/\"},\"author\":{\"name\":\"Radio Ljubu\u0161ki\",\"@id\":\"https:\\\/\\\/radioljubuski.ba\\\/#\\\/schema\\\/person\\\/19fc700381a780f69665d7956c469e3b\"},\"headline\":\"Rukometni svijet opra\u0161ta se od Denisa Tota\",\"datePublished\":\"2022-04-08T17:32:01+00:00\",\"dateModified\":\"2022-04-08T17:32:02+00:00\",\"mainEntityOfPage\":{\"@id\":\"https:\\\/\\\/radioljubuski.ba\\\/index.php\\\/2022\\\/04\\\/08\\\/rukometni-svijet-oprasta-se-od-denisa-tota\\\/\"},\"wordCount\":439,\"publisher\":{\"@id\":\"https:\\\/\\\/radioljubuski.ba\\\/#organization\"},\"image\":{\"@id\":\"https:\\\/\\\/radioljubuski.ba\\\/index.php\\\/2022\\\/04\\\/08\\\/rukometni-svijet-oprasta-se-od-denisa-tota\\\/#primaryimage\"},\"thumbnailUrl\":\"https:\\\/\\\/radioljubuski.ba\\\/wp-content\\\/uploads\\\/2022\\\/04\\\/original-1.jpeg\",\"articleSection\":[\"\u0160port\"],\"inLanguage\":\"hr\"},{\"@type\":\"WebPage\",\"@id\":\"https:\\\/\\\/radioljubuski.ba\\\/index.php\\\/2022\\\/04\\\/08\\\/rukometni-svijet-oprasta-se-od-denisa-tota\\\/\",\"url\":\"https:\\\/\\\/radioljubuski.ba\\\/index.php\\\/2022\\\/04\\\/08\\\/rukometni-svijet-oprasta-se-od-denisa-tota\\\/\",\"name\":\"Rukometni svijet opra\u0161ta se od Denisa Tota - RADIO LJUBU\u0160KI\",\"isPartOf\":{\"@id\":\"https:\\\/\\\/radioljubuski.ba\\\/#website\"},\"primaryImageOfPage\":{\"@id\":\"https:\\\/\\\/radioljubuski.ba\\\/index.php\\\/2022\\\/04\\\/08\\\/rukometni-svijet-oprasta-se-od-denisa-tota\\\/#primaryimage\"},\"image\":{\"@id\":\"https:\\\/\\\/radioljubuski.ba\\\/index.php\\\/2022\\\/04\\\/08\\\/rukometni-svijet-oprasta-se-od-denisa-tota\\\/#primaryimage\"},\"thumbnailUrl\":\"https:\\\/\\\/radioljubuski.ba\\\/wp-content\\\/uploads\\\/2022\\\/04\\\/original-1.jpeg\",\"datePublished\":\"2022-04-08T17:32:01+00:00\",\"dateModified\":\"2022-04-08T17:32:02+00:00\",\"breadcrumb\":{\"@id\":\"https:\\\/\\\/radioljubuski.ba\\\/index.php\\\/2022\\\/04\\\/08\\\/rukometni-svijet-oprasta-se-od-denisa-tota\\\/#breadcrumb\"},\"inLanguage\":\"hr\",\"potentialAction\":[{\"@type\":\"ReadAction\",\"target\":[\"https:\\\/\\\/radioljubuski.ba\\\/index.php\\\/2022\\\/04\\\/08\\\/rukometni-svijet-oprasta-se-od-denisa-tota\\\/\"]}]},{\"@type\":\"ImageObject\",\"inLanguage\":\"hr\",\"@id\":\"https:\\\/\\\/radioljubuski.ba\\\/index.php\\\/2022\\\/04\\\/08\\\/rukometni-svijet-oprasta-se-od-denisa-tota\\\/#primaryimage\",\"url\":\"https:\\\/\\\/radioljubuski.ba\\\/wp-content\\\/uploads\\\/2022\\\/04\\\/original-1.jpeg\",\"contentUrl\":\"https:\\\/\\\/radioljubuski.ba\\\/wp-content\\\/uploads\\\/2022\\\/04\\\/original-1.jpeg\",\"width\":692,\"height\":422},{\"@type\":\"BreadcrumbList\",\"@id\":\"https:\\\/\\\/radioljubuski.ba\\\/index.php\\\/2022\\\/04\\\/08\\\/rukometni-svijet-oprasta-se-od-denisa-tota\\\/#breadcrumb\",\"itemListElement\":[{\"@type\":\"ListItem\",\"position\":1,\"name\":\"Po\u010detna stranica\",\"item\":\"https:\\\/\\\/radioljubuski.ba\\\/\"},{\"@type\":\"ListItem\",\"position\":2,\"name\":\"Rukometni svijet opra\u0161ta se od Denisa Tota\"}]},{\"@type\":\"WebSite\",\"@id\":\"https:\\\/\\\/radioljubuski.ba\\\/#website\",\"url\":\"https:\\\/\\\/radioljubuski.ba\\\/\",\"name\":\"Radio Ljubu\u0161ki\",\"description\":\"Sun\u010dana frekvencija Hercegovine\",\"publisher\":{\"@id\":\"https:\\\/\\\/radioljubuski.ba\\\/#organization\"},\"potentialAction\":[{\"@type\":\"SearchAction\",\"target\":{\"@type\":\"EntryPoint\",\"urlTemplate\":\"https:\\\/\\\/radioljubuski.ba\\\/?s={search_term_string}\"},\"query-input\":{\"@type\":\"PropertyValueSpecification\",\"valueRequired\":true,\"valueName\":\"search_term_string\"}}],\"inLanguage\":\"hr\"},{\"@type\":\"Organization\",\"@id\":\"https:\\\/\\\/radioljubuski.ba\\\/#organization\",\"name\":\"Radio Ljubu\u0161ki\",\"url\":\"https:\\\/\\\/radioljubuski.ba\\\/\",\"logo\":{\"@type\":\"ImageObject\",\"inLanguage\":\"hr\",\"@id\":\"https:\\\/\\\/radioljubuski.ba\\\/#\\\/schema\\\/logo\\\/image\\\/\",\"url\":\"https:\\\/\\\/radioljubuski.ba\\\/wp-content\\\/uploads\\\/2021\\\/02\\\/cropped-Radio_Ljubuski_logo1.jpg\",\"contentUrl\":\"https:\\\/\\\/radioljubuski.ba\\\/wp-content\\\/uploads\\\/2021\\\/02\\\/cropped-Radio_Ljubuski_logo1.jpg\",\"width\":512,\"height\":512,\"caption\":\"Radio Ljubu\u0161ki\"},\"image\":{\"@id\":\"https:\\\/\\\/radioljubuski.ba\\\/#\\\/schema\\\/logo\\\/image\\\/\"},\"sameAs\":[\"https:\\\/\\\/www.facebook.com\\\/Radiio-Ljubuski-1490835324566332\",\"https:\\\/\\\/x.com\\\/radioljubuski\",\"https:\\\/\\\/hr.linkedin.com\\\/company\\\/radio-ljubuski\",\"https:\\\/\\\/www.youtube.com\\\/channel\\\/UCHYaeO_n0Db3tjNGudGpXyw\"]},{\"@type\":\"Person\",\"@id\":\"https:\\\/\\\/radioljubuski.ba\\\/#\\\/schema\\\/person\\\/19fc700381a780f69665d7956c469e3b\",\"name\":\"Radio Ljubu\u0161ki\"}]}<\/script>\n<!-- \/ Yoast SEO plugin. -->","yoast_head_json":{"title":"Rukometni svijet opra\u0161ta se od Denisa Tota - RADIO LJUBU\u0160KI","robots":{"index":"index","follow":"follow","max-snippet":"max-snippet:-1","max-image-preview":"max-image-preview:large","max-video-preview":"max-video-preview:-1"},"canonical":"https:\/\/radioljubuski.ba\/index.php\/2022\/04\/08\/rukometni-svijet-oprasta-se-od-denisa-tota\/","og_locale":"hr_HR","og_type":"article","og_title":"Rukometni svijet opra\u0161ta se od Denisa Tota - RADIO LJUBU\u0160KI","og_description":"Hrvatski 27-godi\u0161nji rukometa\u0161 Denis Tot preminuo je u skopskoj bolnici od posljedica sr\u010danog zastoja. Denis Tot je ro\u0111en u \u0110akovu, gdje je zapo\u010deo rukometnu karijeru i tamo igrao do 2015., kad je pre\u0161ao u \u0161panjolski Ademar Leon. Nakon sezone u \u0160panjolskoj vratio se u Hrvatsku, gdje je igrao za Pore\u010d i Bjelovar, a potom se [&hellip;]","og_url":"https:\/\/radioljubuski.ba\/index.php\/2022\/04\/08\/rukometni-svijet-oprasta-se-od-denisa-tota\/","og_site_name":"RADIO LJUBU\u0160KI","article_publisher":"https:\/\/www.facebook.com\/Radiio-Ljubuski-1490835324566332","article_published_time":"2022-04-08T17:32:01+00:00","article_modified_time":"2022-04-08T17:32:02+00:00","og_image":[{"width":692,"height":422,"url":"https:\/\/radioljubuski.ba\/wp-content\/uploads\/2022\/04\/original-1.jpeg","type":"image\/jpeg"}],"author":"Radio Ljubu\u0161ki","twitter_card":"summary_large_image","twitter_creator":"@radioljubuski","twitter_site":"@radioljubuski","twitter_misc":{"Napisao\/la":"Radio Ljubu\u0161ki","Procijenjeno vrijeme \u010ditanja":"2 minute"},"schema":{"@context":"https:\/\/schema.org","@graph":[{"@type":"Article","@id":"https:\/\/radioljubuski.ba\/index.php\/2022\/04\/08\/rukometni-svijet-oprasta-se-od-denisa-tota\/#article","isPartOf":{"@id":"https:\/\/radioljubuski.ba\/index.php\/2022\/04\/08\/rukometni-svijet-oprasta-se-od-denisa-tota\/"},"author":{"name":"Radio Ljubu\u0161ki","@id":"https:\/\/radioljubuski.ba\/#\/schema\/person\/19fc700381a780f69665d7956c469e3b"},"headline":"Rukometni svijet opra\u0161ta se od Denisa Tota","datePublished":"2022-04-08T17:32:01+00:00","dateModified":"2022-04-08T17:32:02+00:00","mainEntityOfPage":{"@id":"https:\/\/radioljubuski.ba\/index.php\/2022\/04\/08\/rukometni-svijet-oprasta-se-od-denisa-tota\/"},"wordCount":439,"publisher":{"@id":"https:\/\/radioljubuski.ba\/#organization"},"image":{"@id":"https:\/\/radioljubuski.ba\/index.php\/2022\/04\/08\/rukometni-svijet-oprasta-se-od-denisa-tota\/#primaryimage"},"thumbnailUrl":"https:\/\/radioljubuski.ba\/wp-content\/uploads\/2022\/04\/original-1.jpeg","articleSection":["\u0160port"],"inLanguage":"hr"},{"@type":"WebPage","@id":"https:\/\/radioljubuski.ba\/index.php\/2022\/04\/08\/rukometni-svijet-oprasta-se-od-denisa-tota\/","url":"https:\/\/radioljubuski.ba\/index.php\/2022\/04\/08\/rukometni-svijet-oprasta-se-od-denisa-tota\/","name":"Rukometni svijet opra\u0161ta se od Denisa Tota - RADIO LJUBU\u0160KI","isPartOf":{"@id":"https:\/\/radioljubuski.ba\/#website"},"primaryImageOfPage":{"@id":"https:\/\/radioljubuski.ba\/index.php\/2022\/04\/08\/rukometni-svijet-oprasta-se-od-denisa-tota\/#primaryimage"},"image":{"@id":"https:\/\/radioljubuski.ba\/index.php\/2022\/04\/08\/rukometni-svijet-oprasta-se-od-denisa-tota\/#primaryimage"},"thumbnailUrl":"https:\/\/radioljubuski.ba\/wp-content\/uploads\/2022\/04\/original-1.jpeg","datePublished":"2022-04-08T17:32:01+00:00","dateModified":"2022-04-08T17:32:02+00:00","breadcrumb":{"@id":"https:\/\/radioljubuski.ba\/index.php\/2022\/04\/08\/rukometni-svijet-oprasta-se-od-denisa-tota\/#breadcrumb"},"inLanguage":"hr","potentialAction":[{"@type":"ReadAction","target":["https:\/\/radioljubuski.ba\/index.php\/2022\/04\/08\/rukometni-svijet-oprasta-se-od-denisa-tota\/"]}]},{"@type":"ImageObject","inLanguage":"hr","@id":"https:\/\/radioljubuski.ba\/index.php\/2022\/04\/08\/rukometni-svijet-oprasta-se-od-denisa-tota\/#primaryimage","url":"https:\/\/radioljubuski.ba\/wp-content\/uploads\/2022\/04\/original-1.jpeg","contentUrl":"https:\/\/radioljubuski.ba\/wp-content\/uploads\/2022\/04\/original-1.jpeg","width":692,"height":422},{"@type":"BreadcrumbList","@id":"https:\/\/radioljubuski.ba\/index.php\/2022\/04\/08\/rukometni-svijet-oprasta-se-od-denisa-tota\/#breadcrumb","itemListElement":[{"@type":"ListItem","position":1,"name":"Po\u010detna stranica","item":"https:\/\/radioljubuski.ba\/"},{"@type":"ListItem","position":2,"name":"Rukometni svijet opra\u0161ta se od Denisa Tota"}]},{"@type":"WebSite","@id":"https:\/\/radioljubuski.ba\/#website","url":"https:\/\/radioljubuski.ba\/","name":"Radio Ljubu\u0161ki","description":"Sun\u010dana frekvencija Hercegovine","publisher":{"@id":"https:\/\/radioljubuski.ba\/#organization"},"potentialAction":[{"@type":"SearchAction","target":{"@type":"EntryPoint","urlTemplate":"https:\/\/radioljubuski.ba\/?s={search_term_string}"},"query-input":{"@type":"PropertyValueSpecification","valueRequired":true,"valueName":"search_term_string"}}],"inLanguage":"hr"},{"@type":"Organization","@id":"https:\/\/radioljubuski.ba\/#organization","name":"Radio Ljubu\u0161ki","url":"https:\/\/radioljubuski.ba\/","logo":{"@type":"ImageObject","inLanguage":"hr","@id":"https:\/\/radioljubuski.ba\/#\/schema\/logo\/image\/","url":"https:\/\/radioljubuski.ba\/wp-content\/uploads\/2021\/02\/cropped-Radio_Ljubuski_logo1.jpg","contentUrl":"https:\/\/radioljubuski.ba\/wp-content\/uploads\/2021\/02\/cropped-Radio_Ljubuski_logo1.jpg","width":512,"height":512,"caption":"Radio Ljubu\u0161ki"},"image":{"@id":"https:\/\/radioljubuski.ba\/#\/schema\/logo\/image\/"},"sameAs":["https:\/\/www.facebook.com\/Radiio-Ljubuski-1490835324566332","https:\/\/x.com\/radioljubuski","https:\/\/hr.linkedin.com\/company\/radio-ljubuski","https:\/\/www.youtube.com\/channel\/UCHYaeO_n0Db3tjNGudGpXyw"]},{"@type":"Person","@id":"https:\/\/radioljubuski.ba\/#\/schema\/person\/19fc700381a780f69665d7956c469e3b","name":"Radio Ljubu\u0161ki"}]}},"_links":{"self":[{"href":"https:\/\/radioljubuski.ba\/index.php\/wp-json\/wp\/v2\/posts\/130574","targetHints":{"allow":["GET"]}}],"collection":[{"href":"https:\/\/radioljubuski.ba\/index.php\/wp-json\/wp\/v2\/posts"}],"about":[{"href":"https:\/\/radioljubuski.ba\/index.php\/wp-json\/wp\/v2\/types\/post"}],"author":[{"embeddable":true,"href":"https:\/\/radioljubuski.ba\/index.php\/wp-json\/wp\/v2\/users\/2"}],"replies":[{"embeddable":true,"href":"https:\/\/radioljubuski.ba\/index.php\/wp-json\/wp\/v2\/comments?post=130574"}],"version-history":[{"count":1,"href":"https:\/\/radioljubuski.ba\/index.php\/wp-json\/wp\/v2\/posts\/130574\/revisions"}],"predecessor-version":[{"id":130576,"href":"https:\/\/radioljubuski.ba\/index.php\/wp-json\/wp\/v2\/posts\/130574\/revisions\/130576"}],"wp:featuredmedia":[{"embeddable":true,"href":"https:\/\/radioljubuski.ba\/index.php\/wp-json\/wp\/v2\/media\/130575"}],"wp:attachment":[{"href":"https:\/\/radioljubuski.ba\/index.php\/wp-json\/wp\/v2\/media?parent=130574"}],"wp:term":[{"taxonomy":"category","embeddable":true,"href":"https:\/\/radioljubuski.ba\/index.php\/wp-json\/wp\/v2\/categories?post=130574"},{"taxonomy":"post_tag","embeddable":true,"href":"https:\/\/radioljubuski.ba\/index.php\/wp-json\/wp\/v2\/tags?post=130574"}],"curies":[{"name":"wp","href":"https:\/\/api.w.org\/{rel}","templated":true}]}}