{"id":130577,"date":"2022-04-08T18:35:56","date_gmt":"2022-04-08T17:35:56","guid":{"rendered":"https:\/\/radioljubuski.ba\/?p=130577"},"modified":"2022-04-08T18:35:57","modified_gmt":"2022-04-08T17:35:57","slug":"treba-li-livaji-odmor-pa-zasto-real-ne-odmara-modrica","status":"publish","type":"post","link":"https:\/\/radioljubuski.ba\/index.php\/2022\/04\/08\/treba-li-livaji-odmor-pa-zasto-real-ne-odmara-modrica\/","title":{"rendered":"&#8220;Treba li Livaji odmor? Pa za\u0161to Real ne odmara Modri\u0107a&#8221;"},"content":{"rendered":"\n<p><strong>Hajduk u sklopu 30. kola Prve HNL do\u010dekuje \u0160ibenik na svom Poljudu. Vrlo va\u017ean susret u utrci za naslov najavio je trener Spli\u0107ana&nbsp;Valdas&nbsp;Dambrauskas.&nbsp;<\/strong><\/p>\n\n\n\n<p>&#8211; Situacija je dobra, nakon velike utakmice i napornog puta uvijek ima\u0161 igra\u010de kojima treba par dana vi\u0161e za oporavak. Svi osim&nbsp;<strong>Ferra&nbsp;<\/strong>su spremni i treniraju dobro.&nbsp;<\/p>\n\n\n\n<p><strong>Osje\u0107a li Hajduk pritisak:&nbsp;<\/strong><\/p>\n\n\n\n<p>&#8211; Ako pri\u010damo o pritisku, ja samo vidim priliku u ovih osam utakmica da se borimo za ne\u0161to. Kao i uvijek, sutra nam je najva\u017enija utakmica, tri boda nam mogu donijeti promjenu, u nedjelju igraju konkurenti i situacija se mo\u017ee promijeniti. Ovo nije ono \u0161to smo o\u010dekivali protiv Osijeka, trebali smo imati vi\u0161e prilika, ali imamo uspone i padove, ali mislim da je odgovor igra\u010da tijekom tjedna bio dobar. Vjerujem kako ova grupa ima budu\u0107nost. Nakon jedne utakmice koja nije zavr\u0161ila kako treba, o\u010dekujem da sutra poka\u017eemo drugo lice.&nbsp;<\/p>\n\n\n\n<p><strong>Do kraja treba sve pobijediti:<\/strong><\/p>\n\n\n\n<p>&#8211; Uvijek nastojimo igrati napada\u010dki, nekada je protivnik bolji od nas, nekad nas nadigraju, razumijem razo\u010daranje navija\u010da, kada pobje\u0111ujemo svi su sretni, kad gubimo svi su tu\u017eni. Kada pobijedimo protiv Lokomotive, onda super, euforija, kad odigramo 0:0 s Osijekom onda je katastrofa, ali poka\u017eite mi mom\u010dad koja stalno igra na visokoj razini.<\/p>\n\n\n\n<blockquote class=\"twitter-tweet\"><p lang=\"und\" dir=\"ltr\">[FOTO] Pripreme za utakmicu sa \u0160ibenikom \u2022 <a href=\"https:\/\/t.co\/YXMLCJzrcA\">https:\/\/t.co\/YXMLCJzrcA<\/a> <a href=\"https:\/\/twitter.com\/hashtag\/Hajduk?src=hash&amp;ref_src=twsrc%5Etfw\">#Hajduk<\/a> <a href=\"https:\/\/t.co\/7O9PiBbYK7\">pic.twitter.com\/7O9PiBbYK7<\/a><\/p>&mdash; HNK Hajduk Split (@hajduk) <a href=\"https:\/\/twitter.com\/hajduk\/status\/1511713136893702150?ref_src=twsrc%5Etfw\">April 6, 2022<\/a><\/blockquote> <script async src=\"https:\/\/platform.twitter.com\/widgets.js\" charset=\"utf-8\"><\/script>\n\n\n\n<p><strong>Lo\u0161a igra protiv Osijeka:<\/strong><\/p>\n\n\n\n<p>&#8211; Ponovo, svaka utakmica ima svoju pri\u010du, ovo \u0161to vidimo nije prvi put, ako analiziramo igru protiv Dinama, zavr\u0161ilo je 0:0, a Dinamo u prvom poluvremenu nije imao \u0161anse, je li to zna\u010di da bi mi trebali biti zadovoljni i osje\u0107ati se kao pobjednici. Ako zavr\u0161i 0:0, obje mom\u010dadi su uzele po bod, nema pobjednika. Rezultat je jedino bitan. Na\u0161a najve\u0107a gre\u0161ka je \u0161to nismo na\u0161li taj zavr\u0161ni pas da zabijemo.&nbsp;<\/p>\n\n\n\n<p><strong>O kadru:&nbsp;<\/strong><\/p>\n\n\n\n<p>&#8211; Imamo 20 plus igra\u010da, oni su predani, rade te\u0161ko, nekima nije lako, neki igraju vi\u0161e, neki manje, ovaj tjedan su posebno pokazali koliko se \u017eele boriti i to me raduje. Vjerujem igra\u010dima.&nbsp;<\/p>\n\n\n\n<p><strong>Trener \u0160ibenika najavio je da dolazi po tri boda:&nbsp;<\/strong><\/p>\n\n\n\n<p>&#8211; Nema trenera koji ka\u017ee da \u0107e igrati na remi, svi \u017eele pobjedu, ovo nisu prazne rije\u010di i svatko u ovoj ligi te mo\u017ee kazniti ako se opsuti\u0161.&nbsp;<\/p>\n\n\n\n<p><strong>Je li Livaji potreban odmor?<\/strong><\/p>\n\n\n\n<p>&#8211; Ovo je najte\u017ee pitanje, koliko on ima godina, pa on je u najboljoj formi, vo\u0111a tima, najbolji igra\u010d tima. Za\u0161to Real ne odmara Modri\u0107a, a ima 37 godina. Navija\u010di dolaze gledati Hajduk, ali i Livaju, ako je on spreman i zdrav, onda treba igrati.\u00a0<\/p>\n\n\n\n<iframe loading=\"lazy\" src=\"https:\/\/www.facebook.com\/plugins\/post.php?href=https%3A%2F%2Fwww.facebook.com%2Fhnkhajduk%2Fposts%2F7189257254482433&#038;show_text=true&#038;width=500\" width=\"500\" height=\"545\" style=\"border:none;overflow:hidden\" scrolling=\"no\" frameborder=\"0\" allowfullscreen=\"true\" allow=\"autoplay; clipboard-write; encrypted-media; picture-in-picture; web-share\"><\/iframe>\n\n\n\n<p>Izvor:hrt.hr<\/p>\n","protected":false},"excerpt":{"rendered":"<p>Hajduk u sklopu 30. kola Prve HNL do\u010dekuje \u0160ibenik na svom Poljudu. Vrlo va\u017ean susret u utrci za naslov najavio je trener Spli\u0107ana&nbsp;Valdas&nbsp;Dambrauskas.&nbsp; &#8211; Situacija je dobra, nakon velike utakmice i napornog puta uvijek ima\u0161 igra\u010de kojima treba par dana vi\u0161e za oporavak. Svi osim&nbsp;Ferra&nbsp;su spremni i treniraju dobro.&nbsp; Osje\u0107a li Hajduk pritisak:&nbsp; &#8211; Ako [&hellip;]<\/p>\n","protected":false},"author":2,"featured_media":95937,"comment_status":"closed","ping_status":"closed","sticky":false,"template":"","format":"standard","meta":{"h5ap_radio_sources":[],"footnotes":""},"categories":[7],"tags":[],"class_list":["post-130577","post","type-post","status-publish","format-standard","has-post-thumbnail","hentry","category-sport"],"yoast_head":"<!-- This site is optimized with the Yoast SEO plugin v27.5 - https:\/\/yoast.com\/product\/yoast-seo-wordpress\/ -->\n<title>&quot;Treba li Livaji odmor? Pa za\u0161to Real ne odmara Modri\u0107a&quot; - RADIO LJUBU\u0160KI<\/title>\n<meta name=\"robots\" content=\"index, follow, max-snippet:-1, max-image-preview:large, max-video-preview:-1\" \/>\n<link rel=\"canonical\" href=\"https:\/\/radioljubuski.ba\/index.php\/2022\/04\/08\/treba-li-livaji-odmor-pa-zasto-real-ne-odmara-modrica\/\" \/>\n<meta property=\"og:locale\" content=\"hr_HR\" \/>\n<meta property=\"og:type\" content=\"article\" \/>\n<meta property=\"og:title\" content=\"&quot;Treba li Livaji odmor? Pa za\u0161to Real ne odmara Modri\u0107a&quot; - RADIO LJUBU\u0160KI\" \/>\n<meta property=\"og:description\" content=\"Hajduk u sklopu 30. kola Prve HNL do\u010dekuje \u0160ibenik na svom Poljudu. Vrlo va\u017ean susret u utrci za naslov najavio je trener Spli\u0107ana&nbsp;Valdas&nbsp;Dambrauskas.&nbsp; &#8211; Situacija je dobra, nakon velike utakmice i napornog puta uvijek ima\u0161 igra\u010de kojima treba par dana vi\u0161e za oporavak. Svi osim&nbsp;Ferra&nbsp;su spremni i treniraju dobro.&nbsp; Osje\u0107a li Hajduk pritisak:&nbsp; &#8211; Ako [&hellip;]\" \/>\n<meta property=\"og:url\" content=\"https:\/\/radioljubuski.ba\/index.php\/2022\/04\/08\/treba-li-livaji-odmor-pa-zasto-real-ne-odmara-modrica\/\" \/>\n<meta property=\"og:site_name\" content=\"RADIO LJUBU\u0160KI\" \/>\n<meta property=\"article:publisher\" content=\"https:\/\/www.facebook.com\/Radiio-Ljubuski-1490835324566332\" \/>\n<meta property=\"article:published_time\" content=\"2022-04-08T17:35:56+00:00\" \/>\n<meta property=\"article:modified_time\" content=\"2022-04-08T17:35:57+00:00\" \/>\n<meta property=\"og:image\" content=\"https:\/\/radioljubuski.ba\/wp-content\/uploads\/2021\/12\/dambrauskas-valdas-20211204164018.jpg\" \/>\n\t<meta property=\"og:image:width\" content=\"1600\" \/>\n\t<meta property=\"og:image:height\" content=\"906\" \/>\n\t<meta property=\"og:image:type\" content=\"image\/jpeg\" \/>\n<meta name=\"author\" content=\"Radio Ljubu\u0161ki\" \/>\n<meta name=\"twitter:card\" content=\"summary_large_image\" \/>\n<meta name=\"twitter:creator\" content=\"@radioljubuski\" \/>\n<meta name=\"twitter:site\" content=\"@radioljubuski\" \/>\n<meta name=\"twitter:label1\" content=\"Napisao\/la\" \/>\n\t<meta name=\"twitter:data1\" content=\"Radio Ljubu\u0161ki\" \/>\n\t<meta name=\"twitter:label2\" content=\"Procijenjeno vrijeme \u010ditanja\" \/>\n\t<meta name=\"twitter:data2\" content=\"2 minute\" \/>\n<script type=\"application\/ld+json\" class=\"yoast-schema-graph\">{\"@context\":\"https:\\\/\\\/schema.org\",\"@graph\":[{\"@type\":\"Article\",\"@id\":\"https:\\\/\\\/radioljubuski.ba\\\/index.php\\\/2022\\\/04\\\/08\\\/treba-li-livaji-odmor-pa-zasto-real-ne-odmara-modrica\\\/#article\",\"isPartOf\":{\"@id\":\"https:\\\/\\\/radioljubuski.ba\\\/index.php\\\/2022\\\/04\\\/08\\\/treba-li-livaji-odmor-pa-zasto-real-ne-odmara-modrica\\\/\"},\"author\":{\"name\":\"Radio Ljubu\u0161ki\",\"@id\":\"https:\\\/\\\/radioljubuski.ba\\\/#\\\/schema\\\/person\\\/19fc700381a780f69665d7956c469e3b\"},\"headline\":\"&#8220;Treba li Livaji odmor? Pa za\u0161to Real ne odmara Modri\u0107a&#8221;\",\"datePublished\":\"2022-04-08T17:35:56+00:00\",\"dateModified\":\"2022-04-08T17:35:57+00:00\",\"mainEntityOfPage\":{\"@id\":\"https:\\\/\\\/radioljubuski.ba\\\/index.php\\\/2022\\\/04\\\/08\\\/treba-li-livaji-odmor-pa-zasto-real-ne-odmara-modrica\\\/\"},\"wordCount\":492,\"publisher\":{\"@id\":\"https:\\\/\\\/radioljubuski.ba\\\/#organization\"},\"image\":{\"@id\":\"https:\\\/\\\/radioljubuski.ba\\\/index.php\\\/2022\\\/04\\\/08\\\/treba-li-livaji-odmor-pa-zasto-real-ne-odmara-modrica\\\/#primaryimage\"},\"thumbnailUrl\":\"https:\\\/\\\/radioljubuski.ba\\\/wp-content\\\/uploads\\\/2021\\\/12\\\/dambrauskas-valdas-20211204164018.jpg\",\"articleSection\":[\"\u0160port\"],\"inLanguage\":\"hr\"},{\"@type\":\"WebPage\",\"@id\":\"https:\\\/\\\/radioljubuski.ba\\\/index.php\\\/2022\\\/04\\\/08\\\/treba-li-livaji-odmor-pa-zasto-real-ne-odmara-modrica\\\/\",\"url\":\"https:\\\/\\\/radioljubuski.ba\\\/index.php\\\/2022\\\/04\\\/08\\\/treba-li-livaji-odmor-pa-zasto-real-ne-odmara-modrica\\\/\",\"name\":\"\\\"Treba li Livaji odmor? Pa za\u0161to Real ne odmara Modri\u0107a\\\" - RADIO LJUBU\u0160KI\",\"isPartOf\":{\"@id\":\"https:\\\/\\\/radioljubuski.ba\\\/#website\"},\"primaryImageOfPage\":{\"@id\":\"https:\\\/\\\/radioljubuski.ba\\\/index.php\\\/2022\\\/04\\\/08\\\/treba-li-livaji-odmor-pa-zasto-real-ne-odmara-modrica\\\/#primaryimage\"},\"image\":{\"@id\":\"https:\\\/\\\/radioljubuski.ba\\\/index.php\\\/2022\\\/04\\\/08\\\/treba-li-livaji-odmor-pa-zasto-real-ne-odmara-modrica\\\/#primaryimage\"},\"thumbnailUrl\":\"https:\\\/\\\/radioljubuski.ba\\\/wp-content\\\/uploads\\\/2021\\\/12\\\/dambrauskas-valdas-20211204164018.jpg\",\"datePublished\":\"2022-04-08T17:35:56+00:00\",\"dateModified\":\"2022-04-08T17:35:57+00:00\",\"breadcrumb\":{\"@id\":\"https:\\\/\\\/radioljubuski.ba\\\/index.php\\\/2022\\\/04\\\/08\\\/treba-li-livaji-odmor-pa-zasto-real-ne-odmara-modrica\\\/#breadcrumb\"},\"inLanguage\":\"hr\",\"potentialAction\":[{\"@type\":\"ReadAction\",\"target\":[\"https:\\\/\\\/radioljubuski.ba\\\/index.php\\\/2022\\\/04\\\/08\\\/treba-li-livaji-odmor-pa-zasto-real-ne-odmara-modrica\\\/\"]}]},{\"@type\":\"ImageObject\",\"inLanguage\":\"hr\",\"@id\":\"https:\\\/\\\/radioljubuski.ba\\\/index.php\\\/2022\\\/04\\\/08\\\/treba-li-livaji-odmor-pa-zasto-real-ne-odmara-modrica\\\/#primaryimage\",\"url\":\"https:\\\/\\\/radioljubuski.ba\\\/wp-content\\\/uploads\\\/2021\\\/12\\\/dambrauskas-valdas-20211204164018.jpg\",\"contentUrl\":\"https:\\\/\\\/radioljubuski.ba\\\/wp-content\\\/uploads\\\/2021\\\/12\\\/dambrauskas-valdas-20211204164018.jpg\",\"width\":1600,\"height\":906,\"caption\":\"26.11.2021., Split - 17. kolo Hrvatski Telekom Prve HNL: Hajduk-Istra 1961.\"},{\"@type\":\"BreadcrumbList\",\"@id\":\"https:\\\/\\\/radioljubuski.ba\\\/index.php\\\/2022\\\/04\\\/08\\\/treba-li-livaji-odmor-pa-zasto-real-ne-odmara-modrica\\\/#breadcrumb\",\"itemListElement\":[{\"@type\":\"ListItem\",\"position\":1,\"name\":\"Po\u010detna stranica\",\"item\":\"https:\\\/\\\/radioljubuski.ba\\\/\"},{\"@type\":\"ListItem\",\"position\":2,\"name\":\"&#8220;Treba li Livaji odmor? Pa za\u0161to Real ne odmara Modri\u0107a&#8221;\"}]},{\"@type\":\"WebSite\",\"@id\":\"https:\\\/\\\/radioljubuski.ba\\\/#website\",\"url\":\"https:\\\/\\\/radioljubuski.ba\\\/\",\"name\":\"Radio Ljubu\u0161ki\",\"description\":\"Sun\u010dana frekvencija Hercegovine\",\"publisher\":{\"@id\":\"https:\\\/\\\/radioljubuski.ba\\\/#organization\"},\"potentialAction\":[{\"@type\":\"SearchAction\",\"target\":{\"@type\":\"EntryPoint\",\"urlTemplate\":\"https:\\\/\\\/radioljubuski.ba\\\/?s={search_term_string}\"},\"query-input\":{\"@type\":\"PropertyValueSpecification\",\"valueRequired\":true,\"valueName\":\"search_term_string\"}}],\"inLanguage\":\"hr\"},{\"@type\":\"Organization\",\"@id\":\"https:\\\/\\\/radioljubuski.ba\\\/#organization\",\"name\":\"Radio Ljubu\u0161ki\",\"url\":\"https:\\\/\\\/radioljubuski.ba\\\/\",\"logo\":{\"@type\":\"ImageObject\",\"inLanguage\":\"hr\",\"@id\":\"https:\\\/\\\/radioljubuski.ba\\\/#\\\/schema\\\/logo\\\/image\\\/\",\"url\":\"https:\\\/\\\/radioljubuski.ba\\\/wp-content\\\/uploads\\\/2021\\\/02\\\/cropped-Radio_Ljubuski_logo1.jpg\",\"contentUrl\":\"https:\\\/\\\/radioljubuski.ba\\\/wp-content\\\/uploads\\\/2021\\\/02\\\/cropped-Radio_Ljubuski_logo1.jpg\",\"width\":512,\"height\":512,\"caption\":\"Radio Ljubu\u0161ki\"},\"image\":{\"@id\":\"https:\\\/\\\/radioljubuski.ba\\\/#\\\/schema\\\/logo\\\/image\\\/\"},\"sameAs\":[\"https:\\\/\\\/www.facebook.com\\\/Radiio-Ljubuski-1490835324566332\",\"https:\\\/\\\/x.com\\\/radioljubuski\",\"https:\\\/\\\/hr.linkedin.com\\\/company\\\/radio-ljubuski\",\"https:\\\/\\\/www.youtube.com\\\/channel\\\/UCHYaeO_n0Db3tjNGudGpXyw\"]},{\"@type\":\"Person\",\"@id\":\"https:\\\/\\\/radioljubuski.ba\\\/#\\\/schema\\\/person\\\/19fc700381a780f69665d7956c469e3b\",\"name\":\"Radio Ljubu\u0161ki\"}]}<\/script>\n<!-- \/ Yoast SEO plugin. -->","yoast_head_json":{"title":"\"Treba li Livaji odmor? Pa za\u0161to Real ne odmara Modri\u0107a\" - RADIO LJUBU\u0160KI","robots":{"index":"index","follow":"follow","max-snippet":"max-snippet:-1","max-image-preview":"max-image-preview:large","max-video-preview":"max-video-preview:-1"},"canonical":"https:\/\/radioljubuski.ba\/index.php\/2022\/04\/08\/treba-li-livaji-odmor-pa-zasto-real-ne-odmara-modrica\/","og_locale":"hr_HR","og_type":"article","og_title":"\"Treba li Livaji odmor? Pa za\u0161to Real ne odmara Modri\u0107a\" - RADIO LJUBU\u0160KI","og_description":"Hajduk u sklopu 30. kola Prve HNL do\u010dekuje \u0160ibenik na svom Poljudu. Vrlo va\u017ean susret u utrci za naslov najavio je trener Spli\u0107ana&nbsp;Valdas&nbsp;Dambrauskas.&nbsp; &#8211; Situacija je dobra, nakon velike utakmice i napornog puta uvijek ima\u0161 igra\u010de kojima treba par dana vi\u0161e za oporavak. Svi osim&nbsp;Ferra&nbsp;su spremni i treniraju dobro.&nbsp; Osje\u0107a li Hajduk pritisak:&nbsp; &#8211; Ako [&hellip;]","og_url":"https:\/\/radioljubuski.ba\/index.php\/2022\/04\/08\/treba-li-livaji-odmor-pa-zasto-real-ne-odmara-modrica\/","og_site_name":"RADIO LJUBU\u0160KI","article_publisher":"https:\/\/www.facebook.com\/Radiio-Ljubuski-1490835324566332","article_published_time":"2022-04-08T17:35:56+00:00","article_modified_time":"2022-04-08T17:35:57+00:00","og_image":[{"width":1600,"height":906,"url":"https:\/\/radioljubuski.ba\/wp-content\/uploads\/2021\/12\/dambrauskas-valdas-20211204164018.jpg","type":"image\/jpeg"}],"author":"Radio Ljubu\u0161ki","twitter_card":"summary_large_image","twitter_creator":"@radioljubuski","twitter_site":"@radioljubuski","twitter_misc":{"Napisao\/la":"Radio Ljubu\u0161ki","Procijenjeno vrijeme \u010ditanja":"2 minute"},"schema":{"@context":"https:\/\/schema.org","@graph":[{"@type":"Article","@id":"https:\/\/radioljubuski.ba\/index.php\/2022\/04\/08\/treba-li-livaji-odmor-pa-zasto-real-ne-odmara-modrica\/#article","isPartOf":{"@id":"https:\/\/radioljubuski.ba\/index.php\/2022\/04\/08\/treba-li-livaji-odmor-pa-zasto-real-ne-odmara-modrica\/"},"author":{"name":"Radio Ljubu\u0161ki","@id":"https:\/\/radioljubuski.ba\/#\/schema\/person\/19fc700381a780f69665d7956c469e3b"},"headline":"&#8220;Treba li Livaji odmor? Pa za\u0161to Real ne odmara Modri\u0107a&#8221;","datePublished":"2022-04-08T17:35:56+00:00","dateModified":"2022-04-08T17:35:57+00:00","mainEntityOfPage":{"@id":"https:\/\/radioljubuski.ba\/index.php\/2022\/04\/08\/treba-li-livaji-odmor-pa-zasto-real-ne-odmara-modrica\/"},"wordCount":492,"publisher":{"@id":"https:\/\/radioljubuski.ba\/#organization"},"image":{"@id":"https:\/\/radioljubuski.ba\/index.php\/2022\/04\/08\/treba-li-livaji-odmor-pa-zasto-real-ne-odmara-modrica\/#primaryimage"},"thumbnailUrl":"https:\/\/radioljubuski.ba\/wp-content\/uploads\/2021\/12\/dambrauskas-valdas-20211204164018.jpg","articleSection":["\u0160port"],"inLanguage":"hr"},{"@type":"WebPage","@id":"https:\/\/radioljubuski.ba\/index.php\/2022\/04\/08\/treba-li-livaji-odmor-pa-zasto-real-ne-odmara-modrica\/","url":"https:\/\/radioljubuski.ba\/index.php\/2022\/04\/08\/treba-li-livaji-odmor-pa-zasto-real-ne-odmara-modrica\/","name":"\"Treba li Livaji odmor? Pa za\u0161to Real ne odmara Modri\u0107a\" - RADIO LJUBU\u0160KI","isPartOf":{"@id":"https:\/\/radioljubuski.ba\/#website"},"primaryImageOfPage":{"@id":"https:\/\/radioljubuski.ba\/index.php\/2022\/04\/08\/treba-li-livaji-odmor-pa-zasto-real-ne-odmara-modrica\/#primaryimage"},"image":{"@id":"https:\/\/radioljubuski.ba\/index.php\/2022\/04\/08\/treba-li-livaji-odmor-pa-zasto-real-ne-odmara-modrica\/#primaryimage"},"thumbnailUrl":"https:\/\/radioljubuski.ba\/wp-content\/uploads\/2021\/12\/dambrauskas-valdas-20211204164018.jpg","datePublished":"2022-04-08T17:35:56+00:00","dateModified":"2022-04-08T17:35:57+00:00","breadcrumb":{"@id":"https:\/\/radioljubuski.ba\/index.php\/2022\/04\/08\/treba-li-livaji-odmor-pa-zasto-real-ne-odmara-modrica\/#breadcrumb"},"inLanguage":"hr","potentialAction":[{"@type":"ReadAction","target":["https:\/\/radioljubuski.ba\/index.php\/2022\/04\/08\/treba-li-livaji-odmor-pa-zasto-real-ne-odmara-modrica\/"]}]},{"@type":"ImageObject","inLanguage":"hr","@id":"https:\/\/radioljubuski.ba\/index.php\/2022\/04\/08\/treba-li-livaji-odmor-pa-zasto-real-ne-odmara-modrica\/#primaryimage","url":"https:\/\/radioljubuski.ba\/wp-content\/uploads\/2021\/12\/dambrauskas-valdas-20211204164018.jpg","contentUrl":"https:\/\/radioljubuski.ba\/wp-content\/uploads\/2021\/12\/dambrauskas-valdas-20211204164018.jpg","width":1600,"height":906,"caption":"26.11.2021., Split - 17. kolo Hrvatski Telekom Prve HNL: Hajduk-Istra 1961."},{"@type":"BreadcrumbList","@id":"https:\/\/radioljubuski.ba\/index.php\/2022\/04\/08\/treba-li-livaji-odmor-pa-zasto-real-ne-odmara-modrica\/#breadcrumb","itemListElement":[{"@type":"ListItem","position":1,"name":"Po\u010detna stranica","item":"https:\/\/radioljubuski.ba\/"},{"@type":"ListItem","position":2,"name":"&#8220;Treba li Livaji odmor? Pa za\u0161to Real ne odmara Modri\u0107a&#8221;"}]},{"@type":"WebSite","@id":"https:\/\/radioljubuski.ba\/#website","url":"https:\/\/radioljubuski.ba\/","name":"Radio Ljubu\u0161ki","description":"Sun\u010dana frekvencija Hercegovine","publisher":{"@id":"https:\/\/radioljubuski.ba\/#organization"},"potentialAction":[{"@type":"SearchAction","target":{"@type":"EntryPoint","urlTemplate":"https:\/\/radioljubuski.ba\/?s={search_term_string}"},"query-input":{"@type":"PropertyValueSpecification","valueRequired":true,"valueName":"search_term_string"}}],"inLanguage":"hr"},{"@type":"Organization","@id":"https:\/\/radioljubuski.ba\/#organization","name":"Radio Ljubu\u0161ki","url":"https:\/\/radioljubuski.ba\/","logo":{"@type":"ImageObject","inLanguage":"hr","@id":"https:\/\/radioljubuski.ba\/#\/schema\/logo\/image\/","url":"https:\/\/radioljubuski.ba\/wp-content\/uploads\/2021\/02\/cropped-Radio_Ljubuski_logo1.jpg","contentUrl":"https:\/\/radioljubuski.ba\/wp-content\/uploads\/2021\/02\/cropped-Radio_Ljubuski_logo1.jpg","width":512,"height":512,"caption":"Radio Ljubu\u0161ki"},"image":{"@id":"https:\/\/radioljubuski.ba\/#\/schema\/logo\/image\/"},"sameAs":["https:\/\/www.facebook.com\/Radiio-Ljubuski-1490835324566332","https:\/\/x.com\/radioljubuski","https:\/\/hr.linkedin.com\/company\/radio-ljubuski","https:\/\/www.youtube.com\/channel\/UCHYaeO_n0Db3tjNGudGpXyw"]},{"@type":"Person","@id":"https:\/\/radioljubuski.ba\/#\/schema\/person\/19fc700381a780f69665d7956c469e3b","name":"Radio Ljubu\u0161ki"}]}},"_links":{"self":[{"href":"https:\/\/radioljubuski.ba\/index.php\/wp-json\/wp\/v2\/posts\/130577","targetHints":{"allow":["GET"]}}],"collection":[{"href":"https:\/\/radioljubuski.ba\/index.php\/wp-json\/wp\/v2\/posts"}],"about":[{"href":"https:\/\/radioljubuski.ba\/index.php\/wp-json\/wp\/v2\/types\/post"}],"author":[{"embeddable":true,"href":"https:\/\/radioljubuski.ba\/index.php\/wp-json\/wp\/v2\/users\/2"}],"replies":[{"embeddable":true,"href":"https:\/\/radioljubuski.ba\/index.php\/wp-json\/wp\/v2\/comments?post=130577"}],"version-history":[{"count":1,"href":"https:\/\/radioljubuski.ba\/index.php\/wp-json\/wp\/v2\/posts\/130577\/revisions"}],"predecessor-version":[{"id":130578,"href":"https:\/\/radioljubuski.ba\/index.php\/wp-json\/wp\/v2\/posts\/130577\/revisions\/130578"}],"wp:featuredmedia":[{"embeddable":true,"href":"https:\/\/radioljubuski.ba\/index.php\/wp-json\/wp\/v2\/media\/95937"}],"wp:attachment":[{"href":"https:\/\/radioljubuski.ba\/index.php\/wp-json\/wp\/v2\/media?parent=130577"}],"wp:term":[{"taxonomy":"category","embeddable":true,"href":"https:\/\/radioljubuski.ba\/index.php\/wp-json\/wp\/v2\/categories?post=130577"},{"taxonomy":"post_tag","embeddable":true,"href":"https:\/\/radioljubuski.ba\/index.php\/wp-json\/wp\/v2\/tags?post=130577"}],"curies":[{"name":"wp","href":"https:\/\/api.w.org\/{rel}","templated":true}]}}