{"id":130597,"date":"2022-04-08T18:49:18","date_gmt":"2022-04-08T17:49:18","guid":{"rendered":"https:\/\/radioljubuski.ba\/?p=130597"},"modified":"2022-04-08T18:49:19","modified_gmt":"2022-04-08T17:49:19","slug":"u-srbiji-i-danas-cijena-goriva-smanjena-samo-ne-u-bih","status":"publish","type":"post","link":"https:\/\/radioljubuski.ba\/index.php\/2022\/04\/08\/u-srbiji-i-danas-cijena-goriva-smanjena-samo-ne-u-bih\/","title":{"rendered":"U Srbiji i danas cijena goriva smanjena, samo ne u BiH"},"content":{"rendered":"\n<p>Na stranici Ministarstva trgovine Srbije objavljeno je da \u0107e nove cijene goriva biti u upotrebi na benzinskim crpkama od petka, 8. travnja, u 15 sati.<\/p>\n\n\n\n<p>Kada je u pitanju gorivo na crpkama do\u0107i \u0107e do pojeftinjenja u odnosu na pro\u0161li tjedan. Tako da litar Euodizela sada ko\u0161ta 196,40 dinara (3,25 KM), a BMB premijum 95 174,20 dinara (2,89 KM).<\/p>\n\n\n\n<p>Pro\u0161log tjedna zabilje\u017eeno je poskupljenje, po\u0161to je litar Eurodizela ko\u0161tao 197 dinara (3,27 KM), a BMB 95 premijum imao je cijenu od 175 dinara za litar (2,90 KM).<\/p>\n\n\n\n<p>Benzinske crpke, kako je predvi\u0111eno uredbom, du\u017ene su da maloprodajne cijene goriva Euodizel i Euro premijum BMB 95 nezavisno od toga da li su poskupjele ili pojeftinile, i koje ne smiju biti vi\u0161e od najvi\u0161ih maloprodajnih cijena utvr\u0111enih od strane Ministarstva trgovine Srbije, primjene odmah po objavljivanju na slu\u017ebenoj internet stranici Ministarstva trgovine Srbije.<\/p>\n\n\n\n<p>Ove \u0107e cijene goriva u Srbiji va\u017eiti do 30. travnja.<\/p>\n\n\n\n<p><br>S druge strane, u Bosni i Hercegovini od nedjelje, 3. travnja, nema pojeftinjenja goriva. Tada je do\u0161la informacija da je gorivo jeftinije za pet feninga.<\/p>\n\n\n\n<p>Zanimljivo, po\u010detkom travnja samo na jednoj crpki u Sarajevu je litar dizela bila ispod 3 marke, i iznosio je 2,96 KM, pi\u0161e Radio Sarajevo.&nbsp;<\/p>\n\n\n\n<p>Cijene litre dizela se i dalje visoko dr\u017ee, pa je najve\u0107a danas &#8211; 3,36 KM.<\/p>\n\n\n\n<p>Super 98 se i danas kre\u0107e od 2,66 KM do 3,26 KM.&nbsp;<\/p>\n\n\n\n<p>Iako cijena barela na ameri\u010dkom tr\u017ei\u0161tu svakodnevno pada i u petak, 8. travnja, iznosio 106 ameri\u010dkih dolara, na crpkama u BiH jo\u0161 nije do\u0161lo do ve\u0107eg pada cijena.<\/p>\n\n\n\n<p>Raspon maloprodajnih cijena naftnih derivata 8. travnja u Federaciji BiH bio je sljede\u0107i:<\/p>\n\n\n\n<p>&#8211; Premium bezolovni benzin 95, BAS EN 228 \u2013 BMB 95 iznosi od 2,86 do 3,16 KM\/litru;<br>&#8211; Dizel BAS EN 590 (10 ppm) iznosi od 3,11 do 3,36 KM\/litru.<\/p>\n\n\n\n<p>Izvor:radiosarajevo.ba<\/p>\n","protected":false},"excerpt":{"rendered":"<p>Na stranici Ministarstva trgovine Srbije objavljeno je da \u0107e nove cijene goriva biti u upotrebi na benzinskim crpkama od petka, 8. travnja, u 15 sati. Kada je u pitanju gorivo na crpkama do\u0107i \u0107e do pojeftinjenja u odnosu na pro\u0161li tjedan. Tako da litar Euodizela sada ko\u0161ta 196,40 dinara (3,25 KM), a BMB premijum 95 [&hellip;]<\/p>\n","protected":false},"author":2,"featured_media":0,"comment_status":"closed","ping_status":"closed","sticky":false,"template":"","format":"standard","meta":{"h5ap_radio_sources":[],"footnotes":""},"categories":[1],"tags":[],"class_list":["post-130597","post","type-post","status-publish","format-standard","hentry","category-bihiregija"],"yoast_head":"<!-- This site is optimized with the Yoast SEO plugin v27.5 - https:\/\/yoast.com\/product\/yoast-seo-wordpress\/ -->\n<title>U Srbiji i danas cijena goriva smanjena, samo ne u BiH - RADIO LJUBU\u0160KI<\/title>\n<meta name=\"robots\" content=\"index, follow, max-snippet:-1, max-image-preview:large, max-video-preview:-1\" \/>\n<link rel=\"canonical\" href=\"https:\/\/radioljubuski.ba\/index.php\/2022\/04\/08\/u-srbiji-i-danas-cijena-goriva-smanjena-samo-ne-u-bih\/\" \/>\n<meta property=\"og:locale\" content=\"hr_HR\" \/>\n<meta property=\"og:type\" content=\"article\" \/>\n<meta property=\"og:title\" content=\"U Srbiji i danas cijena goriva smanjena, samo ne u BiH - RADIO LJUBU\u0160KI\" \/>\n<meta property=\"og:description\" content=\"Na stranici Ministarstva trgovine Srbije objavljeno je da \u0107e nove cijene goriva biti u upotrebi na benzinskim crpkama od petka, 8. travnja, u 15 sati. Kada je u pitanju gorivo na crpkama do\u0107i \u0107e do pojeftinjenja u odnosu na pro\u0161li tjedan. Tako da litar Euodizela sada ko\u0161ta 196,40 dinara (3,25 KM), a BMB premijum 95 [&hellip;]\" \/>\n<meta property=\"og:url\" content=\"https:\/\/radioljubuski.ba\/index.php\/2022\/04\/08\/u-srbiji-i-danas-cijena-goriva-smanjena-samo-ne-u-bih\/\" \/>\n<meta property=\"og:site_name\" content=\"RADIO LJUBU\u0160KI\" \/>\n<meta property=\"article:publisher\" content=\"https:\/\/www.facebook.com\/Radiio-Ljubuski-1490835324566332\" \/>\n<meta property=\"article:published_time\" content=\"2022-04-08T17:49:18+00:00\" \/>\n<meta property=\"article:modified_time\" content=\"2022-04-08T17:49:19+00:00\" \/>\n<meta property=\"og:image\" content=\"https:\/\/radioljubuski.ba\/wp-content\/uploads\/2021\/06\/t2sluIpK_gorivo_pumpa_crpka_800x445.jpg\" \/>\n\t<meta property=\"og:image:width\" content=\"1000\" \/>\n\t<meta property=\"og:image:height\" content=\"625\" \/>\n\t<meta property=\"og:image:type\" content=\"image\/jpeg\" \/>\n<meta name=\"author\" content=\"Radio Ljubu\u0161ki\" \/>\n<meta name=\"twitter:card\" content=\"summary_large_image\" \/>\n<meta name=\"twitter:creator\" content=\"@radioljubuski\" \/>\n<meta name=\"twitter:site\" content=\"@radioljubuski\" \/>\n<meta name=\"twitter:label1\" content=\"Napisao\/la\" \/>\n\t<meta name=\"twitter:data1\" content=\"Radio Ljubu\u0161ki\" \/>\n\t<meta name=\"twitter:label2\" content=\"Procijenjeno vrijeme \u010ditanja\" \/>\n\t<meta name=\"twitter:data2\" content=\"2 minute\" \/>\n<script type=\"application\/ld+json\" class=\"yoast-schema-graph\">{\"@context\":\"https:\\\/\\\/schema.org\",\"@graph\":[{\"@type\":\"Article\",\"@id\":\"https:\\\/\\\/radioljubuski.ba\\\/index.php\\\/2022\\\/04\\\/08\\\/u-srbiji-i-danas-cijena-goriva-smanjena-samo-ne-u-bih\\\/#article\",\"isPartOf\":{\"@id\":\"https:\\\/\\\/radioljubuski.ba\\\/index.php\\\/2022\\\/04\\\/08\\\/u-srbiji-i-danas-cijena-goriva-smanjena-samo-ne-u-bih\\\/\"},\"author\":{\"name\":\"Radio Ljubu\u0161ki\",\"@id\":\"https:\\\/\\\/radioljubuski.ba\\\/#\\\/schema\\\/person\\\/19fc700381a780f69665d7956c469e3b\"},\"headline\":\"U Srbiji i danas cijena goriva smanjena, samo ne u BiH\",\"datePublished\":\"2022-04-08T17:49:18+00:00\",\"dateModified\":\"2022-04-08T17:49:19+00:00\",\"mainEntityOfPage\":{\"@id\":\"https:\\\/\\\/radioljubuski.ba\\\/index.php\\\/2022\\\/04\\\/08\\\/u-srbiji-i-danas-cijena-goriva-smanjena-samo-ne-u-bih\\\/\"},\"wordCount\":309,\"publisher\":{\"@id\":\"https:\\\/\\\/radioljubuski.ba\\\/#organization\"},\"articleSection\":[\"BIH i regija\"],\"inLanguage\":\"hr\"},{\"@type\":\"WebPage\",\"@id\":\"https:\\\/\\\/radioljubuski.ba\\\/index.php\\\/2022\\\/04\\\/08\\\/u-srbiji-i-danas-cijena-goriva-smanjena-samo-ne-u-bih\\\/\",\"url\":\"https:\\\/\\\/radioljubuski.ba\\\/index.php\\\/2022\\\/04\\\/08\\\/u-srbiji-i-danas-cijena-goriva-smanjena-samo-ne-u-bih\\\/\",\"name\":\"U Srbiji i danas cijena goriva smanjena, samo ne u BiH - RADIO LJUBU\u0160KI\",\"isPartOf\":{\"@id\":\"https:\\\/\\\/radioljubuski.ba\\\/#website\"},\"datePublished\":\"2022-04-08T17:49:18+00:00\",\"dateModified\":\"2022-04-08T17:49:19+00:00\",\"breadcrumb\":{\"@id\":\"https:\\\/\\\/radioljubuski.ba\\\/index.php\\\/2022\\\/04\\\/08\\\/u-srbiji-i-danas-cijena-goriva-smanjena-samo-ne-u-bih\\\/#breadcrumb\"},\"inLanguage\":\"hr\",\"potentialAction\":[{\"@type\":\"ReadAction\",\"target\":[\"https:\\\/\\\/radioljubuski.ba\\\/index.php\\\/2022\\\/04\\\/08\\\/u-srbiji-i-danas-cijena-goriva-smanjena-samo-ne-u-bih\\\/\"]}]},{\"@type\":\"BreadcrumbList\",\"@id\":\"https:\\\/\\\/radioljubuski.ba\\\/index.php\\\/2022\\\/04\\\/08\\\/u-srbiji-i-danas-cijena-goriva-smanjena-samo-ne-u-bih\\\/#breadcrumb\",\"itemListElement\":[{\"@type\":\"ListItem\",\"position\":1,\"name\":\"Po\u010detna stranica\",\"item\":\"https:\\\/\\\/radioljubuski.ba\\\/\"},{\"@type\":\"ListItem\",\"position\":2,\"name\":\"U Srbiji i danas cijena goriva smanjena, samo ne u BiH\"}]},{\"@type\":\"WebSite\",\"@id\":\"https:\\\/\\\/radioljubuski.ba\\\/#website\",\"url\":\"https:\\\/\\\/radioljubuski.ba\\\/\",\"name\":\"Radio Ljubu\u0161ki\",\"description\":\"Sun\u010dana frekvencija Hercegovine\",\"publisher\":{\"@id\":\"https:\\\/\\\/radioljubuski.ba\\\/#organization\"},\"potentialAction\":[{\"@type\":\"SearchAction\",\"target\":{\"@type\":\"EntryPoint\",\"urlTemplate\":\"https:\\\/\\\/radioljubuski.ba\\\/?s={search_term_string}\"},\"query-input\":{\"@type\":\"PropertyValueSpecification\",\"valueRequired\":true,\"valueName\":\"search_term_string\"}}],\"inLanguage\":\"hr\"},{\"@type\":\"Organization\",\"@id\":\"https:\\\/\\\/radioljubuski.ba\\\/#organization\",\"name\":\"Radio Ljubu\u0161ki\",\"url\":\"https:\\\/\\\/radioljubuski.ba\\\/\",\"logo\":{\"@type\":\"ImageObject\",\"inLanguage\":\"hr\",\"@id\":\"https:\\\/\\\/radioljubuski.ba\\\/#\\\/schema\\\/logo\\\/image\\\/\",\"url\":\"https:\\\/\\\/radioljubuski.ba\\\/wp-content\\\/uploads\\\/2021\\\/02\\\/cropped-Radio_Ljubuski_logo1.jpg\",\"contentUrl\":\"https:\\\/\\\/radioljubuski.ba\\\/wp-content\\\/uploads\\\/2021\\\/02\\\/cropped-Radio_Ljubuski_logo1.jpg\",\"width\":512,\"height\":512,\"caption\":\"Radio Ljubu\u0161ki\"},\"image\":{\"@id\":\"https:\\\/\\\/radioljubuski.ba\\\/#\\\/schema\\\/logo\\\/image\\\/\"},\"sameAs\":[\"https:\\\/\\\/www.facebook.com\\\/Radiio-Ljubuski-1490835324566332\",\"https:\\\/\\\/x.com\\\/radioljubuski\",\"https:\\\/\\\/hr.linkedin.com\\\/company\\\/radio-ljubuski\",\"https:\\\/\\\/www.youtube.com\\\/channel\\\/UCHYaeO_n0Db3tjNGudGpXyw\"]},{\"@type\":\"Person\",\"@id\":\"https:\\\/\\\/radioljubuski.ba\\\/#\\\/schema\\\/person\\\/19fc700381a780f69665d7956c469e3b\",\"name\":\"Radio Ljubu\u0161ki\"}]}<\/script>\n<!-- \/ Yoast SEO plugin. -->","yoast_head_json":{"title":"U Srbiji i danas cijena goriva smanjena, samo ne u BiH - RADIO LJUBU\u0160KI","robots":{"index":"index","follow":"follow","max-snippet":"max-snippet:-1","max-image-preview":"max-image-preview:large","max-video-preview":"max-video-preview:-1"},"canonical":"https:\/\/radioljubuski.ba\/index.php\/2022\/04\/08\/u-srbiji-i-danas-cijena-goriva-smanjena-samo-ne-u-bih\/","og_locale":"hr_HR","og_type":"article","og_title":"U Srbiji i danas cijena goriva smanjena, samo ne u BiH - RADIO LJUBU\u0160KI","og_description":"Na stranici Ministarstva trgovine Srbije objavljeno je da \u0107e nove cijene goriva biti u upotrebi na benzinskim crpkama od petka, 8. travnja, u 15 sati. Kada je u pitanju gorivo na crpkama do\u0107i \u0107e do pojeftinjenja u odnosu na pro\u0161li tjedan. Tako da litar Euodizela sada ko\u0161ta 196,40 dinara (3,25 KM), a BMB premijum 95 [&hellip;]","og_url":"https:\/\/radioljubuski.ba\/index.php\/2022\/04\/08\/u-srbiji-i-danas-cijena-goriva-smanjena-samo-ne-u-bih\/","og_site_name":"RADIO LJUBU\u0160KI","article_publisher":"https:\/\/www.facebook.com\/Radiio-Ljubuski-1490835324566332","article_published_time":"2022-04-08T17:49:18+00:00","article_modified_time":"2022-04-08T17:49:19+00:00","og_image":[{"width":1000,"height":625,"url":"https:\/\/radioljubuski.ba\/wp-content\/uploads\/2021\/06\/t2sluIpK_gorivo_pumpa_crpka_800x445.jpg","type":"image\/jpeg"}],"author":"Radio Ljubu\u0161ki","twitter_card":"summary_large_image","twitter_creator":"@radioljubuski","twitter_site":"@radioljubuski","twitter_misc":{"Napisao\/la":"Radio Ljubu\u0161ki","Procijenjeno vrijeme \u010ditanja":"2 minute"},"schema":{"@context":"https:\/\/schema.org","@graph":[{"@type":"Article","@id":"https:\/\/radioljubuski.ba\/index.php\/2022\/04\/08\/u-srbiji-i-danas-cijena-goriva-smanjena-samo-ne-u-bih\/#article","isPartOf":{"@id":"https:\/\/radioljubuski.ba\/index.php\/2022\/04\/08\/u-srbiji-i-danas-cijena-goriva-smanjena-samo-ne-u-bih\/"},"author":{"name":"Radio Ljubu\u0161ki","@id":"https:\/\/radioljubuski.ba\/#\/schema\/person\/19fc700381a780f69665d7956c469e3b"},"headline":"U Srbiji i danas cijena goriva smanjena, samo ne u BiH","datePublished":"2022-04-08T17:49:18+00:00","dateModified":"2022-04-08T17:49:19+00:00","mainEntityOfPage":{"@id":"https:\/\/radioljubuski.ba\/index.php\/2022\/04\/08\/u-srbiji-i-danas-cijena-goriva-smanjena-samo-ne-u-bih\/"},"wordCount":309,"publisher":{"@id":"https:\/\/radioljubuski.ba\/#organization"},"articleSection":["BIH i regija"],"inLanguage":"hr"},{"@type":"WebPage","@id":"https:\/\/radioljubuski.ba\/index.php\/2022\/04\/08\/u-srbiji-i-danas-cijena-goriva-smanjena-samo-ne-u-bih\/","url":"https:\/\/radioljubuski.ba\/index.php\/2022\/04\/08\/u-srbiji-i-danas-cijena-goriva-smanjena-samo-ne-u-bih\/","name":"U Srbiji i danas cijena goriva smanjena, samo ne u BiH - RADIO LJUBU\u0160KI","isPartOf":{"@id":"https:\/\/radioljubuski.ba\/#website"},"datePublished":"2022-04-08T17:49:18+00:00","dateModified":"2022-04-08T17:49:19+00:00","breadcrumb":{"@id":"https:\/\/radioljubuski.ba\/index.php\/2022\/04\/08\/u-srbiji-i-danas-cijena-goriva-smanjena-samo-ne-u-bih\/#breadcrumb"},"inLanguage":"hr","potentialAction":[{"@type":"ReadAction","target":["https:\/\/radioljubuski.ba\/index.php\/2022\/04\/08\/u-srbiji-i-danas-cijena-goriva-smanjena-samo-ne-u-bih\/"]}]},{"@type":"BreadcrumbList","@id":"https:\/\/radioljubuski.ba\/index.php\/2022\/04\/08\/u-srbiji-i-danas-cijena-goriva-smanjena-samo-ne-u-bih\/#breadcrumb","itemListElement":[{"@type":"ListItem","position":1,"name":"Po\u010detna stranica","item":"https:\/\/radioljubuski.ba\/"},{"@type":"ListItem","position":2,"name":"U Srbiji i danas cijena goriva smanjena, samo ne u BiH"}]},{"@type":"WebSite","@id":"https:\/\/radioljubuski.ba\/#website","url":"https:\/\/radioljubuski.ba\/","name":"Radio Ljubu\u0161ki","description":"Sun\u010dana frekvencija Hercegovine","publisher":{"@id":"https:\/\/radioljubuski.ba\/#organization"},"potentialAction":[{"@type":"SearchAction","target":{"@type":"EntryPoint","urlTemplate":"https:\/\/radioljubuski.ba\/?s={search_term_string}"},"query-input":{"@type":"PropertyValueSpecification","valueRequired":true,"valueName":"search_term_string"}}],"inLanguage":"hr"},{"@type":"Organization","@id":"https:\/\/radioljubuski.ba\/#organization","name":"Radio Ljubu\u0161ki","url":"https:\/\/radioljubuski.ba\/","logo":{"@type":"ImageObject","inLanguage":"hr","@id":"https:\/\/radioljubuski.ba\/#\/schema\/logo\/image\/","url":"https:\/\/radioljubuski.ba\/wp-content\/uploads\/2021\/02\/cropped-Radio_Ljubuski_logo1.jpg","contentUrl":"https:\/\/radioljubuski.ba\/wp-content\/uploads\/2021\/02\/cropped-Radio_Ljubuski_logo1.jpg","width":512,"height":512,"caption":"Radio Ljubu\u0161ki"},"image":{"@id":"https:\/\/radioljubuski.ba\/#\/schema\/logo\/image\/"},"sameAs":["https:\/\/www.facebook.com\/Radiio-Ljubuski-1490835324566332","https:\/\/x.com\/radioljubuski","https:\/\/hr.linkedin.com\/company\/radio-ljubuski","https:\/\/www.youtube.com\/channel\/UCHYaeO_n0Db3tjNGudGpXyw"]},{"@type":"Person","@id":"https:\/\/radioljubuski.ba\/#\/schema\/person\/19fc700381a780f69665d7956c469e3b","name":"Radio Ljubu\u0161ki"}]}},"_links":{"self":[{"href":"https:\/\/radioljubuski.ba\/index.php\/wp-json\/wp\/v2\/posts\/130597","targetHints":{"allow":["GET"]}}],"collection":[{"href":"https:\/\/radioljubuski.ba\/index.php\/wp-json\/wp\/v2\/posts"}],"about":[{"href":"https:\/\/radioljubuski.ba\/index.php\/wp-json\/wp\/v2\/types\/post"}],"author":[{"embeddable":true,"href":"https:\/\/radioljubuski.ba\/index.php\/wp-json\/wp\/v2\/users\/2"}],"replies":[{"embeddable":true,"href":"https:\/\/radioljubuski.ba\/index.php\/wp-json\/wp\/v2\/comments?post=130597"}],"version-history":[{"count":1,"href":"https:\/\/radioljubuski.ba\/index.php\/wp-json\/wp\/v2\/posts\/130597\/revisions"}],"predecessor-version":[{"id":130598,"href":"https:\/\/radioljubuski.ba\/index.php\/wp-json\/wp\/v2\/posts\/130597\/revisions\/130598"}],"wp:attachment":[{"href":"https:\/\/radioljubuski.ba\/index.php\/wp-json\/wp\/v2\/media?parent=130597"}],"wp:term":[{"taxonomy":"category","embeddable":true,"href":"https:\/\/radioljubuski.ba\/index.php\/wp-json\/wp\/v2\/categories?post=130597"},{"taxonomy":"post_tag","embeddable":true,"href":"https:\/\/radioljubuski.ba\/index.php\/wp-json\/wp\/v2\/tags?post=130597"}],"curies":[{"name":"wp","href":"https:\/\/api.w.org\/{rel}","templated":true}]}}