{"id":13060,"date":"2021-04-15T00:14:32","date_gmt":"2021-04-14T23:14:32","guid":{"rendered":"https:\/\/radioljubuski.ba\/?p=13060"},"modified":"2021-04-15T00:14:33","modified_gmt":"2021-04-14T23:14:33","slug":"real-sacuvao-mrezu-u-liverpoolu-i-prosao-u-polufinale","status":"publish","type":"post","link":"https:\/\/radioljubuski.ba\/index.php\/2021\/04\/15\/real-sacuvao-mrezu-u-liverpoolu-i-prosao-u-polufinale\/","title":{"rendered":"Real sa\u010duvao mre\u017eu u Liverpoolu i pro\u0161ao u polufinale"},"content":{"rendered":"\n<p><strong>Nogometa\u0161i Real Madrida obranili su u Liverpoolu dva pogotka prednosti iz madridskog dvoboja \u010detvrtfinala Lige prvaka odigrav\u0161i na Anfieldu utakmicu bez pogodaka te \u0107e protiv Chelseaja tra\u017eiti put prema jo\u0161 jednom finalu.<\/strong><\/p>\n\n\n\n<p><strong>Luka Modri\u0107&nbsp;<\/strong>je odigrao cijelu utakmicu i uglavnom bio usredoto\u010den na svoje obrambene zadatke koje je obavio besprijekorno te s &#8220;kraljevskim klubom&#8221; po sedmi put do\u0161ao do polufinala Lige prvaka.<br><br><\/p>\n\n\n\n<p>No, dvoboj je Anfieldu mogao je imati potpuno druga\u010diji zaplet, mo\u017eda i rasplet da je doma\u0107a mom\u010dad imala raspolo\u017eenije strijelce.<br><br><\/p>\n\n\n\n<p><strong>Kloppovi<\/strong>&nbsp;izabranici mogli su imati otvaranje iz snova da je na isteku druge minute&nbsp;<strong>Mohamed Salah<\/strong>&nbsp;uspio pogoditi mre\u017eu iz srca kaznenog prostora, ali je njegov udarac i\u0161ao po sredini gola, gdje se na\u0161la i ispru\u017eena noga Realova vratara&nbsp;<strong>Thibauta Courtoisa<\/strong>.<br><br><\/p>\n\n\n\n<p>Belgijski \u010duvar mre\u017ee &#8220;kraljevskog kluba&#8221; je time najavio svoju veliku ve\u010der, a potvrdio ve\u0107 devet minuta poslije, kad je iz lijevih &#8216;ra\u0161lji&#8217; izvukao udarac&nbsp;<strong>Jamesa Milnera<\/strong>&nbsp;s ruba kaznenog prostora.<br><br><\/p>\n\n\n\n<p>Real je bio svjestan svoje prednosti i nije se pretjerano trudio prijetiti&nbsp;<strong>Alissonu Beckeru<\/strong>, ali je u 20. minuti \u010duvar Liverpoolovih vrata umalo bio svladan.&nbsp;<strong>Karim Benzema<\/strong>&nbsp;je bio u kontranapadu, a kad je zakora\u010dio u \u0161esnaesterac poku\u0161ao je proslijediti loptu u sredinu. Brani\u010d LIverpoola na\u0161ao se u bloku, a od njegove noge lopta se odbila i pogodila vratnicu.<br><br><\/p>\n\n\n\n<p>Kako je otvorio, Liverpool je na isti na\u010din i zatvorio prvo poluvrijeme. Salah je u 41. minuti prebacio gredu, a samo minutu poslije je Wijnaldum na povratnu loptu Trenta Alexander-Arnolda sa desetak metara pucao visoko preko vrata.<\/p>\n\n\n\n<p>U drugom poluvremenu je LIverpool ve\u0107 u prvoj minuti ponovno zaprijetio preko&nbsp;<strong>Firmina<\/strong>, ali je Courtois jo\u0161 jednom iza\u0161ao kao pobjednik.<br><br><\/p>\n\n\n\n<p>Real je u 66. minuti imao prvu veliku priliku iz kontranapada, no Alisson bio na visini zadatka zaustaviv\u0161i prvo udarac<strong>&nbsp;Viniciusa<\/strong>, a potom i poku\u0161aj<strong>&nbsp;Benzeme<\/strong>, koji je natr\u010dao na odbijenu loptu.<br><br><\/p>\n\n\n\n<p>Jo\u0161 bolju priiku imao je Benzema u 81. minuti, ali je proma\u0161io udarac glavom poslav\u0161i loptu preko grede. Tako je najbolji Realov strijelac ostao na samo tri gola u karijeri u \u010detvrtfinalima Lige prvaka od 70 koliko ih je postigao u ovom natjecanju.<br><br><\/p>\n\n\n\n<p>Liverpool je do kraja dvoboja poku\u0161avao svladati Realova vratara, ali Courtois je ve\u010deras zaklju\u010dao vrata i &#8220;progutao klju\u010d&#8221;.<br><br><\/p>\n\n\n\n<p>Real Madrid se nakon tri godine ponovno vra\u0107a u polufinale Lige prvaka i u prvoj utakmici (27. ili 28. travnja) ugostiti \u0107e londonski Chelsea koji je u \u010detvrtfinalu izbacio Porto. To ujedno zna\u010di da \u0107e Hrvatska i ove sezone imati svog predstavnika u finalu koje \u0107e biti odigrano 29. svibnja na Olimpijskom stadionu Ataturk u Istanbulu.<br><br><\/p>\n\n\n\n<p>To \u0107e biti ili Luka Modri\u0107 po peti put s Realom ili<strong>&nbsp;Mateo Kova\u010di\u0107<\/strong>&nbsp;po prvi put s Chelseajem, a ukupno tre\u0107i put u karijeri nakon dva naslova s &#8220;kraljevskim klubom&#8221;.&nbsp;<\/p>\n\n\n\n<p>Izvor:hrt.hr<\/p>\n","protected":false},"excerpt":{"rendered":"<p>Nogometa\u0161i Real Madrida obranili su u Liverpoolu dva pogotka prednosti iz madridskog dvoboja \u010detvrtfinala Lige prvaka odigrav\u0161i na Anfieldu utakmicu bez pogodaka te \u0107e protiv Chelseaja tra\u017eiti put prema jo\u0161 jednom finalu. Luka Modri\u0107&nbsp;je odigrao cijelu utakmicu i uglavnom bio usredoto\u010den na svoje obrambene zadatke koje je obavio besprijekorno te s &#8220;kraljevskim klubom&#8221; po sedmi [&hellip;]<\/p>\n","protected":false},"author":2,"featured_media":13061,"comment_status":"closed","ping_status":"closed","sticky":false,"template":"","format":"standard","meta":{"h5ap_radio_sources":[],"footnotes":""},"categories":[1],"tags":[],"class_list":["post-13060","post","type-post","status-publish","format-standard","has-post-thumbnail","hentry","category-bihiregija"],"yoast_head":"<!-- This site is optimized with the Yoast SEO plugin v27.5 - https:\/\/yoast.com\/product\/yoast-seo-wordpress\/ -->\n<title>Real sa\u010duvao mre\u017eu u Liverpoolu i pro\u0161ao u polufinale - RADIO LJUBU\u0160KI<\/title>\n<meta name=\"robots\" content=\"index, follow, max-snippet:-1, max-image-preview:large, max-video-preview:-1\" \/>\n<link rel=\"canonical\" href=\"https:\/\/radioljubuski.ba\/index.php\/2021\/04\/15\/real-sacuvao-mrezu-u-liverpoolu-i-prosao-u-polufinale\/\" \/>\n<meta property=\"og:locale\" content=\"hr_HR\" \/>\n<meta property=\"og:type\" content=\"article\" \/>\n<meta property=\"og:title\" content=\"Real sa\u010duvao mre\u017eu u Liverpoolu i pro\u0161ao u polufinale - RADIO LJUBU\u0160KI\" \/>\n<meta property=\"og:description\" content=\"Nogometa\u0161i Real Madrida obranili su u Liverpoolu dva pogotka prednosti iz madridskog dvoboja \u010detvrtfinala Lige prvaka odigrav\u0161i na Anfieldu utakmicu bez pogodaka te \u0107e protiv Chelseaja tra\u017eiti put prema jo\u0161 jednom finalu. Luka Modri\u0107&nbsp;je odigrao cijelu utakmicu i uglavnom bio usredoto\u010den na svoje obrambene zadatke koje je obavio besprijekorno te s &#8220;kraljevskim klubom&#8221; po sedmi [&hellip;]\" \/>\n<meta property=\"og:url\" content=\"https:\/\/radioljubuski.ba\/index.php\/2021\/04\/15\/real-sacuvao-mrezu-u-liverpoolu-i-prosao-u-polufinale\/\" \/>\n<meta property=\"og:site_name\" content=\"RADIO LJUBU\u0160KI\" \/>\n<meta property=\"article:publisher\" content=\"https:\/\/www.facebook.com\/Radiio-Ljubuski-1490835324566332\" \/>\n<meta property=\"article:published_time\" content=\"2021-04-14T23:14:32+00:00\" \/>\n<meta property=\"article:modified_time\" content=\"2021-04-14T23:14:33+00:00\" \/>\n<meta property=\"og:image\" content=\"https:\/\/radioljubuski.ba\/wp-content\/uploads\/2021\/04\/740x438-salah-1-2021-04-14t190352z-979644441-up1eh4e1gyffw-rtrmadp-3-soccer-champions-liv-mad-report-20210414190556.jpg\" \/>\n\t<meta property=\"og:image:width\" content=\"740\" \/>\n\t<meta property=\"og:image:height\" content=\"438\" \/>\n\t<meta property=\"og:image:type\" content=\"image\/jpeg\" \/>\n<meta name=\"author\" content=\"Radio Ljubu\u0161ki\" \/>\n<meta name=\"twitter:card\" content=\"summary_large_image\" \/>\n<meta name=\"twitter:creator\" content=\"@radioljubuski\" \/>\n<meta name=\"twitter:site\" content=\"@radioljubuski\" \/>\n<meta name=\"twitter:label1\" content=\"Napisao\/la\" \/>\n\t<meta name=\"twitter:data1\" content=\"Radio Ljubu\u0161ki\" \/>\n\t<meta name=\"twitter:label2\" content=\"Procijenjeno vrijeme \u010ditanja\" \/>\n\t<meta name=\"twitter:data2\" content=\"2 minute\" \/>\n<script type=\"application\/ld+json\" class=\"yoast-schema-graph\">{\"@context\":\"https:\\\/\\\/schema.org\",\"@graph\":[{\"@type\":\"Article\",\"@id\":\"https:\\\/\\\/radioljubuski.ba\\\/index.php\\\/2021\\\/04\\\/15\\\/real-sacuvao-mrezu-u-liverpoolu-i-prosao-u-polufinale\\\/#article\",\"isPartOf\":{\"@id\":\"https:\\\/\\\/radioljubuski.ba\\\/index.php\\\/2021\\\/04\\\/15\\\/real-sacuvao-mrezu-u-liverpoolu-i-prosao-u-polufinale\\\/\"},\"author\":{\"name\":\"Radio Ljubu\u0161ki\",\"@id\":\"https:\\\/\\\/radioljubuski.ba\\\/#\\\/schema\\\/person\\\/19fc700381a780f69665d7956c469e3b\"},\"headline\":\"Real sa\u010duvao mre\u017eu u Liverpoolu i pro\u0161ao u polufinale\",\"datePublished\":\"2021-04-14T23:14:32+00:00\",\"dateModified\":\"2021-04-14T23:14:33+00:00\",\"mainEntityOfPage\":{\"@id\":\"https:\\\/\\\/radioljubuski.ba\\\/index.php\\\/2021\\\/04\\\/15\\\/real-sacuvao-mrezu-u-liverpoolu-i-prosao-u-polufinale\\\/\"},\"wordCount\":507,\"publisher\":{\"@id\":\"https:\\\/\\\/radioljubuski.ba\\\/#organization\"},\"image\":{\"@id\":\"https:\\\/\\\/radioljubuski.ba\\\/index.php\\\/2021\\\/04\\\/15\\\/real-sacuvao-mrezu-u-liverpoolu-i-prosao-u-polufinale\\\/#primaryimage\"},\"thumbnailUrl\":\"https:\\\/\\\/radioljubuski.ba\\\/wp-content\\\/uploads\\\/2021\\\/04\\\/740x438-salah-1-2021-04-14t190352z-979644441-up1eh4e1gyffw-rtrmadp-3-soccer-champions-liv-mad-report-20210414190556.jpg\",\"articleSection\":[\"BIH i regija\"],\"inLanguage\":\"hr\"},{\"@type\":\"WebPage\",\"@id\":\"https:\\\/\\\/radioljubuski.ba\\\/index.php\\\/2021\\\/04\\\/15\\\/real-sacuvao-mrezu-u-liverpoolu-i-prosao-u-polufinale\\\/\",\"url\":\"https:\\\/\\\/radioljubuski.ba\\\/index.php\\\/2021\\\/04\\\/15\\\/real-sacuvao-mrezu-u-liverpoolu-i-prosao-u-polufinale\\\/\",\"name\":\"Real sa\u010duvao mre\u017eu u Liverpoolu i pro\u0161ao u polufinale - RADIO LJUBU\u0160KI\",\"isPartOf\":{\"@id\":\"https:\\\/\\\/radioljubuski.ba\\\/#website\"},\"primaryImageOfPage\":{\"@id\":\"https:\\\/\\\/radioljubuski.ba\\\/index.php\\\/2021\\\/04\\\/15\\\/real-sacuvao-mrezu-u-liverpoolu-i-prosao-u-polufinale\\\/#primaryimage\"},\"image\":{\"@id\":\"https:\\\/\\\/radioljubuski.ba\\\/index.php\\\/2021\\\/04\\\/15\\\/real-sacuvao-mrezu-u-liverpoolu-i-prosao-u-polufinale\\\/#primaryimage\"},\"thumbnailUrl\":\"https:\\\/\\\/radioljubuski.ba\\\/wp-content\\\/uploads\\\/2021\\\/04\\\/740x438-salah-1-2021-04-14t190352z-979644441-up1eh4e1gyffw-rtrmadp-3-soccer-champions-liv-mad-report-20210414190556.jpg\",\"datePublished\":\"2021-04-14T23:14:32+00:00\",\"dateModified\":\"2021-04-14T23:14:33+00:00\",\"breadcrumb\":{\"@id\":\"https:\\\/\\\/radioljubuski.ba\\\/index.php\\\/2021\\\/04\\\/15\\\/real-sacuvao-mrezu-u-liverpoolu-i-prosao-u-polufinale\\\/#breadcrumb\"},\"inLanguage\":\"hr\",\"potentialAction\":[{\"@type\":\"ReadAction\",\"target\":[\"https:\\\/\\\/radioljubuski.ba\\\/index.php\\\/2021\\\/04\\\/15\\\/real-sacuvao-mrezu-u-liverpoolu-i-prosao-u-polufinale\\\/\"]}]},{\"@type\":\"ImageObject\",\"inLanguage\":\"hr\",\"@id\":\"https:\\\/\\\/radioljubuski.ba\\\/index.php\\\/2021\\\/04\\\/15\\\/real-sacuvao-mrezu-u-liverpoolu-i-prosao-u-polufinale\\\/#primaryimage\",\"url\":\"https:\\\/\\\/radioljubuski.ba\\\/wp-content\\\/uploads\\\/2021\\\/04\\\/740x438-salah-1-2021-04-14t190352z-979644441-up1eh4e1gyffw-rtrmadp-3-soccer-champions-liv-mad-report-20210414190556.jpg\",\"contentUrl\":\"https:\\\/\\\/radioljubuski.ba\\\/wp-content\\\/uploads\\\/2021\\\/04\\\/740x438-salah-1-2021-04-14t190352z-979644441-up1eh4e1gyffw-rtrmadp-3-soccer-champions-liv-mad-report-20210414190556.jpg\",\"width\":740,\"height\":438},{\"@type\":\"BreadcrumbList\",\"@id\":\"https:\\\/\\\/radioljubuski.ba\\\/index.php\\\/2021\\\/04\\\/15\\\/real-sacuvao-mrezu-u-liverpoolu-i-prosao-u-polufinale\\\/#breadcrumb\",\"itemListElement\":[{\"@type\":\"ListItem\",\"position\":1,\"name\":\"Po\u010detna stranica\",\"item\":\"https:\\\/\\\/radioljubuski.ba\\\/\"},{\"@type\":\"ListItem\",\"position\":2,\"name\":\"Real sa\u010duvao mre\u017eu u Liverpoolu i pro\u0161ao u polufinale\"}]},{\"@type\":\"WebSite\",\"@id\":\"https:\\\/\\\/radioljubuski.ba\\\/#website\",\"url\":\"https:\\\/\\\/radioljubuski.ba\\\/\",\"name\":\"Radio Ljubu\u0161ki\",\"description\":\"Sun\u010dana frekvencija Hercegovine\",\"publisher\":{\"@id\":\"https:\\\/\\\/radioljubuski.ba\\\/#organization\"},\"potentialAction\":[{\"@type\":\"SearchAction\",\"target\":{\"@type\":\"EntryPoint\",\"urlTemplate\":\"https:\\\/\\\/radioljubuski.ba\\\/?s={search_term_string}\"},\"query-input\":{\"@type\":\"PropertyValueSpecification\",\"valueRequired\":true,\"valueName\":\"search_term_string\"}}],\"inLanguage\":\"hr\"},{\"@type\":\"Organization\",\"@id\":\"https:\\\/\\\/radioljubuski.ba\\\/#organization\",\"name\":\"Radio Ljubu\u0161ki\",\"url\":\"https:\\\/\\\/radioljubuski.ba\\\/\",\"logo\":{\"@type\":\"ImageObject\",\"inLanguage\":\"hr\",\"@id\":\"https:\\\/\\\/radioljubuski.ba\\\/#\\\/schema\\\/logo\\\/image\\\/\",\"url\":\"https:\\\/\\\/radioljubuski.ba\\\/wp-content\\\/uploads\\\/2021\\\/02\\\/cropped-Radio_Ljubuski_logo1.jpg\",\"contentUrl\":\"https:\\\/\\\/radioljubuski.ba\\\/wp-content\\\/uploads\\\/2021\\\/02\\\/cropped-Radio_Ljubuski_logo1.jpg\",\"width\":512,\"height\":512,\"caption\":\"Radio Ljubu\u0161ki\"},\"image\":{\"@id\":\"https:\\\/\\\/radioljubuski.ba\\\/#\\\/schema\\\/logo\\\/image\\\/\"},\"sameAs\":[\"https:\\\/\\\/www.facebook.com\\\/Radiio-Ljubuski-1490835324566332\",\"https:\\\/\\\/x.com\\\/radioljubuski\",\"https:\\\/\\\/hr.linkedin.com\\\/company\\\/radio-ljubuski\",\"https:\\\/\\\/www.youtube.com\\\/channel\\\/UCHYaeO_n0Db3tjNGudGpXyw\"]},{\"@type\":\"Person\",\"@id\":\"https:\\\/\\\/radioljubuski.ba\\\/#\\\/schema\\\/person\\\/19fc700381a780f69665d7956c469e3b\",\"name\":\"Radio Ljubu\u0161ki\"}]}<\/script>\n<!-- \/ Yoast SEO plugin. -->","yoast_head_json":{"title":"Real sa\u010duvao mre\u017eu u Liverpoolu i pro\u0161ao u polufinale - RADIO LJUBU\u0160KI","robots":{"index":"index","follow":"follow","max-snippet":"max-snippet:-1","max-image-preview":"max-image-preview:large","max-video-preview":"max-video-preview:-1"},"canonical":"https:\/\/radioljubuski.ba\/index.php\/2021\/04\/15\/real-sacuvao-mrezu-u-liverpoolu-i-prosao-u-polufinale\/","og_locale":"hr_HR","og_type":"article","og_title":"Real sa\u010duvao mre\u017eu u Liverpoolu i pro\u0161ao u polufinale - RADIO LJUBU\u0160KI","og_description":"Nogometa\u0161i Real Madrida obranili su u Liverpoolu dva pogotka prednosti iz madridskog dvoboja \u010detvrtfinala Lige prvaka odigrav\u0161i na Anfieldu utakmicu bez pogodaka te \u0107e protiv Chelseaja tra\u017eiti put prema jo\u0161 jednom finalu. Luka Modri\u0107&nbsp;je odigrao cijelu utakmicu i uglavnom bio usredoto\u010den na svoje obrambene zadatke koje je obavio besprijekorno te s &#8220;kraljevskim klubom&#8221; po sedmi [&hellip;]","og_url":"https:\/\/radioljubuski.ba\/index.php\/2021\/04\/15\/real-sacuvao-mrezu-u-liverpoolu-i-prosao-u-polufinale\/","og_site_name":"RADIO LJUBU\u0160KI","article_publisher":"https:\/\/www.facebook.com\/Radiio-Ljubuski-1490835324566332","article_published_time":"2021-04-14T23:14:32+00:00","article_modified_time":"2021-04-14T23:14:33+00:00","og_image":[{"width":740,"height":438,"url":"https:\/\/radioljubuski.ba\/wp-content\/uploads\/2021\/04\/740x438-salah-1-2021-04-14t190352z-979644441-up1eh4e1gyffw-rtrmadp-3-soccer-champions-liv-mad-report-20210414190556.jpg","type":"image\/jpeg"}],"author":"Radio Ljubu\u0161ki","twitter_card":"summary_large_image","twitter_creator":"@radioljubuski","twitter_site":"@radioljubuski","twitter_misc":{"Napisao\/la":"Radio Ljubu\u0161ki","Procijenjeno vrijeme \u010ditanja":"2 minute"},"schema":{"@context":"https:\/\/schema.org","@graph":[{"@type":"Article","@id":"https:\/\/radioljubuski.ba\/index.php\/2021\/04\/15\/real-sacuvao-mrezu-u-liverpoolu-i-prosao-u-polufinale\/#article","isPartOf":{"@id":"https:\/\/radioljubuski.ba\/index.php\/2021\/04\/15\/real-sacuvao-mrezu-u-liverpoolu-i-prosao-u-polufinale\/"},"author":{"name":"Radio Ljubu\u0161ki","@id":"https:\/\/radioljubuski.ba\/#\/schema\/person\/19fc700381a780f69665d7956c469e3b"},"headline":"Real sa\u010duvao mre\u017eu u Liverpoolu i pro\u0161ao u polufinale","datePublished":"2021-04-14T23:14:32+00:00","dateModified":"2021-04-14T23:14:33+00:00","mainEntityOfPage":{"@id":"https:\/\/radioljubuski.ba\/index.php\/2021\/04\/15\/real-sacuvao-mrezu-u-liverpoolu-i-prosao-u-polufinale\/"},"wordCount":507,"publisher":{"@id":"https:\/\/radioljubuski.ba\/#organization"},"image":{"@id":"https:\/\/radioljubuski.ba\/index.php\/2021\/04\/15\/real-sacuvao-mrezu-u-liverpoolu-i-prosao-u-polufinale\/#primaryimage"},"thumbnailUrl":"https:\/\/radioljubuski.ba\/wp-content\/uploads\/2021\/04\/740x438-salah-1-2021-04-14t190352z-979644441-up1eh4e1gyffw-rtrmadp-3-soccer-champions-liv-mad-report-20210414190556.jpg","articleSection":["BIH i regija"],"inLanguage":"hr"},{"@type":"WebPage","@id":"https:\/\/radioljubuski.ba\/index.php\/2021\/04\/15\/real-sacuvao-mrezu-u-liverpoolu-i-prosao-u-polufinale\/","url":"https:\/\/radioljubuski.ba\/index.php\/2021\/04\/15\/real-sacuvao-mrezu-u-liverpoolu-i-prosao-u-polufinale\/","name":"Real sa\u010duvao mre\u017eu u Liverpoolu i pro\u0161ao u polufinale - RADIO LJUBU\u0160KI","isPartOf":{"@id":"https:\/\/radioljubuski.ba\/#website"},"primaryImageOfPage":{"@id":"https:\/\/radioljubuski.ba\/index.php\/2021\/04\/15\/real-sacuvao-mrezu-u-liverpoolu-i-prosao-u-polufinale\/#primaryimage"},"image":{"@id":"https:\/\/radioljubuski.ba\/index.php\/2021\/04\/15\/real-sacuvao-mrezu-u-liverpoolu-i-prosao-u-polufinale\/#primaryimage"},"thumbnailUrl":"https:\/\/radioljubuski.ba\/wp-content\/uploads\/2021\/04\/740x438-salah-1-2021-04-14t190352z-979644441-up1eh4e1gyffw-rtrmadp-3-soccer-champions-liv-mad-report-20210414190556.jpg","datePublished":"2021-04-14T23:14:32+00:00","dateModified":"2021-04-14T23:14:33+00:00","breadcrumb":{"@id":"https:\/\/radioljubuski.ba\/index.php\/2021\/04\/15\/real-sacuvao-mrezu-u-liverpoolu-i-prosao-u-polufinale\/#breadcrumb"},"inLanguage":"hr","potentialAction":[{"@type":"ReadAction","target":["https:\/\/radioljubuski.ba\/index.php\/2021\/04\/15\/real-sacuvao-mrezu-u-liverpoolu-i-prosao-u-polufinale\/"]}]},{"@type":"ImageObject","inLanguage":"hr","@id":"https:\/\/radioljubuski.ba\/index.php\/2021\/04\/15\/real-sacuvao-mrezu-u-liverpoolu-i-prosao-u-polufinale\/#primaryimage","url":"https:\/\/radioljubuski.ba\/wp-content\/uploads\/2021\/04\/740x438-salah-1-2021-04-14t190352z-979644441-up1eh4e1gyffw-rtrmadp-3-soccer-champions-liv-mad-report-20210414190556.jpg","contentUrl":"https:\/\/radioljubuski.ba\/wp-content\/uploads\/2021\/04\/740x438-salah-1-2021-04-14t190352z-979644441-up1eh4e1gyffw-rtrmadp-3-soccer-champions-liv-mad-report-20210414190556.jpg","width":740,"height":438},{"@type":"BreadcrumbList","@id":"https:\/\/radioljubuski.ba\/index.php\/2021\/04\/15\/real-sacuvao-mrezu-u-liverpoolu-i-prosao-u-polufinale\/#breadcrumb","itemListElement":[{"@type":"ListItem","position":1,"name":"Po\u010detna stranica","item":"https:\/\/radioljubuski.ba\/"},{"@type":"ListItem","position":2,"name":"Real sa\u010duvao mre\u017eu u Liverpoolu i pro\u0161ao u polufinale"}]},{"@type":"WebSite","@id":"https:\/\/radioljubuski.ba\/#website","url":"https:\/\/radioljubuski.ba\/","name":"Radio Ljubu\u0161ki","description":"Sun\u010dana frekvencija Hercegovine","publisher":{"@id":"https:\/\/radioljubuski.ba\/#organization"},"potentialAction":[{"@type":"SearchAction","target":{"@type":"EntryPoint","urlTemplate":"https:\/\/radioljubuski.ba\/?s={search_term_string}"},"query-input":{"@type":"PropertyValueSpecification","valueRequired":true,"valueName":"search_term_string"}}],"inLanguage":"hr"},{"@type":"Organization","@id":"https:\/\/radioljubuski.ba\/#organization","name":"Radio Ljubu\u0161ki","url":"https:\/\/radioljubuski.ba\/","logo":{"@type":"ImageObject","inLanguage":"hr","@id":"https:\/\/radioljubuski.ba\/#\/schema\/logo\/image\/","url":"https:\/\/radioljubuski.ba\/wp-content\/uploads\/2021\/02\/cropped-Radio_Ljubuski_logo1.jpg","contentUrl":"https:\/\/radioljubuski.ba\/wp-content\/uploads\/2021\/02\/cropped-Radio_Ljubuski_logo1.jpg","width":512,"height":512,"caption":"Radio Ljubu\u0161ki"},"image":{"@id":"https:\/\/radioljubuski.ba\/#\/schema\/logo\/image\/"},"sameAs":["https:\/\/www.facebook.com\/Radiio-Ljubuski-1490835324566332","https:\/\/x.com\/radioljubuski","https:\/\/hr.linkedin.com\/company\/radio-ljubuski","https:\/\/www.youtube.com\/channel\/UCHYaeO_n0Db3tjNGudGpXyw"]},{"@type":"Person","@id":"https:\/\/radioljubuski.ba\/#\/schema\/person\/19fc700381a780f69665d7956c469e3b","name":"Radio Ljubu\u0161ki"}]}},"_links":{"self":[{"href":"https:\/\/radioljubuski.ba\/index.php\/wp-json\/wp\/v2\/posts\/13060","targetHints":{"allow":["GET"]}}],"collection":[{"href":"https:\/\/radioljubuski.ba\/index.php\/wp-json\/wp\/v2\/posts"}],"about":[{"href":"https:\/\/radioljubuski.ba\/index.php\/wp-json\/wp\/v2\/types\/post"}],"author":[{"embeddable":true,"href":"https:\/\/radioljubuski.ba\/index.php\/wp-json\/wp\/v2\/users\/2"}],"replies":[{"embeddable":true,"href":"https:\/\/radioljubuski.ba\/index.php\/wp-json\/wp\/v2\/comments?post=13060"}],"version-history":[{"count":1,"href":"https:\/\/radioljubuski.ba\/index.php\/wp-json\/wp\/v2\/posts\/13060\/revisions"}],"predecessor-version":[{"id":13062,"href":"https:\/\/radioljubuski.ba\/index.php\/wp-json\/wp\/v2\/posts\/13060\/revisions\/13062"}],"wp:featuredmedia":[{"embeddable":true,"href":"https:\/\/radioljubuski.ba\/index.php\/wp-json\/wp\/v2\/media\/13061"}],"wp:attachment":[{"href":"https:\/\/radioljubuski.ba\/index.php\/wp-json\/wp\/v2\/media?parent=13060"}],"wp:term":[{"taxonomy":"category","embeddable":true,"href":"https:\/\/radioljubuski.ba\/index.php\/wp-json\/wp\/v2\/categories?post=13060"},{"taxonomy":"post_tag","embeddable":true,"href":"https:\/\/radioljubuski.ba\/index.php\/wp-json\/wp\/v2\/tags?post=13060"}],"curies":[{"name":"wp","href":"https:\/\/api.w.org\/{rel}","templated":true}]}}