{"id":130603,"date":"2022-04-09T08:11:46","date_gmt":"2022-04-09T07:11:46","guid":{"rendered":"https:\/\/radioljubuski.ba\/?p=130603"},"modified":"2022-04-09T08:11:46","modified_gmt":"2022-04-09T07:11:46","slug":"fra-marin-karacic-uvijek-nam-je-netko-drugi-kriv","status":"publish","type":"post","link":"https:\/\/radioljubuski.ba\/index.php\/2022\/04\/09\/fra-marin-karacic-uvijek-nam-je-netko-drugi-kriv\/","title":{"rendered":"Fra Marin Kara\u010di\u0107: Uvijek nam je netko drugi kriv"},"content":{"rendered":"\n<p><strong>Fra Marin Kara\u010di\u0107<\/strong>, franjevac trenutno stacioniran u samostanu na Humcu u Ljubu\u0161kom i duhovni asistent Frame Hercegovina, osim \u0161to &#8216;izbacuje&#8217; glazbene hitove, s vremena na vrijeme &#8216;izbaci&#8217; i neku \u201e<strong>pametnu ri\u010d<\/strong>\u201c. Tako je nedavno na svom profilu napisao kratki tekst na temu o tome kako smo uvijek spremni&nbsp;<strong>krivicu<\/strong>&nbsp;prebacivati na nekog drugog, a vrlo rijetko je odgovorno sami priznati. Njegovu objavu prenosimo u cijelosti:<\/p>\n\n\n\n<p><strong>UVIJEK NAM JE NETKO DRUGI KRIV<\/strong><\/p>\n\n\n\n<p>&#8220;Ti si, dakle, jeo sa stabla s kojega sam ti zabranio jesti? \u010covjek odgovori: &#8216;\u017dena koju si stavio uza me &#8211; ona mi je dala sa stabla pa sam jeo.&#8217; Bog re\u010de \u017eeni: &#8216;\u0160to si to u\u010dinila?&#8217; &#8216;Zmija me prevarila pa sam jela&#8217;, odgovori \u017eena.&#8221;<\/p>\n\n\n\n<p>Tako je zapo\u010delo i u Bibliji, u knjizi Postanka. Grijeh \u010dini da krivicu prebacujemo na drugoga, nismo mi krivi, nego je uvijek netko drugi kriv za na\u0161e stanje.<\/p>\n\n\n\n<p>Tako \u0107emo \u010desto \u010duti da su nam krivi mu\u017e, supruga, stari roditelji, djeca, gazda mi je kriv \u0161to sam ovakav, da mi nema svekrve sve bi bilo druga\u010dije&#8230; Vjerujem da svatko od nas mo\u017ee nabrojati nekoga koga smatra krivim za svoje nezadovoljstvo i ogor\u010denost.<\/p>\n\n\n\n<p>Da se razumijemo, naravno da mo\u017ee postojati netko tko nam namjerno \u010dini zlo, ali je li uvijek taj &#8220;netko&#8221; kriv ili smo mo\u017eda i mi krivi za svoje stanje? Mo\u017eda smo bili lijeni ili u strahu ili kukavice te nismo rje\u0161avali stvari na vrijeme&#8230;<\/p>\n\n\n\n<p>Ka\u017eu da slava, novac i mo\u0107 pokvare ljude; ne, ne pokvare oni ljude, nego poka\u017eu ljude kakvi jesu. Ljudi u dodiru s novcem, mo\u0107i i slavom poka\u017eu svoje pravo lice, razotkriju se.<\/p>\n\n\n\n<p>Mo\u017eda upravo nas razotkriju ti nerije\u0161eni odnosi pa se poka\u017eemo kakvi jesmo; taj na\u0161 gazda, uku\u0107ani, mo\u017eda i ti starci s kojima \u017eivimo i koji trebaju na\u0161u pomo\u0107 dovedu nas pred ogledalo, da uvidimo neke svoje nedostatke i mane, ali tako\u0111er i vrline.<\/p>\n\n\n\n<p>Izvuku nas iz na\u0161e zone ugodnosti i tada itekako u\u010dimo o sebi. To je prilika za rast ili za propast. Ovisi kako \u0107emo to iskoristiti. Netko kad otkrije na sebi ne\u0161to lo\u0161e bje\u017ei i sakriva se od sebe, dok netko zasu\u010de rukave i po\u010dne raditi na sebi.<\/p>\n\n\n\n<p>Molimo da nam Gospodin pomogne da mo\u017eemo te \u010desto neugodne situacije pretvoriti u milosne trenutke i priliku za rast.<\/p>\n\n\n\n<p><strong>Izvor: Medjugorje-info.com<\/strong><\/p>\n","protected":false},"excerpt":{"rendered":"<p>Fra Marin Kara\u010di\u0107, franjevac trenutno stacioniran u samostanu na Humcu u Ljubu\u0161kom i duhovni asistent Frame Hercegovina, osim \u0161to &#8216;izbacuje&#8217; glazbene hitove, s vremena na vrijeme &#8216;izbaci&#8217; i neku \u201epametnu ri\u010d\u201c. Tako je nedavno na svom profilu napisao kratki tekst na temu o tome kako smo uvijek spremni&nbsp;krivicu&nbsp;prebacivati na nekog drugog, a vrlo rijetko je [&hellip;]<\/p>\n","protected":false},"author":2,"featured_media":14618,"comment_status":"closed","ping_status":"closed","sticky":false,"template":"","format":"standard","meta":{"h5ap_radio_sources":[],"footnotes":""},"categories":[1],"tags":[],"class_list":["post-130603","post","type-post","status-publish","format-standard","has-post-thumbnail","hentry","category-bihiregija"],"yoast_head":"<!-- This site is optimized with the Yoast SEO plugin v27.5 - https:\/\/yoast.com\/product\/yoast-seo-wordpress\/ -->\n<title>Fra Marin Kara\u010di\u0107: Uvijek nam je netko drugi kriv - RADIO LJUBU\u0160KI<\/title>\n<meta name=\"robots\" content=\"index, follow, max-snippet:-1, max-image-preview:large, max-video-preview:-1\" \/>\n<link rel=\"canonical\" href=\"https:\/\/radioljubuski.ba\/index.php\/2022\/04\/09\/fra-marin-karacic-uvijek-nam-je-netko-drugi-kriv\/\" \/>\n<meta property=\"og:locale\" content=\"hr_HR\" \/>\n<meta property=\"og:type\" content=\"article\" \/>\n<meta property=\"og:title\" content=\"Fra Marin Kara\u010di\u0107: Uvijek nam je netko drugi kriv - RADIO LJUBU\u0160KI\" \/>\n<meta property=\"og:description\" content=\"Fra Marin Kara\u010di\u0107, franjevac trenutno stacioniran u samostanu na Humcu u Ljubu\u0161kom i duhovni asistent Frame Hercegovina, osim \u0161to &#8216;izbacuje&#8217; glazbene hitove, s vremena na vrijeme &#8216;izbaci&#8217; i neku \u201epametnu ri\u010d\u201c. Tako je nedavno na svom profilu napisao kratki tekst na temu o tome kako smo uvijek spremni&nbsp;krivicu&nbsp;prebacivati na nekog drugog, a vrlo rijetko je [&hellip;]\" \/>\n<meta property=\"og:url\" content=\"https:\/\/radioljubuski.ba\/index.php\/2022\/04\/09\/fra-marin-karacic-uvijek-nam-je-netko-drugi-kriv\/\" \/>\n<meta property=\"og:site_name\" content=\"RADIO LJUBU\u0160KI\" \/>\n<meta property=\"article:publisher\" content=\"https:\/\/www.facebook.com\/Radiio-Ljubuski-1490835324566332\" \/>\n<meta property=\"article:published_time\" content=\"2022-04-09T07:11:46+00:00\" \/>\n<meta property=\"og:image\" content=\"https:\/\/radioljubuski.ba\/wp-content\/uploads\/2021\/04\/fra-marin-karacic.jpg\" \/>\n\t<meta property=\"og:image:width\" content=\"600\" \/>\n\t<meta property=\"og:image:height\" content=\"400\" \/>\n\t<meta property=\"og:image:type\" content=\"image\/jpeg\" \/>\n<meta name=\"author\" content=\"Radio Ljubu\u0161ki\" \/>\n<meta name=\"twitter:card\" content=\"summary_large_image\" \/>\n<meta name=\"twitter:creator\" content=\"@radioljubuski\" \/>\n<meta name=\"twitter:site\" content=\"@radioljubuski\" \/>\n<meta name=\"twitter:label1\" content=\"Napisao\/la\" \/>\n\t<meta name=\"twitter:data1\" content=\"Radio Ljubu\u0161ki\" \/>\n\t<meta name=\"twitter:label2\" content=\"Procijenjeno vrijeme \u010ditanja\" \/>\n\t<meta name=\"twitter:data2\" content=\"2 minute\" \/>\n<script type=\"application\/ld+json\" class=\"yoast-schema-graph\">{\"@context\":\"https:\\\/\\\/schema.org\",\"@graph\":[{\"@type\":\"Article\",\"@id\":\"https:\\\/\\\/radioljubuski.ba\\\/index.php\\\/2022\\\/04\\\/09\\\/fra-marin-karacic-uvijek-nam-je-netko-drugi-kriv\\\/#article\",\"isPartOf\":{\"@id\":\"https:\\\/\\\/radioljubuski.ba\\\/index.php\\\/2022\\\/04\\\/09\\\/fra-marin-karacic-uvijek-nam-je-netko-drugi-kriv\\\/\"},\"author\":{\"name\":\"Radio Ljubu\u0161ki\",\"@id\":\"https:\\\/\\\/radioljubuski.ba\\\/#\\\/schema\\\/person\\\/19fc700381a780f69665d7956c469e3b\"},\"headline\":\"Fra Marin Kara\u010di\u0107: Uvijek nam je netko drugi kriv\",\"datePublished\":\"2022-04-09T07:11:46+00:00\",\"mainEntityOfPage\":{\"@id\":\"https:\\\/\\\/radioljubuski.ba\\\/index.php\\\/2022\\\/04\\\/09\\\/fra-marin-karacic-uvijek-nam-je-netko-drugi-kriv\\\/\"},\"wordCount\":420,\"publisher\":{\"@id\":\"https:\\\/\\\/radioljubuski.ba\\\/#organization\"},\"image\":{\"@id\":\"https:\\\/\\\/radioljubuski.ba\\\/index.php\\\/2022\\\/04\\\/09\\\/fra-marin-karacic-uvijek-nam-je-netko-drugi-kriv\\\/#primaryimage\"},\"thumbnailUrl\":\"https:\\\/\\\/radioljubuski.ba\\\/wp-content\\\/uploads\\\/2021\\\/04\\\/fra-marin-karacic.jpg\",\"articleSection\":[\"BIH i regija\"],\"inLanguage\":\"hr\"},{\"@type\":\"WebPage\",\"@id\":\"https:\\\/\\\/radioljubuski.ba\\\/index.php\\\/2022\\\/04\\\/09\\\/fra-marin-karacic-uvijek-nam-je-netko-drugi-kriv\\\/\",\"url\":\"https:\\\/\\\/radioljubuski.ba\\\/index.php\\\/2022\\\/04\\\/09\\\/fra-marin-karacic-uvijek-nam-je-netko-drugi-kriv\\\/\",\"name\":\"Fra Marin Kara\u010di\u0107: Uvijek nam je netko drugi kriv - RADIO LJUBU\u0160KI\",\"isPartOf\":{\"@id\":\"https:\\\/\\\/radioljubuski.ba\\\/#website\"},\"primaryImageOfPage\":{\"@id\":\"https:\\\/\\\/radioljubuski.ba\\\/index.php\\\/2022\\\/04\\\/09\\\/fra-marin-karacic-uvijek-nam-je-netko-drugi-kriv\\\/#primaryimage\"},\"image\":{\"@id\":\"https:\\\/\\\/radioljubuski.ba\\\/index.php\\\/2022\\\/04\\\/09\\\/fra-marin-karacic-uvijek-nam-je-netko-drugi-kriv\\\/#primaryimage\"},\"thumbnailUrl\":\"https:\\\/\\\/radioljubuski.ba\\\/wp-content\\\/uploads\\\/2021\\\/04\\\/fra-marin-karacic.jpg\",\"datePublished\":\"2022-04-09T07:11:46+00:00\",\"breadcrumb\":{\"@id\":\"https:\\\/\\\/radioljubuski.ba\\\/index.php\\\/2022\\\/04\\\/09\\\/fra-marin-karacic-uvijek-nam-je-netko-drugi-kriv\\\/#breadcrumb\"},\"inLanguage\":\"hr\",\"potentialAction\":[{\"@type\":\"ReadAction\",\"target\":[\"https:\\\/\\\/radioljubuski.ba\\\/index.php\\\/2022\\\/04\\\/09\\\/fra-marin-karacic-uvijek-nam-je-netko-drugi-kriv\\\/\"]}]},{\"@type\":\"ImageObject\",\"inLanguage\":\"hr\",\"@id\":\"https:\\\/\\\/radioljubuski.ba\\\/index.php\\\/2022\\\/04\\\/09\\\/fra-marin-karacic-uvijek-nam-je-netko-drugi-kriv\\\/#primaryimage\",\"url\":\"https:\\\/\\\/radioljubuski.ba\\\/wp-content\\\/uploads\\\/2021\\\/04\\\/fra-marin-karacic.jpg\",\"contentUrl\":\"https:\\\/\\\/radioljubuski.ba\\\/wp-content\\\/uploads\\\/2021\\\/04\\\/fra-marin-karacic.jpg\",\"width\":600,\"height\":400},{\"@type\":\"BreadcrumbList\",\"@id\":\"https:\\\/\\\/radioljubuski.ba\\\/index.php\\\/2022\\\/04\\\/09\\\/fra-marin-karacic-uvijek-nam-je-netko-drugi-kriv\\\/#breadcrumb\",\"itemListElement\":[{\"@type\":\"ListItem\",\"position\":1,\"name\":\"Po\u010detna stranica\",\"item\":\"https:\\\/\\\/radioljubuski.ba\\\/\"},{\"@type\":\"ListItem\",\"position\":2,\"name\":\"Fra Marin Kara\u010di\u0107: Uvijek nam je netko drugi kriv\"}]},{\"@type\":\"WebSite\",\"@id\":\"https:\\\/\\\/radioljubuski.ba\\\/#website\",\"url\":\"https:\\\/\\\/radioljubuski.ba\\\/\",\"name\":\"Radio Ljubu\u0161ki\",\"description\":\"Sun\u010dana frekvencija Hercegovine\",\"publisher\":{\"@id\":\"https:\\\/\\\/radioljubuski.ba\\\/#organization\"},\"potentialAction\":[{\"@type\":\"SearchAction\",\"target\":{\"@type\":\"EntryPoint\",\"urlTemplate\":\"https:\\\/\\\/radioljubuski.ba\\\/?s={search_term_string}\"},\"query-input\":{\"@type\":\"PropertyValueSpecification\",\"valueRequired\":true,\"valueName\":\"search_term_string\"}}],\"inLanguage\":\"hr\"},{\"@type\":\"Organization\",\"@id\":\"https:\\\/\\\/radioljubuski.ba\\\/#organization\",\"name\":\"Radio Ljubu\u0161ki\",\"url\":\"https:\\\/\\\/radioljubuski.ba\\\/\",\"logo\":{\"@type\":\"ImageObject\",\"inLanguage\":\"hr\",\"@id\":\"https:\\\/\\\/radioljubuski.ba\\\/#\\\/schema\\\/logo\\\/image\\\/\",\"url\":\"https:\\\/\\\/radioljubuski.ba\\\/wp-content\\\/uploads\\\/2021\\\/02\\\/cropped-Radio_Ljubuski_logo1.jpg\",\"contentUrl\":\"https:\\\/\\\/radioljubuski.ba\\\/wp-content\\\/uploads\\\/2021\\\/02\\\/cropped-Radio_Ljubuski_logo1.jpg\",\"width\":512,\"height\":512,\"caption\":\"Radio Ljubu\u0161ki\"},\"image\":{\"@id\":\"https:\\\/\\\/radioljubuski.ba\\\/#\\\/schema\\\/logo\\\/image\\\/\"},\"sameAs\":[\"https:\\\/\\\/www.facebook.com\\\/Radiio-Ljubuski-1490835324566332\",\"https:\\\/\\\/x.com\\\/radioljubuski\",\"https:\\\/\\\/hr.linkedin.com\\\/company\\\/radio-ljubuski\",\"https:\\\/\\\/www.youtube.com\\\/channel\\\/UCHYaeO_n0Db3tjNGudGpXyw\"]},{\"@type\":\"Person\",\"@id\":\"https:\\\/\\\/radioljubuski.ba\\\/#\\\/schema\\\/person\\\/19fc700381a780f69665d7956c469e3b\",\"name\":\"Radio Ljubu\u0161ki\"}]}<\/script>\n<!-- \/ Yoast SEO plugin. -->","yoast_head_json":{"title":"Fra Marin Kara\u010di\u0107: Uvijek nam je netko drugi kriv - RADIO LJUBU\u0160KI","robots":{"index":"index","follow":"follow","max-snippet":"max-snippet:-1","max-image-preview":"max-image-preview:large","max-video-preview":"max-video-preview:-1"},"canonical":"https:\/\/radioljubuski.ba\/index.php\/2022\/04\/09\/fra-marin-karacic-uvijek-nam-je-netko-drugi-kriv\/","og_locale":"hr_HR","og_type":"article","og_title":"Fra Marin Kara\u010di\u0107: Uvijek nam je netko drugi kriv - RADIO LJUBU\u0160KI","og_description":"Fra Marin Kara\u010di\u0107, franjevac trenutno stacioniran u samostanu na Humcu u Ljubu\u0161kom i duhovni asistent Frame Hercegovina, osim \u0161to &#8216;izbacuje&#8217; glazbene hitove, s vremena na vrijeme &#8216;izbaci&#8217; i neku \u201epametnu ri\u010d\u201c. Tako je nedavno na svom profilu napisao kratki tekst na temu o tome kako smo uvijek spremni&nbsp;krivicu&nbsp;prebacivati na nekog drugog, a vrlo rijetko je [&hellip;]","og_url":"https:\/\/radioljubuski.ba\/index.php\/2022\/04\/09\/fra-marin-karacic-uvijek-nam-je-netko-drugi-kriv\/","og_site_name":"RADIO LJUBU\u0160KI","article_publisher":"https:\/\/www.facebook.com\/Radiio-Ljubuski-1490835324566332","article_published_time":"2022-04-09T07:11:46+00:00","og_image":[{"width":600,"height":400,"url":"https:\/\/radioljubuski.ba\/wp-content\/uploads\/2021\/04\/fra-marin-karacic.jpg","type":"image\/jpeg"}],"author":"Radio Ljubu\u0161ki","twitter_card":"summary_large_image","twitter_creator":"@radioljubuski","twitter_site":"@radioljubuski","twitter_misc":{"Napisao\/la":"Radio Ljubu\u0161ki","Procijenjeno vrijeme \u010ditanja":"2 minute"},"schema":{"@context":"https:\/\/schema.org","@graph":[{"@type":"Article","@id":"https:\/\/radioljubuski.ba\/index.php\/2022\/04\/09\/fra-marin-karacic-uvijek-nam-je-netko-drugi-kriv\/#article","isPartOf":{"@id":"https:\/\/radioljubuski.ba\/index.php\/2022\/04\/09\/fra-marin-karacic-uvijek-nam-je-netko-drugi-kriv\/"},"author":{"name":"Radio Ljubu\u0161ki","@id":"https:\/\/radioljubuski.ba\/#\/schema\/person\/19fc700381a780f69665d7956c469e3b"},"headline":"Fra Marin Kara\u010di\u0107: Uvijek nam je netko drugi kriv","datePublished":"2022-04-09T07:11:46+00:00","mainEntityOfPage":{"@id":"https:\/\/radioljubuski.ba\/index.php\/2022\/04\/09\/fra-marin-karacic-uvijek-nam-je-netko-drugi-kriv\/"},"wordCount":420,"publisher":{"@id":"https:\/\/radioljubuski.ba\/#organization"},"image":{"@id":"https:\/\/radioljubuski.ba\/index.php\/2022\/04\/09\/fra-marin-karacic-uvijek-nam-je-netko-drugi-kriv\/#primaryimage"},"thumbnailUrl":"https:\/\/radioljubuski.ba\/wp-content\/uploads\/2021\/04\/fra-marin-karacic.jpg","articleSection":["BIH i regija"],"inLanguage":"hr"},{"@type":"WebPage","@id":"https:\/\/radioljubuski.ba\/index.php\/2022\/04\/09\/fra-marin-karacic-uvijek-nam-je-netko-drugi-kriv\/","url":"https:\/\/radioljubuski.ba\/index.php\/2022\/04\/09\/fra-marin-karacic-uvijek-nam-je-netko-drugi-kriv\/","name":"Fra Marin Kara\u010di\u0107: Uvijek nam je netko drugi kriv - RADIO LJUBU\u0160KI","isPartOf":{"@id":"https:\/\/radioljubuski.ba\/#website"},"primaryImageOfPage":{"@id":"https:\/\/radioljubuski.ba\/index.php\/2022\/04\/09\/fra-marin-karacic-uvijek-nam-je-netko-drugi-kriv\/#primaryimage"},"image":{"@id":"https:\/\/radioljubuski.ba\/index.php\/2022\/04\/09\/fra-marin-karacic-uvijek-nam-je-netko-drugi-kriv\/#primaryimage"},"thumbnailUrl":"https:\/\/radioljubuski.ba\/wp-content\/uploads\/2021\/04\/fra-marin-karacic.jpg","datePublished":"2022-04-09T07:11:46+00:00","breadcrumb":{"@id":"https:\/\/radioljubuski.ba\/index.php\/2022\/04\/09\/fra-marin-karacic-uvijek-nam-je-netko-drugi-kriv\/#breadcrumb"},"inLanguage":"hr","potentialAction":[{"@type":"ReadAction","target":["https:\/\/radioljubuski.ba\/index.php\/2022\/04\/09\/fra-marin-karacic-uvijek-nam-je-netko-drugi-kriv\/"]}]},{"@type":"ImageObject","inLanguage":"hr","@id":"https:\/\/radioljubuski.ba\/index.php\/2022\/04\/09\/fra-marin-karacic-uvijek-nam-je-netko-drugi-kriv\/#primaryimage","url":"https:\/\/radioljubuski.ba\/wp-content\/uploads\/2021\/04\/fra-marin-karacic.jpg","contentUrl":"https:\/\/radioljubuski.ba\/wp-content\/uploads\/2021\/04\/fra-marin-karacic.jpg","width":600,"height":400},{"@type":"BreadcrumbList","@id":"https:\/\/radioljubuski.ba\/index.php\/2022\/04\/09\/fra-marin-karacic-uvijek-nam-je-netko-drugi-kriv\/#breadcrumb","itemListElement":[{"@type":"ListItem","position":1,"name":"Po\u010detna stranica","item":"https:\/\/radioljubuski.ba\/"},{"@type":"ListItem","position":2,"name":"Fra Marin Kara\u010di\u0107: Uvijek nam je netko drugi kriv"}]},{"@type":"WebSite","@id":"https:\/\/radioljubuski.ba\/#website","url":"https:\/\/radioljubuski.ba\/","name":"Radio Ljubu\u0161ki","description":"Sun\u010dana frekvencija Hercegovine","publisher":{"@id":"https:\/\/radioljubuski.ba\/#organization"},"potentialAction":[{"@type":"SearchAction","target":{"@type":"EntryPoint","urlTemplate":"https:\/\/radioljubuski.ba\/?s={search_term_string}"},"query-input":{"@type":"PropertyValueSpecification","valueRequired":true,"valueName":"search_term_string"}}],"inLanguage":"hr"},{"@type":"Organization","@id":"https:\/\/radioljubuski.ba\/#organization","name":"Radio Ljubu\u0161ki","url":"https:\/\/radioljubuski.ba\/","logo":{"@type":"ImageObject","inLanguage":"hr","@id":"https:\/\/radioljubuski.ba\/#\/schema\/logo\/image\/","url":"https:\/\/radioljubuski.ba\/wp-content\/uploads\/2021\/02\/cropped-Radio_Ljubuski_logo1.jpg","contentUrl":"https:\/\/radioljubuski.ba\/wp-content\/uploads\/2021\/02\/cropped-Radio_Ljubuski_logo1.jpg","width":512,"height":512,"caption":"Radio Ljubu\u0161ki"},"image":{"@id":"https:\/\/radioljubuski.ba\/#\/schema\/logo\/image\/"},"sameAs":["https:\/\/www.facebook.com\/Radiio-Ljubuski-1490835324566332","https:\/\/x.com\/radioljubuski","https:\/\/hr.linkedin.com\/company\/radio-ljubuski","https:\/\/www.youtube.com\/channel\/UCHYaeO_n0Db3tjNGudGpXyw"]},{"@type":"Person","@id":"https:\/\/radioljubuski.ba\/#\/schema\/person\/19fc700381a780f69665d7956c469e3b","name":"Radio Ljubu\u0161ki"}]}},"_links":{"self":[{"href":"https:\/\/radioljubuski.ba\/index.php\/wp-json\/wp\/v2\/posts\/130603","targetHints":{"allow":["GET"]}}],"collection":[{"href":"https:\/\/radioljubuski.ba\/index.php\/wp-json\/wp\/v2\/posts"}],"about":[{"href":"https:\/\/radioljubuski.ba\/index.php\/wp-json\/wp\/v2\/types\/post"}],"author":[{"embeddable":true,"href":"https:\/\/radioljubuski.ba\/index.php\/wp-json\/wp\/v2\/users\/2"}],"replies":[{"embeddable":true,"href":"https:\/\/radioljubuski.ba\/index.php\/wp-json\/wp\/v2\/comments?post=130603"}],"version-history":[{"count":1,"href":"https:\/\/radioljubuski.ba\/index.php\/wp-json\/wp\/v2\/posts\/130603\/revisions"}],"predecessor-version":[{"id":130604,"href":"https:\/\/radioljubuski.ba\/index.php\/wp-json\/wp\/v2\/posts\/130603\/revisions\/130604"}],"wp:featuredmedia":[{"embeddable":true,"href":"https:\/\/radioljubuski.ba\/index.php\/wp-json\/wp\/v2\/media\/14618"}],"wp:attachment":[{"href":"https:\/\/radioljubuski.ba\/index.php\/wp-json\/wp\/v2\/media?parent=130603"}],"wp:term":[{"taxonomy":"category","embeddable":true,"href":"https:\/\/radioljubuski.ba\/index.php\/wp-json\/wp\/v2\/categories?post=130603"},{"taxonomy":"post_tag","embeddable":true,"href":"https:\/\/radioljubuski.ba\/index.php\/wp-json\/wp\/v2\/tags?post=130603"}],"curies":[{"name":"wp","href":"https:\/\/api.w.org\/{rel}","templated":true}]}}