{"id":130640,"date":"2022-04-09T18:03:17","date_gmt":"2022-04-09T17:03:17","guid":{"rendered":"https:\/\/radioljubuski.ba\/?p=130640"},"modified":"2022-04-09T18:03:18","modified_gmt":"2022-04-09T17:03:18","slug":"vazno-upozorenje-za-sve-vozace-koji-prolaze-kroz-austriju-i-sloveniju","status":"publish","type":"post","link":"https:\/\/radioljubuski.ba\/index.php\/2022\/04\/09\/vazno-upozorenje-za-sve-vozace-koji-prolaze-kroz-austriju-i-sloveniju\/","title":{"rendered":"Va\u017eno upozorenje za sve voza\u010de koji prolaze kroz Austriju i Sloveniju"},"content":{"rendered":"\n<p>Austrijski autoklub \u00d6AMTC je prona\u0161ao je internetske portale na kojima se prodaju elektronske vinjete za europske autoceste mnogo skuplje nego na slu\u017ebenim stranicama tvrtki koje upravljaju mre\u017eom autocesta. Zbog toga je i izdano upozorenje kupcima se se vinjete kupuju smo kod ovla\u0161tenih tvrtki (ASFINAG u Austriji, Dars u Sloveniji\u2026). Vinjeta se preko raznih portala mo\u017ee kupiti za gotovo 70 posto vi\u0161i iznos nego kod slu\u017ebenog prodavatelja.<\/p>\n\n\n\n<p>Lako je nasjesti ovakvim portalima jer su profesionalno napravljeni, a \u010desto su i visoko na listi u tra\u017eilicama poput Googlea kada u njih unesete pojmove poput kupnje vinjeta.<\/p>\n\n\n\n<p>Ako \u017eelite biti sigurni, a niste ljubitelji internetskih kupnji, vinjete mo\u017eet ekupiti i osobno na prodajnim mjestima uz granice, navodi&nbsp;<a href=\"https:\/\/revijahak.hr\/2022\/04\/09\/vinjete-u-austriji-sloveniji-kupujte-smo-kod-ovlastenih-tvrtki-jer-na-nesluzbenim-portalima-cijene-mogu-biti-mnogo-vise\/\" target=\"_blank\" rel=\"noreferrer noopener\">Revija HAK.<\/a><\/p>\n\n\n\n<p>Izvor:revija HAK<\/p>\n","protected":false},"excerpt":{"rendered":"<p>Austrijski autoklub \u00d6AMTC je prona\u0161ao je internetske portale na kojima se prodaju elektronske vinjete za europske autoceste mnogo skuplje nego na slu\u017ebenim stranicama tvrtki koje upravljaju mre\u017eom autocesta. Zbog toga je i izdano upozorenje kupcima se se vinjete kupuju smo kod ovla\u0161tenih tvrtki (ASFINAG u Austriji, Dars u Sloveniji\u2026). Vinjeta se preko raznih portala mo\u017ee [&hellip;]<\/p>\n","protected":false},"author":2,"featured_media":130641,"comment_status":"closed","ping_status":"closed","sticky":false,"template":"","format":"standard","meta":{"h5ap_radio_sources":[],"footnotes":""},"categories":[1],"tags":[],"class_list":["post-130640","post","type-post","status-publish","format-standard","has-post-thumbnail","hentry","category-bihiregija"],"yoast_head":"<!-- This site is optimized with the Yoast SEO plugin v27.5 - https:\/\/yoast.com\/product\/yoast-seo-wordpress\/ -->\n<title>Va\u017eno upozorenje za sve voza\u010de koji prolaze kroz Austriju i Sloveniju - RADIO LJUBU\u0160KI<\/title>\n<meta name=\"robots\" content=\"index, follow, max-snippet:-1, max-image-preview:large, max-video-preview:-1\" \/>\n<link rel=\"canonical\" href=\"https:\/\/radioljubuski.ba\/index.php\/2022\/04\/09\/vazno-upozorenje-za-sve-vozace-koji-prolaze-kroz-austriju-i-sloveniju\/\" \/>\n<meta property=\"og:locale\" content=\"hr_HR\" \/>\n<meta property=\"og:type\" content=\"article\" \/>\n<meta property=\"og:title\" content=\"Va\u017eno upozorenje za sve voza\u010de koji prolaze kroz Austriju i Sloveniju - RADIO LJUBU\u0160KI\" \/>\n<meta property=\"og:description\" content=\"Austrijski autoklub \u00d6AMTC je prona\u0161ao je internetske portale na kojima se prodaju elektronske vinjete za europske autoceste mnogo skuplje nego na slu\u017ebenim stranicama tvrtki koje upravljaju mre\u017eom autocesta. Zbog toga je i izdano upozorenje kupcima se se vinjete kupuju smo kod ovla\u0161tenih tvrtki (ASFINAG u Austriji, Dars u Sloveniji\u2026). Vinjeta se preko raznih portala mo\u017ee [&hellip;]\" \/>\n<meta property=\"og:url\" content=\"https:\/\/radioljubuski.ba\/index.php\/2022\/04\/09\/vazno-upozorenje-za-sve-vozace-koji-prolaze-kroz-austriju-i-sloveniju\/\" \/>\n<meta property=\"og:site_name\" content=\"RADIO LJUBU\u0160KI\" \/>\n<meta property=\"article:publisher\" content=\"https:\/\/www.facebook.com\/Radiio-Ljubuski-1490835324566332\" \/>\n<meta property=\"article:published_time\" content=\"2022-04-09T17:03:17+00:00\" \/>\n<meta property=\"article:modified_time\" content=\"2022-04-09T17:03:18+00:00\" \/>\n<meta property=\"og:image\" content=\"https:\/\/radioljubuski.ba\/wp-content\/uploads\/2022\/04\/8-2021-11-19-09-24-04-SLOVENIJA-VINJETE.jpeg\" \/>\n\t<meta property=\"og:image:width\" content=\"1000\" \/>\n\t<meta property=\"og:image:height\" content=\"625\" \/>\n\t<meta property=\"og:image:type\" content=\"image\/jpeg\" \/>\n<meta name=\"author\" content=\"Radio Ljubu\u0161ki\" \/>\n<meta name=\"twitter:card\" content=\"summary_large_image\" \/>\n<meta name=\"twitter:creator\" content=\"@radioljubuski\" \/>\n<meta name=\"twitter:site\" content=\"@radioljubuski\" \/>\n<meta name=\"twitter:label1\" content=\"Napisao\/la\" \/>\n\t<meta name=\"twitter:data1\" content=\"Radio Ljubu\u0161ki\" \/>\n\t<meta name=\"twitter:label2\" content=\"Procijenjeno vrijeme \u010ditanja\" \/>\n\t<meta name=\"twitter:data2\" content=\"1 minuta\" \/>\n<script type=\"application\/ld+json\" class=\"yoast-schema-graph\">{\"@context\":\"https:\\\/\\\/schema.org\",\"@graph\":[{\"@type\":\"Article\",\"@id\":\"https:\\\/\\\/radioljubuski.ba\\\/index.php\\\/2022\\\/04\\\/09\\\/vazno-upozorenje-za-sve-vozace-koji-prolaze-kroz-austriju-i-sloveniju\\\/#article\",\"isPartOf\":{\"@id\":\"https:\\\/\\\/radioljubuski.ba\\\/index.php\\\/2022\\\/04\\\/09\\\/vazno-upozorenje-za-sve-vozace-koji-prolaze-kroz-austriju-i-sloveniju\\\/\"},\"author\":{\"name\":\"Radio Ljubu\u0161ki\",\"@id\":\"https:\\\/\\\/radioljubuski.ba\\\/#\\\/schema\\\/person\\\/19fc700381a780f69665d7956c469e3b\"},\"headline\":\"Va\u017eno upozorenje za sve voza\u010de koji prolaze kroz Austriju i Sloveniju\",\"datePublished\":\"2022-04-09T17:03:17+00:00\",\"dateModified\":\"2022-04-09T17:03:18+00:00\",\"mainEntityOfPage\":{\"@id\":\"https:\\\/\\\/radioljubuski.ba\\\/index.php\\\/2022\\\/04\\\/09\\\/vazno-upozorenje-za-sve-vozace-koji-prolaze-kroz-austriju-i-sloveniju\\\/\"},\"wordCount\":141,\"publisher\":{\"@id\":\"https:\\\/\\\/radioljubuski.ba\\\/#organization\"},\"image\":{\"@id\":\"https:\\\/\\\/radioljubuski.ba\\\/index.php\\\/2022\\\/04\\\/09\\\/vazno-upozorenje-za-sve-vozace-koji-prolaze-kroz-austriju-i-sloveniju\\\/#primaryimage\"},\"thumbnailUrl\":\"https:\\\/\\\/radioljubuski.ba\\\/wp-content\\\/uploads\\\/2022\\\/04\\\/8-2021-11-19-09-24-04-SLOVENIJA-VINJETE.jpeg\",\"articleSection\":[\"BIH i regija\"],\"inLanguage\":\"hr\"},{\"@type\":\"WebPage\",\"@id\":\"https:\\\/\\\/radioljubuski.ba\\\/index.php\\\/2022\\\/04\\\/09\\\/vazno-upozorenje-za-sve-vozace-koji-prolaze-kroz-austriju-i-sloveniju\\\/\",\"url\":\"https:\\\/\\\/radioljubuski.ba\\\/index.php\\\/2022\\\/04\\\/09\\\/vazno-upozorenje-za-sve-vozace-koji-prolaze-kroz-austriju-i-sloveniju\\\/\",\"name\":\"Va\u017eno upozorenje za sve voza\u010de koji prolaze kroz Austriju i Sloveniju - RADIO LJUBU\u0160KI\",\"isPartOf\":{\"@id\":\"https:\\\/\\\/radioljubuski.ba\\\/#website\"},\"primaryImageOfPage\":{\"@id\":\"https:\\\/\\\/radioljubuski.ba\\\/index.php\\\/2022\\\/04\\\/09\\\/vazno-upozorenje-za-sve-vozace-koji-prolaze-kroz-austriju-i-sloveniju\\\/#primaryimage\"},\"image\":{\"@id\":\"https:\\\/\\\/radioljubuski.ba\\\/index.php\\\/2022\\\/04\\\/09\\\/vazno-upozorenje-za-sve-vozace-koji-prolaze-kroz-austriju-i-sloveniju\\\/#primaryimage\"},\"thumbnailUrl\":\"https:\\\/\\\/radioljubuski.ba\\\/wp-content\\\/uploads\\\/2022\\\/04\\\/8-2021-11-19-09-24-04-SLOVENIJA-VINJETE.jpeg\",\"datePublished\":\"2022-04-09T17:03:17+00:00\",\"dateModified\":\"2022-04-09T17:03:18+00:00\",\"breadcrumb\":{\"@id\":\"https:\\\/\\\/radioljubuski.ba\\\/index.php\\\/2022\\\/04\\\/09\\\/vazno-upozorenje-za-sve-vozace-koji-prolaze-kroz-austriju-i-sloveniju\\\/#breadcrumb\"},\"inLanguage\":\"hr\",\"potentialAction\":[{\"@type\":\"ReadAction\",\"target\":[\"https:\\\/\\\/radioljubuski.ba\\\/index.php\\\/2022\\\/04\\\/09\\\/vazno-upozorenje-za-sve-vozace-koji-prolaze-kroz-austriju-i-sloveniju\\\/\"]}]},{\"@type\":\"ImageObject\",\"inLanguage\":\"hr\",\"@id\":\"https:\\\/\\\/radioljubuski.ba\\\/index.php\\\/2022\\\/04\\\/09\\\/vazno-upozorenje-za-sve-vozace-koji-prolaze-kroz-austriju-i-sloveniju\\\/#primaryimage\",\"url\":\"https:\\\/\\\/radioljubuski.ba\\\/wp-content\\\/uploads\\\/2022\\\/04\\\/8-2021-11-19-09-24-04-SLOVENIJA-VINJETE.jpeg\",\"contentUrl\":\"https:\\\/\\\/radioljubuski.ba\\\/wp-content\\\/uploads\\\/2022\\\/04\\\/8-2021-11-19-09-24-04-SLOVENIJA-VINJETE.jpeg\",\"width\":1000,\"height\":625},{\"@type\":\"BreadcrumbList\",\"@id\":\"https:\\\/\\\/radioljubuski.ba\\\/index.php\\\/2022\\\/04\\\/09\\\/vazno-upozorenje-za-sve-vozace-koji-prolaze-kroz-austriju-i-sloveniju\\\/#breadcrumb\",\"itemListElement\":[{\"@type\":\"ListItem\",\"position\":1,\"name\":\"Po\u010detna stranica\",\"item\":\"https:\\\/\\\/radioljubuski.ba\\\/\"},{\"@type\":\"ListItem\",\"position\":2,\"name\":\"Va\u017eno upozorenje za sve voza\u010de koji prolaze kroz Austriju i Sloveniju\"}]},{\"@type\":\"WebSite\",\"@id\":\"https:\\\/\\\/radioljubuski.ba\\\/#website\",\"url\":\"https:\\\/\\\/radioljubuski.ba\\\/\",\"name\":\"Radio Ljubu\u0161ki\",\"description\":\"Sun\u010dana frekvencija Hercegovine\",\"publisher\":{\"@id\":\"https:\\\/\\\/radioljubuski.ba\\\/#organization\"},\"potentialAction\":[{\"@type\":\"SearchAction\",\"target\":{\"@type\":\"EntryPoint\",\"urlTemplate\":\"https:\\\/\\\/radioljubuski.ba\\\/?s={search_term_string}\"},\"query-input\":{\"@type\":\"PropertyValueSpecification\",\"valueRequired\":true,\"valueName\":\"search_term_string\"}}],\"inLanguage\":\"hr\"},{\"@type\":\"Organization\",\"@id\":\"https:\\\/\\\/radioljubuski.ba\\\/#organization\",\"name\":\"Radio Ljubu\u0161ki\",\"url\":\"https:\\\/\\\/radioljubuski.ba\\\/\",\"logo\":{\"@type\":\"ImageObject\",\"inLanguage\":\"hr\",\"@id\":\"https:\\\/\\\/radioljubuski.ba\\\/#\\\/schema\\\/logo\\\/image\\\/\",\"url\":\"https:\\\/\\\/radioljubuski.ba\\\/wp-content\\\/uploads\\\/2021\\\/02\\\/cropped-Radio_Ljubuski_logo1.jpg\",\"contentUrl\":\"https:\\\/\\\/radioljubuski.ba\\\/wp-content\\\/uploads\\\/2021\\\/02\\\/cropped-Radio_Ljubuski_logo1.jpg\",\"width\":512,\"height\":512,\"caption\":\"Radio Ljubu\u0161ki\"},\"image\":{\"@id\":\"https:\\\/\\\/radioljubuski.ba\\\/#\\\/schema\\\/logo\\\/image\\\/\"},\"sameAs\":[\"https:\\\/\\\/www.facebook.com\\\/Radiio-Ljubuski-1490835324566332\",\"https:\\\/\\\/x.com\\\/radioljubuski\",\"https:\\\/\\\/hr.linkedin.com\\\/company\\\/radio-ljubuski\",\"https:\\\/\\\/www.youtube.com\\\/channel\\\/UCHYaeO_n0Db3tjNGudGpXyw\"]},{\"@type\":\"Person\",\"@id\":\"https:\\\/\\\/radioljubuski.ba\\\/#\\\/schema\\\/person\\\/19fc700381a780f69665d7956c469e3b\",\"name\":\"Radio Ljubu\u0161ki\"}]}<\/script>\n<!-- \/ Yoast SEO plugin. -->","yoast_head_json":{"title":"Va\u017eno upozorenje za sve voza\u010de koji prolaze kroz Austriju i Sloveniju - RADIO LJUBU\u0160KI","robots":{"index":"index","follow":"follow","max-snippet":"max-snippet:-1","max-image-preview":"max-image-preview:large","max-video-preview":"max-video-preview:-1"},"canonical":"https:\/\/radioljubuski.ba\/index.php\/2022\/04\/09\/vazno-upozorenje-za-sve-vozace-koji-prolaze-kroz-austriju-i-sloveniju\/","og_locale":"hr_HR","og_type":"article","og_title":"Va\u017eno upozorenje za sve voza\u010de koji prolaze kroz Austriju i Sloveniju - RADIO LJUBU\u0160KI","og_description":"Austrijski autoklub \u00d6AMTC je prona\u0161ao je internetske portale na kojima se prodaju elektronske vinjete za europske autoceste mnogo skuplje nego na slu\u017ebenim stranicama tvrtki koje upravljaju mre\u017eom autocesta. Zbog toga je i izdano upozorenje kupcima se se vinjete kupuju smo kod ovla\u0161tenih tvrtki (ASFINAG u Austriji, Dars u Sloveniji\u2026). Vinjeta se preko raznih portala mo\u017ee [&hellip;]","og_url":"https:\/\/radioljubuski.ba\/index.php\/2022\/04\/09\/vazno-upozorenje-za-sve-vozace-koji-prolaze-kroz-austriju-i-sloveniju\/","og_site_name":"RADIO LJUBU\u0160KI","article_publisher":"https:\/\/www.facebook.com\/Radiio-Ljubuski-1490835324566332","article_published_time":"2022-04-09T17:03:17+00:00","article_modified_time":"2022-04-09T17:03:18+00:00","og_image":[{"width":1000,"height":625,"url":"https:\/\/radioljubuski.ba\/wp-content\/uploads\/2022\/04\/8-2021-11-19-09-24-04-SLOVENIJA-VINJETE.jpeg","type":"image\/jpeg"}],"author":"Radio Ljubu\u0161ki","twitter_card":"summary_large_image","twitter_creator":"@radioljubuski","twitter_site":"@radioljubuski","twitter_misc":{"Napisao\/la":"Radio Ljubu\u0161ki","Procijenjeno vrijeme \u010ditanja":"1 minuta"},"schema":{"@context":"https:\/\/schema.org","@graph":[{"@type":"Article","@id":"https:\/\/radioljubuski.ba\/index.php\/2022\/04\/09\/vazno-upozorenje-za-sve-vozace-koji-prolaze-kroz-austriju-i-sloveniju\/#article","isPartOf":{"@id":"https:\/\/radioljubuski.ba\/index.php\/2022\/04\/09\/vazno-upozorenje-za-sve-vozace-koji-prolaze-kroz-austriju-i-sloveniju\/"},"author":{"name":"Radio Ljubu\u0161ki","@id":"https:\/\/radioljubuski.ba\/#\/schema\/person\/19fc700381a780f69665d7956c469e3b"},"headline":"Va\u017eno upozorenje za sve voza\u010de koji prolaze kroz Austriju i Sloveniju","datePublished":"2022-04-09T17:03:17+00:00","dateModified":"2022-04-09T17:03:18+00:00","mainEntityOfPage":{"@id":"https:\/\/radioljubuski.ba\/index.php\/2022\/04\/09\/vazno-upozorenje-za-sve-vozace-koji-prolaze-kroz-austriju-i-sloveniju\/"},"wordCount":141,"publisher":{"@id":"https:\/\/radioljubuski.ba\/#organization"},"image":{"@id":"https:\/\/radioljubuski.ba\/index.php\/2022\/04\/09\/vazno-upozorenje-za-sve-vozace-koji-prolaze-kroz-austriju-i-sloveniju\/#primaryimage"},"thumbnailUrl":"https:\/\/radioljubuski.ba\/wp-content\/uploads\/2022\/04\/8-2021-11-19-09-24-04-SLOVENIJA-VINJETE.jpeg","articleSection":["BIH i regija"],"inLanguage":"hr"},{"@type":"WebPage","@id":"https:\/\/radioljubuski.ba\/index.php\/2022\/04\/09\/vazno-upozorenje-za-sve-vozace-koji-prolaze-kroz-austriju-i-sloveniju\/","url":"https:\/\/radioljubuski.ba\/index.php\/2022\/04\/09\/vazno-upozorenje-za-sve-vozace-koji-prolaze-kroz-austriju-i-sloveniju\/","name":"Va\u017eno upozorenje za sve voza\u010de koji prolaze kroz Austriju i Sloveniju - RADIO LJUBU\u0160KI","isPartOf":{"@id":"https:\/\/radioljubuski.ba\/#website"},"primaryImageOfPage":{"@id":"https:\/\/radioljubuski.ba\/index.php\/2022\/04\/09\/vazno-upozorenje-za-sve-vozace-koji-prolaze-kroz-austriju-i-sloveniju\/#primaryimage"},"image":{"@id":"https:\/\/radioljubuski.ba\/index.php\/2022\/04\/09\/vazno-upozorenje-za-sve-vozace-koji-prolaze-kroz-austriju-i-sloveniju\/#primaryimage"},"thumbnailUrl":"https:\/\/radioljubuski.ba\/wp-content\/uploads\/2022\/04\/8-2021-11-19-09-24-04-SLOVENIJA-VINJETE.jpeg","datePublished":"2022-04-09T17:03:17+00:00","dateModified":"2022-04-09T17:03:18+00:00","breadcrumb":{"@id":"https:\/\/radioljubuski.ba\/index.php\/2022\/04\/09\/vazno-upozorenje-za-sve-vozace-koji-prolaze-kroz-austriju-i-sloveniju\/#breadcrumb"},"inLanguage":"hr","potentialAction":[{"@type":"ReadAction","target":["https:\/\/radioljubuski.ba\/index.php\/2022\/04\/09\/vazno-upozorenje-za-sve-vozace-koji-prolaze-kroz-austriju-i-sloveniju\/"]}]},{"@type":"ImageObject","inLanguage":"hr","@id":"https:\/\/radioljubuski.ba\/index.php\/2022\/04\/09\/vazno-upozorenje-za-sve-vozace-koji-prolaze-kroz-austriju-i-sloveniju\/#primaryimage","url":"https:\/\/radioljubuski.ba\/wp-content\/uploads\/2022\/04\/8-2021-11-19-09-24-04-SLOVENIJA-VINJETE.jpeg","contentUrl":"https:\/\/radioljubuski.ba\/wp-content\/uploads\/2022\/04\/8-2021-11-19-09-24-04-SLOVENIJA-VINJETE.jpeg","width":1000,"height":625},{"@type":"BreadcrumbList","@id":"https:\/\/radioljubuski.ba\/index.php\/2022\/04\/09\/vazno-upozorenje-za-sve-vozace-koji-prolaze-kroz-austriju-i-sloveniju\/#breadcrumb","itemListElement":[{"@type":"ListItem","position":1,"name":"Po\u010detna stranica","item":"https:\/\/radioljubuski.ba\/"},{"@type":"ListItem","position":2,"name":"Va\u017eno upozorenje za sve voza\u010de koji prolaze kroz Austriju i Sloveniju"}]},{"@type":"WebSite","@id":"https:\/\/radioljubuski.ba\/#website","url":"https:\/\/radioljubuski.ba\/","name":"Radio Ljubu\u0161ki","description":"Sun\u010dana frekvencija Hercegovine","publisher":{"@id":"https:\/\/radioljubuski.ba\/#organization"},"potentialAction":[{"@type":"SearchAction","target":{"@type":"EntryPoint","urlTemplate":"https:\/\/radioljubuski.ba\/?s={search_term_string}"},"query-input":{"@type":"PropertyValueSpecification","valueRequired":true,"valueName":"search_term_string"}}],"inLanguage":"hr"},{"@type":"Organization","@id":"https:\/\/radioljubuski.ba\/#organization","name":"Radio Ljubu\u0161ki","url":"https:\/\/radioljubuski.ba\/","logo":{"@type":"ImageObject","inLanguage":"hr","@id":"https:\/\/radioljubuski.ba\/#\/schema\/logo\/image\/","url":"https:\/\/radioljubuski.ba\/wp-content\/uploads\/2021\/02\/cropped-Radio_Ljubuski_logo1.jpg","contentUrl":"https:\/\/radioljubuski.ba\/wp-content\/uploads\/2021\/02\/cropped-Radio_Ljubuski_logo1.jpg","width":512,"height":512,"caption":"Radio Ljubu\u0161ki"},"image":{"@id":"https:\/\/radioljubuski.ba\/#\/schema\/logo\/image\/"},"sameAs":["https:\/\/www.facebook.com\/Radiio-Ljubuski-1490835324566332","https:\/\/x.com\/radioljubuski","https:\/\/hr.linkedin.com\/company\/radio-ljubuski","https:\/\/www.youtube.com\/channel\/UCHYaeO_n0Db3tjNGudGpXyw"]},{"@type":"Person","@id":"https:\/\/radioljubuski.ba\/#\/schema\/person\/19fc700381a780f69665d7956c469e3b","name":"Radio Ljubu\u0161ki"}]}},"_links":{"self":[{"href":"https:\/\/radioljubuski.ba\/index.php\/wp-json\/wp\/v2\/posts\/130640","targetHints":{"allow":["GET"]}}],"collection":[{"href":"https:\/\/radioljubuski.ba\/index.php\/wp-json\/wp\/v2\/posts"}],"about":[{"href":"https:\/\/radioljubuski.ba\/index.php\/wp-json\/wp\/v2\/types\/post"}],"author":[{"embeddable":true,"href":"https:\/\/radioljubuski.ba\/index.php\/wp-json\/wp\/v2\/users\/2"}],"replies":[{"embeddable":true,"href":"https:\/\/radioljubuski.ba\/index.php\/wp-json\/wp\/v2\/comments?post=130640"}],"version-history":[{"count":1,"href":"https:\/\/radioljubuski.ba\/index.php\/wp-json\/wp\/v2\/posts\/130640\/revisions"}],"predecessor-version":[{"id":130642,"href":"https:\/\/radioljubuski.ba\/index.php\/wp-json\/wp\/v2\/posts\/130640\/revisions\/130642"}],"wp:featuredmedia":[{"embeddable":true,"href":"https:\/\/radioljubuski.ba\/index.php\/wp-json\/wp\/v2\/media\/130641"}],"wp:attachment":[{"href":"https:\/\/radioljubuski.ba\/index.php\/wp-json\/wp\/v2\/media?parent=130640"}],"wp:term":[{"taxonomy":"category","embeddable":true,"href":"https:\/\/radioljubuski.ba\/index.php\/wp-json\/wp\/v2\/categories?post=130640"},{"taxonomy":"post_tag","embeddable":true,"href":"https:\/\/radioljubuski.ba\/index.php\/wp-json\/wp\/v2\/tags?post=130640"}],"curies":[{"name":"wp","href":"https:\/\/api.w.org\/{rel}","templated":true}]}}