{"id":130650,"date":"2022-04-09T18:10:24","date_gmt":"2022-04-09T17:10:24","guid":{"rendered":"https:\/\/radioljubuski.ba\/?p=130650"},"modified":"2022-04-09T18:10:26","modified_gmt":"2022-04-09T17:10:26","slug":"tri-sestre-pozvane-biti-redovnice-u-istom-redovnickom-redu","status":"publish","type":"post","link":"https:\/\/radioljubuski.ba\/index.php\/2022\/04\/09\/tri-sestre-pozvane-biti-redovnice-u-istom-redovnickom-redu\/","title":{"rendered":"Tri sestre pozvane biti redovnice u istom redovni\u010dkom redu"},"content":{"rendered":"\n<p>S. Mariana, s. Roziane i s. Isabela Guimaraes, tri su ro\u0111ene sestre koje su prigrlile poziv biti redovnicama u istoj dru\u017ebi: Institutu sestara Gospe od Dobrog Savjeta.<\/p>\n\n\n\n<p><br>Danas 50-godi\u0161nja s. Mariana i 35-godi\u0161nja s. Isabela \u017eive u istoj ku\u0107i dru\u017ebe koja se nalazi u Marici, u brazilskoj dr\u017eavi Rio de Janeiro. Mariana je savjetnica i dio uprave instituta, a Isabela brine o starijim \u010dasnim sestrama. Sestra Roziane (37), \u017eivi u Belo Horizonteu u dr\u017eavi Minas Gerais.<\/p>\n\n\n\n<p><strong>Svaka na svoj na\u010din<\/strong><\/p>\n\n\n\n<p>U izjavi za&nbsp;<a href=\"https:\/\/www.catholicnewsagency.com\/news\/250909\/three-sisters-were-called-to-be-nuns-in-the-same-religious-order\" target=\"_blank\" rel=\"noreferrer noopener\">CNA na portugalskom jeziku<\/a>, redovnice su ispri\u010dale da su ro\u0111ene u Virginiji u Minas Geraisu u katoli\u010dkoj obitelji od 13 djece, od kojih je dvoje umrlo u djetinjstvu, prenosi&nbsp;<a href=\"https:\/\/www.nedjelja.ba\/hr\/ljudi-zivot-obicaji\/tri-sestre-pozvane-biti-redovnice-u-istoj-druzbi\/24849\" target=\"_blank\" rel=\"noreferrer noopener\">Nedjelja.ba<\/a><\/p>\n\n\n\n<p>Kazale su kako su njihovi roditelji klju\u010dni za njihov redovni\u010dki poziv, jer su ih svojim primjerom u\u010dili \u017eivjeti svoju vjeru u Krista. No, rekle su da, iako potje\u010du iz iste obitelji i slijede istu karizmu, svaka \u017eivi svoj poziv na svoj na\u010din, u skladu sa svojim na\u010dinom postojanja.<\/p>\n\n\n\n<p>\u201eNa\u0161a majka nas je nau\u010dila \u017eivjeti svaka na svoj na\u010din. Dakle, iako smo redovnice, i u istoj smo kongregaciji, ne mije\u0161amo se jedna drugoj u \u017eivot\u201c, objasnila je s. Mariana.<\/p>\n\n\n\n<p>Ona je prva slijedila svoj poziv, budu\u0107i da je u samostan u\u0161la s 12 godina. \u201eVe\u0107 u toj dobi osjetila sam ovaj poziv da budem bli\u017ee Bogu\u201c, rekla je te ispri\u010dala kako je zahvaljuju\u0107i vodstvu sve\u0107enika iz svoje \u017eupe upoznala sestre Dobrog Savjeta, i da je mjesec dana nakon Rozianeina ro\u0111enja pristupila dru\u017ebi.<\/p>\n\n\n\n<p><strong>Po uzoru na stariju sestru<\/strong><\/p>\n\n\n\n<p>Sljede\u0107a je bila s. Roziane, koja je u samostan u\u0161la 2002. Rekla je kako se \u201eblago sje\u0107a\u201c da je ve\u0107 s tri godine izrazila \u017eelju po\u0107i u samostan, iako \u201ejo\u0161 nije vidjela sestru Marianu\u201c, koja je samo svratila ku\u0107i tri godine kasnije.<\/p>\n\n\n\n<p>S. Roziane je ispri\u010dala kako je nakon nekog vremena s. Mariana po\u010dela posje\u0107ivati svoju obitelj jednom godi\u0161nje te ju je znala pitati \u017eeli li i\u0107i u samostan, \u201ejer je znala za tu \u017eelju\u201c. Odgovorila je kako \u017eeli pri\u010dekati dok ne zavr\u0161i \u0161kolu; me\u0111utim, rekla je da je u drugoj godini srednje \u0161kole vi\u0161e razmi\u0161ljala o svom pozivu.<\/p>\n\n\n\n<p>\u201eVe\u0107 sam se zabavljala i moj je de\u010dko bio dobar, ali nije probudio tu ljubav u meni. Tada sam shvatila koji je moj poziv. Kad je s. Mariana bila kod ku\u0107e, u sije\u010dnju, oti\u0161la sam s njom u samostan\u201c, prisjetila se.<\/p>\n\n\n\n<p><strong>Sna\u017ean zov<\/strong><\/p>\n\n\n\n<p>Posljednja je bila s. Isabela, koja je u samostan u\u0161la 2013. Ispri\u010dala je kako isprva nije razmi\u0161ljala o tome da bude redovnica, sve dok 2005. nije odlu\u010dila pro\u0161etati samostanom. Zatim je nastavila posje\u0107ivati samostan jo\u0161 osam godina. Me\u0111utim, nije se htjela pridru\u017eiti redovnicama samo zato \u0161to su tamo bile njezine dvije sestre.<\/p>\n\n\n\n<p>\u201eNoi kad sam do\u0161la na maturu s. Mariane, i kad je do\u0161lo vrijeme za odlazak, pro\u0161la sam pored kapelice i osjetila ne\u0161to sna\u017eno, druga\u010dije. Tada sam rekla da i ja \u017eelim ostati\u201c, prisjetila se.<\/p>\n\n\n\n<p><strong>I majka je htjela biti redovnicom<\/strong><\/p>\n\n\n\n<p>S. Mariana je kazala da je i njezina majka htjela biti redovnica kad je bila mlada, ali nije mogla, \u201ejer je u to vrijeme bilo te\u017ee\u201c.<\/p>\n\n\n\n<p>Prisjetila se kako joj je majka nedavno rekla da je tada povjerila jednoj osobi koja je molila za nju, svoju nemogu\u0107u \u017eelju da bude \u010dasna sestra, a ova ju je poticala da se \u201emoli za svoju djecu\u201c. \u201eMolila je i danas u samostanu nema samo jednu, nego tri k\u0107eri\u201c, dodala je s. Roziane.<\/p>\n\n\n\n<p>Stoga ove redovnice smatraju kako je uloga roditelja klju\u010dna u oblikovanju zvanja djece. \u201eAko mogu dati savjet roditeljima, to je prije svega neka nastoje \u017eivjeti kao kr\u0161\u0107ani, kao dobri kr\u0161\u0107ani, jer ne evangelizira toliko pri\u010danje, koliko \u2013 puno vi\u0161e \u2013 \u017eivljenje. Vidjeli smo na\u0161e roditelje kako se mole, idu u crkvu. Dakle, primjer ima ve\u0107u te\u017einu nego pri\u010danje\u201c, rekla je s. Mariana.<\/p>\n\n\n\n<p><strong>Potrebno duhovno vodstvo<\/strong><\/p>\n\n\n\n<p>Za s. Roziane, na odluku da u\u0111e u isti samostan donekle je utjecalo i to \u0161to je \u201eimala sestru u dru\u017ebi\u201c koja im je pomogla \u201espoznati kako stvari funkcioniraju\u201c, ali s vremenom su \u201eshvatile da je to, zapravo, bio poziv od Bog toj karizmi, jer smo u njoj na\u0161le ispunjenje. Da nije bilo toga, mo\u017eda bismo tra\u017eili druge institute\u201c, rekla je s. Roziane.<\/p>\n\n\n\n<p>Kako je potvrdila s. Isabela, s. Roziane je istaknula da su se na po\u010detku pitale je li njihov ulazak u kongregaciju samo \u017eelja da budu poput svoje starije sestre. \u201eAli s vremenom u redovni\u010dkom \u017eivotu vidimo da se nakane pro\u010di\u0161\u0107avaju, jer dolaze ku\u0161nje na\u0161ega stanja u \u017eivotu, dolaze ku\u0161nje poslanja.\u201c<\/p>\n\n\n\n<p>Postoje i drugi slu\u010dajevi da ro\u0111ene sestre pripadaju Institutu sestara Gospe od Dobrog Savjeta. Prema rije\u010dima s. Roziane, to \u201enikada nije izazvalo nikakav problem, jer rijetko kad idete na posao sa svojom sestrom\u201c. S. Mariana je dodala kako im je utemeljiteljica dru\u017ebe, majka Mar\u00eda Bernadete, koja je preminula 2019., \u201epo\u017eeljela dobrodo\u0161licu i znala nas jako dobro voditi kako bi svaka mogla \u017eivjeti svoj poziv\u201c.<\/p>\n\n\n\n<p>Izvor:nedjelja.ba<\/p>\n","protected":false},"excerpt":{"rendered":"<p>S. Mariana, s. Roziane i s. Isabela Guimaraes, tri su ro\u0111ene sestre koje su prigrlile poziv biti redovnicama u istoj dru\u017ebi: Institutu sestara Gospe od Dobrog Savjeta. Danas 50-godi\u0161nja s. Mariana i 35-godi\u0161nja s. Isabela \u017eive u istoj ku\u0107i dru\u017ebe koja se nalazi u Marici, u brazilskoj dr\u017eavi Rio de Janeiro. Mariana je savjetnica i [&hellip;]<\/p>\n","protected":false},"author":2,"featured_media":130651,"comment_status":"closed","ping_status":"closed","sticky":false,"template":"","format":"standard","meta":{"h5ap_radio_sources":[],"footnotes":""},"categories":[1],"tags":[],"class_list":["post-130650","post","type-post","status-publish","format-standard","has-post-thumbnail","hentry","category-bihiregija"],"yoast_head":"<!-- This site is optimized with the Yoast SEO plugin v27.5 - https:\/\/yoast.com\/product\/yoast-seo-wordpress\/ -->\n<title>Tri sestre pozvane biti redovnice u istom redovni\u010dkom redu - RADIO LJUBU\u0160KI<\/title>\n<meta name=\"robots\" content=\"index, follow, max-snippet:-1, max-image-preview:large, max-video-preview:-1\" \/>\n<link rel=\"canonical\" href=\"https:\/\/radioljubuski.ba\/index.php\/2022\/04\/09\/tri-sestre-pozvane-biti-redovnice-u-istom-redovnickom-redu\/\" \/>\n<meta property=\"og:locale\" content=\"hr_HR\" \/>\n<meta property=\"og:type\" content=\"article\" \/>\n<meta property=\"og:title\" content=\"Tri sestre pozvane biti redovnice u istom redovni\u010dkom redu - RADIO LJUBU\u0160KI\" \/>\n<meta property=\"og:description\" content=\"S. Mariana, s. Roziane i s. Isabela Guimaraes, tri su ro\u0111ene sestre koje su prigrlile poziv biti redovnicama u istoj dru\u017ebi: Institutu sestara Gospe od Dobrog Savjeta. Danas 50-godi\u0161nja s. Mariana i 35-godi\u0161nja s. Isabela \u017eive u istoj ku\u0107i dru\u017ebe koja se nalazi u Marici, u brazilskoj dr\u017eavi Rio de Janeiro. Mariana je savjetnica i [&hellip;]\" \/>\n<meta property=\"og:url\" content=\"https:\/\/radioljubuski.ba\/index.php\/2022\/04\/09\/tri-sestre-pozvane-biti-redovnice-u-istom-redovnickom-redu\/\" \/>\n<meta property=\"og:site_name\" content=\"RADIO LJUBU\u0160KI\" \/>\n<meta property=\"article:publisher\" content=\"https:\/\/www.facebook.com\/Radiio-Ljubuski-1490835324566332\" \/>\n<meta property=\"article:published_time\" content=\"2022-04-09T17:10:24+00:00\" \/>\n<meta property=\"article:modified_time\" content=\"2022-04-09T17:10:26+00:00\" \/>\n<meta property=\"og:image\" content=\"https:\/\/radioljubuski.ba\/wp-content\/uploads\/2022\/04\/8-2022-04-09-15-28-54-sestre-redovnice.jpeg\" \/>\n\t<meta property=\"og:image:width\" content=\"1000\" \/>\n\t<meta property=\"og:image:height\" content=\"625\" \/>\n\t<meta property=\"og:image:type\" content=\"image\/jpeg\" \/>\n<meta name=\"author\" content=\"Radio Ljubu\u0161ki\" \/>\n<meta name=\"twitter:card\" content=\"summary_large_image\" \/>\n<meta name=\"twitter:creator\" content=\"@radioljubuski\" \/>\n<meta name=\"twitter:site\" content=\"@radioljubuski\" \/>\n<meta name=\"twitter:label1\" content=\"Napisao\/la\" \/>\n\t<meta name=\"twitter:data1\" content=\"Radio Ljubu\u0161ki\" \/>\n\t<meta name=\"twitter:label2\" content=\"Procijenjeno vrijeme \u010ditanja\" \/>\n\t<meta name=\"twitter:data2\" content=\"4 minute\" \/>\n<script type=\"application\/ld+json\" class=\"yoast-schema-graph\">{\"@context\":\"https:\\\/\\\/schema.org\",\"@graph\":[{\"@type\":\"Article\",\"@id\":\"https:\\\/\\\/radioljubuski.ba\\\/index.php\\\/2022\\\/04\\\/09\\\/tri-sestre-pozvane-biti-redovnice-u-istom-redovnickom-redu\\\/#article\",\"isPartOf\":{\"@id\":\"https:\\\/\\\/radioljubuski.ba\\\/index.php\\\/2022\\\/04\\\/09\\\/tri-sestre-pozvane-biti-redovnice-u-istom-redovnickom-redu\\\/\"},\"author\":{\"name\":\"Radio Ljubu\u0161ki\",\"@id\":\"https:\\\/\\\/radioljubuski.ba\\\/#\\\/schema\\\/person\\\/19fc700381a780f69665d7956c469e3b\"},\"headline\":\"Tri sestre pozvane biti redovnice u istom redovni\u010dkom redu\",\"datePublished\":\"2022-04-09T17:10:24+00:00\",\"dateModified\":\"2022-04-09T17:10:26+00:00\",\"mainEntityOfPage\":{\"@id\":\"https:\\\/\\\/radioljubuski.ba\\\/index.php\\\/2022\\\/04\\\/09\\\/tri-sestre-pozvane-biti-redovnice-u-istom-redovnickom-redu\\\/\"},\"wordCount\":906,\"publisher\":{\"@id\":\"https:\\\/\\\/radioljubuski.ba\\\/#organization\"},\"image\":{\"@id\":\"https:\\\/\\\/radioljubuski.ba\\\/index.php\\\/2022\\\/04\\\/09\\\/tri-sestre-pozvane-biti-redovnice-u-istom-redovnickom-redu\\\/#primaryimage\"},\"thumbnailUrl\":\"https:\\\/\\\/radioljubuski.ba\\\/wp-content\\\/uploads\\\/2022\\\/04\\\/8-2022-04-09-15-28-54-sestre-redovnice.jpeg\",\"articleSection\":[\"BIH i regija\"],\"inLanguage\":\"hr\"},{\"@type\":\"WebPage\",\"@id\":\"https:\\\/\\\/radioljubuski.ba\\\/index.php\\\/2022\\\/04\\\/09\\\/tri-sestre-pozvane-biti-redovnice-u-istom-redovnickom-redu\\\/\",\"url\":\"https:\\\/\\\/radioljubuski.ba\\\/index.php\\\/2022\\\/04\\\/09\\\/tri-sestre-pozvane-biti-redovnice-u-istom-redovnickom-redu\\\/\",\"name\":\"Tri sestre pozvane biti redovnice u istom redovni\u010dkom redu - RADIO LJUBU\u0160KI\",\"isPartOf\":{\"@id\":\"https:\\\/\\\/radioljubuski.ba\\\/#website\"},\"primaryImageOfPage\":{\"@id\":\"https:\\\/\\\/radioljubuski.ba\\\/index.php\\\/2022\\\/04\\\/09\\\/tri-sestre-pozvane-biti-redovnice-u-istom-redovnickom-redu\\\/#primaryimage\"},\"image\":{\"@id\":\"https:\\\/\\\/radioljubuski.ba\\\/index.php\\\/2022\\\/04\\\/09\\\/tri-sestre-pozvane-biti-redovnice-u-istom-redovnickom-redu\\\/#primaryimage\"},\"thumbnailUrl\":\"https:\\\/\\\/radioljubuski.ba\\\/wp-content\\\/uploads\\\/2022\\\/04\\\/8-2022-04-09-15-28-54-sestre-redovnice.jpeg\",\"datePublished\":\"2022-04-09T17:10:24+00:00\",\"dateModified\":\"2022-04-09T17:10:26+00:00\",\"breadcrumb\":{\"@id\":\"https:\\\/\\\/radioljubuski.ba\\\/index.php\\\/2022\\\/04\\\/09\\\/tri-sestre-pozvane-biti-redovnice-u-istom-redovnickom-redu\\\/#breadcrumb\"},\"inLanguage\":\"hr\",\"potentialAction\":[{\"@type\":\"ReadAction\",\"target\":[\"https:\\\/\\\/radioljubuski.ba\\\/index.php\\\/2022\\\/04\\\/09\\\/tri-sestre-pozvane-biti-redovnice-u-istom-redovnickom-redu\\\/\"]}]},{\"@type\":\"ImageObject\",\"inLanguage\":\"hr\",\"@id\":\"https:\\\/\\\/radioljubuski.ba\\\/index.php\\\/2022\\\/04\\\/09\\\/tri-sestre-pozvane-biti-redovnice-u-istom-redovnickom-redu\\\/#primaryimage\",\"url\":\"https:\\\/\\\/radioljubuski.ba\\\/wp-content\\\/uploads\\\/2022\\\/04\\\/8-2022-04-09-15-28-54-sestre-redovnice.jpeg\",\"contentUrl\":\"https:\\\/\\\/radioljubuski.ba\\\/wp-content\\\/uploads\\\/2022\\\/04\\\/8-2022-04-09-15-28-54-sestre-redovnice.jpeg\",\"width\":1000,\"height\":625},{\"@type\":\"BreadcrumbList\",\"@id\":\"https:\\\/\\\/radioljubuski.ba\\\/index.php\\\/2022\\\/04\\\/09\\\/tri-sestre-pozvane-biti-redovnice-u-istom-redovnickom-redu\\\/#breadcrumb\",\"itemListElement\":[{\"@type\":\"ListItem\",\"position\":1,\"name\":\"Po\u010detna stranica\",\"item\":\"https:\\\/\\\/radioljubuski.ba\\\/\"},{\"@type\":\"ListItem\",\"position\":2,\"name\":\"Tri sestre pozvane biti redovnice u istom redovni\u010dkom redu\"}]},{\"@type\":\"WebSite\",\"@id\":\"https:\\\/\\\/radioljubuski.ba\\\/#website\",\"url\":\"https:\\\/\\\/radioljubuski.ba\\\/\",\"name\":\"Radio Ljubu\u0161ki\",\"description\":\"Sun\u010dana frekvencija Hercegovine\",\"publisher\":{\"@id\":\"https:\\\/\\\/radioljubuski.ba\\\/#organization\"},\"potentialAction\":[{\"@type\":\"SearchAction\",\"target\":{\"@type\":\"EntryPoint\",\"urlTemplate\":\"https:\\\/\\\/radioljubuski.ba\\\/?s={search_term_string}\"},\"query-input\":{\"@type\":\"PropertyValueSpecification\",\"valueRequired\":true,\"valueName\":\"search_term_string\"}}],\"inLanguage\":\"hr\"},{\"@type\":\"Organization\",\"@id\":\"https:\\\/\\\/radioljubuski.ba\\\/#organization\",\"name\":\"Radio Ljubu\u0161ki\",\"url\":\"https:\\\/\\\/radioljubuski.ba\\\/\",\"logo\":{\"@type\":\"ImageObject\",\"inLanguage\":\"hr\",\"@id\":\"https:\\\/\\\/radioljubuski.ba\\\/#\\\/schema\\\/logo\\\/image\\\/\",\"url\":\"https:\\\/\\\/radioljubuski.ba\\\/wp-content\\\/uploads\\\/2021\\\/02\\\/cropped-Radio_Ljubuski_logo1.jpg\",\"contentUrl\":\"https:\\\/\\\/radioljubuski.ba\\\/wp-content\\\/uploads\\\/2021\\\/02\\\/cropped-Radio_Ljubuski_logo1.jpg\",\"width\":512,\"height\":512,\"caption\":\"Radio Ljubu\u0161ki\"},\"image\":{\"@id\":\"https:\\\/\\\/radioljubuski.ba\\\/#\\\/schema\\\/logo\\\/image\\\/\"},\"sameAs\":[\"https:\\\/\\\/www.facebook.com\\\/Radiio-Ljubuski-1490835324566332\",\"https:\\\/\\\/x.com\\\/radioljubuski\",\"https:\\\/\\\/hr.linkedin.com\\\/company\\\/radio-ljubuski\",\"https:\\\/\\\/www.youtube.com\\\/channel\\\/UCHYaeO_n0Db3tjNGudGpXyw\"]},{\"@type\":\"Person\",\"@id\":\"https:\\\/\\\/radioljubuski.ba\\\/#\\\/schema\\\/person\\\/19fc700381a780f69665d7956c469e3b\",\"name\":\"Radio Ljubu\u0161ki\"}]}<\/script>\n<!-- \/ Yoast SEO plugin. -->","yoast_head_json":{"title":"Tri sestre pozvane biti redovnice u istom redovni\u010dkom redu - RADIO LJUBU\u0160KI","robots":{"index":"index","follow":"follow","max-snippet":"max-snippet:-1","max-image-preview":"max-image-preview:large","max-video-preview":"max-video-preview:-1"},"canonical":"https:\/\/radioljubuski.ba\/index.php\/2022\/04\/09\/tri-sestre-pozvane-biti-redovnice-u-istom-redovnickom-redu\/","og_locale":"hr_HR","og_type":"article","og_title":"Tri sestre pozvane biti redovnice u istom redovni\u010dkom redu - RADIO LJUBU\u0160KI","og_description":"S. Mariana, s. Roziane i s. Isabela Guimaraes, tri su ro\u0111ene sestre koje su prigrlile poziv biti redovnicama u istoj dru\u017ebi: Institutu sestara Gospe od Dobrog Savjeta. Danas 50-godi\u0161nja s. Mariana i 35-godi\u0161nja s. Isabela \u017eive u istoj ku\u0107i dru\u017ebe koja se nalazi u Marici, u brazilskoj dr\u017eavi Rio de Janeiro. Mariana je savjetnica i [&hellip;]","og_url":"https:\/\/radioljubuski.ba\/index.php\/2022\/04\/09\/tri-sestre-pozvane-biti-redovnice-u-istom-redovnickom-redu\/","og_site_name":"RADIO LJUBU\u0160KI","article_publisher":"https:\/\/www.facebook.com\/Radiio-Ljubuski-1490835324566332","article_published_time":"2022-04-09T17:10:24+00:00","article_modified_time":"2022-04-09T17:10:26+00:00","og_image":[{"width":1000,"height":625,"url":"https:\/\/radioljubuski.ba\/wp-content\/uploads\/2022\/04\/8-2022-04-09-15-28-54-sestre-redovnice.jpeg","type":"image\/jpeg"}],"author":"Radio Ljubu\u0161ki","twitter_card":"summary_large_image","twitter_creator":"@radioljubuski","twitter_site":"@radioljubuski","twitter_misc":{"Napisao\/la":"Radio Ljubu\u0161ki","Procijenjeno vrijeme \u010ditanja":"4 minute"},"schema":{"@context":"https:\/\/schema.org","@graph":[{"@type":"Article","@id":"https:\/\/radioljubuski.ba\/index.php\/2022\/04\/09\/tri-sestre-pozvane-biti-redovnice-u-istom-redovnickom-redu\/#article","isPartOf":{"@id":"https:\/\/radioljubuski.ba\/index.php\/2022\/04\/09\/tri-sestre-pozvane-biti-redovnice-u-istom-redovnickom-redu\/"},"author":{"name":"Radio Ljubu\u0161ki","@id":"https:\/\/radioljubuski.ba\/#\/schema\/person\/19fc700381a780f69665d7956c469e3b"},"headline":"Tri sestre pozvane biti redovnice u istom redovni\u010dkom redu","datePublished":"2022-04-09T17:10:24+00:00","dateModified":"2022-04-09T17:10:26+00:00","mainEntityOfPage":{"@id":"https:\/\/radioljubuski.ba\/index.php\/2022\/04\/09\/tri-sestre-pozvane-biti-redovnice-u-istom-redovnickom-redu\/"},"wordCount":906,"publisher":{"@id":"https:\/\/radioljubuski.ba\/#organization"},"image":{"@id":"https:\/\/radioljubuski.ba\/index.php\/2022\/04\/09\/tri-sestre-pozvane-biti-redovnice-u-istom-redovnickom-redu\/#primaryimage"},"thumbnailUrl":"https:\/\/radioljubuski.ba\/wp-content\/uploads\/2022\/04\/8-2022-04-09-15-28-54-sestre-redovnice.jpeg","articleSection":["BIH i regija"],"inLanguage":"hr"},{"@type":"WebPage","@id":"https:\/\/radioljubuski.ba\/index.php\/2022\/04\/09\/tri-sestre-pozvane-biti-redovnice-u-istom-redovnickom-redu\/","url":"https:\/\/radioljubuski.ba\/index.php\/2022\/04\/09\/tri-sestre-pozvane-biti-redovnice-u-istom-redovnickom-redu\/","name":"Tri sestre pozvane biti redovnice u istom redovni\u010dkom redu - RADIO LJUBU\u0160KI","isPartOf":{"@id":"https:\/\/radioljubuski.ba\/#website"},"primaryImageOfPage":{"@id":"https:\/\/radioljubuski.ba\/index.php\/2022\/04\/09\/tri-sestre-pozvane-biti-redovnice-u-istom-redovnickom-redu\/#primaryimage"},"image":{"@id":"https:\/\/radioljubuski.ba\/index.php\/2022\/04\/09\/tri-sestre-pozvane-biti-redovnice-u-istom-redovnickom-redu\/#primaryimage"},"thumbnailUrl":"https:\/\/radioljubuski.ba\/wp-content\/uploads\/2022\/04\/8-2022-04-09-15-28-54-sestre-redovnice.jpeg","datePublished":"2022-04-09T17:10:24+00:00","dateModified":"2022-04-09T17:10:26+00:00","breadcrumb":{"@id":"https:\/\/radioljubuski.ba\/index.php\/2022\/04\/09\/tri-sestre-pozvane-biti-redovnice-u-istom-redovnickom-redu\/#breadcrumb"},"inLanguage":"hr","potentialAction":[{"@type":"ReadAction","target":["https:\/\/radioljubuski.ba\/index.php\/2022\/04\/09\/tri-sestre-pozvane-biti-redovnice-u-istom-redovnickom-redu\/"]}]},{"@type":"ImageObject","inLanguage":"hr","@id":"https:\/\/radioljubuski.ba\/index.php\/2022\/04\/09\/tri-sestre-pozvane-biti-redovnice-u-istom-redovnickom-redu\/#primaryimage","url":"https:\/\/radioljubuski.ba\/wp-content\/uploads\/2022\/04\/8-2022-04-09-15-28-54-sestre-redovnice.jpeg","contentUrl":"https:\/\/radioljubuski.ba\/wp-content\/uploads\/2022\/04\/8-2022-04-09-15-28-54-sestre-redovnice.jpeg","width":1000,"height":625},{"@type":"BreadcrumbList","@id":"https:\/\/radioljubuski.ba\/index.php\/2022\/04\/09\/tri-sestre-pozvane-biti-redovnice-u-istom-redovnickom-redu\/#breadcrumb","itemListElement":[{"@type":"ListItem","position":1,"name":"Po\u010detna stranica","item":"https:\/\/radioljubuski.ba\/"},{"@type":"ListItem","position":2,"name":"Tri sestre pozvane biti redovnice u istom redovni\u010dkom redu"}]},{"@type":"WebSite","@id":"https:\/\/radioljubuski.ba\/#website","url":"https:\/\/radioljubuski.ba\/","name":"Radio Ljubu\u0161ki","description":"Sun\u010dana frekvencija Hercegovine","publisher":{"@id":"https:\/\/radioljubuski.ba\/#organization"},"potentialAction":[{"@type":"SearchAction","target":{"@type":"EntryPoint","urlTemplate":"https:\/\/radioljubuski.ba\/?s={search_term_string}"},"query-input":{"@type":"PropertyValueSpecification","valueRequired":true,"valueName":"search_term_string"}}],"inLanguage":"hr"},{"@type":"Organization","@id":"https:\/\/radioljubuski.ba\/#organization","name":"Radio Ljubu\u0161ki","url":"https:\/\/radioljubuski.ba\/","logo":{"@type":"ImageObject","inLanguage":"hr","@id":"https:\/\/radioljubuski.ba\/#\/schema\/logo\/image\/","url":"https:\/\/radioljubuski.ba\/wp-content\/uploads\/2021\/02\/cropped-Radio_Ljubuski_logo1.jpg","contentUrl":"https:\/\/radioljubuski.ba\/wp-content\/uploads\/2021\/02\/cropped-Radio_Ljubuski_logo1.jpg","width":512,"height":512,"caption":"Radio Ljubu\u0161ki"},"image":{"@id":"https:\/\/radioljubuski.ba\/#\/schema\/logo\/image\/"},"sameAs":["https:\/\/www.facebook.com\/Radiio-Ljubuski-1490835324566332","https:\/\/x.com\/radioljubuski","https:\/\/hr.linkedin.com\/company\/radio-ljubuski","https:\/\/www.youtube.com\/channel\/UCHYaeO_n0Db3tjNGudGpXyw"]},{"@type":"Person","@id":"https:\/\/radioljubuski.ba\/#\/schema\/person\/19fc700381a780f69665d7956c469e3b","name":"Radio Ljubu\u0161ki"}]}},"_links":{"self":[{"href":"https:\/\/radioljubuski.ba\/index.php\/wp-json\/wp\/v2\/posts\/130650","targetHints":{"allow":["GET"]}}],"collection":[{"href":"https:\/\/radioljubuski.ba\/index.php\/wp-json\/wp\/v2\/posts"}],"about":[{"href":"https:\/\/radioljubuski.ba\/index.php\/wp-json\/wp\/v2\/types\/post"}],"author":[{"embeddable":true,"href":"https:\/\/radioljubuski.ba\/index.php\/wp-json\/wp\/v2\/users\/2"}],"replies":[{"embeddable":true,"href":"https:\/\/radioljubuski.ba\/index.php\/wp-json\/wp\/v2\/comments?post=130650"}],"version-history":[{"count":1,"href":"https:\/\/radioljubuski.ba\/index.php\/wp-json\/wp\/v2\/posts\/130650\/revisions"}],"predecessor-version":[{"id":130652,"href":"https:\/\/radioljubuski.ba\/index.php\/wp-json\/wp\/v2\/posts\/130650\/revisions\/130652"}],"wp:featuredmedia":[{"embeddable":true,"href":"https:\/\/radioljubuski.ba\/index.php\/wp-json\/wp\/v2\/media\/130651"}],"wp:attachment":[{"href":"https:\/\/radioljubuski.ba\/index.php\/wp-json\/wp\/v2\/media?parent=130650"}],"wp:term":[{"taxonomy":"category","embeddable":true,"href":"https:\/\/radioljubuski.ba\/index.php\/wp-json\/wp\/v2\/categories?post=130650"},{"taxonomy":"post_tag","embeddable":true,"href":"https:\/\/radioljubuski.ba\/index.php\/wp-json\/wp\/v2\/tags?post=130650"}],"curies":[{"name":"wp","href":"https:\/\/api.w.org\/{rel}","templated":true}]}}