{"id":130666,"date":"2022-04-09T18:17:35","date_gmt":"2022-04-09T17:17:35","guid":{"rendered":"https:\/\/radioljubuski.ba\/?p=130666"},"modified":"2022-04-09T18:17:36","modified_gmt":"2022-04-09T17:17:36","slug":"dirljivo-pismo-djecaka-iz-ukrajine-koji-je-bio-zarobljen-pored-mrtve-majke","status":"publish","type":"post","link":"https:\/\/radioljubuski.ba\/index.php\/2022\/04\/09\/dirljivo-pismo-djecaka-iz-ukrajine-koji-je-bio-zarobljen-pored-mrtve-majke\/","title":{"rendered":"Dirljivo pismo dje\u010daka iz Ukrajine koji je bio zarobljen pored mrtve majke"},"content":{"rendered":"\n<p>Lesia Vasilenko na svom Twitter profilu objavljuje zastra\u0161uju\u0107e vijesti i svjedo\u010danstva iz Ukrajine. Sada je objavila pismo dje\u010daka koji je navodno bio s majkom u automobilu kada im je auto propucan ruskim mecima.<\/p>\n\n\n\n<p>\u201cMama, hvala ti za najboljih devet godina mog \u017eivota! Veliko ti hvala za moje djetinjstvo! Nikada te ne\u0107u zaboraviti! Obe\u0107ajem ti da \u0107u biti dobar kako bismo se jednoga dana mogli sresti sresti u raju\u201d, napisao je devetogodi\u0161nji dje\u010dak iz Ukrajine.<\/p>\n\n\n\n<p>Nakon \u0161to je ruska vojska pucala na njihov automobil, dje\u010dak je ostao zarobljen pored maj\u010dina tijela, navodi ukrajinska zastupnica, prenosi Dnevnik.hr.<\/p>\n\n\n\n<p>Izvor:dnevnik.hr<\/p>\n","protected":false},"excerpt":{"rendered":"<p>Lesia Vasilenko na svom Twitter profilu objavljuje zastra\u0161uju\u0107e vijesti i svjedo\u010danstva iz Ukrajine. Sada je objavila pismo dje\u010daka koji je navodno bio s majkom u automobilu kada im je auto propucan ruskim mecima. \u201cMama, hvala ti za najboljih devet godina mog \u017eivota! Veliko ti hvala za moje djetinjstvo! Nikada te ne\u0107u zaboraviti! Obe\u0107ajem ti da [&hellip;]<\/p>\n","protected":false},"author":2,"featured_media":130667,"comment_status":"closed","ping_status":"closed","sticky":false,"template":"","format":"standard","meta":{"h5ap_radio_sources":[],"footnotes":""},"categories":[1],"tags":[],"class_list":["post-130666","post","type-post","status-publish","format-standard","has-post-thumbnail","hentry","category-bihiregija"],"yoast_head":"<!-- This site is optimized with the Yoast SEO plugin v27.5 - https:\/\/yoast.com\/product\/yoast-seo-wordpress\/ -->\n<title>Dirljivo pismo dje\u010daka iz Ukrajine koji je bio zarobljen pored mrtve majke - RADIO LJUBU\u0160KI<\/title>\n<meta name=\"robots\" content=\"index, follow, max-snippet:-1, max-image-preview:large, max-video-preview:-1\" \/>\n<link rel=\"canonical\" href=\"https:\/\/radioljubuski.ba\/index.php\/2022\/04\/09\/dirljivo-pismo-djecaka-iz-ukrajine-koji-je-bio-zarobljen-pored-mrtve-majke\/\" \/>\n<meta property=\"og:locale\" content=\"hr_HR\" \/>\n<meta property=\"og:type\" content=\"article\" \/>\n<meta property=\"og:title\" content=\"Dirljivo pismo dje\u010daka iz Ukrajine koji je bio zarobljen pored mrtve majke - RADIO LJUBU\u0160KI\" \/>\n<meta property=\"og:description\" content=\"Lesia Vasilenko na svom Twitter profilu objavljuje zastra\u0161uju\u0107e vijesti i svjedo\u010danstva iz Ukrajine. Sada je objavila pismo dje\u010daka koji je navodno bio s majkom u automobilu kada im je auto propucan ruskim mecima. \u201cMama, hvala ti za najboljih devet godina mog \u017eivota! Veliko ti hvala za moje djetinjstvo! Nikada te ne\u0107u zaboraviti! Obe\u0107ajem ti da [&hellip;]\" \/>\n<meta property=\"og:url\" content=\"https:\/\/radioljubuski.ba\/index.php\/2022\/04\/09\/dirljivo-pismo-djecaka-iz-ukrajine-koji-je-bio-zarobljen-pored-mrtve-majke\/\" \/>\n<meta property=\"og:site_name\" content=\"RADIO LJUBU\u0160KI\" \/>\n<meta property=\"article:publisher\" content=\"https:\/\/www.facebook.com\/Radiio-Ljubuski-1490835324566332\" \/>\n<meta property=\"article:published_time\" content=\"2022-04-09T17:17:35+00:00\" \/>\n<meta property=\"article:modified_time\" content=\"2022-04-09T17:17:36+00:00\" \/>\n<meta property=\"og:image\" content=\"https:\/\/radioljubuski.ba\/wp-content\/uploads\/2022\/04\/2-2022-04-09-13-13-17-pismo.jpg\" \/>\n\t<meta property=\"og:image:width\" content=\"1000\" \/>\n\t<meta property=\"og:image:height\" content=\"625\" \/>\n\t<meta property=\"og:image:type\" content=\"image\/jpeg\" \/>\n<meta name=\"author\" content=\"Radio Ljubu\u0161ki\" \/>\n<meta name=\"twitter:card\" content=\"summary_large_image\" \/>\n<meta name=\"twitter:creator\" content=\"@radioljubuski\" \/>\n<meta name=\"twitter:site\" content=\"@radioljubuski\" \/>\n<meta name=\"twitter:label1\" content=\"Napisao\/la\" \/>\n\t<meta name=\"twitter:data1\" content=\"Radio Ljubu\u0161ki\" \/>\n\t<meta name=\"twitter:label2\" content=\"Procijenjeno vrijeme \u010ditanja\" \/>\n\t<meta name=\"twitter:data2\" content=\"1 minuta\" \/>\n<script type=\"application\/ld+json\" class=\"yoast-schema-graph\">{\"@context\":\"https:\\\/\\\/schema.org\",\"@graph\":[{\"@type\":\"Article\",\"@id\":\"https:\\\/\\\/radioljubuski.ba\\\/index.php\\\/2022\\\/04\\\/09\\\/dirljivo-pismo-djecaka-iz-ukrajine-koji-je-bio-zarobljen-pored-mrtve-majke\\\/#article\",\"isPartOf\":{\"@id\":\"https:\\\/\\\/radioljubuski.ba\\\/index.php\\\/2022\\\/04\\\/09\\\/dirljivo-pismo-djecaka-iz-ukrajine-koji-je-bio-zarobljen-pored-mrtve-majke\\\/\"},\"author\":{\"name\":\"Radio Ljubu\u0161ki\",\"@id\":\"https:\\\/\\\/radioljubuski.ba\\\/#\\\/schema\\\/person\\\/19fc700381a780f69665d7956c469e3b\"},\"headline\":\"Dirljivo pismo dje\u010daka iz Ukrajine koji je bio zarobljen pored mrtve majke\",\"datePublished\":\"2022-04-09T17:17:35+00:00\",\"dateModified\":\"2022-04-09T17:17:36+00:00\",\"mainEntityOfPage\":{\"@id\":\"https:\\\/\\\/radioljubuski.ba\\\/index.php\\\/2022\\\/04\\\/09\\\/dirljivo-pismo-djecaka-iz-ukrajine-koji-je-bio-zarobljen-pored-mrtve-majke\\\/\"},\"wordCount\":122,\"publisher\":{\"@id\":\"https:\\\/\\\/radioljubuski.ba\\\/#organization\"},\"image\":{\"@id\":\"https:\\\/\\\/radioljubuski.ba\\\/index.php\\\/2022\\\/04\\\/09\\\/dirljivo-pismo-djecaka-iz-ukrajine-koji-je-bio-zarobljen-pored-mrtve-majke\\\/#primaryimage\"},\"thumbnailUrl\":\"https:\\\/\\\/radioljubuski.ba\\\/wp-content\\\/uploads\\\/2022\\\/04\\\/2-2022-04-09-13-13-17-pismo.jpg\",\"articleSection\":[\"BIH i regija\"],\"inLanguage\":\"hr\"},{\"@type\":\"WebPage\",\"@id\":\"https:\\\/\\\/radioljubuski.ba\\\/index.php\\\/2022\\\/04\\\/09\\\/dirljivo-pismo-djecaka-iz-ukrajine-koji-je-bio-zarobljen-pored-mrtve-majke\\\/\",\"url\":\"https:\\\/\\\/radioljubuski.ba\\\/index.php\\\/2022\\\/04\\\/09\\\/dirljivo-pismo-djecaka-iz-ukrajine-koji-je-bio-zarobljen-pored-mrtve-majke\\\/\",\"name\":\"Dirljivo pismo dje\u010daka iz Ukrajine koji je bio zarobljen pored mrtve majke - RADIO LJUBU\u0160KI\",\"isPartOf\":{\"@id\":\"https:\\\/\\\/radioljubuski.ba\\\/#website\"},\"primaryImageOfPage\":{\"@id\":\"https:\\\/\\\/radioljubuski.ba\\\/index.php\\\/2022\\\/04\\\/09\\\/dirljivo-pismo-djecaka-iz-ukrajine-koji-je-bio-zarobljen-pored-mrtve-majke\\\/#primaryimage\"},\"image\":{\"@id\":\"https:\\\/\\\/radioljubuski.ba\\\/index.php\\\/2022\\\/04\\\/09\\\/dirljivo-pismo-djecaka-iz-ukrajine-koji-je-bio-zarobljen-pored-mrtve-majke\\\/#primaryimage\"},\"thumbnailUrl\":\"https:\\\/\\\/radioljubuski.ba\\\/wp-content\\\/uploads\\\/2022\\\/04\\\/2-2022-04-09-13-13-17-pismo.jpg\",\"datePublished\":\"2022-04-09T17:17:35+00:00\",\"dateModified\":\"2022-04-09T17:17:36+00:00\",\"breadcrumb\":{\"@id\":\"https:\\\/\\\/radioljubuski.ba\\\/index.php\\\/2022\\\/04\\\/09\\\/dirljivo-pismo-djecaka-iz-ukrajine-koji-je-bio-zarobljen-pored-mrtve-majke\\\/#breadcrumb\"},\"inLanguage\":\"hr\",\"potentialAction\":[{\"@type\":\"ReadAction\",\"target\":[\"https:\\\/\\\/radioljubuski.ba\\\/index.php\\\/2022\\\/04\\\/09\\\/dirljivo-pismo-djecaka-iz-ukrajine-koji-je-bio-zarobljen-pored-mrtve-majke\\\/\"]}]},{\"@type\":\"ImageObject\",\"inLanguage\":\"hr\",\"@id\":\"https:\\\/\\\/radioljubuski.ba\\\/index.php\\\/2022\\\/04\\\/09\\\/dirljivo-pismo-djecaka-iz-ukrajine-koji-je-bio-zarobljen-pored-mrtve-majke\\\/#primaryimage\",\"url\":\"https:\\\/\\\/radioljubuski.ba\\\/wp-content\\\/uploads\\\/2022\\\/04\\\/2-2022-04-09-13-13-17-pismo.jpg\",\"contentUrl\":\"https:\\\/\\\/radioljubuski.ba\\\/wp-content\\\/uploads\\\/2022\\\/04\\\/2-2022-04-09-13-13-17-pismo.jpg\",\"width\":1000,\"height\":625},{\"@type\":\"BreadcrumbList\",\"@id\":\"https:\\\/\\\/radioljubuski.ba\\\/index.php\\\/2022\\\/04\\\/09\\\/dirljivo-pismo-djecaka-iz-ukrajine-koji-je-bio-zarobljen-pored-mrtve-majke\\\/#breadcrumb\",\"itemListElement\":[{\"@type\":\"ListItem\",\"position\":1,\"name\":\"Po\u010detna stranica\",\"item\":\"https:\\\/\\\/radioljubuski.ba\\\/\"},{\"@type\":\"ListItem\",\"position\":2,\"name\":\"Dirljivo pismo dje\u010daka iz Ukrajine koji je bio zarobljen pored mrtve majke\"}]},{\"@type\":\"WebSite\",\"@id\":\"https:\\\/\\\/radioljubuski.ba\\\/#website\",\"url\":\"https:\\\/\\\/radioljubuski.ba\\\/\",\"name\":\"Radio Ljubu\u0161ki\",\"description\":\"Sun\u010dana frekvencija Hercegovine\",\"publisher\":{\"@id\":\"https:\\\/\\\/radioljubuski.ba\\\/#organization\"},\"potentialAction\":[{\"@type\":\"SearchAction\",\"target\":{\"@type\":\"EntryPoint\",\"urlTemplate\":\"https:\\\/\\\/radioljubuski.ba\\\/?s={search_term_string}\"},\"query-input\":{\"@type\":\"PropertyValueSpecification\",\"valueRequired\":true,\"valueName\":\"search_term_string\"}}],\"inLanguage\":\"hr\"},{\"@type\":\"Organization\",\"@id\":\"https:\\\/\\\/radioljubuski.ba\\\/#organization\",\"name\":\"Radio Ljubu\u0161ki\",\"url\":\"https:\\\/\\\/radioljubuski.ba\\\/\",\"logo\":{\"@type\":\"ImageObject\",\"inLanguage\":\"hr\",\"@id\":\"https:\\\/\\\/radioljubuski.ba\\\/#\\\/schema\\\/logo\\\/image\\\/\",\"url\":\"https:\\\/\\\/radioljubuski.ba\\\/wp-content\\\/uploads\\\/2021\\\/02\\\/cropped-Radio_Ljubuski_logo1.jpg\",\"contentUrl\":\"https:\\\/\\\/radioljubuski.ba\\\/wp-content\\\/uploads\\\/2021\\\/02\\\/cropped-Radio_Ljubuski_logo1.jpg\",\"width\":512,\"height\":512,\"caption\":\"Radio Ljubu\u0161ki\"},\"image\":{\"@id\":\"https:\\\/\\\/radioljubuski.ba\\\/#\\\/schema\\\/logo\\\/image\\\/\"},\"sameAs\":[\"https:\\\/\\\/www.facebook.com\\\/Radiio-Ljubuski-1490835324566332\",\"https:\\\/\\\/x.com\\\/radioljubuski\",\"https:\\\/\\\/hr.linkedin.com\\\/company\\\/radio-ljubuski\",\"https:\\\/\\\/www.youtube.com\\\/channel\\\/UCHYaeO_n0Db3tjNGudGpXyw\"]},{\"@type\":\"Person\",\"@id\":\"https:\\\/\\\/radioljubuski.ba\\\/#\\\/schema\\\/person\\\/19fc700381a780f69665d7956c469e3b\",\"name\":\"Radio Ljubu\u0161ki\"}]}<\/script>\n<!-- \/ Yoast SEO plugin. -->","yoast_head_json":{"title":"Dirljivo pismo dje\u010daka iz Ukrajine koji je bio zarobljen pored mrtve majke - RADIO LJUBU\u0160KI","robots":{"index":"index","follow":"follow","max-snippet":"max-snippet:-1","max-image-preview":"max-image-preview:large","max-video-preview":"max-video-preview:-1"},"canonical":"https:\/\/radioljubuski.ba\/index.php\/2022\/04\/09\/dirljivo-pismo-djecaka-iz-ukrajine-koji-je-bio-zarobljen-pored-mrtve-majke\/","og_locale":"hr_HR","og_type":"article","og_title":"Dirljivo pismo dje\u010daka iz Ukrajine koji je bio zarobljen pored mrtve majke - RADIO LJUBU\u0160KI","og_description":"Lesia Vasilenko na svom Twitter profilu objavljuje zastra\u0161uju\u0107e vijesti i svjedo\u010danstva iz Ukrajine. Sada je objavila pismo dje\u010daka koji je navodno bio s majkom u automobilu kada im je auto propucan ruskim mecima. \u201cMama, hvala ti za najboljih devet godina mog \u017eivota! Veliko ti hvala za moje djetinjstvo! Nikada te ne\u0107u zaboraviti! Obe\u0107ajem ti da [&hellip;]","og_url":"https:\/\/radioljubuski.ba\/index.php\/2022\/04\/09\/dirljivo-pismo-djecaka-iz-ukrajine-koji-je-bio-zarobljen-pored-mrtve-majke\/","og_site_name":"RADIO LJUBU\u0160KI","article_publisher":"https:\/\/www.facebook.com\/Radiio-Ljubuski-1490835324566332","article_published_time":"2022-04-09T17:17:35+00:00","article_modified_time":"2022-04-09T17:17:36+00:00","og_image":[{"width":1000,"height":625,"url":"https:\/\/radioljubuski.ba\/wp-content\/uploads\/2022\/04\/2-2022-04-09-13-13-17-pismo.jpg","type":"image\/jpeg"}],"author":"Radio Ljubu\u0161ki","twitter_card":"summary_large_image","twitter_creator":"@radioljubuski","twitter_site":"@radioljubuski","twitter_misc":{"Napisao\/la":"Radio Ljubu\u0161ki","Procijenjeno vrijeme \u010ditanja":"1 minuta"},"schema":{"@context":"https:\/\/schema.org","@graph":[{"@type":"Article","@id":"https:\/\/radioljubuski.ba\/index.php\/2022\/04\/09\/dirljivo-pismo-djecaka-iz-ukrajine-koji-je-bio-zarobljen-pored-mrtve-majke\/#article","isPartOf":{"@id":"https:\/\/radioljubuski.ba\/index.php\/2022\/04\/09\/dirljivo-pismo-djecaka-iz-ukrajine-koji-je-bio-zarobljen-pored-mrtve-majke\/"},"author":{"name":"Radio Ljubu\u0161ki","@id":"https:\/\/radioljubuski.ba\/#\/schema\/person\/19fc700381a780f69665d7956c469e3b"},"headline":"Dirljivo pismo dje\u010daka iz Ukrajine koji je bio zarobljen pored mrtve majke","datePublished":"2022-04-09T17:17:35+00:00","dateModified":"2022-04-09T17:17:36+00:00","mainEntityOfPage":{"@id":"https:\/\/radioljubuski.ba\/index.php\/2022\/04\/09\/dirljivo-pismo-djecaka-iz-ukrajine-koji-je-bio-zarobljen-pored-mrtve-majke\/"},"wordCount":122,"publisher":{"@id":"https:\/\/radioljubuski.ba\/#organization"},"image":{"@id":"https:\/\/radioljubuski.ba\/index.php\/2022\/04\/09\/dirljivo-pismo-djecaka-iz-ukrajine-koji-je-bio-zarobljen-pored-mrtve-majke\/#primaryimage"},"thumbnailUrl":"https:\/\/radioljubuski.ba\/wp-content\/uploads\/2022\/04\/2-2022-04-09-13-13-17-pismo.jpg","articleSection":["BIH i regija"],"inLanguage":"hr"},{"@type":"WebPage","@id":"https:\/\/radioljubuski.ba\/index.php\/2022\/04\/09\/dirljivo-pismo-djecaka-iz-ukrajine-koji-je-bio-zarobljen-pored-mrtve-majke\/","url":"https:\/\/radioljubuski.ba\/index.php\/2022\/04\/09\/dirljivo-pismo-djecaka-iz-ukrajine-koji-je-bio-zarobljen-pored-mrtve-majke\/","name":"Dirljivo pismo dje\u010daka iz Ukrajine koji je bio zarobljen pored mrtve majke - RADIO LJUBU\u0160KI","isPartOf":{"@id":"https:\/\/radioljubuski.ba\/#website"},"primaryImageOfPage":{"@id":"https:\/\/radioljubuski.ba\/index.php\/2022\/04\/09\/dirljivo-pismo-djecaka-iz-ukrajine-koji-je-bio-zarobljen-pored-mrtve-majke\/#primaryimage"},"image":{"@id":"https:\/\/radioljubuski.ba\/index.php\/2022\/04\/09\/dirljivo-pismo-djecaka-iz-ukrajine-koji-je-bio-zarobljen-pored-mrtve-majke\/#primaryimage"},"thumbnailUrl":"https:\/\/radioljubuski.ba\/wp-content\/uploads\/2022\/04\/2-2022-04-09-13-13-17-pismo.jpg","datePublished":"2022-04-09T17:17:35+00:00","dateModified":"2022-04-09T17:17:36+00:00","breadcrumb":{"@id":"https:\/\/radioljubuski.ba\/index.php\/2022\/04\/09\/dirljivo-pismo-djecaka-iz-ukrajine-koji-je-bio-zarobljen-pored-mrtve-majke\/#breadcrumb"},"inLanguage":"hr","potentialAction":[{"@type":"ReadAction","target":["https:\/\/radioljubuski.ba\/index.php\/2022\/04\/09\/dirljivo-pismo-djecaka-iz-ukrajine-koji-je-bio-zarobljen-pored-mrtve-majke\/"]}]},{"@type":"ImageObject","inLanguage":"hr","@id":"https:\/\/radioljubuski.ba\/index.php\/2022\/04\/09\/dirljivo-pismo-djecaka-iz-ukrajine-koji-je-bio-zarobljen-pored-mrtve-majke\/#primaryimage","url":"https:\/\/radioljubuski.ba\/wp-content\/uploads\/2022\/04\/2-2022-04-09-13-13-17-pismo.jpg","contentUrl":"https:\/\/radioljubuski.ba\/wp-content\/uploads\/2022\/04\/2-2022-04-09-13-13-17-pismo.jpg","width":1000,"height":625},{"@type":"BreadcrumbList","@id":"https:\/\/radioljubuski.ba\/index.php\/2022\/04\/09\/dirljivo-pismo-djecaka-iz-ukrajine-koji-je-bio-zarobljen-pored-mrtve-majke\/#breadcrumb","itemListElement":[{"@type":"ListItem","position":1,"name":"Po\u010detna stranica","item":"https:\/\/radioljubuski.ba\/"},{"@type":"ListItem","position":2,"name":"Dirljivo pismo dje\u010daka iz Ukrajine koji je bio zarobljen pored mrtve majke"}]},{"@type":"WebSite","@id":"https:\/\/radioljubuski.ba\/#website","url":"https:\/\/radioljubuski.ba\/","name":"Radio Ljubu\u0161ki","description":"Sun\u010dana frekvencija Hercegovine","publisher":{"@id":"https:\/\/radioljubuski.ba\/#organization"},"potentialAction":[{"@type":"SearchAction","target":{"@type":"EntryPoint","urlTemplate":"https:\/\/radioljubuski.ba\/?s={search_term_string}"},"query-input":{"@type":"PropertyValueSpecification","valueRequired":true,"valueName":"search_term_string"}}],"inLanguage":"hr"},{"@type":"Organization","@id":"https:\/\/radioljubuski.ba\/#organization","name":"Radio Ljubu\u0161ki","url":"https:\/\/radioljubuski.ba\/","logo":{"@type":"ImageObject","inLanguage":"hr","@id":"https:\/\/radioljubuski.ba\/#\/schema\/logo\/image\/","url":"https:\/\/radioljubuski.ba\/wp-content\/uploads\/2021\/02\/cropped-Radio_Ljubuski_logo1.jpg","contentUrl":"https:\/\/radioljubuski.ba\/wp-content\/uploads\/2021\/02\/cropped-Radio_Ljubuski_logo1.jpg","width":512,"height":512,"caption":"Radio Ljubu\u0161ki"},"image":{"@id":"https:\/\/radioljubuski.ba\/#\/schema\/logo\/image\/"},"sameAs":["https:\/\/www.facebook.com\/Radiio-Ljubuski-1490835324566332","https:\/\/x.com\/radioljubuski","https:\/\/hr.linkedin.com\/company\/radio-ljubuski","https:\/\/www.youtube.com\/channel\/UCHYaeO_n0Db3tjNGudGpXyw"]},{"@type":"Person","@id":"https:\/\/radioljubuski.ba\/#\/schema\/person\/19fc700381a780f69665d7956c469e3b","name":"Radio Ljubu\u0161ki"}]}},"_links":{"self":[{"href":"https:\/\/radioljubuski.ba\/index.php\/wp-json\/wp\/v2\/posts\/130666","targetHints":{"allow":["GET"]}}],"collection":[{"href":"https:\/\/radioljubuski.ba\/index.php\/wp-json\/wp\/v2\/posts"}],"about":[{"href":"https:\/\/radioljubuski.ba\/index.php\/wp-json\/wp\/v2\/types\/post"}],"author":[{"embeddable":true,"href":"https:\/\/radioljubuski.ba\/index.php\/wp-json\/wp\/v2\/users\/2"}],"replies":[{"embeddable":true,"href":"https:\/\/radioljubuski.ba\/index.php\/wp-json\/wp\/v2\/comments?post=130666"}],"version-history":[{"count":1,"href":"https:\/\/radioljubuski.ba\/index.php\/wp-json\/wp\/v2\/posts\/130666\/revisions"}],"predecessor-version":[{"id":130668,"href":"https:\/\/radioljubuski.ba\/index.php\/wp-json\/wp\/v2\/posts\/130666\/revisions\/130668"}],"wp:featuredmedia":[{"embeddable":true,"href":"https:\/\/radioljubuski.ba\/index.php\/wp-json\/wp\/v2\/media\/130667"}],"wp:attachment":[{"href":"https:\/\/radioljubuski.ba\/index.php\/wp-json\/wp\/v2\/media?parent=130666"}],"wp:term":[{"taxonomy":"category","embeddable":true,"href":"https:\/\/radioljubuski.ba\/index.php\/wp-json\/wp\/v2\/categories?post=130666"},{"taxonomy":"post_tag","embeddable":true,"href":"https:\/\/radioljubuski.ba\/index.php\/wp-json\/wp\/v2\/tags?post=130666"}],"curies":[{"name":"wp","href":"https:\/\/api.w.org\/{rel}","templated":true}]}}