{"id":130687,"date":"2022-04-09T18:27:11","date_gmt":"2022-04-09T17:27:11","guid":{"rendered":"https:\/\/radioljubuski.ba\/?p=130687"},"modified":"2022-04-09T18:27:11","modified_gmt":"2022-04-09T17:27:11","slug":"nemanja-bilbija-kao-srbin-u-mostaru-nikada","status":"publish","type":"post","link":"https:\/\/radioljubuski.ba\/index.php\/2022\/04\/09\/nemanja-bilbija-kao-srbin-u-mostaru-nikada\/","title":{"rendered":"Nemanja Bilbija: \u201cKao Srbin u Mostaru nikada\u2026\u201d"},"content":{"rendered":"\n<p>Nemanja Bilbija ove sezone igra sjajno. Napada\u010d Plemi\u0107a prakti\u010dni je neumoljiv i do sada je postigao \u010dak 26 golova u sezoni.<\/p>\n\n\n\n<p>Uslijed svih tih sjajnih partija, Bilbija privla\u010di pa\u017enju ne samo bosanskohercegova\u010dkih, ve\u0107 i regionalnih medija, pa je Nemanja tako dao intervju za hrvatski portal Index. Iz tog intervjua Gol.ba izdvojio je najzanimljivije dijelove.<\/p>\n\n\n\n<p>Bilbija je tako demantirao da su sr\u010dani problemi ono \u0161to ga je sprije\u010dilo da napravi bolju karijeru u inozemstvu.<\/p>\n\n\n\n<p>&nbsp;\u201cDa, pro\u010ditao sam takve pri\u010de. Nema tu ni najmanje istine, rije\u010d je o nekoj provali. \u010cuo sam jo\u0161 puno drugih pri\u010da o sebi. \u010cesto se iznenadi\u0161 jer nau\u010di\u0161 ne\u0161to novo o sebi, haha\u201d, govori Bilbija.<\/p>\n\n\n\n<p>\u201cIgrao sam za banjalu\u010dki Borac i Sarajevo, danas za Zrinju. To su sve ogromni klubovi za na\u0161e prilike. Meni je drago \u0161to nikad nisam osjetio da politi\u010dke podjele utje\u010du na to kako sam se osje\u0107ao. Svugdje sam osjetio po\u0161tovanje i to mi je jako va\u017eno. Nisam nikad imao problema kao Srbin u Mostaru. Obavljam svoj posao najbolje i naj\u010dasnije \u0161to mogu. Ljudi to prepoznaju i na kraju to uvijek cijene. Izvan terena imam par mjesta na koja idem, tamo nikad nisam imao problema i to je to\u201d, pri\u010da Bilbija.<\/p>\n\n\n\n<p>Kako je Bilbija svojevremeno nastupao i za RNK Split, prokomentirao je i to.<\/p>\n\n\n\n<p>\u201cTa epizoda trajala je jako kratko, ali bilo je tu puno problema. Klub je tada imao velikih problema s isplatom pla\u0107a. Iskreno, to je jedini klub u karijeri u kojem sam osjetio manjak po\u0161tovanja prema sebi. Nije i\u0161lo, vratio sam se u BiH\u201d, izjavio je Bilbija.<\/p>\n\n\n\n<p>Cjelokupan Bilbijin intervju pro\u010ditajte&nbsp;<a href=\"https:\/\/www.index.hr\/sport\/clanak\/nikad-nisam-imao-problema-zbog-svoje-nacionalnosti-samo-me-u-splitu-nisu-cijenili\/2353687.aspx?index_ref=clanak_procitaj_jos_d\" target=\"_blank\" rel=\"noreferrer noopener\">OVDJE<\/a>.<\/p>\n\n\n\n<p>Izvor:pogled.ba<\/p>\n","protected":false},"excerpt":{"rendered":"<p>Nemanja Bilbija ove sezone igra sjajno. Napada\u010d Plemi\u0107a prakti\u010dni je neumoljiv i do sada je postigao \u010dak 26 golova u sezoni. Uslijed svih tih sjajnih partija, Bilbija privla\u010di pa\u017enju ne samo bosanskohercegova\u010dkih, ve\u0107 i regionalnih medija, pa je Nemanja tako dao intervju za hrvatski portal Index. Iz tog intervjua Gol.ba izdvojio je najzanimljivije dijelove. Bilbija [&hellip;]<\/p>\n","protected":false},"author":2,"featured_media":72802,"comment_status":"closed","ping_status":"closed","sticky":false,"template":"","format":"standard","meta":{"h5ap_radio_sources":[],"footnotes":""},"categories":[7],"tags":[],"class_list":["post-130687","post","type-post","status-publish","format-standard","has-post-thumbnail","hentry","category-sport"],"yoast_head":"<!-- This site is optimized with the Yoast SEO plugin v27.5 - https:\/\/yoast.com\/product\/yoast-seo-wordpress\/ -->\n<title>Nemanja Bilbija: \u201cKao Srbin u Mostaru nikada\u2026\u201d - RADIO LJUBU\u0160KI<\/title>\n<meta name=\"robots\" content=\"index, follow, max-snippet:-1, max-image-preview:large, max-video-preview:-1\" \/>\n<link rel=\"canonical\" href=\"https:\/\/radioljubuski.ba\/index.php\/2022\/04\/09\/nemanja-bilbija-kao-srbin-u-mostaru-nikada\/\" \/>\n<meta property=\"og:locale\" content=\"hr_HR\" \/>\n<meta property=\"og:type\" content=\"article\" \/>\n<meta property=\"og:title\" content=\"Nemanja Bilbija: \u201cKao Srbin u Mostaru nikada\u2026\u201d - RADIO LJUBU\u0160KI\" \/>\n<meta property=\"og:description\" content=\"Nemanja Bilbija ove sezone igra sjajno. Napada\u010d Plemi\u0107a prakti\u010dni je neumoljiv i do sada je postigao \u010dak 26 golova u sezoni. Uslijed svih tih sjajnih partija, Bilbija privla\u010di pa\u017enju ne samo bosanskohercegova\u010dkih, ve\u0107 i regionalnih medija, pa je Nemanja tako dao intervju za hrvatski portal Index. Iz tog intervjua Gol.ba izdvojio je najzanimljivije dijelove. Bilbija [&hellip;]\" \/>\n<meta property=\"og:url\" content=\"https:\/\/radioljubuski.ba\/index.php\/2022\/04\/09\/nemanja-bilbija-kao-srbin-u-mostaru-nikada\/\" \/>\n<meta property=\"og:site_name\" content=\"RADIO LJUBU\u0160KI\" \/>\n<meta property=\"article:publisher\" content=\"https:\/\/www.facebook.com\/Radiio-Ljubuski-1490835324566332\" \/>\n<meta property=\"article:published_time\" content=\"2022-04-09T17:27:11+00:00\" \/>\n<meta property=\"og:image\" content=\"https:\/\/radioljubuski.ba\/wp-content\/uploads\/2021\/10\/8-2021-10-07-13-30-08-NEMANJA-BILBIJA.jpg\" \/>\n\t<meta property=\"og:image:width\" content=\"1000\" \/>\n\t<meta property=\"og:image:height\" content=\"625\" \/>\n\t<meta property=\"og:image:type\" content=\"image\/jpeg\" \/>\n<meta name=\"author\" content=\"Radio Ljubu\u0161ki\" \/>\n<meta name=\"twitter:card\" content=\"summary_large_image\" \/>\n<meta name=\"twitter:creator\" content=\"@radioljubuski\" \/>\n<meta name=\"twitter:site\" content=\"@radioljubuski\" \/>\n<meta name=\"twitter:label1\" content=\"Napisao\/la\" \/>\n\t<meta name=\"twitter:data1\" content=\"Radio Ljubu\u0161ki\" \/>\n\t<meta name=\"twitter:label2\" content=\"Procijenjeno vrijeme \u010ditanja\" \/>\n\t<meta name=\"twitter:data2\" content=\"2 minute\" \/>\n<script type=\"application\/ld+json\" class=\"yoast-schema-graph\">{\"@context\":\"https:\\\/\\\/schema.org\",\"@graph\":[{\"@type\":\"Article\",\"@id\":\"https:\\\/\\\/radioljubuski.ba\\\/index.php\\\/2022\\\/04\\\/09\\\/nemanja-bilbija-kao-srbin-u-mostaru-nikada\\\/#article\",\"isPartOf\":{\"@id\":\"https:\\\/\\\/radioljubuski.ba\\\/index.php\\\/2022\\\/04\\\/09\\\/nemanja-bilbija-kao-srbin-u-mostaru-nikada\\\/\"},\"author\":{\"name\":\"Radio Ljubu\u0161ki\",\"@id\":\"https:\\\/\\\/radioljubuski.ba\\\/#\\\/schema\\\/person\\\/19fc700381a780f69665d7956c469e3b\"},\"headline\":\"Nemanja Bilbija: \u201cKao Srbin u Mostaru nikada\u2026\u201d\",\"datePublished\":\"2022-04-09T17:27:11+00:00\",\"mainEntityOfPage\":{\"@id\":\"https:\\\/\\\/radioljubuski.ba\\\/index.php\\\/2022\\\/04\\\/09\\\/nemanja-bilbija-kao-srbin-u-mostaru-nikada\\\/\"},\"wordCount\":298,\"publisher\":{\"@id\":\"https:\\\/\\\/radioljubuski.ba\\\/#organization\"},\"image\":{\"@id\":\"https:\\\/\\\/radioljubuski.ba\\\/index.php\\\/2022\\\/04\\\/09\\\/nemanja-bilbija-kao-srbin-u-mostaru-nikada\\\/#primaryimage\"},\"thumbnailUrl\":\"https:\\\/\\\/radioljubuski.ba\\\/wp-content\\\/uploads\\\/2021\\\/10\\\/8-2021-10-07-13-30-08-NEMANJA-BILBIJA.jpg\",\"articleSection\":[\"\u0160port\"],\"inLanguage\":\"hr\"},{\"@type\":\"WebPage\",\"@id\":\"https:\\\/\\\/radioljubuski.ba\\\/index.php\\\/2022\\\/04\\\/09\\\/nemanja-bilbija-kao-srbin-u-mostaru-nikada\\\/\",\"url\":\"https:\\\/\\\/radioljubuski.ba\\\/index.php\\\/2022\\\/04\\\/09\\\/nemanja-bilbija-kao-srbin-u-mostaru-nikada\\\/\",\"name\":\"Nemanja Bilbija: \u201cKao Srbin u Mostaru nikada\u2026\u201d - RADIO LJUBU\u0160KI\",\"isPartOf\":{\"@id\":\"https:\\\/\\\/radioljubuski.ba\\\/#website\"},\"primaryImageOfPage\":{\"@id\":\"https:\\\/\\\/radioljubuski.ba\\\/index.php\\\/2022\\\/04\\\/09\\\/nemanja-bilbija-kao-srbin-u-mostaru-nikada\\\/#primaryimage\"},\"image\":{\"@id\":\"https:\\\/\\\/radioljubuski.ba\\\/index.php\\\/2022\\\/04\\\/09\\\/nemanja-bilbija-kao-srbin-u-mostaru-nikada\\\/#primaryimage\"},\"thumbnailUrl\":\"https:\\\/\\\/radioljubuski.ba\\\/wp-content\\\/uploads\\\/2021\\\/10\\\/8-2021-10-07-13-30-08-NEMANJA-BILBIJA.jpg\",\"datePublished\":\"2022-04-09T17:27:11+00:00\",\"breadcrumb\":{\"@id\":\"https:\\\/\\\/radioljubuski.ba\\\/index.php\\\/2022\\\/04\\\/09\\\/nemanja-bilbija-kao-srbin-u-mostaru-nikada\\\/#breadcrumb\"},\"inLanguage\":\"hr\",\"potentialAction\":[{\"@type\":\"ReadAction\",\"target\":[\"https:\\\/\\\/radioljubuski.ba\\\/index.php\\\/2022\\\/04\\\/09\\\/nemanja-bilbija-kao-srbin-u-mostaru-nikada\\\/\"]}]},{\"@type\":\"ImageObject\",\"inLanguage\":\"hr\",\"@id\":\"https:\\\/\\\/radioljubuski.ba\\\/index.php\\\/2022\\\/04\\\/09\\\/nemanja-bilbija-kao-srbin-u-mostaru-nikada\\\/#primaryimage\",\"url\":\"https:\\\/\\\/radioljubuski.ba\\\/wp-content\\\/uploads\\\/2021\\\/10\\\/8-2021-10-07-13-30-08-NEMANJA-BILBIJA.jpg\",\"contentUrl\":\"https:\\\/\\\/radioljubuski.ba\\\/wp-content\\\/uploads\\\/2021\\\/10\\\/8-2021-10-07-13-30-08-NEMANJA-BILBIJA.jpg\",\"width\":1000,\"height\":625},{\"@type\":\"BreadcrumbList\",\"@id\":\"https:\\\/\\\/radioljubuski.ba\\\/index.php\\\/2022\\\/04\\\/09\\\/nemanja-bilbija-kao-srbin-u-mostaru-nikada\\\/#breadcrumb\",\"itemListElement\":[{\"@type\":\"ListItem\",\"position\":1,\"name\":\"Po\u010detna stranica\",\"item\":\"https:\\\/\\\/radioljubuski.ba\\\/\"},{\"@type\":\"ListItem\",\"position\":2,\"name\":\"Nemanja Bilbija: \u201cKao Srbin u Mostaru nikada\u2026\u201d\"}]},{\"@type\":\"WebSite\",\"@id\":\"https:\\\/\\\/radioljubuski.ba\\\/#website\",\"url\":\"https:\\\/\\\/radioljubuski.ba\\\/\",\"name\":\"Radio Ljubu\u0161ki\",\"description\":\"Sun\u010dana frekvencija Hercegovine\",\"publisher\":{\"@id\":\"https:\\\/\\\/radioljubuski.ba\\\/#organization\"},\"potentialAction\":[{\"@type\":\"SearchAction\",\"target\":{\"@type\":\"EntryPoint\",\"urlTemplate\":\"https:\\\/\\\/radioljubuski.ba\\\/?s={search_term_string}\"},\"query-input\":{\"@type\":\"PropertyValueSpecification\",\"valueRequired\":true,\"valueName\":\"search_term_string\"}}],\"inLanguage\":\"hr\"},{\"@type\":\"Organization\",\"@id\":\"https:\\\/\\\/radioljubuski.ba\\\/#organization\",\"name\":\"Radio Ljubu\u0161ki\",\"url\":\"https:\\\/\\\/radioljubuski.ba\\\/\",\"logo\":{\"@type\":\"ImageObject\",\"inLanguage\":\"hr\",\"@id\":\"https:\\\/\\\/radioljubuski.ba\\\/#\\\/schema\\\/logo\\\/image\\\/\",\"url\":\"https:\\\/\\\/radioljubuski.ba\\\/wp-content\\\/uploads\\\/2021\\\/02\\\/cropped-Radio_Ljubuski_logo1.jpg\",\"contentUrl\":\"https:\\\/\\\/radioljubuski.ba\\\/wp-content\\\/uploads\\\/2021\\\/02\\\/cropped-Radio_Ljubuski_logo1.jpg\",\"width\":512,\"height\":512,\"caption\":\"Radio Ljubu\u0161ki\"},\"image\":{\"@id\":\"https:\\\/\\\/radioljubuski.ba\\\/#\\\/schema\\\/logo\\\/image\\\/\"},\"sameAs\":[\"https:\\\/\\\/www.facebook.com\\\/Radiio-Ljubuski-1490835324566332\",\"https:\\\/\\\/x.com\\\/radioljubuski\",\"https:\\\/\\\/hr.linkedin.com\\\/company\\\/radio-ljubuski\",\"https:\\\/\\\/www.youtube.com\\\/channel\\\/UCHYaeO_n0Db3tjNGudGpXyw\"]},{\"@type\":\"Person\",\"@id\":\"https:\\\/\\\/radioljubuski.ba\\\/#\\\/schema\\\/person\\\/19fc700381a780f69665d7956c469e3b\",\"name\":\"Radio Ljubu\u0161ki\"}]}<\/script>\n<!-- \/ Yoast SEO plugin. -->","yoast_head_json":{"title":"Nemanja Bilbija: \u201cKao Srbin u Mostaru nikada\u2026\u201d - RADIO LJUBU\u0160KI","robots":{"index":"index","follow":"follow","max-snippet":"max-snippet:-1","max-image-preview":"max-image-preview:large","max-video-preview":"max-video-preview:-1"},"canonical":"https:\/\/radioljubuski.ba\/index.php\/2022\/04\/09\/nemanja-bilbija-kao-srbin-u-mostaru-nikada\/","og_locale":"hr_HR","og_type":"article","og_title":"Nemanja Bilbija: \u201cKao Srbin u Mostaru nikada\u2026\u201d - RADIO LJUBU\u0160KI","og_description":"Nemanja Bilbija ove sezone igra sjajno. Napada\u010d Plemi\u0107a prakti\u010dni je neumoljiv i do sada je postigao \u010dak 26 golova u sezoni. Uslijed svih tih sjajnih partija, Bilbija privla\u010di pa\u017enju ne samo bosanskohercegova\u010dkih, ve\u0107 i regionalnih medija, pa je Nemanja tako dao intervju za hrvatski portal Index. Iz tog intervjua Gol.ba izdvojio je najzanimljivije dijelove. Bilbija [&hellip;]","og_url":"https:\/\/radioljubuski.ba\/index.php\/2022\/04\/09\/nemanja-bilbija-kao-srbin-u-mostaru-nikada\/","og_site_name":"RADIO LJUBU\u0160KI","article_publisher":"https:\/\/www.facebook.com\/Radiio-Ljubuski-1490835324566332","article_published_time":"2022-04-09T17:27:11+00:00","og_image":[{"width":1000,"height":625,"url":"https:\/\/radioljubuski.ba\/wp-content\/uploads\/2021\/10\/8-2021-10-07-13-30-08-NEMANJA-BILBIJA.jpg","type":"image\/jpeg"}],"author":"Radio Ljubu\u0161ki","twitter_card":"summary_large_image","twitter_creator":"@radioljubuski","twitter_site":"@radioljubuski","twitter_misc":{"Napisao\/la":"Radio Ljubu\u0161ki","Procijenjeno vrijeme \u010ditanja":"2 minute"},"schema":{"@context":"https:\/\/schema.org","@graph":[{"@type":"Article","@id":"https:\/\/radioljubuski.ba\/index.php\/2022\/04\/09\/nemanja-bilbija-kao-srbin-u-mostaru-nikada\/#article","isPartOf":{"@id":"https:\/\/radioljubuski.ba\/index.php\/2022\/04\/09\/nemanja-bilbija-kao-srbin-u-mostaru-nikada\/"},"author":{"name":"Radio Ljubu\u0161ki","@id":"https:\/\/radioljubuski.ba\/#\/schema\/person\/19fc700381a780f69665d7956c469e3b"},"headline":"Nemanja Bilbija: \u201cKao Srbin u Mostaru nikada\u2026\u201d","datePublished":"2022-04-09T17:27:11+00:00","mainEntityOfPage":{"@id":"https:\/\/radioljubuski.ba\/index.php\/2022\/04\/09\/nemanja-bilbija-kao-srbin-u-mostaru-nikada\/"},"wordCount":298,"publisher":{"@id":"https:\/\/radioljubuski.ba\/#organization"},"image":{"@id":"https:\/\/radioljubuski.ba\/index.php\/2022\/04\/09\/nemanja-bilbija-kao-srbin-u-mostaru-nikada\/#primaryimage"},"thumbnailUrl":"https:\/\/radioljubuski.ba\/wp-content\/uploads\/2021\/10\/8-2021-10-07-13-30-08-NEMANJA-BILBIJA.jpg","articleSection":["\u0160port"],"inLanguage":"hr"},{"@type":"WebPage","@id":"https:\/\/radioljubuski.ba\/index.php\/2022\/04\/09\/nemanja-bilbija-kao-srbin-u-mostaru-nikada\/","url":"https:\/\/radioljubuski.ba\/index.php\/2022\/04\/09\/nemanja-bilbija-kao-srbin-u-mostaru-nikada\/","name":"Nemanja Bilbija: \u201cKao Srbin u Mostaru nikada\u2026\u201d - RADIO LJUBU\u0160KI","isPartOf":{"@id":"https:\/\/radioljubuski.ba\/#website"},"primaryImageOfPage":{"@id":"https:\/\/radioljubuski.ba\/index.php\/2022\/04\/09\/nemanja-bilbija-kao-srbin-u-mostaru-nikada\/#primaryimage"},"image":{"@id":"https:\/\/radioljubuski.ba\/index.php\/2022\/04\/09\/nemanja-bilbija-kao-srbin-u-mostaru-nikada\/#primaryimage"},"thumbnailUrl":"https:\/\/radioljubuski.ba\/wp-content\/uploads\/2021\/10\/8-2021-10-07-13-30-08-NEMANJA-BILBIJA.jpg","datePublished":"2022-04-09T17:27:11+00:00","breadcrumb":{"@id":"https:\/\/radioljubuski.ba\/index.php\/2022\/04\/09\/nemanja-bilbija-kao-srbin-u-mostaru-nikada\/#breadcrumb"},"inLanguage":"hr","potentialAction":[{"@type":"ReadAction","target":["https:\/\/radioljubuski.ba\/index.php\/2022\/04\/09\/nemanja-bilbija-kao-srbin-u-mostaru-nikada\/"]}]},{"@type":"ImageObject","inLanguage":"hr","@id":"https:\/\/radioljubuski.ba\/index.php\/2022\/04\/09\/nemanja-bilbija-kao-srbin-u-mostaru-nikada\/#primaryimage","url":"https:\/\/radioljubuski.ba\/wp-content\/uploads\/2021\/10\/8-2021-10-07-13-30-08-NEMANJA-BILBIJA.jpg","contentUrl":"https:\/\/radioljubuski.ba\/wp-content\/uploads\/2021\/10\/8-2021-10-07-13-30-08-NEMANJA-BILBIJA.jpg","width":1000,"height":625},{"@type":"BreadcrumbList","@id":"https:\/\/radioljubuski.ba\/index.php\/2022\/04\/09\/nemanja-bilbija-kao-srbin-u-mostaru-nikada\/#breadcrumb","itemListElement":[{"@type":"ListItem","position":1,"name":"Po\u010detna stranica","item":"https:\/\/radioljubuski.ba\/"},{"@type":"ListItem","position":2,"name":"Nemanja Bilbija: \u201cKao Srbin u Mostaru nikada\u2026\u201d"}]},{"@type":"WebSite","@id":"https:\/\/radioljubuski.ba\/#website","url":"https:\/\/radioljubuski.ba\/","name":"Radio Ljubu\u0161ki","description":"Sun\u010dana frekvencija Hercegovine","publisher":{"@id":"https:\/\/radioljubuski.ba\/#organization"},"potentialAction":[{"@type":"SearchAction","target":{"@type":"EntryPoint","urlTemplate":"https:\/\/radioljubuski.ba\/?s={search_term_string}"},"query-input":{"@type":"PropertyValueSpecification","valueRequired":true,"valueName":"search_term_string"}}],"inLanguage":"hr"},{"@type":"Organization","@id":"https:\/\/radioljubuski.ba\/#organization","name":"Radio Ljubu\u0161ki","url":"https:\/\/radioljubuski.ba\/","logo":{"@type":"ImageObject","inLanguage":"hr","@id":"https:\/\/radioljubuski.ba\/#\/schema\/logo\/image\/","url":"https:\/\/radioljubuski.ba\/wp-content\/uploads\/2021\/02\/cropped-Radio_Ljubuski_logo1.jpg","contentUrl":"https:\/\/radioljubuski.ba\/wp-content\/uploads\/2021\/02\/cropped-Radio_Ljubuski_logo1.jpg","width":512,"height":512,"caption":"Radio Ljubu\u0161ki"},"image":{"@id":"https:\/\/radioljubuski.ba\/#\/schema\/logo\/image\/"},"sameAs":["https:\/\/www.facebook.com\/Radiio-Ljubuski-1490835324566332","https:\/\/x.com\/radioljubuski","https:\/\/hr.linkedin.com\/company\/radio-ljubuski","https:\/\/www.youtube.com\/channel\/UCHYaeO_n0Db3tjNGudGpXyw"]},{"@type":"Person","@id":"https:\/\/radioljubuski.ba\/#\/schema\/person\/19fc700381a780f69665d7956c469e3b","name":"Radio Ljubu\u0161ki"}]}},"_links":{"self":[{"href":"https:\/\/radioljubuski.ba\/index.php\/wp-json\/wp\/v2\/posts\/130687","targetHints":{"allow":["GET"]}}],"collection":[{"href":"https:\/\/radioljubuski.ba\/index.php\/wp-json\/wp\/v2\/posts"}],"about":[{"href":"https:\/\/radioljubuski.ba\/index.php\/wp-json\/wp\/v2\/types\/post"}],"author":[{"embeddable":true,"href":"https:\/\/radioljubuski.ba\/index.php\/wp-json\/wp\/v2\/users\/2"}],"replies":[{"embeddable":true,"href":"https:\/\/radioljubuski.ba\/index.php\/wp-json\/wp\/v2\/comments?post=130687"}],"version-history":[{"count":1,"href":"https:\/\/radioljubuski.ba\/index.php\/wp-json\/wp\/v2\/posts\/130687\/revisions"}],"predecessor-version":[{"id":130688,"href":"https:\/\/radioljubuski.ba\/index.php\/wp-json\/wp\/v2\/posts\/130687\/revisions\/130688"}],"wp:featuredmedia":[{"embeddable":true,"href":"https:\/\/radioljubuski.ba\/index.php\/wp-json\/wp\/v2\/media\/72802"}],"wp:attachment":[{"href":"https:\/\/radioljubuski.ba\/index.php\/wp-json\/wp\/v2\/media?parent=130687"}],"wp:term":[{"taxonomy":"category","embeddable":true,"href":"https:\/\/radioljubuski.ba\/index.php\/wp-json\/wp\/v2\/categories?post=130687"},{"taxonomy":"post_tag","embeddable":true,"href":"https:\/\/radioljubuski.ba\/index.php\/wp-json\/wp\/v2\/tags?post=130687"}],"curies":[{"name":"wp","href":"https:\/\/api.w.org\/{rel}","templated":true}]}}