{"id":13069,"date":"2021-04-15T00:33:40","date_gmt":"2021-04-14T23:33:40","guid":{"rendered":"https:\/\/radioljubuski.ba\/?p=13069"},"modified":"2021-04-15T00:33:41","modified_gmt":"2021-04-14T23:33:41","slug":"novinar-koji-je-snimio-biseru-turkovic-u-kupovini-vase-ponasanje-smatram-odvratnim-parazitskim-i-nemoralnim","status":"publish","type":"post","link":"https:\/\/radioljubuski.ba\/index.php\/2021\/04\/15\/novinar-koji-je-snimio-biseru-turkovic-u-kupovini-vase-ponasanje-smatram-odvratnim-parazitskim-i-nemoralnim\/","title":{"rendered":"Novinar koji je snimio Biseru Turkovi\u0107 u kupovini: Va\u0161e pona\u0161anje smatram odvratnim, parazitskim i nemoralnim"},"content":{"rendered":"\n<p><strong>Javnost su zgrozile ju\u010der objavljene fotografije na kojima se vidi kako je ministrica vanjskih poslova BiH Bisera Turkovi\u0107 (SDA), s pratnjom i uz rotacijska svjetla, oti\u0161la u kupovinu.<\/strong><\/p>\n\n\n\n<p>Turkovi\u0107 je ovaj skandal poku\u0161ala nesuvislo opravdati tvrdnjom da ona, kao ministrica, navodno, mora konstantno biti pod slu\u017ebenom pratnjom.<\/p>\n\n\n\n<p>Ermin Zatega, novinar koji je prvi objavio ove fotografije, na svom Facebook profilu danas se osvrnuo na ovu klimavu tvrdnju Turkovi\u0107 te odgovorio na njene optu\u017ebe da ju je poku\u0161ao kompromitirati. Njegov komentar prenosimo u cijelosti.<\/p>\n\n\n\n<p>\u2013 Izrevoltiran ju\u010dera\u0161njom reakcijom ministrice Turkovi\u0107, danas sam slu\u017ebeno tra\u017eio informacije od Ministarstva vanjskih poslova BIH. Napisao sam zahtjev u skladu sa Zakonom o slobodi pristupa informacijama u BiH. Taj zakon je solidno oru\u017eje koje gra\u0111ani i novinari u BiH, na\u017ealost, nedovoljno koriste. \u010cast izuzecima. Napisao sam i podu\u017ee obrazlo\u017eenje zahtjeva, iako znam da javnost ne voli \u010ditati duge tekstove. Ali koga zanima, pro\u010ditat \u0107e. Smrt korupciji \u2013 sloboda narodu.<\/p>\n\n\n\n<p>\u201cOd Turkovi\u0107 tra\u017eim\u201d<\/p>\n\n\n\n<p>Na ruke ministrice Bisere Turkovi\u0107, kao gra\u0111anin BiH, a u skladu sa Zakonom o slobodi pristupa informacijama u BiH, tra\u017eim da mi dostavite sljede\u0107e informacije:<\/p>\n\n\n\n<p>1. Fotokopiju Zakona, podzakonskog propisa ili drugog akta kojim su propisani obavezna 24-satna slu\u017ebena pratnja i dva slu\u017ebena vozila za zamjenika predsjedatelja Vije\u0107a ministara BiH, \u010dak i kada obavlja privatne obaveze.<\/p>\n\n\n\n<p>2. Podatke o tome je li \u017eenska osoba koja vam je pomagala pri kupovini namirnica zaposlena u Ministarstvu vanjskih poslova BiH ili u nekoj drugoj javnoj instituciji, odnosno je li svoj prekovremeni anga\u017eman za kupovinu namirnica za va\u0161 obiteljski iftar uradila kao osobnu uslugu ili naplatila iz prora\u010duna?<\/p>\n\n\n\n<p>3. Listu slu\u017ebenih sastanaka i drugih poslova koje ste, u svojstvu ministrice vanjskih poslova BiH, obavljali 13. travnja 2021. godine, sa satnicom tih sastanaka i poslova.<\/p>\n\n\n\n<p>4. Materijalni dokaz da je ra\u010dun za namirnice, koje ste spomenutog datuma kupili u samoposluzi u naselju \u0160ip, pla\u0107en va\u0161im osobnim sredstvima, a ne slu\u017ebenom karticom, odnosno javnim sredstvima. Napominjem da ste, u skladu sa spomenutim zakonom, du\u017eni odgovoriti na ovaj zahtjev u roku od 8, odnosno 15 dana.<\/p>\n\n\n\n<p>Obrazlo\u017eenje.<\/p>\n\n\n\n<p>Ja sam ju\u010der, 13. travnja 2021. godine, objavio fotografije Va\u0161e kupovine namirnica u samoposluzi uz pratnju i asistenciju javnih slu\u017ebenika\/ca. To su prenijeli brojni mediji, kao i Va\u0161u reakciju koja je uslijedila, a u kojoj ste rekli da sam Vas \u017eelio \u201ctobo\u017ee kompromitirati\u201d. Ne, \u201ctobo\u017ee\u201d.<\/p>\n\n\n\n<p>Kompromitirala se pona\u0161anjem<\/p>\n\n\n\n<p>Objavio sam to jer smatram da ste se sami kompromitirali pona\u0161anjem, koje smatram odvratnim, parazitskim i nemoralnim i do\u017eivljavam kao zloupotrebu javnih sredstva za osobnu korist. A koristiti javna sredstva za osobnu korist za mene je de fakto kra\u0111a kao i jedna od osnovnih definicija korupcije. Napisali ste i sljede\u0107e: \u201cVjerovali ili ne, zamjenici predsjedatelja Vije\u0107a ministara BiH moraju biti pod slu\u017ebenom pratnjom 24 sata, pa i onda kada obavljaju privatne obaveze.\u201d<\/p>\n\n\n\n<p>Ja Vam ne vjerujem, ministrice, i stoga, u skladu sa Zakonom o slobodi pristupa informacijama u BiH, tra\u017eim da mi dostavite propis na koji se pozivate. To tra\u017eim prvenstveno kako bih znao to\u010dan naziv propisa (ako takav uop\u0107e postoji), za \u010dije \u0161to hitnije ukidanje \u0107u se u budu\u0107nosti zalagati. Za\u0161to niste i\u0161li u kupovinu za vikend s obitelji, ve\u0107 u posljednji tren, pred iftar, Va\u0161a je privatna stvar i to me uop\u0107e ne zanima. Me\u0111utim, Va\u0161a kupovina namirnica postaje javna stvar i javni interes tek kada to radite slu\u017ebenim sredstvima.<\/p>\n\n\n\n<p>A to me zanima i motivira na otpor i revolt. Tako\u0111er, ne vjerujem ni da Vam je ju\u010dera\u0161nji dan bio dug, a radno vrijeme do 18:30, jer je ramazanska \u010destitka jedina aktivnost zabilje\u017eena ju\u010der na internet-stranici Ministarstva, koje ina\u010de objavljuje priop\u0107enja nakon i najbezna\u010dajnijih protokolarnih susreta. S obzirom na to da je Va\u0161a ju\u010dera\u0161nja kupovina namirnica ko\u0161tala gra\u0111ane BiH poprili\u010dnih sredstava, za \u0161to niste izrazili ni najmanje kajanje niti osje\u0107aj osobne odgovornosti, opravdano sumnjam da ste i za pla\u0107anje tih namirnica koristili slu\u017ebenu karticu i javna sredstva \u2013 iz famozne prora\u010dunske stavke \u201ctro\u0161kovi reprezentacije\u201d. Doktorirali ste 1995. godine me\u0111unarodne odnose na Univerzitetu \u201cPacific Western\u201d, SAD, na Havajima.<\/p>\n\n\n\n<p>To je dopisno sveu\u010dili\u0161te (pola\u017ee se po\u0161tom ili e-mailom), koji nikad nije imao akreditaciju ameri\u010dkih institucija nadle\u017enih za obrazovanje, a uga\u0161en je nakon sudske tu\u017ebe 2006. godine. Imaju i Amerikanci svoje travni\u010dke univerzitete, zar ne? Vjerujem, re\u0107i \u0107ete da je to bilo po zakonu. Prema informacijama Centra za istra\u017eiva\u010dko novinarstvo (CIN), vlasnica ste pet ku\u0107a u BiH te dva stana u Hrvatskoj i Australiji.<\/p>\n\n\n\n<p>Od Op\u0107ine Stari Grad ste 2008. godine otkupili stan od skoro 120 kvadrata plativ\u0161i ga certifikatima samo 15.400 KM. \u010cetiri godine kasnije ste ga prodali po jedanaest puta ve\u0107oj cijeni \u2013 za 180 tisu\u0107a maraka. Zatim ste kupili dvije ku\u0107e u Sarajevu, koje vrijede skoro pola milijuna maraka. Vjerujem da \u0107ete i za ove podatke re\u0107i da je sve bilo po zakonu i opet se populisti\u010dki kriti iza ramazana i iftara. Ali ove informacije su dovoljne da sumnjam u Va\u0161u sposobnost da obavljate tako va\u017enu funkciju, kao i u va\u0161e moralne kvalitete. Pozdravljam Vas \u2013 napisao je Zatega.<\/p>\n\n\n\n<figure class=\"wp-block-image\"><img decoding=\"async\" src=\"https:\/\/hms.ba\/wp-content\/uploads\/2021\/04\/w873-27.jpg\" alt=\"\"\/><\/figure>\n\n\n\n<p>\/HMS\/<\/p>\n","protected":false},"excerpt":{"rendered":"<p>Javnost su zgrozile ju\u010der objavljene fotografije na kojima se vidi kako je ministrica vanjskih poslova BiH Bisera Turkovi\u0107 (SDA), s pratnjom i uz rotacijska svjetla, oti\u0161la u kupovinu. Turkovi\u0107 je ovaj skandal poku\u0161ala nesuvislo opravdati tvrdnjom da ona, kao ministrica, navodno, mora konstantno biti pod slu\u017ebenom pratnjom. Ermin Zatega, novinar koji je prvi objavio ove [&hellip;]<\/p>\n","protected":false},"author":2,"featured_media":13070,"comment_status":"closed","ping_status":"closed","sticky":false,"template":"","format":"standard","meta":{"h5ap_radio_sources":[],"footnotes":""},"categories":[1],"tags":[],"class_list":["post-13069","post","type-post","status-publish","format-standard","has-post-thumbnail","hentry","category-bihiregija"],"yoast_head":"<!-- This site is optimized with the Yoast SEO plugin v27.4 - https:\/\/yoast.com\/product\/yoast-seo-wordpress\/ -->\n<title>Novinar koji je snimio Biseru Turkovi\u0107 u kupovini: Va\u0161e pona\u0161anje smatram odvratnim, parazitskim i nemoralnim - RADIO LJUBU\u0160KI<\/title>\n<meta name=\"robots\" content=\"index, follow, max-snippet:-1, max-image-preview:large, max-video-preview:-1\" \/>\n<link rel=\"canonical\" href=\"https:\/\/radioljubuski.ba\/index.php\/2021\/04\/15\/novinar-koji-je-snimio-biseru-turkovic-u-kupovini-vase-ponasanje-smatram-odvratnim-parazitskim-i-nemoralnim\/\" \/>\n<meta property=\"og:locale\" content=\"hr_HR\" \/>\n<meta property=\"og:type\" content=\"article\" \/>\n<meta property=\"og:title\" content=\"Novinar koji je snimio Biseru Turkovi\u0107 u kupovini: Va\u0161e pona\u0161anje smatram odvratnim, parazitskim i nemoralnim - RADIO LJUBU\u0160KI\" \/>\n<meta property=\"og:description\" content=\"Javnost su zgrozile ju\u010der objavljene fotografije na kojima se vidi kako je ministrica vanjskih poslova BiH Bisera Turkovi\u0107 (SDA), s pratnjom i uz rotacijska svjetla, oti\u0161la u kupovinu. Turkovi\u0107 je ovaj skandal poku\u0161ala nesuvislo opravdati tvrdnjom da ona, kao ministrica, navodno, mora konstantno biti pod slu\u017ebenom pratnjom. Ermin Zatega, novinar koji je prvi objavio ove [&hellip;]\" \/>\n<meta property=\"og:url\" content=\"https:\/\/radioljubuski.ba\/index.php\/2021\/04\/15\/novinar-koji-je-snimio-biseru-turkovic-u-kupovini-vase-ponasanje-smatram-odvratnim-parazitskim-i-nemoralnim\/\" \/>\n<meta property=\"og:site_name\" content=\"RADIO LJUBU\u0160KI\" \/>\n<meta property=\"article:publisher\" content=\"https:\/\/www.facebook.com\/Radiio-Ljubuski-1490835324566332\" \/>\n<meta property=\"article:published_time\" content=\"2021-04-14T23:33:40+00:00\" \/>\n<meta property=\"article:modified_time\" content=\"2021-04-14T23:33:41+00:00\" \/>\n<meta property=\"og:image\" content=\"https:\/\/radioljubuski.ba\/wp-content\/uploads\/2021\/04\/873x400-69.jpg\" \/>\n\t<meta property=\"og:image:width\" content=\"750\" \/>\n\t<meta property=\"og:image:height\" content=\"465\" \/>\n\t<meta property=\"og:image:type\" content=\"image\/jpeg\" \/>\n<meta name=\"author\" content=\"Radio Ljubu\u0161ki\" \/>\n<meta name=\"twitter:card\" content=\"summary_large_image\" \/>\n<meta name=\"twitter:creator\" content=\"@radioljubuski\" \/>\n<meta name=\"twitter:site\" content=\"@radioljubuski\" \/>\n<meta name=\"twitter:label1\" content=\"Napisao\/la\" \/>\n\t<meta name=\"twitter:data1\" content=\"Radio Ljubu\u0161ki\" \/>\n\t<meta name=\"twitter:label2\" content=\"Procijenjeno vrijeme \u010ditanja\" \/>\n\t<meta name=\"twitter:data2\" content=\"4 minute\" \/>\n<script type=\"application\/ld+json\" class=\"yoast-schema-graph\">{\"@context\":\"https:\\\/\\\/schema.org\",\"@graph\":[{\"@type\":\"Article\",\"@id\":\"https:\\\/\\\/radioljubuski.ba\\\/index.php\\\/2021\\\/04\\\/15\\\/novinar-koji-je-snimio-biseru-turkovic-u-kupovini-vase-ponasanje-smatram-odvratnim-parazitskim-i-nemoralnim\\\/#article\",\"isPartOf\":{\"@id\":\"https:\\\/\\\/radioljubuski.ba\\\/index.php\\\/2021\\\/04\\\/15\\\/novinar-koji-je-snimio-biseru-turkovic-u-kupovini-vase-ponasanje-smatram-odvratnim-parazitskim-i-nemoralnim\\\/\"},\"author\":{\"name\":\"Radio Ljubu\u0161ki\",\"@id\":\"https:\\\/\\\/radioljubuski.ba\\\/#\\\/schema\\\/person\\\/19fc700381a780f69665d7956c469e3b\"},\"headline\":\"Novinar koji je snimio Biseru Turkovi\u0107 u kupovini: Va\u0161e pona\u0161anje smatram odvratnim, parazitskim i nemoralnim\",\"datePublished\":\"2021-04-14T23:33:40+00:00\",\"dateModified\":\"2021-04-14T23:33:41+00:00\",\"mainEntityOfPage\":{\"@id\":\"https:\\\/\\\/radioljubuski.ba\\\/index.php\\\/2021\\\/04\\\/15\\\/novinar-koji-je-snimio-biseru-turkovic-u-kupovini-vase-ponasanje-smatram-odvratnim-parazitskim-i-nemoralnim\\\/\"},\"wordCount\":911,\"publisher\":{\"@id\":\"https:\\\/\\\/radioljubuski.ba\\\/#organization\"},\"image\":{\"@id\":\"https:\\\/\\\/radioljubuski.ba\\\/index.php\\\/2021\\\/04\\\/15\\\/novinar-koji-je-snimio-biseru-turkovic-u-kupovini-vase-ponasanje-smatram-odvratnim-parazitskim-i-nemoralnim\\\/#primaryimage\"},\"thumbnailUrl\":\"https:\\\/\\\/radioljubuski.ba\\\/wp-content\\\/uploads\\\/2021\\\/04\\\/873x400-69.jpg\",\"articleSection\":[\"BIH i regija\"],\"inLanguage\":\"hr\"},{\"@type\":\"WebPage\",\"@id\":\"https:\\\/\\\/radioljubuski.ba\\\/index.php\\\/2021\\\/04\\\/15\\\/novinar-koji-je-snimio-biseru-turkovic-u-kupovini-vase-ponasanje-smatram-odvratnim-parazitskim-i-nemoralnim\\\/\",\"url\":\"https:\\\/\\\/radioljubuski.ba\\\/index.php\\\/2021\\\/04\\\/15\\\/novinar-koji-je-snimio-biseru-turkovic-u-kupovini-vase-ponasanje-smatram-odvratnim-parazitskim-i-nemoralnim\\\/\",\"name\":\"Novinar koji je snimio Biseru Turkovi\u0107 u kupovini: Va\u0161e pona\u0161anje smatram odvratnim, parazitskim i nemoralnim - RADIO LJUBU\u0160KI\",\"isPartOf\":{\"@id\":\"https:\\\/\\\/radioljubuski.ba\\\/#website\"},\"primaryImageOfPage\":{\"@id\":\"https:\\\/\\\/radioljubuski.ba\\\/index.php\\\/2021\\\/04\\\/15\\\/novinar-koji-je-snimio-biseru-turkovic-u-kupovini-vase-ponasanje-smatram-odvratnim-parazitskim-i-nemoralnim\\\/#primaryimage\"},\"image\":{\"@id\":\"https:\\\/\\\/radioljubuski.ba\\\/index.php\\\/2021\\\/04\\\/15\\\/novinar-koji-je-snimio-biseru-turkovic-u-kupovini-vase-ponasanje-smatram-odvratnim-parazitskim-i-nemoralnim\\\/#primaryimage\"},\"thumbnailUrl\":\"https:\\\/\\\/radioljubuski.ba\\\/wp-content\\\/uploads\\\/2021\\\/04\\\/873x400-69.jpg\",\"datePublished\":\"2021-04-14T23:33:40+00:00\",\"dateModified\":\"2021-04-14T23:33:41+00:00\",\"breadcrumb\":{\"@id\":\"https:\\\/\\\/radioljubuski.ba\\\/index.php\\\/2021\\\/04\\\/15\\\/novinar-koji-je-snimio-biseru-turkovic-u-kupovini-vase-ponasanje-smatram-odvratnim-parazitskim-i-nemoralnim\\\/#breadcrumb\"},\"inLanguage\":\"hr\",\"potentialAction\":[{\"@type\":\"ReadAction\",\"target\":[\"https:\\\/\\\/radioljubuski.ba\\\/index.php\\\/2021\\\/04\\\/15\\\/novinar-koji-je-snimio-biseru-turkovic-u-kupovini-vase-ponasanje-smatram-odvratnim-parazitskim-i-nemoralnim\\\/\"]}]},{\"@type\":\"ImageObject\",\"inLanguage\":\"hr\",\"@id\":\"https:\\\/\\\/radioljubuski.ba\\\/index.php\\\/2021\\\/04\\\/15\\\/novinar-koji-je-snimio-biseru-turkovic-u-kupovini-vase-ponasanje-smatram-odvratnim-parazitskim-i-nemoralnim\\\/#primaryimage\",\"url\":\"https:\\\/\\\/radioljubuski.ba\\\/wp-content\\\/uploads\\\/2021\\\/04\\\/873x400-69.jpg\",\"contentUrl\":\"https:\\\/\\\/radioljubuski.ba\\\/wp-content\\\/uploads\\\/2021\\\/04\\\/873x400-69.jpg\",\"width\":750,\"height\":465},{\"@type\":\"BreadcrumbList\",\"@id\":\"https:\\\/\\\/radioljubuski.ba\\\/index.php\\\/2021\\\/04\\\/15\\\/novinar-koji-je-snimio-biseru-turkovic-u-kupovini-vase-ponasanje-smatram-odvratnim-parazitskim-i-nemoralnim\\\/#breadcrumb\",\"itemListElement\":[{\"@type\":\"ListItem\",\"position\":1,\"name\":\"Po\u010detna stranica\",\"item\":\"https:\\\/\\\/radioljubuski.ba\\\/\"},{\"@type\":\"ListItem\",\"position\":2,\"name\":\"Novinar koji je snimio Biseru Turkovi\u0107 u kupovini: Va\u0161e pona\u0161anje smatram odvratnim, parazitskim i nemoralnim\"}]},{\"@type\":\"WebSite\",\"@id\":\"https:\\\/\\\/radioljubuski.ba\\\/#website\",\"url\":\"https:\\\/\\\/radioljubuski.ba\\\/\",\"name\":\"Radio Ljubu\u0161ki\",\"description\":\"Sun\u010dana frekvencija Hercegovine\",\"publisher\":{\"@id\":\"https:\\\/\\\/radioljubuski.ba\\\/#organization\"},\"potentialAction\":[{\"@type\":\"SearchAction\",\"target\":{\"@type\":\"EntryPoint\",\"urlTemplate\":\"https:\\\/\\\/radioljubuski.ba\\\/?s={search_term_string}\"},\"query-input\":{\"@type\":\"PropertyValueSpecification\",\"valueRequired\":true,\"valueName\":\"search_term_string\"}}],\"inLanguage\":\"hr\"},{\"@type\":\"Organization\",\"@id\":\"https:\\\/\\\/radioljubuski.ba\\\/#organization\",\"name\":\"Radio Ljubu\u0161ki\",\"url\":\"https:\\\/\\\/radioljubuski.ba\\\/\",\"logo\":{\"@type\":\"ImageObject\",\"inLanguage\":\"hr\",\"@id\":\"https:\\\/\\\/radioljubuski.ba\\\/#\\\/schema\\\/logo\\\/image\\\/\",\"url\":\"https:\\\/\\\/radioljubuski.ba\\\/wp-content\\\/uploads\\\/2021\\\/02\\\/cropped-Radio_Ljubuski_logo1.jpg\",\"contentUrl\":\"https:\\\/\\\/radioljubuski.ba\\\/wp-content\\\/uploads\\\/2021\\\/02\\\/cropped-Radio_Ljubuski_logo1.jpg\",\"width\":512,\"height\":512,\"caption\":\"Radio Ljubu\u0161ki\"},\"image\":{\"@id\":\"https:\\\/\\\/radioljubuski.ba\\\/#\\\/schema\\\/logo\\\/image\\\/\"},\"sameAs\":[\"https:\\\/\\\/www.facebook.com\\\/Radiio-Ljubuski-1490835324566332\",\"https:\\\/\\\/x.com\\\/radioljubuski\",\"https:\\\/\\\/hr.linkedin.com\\\/company\\\/radio-ljubuski\",\"https:\\\/\\\/www.youtube.com\\\/channel\\\/UCHYaeO_n0Db3tjNGudGpXyw\"]},{\"@type\":\"Person\",\"@id\":\"https:\\\/\\\/radioljubuski.ba\\\/#\\\/schema\\\/person\\\/19fc700381a780f69665d7956c469e3b\",\"name\":\"Radio Ljubu\u0161ki\"}]}<\/script>\n<!-- \/ Yoast SEO plugin. -->","yoast_head_json":{"title":"Novinar koji je snimio Biseru Turkovi\u0107 u kupovini: Va\u0161e pona\u0161anje smatram odvratnim, parazitskim i nemoralnim - RADIO LJUBU\u0160KI","robots":{"index":"index","follow":"follow","max-snippet":"max-snippet:-1","max-image-preview":"max-image-preview:large","max-video-preview":"max-video-preview:-1"},"canonical":"https:\/\/radioljubuski.ba\/index.php\/2021\/04\/15\/novinar-koji-je-snimio-biseru-turkovic-u-kupovini-vase-ponasanje-smatram-odvratnim-parazitskim-i-nemoralnim\/","og_locale":"hr_HR","og_type":"article","og_title":"Novinar koji je snimio Biseru Turkovi\u0107 u kupovini: Va\u0161e pona\u0161anje smatram odvratnim, parazitskim i nemoralnim - RADIO LJUBU\u0160KI","og_description":"Javnost su zgrozile ju\u010der objavljene fotografije na kojima se vidi kako je ministrica vanjskih poslova BiH Bisera Turkovi\u0107 (SDA), s pratnjom i uz rotacijska svjetla, oti\u0161la u kupovinu. Turkovi\u0107 je ovaj skandal poku\u0161ala nesuvislo opravdati tvrdnjom da ona, kao ministrica, navodno, mora konstantno biti pod slu\u017ebenom pratnjom. Ermin Zatega, novinar koji je prvi objavio ove [&hellip;]","og_url":"https:\/\/radioljubuski.ba\/index.php\/2021\/04\/15\/novinar-koji-je-snimio-biseru-turkovic-u-kupovini-vase-ponasanje-smatram-odvratnim-parazitskim-i-nemoralnim\/","og_site_name":"RADIO LJUBU\u0160KI","article_publisher":"https:\/\/www.facebook.com\/Radiio-Ljubuski-1490835324566332","article_published_time":"2021-04-14T23:33:40+00:00","article_modified_time":"2021-04-14T23:33:41+00:00","og_image":[{"width":750,"height":465,"url":"https:\/\/radioljubuski.ba\/wp-content\/uploads\/2021\/04\/873x400-69.jpg","type":"image\/jpeg"}],"author":"Radio Ljubu\u0161ki","twitter_card":"summary_large_image","twitter_creator":"@radioljubuski","twitter_site":"@radioljubuski","twitter_misc":{"Napisao\/la":"Radio Ljubu\u0161ki","Procijenjeno vrijeme \u010ditanja":"4 minute"},"schema":{"@context":"https:\/\/schema.org","@graph":[{"@type":"Article","@id":"https:\/\/radioljubuski.ba\/index.php\/2021\/04\/15\/novinar-koji-je-snimio-biseru-turkovic-u-kupovini-vase-ponasanje-smatram-odvratnim-parazitskim-i-nemoralnim\/#article","isPartOf":{"@id":"https:\/\/radioljubuski.ba\/index.php\/2021\/04\/15\/novinar-koji-je-snimio-biseru-turkovic-u-kupovini-vase-ponasanje-smatram-odvratnim-parazitskim-i-nemoralnim\/"},"author":{"name":"Radio Ljubu\u0161ki","@id":"https:\/\/radioljubuski.ba\/#\/schema\/person\/19fc700381a780f69665d7956c469e3b"},"headline":"Novinar koji je snimio Biseru Turkovi\u0107 u kupovini: Va\u0161e pona\u0161anje smatram odvratnim, parazitskim i nemoralnim","datePublished":"2021-04-14T23:33:40+00:00","dateModified":"2021-04-14T23:33:41+00:00","mainEntityOfPage":{"@id":"https:\/\/radioljubuski.ba\/index.php\/2021\/04\/15\/novinar-koji-je-snimio-biseru-turkovic-u-kupovini-vase-ponasanje-smatram-odvratnim-parazitskim-i-nemoralnim\/"},"wordCount":911,"publisher":{"@id":"https:\/\/radioljubuski.ba\/#organization"},"image":{"@id":"https:\/\/radioljubuski.ba\/index.php\/2021\/04\/15\/novinar-koji-je-snimio-biseru-turkovic-u-kupovini-vase-ponasanje-smatram-odvratnim-parazitskim-i-nemoralnim\/#primaryimage"},"thumbnailUrl":"https:\/\/radioljubuski.ba\/wp-content\/uploads\/2021\/04\/873x400-69.jpg","articleSection":["BIH i regija"],"inLanguage":"hr"},{"@type":"WebPage","@id":"https:\/\/radioljubuski.ba\/index.php\/2021\/04\/15\/novinar-koji-je-snimio-biseru-turkovic-u-kupovini-vase-ponasanje-smatram-odvratnim-parazitskim-i-nemoralnim\/","url":"https:\/\/radioljubuski.ba\/index.php\/2021\/04\/15\/novinar-koji-je-snimio-biseru-turkovic-u-kupovini-vase-ponasanje-smatram-odvratnim-parazitskim-i-nemoralnim\/","name":"Novinar koji je snimio Biseru Turkovi\u0107 u kupovini: Va\u0161e pona\u0161anje smatram odvratnim, parazitskim i nemoralnim - RADIO LJUBU\u0160KI","isPartOf":{"@id":"https:\/\/radioljubuski.ba\/#website"},"primaryImageOfPage":{"@id":"https:\/\/radioljubuski.ba\/index.php\/2021\/04\/15\/novinar-koji-je-snimio-biseru-turkovic-u-kupovini-vase-ponasanje-smatram-odvratnim-parazitskim-i-nemoralnim\/#primaryimage"},"image":{"@id":"https:\/\/radioljubuski.ba\/index.php\/2021\/04\/15\/novinar-koji-je-snimio-biseru-turkovic-u-kupovini-vase-ponasanje-smatram-odvratnim-parazitskim-i-nemoralnim\/#primaryimage"},"thumbnailUrl":"https:\/\/radioljubuski.ba\/wp-content\/uploads\/2021\/04\/873x400-69.jpg","datePublished":"2021-04-14T23:33:40+00:00","dateModified":"2021-04-14T23:33:41+00:00","breadcrumb":{"@id":"https:\/\/radioljubuski.ba\/index.php\/2021\/04\/15\/novinar-koji-je-snimio-biseru-turkovic-u-kupovini-vase-ponasanje-smatram-odvratnim-parazitskim-i-nemoralnim\/#breadcrumb"},"inLanguage":"hr","potentialAction":[{"@type":"ReadAction","target":["https:\/\/radioljubuski.ba\/index.php\/2021\/04\/15\/novinar-koji-je-snimio-biseru-turkovic-u-kupovini-vase-ponasanje-smatram-odvratnim-parazitskim-i-nemoralnim\/"]}]},{"@type":"ImageObject","inLanguage":"hr","@id":"https:\/\/radioljubuski.ba\/index.php\/2021\/04\/15\/novinar-koji-je-snimio-biseru-turkovic-u-kupovini-vase-ponasanje-smatram-odvratnim-parazitskim-i-nemoralnim\/#primaryimage","url":"https:\/\/radioljubuski.ba\/wp-content\/uploads\/2021\/04\/873x400-69.jpg","contentUrl":"https:\/\/radioljubuski.ba\/wp-content\/uploads\/2021\/04\/873x400-69.jpg","width":750,"height":465},{"@type":"BreadcrumbList","@id":"https:\/\/radioljubuski.ba\/index.php\/2021\/04\/15\/novinar-koji-je-snimio-biseru-turkovic-u-kupovini-vase-ponasanje-smatram-odvratnim-parazitskim-i-nemoralnim\/#breadcrumb","itemListElement":[{"@type":"ListItem","position":1,"name":"Po\u010detna stranica","item":"https:\/\/radioljubuski.ba\/"},{"@type":"ListItem","position":2,"name":"Novinar koji je snimio Biseru Turkovi\u0107 u kupovini: Va\u0161e pona\u0161anje smatram odvratnim, parazitskim i nemoralnim"}]},{"@type":"WebSite","@id":"https:\/\/radioljubuski.ba\/#website","url":"https:\/\/radioljubuski.ba\/","name":"Radio Ljubu\u0161ki","description":"Sun\u010dana frekvencija Hercegovine","publisher":{"@id":"https:\/\/radioljubuski.ba\/#organization"},"potentialAction":[{"@type":"SearchAction","target":{"@type":"EntryPoint","urlTemplate":"https:\/\/radioljubuski.ba\/?s={search_term_string}"},"query-input":{"@type":"PropertyValueSpecification","valueRequired":true,"valueName":"search_term_string"}}],"inLanguage":"hr"},{"@type":"Organization","@id":"https:\/\/radioljubuski.ba\/#organization","name":"Radio Ljubu\u0161ki","url":"https:\/\/radioljubuski.ba\/","logo":{"@type":"ImageObject","inLanguage":"hr","@id":"https:\/\/radioljubuski.ba\/#\/schema\/logo\/image\/","url":"https:\/\/radioljubuski.ba\/wp-content\/uploads\/2021\/02\/cropped-Radio_Ljubuski_logo1.jpg","contentUrl":"https:\/\/radioljubuski.ba\/wp-content\/uploads\/2021\/02\/cropped-Radio_Ljubuski_logo1.jpg","width":512,"height":512,"caption":"Radio Ljubu\u0161ki"},"image":{"@id":"https:\/\/radioljubuski.ba\/#\/schema\/logo\/image\/"},"sameAs":["https:\/\/www.facebook.com\/Radiio-Ljubuski-1490835324566332","https:\/\/x.com\/radioljubuski","https:\/\/hr.linkedin.com\/company\/radio-ljubuski","https:\/\/www.youtube.com\/channel\/UCHYaeO_n0Db3tjNGudGpXyw"]},{"@type":"Person","@id":"https:\/\/radioljubuski.ba\/#\/schema\/person\/19fc700381a780f69665d7956c469e3b","name":"Radio Ljubu\u0161ki"}]}},"_links":{"self":[{"href":"https:\/\/radioljubuski.ba\/index.php\/wp-json\/wp\/v2\/posts\/13069","targetHints":{"allow":["GET"]}}],"collection":[{"href":"https:\/\/radioljubuski.ba\/index.php\/wp-json\/wp\/v2\/posts"}],"about":[{"href":"https:\/\/radioljubuski.ba\/index.php\/wp-json\/wp\/v2\/types\/post"}],"author":[{"embeddable":true,"href":"https:\/\/radioljubuski.ba\/index.php\/wp-json\/wp\/v2\/users\/2"}],"replies":[{"embeddable":true,"href":"https:\/\/radioljubuski.ba\/index.php\/wp-json\/wp\/v2\/comments?post=13069"}],"version-history":[{"count":1,"href":"https:\/\/radioljubuski.ba\/index.php\/wp-json\/wp\/v2\/posts\/13069\/revisions"}],"predecessor-version":[{"id":13071,"href":"https:\/\/radioljubuski.ba\/index.php\/wp-json\/wp\/v2\/posts\/13069\/revisions\/13071"}],"wp:featuredmedia":[{"embeddable":true,"href":"https:\/\/radioljubuski.ba\/index.php\/wp-json\/wp\/v2\/media\/13070"}],"wp:attachment":[{"href":"https:\/\/radioljubuski.ba\/index.php\/wp-json\/wp\/v2\/media?parent=13069"}],"wp:term":[{"taxonomy":"category","embeddable":true,"href":"https:\/\/radioljubuski.ba\/index.php\/wp-json\/wp\/v2\/categories?post=13069"},{"taxonomy":"post_tag","embeddable":true,"href":"https:\/\/radioljubuski.ba\/index.php\/wp-json\/wp\/v2\/tags?post=13069"}],"curies":[{"name":"wp","href":"https:\/\/api.w.org\/{rel}","templated":true}]}}