{"id":130703,"date":"2022-04-09T18:35:16","date_gmt":"2022-04-09T17:35:16","guid":{"rendered":"https:\/\/radioljubuski.ba\/?p=130703"},"modified":"2022-04-09T18:35:17","modified_gmt":"2022-04-09T17:35:17","slug":"brnabic-nema-dogovora-oko-toga-da-dacic-bude-premijer","status":"publish","type":"post","link":"https:\/\/radioljubuski.ba\/index.php\/2022\/04\/09\/brnabic-nema-dogovora-oko-toga-da-dacic-bude-premijer\/","title":{"rendered":"Brnabi\u0107: Nema dogovora oko toga da Da\u010di\u0107 bude premijer"},"content":{"rendered":"\n<p>Potpredsjednica Srpske napredne stranke Ana Brnabi\u0107 izjavila je danas da ne zna tko \u0107e biti budu\u0107i premijer, niti da su joj poznata budu\u0107a kadrovska rje\u0161enja, pa ni to \u0161to \u0107e ona sama raditi ubudu\u0107e i naglasila da sa predsjednikom SPS Ivicom Da\u010di\u0107em nije napravljen dogovor da bude premijer.<\/p>\n\n\n\n<p>Brnabi\u0107 je zamjerila partnerima iz SPS \u0161to su, kako je rekla, i\u0161li da uzimaju glasove SNS na izborima na osnovu neodgovorne politike, uz ocjenu da to do\u017eivljava kao izdaju tima.<\/p>\n\n\n\n<p>Ona je rekla da joj se nisu svidjeli pojedini potezi Socijalisti\u010dke partije Srbije (SPS) u predizbornoj kampanji, gdje je SPS, prema njenom mi\u0161ljenju, neodgovornom proruskom politikom svjesno i\u0161la da uzme glasove SNS.<\/p>\n\n\n\n<p>&#8220;Zamjeram na\u0161im partnerima iz SPS \u0161to su i\u0161li da uzimaju na\u0161e glasove na izborima na osnovu neodgovorne politike&#8221;, rekla je Brnabi\u0107 na TV Pink.<\/p>\n\n\n\n<p>Brnabi\u0107 je dodala da je to neodgovorno pona\u0161anje.<\/p>\n\n\n\n<p>&#8220;To nije odgovorno pona\u0161anje, mi smo izgubili poene na tome. Na\u0161i glasovi su se prelili na SPS, NADA, ne\u0161to na SRS, Zavetnike, na konto toga \u0161to smo vodili odgovornu politku i \u010duvali Srbiju od svih oluja. Beskrajno sam ponosna na to. Aleksandar Vu\u010di\u0107 je mogao da vodi bilo kakvu kampanju i dobije tri milijuna, da je inzistirao na glasanju na Kosovu, rusofilskoj politici, ali to ne bi bilo dobro za zemlju&#8221;, poru\u010dila je Brnabi\u0107.<\/p>\n\n\n\n<p>Ona je rekla kako neke poteze SPS do\u017eivljava kao izdaju tima zbog \u010dega joj nije bilo prijatno.<\/p>\n\n\n\n<p>Kada je rije\u010d o kampanji Ivice Da\u010di\u0107a i slogana &#8220;Da\u010di\u0107 premijer&#8221; on navodi da to nije dogovor sa SNS:<\/p>\n\n\n\n<p>&#8220;Nije postojao neki dogovor, jer opet, unaprijed bilo kakvi dogovori nisu u skladu sa na\u010delima SNS. Prvo da \u010dujemo \u0161to narod ima re\u0107i i za koga \u0107e glasati. Mi nismo oni koji dijele funkcije, prije nego \u0161to \u010dujemo ono \u0161to narod ka\u017ee&#8221;.<\/p>\n\n\n\n<p>Izvor:pogled.ba<\/p>\n","protected":false},"excerpt":{"rendered":"<p>Potpredsjednica Srpske napredne stranke Ana Brnabi\u0107 izjavila je danas da ne zna tko \u0107e biti budu\u0107i premijer, niti da su joj poznata budu\u0107a kadrovska rje\u0161enja, pa ni to \u0161to \u0107e ona sama raditi ubudu\u0107e i naglasila da sa predsjednikom SPS Ivicom Da\u010di\u0107em nije napravljen dogovor da bude premijer. Brnabi\u0107 je zamjerila partnerima iz SPS \u0161to [&hellip;]<\/p>\n","protected":false},"author":2,"featured_media":96009,"comment_status":"closed","ping_status":"closed","sticky":false,"template":"","format":"standard","meta":{"h5ap_radio_sources":[],"footnotes":""},"categories":[1],"tags":[],"class_list":["post-130703","post","type-post","status-publish","format-standard","has-post-thumbnail","hentry","category-bihiregija"],"yoast_head":"<!-- This site is optimized with the Yoast SEO plugin v27.5 - https:\/\/yoast.com\/product\/yoast-seo-wordpress\/ -->\n<title>Brnabi\u0107: Nema dogovora oko toga da Da\u010di\u0107 bude premijer - RADIO LJUBU\u0160KI<\/title>\n<meta name=\"robots\" content=\"index, follow, max-snippet:-1, max-image-preview:large, max-video-preview:-1\" \/>\n<link rel=\"canonical\" href=\"https:\/\/radioljubuski.ba\/index.php\/2022\/04\/09\/brnabic-nema-dogovora-oko-toga-da-dacic-bude-premijer\/\" \/>\n<meta property=\"og:locale\" content=\"hr_HR\" \/>\n<meta property=\"og:type\" content=\"article\" \/>\n<meta property=\"og:title\" content=\"Brnabi\u0107: Nema dogovora oko toga da Da\u010di\u0107 bude premijer - RADIO LJUBU\u0160KI\" \/>\n<meta property=\"og:description\" content=\"Potpredsjednica Srpske napredne stranke Ana Brnabi\u0107 izjavila je danas da ne zna tko \u0107e biti budu\u0107i premijer, niti da su joj poznata budu\u0107a kadrovska rje\u0161enja, pa ni to \u0161to \u0107e ona sama raditi ubudu\u0107e i naglasila da sa predsjednikom SPS Ivicom Da\u010di\u0107em nije napravljen dogovor da bude premijer. Brnabi\u0107 je zamjerila partnerima iz SPS \u0161to [&hellip;]\" \/>\n<meta property=\"og:url\" content=\"https:\/\/radioljubuski.ba\/index.php\/2022\/04\/09\/brnabic-nema-dogovora-oko-toga-da-dacic-bude-premijer\/\" \/>\n<meta property=\"og:site_name\" content=\"RADIO LJUBU\u0160KI\" \/>\n<meta property=\"article:publisher\" content=\"https:\/\/www.facebook.com\/Radiio-Ljubuski-1490835324566332\" \/>\n<meta property=\"article:published_time\" content=\"2022-04-09T17:35:16+00:00\" \/>\n<meta property=\"article:modified_time\" content=\"2022-04-09T17:35:17+00:00\" \/>\n<meta property=\"og:image\" content=\"https:\/\/radioljubuski.ba\/wp-content\/uploads\/2021\/12\/4uR0hAQe_brnabic.jpg\" \/>\n\t<meta property=\"og:image:width\" content=\"1000\" \/>\n\t<meta property=\"og:image:height\" content=\"625\" \/>\n\t<meta property=\"og:image:type\" content=\"image\/jpeg\" \/>\n<meta name=\"author\" content=\"Radio Ljubu\u0161ki\" \/>\n<meta name=\"twitter:card\" content=\"summary_large_image\" \/>\n<meta name=\"twitter:creator\" content=\"@radioljubuski\" \/>\n<meta name=\"twitter:site\" content=\"@radioljubuski\" \/>\n<meta name=\"twitter:label1\" content=\"Napisao\/la\" \/>\n\t<meta name=\"twitter:data1\" content=\"Radio Ljubu\u0161ki\" \/>\n\t<meta name=\"twitter:label2\" content=\"Procijenjeno vrijeme \u010ditanja\" \/>\n\t<meta name=\"twitter:data2\" content=\"2 minute\" \/>\n<script type=\"application\/ld+json\" class=\"yoast-schema-graph\">{\"@context\":\"https:\\\/\\\/schema.org\",\"@graph\":[{\"@type\":\"Article\",\"@id\":\"https:\\\/\\\/radioljubuski.ba\\\/index.php\\\/2022\\\/04\\\/09\\\/brnabic-nema-dogovora-oko-toga-da-dacic-bude-premijer\\\/#article\",\"isPartOf\":{\"@id\":\"https:\\\/\\\/radioljubuski.ba\\\/index.php\\\/2022\\\/04\\\/09\\\/brnabic-nema-dogovora-oko-toga-da-dacic-bude-premijer\\\/\"},\"author\":{\"name\":\"Radio Ljubu\u0161ki\",\"@id\":\"https:\\\/\\\/radioljubuski.ba\\\/#\\\/schema\\\/person\\\/19fc700381a780f69665d7956c469e3b\"},\"headline\":\"Brnabi\u0107: Nema dogovora oko toga da Da\u010di\u0107 bude premijer\",\"datePublished\":\"2022-04-09T17:35:16+00:00\",\"dateModified\":\"2022-04-09T17:35:17+00:00\",\"mainEntityOfPage\":{\"@id\":\"https:\\\/\\\/radioljubuski.ba\\\/index.php\\\/2022\\\/04\\\/09\\\/brnabic-nema-dogovora-oko-toga-da-dacic-bude-premijer\\\/\"},\"wordCount\":334,\"publisher\":{\"@id\":\"https:\\\/\\\/radioljubuski.ba\\\/#organization\"},\"image\":{\"@id\":\"https:\\\/\\\/radioljubuski.ba\\\/index.php\\\/2022\\\/04\\\/09\\\/brnabic-nema-dogovora-oko-toga-da-dacic-bude-premijer\\\/#primaryimage\"},\"thumbnailUrl\":\"https:\\\/\\\/radioljubuski.ba\\\/wp-content\\\/uploads\\\/2021\\\/12\\\/4uR0hAQe_brnabic.jpg\",\"articleSection\":[\"BIH i regija\"],\"inLanguage\":\"hr\"},{\"@type\":\"WebPage\",\"@id\":\"https:\\\/\\\/radioljubuski.ba\\\/index.php\\\/2022\\\/04\\\/09\\\/brnabic-nema-dogovora-oko-toga-da-dacic-bude-premijer\\\/\",\"url\":\"https:\\\/\\\/radioljubuski.ba\\\/index.php\\\/2022\\\/04\\\/09\\\/brnabic-nema-dogovora-oko-toga-da-dacic-bude-premijer\\\/\",\"name\":\"Brnabi\u0107: Nema dogovora oko toga da Da\u010di\u0107 bude premijer - RADIO LJUBU\u0160KI\",\"isPartOf\":{\"@id\":\"https:\\\/\\\/radioljubuski.ba\\\/#website\"},\"primaryImageOfPage\":{\"@id\":\"https:\\\/\\\/radioljubuski.ba\\\/index.php\\\/2022\\\/04\\\/09\\\/brnabic-nema-dogovora-oko-toga-da-dacic-bude-premijer\\\/#primaryimage\"},\"image\":{\"@id\":\"https:\\\/\\\/radioljubuski.ba\\\/index.php\\\/2022\\\/04\\\/09\\\/brnabic-nema-dogovora-oko-toga-da-dacic-bude-premijer\\\/#primaryimage\"},\"thumbnailUrl\":\"https:\\\/\\\/radioljubuski.ba\\\/wp-content\\\/uploads\\\/2021\\\/12\\\/4uR0hAQe_brnabic.jpg\",\"datePublished\":\"2022-04-09T17:35:16+00:00\",\"dateModified\":\"2022-04-09T17:35:17+00:00\",\"breadcrumb\":{\"@id\":\"https:\\\/\\\/radioljubuski.ba\\\/index.php\\\/2022\\\/04\\\/09\\\/brnabic-nema-dogovora-oko-toga-da-dacic-bude-premijer\\\/#breadcrumb\"},\"inLanguage\":\"hr\",\"potentialAction\":[{\"@type\":\"ReadAction\",\"target\":[\"https:\\\/\\\/radioljubuski.ba\\\/index.php\\\/2022\\\/04\\\/09\\\/brnabic-nema-dogovora-oko-toga-da-dacic-bude-premijer\\\/\"]}]},{\"@type\":\"ImageObject\",\"inLanguage\":\"hr\",\"@id\":\"https:\\\/\\\/radioljubuski.ba\\\/index.php\\\/2022\\\/04\\\/09\\\/brnabic-nema-dogovora-oko-toga-da-dacic-bude-premijer\\\/#primaryimage\",\"url\":\"https:\\\/\\\/radioljubuski.ba\\\/wp-content\\\/uploads\\\/2021\\\/12\\\/4uR0hAQe_brnabic.jpg\",\"contentUrl\":\"https:\\\/\\\/radioljubuski.ba\\\/wp-content\\\/uploads\\\/2021\\\/12\\\/4uR0hAQe_brnabic.jpg\",\"width\":1000,\"height\":625},{\"@type\":\"BreadcrumbList\",\"@id\":\"https:\\\/\\\/radioljubuski.ba\\\/index.php\\\/2022\\\/04\\\/09\\\/brnabic-nema-dogovora-oko-toga-da-dacic-bude-premijer\\\/#breadcrumb\",\"itemListElement\":[{\"@type\":\"ListItem\",\"position\":1,\"name\":\"Po\u010detna stranica\",\"item\":\"https:\\\/\\\/radioljubuski.ba\\\/\"},{\"@type\":\"ListItem\",\"position\":2,\"name\":\"Brnabi\u0107: Nema dogovora oko toga da Da\u010di\u0107 bude premijer\"}]},{\"@type\":\"WebSite\",\"@id\":\"https:\\\/\\\/radioljubuski.ba\\\/#website\",\"url\":\"https:\\\/\\\/radioljubuski.ba\\\/\",\"name\":\"Radio Ljubu\u0161ki\",\"description\":\"Sun\u010dana frekvencija Hercegovine\",\"publisher\":{\"@id\":\"https:\\\/\\\/radioljubuski.ba\\\/#organization\"},\"potentialAction\":[{\"@type\":\"SearchAction\",\"target\":{\"@type\":\"EntryPoint\",\"urlTemplate\":\"https:\\\/\\\/radioljubuski.ba\\\/?s={search_term_string}\"},\"query-input\":{\"@type\":\"PropertyValueSpecification\",\"valueRequired\":true,\"valueName\":\"search_term_string\"}}],\"inLanguage\":\"hr\"},{\"@type\":\"Organization\",\"@id\":\"https:\\\/\\\/radioljubuski.ba\\\/#organization\",\"name\":\"Radio Ljubu\u0161ki\",\"url\":\"https:\\\/\\\/radioljubuski.ba\\\/\",\"logo\":{\"@type\":\"ImageObject\",\"inLanguage\":\"hr\",\"@id\":\"https:\\\/\\\/radioljubuski.ba\\\/#\\\/schema\\\/logo\\\/image\\\/\",\"url\":\"https:\\\/\\\/radioljubuski.ba\\\/wp-content\\\/uploads\\\/2021\\\/02\\\/cropped-Radio_Ljubuski_logo1.jpg\",\"contentUrl\":\"https:\\\/\\\/radioljubuski.ba\\\/wp-content\\\/uploads\\\/2021\\\/02\\\/cropped-Radio_Ljubuski_logo1.jpg\",\"width\":512,\"height\":512,\"caption\":\"Radio Ljubu\u0161ki\"},\"image\":{\"@id\":\"https:\\\/\\\/radioljubuski.ba\\\/#\\\/schema\\\/logo\\\/image\\\/\"},\"sameAs\":[\"https:\\\/\\\/www.facebook.com\\\/Radiio-Ljubuski-1490835324566332\",\"https:\\\/\\\/x.com\\\/radioljubuski\",\"https:\\\/\\\/hr.linkedin.com\\\/company\\\/radio-ljubuski\",\"https:\\\/\\\/www.youtube.com\\\/channel\\\/UCHYaeO_n0Db3tjNGudGpXyw\"]},{\"@type\":\"Person\",\"@id\":\"https:\\\/\\\/radioljubuski.ba\\\/#\\\/schema\\\/person\\\/19fc700381a780f69665d7956c469e3b\",\"name\":\"Radio Ljubu\u0161ki\"}]}<\/script>\n<!-- \/ Yoast SEO plugin. -->","yoast_head_json":{"title":"Brnabi\u0107: Nema dogovora oko toga da Da\u010di\u0107 bude premijer - RADIO LJUBU\u0160KI","robots":{"index":"index","follow":"follow","max-snippet":"max-snippet:-1","max-image-preview":"max-image-preview:large","max-video-preview":"max-video-preview:-1"},"canonical":"https:\/\/radioljubuski.ba\/index.php\/2022\/04\/09\/brnabic-nema-dogovora-oko-toga-da-dacic-bude-premijer\/","og_locale":"hr_HR","og_type":"article","og_title":"Brnabi\u0107: Nema dogovora oko toga da Da\u010di\u0107 bude premijer - RADIO LJUBU\u0160KI","og_description":"Potpredsjednica Srpske napredne stranke Ana Brnabi\u0107 izjavila je danas da ne zna tko \u0107e biti budu\u0107i premijer, niti da su joj poznata budu\u0107a kadrovska rje\u0161enja, pa ni to \u0161to \u0107e ona sama raditi ubudu\u0107e i naglasila da sa predsjednikom SPS Ivicom Da\u010di\u0107em nije napravljen dogovor da bude premijer. Brnabi\u0107 je zamjerila partnerima iz SPS \u0161to [&hellip;]","og_url":"https:\/\/radioljubuski.ba\/index.php\/2022\/04\/09\/brnabic-nema-dogovora-oko-toga-da-dacic-bude-premijer\/","og_site_name":"RADIO LJUBU\u0160KI","article_publisher":"https:\/\/www.facebook.com\/Radiio-Ljubuski-1490835324566332","article_published_time":"2022-04-09T17:35:16+00:00","article_modified_time":"2022-04-09T17:35:17+00:00","og_image":[{"width":1000,"height":625,"url":"https:\/\/radioljubuski.ba\/wp-content\/uploads\/2021\/12\/4uR0hAQe_brnabic.jpg","type":"image\/jpeg"}],"author":"Radio Ljubu\u0161ki","twitter_card":"summary_large_image","twitter_creator":"@radioljubuski","twitter_site":"@radioljubuski","twitter_misc":{"Napisao\/la":"Radio Ljubu\u0161ki","Procijenjeno vrijeme \u010ditanja":"2 minute"},"schema":{"@context":"https:\/\/schema.org","@graph":[{"@type":"Article","@id":"https:\/\/radioljubuski.ba\/index.php\/2022\/04\/09\/brnabic-nema-dogovora-oko-toga-da-dacic-bude-premijer\/#article","isPartOf":{"@id":"https:\/\/radioljubuski.ba\/index.php\/2022\/04\/09\/brnabic-nema-dogovora-oko-toga-da-dacic-bude-premijer\/"},"author":{"name":"Radio Ljubu\u0161ki","@id":"https:\/\/radioljubuski.ba\/#\/schema\/person\/19fc700381a780f69665d7956c469e3b"},"headline":"Brnabi\u0107: Nema dogovora oko toga da Da\u010di\u0107 bude premijer","datePublished":"2022-04-09T17:35:16+00:00","dateModified":"2022-04-09T17:35:17+00:00","mainEntityOfPage":{"@id":"https:\/\/radioljubuski.ba\/index.php\/2022\/04\/09\/brnabic-nema-dogovora-oko-toga-da-dacic-bude-premijer\/"},"wordCount":334,"publisher":{"@id":"https:\/\/radioljubuski.ba\/#organization"},"image":{"@id":"https:\/\/radioljubuski.ba\/index.php\/2022\/04\/09\/brnabic-nema-dogovora-oko-toga-da-dacic-bude-premijer\/#primaryimage"},"thumbnailUrl":"https:\/\/radioljubuski.ba\/wp-content\/uploads\/2021\/12\/4uR0hAQe_brnabic.jpg","articleSection":["BIH i regija"],"inLanguage":"hr"},{"@type":"WebPage","@id":"https:\/\/radioljubuski.ba\/index.php\/2022\/04\/09\/brnabic-nema-dogovora-oko-toga-da-dacic-bude-premijer\/","url":"https:\/\/radioljubuski.ba\/index.php\/2022\/04\/09\/brnabic-nema-dogovora-oko-toga-da-dacic-bude-premijer\/","name":"Brnabi\u0107: Nema dogovora oko toga da Da\u010di\u0107 bude premijer - RADIO LJUBU\u0160KI","isPartOf":{"@id":"https:\/\/radioljubuski.ba\/#website"},"primaryImageOfPage":{"@id":"https:\/\/radioljubuski.ba\/index.php\/2022\/04\/09\/brnabic-nema-dogovora-oko-toga-da-dacic-bude-premijer\/#primaryimage"},"image":{"@id":"https:\/\/radioljubuski.ba\/index.php\/2022\/04\/09\/brnabic-nema-dogovora-oko-toga-da-dacic-bude-premijer\/#primaryimage"},"thumbnailUrl":"https:\/\/radioljubuski.ba\/wp-content\/uploads\/2021\/12\/4uR0hAQe_brnabic.jpg","datePublished":"2022-04-09T17:35:16+00:00","dateModified":"2022-04-09T17:35:17+00:00","breadcrumb":{"@id":"https:\/\/radioljubuski.ba\/index.php\/2022\/04\/09\/brnabic-nema-dogovora-oko-toga-da-dacic-bude-premijer\/#breadcrumb"},"inLanguage":"hr","potentialAction":[{"@type":"ReadAction","target":["https:\/\/radioljubuski.ba\/index.php\/2022\/04\/09\/brnabic-nema-dogovora-oko-toga-da-dacic-bude-premijer\/"]}]},{"@type":"ImageObject","inLanguage":"hr","@id":"https:\/\/radioljubuski.ba\/index.php\/2022\/04\/09\/brnabic-nema-dogovora-oko-toga-da-dacic-bude-premijer\/#primaryimage","url":"https:\/\/radioljubuski.ba\/wp-content\/uploads\/2021\/12\/4uR0hAQe_brnabic.jpg","contentUrl":"https:\/\/radioljubuski.ba\/wp-content\/uploads\/2021\/12\/4uR0hAQe_brnabic.jpg","width":1000,"height":625},{"@type":"BreadcrumbList","@id":"https:\/\/radioljubuski.ba\/index.php\/2022\/04\/09\/brnabic-nema-dogovora-oko-toga-da-dacic-bude-premijer\/#breadcrumb","itemListElement":[{"@type":"ListItem","position":1,"name":"Po\u010detna stranica","item":"https:\/\/radioljubuski.ba\/"},{"@type":"ListItem","position":2,"name":"Brnabi\u0107: Nema dogovora oko toga da Da\u010di\u0107 bude premijer"}]},{"@type":"WebSite","@id":"https:\/\/radioljubuski.ba\/#website","url":"https:\/\/radioljubuski.ba\/","name":"Radio Ljubu\u0161ki","description":"Sun\u010dana frekvencija Hercegovine","publisher":{"@id":"https:\/\/radioljubuski.ba\/#organization"},"potentialAction":[{"@type":"SearchAction","target":{"@type":"EntryPoint","urlTemplate":"https:\/\/radioljubuski.ba\/?s={search_term_string}"},"query-input":{"@type":"PropertyValueSpecification","valueRequired":true,"valueName":"search_term_string"}}],"inLanguage":"hr"},{"@type":"Organization","@id":"https:\/\/radioljubuski.ba\/#organization","name":"Radio Ljubu\u0161ki","url":"https:\/\/radioljubuski.ba\/","logo":{"@type":"ImageObject","inLanguage":"hr","@id":"https:\/\/radioljubuski.ba\/#\/schema\/logo\/image\/","url":"https:\/\/radioljubuski.ba\/wp-content\/uploads\/2021\/02\/cropped-Radio_Ljubuski_logo1.jpg","contentUrl":"https:\/\/radioljubuski.ba\/wp-content\/uploads\/2021\/02\/cropped-Radio_Ljubuski_logo1.jpg","width":512,"height":512,"caption":"Radio Ljubu\u0161ki"},"image":{"@id":"https:\/\/radioljubuski.ba\/#\/schema\/logo\/image\/"},"sameAs":["https:\/\/www.facebook.com\/Radiio-Ljubuski-1490835324566332","https:\/\/x.com\/radioljubuski","https:\/\/hr.linkedin.com\/company\/radio-ljubuski","https:\/\/www.youtube.com\/channel\/UCHYaeO_n0Db3tjNGudGpXyw"]},{"@type":"Person","@id":"https:\/\/radioljubuski.ba\/#\/schema\/person\/19fc700381a780f69665d7956c469e3b","name":"Radio Ljubu\u0161ki"}]}},"_links":{"self":[{"href":"https:\/\/radioljubuski.ba\/index.php\/wp-json\/wp\/v2\/posts\/130703","targetHints":{"allow":["GET"]}}],"collection":[{"href":"https:\/\/radioljubuski.ba\/index.php\/wp-json\/wp\/v2\/posts"}],"about":[{"href":"https:\/\/radioljubuski.ba\/index.php\/wp-json\/wp\/v2\/types\/post"}],"author":[{"embeddable":true,"href":"https:\/\/radioljubuski.ba\/index.php\/wp-json\/wp\/v2\/users\/2"}],"replies":[{"embeddable":true,"href":"https:\/\/radioljubuski.ba\/index.php\/wp-json\/wp\/v2\/comments?post=130703"}],"version-history":[{"count":1,"href":"https:\/\/radioljubuski.ba\/index.php\/wp-json\/wp\/v2\/posts\/130703\/revisions"}],"predecessor-version":[{"id":130704,"href":"https:\/\/radioljubuski.ba\/index.php\/wp-json\/wp\/v2\/posts\/130703\/revisions\/130704"}],"wp:featuredmedia":[{"embeddable":true,"href":"https:\/\/radioljubuski.ba\/index.php\/wp-json\/wp\/v2\/media\/96009"}],"wp:attachment":[{"href":"https:\/\/radioljubuski.ba\/index.php\/wp-json\/wp\/v2\/media?parent=130703"}],"wp:term":[{"taxonomy":"category","embeddable":true,"href":"https:\/\/radioljubuski.ba\/index.php\/wp-json\/wp\/v2\/categories?post=130703"},{"taxonomy":"post_tag","embeddable":true,"href":"https:\/\/radioljubuski.ba\/index.php\/wp-json\/wp\/v2\/tags?post=130703"}],"curies":[{"name":"wp","href":"https:\/\/api.w.org\/{rel}","templated":true}]}}