{"id":130707,"date":"2022-04-09T18:37:29","date_gmt":"2022-04-09T17:37:29","guid":{"rendered":"https:\/\/radioljubuski.ba\/?p=130707"},"modified":"2022-04-09T18:37:31","modified_gmt":"2022-04-09T17:37:31","slug":"ljetovali-ste-za-2-000-km-evo-koliko-vam-sada-za-isti-smjestaj-i-uslugu-treba-vise-novaca","status":"publish","type":"post","link":"https:\/\/radioljubuski.ba\/index.php\/2022\/04\/09\/ljetovali-ste-za-2-000-km-evo-koliko-vam-sada-za-isti-smjestaj-i-uslugu-treba-vise-novaca\/","title":{"rendered":"Ljetovali ste za 2.000 KM? Evo koliko vam sada za isti smje\u0161taj i uslugu treba vi\u0161e novaca"},"content":{"rendered":"\n<p>Bosanci i Hercegovci koji su naviknuli ljetni odmor provoditi na nekoj od destinacija uz more, ove \u0107e godine za to trebati izdvojiti i do 20 posto vi\u0161e novca nego ranijih godina.<\/p>\n\n\n\n<p>Ako je \u010detvero\u010dlana obitelj pro\u0161le godine za ljetovanje izdvajala 2.000 KM, ove godine \u0107e prora\u010dun morati pove\u0107ati za barem 400 KM, pi\u0161e&nbsp;<a href=\"https:\/\/www.vecernji.ba\/vijesti\/obitelji-koja-je-ljetovala-za-2000-km-sad-za-isti-smjestaj-i-uslugu-treba-2400-maraka-1577543\" target=\"_blank\" rel=\"noreferrer noopener\">Ve\u010dernji list BiH.<\/a>&nbsp;&nbsp;<\/p>\n\n\n\n<p><strong>Gdje je najve\u0107i skok<\/strong><\/p>\n\n\n\n<p>Uz svakodnevni rast cijena osnovnih \u017eivotnih namirnica, usluga, re\u017eija, tek rijetki \u0107e si, kako sada stvari stoje, uop\u0107e mo\u0107i priu\u0161titi odmor na nekoj od poznatih turisti\u010dkih destinacija izvan BiH. Prema najavama, smje\u0161taj i ostale usluge poskupjet \u0107e u gotovo svim turisti\u010dkim zemljama &#8211; od Hrvatske, preko Turske do Gr\u010dke\u2026<\/p>\n\n\n\n<p>Najavljeno popu\u0161tanje epidemiolo\u0161kih mjera diljem svijeta ve\u0107 je dovelo do najava dobre turisti\u010dke sezone, a potra\u017enja u ovom slu\u010daju uvjetuje cijene. Mnogi su ve\u0107 sada krenuli s rezervacijama smje\u0161taja kako zbog pretjerane potra\u017enje ne bi ostali bez ljetovanja u omiljenoj turisti\u010dkoj destinaciji. Prema do sada raspolo\u017eivim informacijama, najve\u0107i skok cijena zabilje\u017een je u Egiptu.<\/p>\n\n\n\n<p>Sedam no\u0107i u hotelu s \u010detiri zvjezdice pro\u0161le godine stajalo je oko 1400 KM, dok \u0107e oni koji se odlu\u010de za odmor u ovoj zemlji ove godine za isti smje\u0161taj i uslugu u istom hotelu morati platiti oko 400 KM vi\u0161e. Prema pisanju Informera, skok cijena najavljen je i u Gr\u010dkoj.<\/p>\n\n\n\n<p>Najve\u0107i rast cijena u ovoj zemlji najavljen je kada je u pitanju hotelski smje\u0161taj, dok privatnici ne planiraju drasti\u010dna poskupljenja. Tako bi cijene privatnog smje\u0161taja u Gr\u010dkoj, u odnosu na pro\u0161lu sezonu, mogle biti ve\u0107e za nekih pet posto, dok \u0107e oni koji se odlu\u010de za usluge hotelskog smje\u0161taja morati izdvojiti 15 posto vi\u0161e nego do sada.<\/p>\n\n\n\n<p>Ve\u0107 godinama mnogi stanovnici BiH za bijeg od svakodnevice biraju Tursku, me\u0111utim, i u toj zemlji cijene nisu ostale iste.<\/p>\n\n\n\n<p>Uz rast cijena smje\u0161taja, za sve svjetske destinacije poskupljuju i cijene prijevoza.<\/p>\n\n\n\n<p><strong>Prijevoz, hrana, smje\u0161taj<\/strong><\/p>\n\n\n\n<p>Naime, gorivo je skuplje u svim zemljama, zbog \u010dega su prijevoznici prisiljeni pove\u0107ati cijene prijevoza, a samim time skuplji je i cjelokupni aran\u017eman. Kako sada stvari stoje, ni\u0161ta bolje ne\u0107e pro\u0107i ni oni koji se odlu\u010de ljetni odmor provesti uz obalu Jadranskog mora.<\/p>\n\n\n\n<p>Nova turisti\u010dka sezona sa sobom \u0107e donijeti ve\u0107e cijene i u Hrvatskoj.<\/p>\n\n\n\n<p>Uz rast cijena smje\u0161taja, u ovoj zemlji o\u010dekuju se skuplja hrana, pi\u0107e, ugostiteljske usluge\u2026 Ni\u0161ta bolja situacija nije ni u Crnoj Gori, gdje \u0107e kretanja na svjetskom tr\u017ei\u0161tu tako\u0111er utjecati na formiranje cijena i usluga tijekom ljetnih mjeseci.<\/p>\n\n\n\n<p>Svakodnevna poskupljenja hrane, pi\u0107a, goriva, re\u017eija\u2026 svakako \u0107e dovesti i do formiranja novih cijena aran\u017emana i u Bosni i Hercegovini.<\/p>\n\n\n\n<p>Iako se o rastu cijena smje\u0161taja jo\u0161 uvijek ne govori, ako uskoro ne do\u0111e do stabilizacije cijena hrane i pi\u0107a, sasvim je izvjesno da \u0107e turisti koji se odlu\u010de za boravak u ovoj zemlji tako\u0111er morati izdvojiti vi\u0161e novca nego \u0161to su za iste usluge trebali prije godinu ili dvije.<\/p>\n\n\n\n<p>Izvor:vecernji.ba<\/p>\n","protected":false},"excerpt":{"rendered":"<p>Bosanci i Hercegovci koji su naviknuli ljetni odmor provoditi na nekoj od destinacija uz more, ove \u0107e godine za to trebati izdvojiti i do 20 posto vi\u0161e novca nego ranijih godina. Ako je \u010detvero\u010dlana obitelj pro\u0161le godine za ljetovanje izdvajala 2.000 KM, ove godine \u0107e prora\u010dun morati pove\u0107ati za barem 400 KM, pi\u0161e&nbsp;Ve\u010dernji list BiH.&nbsp;&nbsp; [&hellip;]<\/p>\n","protected":false},"author":2,"featured_media":43271,"comment_status":"closed","ping_status":"closed","sticky":false,"template":"","format":"standard","meta":{"h5ap_radio_sources":[],"footnotes":""},"categories":[1],"tags":[],"class_list":["post-130707","post","type-post","status-publish","format-standard","has-post-thumbnail","hentry","category-bihiregija"],"yoast_head":"<!-- This site is optimized with the Yoast SEO plugin v27.5 - https:\/\/yoast.com\/product\/yoast-seo-wordpress\/ -->\n<title>Ljetovali ste za 2.000 KM? Evo koliko vam sada za isti smje\u0161taj i uslugu treba vi\u0161e novaca - RADIO LJUBU\u0160KI<\/title>\n<meta name=\"robots\" content=\"index, follow, max-snippet:-1, max-image-preview:large, max-video-preview:-1\" \/>\n<link rel=\"canonical\" href=\"https:\/\/radioljubuski.ba\/index.php\/2022\/04\/09\/ljetovali-ste-za-2-000-km-evo-koliko-vam-sada-za-isti-smjestaj-i-uslugu-treba-vise-novaca\/\" \/>\n<meta property=\"og:locale\" content=\"hr_HR\" \/>\n<meta property=\"og:type\" content=\"article\" \/>\n<meta property=\"og:title\" content=\"Ljetovali ste za 2.000 KM? Evo koliko vam sada za isti smje\u0161taj i uslugu treba vi\u0161e novaca - RADIO LJUBU\u0160KI\" \/>\n<meta property=\"og:description\" content=\"Bosanci i Hercegovci koji su naviknuli ljetni odmor provoditi na nekoj od destinacija uz more, ove \u0107e godine za to trebati izdvojiti i do 20 posto vi\u0161e novca nego ranijih godina. Ako je \u010detvero\u010dlana obitelj pro\u0161le godine za ljetovanje izdvajala 2.000 KM, ove godine \u0107e prora\u010dun morati pove\u0107ati za barem 400 KM, pi\u0161e&nbsp;Ve\u010dernji list BiH.&nbsp;&nbsp; [&hellip;]\" \/>\n<meta property=\"og:url\" content=\"https:\/\/radioljubuski.ba\/index.php\/2022\/04\/09\/ljetovali-ste-za-2-000-km-evo-koliko-vam-sada-za-isti-smjestaj-i-uslugu-treba-vise-novaca\/\" \/>\n<meta property=\"og:site_name\" content=\"RADIO LJUBU\u0160KI\" \/>\n<meta property=\"article:publisher\" content=\"https:\/\/www.facebook.com\/Radiio-Ljubuski-1490835324566332\" \/>\n<meta property=\"article:published_time\" content=\"2022-04-09T17:37:29+00:00\" \/>\n<meta property=\"article:modified_time\" content=\"2022-04-09T17:37:31+00:00\" \/>\n<meta property=\"og:image\" content=\"https:\/\/radioljubuski.ba\/wp-content\/uploads\/2021\/07\/HIT2dtNf_makarska_riviera_beaches_01.jpg\" \/>\n\t<meta property=\"og:image:width\" content=\"1000\" \/>\n\t<meta property=\"og:image:height\" content=\"625\" \/>\n\t<meta property=\"og:image:type\" content=\"image\/jpeg\" \/>\n<meta name=\"author\" content=\"Radio Ljubu\u0161ki\" \/>\n<meta name=\"twitter:card\" content=\"summary_large_image\" \/>\n<meta name=\"twitter:creator\" content=\"@radioljubuski\" \/>\n<meta name=\"twitter:site\" content=\"@radioljubuski\" \/>\n<meta name=\"twitter:label1\" content=\"Napisao\/la\" \/>\n\t<meta name=\"twitter:data1\" content=\"Radio Ljubu\u0161ki\" \/>\n\t<meta name=\"twitter:label2\" content=\"Procijenjeno vrijeme \u010ditanja\" \/>\n\t<meta name=\"twitter:data2\" content=\"3 minute\" \/>\n<script type=\"application\/ld+json\" class=\"yoast-schema-graph\">{\"@context\":\"https:\\\/\\\/schema.org\",\"@graph\":[{\"@type\":\"Article\",\"@id\":\"https:\\\/\\\/radioljubuski.ba\\\/index.php\\\/2022\\\/04\\\/09\\\/ljetovali-ste-za-2-000-km-evo-koliko-vam-sada-za-isti-smjestaj-i-uslugu-treba-vise-novaca\\\/#article\",\"isPartOf\":{\"@id\":\"https:\\\/\\\/radioljubuski.ba\\\/index.php\\\/2022\\\/04\\\/09\\\/ljetovali-ste-za-2-000-km-evo-koliko-vam-sada-za-isti-smjestaj-i-uslugu-treba-vise-novaca\\\/\"},\"author\":{\"name\":\"Radio Ljubu\u0161ki\",\"@id\":\"https:\\\/\\\/radioljubuski.ba\\\/#\\\/schema\\\/person\\\/19fc700381a780f69665d7956c469e3b\"},\"headline\":\"Ljetovali ste za 2.000 KM? Evo koliko vam sada za isti smje\u0161taj i uslugu treba vi\u0161e novaca\",\"datePublished\":\"2022-04-09T17:37:29+00:00\",\"dateModified\":\"2022-04-09T17:37:31+00:00\",\"mainEntityOfPage\":{\"@id\":\"https:\\\/\\\/radioljubuski.ba\\\/index.php\\\/2022\\\/04\\\/09\\\/ljetovali-ste-za-2-000-km-evo-koliko-vam-sada-za-isti-smjestaj-i-uslugu-treba-vise-novaca\\\/\"},\"wordCount\":557,\"publisher\":{\"@id\":\"https:\\\/\\\/radioljubuski.ba\\\/#organization\"},\"image\":{\"@id\":\"https:\\\/\\\/radioljubuski.ba\\\/index.php\\\/2022\\\/04\\\/09\\\/ljetovali-ste-za-2-000-km-evo-koliko-vam-sada-za-isti-smjestaj-i-uslugu-treba-vise-novaca\\\/#primaryimage\"},\"thumbnailUrl\":\"https:\\\/\\\/radioljubuski.ba\\\/wp-content\\\/uploads\\\/2021\\\/07\\\/HIT2dtNf_makarska_riviera_beaches_01.jpg\",\"articleSection\":[\"BIH i regija\"],\"inLanguage\":\"hr\"},{\"@type\":\"WebPage\",\"@id\":\"https:\\\/\\\/radioljubuski.ba\\\/index.php\\\/2022\\\/04\\\/09\\\/ljetovali-ste-za-2-000-km-evo-koliko-vam-sada-za-isti-smjestaj-i-uslugu-treba-vise-novaca\\\/\",\"url\":\"https:\\\/\\\/radioljubuski.ba\\\/index.php\\\/2022\\\/04\\\/09\\\/ljetovali-ste-za-2-000-km-evo-koliko-vam-sada-za-isti-smjestaj-i-uslugu-treba-vise-novaca\\\/\",\"name\":\"Ljetovali ste za 2.000 KM? Evo koliko vam sada za isti smje\u0161taj i uslugu treba vi\u0161e novaca - RADIO LJUBU\u0160KI\",\"isPartOf\":{\"@id\":\"https:\\\/\\\/radioljubuski.ba\\\/#website\"},\"primaryImageOfPage\":{\"@id\":\"https:\\\/\\\/radioljubuski.ba\\\/index.php\\\/2022\\\/04\\\/09\\\/ljetovali-ste-za-2-000-km-evo-koliko-vam-sada-za-isti-smjestaj-i-uslugu-treba-vise-novaca\\\/#primaryimage\"},\"image\":{\"@id\":\"https:\\\/\\\/radioljubuski.ba\\\/index.php\\\/2022\\\/04\\\/09\\\/ljetovali-ste-za-2-000-km-evo-koliko-vam-sada-za-isti-smjestaj-i-uslugu-treba-vise-novaca\\\/#primaryimage\"},\"thumbnailUrl\":\"https:\\\/\\\/radioljubuski.ba\\\/wp-content\\\/uploads\\\/2021\\\/07\\\/HIT2dtNf_makarska_riviera_beaches_01.jpg\",\"datePublished\":\"2022-04-09T17:37:29+00:00\",\"dateModified\":\"2022-04-09T17:37:31+00:00\",\"breadcrumb\":{\"@id\":\"https:\\\/\\\/radioljubuski.ba\\\/index.php\\\/2022\\\/04\\\/09\\\/ljetovali-ste-za-2-000-km-evo-koliko-vam-sada-za-isti-smjestaj-i-uslugu-treba-vise-novaca\\\/#breadcrumb\"},\"inLanguage\":\"hr\",\"potentialAction\":[{\"@type\":\"ReadAction\",\"target\":[\"https:\\\/\\\/radioljubuski.ba\\\/index.php\\\/2022\\\/04\\\/09\\\/ljetovali-ste-za-2-000-km-evo-koliko-vam-sada-za-isti-smjestaj-i-uslugu-treba-vise-novaca\\\/\"]}]},{\"@type\":\"ImageObject\",\"inLanguage\":\"hr\",\"@id\":\"https:\\\/\\\/radioljubuski.ba\\\/index.php\\\/2022\\\/04\\\/09\\\/ljetovali-ste-za-2-000-km-evo-koliko-vam-sada-za-isti-smjestaj-i-uslugu-treba-vise-novaca\\\/#primaryimage\",\"url\":\"https:\\\/\\\/radioljubuski.ba\\\/wp-content\\\/uploads\\\/2021\\\/07\\\/HIT2dtNf_makarska_riviera_beaches_01.jpg\",\"contentUrl\":\"https:\\\/\\\/radioljubuski.ba\\\/wp-content\\\/uploads\\\/2021\\\/07\\\/HIT2dtNf_makarska_riviera_beaches_01.jpg\",\"width\":1000,\"height\":625},{\"@type\":\"BreadcrumbList\",\"@id\":\"https:\\\/\\\/radioljubuski.ba\\\/index.php\\\/2022\\\/04\\\/09\\\/ljetovali-ste-za-2-000-km-evo-koliko-vam-sada-za-isti-smjestaj-i-uslugu-treba-vise-novaca\\\/#breadcrumb\",\"itemListElement\":[{\"@type\":\"ListItem\",\"position\":1,\"name\":\"Po\u010detna stranica\",\"item\":\"https:\\\/\\\/radioljubuski.ba\\\/\"},{\"@type\":\"ListItem\",\"position\":2,\"name\":\"Ljetovali ste za 2.000 KM? Evo koliko vam sada za isti smje\u0161taj i uslugu treba vi\u0161e novaca\"}]},{\"@type\":\"WebSite\",\"@id\":\"https:\\\/\\\/radioljubuski.ba\\\/#website\",\"url\":\"https:\\\/\\\/radioljubuski.ba\\\/\",\"name\":\"Radio Ljubu\u0161ki\",\"description\":\"Sun\u010dana frekvencija Hercegovine\",\"publisher\":{\"@id\":\"https:\\\/\\\/radioljubuski.ba\\\/#organization\"},\"potentialAction\":[{\"@type\":\"SearchAction\",\"target\":{\"@type\":\"EntryPoint\",\"urlTemplate\":\"https:\\\/\\\/radioljubuski.ba\\\/?s={search_term_string}\"},\"query-input\":{\"@type\":\"PropertyValueSpecification\",\"valueRequired\":true,\"valueName\":\"search_term_string\"}}],\"inLanguage\":\"hr\"},{\"@type\":\"Organization\",\"@id\":\"https:\\\/\\\/radioljubuski.ba\\\/#organization\",\"name\":\"Radio Ljubu\u0161ki\",\"url\":\"https:\\\/\\\/radioljubuski.ba\\\/\",\"logo\":{\"@type\":\"ImageObject\",\"inLanguage\":\"hr\",\"@id\":\"https:\\\/\\\/radioljubuski.ba\\\/#\\\/schema\\\/logo\\\/image\\\/\",\"url\":\"https:\\\/\\\/radioljubuski.ba\\\/wp-content\\\/uploads\\\/2021\\\/02\\\/cropped-Radio_Ljubuski_logo1.jpg\",\"contentUrl\":\"https:\\\/\\\/radioljubuski.ba\\\/wp-content\\\/uploads\\\/2021\\\/02\\\/cropped-Radio_Ljubuski_logo1.jpg\",\"width\":512,\"height\":512,\"caption\":\"Radio Ljubu\u0161ki\"},\"image\":{\"@id\":\"https:\\\/\\\/radioljubuski.ba\\\/#\\\/schema\\\/logo\\\/image\\\/\"},\"sameAs\":[\"https:\\\/\\\/www.facebook.com\\\/Radiio-Ljubuski-1490835324566332\",\"https:\\\/\\\/x.com\\\/radioljubuski\",\"https:\\\/\\\/hr.linkedin.com\\\/company\\\/radio-ljubuski\",\"https:\\\/\\\/www.youtube.com\\\/channel\\\/UCHYaeO_n0Db3tjNGudGpXyw\"]},{\"@type\":\"Person\",\"@id\":\"https:\\\/\\\/radioljubuski.ba\\\/#\\\/schema\\\/person\\\/19fc700381a780f69665d7956c469e3b\",\"name\":\"Radio Ljubu\u0161ki\"}]}<\/script>\n<!-- \/ Yoast SEO plugin. -->","yoast_head_json":{"title":"Ljetovali ste za 2.000 KM? Evo koliko vam sada za isti smje\u0161taj i uslugu treba vi\u0161e novaca - RADIO LJUBU\u0160KI","robots":{"index":"index","follow":"follow","max-snippet":"max-snippet:-1","max-image-preview":"max-image-preview:large","max-video-preview":"max-video-preview:-1"},"canonical":"https:\/\/radioljubuski.ba\/index.php\/2022\/04\/09\/ljetovali-ste-za-2-000-km-evo-koliko-vam-sada-za-isti-smjestaj-i-uslugu-treba-vise-novaca\/","og_locale":"hr_HR","og_type":"article","og_title":"Ljetovali ste za 2.000 KM? Evo koliko vam sada za isti smje\u0161taj i uslugu treba vi\u0161e novaca - RADIO LJUBU\u0160KI","og_description":"Bosanci i Hercegovci koji su naviknuli ljetni odmor provoditi na nekoj od destinacija uz more, ove \u0107e godine za to trebati izdvojiti i do 20 posto vi\u0161e novca nego ranijih godina. Ako je \u010detvero\u010dlana obitelj pro\u0161le godine za ljetovanje izdvajala 2.000 KM, ove godine \u0107e prora\u010dun morati pove\u0107ati za barem 400 KM, pi\u0161e&nbsp;Ve\u010dernji list BiH.&nbsp;&nbsp; [&hellip;]","og_url":"https:\/\/radioljubuski.ba\/index.php\/2022\/04\/09\/ljetovali-ste-za-2-000-km-evo-koliko-vam-sada-za-isti-smjestaj-i-uslugu-treba-vise-novaca\/","og_site_name":"RADIO LJUBU\u0160KI","article_publisher":"https:\/\/www.facebook.com\/Radiio-Ljubuski-1490835324566332","article_published_time":"2022-04-09T17:37:29+00:00","article_modified_time":"2022-04-09T17:37:31+00:00","og_image":[{"width":1000,"height":625,"url":"https:\/\/radioljubuski.ba\/wp-content\/uploads\/2021\/07\/HIT2dtNf_makarska_riviera_beaches_01.jpg","type":"image\/jpeg"}],"author":"Radio Ljubu\u0161ki","twitter_card":"summary_large_image","twitter_creator":"@radioljubuski","twitter_site":"@radioljubuski","twitter_misc":{"Napisao\/la":"Radio Ljubu\u0161ki","Procijenjeno vrijeme \u010ditanja":"3 minute"},"schema":{"@context":"https:\/\/schema.org","@graph":[{"@type":"Article","@id":"https:\/\/radioljubuski.ba\/index.php\/2022\/04\/09\/ljetovali-ste-za-2-000-km-evo-koliko-vam-sada-za-isti-smjestaj-i-uslugu-treba-vise-novaca\/#article","isPartOf":{"@id":"https:\/\/radioljubuski.ba\/index.php\/2022\/04\/09\/ljetovali-ste-za-2-000-km-evo-koliko-vam-sada-za-isti-smjestaj-i-uslugu-treba-vise-novaca\/"},"author":{"name":"Radio Ljubu\u0161ki","@id":"https:\/\/radioljubuski.ba\/#\/schema\/person\/19fc700381a780f69665d7956c469e3b"},"headline":"Ljetovali ste za 2.000 KM? Evo koliko vam sada za isti smje\u0161taj i uslugu treba vi\u0161e novaca","datePublished":"2022-04-09T17:37:29+00:00","dateModified":"2022-04-09T17:37:31+00:00","mainEntityOfPage":{"@id":"https:\/\/radioljubuski.ba\/index.php\/2022\/04\/09\/ljetovali-ste-za-2-000-km-evo-koliko-vam-sada-za-isti-smjestaj-i-uslugu-treba-vise-novaca\/"},"wordCount":557,"publisher":{"@id":"https:\/\/radioljubuski.ba\/#organization"},"image":{"@id":"https:\/\/radioljubuski.ba\/index.php\/2022\/04\/09\/ljetovali-ste-za-2-000-km-evo-koliko-vam-sada-za-isti-smjestaj-i-uslugu-treba-vise-novaca\/#primaryimage"},"thumbnailUrl":"https:\/\/radioljubuski.ba\/wp-content\/uploads\/2021\/07\/HIT2dtNf_makarska_riviera_beaches_01.jpg","articleSection":["BIH i regija"],"inLanguage":"hr"},{"@type":"WebPage","@id":"https:\/\/radioljubuski.ba\/index.php\/2022\/04\/09\/ljetovali-ste-za-2-000-km-evo-koliko-vam-sada-za-isti-smjestaj-i-uslugu-treba-vise-novaca\/","url":"https:\/\/radioljubuski.ba\/index.php\/2022\/04\/09\/ljetovali-ste-za-2-000-km-evo-koliko-vam-sada-za-isti-smjestaj-i-uslugu-treba-vise-novaca\/","name":"Ljetovali ste za 2.000 KM? Evo koliko vam sada za isti smje\u0161taj i uslugu treba vi\u0161e novaca - RADIO LJUBU\u0160KI","isPartOf":{"@id":"https:\/\/radioljubuski.ba\/#website"},"primaryImageOfPage":{"@id":"https:\/\/radioljubuski.ba\/index.php\/2022\/04\/09\/ljetovali-ste-za-2-000-km-evo-koliko-vam-sada-za-isti-smjestaj-i-uslugu-treba-vise-novaca\/#primaryimage"},"image":{"@id":"https:\/\/radioljubuski.ba\/index.php\/2022\/04\/09\/ljetovali-ste-za-2-000-km-evo-koliko-vam-sada-za-isti-smjestaj-i-uslugu-treba-vise-novaca\/#primaryimage"},"thumbnailUrl":"https:\/\/radioljubuski.ba\/wp-content\/uploads\/2021\/07\/HIT2dtNf_makarska_riviera_beaches_01.jpg","datePublished":"2022-04-09T17:37:29+00:00","dateModified":"2022-04-09T17:37:31+00:00","breadcrumb":{"@id":"https:\/\/radioljubuski.ba\/index.php\/2022\/04\/09\/ljetovali-ste-za-2-000-km-evo-koliko-vam-sada-za-isti-smjestaj-i-uslugu-treba-vise-novaca\/#breadcrumb"},"inLanguage":"hr","potentialAction":[{"@type":"ReadAction","target":["https:\/\/radioljubuski.ba\/index.php\/2022\/04\/09\/ljetovali-ste-za-2-000-km-evo-koliko-vam-sada-za-isti-smjestaj-i-uslugu-treba-vise-novaca\/"]}]},{"@type":"ImageObject","inLanguage":"hr","@id":"https:\/\/radioljubuski.ba\/index.php\/2022\/04\/09\/ljetovali-ste-za-2-000-km-evo-koliko-vam-sada-za-isti-smjestaj-i-uslugu-treba-vise-novaca\/#primaryimage","url":"https:\/\/radioljubuski.ba\/wp-content\/uploads\/2021\/07\/HIT2dtNf_makarska_riviera_beaches_01.jpg","contentUrl":"https:\/\/radioljubuski.ba\/wp-content\/uploads\/2021\/07\/HIT2dtNf_makarska_riviera_beaches_01.jpg","width":1000,"height":625},{"@type":"BreadcrumbList","@id":"https:\/\/radioljubuski.ba\/index.php\/2022\/04\/09\/ljetovali-ste-za-2-000-km-evo-koliko-vam-sada-za-isti-smjestaj-i-uslugu-treba-vise-novaca\/#breadcrumb","itemListElement":[{"@type":"ListItem","position":1,"name":"Po\u010detna stranica","item":"https:\/\/radioljubuski.ba\/"},{"@type":"ListItem","position":2,"name":"Ljetovali ste za 2.000 KM? Evo koliko vam sada za isti smje\u0161taj i uslugu treba vi\u0161e novaca"}]},{"@type":"WebSite","@id":"https:\/\/radioljubuski.ba\/#website","url":"https:\/\/radioljubuski.ba\/","name":"Radio Ljubu\u0161ki","description":"Sun\u010dana frekvencija Hercegovine","publisher":{"@id":"https:\/\/radioljubuski.ba\/#organization"},"potentialAction":[{"@type":"SearchAction","target":{"@type":"EntryPoint","urlTemplate":"https:\/\/radioljubuski.ba\/?s={search_term_string}"},"query-input":{"@type":"PropertyValueSpecification","valueRequired":true,"valueName":"search_term_string"}}],"inLanguage":"hr"},{"@type":"Organization","@id":"https:\/\/radioljubuski.ba\/#organization","name":"Radio Ljubu\u0161ki","url":"https:\/\/radioljubuski.ba\/","logo":{"@type":"ImageObject","inLanguage":"hr","@id":"https:\/\/radioljubuski.ba\/#\/schema\/logo\/image\/","url":"https:\/\/radioljubuski.ba\/wp-content\/uploads\/2021\/02\/cropped-Radio_Ljubuski_logo1.jpg","contentUrl":"https:\/\/radioljubuski.ba\/wp-content\/uploads\/2021\/02\/cropped-Radio_Ljubuski_logo1.jpg","width":512,"height":512,"caption":"Radio Ljubu\u0161ki"},"image":{"@id":"https:\/\/radioljubuski.ba\/#\/schema\/logo\/image\/"},"sameAs":["https:\/\/www.facebook.com\/Radiio-Ljubuski-1490835324566332","https:\/\/x.com\/radioljubuski","https:\/\/hr.linkedin.com\/company\/radio-ljubuski","https:\/\/www.youtube.com\/channel\/UCHYaeO_n0Db3tjNGudGpXyw"]},{"@type":"Person","@id":"https:\/\/radioljubuski.ba\/#\/schema\/person\/19fc700381a780f69665d7956c469e3b","name":"Radio Ljubu\u0161ki"}]}},"_links":{"self":[{"href":"https:\/\/radioljubuski.ba\/index.php\/wp-json\/wp\/v2\/posts\/130707","targetHints":{"allow":["GET"]}}],"collection":[{"href":"https:\/\/radioljubuski.ba\/index.php\/wp-json\/wp\/v2\/posts"}],"about":[{"href":"https:\/\/radioljubuski.ba\/index.php\/wp-json\/wp\/v2\/types\/post"}],"author":[{"embeddable":true,"href":"https:\/\/radioljubuski.ba\/index.php\/wp-json\/wp\/v2\/users\/2"}],"replies":[{"embeddable":true,"href":"https:\/\/radioljubuski.ba\/index.php\/wp-json\/wp\/v2\/comments?post=130707"}],"version-history":[{"count":1,"href":"https:\/\/radioljubuski.ba\/index.php\/wp-json\/wp\/v2\/posts\/130707\/revisions"}],"predecessor-version":[{"id":130708,"href":"https:\/\/radioljubuski.ba\/index.php\/wp-json\/wp\/v2\/posts\/130707\/revisions\/130708"}],"wp:featuredmedia":[{"embeddable":true,"href":"https:\/\/radioljubuski.ba\/index.php\/wp-json\/wp\/v2\/media\/43271"}],"wp:attachment":[{"href":"https:\/\/radioljubuski.ba\/index.php\/wp-json\/wp\/v2\/media?parent=130707"}],"wp:term":[{"taxonomy":"category","embeddable":true,"href":"https:\/\/radioljubuski.ba\/index.php\/wp-json\/wp\/v2\/categories?post=130707"},{"taxonomy":"post_tag","embeddable":true,"href":"https:\/\/radioljubuski.ba\/index.php\/wp-json\/wp\/v2\/tags?post=130707"}],"curies":[{"name":"wp","href":"https:\/\/api.w.org\/{rel}","templated":true}]}}