{"id":130709,"date":"2022-04-09T18:38:22","date_gmt":"2022-04-09T17:38:22","guid":{"rendered":"https:\/\/radioljubuski.ba\/?p=130709"},"modified":"2022-04-09T18:38:24","modified_gmt":"2022-04-09T17:38:24","slug":"hrvatska-posta-mostar-dobila-priznanje-za-najuspjesniji-nastup-na-23-medunarodnom-sajmu-gospodarstva-mostar","status":"publish","type":"post","link":"https:\/\/radioljubuski.ba\/index.php\/2022\/04\/09\/hrvatska-posta-mostar-dobila-priznanje-za-najuspjesniji-nastup-na-23-medunarodnom-sajmu-gospodarstva-mostar\/","title":{"rendered":"Hrvatska posta Mostar dobila priznanje za najuspje\u0161niji nastup na 23. Me\u0111unarodnom sajmu gospodarstva Mostar"},"content":{"rendered":"\n<p>Ovogodi\u0161nji Sajam od posebnog je zna\u010daja za cijelu BiH ali i Hrvatsku po\u0161tu Mostar kojoj je, na ceremoniji odr\u017eanoj u petak, direktorica Mostarskog Sajma Dalfina Bo\u0161njak uru\u010dila priznanje za najuspje\u0161niji nastup.<\/p>\n\n\n\n<p>Nastup Hrvatske po\u0161te Mostar na Sajmu bio je usmjeren na promociju usluge Brza po\u0161ta 1323, mobilne aplikacije za slanje novca PostCash, internet trgovine ePostShop, filatelije, te artikala iz asortimana Devia dodatne opreme za mobitele, ali i otvoren za brojne sastanke i dru\u017eenja sa suradnicima i korisnicima na\u0161ih usluga.<\/p>\n\n\n\n<p>Predsjednik Uprave Dru\u0161tva HP Mostar Mate Rup\u010di\u0107 ovim povodom rekao je: Drago nam je \u0161to smo imali priliku izlagati na ovogodi\u0161njem Sajmu gospodarstva. Tijekom dvije godine pandemije Po\u0161ta je uvijek bila na raspolaganju svim korisnicima, a ovih sajamskih dana ponovo smo u pozitivnom okru\u017eenju prezentirali na\u0161e usluge. Priznanje za najuspje\u0161nijeg izlaga\u010da samo je potvrda cjelokupnog rada usmjerenog na izgradnju Po\u0161te budu\u0107nosti.\u201e<\/p>\n\n\n\n<p>Izvor:pogled.ba<\/p>\n","protected":false},"excerpt":{"rendered":"<p>Ovogodi\u0161nji Sajam od posebnog je zna\u010daja za cijelu BiH ali i Hrvatsku po\u0161tu Mostar kojoj je, na ceremoniji odr\u017eanoj u petak, direktorica Mostarskog Sajma Dalfina Bo\u0161njak uru\u010dila priznanje za najuspje\u0161niji nastup. Nastup Hrvatske po\u0161te Mostar na Sajmu bio je usmjeren na promociju usluge Brza po\u0161ta 1323, mobilne aplikacije za slanje novca PostCash, internet trgovine ePostShop, [&hellip;]<\/p>\n","protected":false},"author":2,"featured_media":130710,"comment_status":"closed","ping_status":"closed","sticky":false,"template":"","format":"standard","meta":{"h5ap_radio_sources":[],"footnotes":""},"categories":[1],"tags":[],"class_list":["post-130709","post","type-post","status-publish","format-standard","has-post-thumbnail","hentry","category-bihiregija"],"yoast_head":"<!-- This site is optimized with the Yoast SEO plugin v27.5 - https:\/\/yoast.com\/product\/yoast-seo-wordpress\/ -->\n<title>Hrvatska posta Mostar dobila priznanje za najuspje\u0161niji nastup na 23. Me\u0111unarodnom sajmu gospodarstva Mostar - RADIO LJUBU\u0160KI<\/title>\n<meta name=\"robots\" content=\"index, follow, max-snippet:-1, max-image-preview:large, max-video-preview:-1\" \/>\n<link rel=\"canonical\" href=\"https:\/\/radioljubuski.ba\/index.php\/2022\/04\/09\/hrvatska-posta-mostar-dobila-priznanje-za-najuspjesniji-nastup-na-23-medunarodnom-sajmu-gospodarstva-mostar\/\" \/>\n<meta property=\"og:locale\" content=\"hr_HR\" \/>\n<meta property=\"og:type\" content=\"article\" \/>\n<meta property=\"og:title\" content=\"Hrvatska posta Mostar dobila priznanje za najuspje\u0161niji nastup na 23. Me\u0111unarodnom sajmu gospodarstva Mostar - RADIO LJUBU\u0160KI\" \/>\n<meta property=\"og:description\" content=\"Ovogodi\u0161nji Sajam od posebnog je zna\u010daja za cijelu BiH ali i Hrvatsku po\u0161tu Mostar kojoj je, na ceremoniji odr\u017eanoj u petak, direktorica Mostarskog Sajma Dalfina Bo\u0161njak uru\u010dila priznanje za najuspje\u0161niji nastup. Nastup Hrvatske po\u0161te Mostar na Sajmu bio je usmjeren na promociju usluge Brza po\u0161ta 1323, mobilne aplikacije za slanje novca PostCash, internet trgovine ePostShop, [&hellip;]\" \/>\n<meta property=\"og:url\" content=\"https:\/\/radioljubuski.ba\/index.php\/2022\/04\/09\/hrvatska-posta-mostar-dobila-priznanje-za-najuspjesniji-nastup-na-23-medunarodnom-sajmu-gospodarstva-mostar\/\" \/>\n<meta property=\"og:site_name\" content=\"RADIO LJUBU\u0160KI\" \/>\n<meta property=\"article:publisher\" content=\"https:\/\/www.facebook.com\/Radiio-Ljubuski-1490835324566332\" \/>\n<meta property=\"article:published_time\" content=\"2022-04-09T17:38:22+00:00\" \/>\n<meta property=\"article:modified_time\" content=\"2022-04-09T17:38:24+00:00\" \/>\n<meta property=\"og:image\" content=\"https:\/\/radioljubuski.ba\/wp-content\/uploads\/2022\/04\/2-2022-04-09-12-18-08-priznanje-nastup.jpg\" \/>\n\t<meta property=\"og:image:width\" content=\"1000\" \/>\n\t<meta property=\"og:image:height\" content=\"625\" \/>\n\t<meta property=\"og:image:type\" content=\"image\/jpeg\" \/>\n<meta name=\"author\" content=\"Radio Ljubu\u0161ki\" \/>\n<meta name=\"twitter:card\" content=\"summary_large_image\" \/>\n<meta name=\"twitter:creator\" content=\"@radioljubuski\" \/>\n<meta name=\"twitter:site\" content=\"@radioljubuski\" \/>\n<meta name=\"twitter:label1\" content=\"Napisao\/la\" \/>\n\t<meta name=\"twitter:data1\" content=\"Radio Ljubu\u0161ki\" \/>\n\t<meta name=\"twitter:label2\" content=\"Procijenjeno vrijeme \u010ditanja\" \/>\n\t<meta name=\"twitter:data2\" content=\"1 minuta\" \/>\n<script type=\"application\/ld+json\" class=\"yoast-schema-graph\">{\"@context\":\"https:\\\/\\\/schema.org\",\"@graph\":[{\"@type\":\"Article\",\"@id\":\"https:\\\/\\\/radioljubuski.ba\\\/index.php\\\/2022\\\/04\\\/09\\\/hrvatska-posta-mostar-dobila-priznanje-za-najuspjesniji-nastup-na-23-medunarodnom-sajmu-gospodarstva-mostar\\\/#article\",\"isPartOf\":{\"@id\":\"https:\\\/\\\/radioljubuski.ba\\\/index.php\\\/2022\\\/04\\\/09\\\/hrvatska-posta-mostar-dobila-priznanje-za-najuspjesniji-nastup-na-23-medunarodnom-sajmu-gospodarstva-mostar\\\/\"},\"author\":{\"name\":\"Radio Ljubu\u0161ki\",\"@id\":\"https:\\\/\\\/radioljubuski.ba\\\/#\\\/schema\\\/person\\\/19fc700381a780f69665d7956c469e3b\"},\"headline\":\"Hrvatska posta Mostar dobila priznanje za najuspje\u0161niji nastup na 23. Me\u0111unarodnom sajmu gospodarstva Mostar\",\"datePublished\":\"2022-04-09T17:38:22+00:00\",\"dateModified\":\"2022-04-09T17:38:24+00:00\",\"mainEntityOfPage\":{\"@id\":\"https:\\\/\\\/radioljubuski.ba\\\/index.php\\\/2022\\\/04\\\/09\\\/hrvatska-posta-mostar-dobila-priznanje-za-najuspjesniji-nastup-na-23-medunarodnom-sajmu-gospodarstva-mostar\\\/\"},\"wordCount\":178,\"publisher\":{\"@id\":\"https:\\\/\\\/radioljubuski.ba\\\/#organization\"},\"image\":{\"@id\":\"https:\\\/\\\/radioljubuski.ba\\\/index.php\\\/2022\\\/04\\\/09\\\/hrvatska-posta-mostar-dobila-priznanje-za-najuspjesniji-nastup-na-23-medunarodnom-sajmu-gospodarstva-mostar\\\/#primaryimage\"},\"thumbnailUrl\":\"https:\\\/\\\/radioljubuski.ba\\\/wp-content\\\/uploads\\\/2022\\\/04\\\/2-2022-04-09-12-18-08-priznanje-nastup.jpg\",\"articleSection\":[\"BIH i regija\"],\"inLanguage\":\"hr\"},{\"@type\":\"WebPage\",\"@id\":\"https:\\\/\\\/radioljubuski.ba\\\/index.php\\\/2022\\\/04\\\/09\\\/hrvatska-posta-mostar-dobila-priznanje-za-najuspjesniji-nastup-na-23-medunarodnom-sajmu-gospodarstva-mostar\\\/\",\"url\":\"https:\\\/\\\/radioljubuski.ba\\\/index.php\\\/2022\\\/04\\\/09\\\/hrvatska-posta-mostar-dobila-priznanje-za-najuspjesniji-nastup-na-23-medunarodnom-sajmu-gospodarstva-mostar\\\/\",\"name\":\"Hrvatska posta Mostar dobila priznanje za najuspje\u0161niji nastup na 23. Me\u0111unarodnom sajmu gospodarstva Mostar - RADIO LJUBU\u0160KI\",\"isPartOf\":{\"@id\":\"https:\\\/\\\/radioljubuski.ba\\\/#website\"},\"primaryImageOfPage\":{\"@id\":\"https:\\\/\\\/radioljubuski.ba\\\/index.php\\\/2022\\\/04\\\/09\\\/hrvatska-posta-mostar-dobila-priznanje-za-najuspjesniji-nastup-na-23-medunarodnom-sajmu-gospodarstva-mostar\\\/#primaryimage\"},\"image\":{\"@id\":\"https:\\\/\\\/radioljubuski.ba\\\/index.php\\\/2022\\\/04\\\/09\\\/hrvatska-posta-mostar-dobila-priznanje-za-najuspjesniji-nastup-na-23-medunarodnom-sajmu-gospodarstva-mostar\\\/#primaryimage\"},\"thumbnailUrl\":\"https:\\\/\\\/radioljubuski.ba\\\/wp-content\\\/uploads\\\/2022\\\/04\\\/2-2022-04-09-12-18-08-priznanje-nastup.jpg\",\"datePublished\":\"2022-04-09T17:38:22+00:00\",\"dateModified\":\"2022-04-09T17:38:24+00:00\",\"breadcrumb\":{\"@id\":\"https:\\\/\\\/radioljubuski.ba\\\/index.php\\\/2022\\\/04\\\/09\\\/hrvatska-posta-mostar-dobila-priznanje-za-najuspjesniji-nastup-na-23-medunarodnom-sajmu-gospodarstva-mostar\\\/#breadcrumb\"},\"inLanguage\":\"hr\",\"potentialAction\":[{\"@type\":\"ReadAction\",\"target\":[\"https:\\\/\\\/radioljubuski.ba\\\/index.php\\\/2022\\\/04\\\/09\\\/hrvatska-posta-mostar-dobila-priznanje-za-najuspjesniji-nastup-na-23-medunarodnom-sajmu-gospodarstva-mostar\\\/\"]}]},{\"@type\":\"ImageObject\",\"inLanguage\":\"hr\",\"@id\":\"https:\\\/\\\/radioljubuski.ba\\\/index.php\\\/2022\\\/04\\\/09\\\/hrvatska-posta-mostar-dobila-priznanje-za-najuspjesniji-nastup-na-23-medunarodnom-sajmu-gospodarstva-mostar\\\/#primaryimage\",\"url\":\"https:\\\/\\\/radioljubuski.ba\\\/wp-content\\\/uploads\\\/2022\\\/04\\\/2-2022-04-09-12-18-08-priznanje-nastup.jpg\",\"contentUrl\":\"https:\\\/\\\/radioljubuski.ba\\\/wp-content\\\/uploads\\\/2022\\\/04\\\/2-2022-04-09-12-18-08-priznanje-nastup.jpg\",\"width\":1000,\"height\":625},{\"@type\":\"BreadcrumbList\",\"@id\":\"https:\\\/\\\/radioljubuski.ba\\\/index.php\\\/2022\\\/04\\\/09\\\/hrvatska-posta-mostar-dobila-priznanje-za-najuspjesniji-nastup-na-23-medunarodnom-sajmu-gospodarstva-mostar\\\/#breadcrumb\",\"itemListElement\":[{\"@type\":\"ListItem\",\"position\":1,\"name\":\"Po\u010detna stranica\",\"item\":\"https:\\\/\\\/radioljubuski.ba\\\/\"},{\"@type\":\"ListItem\",\"position\":2,\"name\":\"Hrvatska posta Mostar dobila priznanje za najuspje\u0161niji nastup na 23. Me\u0111unarodnom sajmu gospodarstva Mostar\"}]},{\"@type\":\"WebSite\",\"@id\":\"https:\\\/\\\/radioljubuski.ba\\\/#website\",\"url\":\"https:\\\/\\\/radioljubuski.ba\\\/\",\"name\":\"Radio Ljubu\u0161ki\",\"description\":\"Sun\u010dana frekvencija Hercegovine\",\"publisher\":{\"@id\":\"https:\\\/\\\/radioljubuski.ba\\\/#organization\"},\"potentialAction\":[{\"@type\":\"SearchAction\",\"target\":{\"@type\":\"EntryPoint\",\"urlTemplate\":\"https:\\\/\\\/radioljubuski.ba\\\/?s={search_term_string}\"},\"query-input\":{\"@type\":\"PropertyValueSpecification\",\"valueRequired\":true,\"valueName\":\"search_term_string\"}}],\"inLanguage\":\"hr\"},{\"@type\":\"Organization\",\"@id\":\"https:\\\/\\\/radioljubuski.ba\\\/#organization\",\"name\":\"Radio Ljubu\u0161ki\",\"url\":\"https:\\\/\\\/radioljubuski.ba\\\/\",\"logo\":{\"@type\":\"ImageObject\",\"inLanguage\":\"hr\",\"@id\":\"https:\\\/\\\/radioljubuski.ba\\\/#\\\/schema\\\/logo\\\/image\\\/\",\"url\":\"https:\\\/\\\/radioljubuski.ba\\\/wp-content\\\/uploads\\\/2021\\\/02\\\/cropped-Radio_Ljubuski_logo1.jpg\",\"contentUrl\":\"https:\\\/\\\/radioljubuski.ba\\\/wp-content\\\/uploads\\\/2021\\\/02\\\/cropped-Radio_Ljubuski_logo1.jpg\",\"width\":512,\"height\":512,\"caption\":\"Radio Ljubu\u0161ki\"},\"image\":{\"@id\":\"https:\\\/\\\/radioljubuski.ba\\\/#\\\/schema\\\/logo\\\/image\\\/\"},\"sameAs\":[\"https:\\\/\\\/www.facebook.com\\\/Radiio-Ljubuski-1490835324566332\",\"https:\\\/\\\/x.com\\\/radioljubuski\",\"https:\\\/\\\/hr.linkedin.com\\\/company\\\/radio-ljubuski\",\"https:\\\/\\\/www.youtube.com\\\/channel\\\/UCHYaeO_n0Db3tjNGudGpXyw\"]},{\"@type\":\"Person\",\"@id\":\"https:\\\/\\\/radioljubuski.ba\\\/#\\\/schema\\\/person\\\/19fc700381a780f69665d7956c469e3b\",\"name\":\"Radio Ljubu\u0161ki\"}]}<\/script>\n<!-- \/ Yoast SEO plugin. -->","yoast_head_json":{"title":"Hrvatska posta Mostar dobila priznanje za najuspje\u0161niji nastup na 23. Me\u0111unarodnom sajmu gospodarstva Mostar - RADIO LJUBU\u0160KI","robots":{"index":"index","follow":"follow","max-snippet":"max-snippet:-1","max-image-preview":"max-image-preview:large","max-video-preview":"max-video-preview:-1"},"canonical":"https:\/\/radioljubuski.ba\/index.php\/2022\/04\/09\/hrvatska-posta-mostar-dobila-priznanje-za-najuspjesniji-nastup-na-23-medunarodnom-sajmu-gospodarstva-mostar\/","og_locale":"hr_HR","og_type":"article","og_title":"Hrvatska posta Mostar dobila priznanje za najuspje\u0161niji nastup na 23. Me\u0111unarodnom sajmu gospodarstva Mostar - RADIO LJUBU\u0160KI","og_description":"Ovogodi\u0161nji Sajam od posebnog je zna\u010daja za cijelu BiH ali i Hrvatsku po\u0161tu Mostar kojoj je, na ceremoniji odr\u017eanoj u petak, direktorica Mostarskog Sajma Dalfina Bo\u0161njak uru\u010dila priznanje za najuspje\u0161niji nastup. Nastup Hrvatske po\u0161te Mostar na Sajmu bio je usmjeren na promociju usluge Brza po\u0161ta 1323, mobilne aplikacije za slanje novca PostCash, internet trgovine ePostShop, [&hellip;]","og_url":"https:\/\/radioljubuski.ba\/index.php\/2022\/04\/09\/hrvatska-posta-mostar-dobila-priznanje-za-najuspjesniji-nastup-na-23-medunarodnom-sajmu-gospodarstva-mostar\/","og_site_name":"RADIO LJUBU\u0160KI","article_publisher":"https:\/\/www.facebook.com\/Radiio-Ljubuski-1490835324566332","article_published_time":"2022-04-09T17:38:22+00:00","article_modified_time":"2022-04-09T17:38:24+00:00","og_image":[{"width":1000,"height":625,"url":"https:\/\/radioljubuski.ba\/wp-content\/uploads\/2022\/04\/2-2022-04-09-12-18-08-priznanje-nastup.jpg","type":"image\/jpeg"}],"author":"Radio Ljubu\u0161ki","twitter_card":"summary_large_image","twitter_creator":"@radioljubuski","twitter_site":"@radioljubuski","twitter_misc":{"Napisao\/la":"Radio Ljubu\u0161ki","Procijenjeno vrijeme \u010ditanja":"1 minuta"},"schema":{"@context":"https:\/\/schema.org","@graph":[{"@type":"Article","@id":"https:\/\/radioljubuski.ba\/index.php\/2022\/04\/09\/hrvatska-posta-mostar-dobila-priznanje-za-najuspjesniji-nastup-na-23-medunarodnom-sajmu-gospodarstva-mostar\/#article","isPartOf":{"@id":"https:\/\/radioljubuski.ba\/index.php\/2022\/04\/09\/hrvatska-posta-mostar-dobila-priznanje-za-najuspjesniji-nastup-na-23-medunarodnom-sajmu-gospodarstva-mostar\/"},"author":{"name":"Radio Ljubu\u0161ki","@id":"https:\/\/radioljubuski.ba\/#\/schema\/person\/19fc700381a780f69665d7956c469e3b"},"headline":"Hrvatska posta Mostar dobila priznanje za najuspje\u0161niji nastup na 23. Me\u0111unarodnom sajmu gospodarstva Mostar","datePublished":"2022-04-09T17:38:22+00:00","dateModified":"2022-04-09T17:38:24+00:00","mainEntityOfPage":{"@id":"https:\/\/radioljubuski.ba\/index.php\/2022\/04\/09\/hrvatska-posta-mostar-dobila-priznanje-za-najuspjesniji-nastup-na-23-medunarodnom-sajmu-gospodarstva-mostar\/"},"wordCount":178,"publisher":{"@id":"https:\/\/radioljubuski.ba\/#organization"},"image":{"@id":"https:\/\/radioljubuski.ba\/index.php\/2022\/04\/09\/hrvatska-posta-mostar-dobila-priznanje-za-najuspjesniji-nastup-na-23-medunarodnom-sajmu-gospodarstva-mostar\/#primaryimage"},"thumbnailUrl":"https:\/\/radioljubuski.ba\/wp-content\/uploads\/2022\/04\/2-2022-04-09-12-18-08-priznanje-nastup.jpg","articleSection":["BIH i regija"],"inLanguage":"hr"},{"@type":"WebPage","@id":"https:\/\/radioljubuski.ba\/index.php\/2022\/04\/09\/hrvatska-posta-mostar-dobila-priznanje-za-najuspjesniji-nastup-na-23-medunarodnom-sajmu-gospodarstva-mostar\/","url":"https:\/\/radioljubuski.ba\/index.php\/2022\/04\/09\/hrvatska-posta-mostar-dobila-priznanje-za-najuspjesniji-nastup-na-23-medunarodnom-sajmu-gospodarstva-mostar\/","name":"Hrvatska posta Mostar dobila priznanje za najuspje\u0161niji nastup na 23. Me\u0111unarodnom sajmu gospodarstva Mostar - RADIO LJUBU\u0160KI","isPartOf":{"@id":"https:\/\/radioljubuski.ba\/#website"},"primaryImageOfPage":{"@id":"https:\/\/radioljubuski.ba\/index.php\/2022\/04\/09\/hrvatska-posta-mostar-dobila-priznanje-za-najuspjesniji-nastup-na-23-medunarodnom-sajmu-gospodarstva-mostar\/#primaryimage"},"image":{"@id":"https:\/\/radioljubuski.ba\/index.php\/2022\/04\/09\/hrvatska-posta-mostar-dobila-priznanje-za-najuspjesniji-nastup-na-23-medunarodnom-sajmu-gospodarstva-mostar\/#primaryimage"},"thumbnailUrl":"https:\/\/radioljubuski.ba\/wp-content\/uploads\/2022\/04\/2-2022-04-09-12-18-08-priznanje-nastup.jpg","datePublished":"2022-04-09T17:38:22+00:00","dateModified":"2022-04-09T17:38:24+00:00","breadcrumb":{"@id":"https:\/\/radioljubuski.ba\/index.php\/2022\/04\/09\/hrvatska-posta-mostar-dobila-priznanje-za-najuspjesniji-nastup-na-23-medunarodnom-sajmu-gospodarstva-mostar\/#breadcrumb"},"inLanguage":"hr","potentialAction":[{"@type":"ReadAction","target":["https:\/\/radioljubuski.ba\/index.php\/2022\/04\/09\/hrvatska-posta-mostar-dobila-priznanje-za-najuspjesniji-nastup-na-23-medunarodnom-sajmu-gospodarstva-mostar\/"]}]},{"@type":"ImageObject","inLanguage":"hr","@id":"https:\/\/radioljubuski.ba\/index.php\/2022\/04\/09\/hrvatska-posta-mostar-dobila-priznanje-za-najuspjesniji-nastup-na-23-medunarodnom-sajmu-gospodarstva-mostar\/#primaryimage","url":"https:\/\/radioljubuski.ba\/wp-content\/uploads\/2022\/04\/2-2022-04-09-12-18-08-priznanje-nastup.jpg","contentUrl":"https:\/\/radioljubuski.ba\/wp-content\/uploads\/2022\/04\/2-2022-04-09-12-18-08-priznanje-nastup.jpg","width":1000,"height":625},{"@type":"BreadcrumbList","@id":"https:\/\/radioljubuski.ba\/index.php\/2022\/04\/09\/hrvatska-posta-mostar-dobila-priznanje-za-najuspjesniji-nastup-na-23-medunarodnom-sajmu-gospodarstva-mostar\/#breadcrumb","itemListElement":[{"@type":"ListItem","position":1,"name":"Po\u010detna stranica","item":"https:\/\/radioljubuski.ba\/"},{"@type":"ListItem","position":2,"name":"Hrvatska posta Mostar dobila priznanje za najuspje\u0161niji nastup na 23. Me\u0111unarodnom sajmu gospodarstva Mostar"}]},{"@type":"WebSite","@id":"https:\/\/radioljubuski.ba\/#website","url":"https:\/\/radioljubuski.ba\/","name":"Radio Ljubu\u0161ki","description":"Sun\u010dana frekvencija Hercegovine","publisher":{"@id":"https:\/\/radioljubuski.ba\/#organization"},"potentialAction":[{"@type":"SearchAction","target":{"@type":"EntryPoint","urlTemplate":"https:\/\/radioljubuski.ba\/?s={search_term_string}"},"query-input":{"@type":"PropertyValueSpecification","valueRequired":true,"valueName":"search_term_string"}}],"inLanguage":"hr"},{"@type":"Organization","@id":"https:\/\/radioljubuski.ba\/#organization","name":"Radio Ljubu\u0161ki","url":"https:\/\/radioljubuski.ba\/","logo":{"@type":"ImageObject","inLanguage":"hr","@id":"https:\/\/radioljubuski.ba\/#\/schema\/logo\/image\/","url":"https:\/\/radioljubuski.ba\/wp-content\/uploads\/2021\/02\/cropped-Radio_Ljubuski_logo1.jpg","contentUrl":"https:\/\/radioljubuski.ba\/wp-content\/uploads\/2021\/02\/cropped-Radio_Ljubuski_logo1.jpg","width":512,"height":512,"caption":"Radio Ljubu\u0161ki"},"image":{"@id":"https:\/\/radioljubuski.ba\/#\/schema\/logo\/image\/"},"sameAs":["https:\/\/www.facebook.com\/Radiio-Ljubuski-1490835324566332","https:\/\/x.com\/radioljubuski","https:\/\/hr.linkedin.com\/company\/radio-ljubuski","https:\/\/www.youtube.com\/channel\/UCHYaeO_n0Db3tjNGudGpXyw"]},{"@type":"Person","@id":"https:\/\/radioljubuski.ba\/#\/schema\/person\/19fc700381a780f69665d7956c469e3b","name":"Radio Ljubu\u0161ki"}]}},"_links":{"self":[{"href":"https:\/\/radioljubuski.ba\/index.php\/wp-json\/wp\/v2\/posts\/130709","targetHints":{"allow":["GET"]}}],"collection":[{"href":"https:\/\/radioljubuski.ba\/index.php\/wp-json\/wp\/v2\/posts"}],"about":[{"href":"https:\/\/radioljubuski.ba\/index.php\/wp-json\/wp\/v2\/types\/post"}],"author":[{"embeddable":true,"href":"https:\/\/radioljubuski.ba\/index.php\/wp-json\/wp\/v2\/users\/2"}],"replies":[{"embeddable":true,"href":"https:\/\/radioljubuski.ba\/index.php\/wp-json\/wp\/v2\/comments?post=130709"}],"version-history":[{"count":1,"href":"https:\/\/radioljubuski.ba\/index.php\/wp-json\/wp\/v2\/posts\/130709\/revisions"}],"predecessor-version":[{"id":130711,"href":"https:\/\/radioljubuski.ba\/index.php\/wp-json\/wp\/v2\/posts\/130709\/revisions\/130711"}],"wp:featuredmedia":[{"embeddable":true,"href":"https:\/\/radioljubuski.ba\/index.php\/wp-json\/wp\/v2\/media\/130710"}],"wp:attachment":[{"href":"https:\/\/radioljubuski.ba\/index.php\/wp-json\/wp\/v2\/media?parent=130709"}],"wp:term":[{"taxonomy":"category","embeddable":true,"href":"https:\/\/radioljubuski.ba\/index.php\/wp-json\/wp\/v2\/categories?post=130709"},{"taxonomy":"post_tag","embeddable":true,"href":"https:\/\/radioljubuski.ba\/index.php\/wp-json\/wp\/v2\/tags?post=130709"}],"curies":[{"name":"wp","href":"https:\/\/api.w.org\/{rel}","templated":true}]}}