{"id":130727,"date":"2022-04-09T18:45:49","date_gmt":"2022-04-09T17:45:49","guid":{"rendered":"https:\/\/radioljubuski.ba\/?p=130727"},"modified":"2022-04-09T18:45:50","modified_gmt":"2022-04-09T17:45:50","slug":"rat-u-ukrajini-ulazi-u-novu-fazu-nalik-bitkama-iz-drugog-svjetskog-rata","status":"publish","type":"post","link":"https:\/\/radioljubuski.ba\/index.php\/2022\/04\/09\/rat-u-ukrajini-ulazi-u-novu-fazu-nalik-bitkama-iz-drugog-svjetskog-rata\/","title":{"rendered":"Rat u Ukrajini ulazi u novu fazu, nalik bitkama iz Drugog svjetskog rata"},"content":{"rendered":"\n<p>Rat u Ukrajini, sla\u017eu se svi vojni stru\u010dnjaci, ulazi u novu fazu, nalik bitkama iz Drugog svjetskog rata, s tisu\u0107ama oklopnih vozila i tenkova te topni\u010dkim oru\u017ejem. Uo\u010di o\u010dekivane ofenzive u isto\u010dnoj Ukrajini, Rusija je reorganizirala upravljanje svojim vojnim operacijama. Na \u010delo vojne operacije dolazi novi ruski general s velikim iskustvom, prije svega iz sirijskog rata.<\/p>\n\n\n\n<p>Iz Lavova se jutros javio Dragan Nikoli\u0107 za HRT.&nbsp;<\/p>\n\n\n\n<p>-Jedan od velikih problema dosada\u0161nje i ratovanja ruske vojske u Ukrajini, bio je nekoordiniranost i lo\u0161e upravljanje vojskom. Dolazilo je, ka\u017eu izvori, do slu\u010dajeva dvostrukog zapovijedanja unutar vojske ili su vojnici, osobito vojni ro\u010dnici, dobivali zapovijedi iz vojnih okruga iz kojih zapravo nisu dolazili. Sada je sve to centralizirano. Putin je postavio \u010dovjeka o\u010dito od velikog povjerenja, koji mora ponuditi rezultate. Rije\u010d je o generalu Aleksandru Dvornikovu koji je iz ti\u0161ine upravljao ruskom intervencijom u Siriji. On do 9. svibnja, kada se tradicionalnom velebnom vojnom paradom u Moskvi obilje\u017eava pobjeda protiv nacisti\u010dke Njema\u010dke u Drugom svjetskom ratu, mora isporu\u010diti ne\u0161to \u0161to \u0107e zadovoljiti Putina i \u0161to mo\u017ee biti mini-trijumf vjerojatno na isto\u010dnom boji\u0161tu. O\u010dekuje se, nakon \u0161to zavr\u0161i pregrupiranje ruske vojske, invazija na Donbas. Procjenjuje se da ruska vojska za te vojne pokrete i za tu invaziju ima na raspolaganju ne\u0161to manje od 100 bataljuna. Spremnost i u\u010dinkovitost te vojske, barem prema zapadnim izvorima, procjenjuje se na ne\u0161to manje od 85% u odnosu na onu koju su imali prije po\u010detka rata. Amerikanci ka\u017eu kako imaju itekako pouzdane indicije da se u Rusiji priprema nova\u010denje vi\u0161e od 60 tisu\u0107a vojnika. Dio njih bit \u0107e ro\u010dnici, a dio rezervisti &#8211; javio je jutros Nikoli\u0107.<\/p>\n\n\n\n<p>Akcije ukrajinske vojske ne mogu se vi\u0161e bazirati na lakom protuoklopnom i protuzra\u010dnom oru\u017eju. I \u0161ef ukrajinske diplomacije Kuleba Zapadu ovoga tjedna poku\u0161ava objasniti kako im te\u0161ko oru\u017eje treba &#8211; i to brzo. Kasni li se s naoru\u017eanjem?<\/p>\n\n\n\n<p>&#8211; Cijelo vrijeme ukrajinska strana tra\u017ei protuzra\u010dne sustave. Ju\u010der je, nakon dana ili dva skrivanja, objavljena vijest da je Slova\u010dka isporu\u010dila svoj protuzra\u010dni sustav S-300, odmah nakon toga se na slova\u010dki teritorij instalira jo\u0161 jedan Patriot, i to je neki pomak. Mo\u017eda se i kasni, ali Amerikanci istovremeno isporu\u010duju protutenkovske projektile Javelin. Ju\u010der je britanski premijer Johnson nakon masakra u Krematorsku najavio slanje novih 800 protuzra\u010dnih projektila. I Australija je krenula s isporukom oklopnih vozila Bushmaster, istina &#8211; nisu to velike brojke. O\u010dekuje se i isporuka patrolnih oklopnjaka Mastif iz Velike Britanije, podsje\u0107a Nikoli\u0107.<\/p>\n\n\n\n<p>Pitanje je sada koliko brzo se uspijeva ruska vojska pregrupirati, ka\u017eu izvori da to sigurno ne\u0107e biti jo\u0161 10-tak dana, dodaje.&nbsp;<\/p>\n\n\n\n<p>-Jutros sti\u017eu informacije o velikom grupiranju na podru\u010dju Harkiva, drugog najve\u0107eg ukrajinskog grada. To je mo\u017eda, nakon koncentracije u ruskom Belgorodu, nukleus iz kojeg kre\u0107e ruska vojska prema isto\u010dnoj boji\u0161nici &#8211; ocjenjuje Nikoli\u0107.<\/p>\n\n\n\n<p><strong><em>Naziru li se pukotine u jedinstvu EU \u0161to se ti\u010de sankcija prema Putinu i Rusiji?<\/em><\/strong><\/p>\n\n\n\n<p>Nakon ju\u010dera\u0161njeg sastanka s njema\u010dkim kancelarom Scholzom, britanski premijer Johnson poru\u010dio je da Europa koju smo poznavali prije samo \u0161est tjedana vi\u0161e ne postoji. Pozvao je na daljnje o\u0161tre sankcije Rusiji, osobito kad je rije\u010d o kupnji njezinih energenata. No Scholz se odbio priklju\u010diti Johnsonovoj inicijativi o prestanku uvoza ruskog plina do sredine 2024. Naziru li se pukotine u jedinstvu EU \u0161to se ti\u010de sankcija prema Putinu i Rusiji?<\/p>\n\n\n\n<p>-Te su pukotine vidljive ve\u0107 dugo. Scholtz je rekao da \u0107e Njema\u010dka do kraja ove godine poku\u0161ati anulirati svoju ovisnost o ruskoj nafti. Scholtz obe\u0107ava smanjivanje ili potpuno ukidanje ovisnosti Njema\u010dke o ruskom ugljenu. Dmitrij Medvedev, jedan od najbli\u017eih suradnika Vladimira Putina, rekao je da nametanje svih tih sankcija, osobito kada je rije\u010d o energetskom sektoru koji daje potreban kisik ruskoj ekonomiji, zna\u010di objavu ekonomskog rata &#8211; podsje\u0107a Nikoli\u0107.<\/p>\n\n\n\n<p>Izvor:pogled.ba\/hrt.hr<\/p>\n","protected":false},"excerpt":{"rendered":"<p>Rat u Ukrajini, sla\u017eu se svi vojni stru\u010dnjaci, ulazi u novu fazu, nalik bitkama iz Drugog svjetskog rata, s tisu\u0107ama oklopnih vozila i tenkova te topni\u010dkim oru\u017ejem. Uo\u010di o\u010dekivane ofenzive u isto\u010dnoj Ukrajini, Rusija je reorganizirala upravljanje svojim vojnim operacijama. Na \u010delo vojne operacije dolazi novi ruski general s velikim iskustvom, prije svega iz sirijskog [&hellip;]<\/p>\n","protected":false},"author":2,"featured_media":130728,"comment_status":"closed","ping_status":"closed","sticky":false,"template":"","format":"standard","meta":{"h5ap_radio_sources":[],"footnotes":""},"categories":[1],"tags":[],"class_list":["post-130727","post","type-post","status-publish","format-standard","has-post-thumbnail","hentry","category-bihiregija"],"yoast_head":"<!-- This site is optimized with the Yoast SEO plugin v27.5 - https:\/\/yoast.com\/product\/yoast-seo-wordpress\/ -->\n<title>Rat u Ukrajini ulazi u novu fazu, nalik bitkama iz Drugog svjetskog rata - RADIO LJUBU\u0160KI<\/title>\n<meta name=\"robots\" content=\"index, follow, max-snippet:-1, max-image-preview:large, max-video-preview:-1\" \/>\n<link rel=\"canonical\" href=\"https:\/\/radioljubuski.ba\/index.php\/2022\/04\/09\/rat-u-ukrajini-ulazi-u-novu-fazu-nalik-bitkama-iz-drugog-svjetskog-rata\/\" \/>\n<meta property=\"og:locale\" content=\"hr_HR\" \/>\n<meta property=\"og:type\" content=\"article\" \/>\n<meta property=\"og:title\" content=\"Rat u Ukrajini ulazi u novu fazu, nalik bitkama iz Drugog svjetskog rata - RADIO LJUBU\u0160KI\" \/>\n<meta property=\"og:description\" content=\"Rat u Ukrajini, sla\u017eu se svi vojni stru\u010dnjaci, ulazi u novu fazu, nalik bitkama iz Drugog svjetskog rata, s tisu\u0107ama oklopnih vozila i tenkova te topni\u010dkim oru\u017ejem. Uo\u010di o\u010dekivane ofenzive u isto\u010dnoj Ukrajini, Rusija je reorganizirala upravljanje svojim vojnim operacijama. Na \u010delo vojne operacije dolazi novi ruski general s velikim iskustvom, prije svega iz sirijskog [&hellip;]\" \/>\n<meta property=\"og:url\" content=\"https:\/\/radioljubuski.ba\/index.php\/2022\/04\/09\/rat-u-ukrajini-ulazi-u-novu-fazu-nalik-bitkama-iz-drugog-svjetskog-rata\/\" \/>\n<meta property=\"og:site_name\" content=\"RADIO LJUBU\u0160KI\" \/>\n<meta property=\"article:publisher\" content=\"https:\/\/www.facebook.com\/Radiio-Ljubuski-1490835324566332\" \/>\n<meta property=\"article:published_time\" content=\"2022-04-09T17:45:49+00:00\" \/>\n<meta property=\"article:modified_time\" content=\"2022-04-09T17:45:50+00:00\" \/>\n<meta property=\"og:image\" content=\"https:\/\/radioljubuski.ba\/wp-content\/uploads\/2022\/04\/2-2022-04-09-09-56-34-lavov.jpg\" \/>\n\t<meta property=\"og:image:width\" content=\"1000\" \/>\n\t<meta property=\"og:image:height\" content=\"625\" \/>\n\t<meta property=\"og:image:type\" content=\"image\/jpeg\" \/>\n<meta name=\"author\" content=\"Radio Ljubu\u0161ki\" \/>\n<meta name=\"twitter:card\" content=\"summary_large_image\" \/>\n<meta name=\"twitter:creator\" content=\"@radioljubuski\" \/>\n<meta name=\"twitter:site\" content=\"@radioljubuski\" \/>\n<meta name=\"twitter:label1\" content=\"Napisao\/la\" \/>\n\t<meta name=\"twitter:data1\" content=\"Radio Ljubu\u0161ki\" \/>\n\t<meta name=\"twitter:label2\" content=\"Procijenjeno vrijeme \u010ditanja\" \/>\n\t<meta name=\"twitter:data2\" content=\"3 minute\" \/>\n<script type=\"application\/ld+json\" class=\"yoast-schema-graph\">{\"@context\":\"https:\\\/\\\/schema.org\",\"@graph\":[{\"@type\":\"Article\",\"@id\":\"https:\\\/\\\/radioljubuski.ba\\\/index.php\\\/2022\\\/04\\\/09\\\/rat-u-ukrajini-ulazi-u-novu-fazu-nalik-bitkama-iz-drugog-svjetskog-rata\\\/#article\",\"isPartOf\":{\"@id\":\"https:\\\/\\\/radioljubuski.ba\\\/index.php\\\/2022\\\/04\\\/09\\\/rat-u-ukrajini-ulazi-u-novu-fazu-nalik-bitkama-iz-drugog-svjetskog-rata\\\/\"},\"author\":{\"name\":\"Radio Ljubu\u0161ki\",\"@id\":\"https:\\\/\\\/radioljubuski.ba\\\/#\\\/schema\\\/person\\\/19fc700381a780f69665d7956c469e3b\"},\"headline\":\"Rat u Ukrajini ulazi u novu fazu, nalik bitkama iz Drugog svjetskog rata\",\"datePublished\":\"2022-04-09T17:45:49+00:00\",\"dateModified\":\"2022-04-09T17:45:50+00:00\",\"mainEntityOfPage\":{\"@id\":\"https:\\\/\\\/radioljubuski.ba\\\/index.php\\\/2022\\\/04\\\/09\\\/rat-u-ukrajini-ulazi-u-novu-fazu-nalik-bitkama-iz-drugog-svjetskog-rata\\\/\"},\"wordCount\":699,\"publisher\":{\"@id\":\"https:\\\/\\\/radioljubuski.ba\\\/#organization\"},\"image\":{\"@id\":\"https:\\\/\\\/radioljubuski.ba\\\/index.php\\\/2022\\\/04\\\/09\\\/rat-u-ukrajini-ulazi-u-novu-fazu-nalik-bitkama-iz-drugog-svjetskog-rata\\\/#primaryimage\"},\"thumbnailUrl\":\"https:\\\/\\\/radioljubuski.ba\\\/wp-content\\\/uploads\\\/2022\\\/04\\\/2-2022-04-09-09-56-34-lavov.jpg\",\"articleSection\":[\"BIH i regija\"],\"inLanguage\":\"hr\"},{\"@type\":\"WebPage\",\"@id\":\"https:\\\/\\\/radioljubuski.ba\\\/index.php\\\/2022\\\/04\\\/09\\\/rat-u-ukrajini-ulazi-u-novu-fazu-nalik-bitkama-iz-drugog-svjetskog-rata\\\/\",\"url\":\"https:\\\/\\\/radioljubuski.ba\\\/index.php\\\/2022\\\/04\\\/09\\\/rat-u-ukrajini-ulazi-u-novu-fazu-nalik-bitkama-iz-drugog-svjetskog-rata\\\/\",\"name\":\"Rat u Ukrajini ulazi u novu fazu, nalik bitkama iz Drugog svjetskog rata - RADIO LJUBU\u0160KI\",\"isPartOf\":{\"@id\":\"https:\\\/\\\/radioljubuski.ba\\\/#website\"},\"primaryImageOfPage\":{\"@id\":\"https:\\\/\\\/radioljubuski.ba\\\/index.php\\\/2022\\\/04\\\/09\\\/rat-u-ukrajini-ulazi-u-novu-fazu-nalik-bitkama-iz-drugog-svjetskog-rata\\\/#primaryimage\"},\"image\":{\"@id\":\"https:\\\/\\\/radioljubuski.ba\\\/index.php\\\/2022\\\/04\\\/09\\\/rat-u-ukrajini-ulazi-u-novu-fazu-nalik-bitkama-iz-drugog-svjetskog-rata\\\/#primaryimage\"},\"thumbnailUrl\":\"https:\\\/\\\/radioljubuski.ba\\\/wp-content\\\/uploads\\\/2022\\\/04\\\/2-2022-04-09-09-56-34-lavov.jpg\",\"datePublished\":\"2022-04-09T17:45:49+00:00\",\"dateModified\":\"2022-04-09T17:45:50+00:00\",\"breadcrumb\":{\"@id\":\"https:\\\/\\\/radioljubuski.ba\\\/index.php\\\/2022\\\/04\\\/09\\\/rat-u-ukrajini-ulazi-u-novu-fazu-nalik-bitkama-iz-drugog-svjetskog-rata\\\/#breadcrumb\"},\"inLanguage\":\"hr\",\"potentialAction\":[{\"@type\":\"ReadAction\",\"target\":[\"https:\\\/\\\/radioljubuski.ba\\\/index.php\\\/2022\\\/04\\\/09\\\/rat-u-ukrajini-ulazi-u-novu-fazu-nalik-bitkama-iz-drugog-svjetskog-rata\\\/\"]}]},{\"@type\":\"ImageObject\",\"inLanguage\":\"hr\",\"@id\":\"https:\\\/\\\/radioljubuski.ba\\\/index.php\\\/2022\\\/04\\\/09\\\/rat-u-ukrajini-ulazi-u-novu-fazu-nalik-bitkama-iz-drugog-svjetskog-rata\\\/#primaryimage\",\"url\":\"https:\\\/\\\/radioljubuski.ba\\\/wp-content\\\/uploads\\\/2022\\\/04\\\/2-2022-04-09-09-56-34-lavov.jpg\",\"contentUrl\":\"https:\\\/\\\/radioljubuski.ba\\\/wp-content\\\/uploads\\\/2022\\\/04\\\/2-2022-04-09-09-56-34-lavov.jpg\",\"width\":1000,\"height\":625},{\"@type\":\"BreadcrumbList\",\"@id\":\"https:\\\/\\\/radioljubuski.ba\\\/index.php\\\/2022\\\/04\\\/09\\\/rat-u-ukrajini-ulazi-u-novu-fazu-nalik-bitkama-iz-drugog-svjetskog-rata\\\/#breadcrumb\",\"itemListElement\":[{\"@type\":\"ListItem\",\"position\":1,\"name\":\"Po\u010detna stranica\",\"item\":\"https:\\\/\\\/radioljubuski.ba\\\/\"},{\"@type\":\"ListItem\",\"position\":2,\"name\":\"Rat u Ukrajini ulazi u novu fazu, nalik bitkama iz Drugog svjetskog rata\"}]},{\"@type\":\"WebSite\",\"@id\":\"https:\\\/\\\/radioljubuski.ba\\\/#website\",\"url\":\"https:\\\/\\\/radioljubuski.ba\\\/\",\"name\":\"Radio Ljubu\u0161ki\",\"description\":\"Sun\u010dana frekvencija Hercegovine\",\"publisher\":{\"@id\":\"https:\\\/\\\/radioljubuski.ba\\\/#organization\"},\"potentialAction\":[{\"@type\":\"SearchAction\",\"target\":{\"@type\":\"EntryPoint\",\"urlTemplate\":\"https:\\\/\\\/radioljubuski.ba\\\/?s={search_term_string}\"},\"query-input\":{\"@type\":\"PropertyValueSpecification\",\"valueRequired\":true,\"valueName\":\"search_term_string\"}}],\"inLanguage\":\"hr\"},{\"@type\":\"Organization\",\"@id\":\"https:\\\/\\\/radioljubuski.ba\\\/#organization\",\"name\":\"Radio Ljubu\u0161ki\",\"url\":\"https:\\\/\\\/radioljubuski.ba\\\/\",\"logo\":{\"@type\":\"ImageObject\",\"inLanguage\":\"hr\",\"@id\":\"https:\\\/\\\/radioljubuski.ba\\\/#\\\/schema\\\/logo\\\/image\\\/\",\"url\":\"https:\\\/\\\/radioljubuski.ba\\\/wp-content\\\/uploads\\\/2021\\\/02\\\/cropped-Radio_Ljubuski_logo1.jpg\",\"contentUrl\":\"https:\\\/\\\/radioljubuski.ba\\\/wp-content\\\/uploads\\\/2021\\\/02\\\/cropped-Radio_Ljubuski_logo1.jpg\",\"width\":512,\"height\":512,\"caption\":\"Radio Ljubu\u0161ki\"},\"image\":{\"@id\":\"https:\\\/\\\/radioljubuski.ba\\\/#\\\/schema\\\/logo\\\/image\\\/\"},\"sameAs\":[\"https:\\\/\\\/www.facebook.com\\\/Radiio-Ljubuski-1490835324566332\",\"https:\\\/\\\/x.com\\\/radioljubuski\",\"https:\\\/\\\/hr.linkedin.com\\\/company\\\/radio-ljubuski\",\"https:\\\/\\\/www.youtube.com\\\/channel\\\/UCHYaeO_n0Db3tjNGudGpXyw\"]},{\"@type\":\"Person\",\"@id\":\"https:\\\/\\\/radioljubuski.ba\\\/#\\\/schema\\\/person\\\/19fc700381a780f69665d7956c469e3b\",\"name\":\"Radio Ljubu\u0161ki\"}]}<\/script>\n<!-- \/ Yoast SEO plugin. -->","yoast_head_json":{"title":"Rat u Ukrajini ulazi u novu fazu, nalik bitkama iz Drugog svjetskog rata - RADIO LJUBU\u0160KI","robots":{"index":"index","follow":"follow","max-snippet":"max-snippet:-1","max-image-preview":"max-image-preview:large","max-video-preview":"max-video-preview:-1"},"canonical":"https:\/\/radioljubuski.ba\/index.php\/2022\/04\/09\/rat-u-ukrajini-ulazi-u-novu-fazu-nalik-bitkama-iz-drugog-svjetskog-rata\/","og_locale":"hr_HR","og_type":"article","og_title":"Rat u Ukrajini ulazi u novu fazu, nalik bitkama iz Drugog svjetskog rata - RADIO LJUBU\u0160KI","og_description":"Rat u Ukrajini, sla\u017eu se svi vojni stru\u010dnjaci, ulazi u novu fazu, nalik bitkama iz Drugog svjetskog rata, s tisu\u0107ama oklopnih vozila i tenkova te topni\u010dkim oru\u017ejem. Uo\u010di o\u010dekivane ofenzive u isto\u010dnoj Ukrajini, Rusija je reorganizirala upravljanje svojim vojnim operacijama. Na \u010delo vojne operacije dolazi novi ruski general s velikim iskustvom, prije svega iz sirijskog [&hellip;]","og_url":"https:\/\/radioljubuski.ba\/index.php\/2022\/04\/09\/rat-u-ukrajini-ulazi-u-novu-fazu-nalik-bitkama-iz-drugog-svjetskog-rata\/","og_site_name":"RADIO LJUBU\u0160KI","article_publisher":"https:\/\/www.facebook.com\/Radiio-Ljubuski-1490835324566332","article_published_time":"2022-04-09T17:45:49+00:00","article_modified_time":"2022-04-09T17:45:50+00:00","og_image":[{"width":1000,"height":625,"url":"https:\/\/radioljubuski.ba\/wp-content\/uploads\/2022\/04\/2-2022-04-09-09-56-34-lavov.jpg","type":"image\/jpeg"}],"author":"Radio Ljubu\u0161ki","twitter_card":"summary_large_image","twitter_creator":"@radioljubuski","twitter_site":"@radioljubuski","twitter_misc":{"Napisao\/la":"Radio Ljubu\u0161ki","Procijenjeno vrijeme \u010ditanja":"3 minute"},"schema":{"@context":"https:\/\/schema.org","@graph":[{"@type":"Article","@id":"https:\/\/radioljubuski.ba\/index.php\/2022\/04\/09\/rat-u-ukrajini-ulazi-u-novu-fazu-nalik-bitkama-iz-drugog-svjetskog-rata\/#article","isPartOf":{"@id":"https:\/\/radioljubuski.ba\/index.php\/2022\/04\/09\/rat-u-ukrajini-ulazi-u-novu-fazu-nalik-bitkama-iz-drugog-svjetskog-rata\/"},"author":{"name":"Radio Ljubu\u0161ki","@id":"https:\/\/radioljubuski.ba\/#\/schema\/person\/19fc700381a780f69665d7956c469e3b"},"headline":"Rat u Ukrajini ulazi u novu fazu, nalik bitkama iz Drugog svjetskog rata","datePublished":"2022-04-09T17:45:49+00:00","dateModified":"2022-04-09T17:45:50+00:00","mainEntityOfPage":{"@id":"https:\/\/radioljubuski.ba\/index.php\/2022\/04\/09\/rat-u-ukrajini-ulazi-u-novu-fazu-nalik-bitkama-iz-drugog-svjetskog-rata\/"},"wordCount":699,"publisher":{"@id":"https:\/\/radioljubuski.ba\/#organization"},"image":{"@id":"https:\/\/radioljubuski.ba\/index.php\/2022\/04\/09\/rat-u-ukrajini-ulazi-u-novu-fazu-nalik-bitkama-iz-drugog-svjetskog-rata\/#primaryimage"},"thumbnailUrl":"https:\/\/radioljubuski.ba\/wp-content\/uploads\/2022\/04\/2-2022-04-09-09-56-34-lavov.jpg","articleSection":["BIH i regija"],"inLanguage":"hr"},{"@type":"WebPage","@id":"https:\/\/radioljubuski.ba\/index.php\/2022\/04\/09\/rat-u-ukrajini-ulazi-u-novu-fazu-nalik-bitkama-iz-drugog-svjetskog-rata\/","url":"https:\/\/radioljubuski.ba\/index.php\/2022\/04\/09\/rat-u-ukrajini-ulazi-u-novu-fazu-nalik-bitkama-iz-drugog-svjetskog-rata\/","name":"Rat u Ukrajini ulazi u novu fazu, nalik bitkama iz Drugog svjetskog rata - RADIO LJUBU\u0160KI","isPartOf":{"@id":"https:\/\/radioljubuski.ba\/#website"},"primaryImageOfPage":{"@id":"https:\/\/radioljubuski.ba\/index.php\/2022\/04\/09\/rat-u-ukrajini-ulazi-u-novu-fazu-nalik-bitkama-iz-drugog-svjetskog-rata\/#primaryimage"},"image":{"@id":"https:\/\/radioljubuski.ba\/index.php\/2022\/04\/09\/rat-u-ukrajini-ulazi-u-novu-fazu-nalik-bitkama-iz-drugog-svjetskog-rata\/#primaryimage"},"thumbnailUrl":"https:\/\/radioljubuski.ba\/wp-content\/uploads\/2022\/04\/2-2022-04-09-09-56-34-lavov.jpg","datePublished":"2022-04-09T17:45:49+00:00","dateModified":"2022-04-09T17:45:50+00:00","breadcrumb":{"@id":"https:\/\/radioljubuski.ba\/index.php\/2022\/04\/09\/rat-u-ukrajini-ulazi-u-novu-fazu-nalik-bitkama-iz-drugog-svjetskog-rata\/#breadcrumb"},"inLanguage":"hr","potentialAction":[{"@type":"ReadAction","target":["https:\/\/radioljubuski.ba\/index.php\/2022\/04\/09\/rat-u-ukrajini-ulazi-u-novu-fazu-nalik-bitkama-iz-drugog-svjetskog-rata\/"]}]},{"@type":"ImageObject","inLanguage":"hr","@id":"https:\/\/radioljubuski.ba\/index.php\/2022\/04\/09\/rat-u-ukrajini-ulazi-u-novu-fazu-nalik-bitkama-iz-drugog-svjetskog-rata\/#primaryimage","url":"https:\/\/radioljubuski.ba\/wp-content\/uploads\/2022\/04\/2-2022-04-09-09-56-34-lavov.jpg","contentUrl":"https:\/\/radioljubuski.ba\/wp-content\/uploads\/2022\/04\/2-2022-04-09-09-56-34-lavov.jpg","width":1000,"height":625},{"@type":"BreadcrumbList","@id":"https:\/\/radioljubuski.ba\/index.php\/2022\/04\/09\/rat-u-ukrajini-ulazi-u-novu-fazu-nalik-bitkama-iz-drugog-svjetskog-rata\/#breadcrumb","itemListElement":[{"@type":"ListItem","position":1,"name":"Po\u010detna stranica","item":"https:\/\/radioljubuski.ba\/"},{"@type":"ListItem","position":2,"name":"Rat u Ukrajini ulazi u novu fazu, nalik bitkama iz Drugog svjetskog rata"}]},{"@type":"WebSite","@id":"https:\/\/radioljubuski.ba\/#website","url":"https:\/\/radioljubuski.ba\/","name":"Radio Ljubu\u0161ki","description":"Sun\u010dana frekvencija Hercegovine","publisher":{"@id":"https:\/\/radioljubuski.ba\/#organization"},"potentialAction":[{"@type":"SearchAction","target":{"@type":"EntryPoint","urlTemplate":"https:\/\/radioljubuski.ba\/?s={search_term_string}"},"query-input":{"@type":"PropertyValueSpecification","valueRequired":true,"valueName":"search_term_string"}}],"inLanguage":"hr"},{"@type":"Organization","@id":"https:\/\/radioljubuski.ba\/#organization","name":"Radio Ljubu\u0161ki","url":"https:\/\/radioljubuski.ba\/","logo":{"@type":"ImageObject","inLanguage":"hr","@id":"https:\/\/radioljubuski.ba\/#\/schema\/logo\/image\/","url":"https:\/\/radioljubuski.ba\/wp-content\/uploads\/2021\/02\/cropped-Radio_Ljubuski_logo1.jpg","contentUrl":"https:\/\/radioljubuski.ba\/wp-content\/uploads\/2021\/02\/cropped-Radio_Ljubuski_logo1.jpg","width":512,"height":512,"caption":"Radio Ljubu\u0161ki"},"image":{"@id":"https:\/\/radioljubuski.ba\/#\/schema\/logo\/image\/"},"sameAs":["https:\/\/www.facebook.com\/Radiio-Ljubuski-1490835324566332","https:\/\/x.com\/radioljubuski","https:\/\/hr.linkedin.com\/company\/radio-ljubuski","https:\/\/www.youtube.com\/channel\/UCHYaeO_n0Db3tjNGudGpXyw"]},{"@type":"Person","@id":"https:\/\/radioljubuski.ba\/#\/schema\/person\/19fc700381a780f69665d7956c469e3b","name":"Radio Ljubu\u0161ki"}]}},"_links":{"self":[{"href":"https:\/\/radioljubuski.ba\/index.php\/wp-json\/wp\/v2\/posts\/130727","targetHints":{"allow":["GET"]}}],"collection":[{"href":"https:\/\/radioljubuski.ba\/index.php\/wp-json\/wp\/v2\/posts"}],"about":[{"href":"https:\/\/radioljubuski.ba\/index.php\/wp-json\/wp\/v2\/types\/post"}],"author":[{"embeddable":true,"href":"https:\/\/radioljubuski.ba\/index.php\/wp-json\/wp\/v2\/users\/2"}],"replies":[{"embeddable":true,"href":"https:\/\/radioljubuski.ba\/index.php\/wp-json\/wp\/v2\/comments?post=130727"}],"version-history":[{"count":1,"href":"https:\/\/radioljubuski.ba\/index.php\/wp-json\/wp\/v2\/posts\/130727\/revisions"}],"predecessor-version":[{"id":130729,"href":"https:\/\/radioljubuski.ba\/index.php\/wp-json\/wp\/v2\/posts\/130727\/revisions\/130729"}],"wp:featuredmedia":[{"embeddable":true,"href":"https:\/\/radioljubuski.ba\/index.php\/wp-json\/wp\/v2\/media\/130728"}],"wp:attachment":[{"href":"https:\/\/radioljubuski.ba\/index.php\/wp-json\/wp\/v2\/media?parent=130727"}],"wp:term":[{"taxonomy":"category","embeddable":true,"href":"https:\/\/radioljubuski.ba\/index.php\/wp-json\/wp\/v2\/categories?post=130727"},{"taxonomy":"post_tag","embeddable":true,"href":"https:\/\/radioljubuski.ba\/index.php\/wp-json\/wp\/v2\/tags?post=130727"}],"curies":[{"name":"wp","href":"https:\/\/api.w.org\/{rel}","templated":true}]}}