{"id":130736,"date":"2022-04-09T18:49:24","date_gmt":"2022-04-09T17:49:24","guid":{"rendered":"https:\/\/radioljubuski.ba\/?p=130736"},"modified":"2022-04-09T18:49:25","modified_gmt":"2022-04-09T17:49:25","slug":"rusija-opozvala-registracije-amnestyja-i-human-rights-watcha","status":"publish","type":"post","link":"https:\/\/radioljubuski.ba\/index.php\/2022\/04\/09\/rusija-opozvala-registracije-amnestyja-i-human-rights-watcha\/","title":{"rendered":"Rusija opozvala registracije Amnestyja i Human Rights Watcha"},"content":{"rendered":"\n<p>Rusko ministarstvo pravosu\u0111a objavilo je u petak da je opozvalo registraciju 15 stranih organizacija, uklju\u010duju\u0107i Amnesty International i Human Rights Watch (HRW).<\/p>\n\n\n\n<p>Ruski ogranci tih&nbsp;organizacija, uklju\u010duju\u0107i&nbsp;Carnegie Endowment for International Peace, &#8220;isklju\u010deni&nbsp;su jer je otkriveno&nbsp;kr\u0161enje&nbsp;va\u017ee\u0107eg zakonodavstva Ruske Federacije&#8221;, navodi se priop\u0107enju ministarstva.<\/p>\n\n\n\n<p>Odluka, u kojoj nisu navedene&nbsp;pojedinosti o kakvim se kr\u0161enjima radi, objavljena je nekoliko dana po\u0161to je HRW sa sjedi\u0161tem u New Yorku objavio da je otkrio &#8220;nekoliko slu\u010dajeva u kojima su ruske vojne snage po\u010dinile ratne zlo\u010dine&#8221; u Ukrajini.<\/p>\n\n\n\n<p>Ukrajina i zapadne zemlje optu\u017euju&nbsp;Rusiju za ratne zlo\u010dine, ali Moskva to pori\u010de i tvrdi da ne cilja civile.&nbsp;<\/p>\n\n\n\n<p>Rusija tvrdi da provodi &#8220;specijalnu vojnu operaciju&#8221; za demilitarizaciju i denacifikaciju Ukrajine. Kijevska vlada i zapadni saveznici odbacuju to la\u017enim izgovorom za neopravdanu invaziju.&nbsp;<\/p>\n\n\n\n<p>Podru\u017enica&nbsp;zaklade Rosa Luxemburg, zaklada&nbsp;Aga Khan i Institut za me\u0111unarodno obrazovanje su me\u0111u organizacijama kojima je u petak opozvana registracija.&nbsp;<\/p>\n\n\n\n<p>Opozvano je devet njema\u010dkih organizacija, tri iz Sjedinjenih Dr\u017eava&nbsp;te po jedna iz Velike Britanije, Poljske i \u0160vicarske.<\/p>\n\n\n\n<p>Izvor:pogled.ba<\/p>\n","protected":false},"excerpt":{"rendered":"<p>Rusko ministarstvo pravosu\u0111a objavilo je u petak da je opozvalo registraciju 15 stranih organizacija, uklju\u010duju\u0107i Amnesty International i Human Rights Watch (HRW). Ruski ogranci tih&nbsp;organizacija, uklju\u010duju\u0107i&nbsp;Carnegie Endowment for International Peace, &#8220;isklju\u010deni&nbsp;su jer je otkriveno&nbsp;kr\u0161enje&nbsp;va\u017ee\u0107eg zakonodavstva Ruske Federacije&#8221;, navodi se priop\u0107enju ministarstva. Odluka, u kojoj nisu navedene&nbsp;pojedinosti o kakvim se kr\u0161enjima radi, objavljena je nekoliko dana [&hellip;]<\/p>\n","protected":false},"author":2,"featured_media":130737,"comment_status":"closed","ping_status":"closed","sticky":false,"template":"","format":"standard","meta":{"h5ap_radio_sources":[],"footnotes":""},"categories":[1],"tags":[],"class_list":["post-130736","post","type-post","status-publish","format-standard","has-post-thumbnail","hentry","category-bihiregija"],"yoast_head":"<!-- This site is optimized with the Yoast SEO plugin v27.5 - https:\/\/yoast.com\/product\/yoast-seo-wordpress\/ -->\n<title>Rusija opozvala registracije Amnestyja i Human Rights Watcha - RADIO LJUBU\u0160KI<\/title>\n<meta name=\"robots\" content=\"index, follow, max-snippet:-1, max-image-preview:large, max-video-preview:-1\" \/>\n<link rel=\"canonical\" href=\"https:\/\/radioljubuski.ba\/index.php\/2022\/04\/09\/rusija-opozvala-registracije-amnestyja-i-human-rights-watcha\/\" \/>\n<meta property=\"og:locale\" content=\"hr_HR\" \/>\n<meta property=\"og:type\" content=\"article\" \/>\n<meta property=\"og:title\" content=\"Rusija opozvala registracije Amnestyja i Human Rights Watcha - RADIO LJUBU\u0160KI\" \/>\n<meta property=\"og:description\" content=\"Rusko ministarstvo pravosu\u0111a objavilo je u petak da je opozvalo registraciju 15 stranih organizacija, uklju\u010duju\u0107i Amnesty International i Human Rights Watch (HRW). Ruski ogranci tih&nbsp;organizacija, uklju\u010duju\u0107i&nbsp;Carnegie Endowment for International Peace, &#8220;isklju\u010deni&nbsp;su jer je otkriveno&nbsp;kr\u0161enje&nbsp;va\u017ee\u0107eg zakonodavstva Ruske Federacije&#8221;, navodi se priop\u0107enju ministarstva. Odluka, u kojoj nisu navedene&nbsp;pojedinosti o kakvim se kr\u0161enjima radi, objavljena je nekoliko dana [&hellip;]\" \/>\n<meta property=\"og:url\" content=\"https:\/\/radioljubuski.ba\/index.php\/2022\/04\/09\/rusija-opozvala-registracije-amnestyja-i-human-rights-watcha\/\" \/>\n<meta property=\"og:site_name\" content=\"RADIO LJUBU\u0160KI\" \/>\n<meta property=\"article:publisher\" content=\"https:\/\/www.facebook.com\/Radiio-Ljubuski-1490835324566332\" \/>\n<meta property=\"article:published_time\" content=\"2022-04-09T17:49:24+00:00\" \/>\n<meta property=\"article:modified_time\" content=\"2022-04-09T17:49:25+00:00\" \/>\n<meta property=\"og:image\" content=\"https:\/\/radioljubuski.ba\/wp-content\/uploads\/2022\/04\/10-2022-04-08-21-58-04-329848.jpg\" \/>\n\t<meta property=\"og:image:width\" content=\"1000\" \/>\n\t<meta property=\"og:image:height\" content=\"625\" \/>\n\t<meta property=\"og:image:type\" content=\"image\/jpeg\" \/>\n<meta name=\"author\" content=\"Radio Ljubu\u0161ki\" \/>\n<meta name=\"twitter:card\" content=\"summary_large_image\" \/>\n<meta name=\"twitter:creator\" content=\"@radioljubuski\" \/>\n<meta name=\"twitter:site\" content=\"@radioljubuski\" \/>\n<meta name=\"twitter:label1\" content=\"Napisao\/la\" \/>\n\t<meta name=\"twitter:data1\" content=\"Radio Ljubu\u0161ki\" \/>\n\t<meta name=\"twitter:label2\" content=\"Procijenjeno vrijeme \u010ditanja\" \/>\n\t<meta name=\"twitter:data2\" content=\"1 minuta\" \/>\n<script type=\"application\/ld+json\" class=\"yoast-schema-graph\">{\"@context\":\"https:\\\/\\\/schema.org\",\"@graph\":[{\"@type\":\"Article\",\"@id\":\"https:\\\/\\\/radioljubuski.ba\\\/index.php\\\/2022\\\/04\\\/09\\\/rusija-opozvala-registracije-amnestyja-i-human-rights-watcha\\\/#article\",\"isPartOf\":{\"@id\":\"https:\\\/\\\/radioljubuski.ba\\\/index.php\\\/2022\\\/04\\\/09\\\/rusija-opozvala-registracije-amnestyja-i-human-rights-watcha\\\/\"},\"author\":{\"name\":\"Radio Ljubu\u0161ki\",\"@id\":\"https:\\\/\\\/radioljubuski.ba\\\/#\\\/schema\\\/person\\\/19fc700381a780f69665d7956c469e3b\"},\"headline\":\"Rusija opozvala registracije Amnestyja i Human Rights Watcha\",\"datePublished\":\"2022-04-09T17:49:24+00:00\",\"dateModified\":\"2022-04-09T17:49:25+00:00\",\"mainEntityOfPage\":{\"@id\":\"https:\\\/\\\/radioljubuski.ba\\\/index.php\\\/2022\\\/04\\\/09\\\/rusija-opozvala-registracije-amnestyja-i-human-rights-watcha\\\/\"},\"wordCount\":216,\"publisher\":{\"@id\":\"https:\\\/\\\/radioljubuski.ba\\\/#organization\"},\"image\":{\"@id\":\"https:\\\/\\\/radioljubuski.ba\\\/index.php\\\/2022\\\/04\\\/09\\\/rusija-opozvala-registracije-amnestyja-i-human-rights-watcha\\\/#primaryimage\"},\"thumbnailUrl\":\"https:\\\/\\\/radioljubuski.ba\\\/wp-content\\\/uploads\\\/2022\\\/04\\\/10-2022-04-08-21-58-04-329848.jpg\",\"articleSection\":[\"BIH i regija\"],\"inLanguage\":\"hr\"},{\"@type\":\"WebPage\",\"@id\":\"https:\\\/\\\/radioljubuski.ba\\\/index.php\\\/2022\\\/04\\\/09\\\/rusija-opozvala-registracije-amnestyja-i-human-rights-watcha\\\/\",\"url\":\"https:\\\/\\\/radioljubuski.ba\\\/index.php\\\/2022\\\/04\\\/09\\\/rusija-opozvala-registracije-amnestyja-i-human-rights-watcha\\\/\",\"name\":\"Rusija opozvala registracije Amnestyja i Human Rights Watcha - RADIO LJUBU\u0160KI\",\"isPartOf\":{\"@id\":\"https:\\\/\\\/radioljubuski.ba\\\/#website\"},\"primaryImageOfPage\":{\"@id\":\"https:\\\/\\\/radioljubuski.ba\\\/index.php\\\/2022\\\/04\\\/09\\\/rusija-opozvala-registracije-amnestyja-i-human-rights-watcha\\\/#primaryimage\"},\"image\":{\"@id\":\"https:\\\/\\\/radioljubuski.ba\\\/index.php\\\/2022\\\/04\\\/09\\\/rusija-opozvala-registracije-amnestyja-i-human-rights-watcha\\\/#primaryimage\"},\"thumbnailUrl\":\"https:\\\/\\\/radioljubuski.ba\\\/wp-content\\\/uploads\\\/2022\\\/04\\\/10-2022-04-08-21-58-04-329848.jpg\",\"datePublished\":\"2022-04-09T17:49:24+00:00\",\"dateModified\":\"2022-04-09T17:49:25+00:00\",\"breadcrumb\":{\"@id\":\"https:\\\/\\\/radioljubuski.ba\\\/index.php\\\/2022\\\/04\\\/09\\\/rusija-opozvala-registracije-amnestyja-i-human-rights-watcha\\\/#breadcrumb\"},\"inLanguage\":\"hr\",\"potentialAction\":[{\"@type\":\"ReadAction\",\"target\":[\"https:\\\/\\\/radioljubuski.ba\\\/index.php\\\/2022\\\/04\\\/09\\\/rusija-opozvala-registracije-amnestyja-i-human-rights-watcha\\\/\"]}]},{\"@type\":\"ImageObject\",\"inLanguage\":\"hr\",\"@id\":\"https:\\\/\\\/radioljubuski.ba\\\/index.php\\\/2022\\\/04\\\/09\\\/rusija-opozvala-registracije-amnestyja-i-human-rights-watcha\\\/#primaryimage\",\"url\":\"https:\\\/\\\/radioljubuski.ba\\\/wp-content\\\/uploads\\\/2022\\\/04\\\/10-2022-04-08-21-58-04-329848.jpg\",\"contentUrl\":\"https:\\\/\\\/radioljubuski.ba\\\/wp-content\\\/uploads\\\/2022\\\/04\\\/10-2022-04-08-21-58-04-329848.jpg\",\"width\":1000,\"height\":625},{\"@type\":\"BreadcrumbList\",\"@id\":\"https:\\\/\\\/radioljubuski.ba\\\/index.php\\\/2022\\\/04\\\/09\\\/rusija-opozvala-registracije-amnestyja-i-human-rights-watcha\\\/#breadcrumb\",\"itemListElement\":[{\"@type\":\"ListItem\",\"position\":1,\"name\":\"Po\u010detna stranica\",\"item\":\"https:\\\/\\\/radioljubuski.ba\\\/\"},{\"@type\":\"ListItem\",\"position\":2,\"name\":\"Rusija opozvala registracije Amnestyja i Human Rights Watcha\"}]},{\"@type\":\"WebSite\",\"@id\":\"https:\\\/\\\/radioljubuski.ba\\\/#website\",\"url\":\"https:\\\/\\\/radioljubuski.ba\\\/\",\"name\":\"Radio Ljubu\u0161ki\",\"description\":\"Sun\u010dana frekvencija Hercegovine\",\"publisher\":{\"@id\":\"https:\\\/\\\/radioljubuski.ba\\\/#organization\"},\"potentialAction\":[{\"@type\":\"SearchAction\",\"target\":{\"@type\":\"EntryPoint\",\"urlTemplate\":\"https:\\\/\\\/radioljubuski.ba\\\/?s={search_term_string}\"},\"query-input\":{\"@type\":\"PropertyValueSpecification\",\"valueRequired\":true,\"valueName\":\"search_term_string\"}}],\"inLanguage\":\"hr\"},{\"@type\":\"Organization\",\"@id\":\"https:\\\/\\\/radioljubuski.ba\\\/#organization\",\"name\":\"Radio Ljubu\u0161ki\",\"url\":\"https:\\\/\\\/radioljubuski.ba\\\/\",\"logo\":{\"@type\":\"ImageObject\",\"inLanguage\":\"hr\",\"@id\":\"https:\\\/\\\/radioljubuski.ba\\\/#\\\/schema\\\/logo\\\/image\\\/\",\"url\":\"https:\\\/\\\/radioljubuski.ba\\\/wp-content\\\/uploads\\\/2021\\\/02\\\/cropped-Radio_Ljubuski_logo1.jpg\",\"contentUrl\":\"https:\\\/\\\/radioljubuski.ba\\\/wp-content\\\/uploads\\\/2021\\\/02\\\/cropped-Radio_Ljubuski_logo1.jpg\",\"width\":512,\"height\":512,\"caption\":\"Radio Ljubu\u0161ki\"},\"image\":{\"@id\":\"https:\\\/\\\/radioljubuski.ba\\\/#\\\/schema\\\/logo\\\/image\\\/\"},\"sameAs\":[\"https:\\\/\\\/www.facebook.com\\\/Radiio-Ljubuski-1490835324566332\",\"https:\\\/\\\/x.com\\\/radioljubuski\",\"https:\\\/\\\/hr.linkedin.com\\\/company\\\/radio-ljubuski\",\"https:\\\/\\\/www.youtube.com\\\/channel\\\/UCHYaeO_n0Db3tjNGudGpXyw\"]},{\"@type\":\"Person\",\"@id\":\"https:\\\/\\\/radioljubuski.ba\\\/#\\\/schema\\\/person\\\/19fc700381a780f69665d7956c469e3b\",\"name\":\"Radio Ljubu\u0161ki\"}]}<\/script>\n<!-- \/ Yoast SEO plugin. -->","yoast_head_json":{"title":"Rusija opozvala registracije Amnestyja i Human Rights Watcha - RADIO LJUBU\u0160KI","robots":{"index":"index","follow":"follow","max-snippet":"max-snippet:-1","max-image-preview":"max-image-preview:large","max-video-preview":"max-video-preview:-1"},"canonical":"https:\/\/radioljubuski.ba\/index.php\/2022\/04\/09\/rusija-opozvala-registracije-amnestyja-i-human-rights-watcha\/","og_locale":"hr_HR","og_type":"article","og_title":"Rusija opozvala registracije Amnestyja i Human Rights Watcha - RADIO LJUBU\u0160KI","og_description":"Rusko ministarstvo pravosu\u0111a objavilo je u petak da je opozvalo registraciju 15 stranih organizacija, uklju\u010duju\u0107i Amnesty International i Human Rights Watch (HRW). Ruski ogranci tih&nbsp;organizacija, uklju\u010duju\u0107i&nbsp;Carnegie Endowment for International Peace, &#8220;isklju\u010deni&nbsp;su jer je otkriveno&nbsp;kr\u0161enje&nbsp;va\u017ee\u0107eg zakonodavstva Ruske Federacije&#8221;, navodi se priop\u0107enju ministarstva. Odluka, u kojoj nisu navedene&nbsp;pojedinosti o kakvim se kr\u0161enjima radi, objavljena je nekoliko dana [&hellip;]","og_url":"https:\/\/radioljubuski.ba\/index.php\/2022\/04\/09\/rusija-opozvala-registracije-amnestyja-i-human-rights-watcha\/","og_site_name":"RADIO LJUBU\u0160KI","article_publisher":"https:\/\/www.facebook.com\/Radiio-Ljubuski-1490835324566332","article_published_time":"2022-04-09T17:49:24+00:00","article_modified_time":"2022-04-09T17:49:25+00:00","og_image":[{"width":1000,"height":625,"url":"https:\/\/radioljubuski.ba\/wp-content\/uploads\/2022\/04\/10-2022-04-08-21-58-04-329848.jpg","type":"image\/jpeg"}],"author":"Radio Ljubu\u0161ki","twitter_card":"summary_large_image","twitter_creator":"@radioljubuski","twitter_site":"@radioljubuski","twitter_misc":{"Napisao\/la":"Radio Ljubu\u0161ki","Procijenjeno vrijeme \u010ditanja":"1 minuta"},"schema":{"@context":"https:\/\/schema.org","@graph":[{"@type":"Article","@id":"https:\/\/radioljubuski.ba\/index.php\/2022\/04\/09\/rusija-opozvala-registracije-amnestyja-i-human-rights-watcha\/#article","isPartOf":{"@id":"https:\/\/radioljubuski.ba\/index.php\/2022\/04\/09\/rusija-opozvala-registracije-amnestyja-i-human-rights-watcha\/"},"author":{"name":"Radio Ljubu\u0161ki","@id":"https:\/\/radioljubuski.ba\/#\/schema\/person\/19fc700381a780f69665d7956c469e3b"},"headline":"Rusija opozvala registracije Amnestyja i Human Rights Watcha","datePublished":"2022-04-09T17:49:24+00:00","dateModified":"2022-04-09T17:49:25+00:00","mainEntityOfPage":{"@id":"https:\/\/radioljubuski.ba\/index.php\/2022\/04\/09\/rusija-opozvala-registracije-amnestyja-i-human-rights-watcha\/"},"wordCount":216,"publisher":{"@id":"https:\/\/radioljubuski.ba\/#organization"},"image":{"@id":"https:\/\/radioljubuski.ba\/index.php\/2022\/04\/09\/rusija-opozvala-registracije-amnestyja-i-human-rights-watcha\/#primaryimage"},"thumbnailUrl":"https:\/\/radioljubuski.ba\/wp-content\/uploads\/2022\/04\/10-2022-04-08-21-58-04-329848.jpg","articleSection":["BIH i regija"],"inLanguage":"hr"},{"@type":"WebPage","@id":"https:\/\/radioljubuski.ba\/index.php\/2022\/04\/09\/rusija-opozvala-registracije-amnestyja-i-human-rights-watcha\/","url":"https:\/\/radioljubuski.ba\/index.php\/2022\/04\/09\/rusija-opozvala-registracije-amnestyja-i-human-rights-watcha\/","name":"Rusija opozvala registracije Amnestyja i Human Rights Watcha - RADIO LJUBU\u0160KI","isPartOf":{"@id":"https:\/\/radioljubuski.ba\/#website"},"primaryImageOfPage":{"@id":"https:\/\/radioljubuski.ba\/index.php\/2022\/04\/09\/rusija-opozvala-registracije-amnestyja-i-human-rights-watcha\/#primaryimage"},"image":{"@id":"https:\/\/radioljubuski.ba\/index.php\/2022\/04\/09\/rusija-opozvala-registracije-amnestyja-i-human-rights-watcha\/#primaryimage"},"thumbnailUrl":"https:\/\/radioljubuski.ba\/wp-content\/uploads\/2022\/04\/10-2022-04-08-21-58-04-329848.jpg","datePublished":"2022-04-09T17:49:24+00:00","dateModified":"2022-04-09T17:49:25+00:00","breadcrumb":{"@id":"https:\/\/radioljubuski.ba\/index.php\/2022\/04\/09\/rusija-opozvala-registracije-amnestyja-i-human-rights-watcha\/#breadcrumb"},"inLanguage":"hr","potentialAction":[{"@type":"ReadAction","target":["https:\/\/radioljubuski.ba\/index.php\/2022\/04\/09\/rusija-opozvala-registracije-amnestyja-i-human-rights-watcha\/"]}]},{"@type":"ImageObject","inLanguage":"hr","@id":"https:\/\/radioljubuski.ba\/index.php\/2022\/04\/09\/rusija-opozvala-registracije-amnestyja-i-human-rights-watcha\/#primaryimage","url":"https:\/\/radioljubuski.ba\/wp-content\/uploads\/2022\/04\/10-2022-04-08-21-58-04-329848.jpg","contentUrl":"https:\/\/radioljubuski.ba\/wp-content\/uploads\/2022\/04\/10-2022-04-08-21-58-04-329848.jpg","width":1000,"height":625},{"@type":"BreadcrumbList","@id":"https:\/\/radioljubuski.ba\/index.php\/2022\/04\/09\/rusija-opozvala-registracije-amnestyja-i-human-rights-watcha\/#breadcrumb","itemListElement":[{"@type":"ListItem","position":1,"name":"Po\u010detna stranica","item":"https:\/\/radioljubuski.ba\/"},{"@type":"ListItem","position":2,"name":"Rusija opozvala registracije Amnestyja i Human Rights Watcha"}]},{"@type":"WebSite","@id":"https:\/\/radioljubuski.ba\/#website","url":"https:\/\/radioljubuski.ba\/","name":"Radio Ljubu\u0161ki","description":"Sun\u010dana frekvencija Hercegovine","publisher":{"@id":"https:\/\/radioljubuski.ba\/#organization"},"potentialAction":[{"@type":"SearchAction","target":{"@type":"EntryPoint","urlTemplate":"https:\/\/radioljubuski.ba\/?s={search_term_string}"},"query-input":{"@type":"PropertyValueSpecification","valueRequired":true,"valueName":"search_term_string"}}],"inLanguage":"hr"},{"@type":"Organization","@id":"https:\/\/radioljubuski.ba\/#organization","name":"Radio Ljubu\u0161ki","url":"https:\/\/radioljubuski.ba\/","logo":{"@type":"ImageObject","inLanguage":"hr","@id":"https:\/\/radioljubuski.ba\/#\/schema\/logo\/image\/","url":"https:\/\/radioljubuski.ba\/wp-content\/uploads\/2021\/02\/cropped-Radio_Ljubuski_logo1.jpg","contentUrl":"https:\/\/radioljubuski.ba\/wp-content\/uploads\/2021\/02\/cropped-Radio_Ljubuski_logo1.jpg","width":512,"height":512,"caption":"Radio Ljubu\u0161ki"},"image":{"@id":"https:\/\/radioljubuski.ba\/#\/schema\/logo\/image\/"},"sameAs":["https:\/\/www.facebook.com\/Radiio-Ljubuski-1490835324566332","https:\/\/x.com\/radioljubuski","https:\/\/hr.linkedin.com\/company\/radio-ljubuski","https:\/\/www.youtube.com\/channel\/UCHYaeO_n0Db3tjNGudGpXyw"]},{"@type":"Person","@id":"https:\/\/radioljubuski.ba\/#\/schema\/person\/19fc700381a780f69665d7956c469e3b","name":"Radio Ljubu\u0161ki"}]}},"_links":{"self":[{"href":"https:\/\/radioljubuski.ba\/index.php\/wp-json\/wp\/v2\/posts\/130736","targetHints":{"allow":["GET"]}}],"collection":[{"href":"https:\/\/radioljubuski.ba\/index.php\/wp-json\/wp\/v2\/posts"}],"about":[{"href":"https:\/\/radioljubuski.ba\/index.php\/wp-json\/wp\/v2\/types\/post"}],"author":[{"embeddable":true,"href":"https:\/\/radioljubuski.ba\/index.php\/wp-json\/wp\/v2\/users\/2"}],"replies":[{"embeddable":true,"href":"https:\/\/radioljubuski.ba\/index.php\/wp-json\/wp\/v2\/comments?post=130736"}],"version-history":[{"count":1,"href":"https:\/\/radioljubuski.ba\/index.php\/wp-json\/wp\/v2\/posts\/130736\/revisions"}],"predecessor-version":[{"id":130738,"href":"https:\/\/radioljubuski.ba\/index.php\/wp-json\/wp\/v2\/posts\/130736\/revisions\/130738"}],"wp:featuredmedia":[{"embeddable":true,"href":"https:\/\/radioljubuski.ba\/index.php\/wp-json\/wp\/v2\/media\/130737"}],"wp:attachment":[{"href":"https:\/\/radioljubuski.ba\/index.php\/wp-json\/wp\/v2\/media?parent=130736"}],"wp:term":[{"taxonomy":"category","embeddable":true,"href":"https:\/\/radioljubuski.ba\/index.php\/wp-json\/wp\/v2\/categories?post=130736"},{"taxonomy":"post_tag","embeddable":true,"href":"https:\/\/radioljubuski.ba\/index.php\/wp-json\/wp\/v2\/tags?post=130736"}],"curies":[{"name":"wp","href":"https:\/\/api.w.org\/{rel}","templated":true}]}}