{"id":130739,"date":"2022-04-09T18:50:27","date_gmt":"2022-04-09T17:50:27","guid":{"rendered":"https:\/\/radioljubuski.ba\/?p=130739"},"modified":"2022-04-09T18:50:28","modified_gmt":"2022-04-09T17:50:28","slug":"uhicena-dva-crnogorca-s-drogom-vrijednom-350-milijuna-dolara","status":"publish","type":"post","link":"https:\/\/radioljubuski.ba\/index.php\/2022\/04\/09\/uhicena-dva-crnogorca-s-drogom-vrijednom-350-milijuna-dolara\/","title":{"rendered":"Uhi\u0107ena dva Crnogorca s drogom vrijednom 350 milijuna dolara"},"content":{"rendered":"\n<p>Kod Zelenortskih Otoka presretnut je ribarski brod na kojemu je prona\u0111ena droga vrijedna 350 milijuna ameri\u010dkih dolara, a pri tome su uhi\u0107ena i dva dr\u017eavljanina Crne Gore.<\/p>\n\n\n\n<p>Afri\u010dko zapovjedni\u0161tvo oru\u017eanih snaga SAD-a (AFRICOM) potvrdilo je danas svoju podr\u0161ku operaciji koju su provele vlasti Zelenortskih Otoka, a koja je dovela do zapljene skoro \u0161est tona kokaina, u vrijednosti od 350 milijuna ameri\u010dkih dolara.<\/p>\n\n\n\n<p>U akciji su uhi\u0107ena dvojica dr\u017eavljana Crne Gore i pet Brazilaca, prenosi Radiotelevizija Crne Gore (RTCG).<\/p>\n\n\n\n<p>Naime, policijski slu\u017ebenici Zelenortskih Otoka, zajedno s marincima Sjedinjenih Ameri\u010dkh Dr\u017eava, presreli su ribarski brod sa sumnjivim teretom u vodama tog oto\u010dja.<\/p>\n\n\n\n<p>&#8220;Na\u0161a dugoro\u010dna partnerstva sa afri\u010dkim dr\u017eavama, uklju\u010duju\u0107i Zelenortske Otoke, su od vitalnog zna\u010daja za suo\u010davanje s prijetnjama kao \u0161to su terorizam, ilegalna trgovina i piratstvo&#8221;, rekao je general-major Gregory Anderson, direktor operacija u AFRICOMU-u.&nbsp;<\/p>\n\n\n\n<p>Identitet uhi\u0107enih se jo\u0161 ne zna, navodi RTCG.&nbsp;<\/p>\n\n\n\n<p>Izvor:pogled.ba<\/p>\n","protected":false},"excerpt":{"rendered":"<p>Kod Zelenortskih Otoka presretnut je ribarski brod na kojemu je prona\u0111ena droga vrijedna 350 milijuna ameri\u010dkih dolara, a pri tome su uhi\u0107ena i dva dr\u017eavljanina Crne Gore. Afri\u010dko zapovjedni\u0161tvo oru\u017eanih snaga SAD-a (AFRICOM) potvrdilo je danas svoju podr\u0161ku operaciji koju su provele vlasti Zelenortskih Otoka, a koja je dovela do zapljene skoro \u0161est tona kokaina, [&hellip;]<\/p>\n","protected":false},"author":2,"featured_media":130740,"comment_status":"closed","ping_status":"closed","sticky":false,"template":"","format":"standard","meta":{"h5ap_radio_sources":[],"footnotes":""},"categories":[1],"tags":[],"class_list":["post-130739","post","type-post","status-publish","format-standard","has-post-thumbnail","hentry","category-bihiregija"],"yoast_head":"<!-- This site is optimized with the Yoast SEO plugin v27.5 - https:\/\/yoast.com\/product\/yoast-seo-wordpress\/ -->\n<title>Uhi\u0107ena dva Crnogorca s drogom vrijednom 350 milijuna dolara - RADIO LJUBU\u0160KI<\/title>\n<meta name=\"robots\" content=\"index, follow, max-snippet:-1, max-image-preview:large, max-video-preview:-1\" \/>\n<link rel=\"canonical\" href=\"https:\/\/radioljubuski.ba\/index.php\/2022\/04\/09\/uhicena-dva-crnogorca-s-drogom-vrijednom-350-milijuna-dolara\/\" \/>\n<meta property=\"og:locale\" content=\"hr_HR\" \/>\n<meta property=\"og:type\" content=\"article\" \/>\n<meta property=\"og:title\" content=\"Uhi\u0107ena dva Crnogorca s drogom vrijednom 350 milijuna dolara - RADIO LJUBU\u0160KI\" \/>\n<meta property=\"og:description\" content=\"Kod Zelenortskih Otoka presretnut je ribarski brod na kojemu je prona\u0111ena droga vrijedna 350 milijuna ameri\u010dkih dolara, a pri tome su uhi\u0107ena i dva dr\u017eavljanina Crne Gore. Afri\u010dko zapovjedni\u0161tvo oru\u017eanih snaga SAD-a (AFRICOM) potvrdilo je danas svoju podr\u0161ku operaciji koju su provele vlasti Zelenortskih Otoka, a koja je dovela do zapljene skoro \u0161est tona kokaina, [&hellip;]\" \/>\n<meta property=\"og:url\" content=\"https:\/\/radioljubuski.ba\/index.php\/2022\/04\/09\/uhicena-dva-crnogorca-s-drogom-vrijednom-350-milijuna-dolara\/\" \/>\n<meta property=\"og:site_name\" content=\"RADIO LJUBU\u0160KI\" \/>\n<meta property=\"article:publisher\" content=\"https:\/\/www.facebook.com\/Radiio-Ljubuski-1490835324566332\" \/>\n<meta property=\"article:published_time\" content=\"2022-04-09T17:50:27+00:00\" \/>\n<meta property=\"article:modified_time\" content=\"2022-04-09T17:50:28+00:00\" \/>\n<meta property=\"og:image\" content=\"https:\/\/radioljubuski.ba\/wp-content\/uploads\/2022\/04\/afVZmDgr_kokain.jpg\" \/>\n\t<meta property=\"og:image:width\" content=\"1000\" \/>\n\t<meta property=\"og:image:height\" content=\"625\" \/>\n\t<meta property=\"og:image:type\" content=\"image\/jpeg\" \/>\n<meta name=\"author\" content=\"Radio Ljubu\u0161ki\" \/>\n<meta name=\"twitter:card\" content=\"summary_large_image\" \/>\n<meta name=\"twitter:creator\" content=\"@radioljubuski\" \/>\n<meta name=\"twitter:site\" content=\"@radioljubuski\" \/>\n<meta name=\"twitter:label1\" content=\"Napisao\/la\" \/>\n\t<meta name=\"twitter:data1\" content=\"Radio Ljubu\u0161ki\" \/>\n\t<meta name=\"twitter:label2\" content=\"Procijenjeno vrijeme \u010ditanja\" \/>\n\t<meta name=\"twitter:data2\" content=\"1 minuta\" \/>\n<script type=\"application\/ld+json\" class=\"yoast-schema-graph\">{\"@context\":\"https:\\\/\\\/schema.org\",\"@graph\":[{\"@type\":\"Article\",\"@id\":\"https:\\\/\\\/radioljubuski.ba\\\/index.php\\\/2022\\\/04\\\/09\\\/uhicena-dva-crnogorca-s-drogom-vrijednom-350-milijuna-dolara\\\/#article\",\"isPartOf\":{\"@id\":\"https:\\\/\\\/radioljubuski.ba\\\/index.php\\\/2022\\\/04\\\/09\\\/uhicena-dva-crnogorca-s-drogom-vrijednom-350-milijuna-dolara\\\/\"},\"author\":{\"name\":\"Radio Ljubu\u0161ki\",\"@id\":\"https:\\\/\\\/radioljubuski.ba\\\/#\\\/schema\\\/person\\\/19fc700381a780f69665d7956c469e3b\"},\"headline\":\"Uhi\u0107ena dva Crnogorca s drogom vrijednom 350 milijuna dolara\",\"datePublished\":\"2022-04-09T17:50:27+00:00\",\"dateModified\":\"2022-04-09T17:50:28+00:00\",\"mainEntityOfPage\":{\"@id\":\"https:\\\/\\\/radioljubuski.ba\\\/index.php\\\/2022\\\/04\\\/09\\\/uhicena-dva-crnogorca-s-drogom-vrijednom-350-milijuna-dolara\\\/\"},\"wordCount\":178,\"publisher\":{\"@id\":\"https:\\\/\\\/radioljubuski.ba\\\/#organization\"},\"image\":{\"@id\":\"https:\\\/\\\/radioljubuski.ba\\\/index.php\\\/2022\\\/04\\\/09\\\/uhicena-dva-crnogorca-s-drogom-vrijednom-350-milijuna-dolara\\\/#primaryimage\"},\"thumbnailUrl\":\"https:\\\/\\\/radioljubuski.ba\\\/wp-content\\\/uploads\\\/2022\\\/04\\\/afVZmDgr_kokain.jpg\",\"articleSection\":[\"BIH i regija\"],\"inLanguage\":\"hr\"},{\"@type\":\"WebPage\",\"@id\":\"https:\\\/\\\/radioljubuski.ba\\\/index.php\\\/2022\\\/04\\\/09\\\/uhicena-dva-crnogorca-s-drogom-vrijednom-350-milijuna-dolara\\\/\",\"url\":\"https:\\\/\\\/radioljubuski.ba\\\/index.php\\\/2022\\\/04\\\/09\\\/uhicena-dva-crnogorca-s-drogom-vrijednom-350-milijuna-dolara\\\/\",\"name\":\"Uhi\u0107ena dva Crnogorca s drogom vrijednom 350 milijuna dolara - RADIO LJUBU\u0160KI\",\"isPartOf\":{\"@id\":\"https:\\\/\\\/radioljubuski.ba\\\/#website\"},\"primaryImageOfPage\":{\"@id\":\"https:\\\/\\\/radioljubuski.ba\\\/index.php\\\/2022\\\/04\\\/09\\\/uhicena-dva-crnogorca-s-drogom-vrijednom-350-milijuna-dolara\\\/#primaryimage\"},\"image\":{\"@id\":\"https:\\\/\\\/radioljubuski.ba\\\/index.php\\\/2022\\\/04\\\/09\\\/uhicena-dva-crnogorca-s-drogom-vrijednom-350-milijuna-dolara\\\/#primaryimage\"},\"thumbnailUrl\":\"https:\\\/\\\/radioljubuski.ba\\\/wp-content\\\/uploads\\\/2022\\\/04\\\/afVZmDgr_kokain.jpg\",\"datePublished\":\"2022-04-09T17:50:27+00:00\",\"dateModified\":\"2022-04-09T17:50:28+00:00\",\"breadcrumb\":{\"@id\":\"https:\\\/\\\/radioljubuski.ba\\\/index.php\\\/2022\\\/04\\\/09\\\/uhicena-dva-crnogorca-s-drogom-vrijednom-350-milijuna-dolara\\\/#breadcrumb\"},\"inLanguage\":\"hr\",\"potentialAction\":[{\"@type\":\"ReadAction\",\"target\":[\"https:\\\/\\\/radioljubuski.ba\\\/index.php\\\/2022\\\/04\\\/09\\\/uhicena-dva-crnogorca-s-drogom-vrijednom-350-milijuna-dolara\\\/\"]}]},{\"@type\":\"ImageObject\",\"inLanguage\":\"hr\",\"@id\":\"https:\\\/\\\/radioljubuski.ba\\\/index.php\\\/2022\\\/04\\\/09\\\/uhicena-dva-crnogorca-s-drogom-vrijednom-350-milijuna-dolara\\\/#primaryimage\",\"url\":\"https:\\\/\\\/radioljubuski.ba\\\/wp-content\\\/uploads\\\/2022\\\/04\\\/afVZmDgr_kokain.jpg\",\"contentUrl\":\"https:\\\/\\\/radioljubuski.ba\\\/wp-content\\\/uploads\\\/2022\\\/04\\\/afVZmDgr_kokain.jpg\",\"width\":1000,\"height\":625},{\"@type\":\"BreadcrumbList\",\"@id\":\"https:\\\/\\\/radioljubuski.ba\\\/index.php\\\/2022\\\/04\\\/09\\\/uhicena-dva-crnogorca-s-drogom-vrijednom-350-milijuna-dolara\\\/#breadcrumb\",\"itemListElement\":[{\"@type\":\"ListItem\",\"position\":1,\"name\":\"Po\u010detna stranica\",\"item\":\"https:\\\/\\\/radioljubuski.ba\\\/\"},{\"@type\":\"ListItem\",\"position\":2,\"name\":\"Uhi\u0107ena dva Crnogorca s drogom vrijednom 350 milijuna dolara\"}]},{\"@type\":\"WebSite\",\"@id\":\"https:\\\/\\\/radioljubuski.ba\\\/#website\",\"url\":\"https:\\\/\\\/radioljubuski.ba\\\/\",\"name\":\"Radio Ljubu\u0161ki\",\"description\":\"Sun\u010dana frekvencija Hercegovine\",\"publisher\":{\"@id\":\"https:\\\/\\\/radioljubuski.ba\\\/#organization\"},\"potentialAction\":[{\"@type\":\"SearchAction\",\"target\":{\"@type\":\"EntryPoint\",\"urlTemplate\":\"https:\\\/\\\/radioljubuski.ba\\\/?s={search_term_string}\"},\"query-input\":{\"@type\":\"PropertyValueSpecification\",\"valueRequired\":true,\"valueName\":\"search_term_string\"}}],\"inLanguage\":\"hr\"},{\"@type\":\"Organization\",\"@id\":\"https:\\\/\\\/radioljubuski.ba\\\/#organization\",\"name\":\"Radio Ljubu\u0161ki\",\"url\":\"https:\\\/\\\/radioljubuski.ba\\\/\",\"logo\":{\"@type\":\"ImageObject\",\"inLanguage\":\"hr\",\"@id\":\"https:\\\/\\\/radioljubuski.ba\\\/#\\\/schema\\\/logo\\\/image\\\/\",\"url\":\"https:\\\/\\\/radioljubuski.ba\\\/wp-content\\\/uploads\\\/2021\\\/02\\\/cropped-Radio_Ljubuski_logo1.jpg\",\"contentUrl\":\"https:\\\/\\\/radioljubuski.ba\\\/wp-content\\\/uploads\\\/2021\\\/02\\\/cropped-Radio_Ljubuski_logo1.jpg\",\"width\":512,\"height\":512,\"caption\":\"Radio Ljubu\u0161ki\"},\"image\":{\"@id\":\"https:\\\/\\\/radioljubuski.ba\\\/#\\\/schema\\\/logo\\\/image\\\/\"},\"sameAs\":[\"https:\\\/\\\/www.facebook.com\\\/Radiio-Ljubuski-1490835324566332\",\"https:\\\/\\\/x.com\\\/radioljubuski\",\"https:\\\/\\\/hr.linkedin.com\\\/company\\\/radio-ljubuski\",\"https:\\\/\\\/www.youtube.com\\\/channel\\\/UCHYaeO_n0Db3tjNGudGpXyw\"]},{\"@type\":\"Person\",\"@id\":\"https:\\\/\\\/radioljubuski.ba\\\/#\\\/schema\\\/person\\\/19fc700381a780f69665d7956c469e3b\",\"name\":\"Radio Ljubu\u0161ki\"}]}<\/script>\n<!-- \/ Yoast SEO plugin. -->","yoast_head_json":{"title":"Uhi\u0107ena dva Crnogorca s drogom vrijednom 350 milijuna dolara - RADIO LJUBU\u0160KI","robots":{"index":"index","follow":"follow","max-snippet":"max-snippet:-1","max-image-preview":"max-image-preview:large","max-video-preview":"max-video-preview:-1"},"canonical":"https:\/\/radioljubuski.ba\/index.php\/2022\/04\/09\/uhicena-dva-crnogorca-s-drogom-vrijednom-350-milijuna-dolara\/","og_locale":"hr_HR","og_type":"article","og_title":"Uhi\u0107ena dva Crnogorca s drogom vrijednom 350 milijuna dolara - RADIO LJUBU\u0160KI","og_description":"Kod Zelenortskih Otoka presretnut je ribarski brod na kojemu je prona\u0111ena droga vrijedna 350 milijuna ameri\u010dkih dolara, a pri tome su uhi\u0107ena i dva dr\u017eavljanina Crne Gore. Afri\u010dko zapovjedni\u0161tvo oru\u017eanih snaga SAD-a (AFRICOM) potvrdilo je danas svoju podr\u0161ku operaciji koju su provele vlasti Zelenortskih Otoka, a koja je dovela do zapljene skoro \u0161est tona kokaina, [&hellip;]","og_url":"https:\/\/radioljubuski.ba\/index.php\/2022\/04\/09\/uhicena-dva-crnogorca-s-drogom-vrijednom-350-milijuna-dolara\/","og_site_name":"RADIO LJUBU\u0160KI","article_publisher":"https:\/\/www.facebook.com\/Radiio-Ljubuski-1490835324566332","article_published_time":"2022-04-09T17:50:27+00:00","article_modified_time":"2022-04-09T17:50:28+00:00","og_image":[{"width":1000,"height":625,"url":"https:\/\/radioljubuski.ba\/wp-content\/uploads\/2022\/04\/afVZmDgr_kokain.jpg","type":"image\/jpeg"}],"author":"Radio Ljubu\u0161ki","twitter_card":"summary_large_image","twitter_creator":"@radioljubuski","twitter_site":"@radioljubuski","twitter_misc":{"Napisao\/la":"Radio Ljubu\u0161ki","Procijenjeno vrijeme \u010ditanja":"1 minuta"},"schema":{"@context":"https:\/\/schema.org","@graph":[{"@type":"Article","@id":"https:\/\/radioljubuski.ba\/index.php\/2022\/04\/09\/uhicena-dva-crnogorca-s-drogom-vrijednom-350-milijuna-dolara\/#article","isPartOf":{"@id":"https:\/\/radioljubuski.ba\/index.php\/2022\/04\/09\/uhicena-dva-crnogorca-s-drogom-vrijednom-350-milijuna-dolara\/"},"author":{"name":"Radio Ljubu\u0161ki","@id":"https:\/\/radioljubuski.ba\/#\/schema\/person\/19fc700381a780f69665d7956c469e3b"},"headline":"Uhi\u0107ena dva Crnogorca s drogom vrijednom 350 milijuna dolara","datePublished":"2022-04-09T17:50:27+00:00","dateModified":"2022-04-09T17:50:28+00:00","mainEntityOfPage":{"@id":"https:\/\/radioljubuski.ba\/index.php\/2022\/04\/09\/uhicena-dva-crnogorca-s-drogom-vrijednom-350-milijuna-dolara\/"},"wordCount":178,"publisher":{"@id":"https:\/\/radioljubuski.ba\/#organization"},"image":{"@id":"https:\/\/radioljubuski.ba\/index.php\/2022\/04\/09\/uhicena-dva-crnogorca-s-drogom-vrijednom-350-milijuna-dolara\/#primaryimage"},"thumbnailUrl":"https:\/\/radioljubuski.ba\/wp-content\/uploads\/2022\/04\/afVZmDgr_kokain.jpg","articleSection":["BIH i regija"],"inLanguage":"hr"},{"@type":"WebPage","@id":"https:\/\/radioljubuski.ba\/index.php\/2022\/04\/09\/uhicena-dva-crnogorca-s-drogom-vrijednom-350-milijuna-dolara\/","url":"https:\/\/radioljubuski.ba\/index.php\/2022\/04\/09\/uhicena-dva-crnogorca-s-drogom-vrijednom-350-milijuna-dolara\/","name":"Uhi\u0107ena dva Crnogorca s drogom vrijednom 350 milijuna dolara - RADIO LJUBU\u0160KI","isPartOf":{"@id":"https:\/\/radioljubuski.ba\/#website"},"primaryImageOfPage":{"@id":"https:\/\/radioljubuski.ba\/index.php\/2022\/04\/09\/uhicena-dva-crnogorca-s-drogom-vrijednom-350-milijuna-dolara\/#primaryimage"},"image":{"@id":"https:\/\/radioljubuski.ba\/index.php\/2022\/04\/09\/uhicena-dva-crnogorca-s-drogom-vrijednom-350-milijuna-dolara\/#primaryimage"},"thumbnailUrl":"https:\/\/radioljubuski.ba\/wp-content\/uploads\/2022\/04\/afVZmDgr_kokain.jpg","datePublished":"2022-04-09T17:50:27+00:00","dateModified":"2022-04-09T17:50:28+00:00","breadcrumb":{"@id":"https:\/\/radioljubuski.ba\/index.php\/2022\/04\/09\/uhicena-dva-crnogorca-s-drogom-vrijednom-350-milijuna-dolara\/#breadcrumb"},"inLanguage":"hr","potentialAction":[{"@type":"ReadAction","target":["https:\/\/radioljubuski.ba\/index.php\/2022\/04\/09\/uhicena-dva-crnogorca-s-drogom-vrijednom-350-milijuna-dolara\/"]}]},{"@type":"ImageObject","inLanguage":"hr","@id":"https:\/\/radioljubuski.ba\/index.php\/2022\/04\/09\/uhicena-dva-crnogorca-s-drogom-vrijednom-350-milijuna-dolara\/#primaryimage","url":"https:\/\/radioljubuski.ba\/wp-content\/uploads\/2022\/04\/afVZmDgr_kokain.jpg","contentUrl":"https:\/\/radioljubuski.ba\/wp-content\/uploads\/2022\/04\/afVZmDgr_kokain.jpg","width":1000,"height":625},{"@type":"BreadcrumbList","@id":"https:\/\/radioljubuski.ba\/index.php\/2022\/04\/09\/uhicena-dva-crnogorca-s-drogom-vrijednom-350-milijuna-dolara\/#breadcrumb","itemListElement":[{"@type":"ListItem","position":1,"name":"Po\u010detna stranica","item":"https:\/\/radioljubuski.ba\/"},{"@type":"ListItem","position":2,"name":"Uhi\u0107ena dva Crnogorca s drogom vrijednom 350 milijuna dolara"}]},{"@type":"WebSite","@id":"https:\/\/radioljubuski.ba\/#website","url":"https:\/\/radioljubuski.ba\/","name":"Radio Ljubu\u0161ki","description":"Sun\u010dana frekvencija Hercegovine","publisher":{"@id":"https:\/\/radioljubuski.ba\/#organization"},"potentialAction":[{"@type":"SearchAction","target":{"@type":"EntryPoint","urlTemplate":"https:\/\/radioljubuski.ba\/?s={search_term_string}"},"query-input":{"@type":"PropertyValueSpecification","valueRequired":true,"valueName":"search_term_string"}}],"inLanguage":"hr"},{"@type":"Organization","@id":"https:\/\/radioljubuski.ba\/#organization","name":"Radio Ljubu\u0161ki","url":"https:\/\/radioljubuski.ba\/","logo":{"@type":"ImageObject","inLanguage":"hr","@id":"https:\/\/radioljubuski.ba\/#\/schema\/logo\/image\/","url":"https:\/\/radioljubuski.ba\/wp-content\/uploads\/2021\/02\/cropped-Radio_Ljubuski_logo1.jpg","contentUrl":"https:\/\/radioljubuski.ba\/wp-content\/uploads\/2021\/02\/cropped-Radio_Ljubuski_logo1.jpg","width":512,"height":512,"caption":"Radio Ljubu\u0161ki"},"image":{"@id":"https:\/\/radioljubuski.ba\/#\/schema\/logo\/image\/"},"sameAs":["https:\/\/www.facebook.com\/Radiio-Ljubuski-1490835324566332","https:\/\/x.com\/radioljubuski","https:\/\/hr.linkedin.com\/company\/radio-ljubuski","https:\/\/www.youtube.com\/channel\/UCHYaeO_n0Db3tjNGudGpXyw"]},{"@type":"Person","@id":"https:\/\/radioljubuski.ba\/#\/schema\/person\/19fc700381a780f69665d7956c469e3b","name":"Radio Ljubu\u0161ki"}]}},"_links":{"self":[{"href":"https:\/\/radioljubuski.ba\/index.php\/wp-json\/wp\/v2\/posts\/130739","targetHints":{"allow":["GET"]}}],"collection":[{"href":"https:\/\/radioljubuski.ba\/index.php\/wp-json\/wp\/v2\/posts"}],"about":[{"href":"https:\/\/radioljubuski.ba\/index.php\/wp-json\/wp\/v2\/types\/post"}],"author":[{"embeddable":true,"href":"https:\/\/radioljubuski.ba\/index.php\/wp-json\/wp\/v2\/users\/2"}],"replies":[{"embeddable":true,"href":"https:\/\/radioljubuski.ba\/index.php\/wp-json\/wp\/v2\/comments?post=130739"}],"version-history":[{"count":1,"href":"https:\/\/radioljubuski.ba\/index.php\/wp-json\/wp\/v2\/posts\/130739\/revisions"}],"predecessor-version":[{"id":130741,"href":"https:\/\/radioljubuski.ba\/index.php\/wp-json\/wp\/v2\/posts\/130739\/revisions\/130741"}],"wp:featuredmedia":[{"embeddable":true,"href":"https:\/\/radioljubuski.ba\/index.php\/wp-json\/wp\/v2\/media\/130740"}],"wp:attachment":[{"href":"https:\/\/radioljubuski.ba\/index.php\/wp-json\/wp\/v2\/media?parent=130739"}],"wp:term":[{"taxonomy":"category","embeddable":true,"href":"https:\/\/radioljubuski.ba\/index.php\/wp-json\/wp\/v2\/categories?post=130739"},{"taxonomy":"post_tag","embeddable":true,"href":"https:\/\/radioljubuski.ba\/index.php\/wp-json\/wp\/v2\/tags?post=130739"}],"curies":[{"name":"wp","href":"https:\/\/api.w.org\/{rel}","templated":true}]}}