{"id":130742,"date":"2022-04-09T18:54:11","date_gmt":"2022-04-09T17:54:11","guid":{"rendered":"https:\/\/radioljubuski.ba\/?p=130742"},"modified":"2022-04-09T18:54:12","modified_gmt":"2022-04-09T17:54:12","slug":"ukrajinci-nesalomljiva-duha-vec-poceli-s-obnovom-pojedinih-gradova","status":"publish","type":"post","link":"https:\/\/radioljubuski.ba\/index.php\/2022\/04\/09\/ukrajinci-nesalomljiva-duha-vec-poceli-s-obnovom-pojedinih-gradova\/","title":{"rendered":"Ukrajinci nesalomljiva duha: Ve\u0107 po\u010deli s obnovom pojedinih gradova"},"content":{"rendered":"\n<p>I dok se otkrivaju strav\u010dni zlo\u010dini ruskih snaga u Ukrajini, u gradovima gdje ruski okupator vi\u0161e nije nazo\u010dan Ukrajinci ve\u0107 po\u010dinju sa obnovom. Mo\u017eda najbolji primjer je grad Irpen gdje je ve\u0107 tre\u0107ina ulica o\u010di\u0161\u0107ena i \u017eivot se polako vra\u0107a u normalno stanje.&nbsp;<\/p>\n\n\n\n<p>-Prvo moramo osloboditi ceste kako bi vozila mogla prolaziti, a zatim idemo prema zgradama i drugim objektima koji su razoreni u agresiji &#8211; rekli su lokalni du\u017enosnicima. Vi\u0161e od 300 volontera svakodnevno \u010disti ulice ovoga grada i to samo pokazuje kako se duh Ukrajinaca nije slomio u agresiji na njihovu zemlju.&nbsp;<\/p>\n\n\n\n<p>Oni ka\u017eu kako im snagu daju u poruke iz Vatikana koje sti\u017eu ovih dana, a u kojima papa Franjo poziva na molitvu za Ukrajinu i hitan prestanak napada na tu zemlju i njihove stanovnike.&nbsp;<\/p>\n\n\n\n<p>Poseban trenutak se dogodio ovoga tjedna kada je papa Franjo uzeo zastavu Ukrajine koju mu je donesea iz Buche u kojoj su po\u010dinjeni stravi\u010dni zlo\u010dini nad lokalnim stanovni\u0161tvom.&nbsp;<\/p>\n\n\n\n<p>Iako papini apeli ne dopiru do Kremlja, oni jasno odzvanjaju ulicama ukrajinskih gradova i daju snagu Ukrajincima u borbi za opstanak i obnovu onoga \u0161to je ruski agresor poru\u0161io u zadnjih mjesec i po dana.&nbsp;<\/p>\n\n\n\n<p>Izvor:pogled.ba<\/p>\n","protected":false},"excerpt":{"rendered":"<p>I dok se otkrivaju strav\u010dni zlo\u010dini ruskih snaga u Ukrajini, u gradovima gdje ruski okupator vi\u0161e nije nazo\u010dan Ukrajinci ve\u0107 po\u010dinju sa obnovom. Mo\u017eda najbolji primjer je grad Irpen gdje je ve\u0107 tre\u0107ina ulica o\u010di\u0161\u0107ena i \u017eivot se polako vra\u0107a u normalno stanje.&nbsp; -Prvo moramo osloboditi ceste kako bi vozila mogla prolaziti, a zatim idemo [&hellip;]<\/p>\n","protected":false},"author":2,"featured_media":130743,"comment_status":"closed","ping_status":"closed","sticky":false,"template":"","format":"standard","meta":{"h5ap_radio_sources":[],"footnotes":""},"categories":[1],"tags":[],"class_list":["post-130742","post","type-post","status-publish","format-standard","has-post-thumbnail","hentry","category-bihiregija"],"yoast_head":"<!-- This site is optimized with the Yoast SEO plugin v27.5 - https:\/\/yoast.com\/product\/yoast-seo-wordpress\/ -->\n<title>Ukrajinci nesalomljiva duha: Ve\u0107 po\u010deli s obnovom pojedinih gradova - RADIO LJUBU\u0160KI<\/title>\n<meta name=\"robots\" content=\"index, follow, max-snippet:-1, max-image-preview:large, max-video-preview:-1\" \/>\n<link rel=\"canonical\" href=\"https:\/\/radioljubuski.ba\/index.php\/2022\/04\/09\/ukrajinci-nesalomljiva-duha-vec-poceli-s-obnovom-pojedinih-gradova\/\" \/>\n<meta property=\"og:locale\" content=\"hr_HR\" \/>\n<meta property=\"og:type\" content=\"article\" \/>\n<meta property=\"og:title\" content=\"Ukrajinci nesalomljiva duha: Ve\u0107 po\u010deli s obnovom pojedinih gradova - RADIO LJUBU\u0160KI\" \/>\n<meta property=\"og:description\" content=\"I dok se otkrivaju strav\u010dni zlo\u010dini ruskih snaga u Ukrajini, u gradovima gdje ruski okupator vi\u0161e nije nazo\u010dan Ukrajinci ve\u0107 po\u010dinju sa obnovom. Mo\u017eda najbolji primjer je grad Irpen gdje je ve\u0107 tre\u0107ina ulica o\u010di\u0161\u0107ena i \u017eivot se polako vra\u0107a u normalno stanje.&nbsp; -Prvo moramo osloboditi ceste kako bi vozila mogla prolaziti, a zatim idemo [&hellip;]\" \/>\n<meta property=\"og:url\" content=\"https:\/\/radioljubuski.ba\/index.php\/2022\/04\/09\/ukrajinci-nesalomljiva-duha-vec-poceli-s-obnovom-pojedinih-gradova\/\" \/>\n<meta property=\"og:site_name\" content=\"RADIO LJUBU\u0160KI\" \/>\n<meta property=\"article:publisher\" content=\"https:\/\/www.facebook.com\/Radiio-Ljubuski-1490835324566332\" \/>\n<meta property=\"article:published_time\" content=\"2022-04-09T17:54:11+00:00\" \/>\n<meta property=\"article:modified_time\" content=\"2022-04-09T17:54:12+00:00\" \/>\n<meta property=\"og:image\" content=\"https:\/\/radioljubuski.ba\/wp-content\/uploads\/2022\/04\/2-2022-04-09-07-54-32-IMG_6330.jpeg\" \/>\n\t<meta property=\"og:image:width\" content=\"815\" \/>\n\t<meta property=\"og:image:height\" content=\"652\" \/>\n\t<meta property=\"og:image:type\" content=\"image\/jpeg\" \/>\n<meta name=\"author\" content=\"Radio Ljubu\u0161ki\" \/>\n<meta name=\"twitter:card\" content=\"summary_large_image\" \/>\n<meta name=\"twitter:creator\" content=\"@radioljubuski\" \/>\n<meta name=\"twitter:site\" content=\"@radioljubuski\" \/>\n<meta name=\"twitter:label1\" content=\"Napisao\/la\" \/>\n\t<meta name=\"twitter:data1\" content=\"Radio Ljubu\u0161ki\" \/>\n\t<meta name=\"twitter:label2\" content=\"Procijenjeno vrijeme \u010ditanja\" \/>\n\t<meta name=\"twitter:data2\" content=\"1 minuta\" \/>\n<script type=\"application\/ld+json\" class=\"yoast-schema-graph\">{\"@context\":\"https:\\\/\\\/schema.org\",\"@graph\":[{\"@type\":\"Article\",\"@id\":\"https:\\\/\\\/radioljubuski.ba\\\/index.php\\\/2022\\\/04\\\/09\\\/ukrajinci-nesalomljiva-duha-vec-poceli-s-obnovom-pojedinih-gradova\\\/#article\",\"isPartOf\":{\"@id\":\"https:\\\/\\\/radioljubuski.ba\\\/index.php\\\/2022\\\/04\\\/09\\\/ukrajinci-nesalomljiva-duha-vec-poceli-s-obnovom-pojedinih-gradova\\\/\"},\"author\":{\"name\":\"Radio Ljubu\u0161ki\",\"@id\":\"https:\\\/\\\/radioljubuski.ba\\\/#\\\/schema\\\/person\\\/19fc700381a780f69665d7956c469e3b\"},\"headline\":\"Ukrajinci nesalomljiva duha: Ve\u0107 po\u010deli s obnovom pojedinih gradova\",\"datePublished\":\"2022-04-09T17:54:11+00:00\",\"dateModified\":\"2022-04-09T17:54:12+00:00\",\"mainEntityOfPage\":{\"@id\":\"https:\\\/\\\/radioljubuski.ba\\\/index.php\\\/2022\\\/04\\\/09\\\/ukrajinci-nesalomljiva-duha-vec-poceli-s-obnovom-pojedinih-gradova\\\/\"},\"wordCount\":227,\"publisher\":{\"@id\":\"https:\\\/\\\/radioljubuski.ba\\\/#organization\"},\"image\":{\"@id\":\"https:\\\/\\\/radioljubuski.ba\\\/index.php\\\/2022\\\/04\\\/09\\\/ukrajinci-nesalomljiva-duha-vec-poceli-s-obnovom-pojedinih-gradova\\\/#primaryimage\"},\"thumbnailUrl\":\"https:\\\/\\\/radioljubuski.ba\\\/wp-content\\\/uploads\\\/2022\\\/04\\\/2-2022-04-09-07-54-32-IMG_6330.jpeg\",\"articleSection\":[\"BIH i regija\"],\"inLanguage\":\"hr\"},{\"@type\":\"WebPage\",\"@id\":\"https:\\\/\\\/radioljubuski.ba\\\/index.php\\\/2022\\\/04\\\/09\\\/ukrajinci-nesalomljiva-duha-vec-poceli-s-obnovom-pojedinih-gradova\\\/\",\"url\":\"https:\\\/\\\/radioljubuski.ba\\\/index.php\\\/2022\\\/04\\\/09\\\/ukrajinci-nesalomljiva-duha-vec-poceli-s-obnovom-pojedinih-gradova\\\/\",\"name\":\"Ukrajinci nesalomljiva duha: Ve\u0107 po\u010deli s obnovom pojedinih gradova - RADIO LJUBU\u0160KI\",\"isPartOf\":{\"@id\":\"https:\\\/\\\/radioljubuski.ba\\\/#website\"},\"primaryImageOfPage\":{\"@id\":\"https:\\\/\\\/radioljubuski.ba\\\/index.php\\\/2022\\\/04\\\/09\\\/ukrajinci-nesalomljiva-duha-vec-poceli-s-obnovom-pojedinih-gradova\\\/#primaryimage\"},\"image\":{\"@id\":\"https:\\\/\\\/radioljubuski.ba\\\/index.php\\\/2022\\\/04\\\/09\\\/ukrajinci-nesalomljiva-duha-vec-poceli-s-obnovom-pojedinih-gradova\\\/#primaryimage\"},\"thumbnailUrl\":\"https:\\\/\\\/radioljubuski.ba\\\/wp-content\\\/uploads\\\/2022\\\/04\\\/2-2022-04-09-07-54-32-IMG_6330.jpeg\",\"datePublished\":\"2022-04-09T17:54:11+00:00\",\"dateModified\":\"2022-04-09T17:54:12+00:00\",\"breadcrumb\":{\"@id\":\"https:\\\/\\\/radioljubuski.ba\\\/index.php\\\/2022\\\/04\\\/09\\\/ukrajinci-nesalomljiva-duha-vec-poceli-s-obnovom-pojedinih-gradova\\\/#breadcrumb\"},\"inLanguage\":\"hr\",\"potentialAction\":[{\"@type\":\"ReadAction\",\"target\":[\"https:\\\/\\\/radioljubuski.ba\\\/index.php\\\/2022\\\/04\\\/09\\\/ukrajinci-nesalomljiva-duha-vec-poceli-s-obnovom-pojedinih-gradova\\\/\"]}]},{\"@type\":\"ImageObject\",\"inLanguage\":\"hr\",\"@id\":\"https:\\\/\\\/radioljubuski.ba\\\/index.php\\\/2022\\\/04\\\/09\\\/ukrajinci-nesalomljiva-duha-vec-poceli-s-obnovom-pojedinih-gradova\\\/#primaryimage\",\"url\":\"https:\\\/\\\/radioljubuski.ba\\\/wp-content\\\/uploads\\\/2022\\\/04\\\/2-2022-04-09-07-54-32-IMG_6330.jpeg\",\"contentUrl\":\"https:\\\/\\\/radioljubuski.ba\\\/wp-content\\\/uploads\\\/2022\\\/04\\\/2-2022-04-09-07-54-32-IMG_6330.jpeg\",\"width\":815,\"height\":652},{\"@type\":\"BreadcrumbList\",\"@id\":\"https:\\\/\\\/radioljubuski.ba\\\/index.php\\\/2022\\\/04\\\/09\\\/ukrajinci-nesalomljiva-duha-vec-poceli-s-obnovom-pojedinih-gradova\\\/#breadcrumb\",\"itemListElement\":[{\"@type\":\"ListItem\",\"position\":1,\"name\":\"Po\u010detna stranica\",\"item\":\"https:\\\/\\\/radioljubuski.ba\\\/\"},{\"@type\":\"ListItem\",\"position\":2,\"name\":\"Ukrajinci nesalomljiva duha: Ve\u0107 po\u010deli s obnovom pojedinih gradova\"}]},{\"@type\":\"WebSite\",\"@id\":\"https:\\\/\\\/radioljubuski.ba\\\/#website\",\"url\":\"https:\\\/\\\/radioljubuski.ba\\\/\",\"name\":\"Radio Ljubu\u0161ki\",\"description\":\"Sun\u010dana frekvencija Hercegovine\",\"publisher\":{\"@id\":\"https:\\\/\\\/radioljubuski.ba\\\/#organization\"},\"potentialAction\":[{\"@type\":\"SearchAction\",\"target\":{\"@type\":\"EntryPoint\",\"urlTemplate\":\"https:\\\/\\\/radioljubuski.ba\\\/?s={search_term_string}\"},\"query-input\":{\"@type\":\"PropertyValueSpecification\",\"valueRequired\":true,\"valueName\":\"search_term_string\"}}],\"inLanguage\":\"hr\"},{\"@type\":\"Organization\",\"@id\":\"https:\\\/\\\/radioljubuski.ba\\\/#organization\",\"name\":\"Radio Ljubu\u0161ki\",\"url\":\"https:\\\/\\\/radioljubuski.ba\\\/\",\"logo\":{\"@type\":\"ImageObject\",\"inLanguage\":\"hr\",\"@id\":\"https:\\\/\\\/radioljubuski.ba\\\/#\\\/schema\\\/logo\\\/image\\\/\",\"url\":\"https:\\\/\\\/radioljubuski.ba\\\/wp-content\\\/uploads\\\/2021\\\/02\\\/cropped-Radio_Ljubuski_logo1.jpg\",\"contentUrl\":\"https:\\\/\\\/radioljubuski.ba\\\/wp-content\\\/uploads\\\/2021\\\/02\\\/cropped-Radio_Ljubuski_logo1.jpg\",\"width\":512,\"height\":512,\"caption\":\"Radio Ljubu\u0161ki\"},\"image\":{\"@id\":\"https:\\\/\\\/radioljubuski.ba\\\/#\\\/schema\\\/logo\\\/image\\\/\"},\"sameAs\":[\"https:\\\/\\\/www.facebook.com\\\/Radiio-Ljubuski-1490835324566332\",\"https:\\\/\\\/x.com\\\/radioljubuski\",\"https:\\\/\\\/hr.linkedin.com\\\/company\\\/radio-ljubuski\",\"https:\\\/\\\/www.youtube.com\\\/channel\\\/UCHYaeO_n0Db3tjNGudGpXyw\"]},{\"@type\":\"Person\",\"@id\":\"https:\\\/\\\/radioljubuski.ba\\\/#\\\/schema\\\/person\\\/19fc700381a780f69665d7956c469e3b\",\"name\":\"Radio Ljubu\u0161ki\"}]}<\/script>\n<!-- \/ Yoast SEO plugin. -->","yoast_head_json":{"title":"Ukrajinci nesalomljiva duha: Ve\u0107 po\u010deli s obnovom pojedinih gradova - RADIO LJUBU\u0160KI","robots":{"index":"index","follow":"follow","max-snippet":"max-snippet:-1","max-image-preview":"max-image-preview:large","max-video-preview":"max-video-preview:-1"},"canonical":"https:\/\/radioljubuski.ba\/index.php\/2022\/04\/09\/ukrajinci-nesalomljiva-duha-vec-poceli-s-obnovom-pojedinih-gradova\/","og_locale":"hr_HR","og_type":"article","og_title":"Ukrajinci nesalomljiva duha: Ve\u0107 po\u010deli s obnovom pojedinih gradova - RADIO LJUBU\u0160KI","og_description":"I dok se otkrivaju strav\u010dni zlo\u010dini ruskih snaga u Ukrajini, u gradovima gdje ruski okupator vi\u0161e nije nazo\u010dan Ukrajinci ve\u0107 po\u010dinju sa obnovom. Mo\u017eda najbolji primjer je grad Irpen gdje je ve\u0107 tre\u0107ina ulica o\u010di\u0161\u0107ena i \u017eivot se polako vra\u0107a u normalno stanje.&nbsp; -Prvo moramo osloboditi ceste kako bi vozila mogla prolaziti, a zatim idemo [&hellip;]","og_url":"https:\/\/radioljubuski.ba\/index.php\/2022\/04\/09\/ukrajinci-nesalomljiva-duha-vec-poceli-s-obnovom-pojedinih-gradova\/","og_site_name":"RADIO LJUBU\u0160KI","article_publisher":"https:\/\/www.facebook.com\/Radiio-Ljubuski-1490835324566332","article_published_time":"2022-04-09T17:54:11+00:00","article_modified_time":"2022-04-09T17:54:12+00:00","og_image":[{"width":815,"height":652,"url":"https:\/\/radioljubuski.ba\/wp-content\/uploads\/2022\/04\/2-2022-04-09-07-54-32-IMG_6330.jpeg","type":"image\/jpeg"}],"author":"Radio Ljubu\u0161ki","twitter_card":"summary_large_image","twitter_creator":"@radioljubuski","twitter_site":"@radioljubuski","twitter_misc":{"Napisao\/la":"Radio Ljubu\u0161ki","Procijenjeno vrijeme \u010ditanja":"1 minuta"},"schema":{"@context":"https:\/\/schema.org","@graph":[{"@type":"Article","@id":"https:\/\/radioljubuski.ba\/index.php\/2022\/04\/09\/ukrajinci-nesalomljiva-duha-vec-poceli-s-obnovom-pojedinih-gradova\/#article","isPartOf":{"@id":"https:\/\/radioljubuski.ba\/index.php\/2022\/04\/09\/ukrajinci-nesalomljiva-duha-vec-poceli-s-obnovom-pojedinih-gradova\/"},"author":{"name":"Radio Ljubu\u0161ki","@id":"https:\/\/radioljubuski.ba\/#\/schema\/person\/19fc700381a780f69665d7956c469e3b"},"headline":"Ukrajinci nesalomljiva duha: Ve\u0107 po\u010deli s obnovom pojedinih gradova","datePublished":"2022-04-09T17:54:11+00:00","dateModified":"2022-04-09T17:54:12+00:00","mainEntityOfPage":{"@id":"https:\/\/radioljubuski.ba\/index.php\/2022\/04\/09\/ukrajinci-nesalomljiva-duha-vec-poceli-s-obnovom-pojedinih-gradova\/"},"wordCount":227,"publisher":{"@id":"https:\/\/radioljubuski.ba\/#organization"},"image":{"@id":"https:\/\/radioljubuski.ba\/index.php\/2022\/04\/09\/ukrajinci-nesalomljiva-duha-vec-poceli-s-obnovom-pojedinih-gradova\/#primaryimage"},"thumbnailUrl":"https:\/\/radioljubuski.ba\/wp-content\/uploads\/2022\/04\/2-2022-04-09-07-54-32-IMG_6330.jpeg","articleSection":["BIH i regija"],"inLanguage":"hr"},{"@type":"WebPage","@id":"https:\/\/radioljubuski.ba\/index.php\/2022\/04\/09\/ukrajinci-nesalomljiva-duha-vec-poceli-s-obnovom-pojedinih-gradova\/","url":"https:\/\/radioljubuski.ba\/index.php\/2022\/04\/09\/ukrajinci-nesalomljiva-duha-vec-poceli-s-obnovom-pojedinih-gradova\/","name":"Ukrajinci nesalomljiva duha: Ve\u0107 po\u010deli s obnovom pojedinih gradova - RADIO LJUBU\u0160KI","isPartOf":{"@id":"https:\/\/radioljubuski.ba\/#website"},"primaryImageOfPage":{"@id":"https:\/\/radioljubuski.ba\/index.php\/2022\/04\/09\/ukrajinci-nesalomljiva-duha-vec-poceli-s-obnovom-pojedinih-gradova\/#primaryimage"},"image":{"@id":"https:\/\/radioljubuski.ba\/index.php\/2022\/04\/09\/ukrajinci-nesalomljiva-duha-vec-poceli-s-obnovom-pojedinih-gradova\/#primaryimage"},"thumbnailUrl":"https:\/\/radioljubuski.ba\/wp-content\/uploads\/2022\/04\/2-2022-04-09-07-54-32-IMG_6330.jpeg","datePublished":"2022-04-09T17:54:11+00:00","dateModified":"2022-04-09T17:54:12+00:00","breadcrumb":{"@id":"https:\/\/radioljubuski.ba\/index.php\/2022\/04\/09\/ukrajinci-nesalomljiva-duha-vec-poceli-s-obnovom-pojedinih-gradova\/#breadcrumb"},"inLanguage":"hr","potentialAction":[{"@type":"ReadAction","target":["https:\/\/radioljubuski.ba\/index.php\/2022\/04\/09\/ukrajinci-nesalomljiva-duha-vec-poceli-s-obnovom-pojedinih-gradova\/"]}]},{"@type":"ImageObject","inLanguage":"hr","@id":"https:\/\/radioljubuski.ba\/index.php\/2022\/04\/09\/ukrajinci-nesalomljiva-duha-vec-poceli-s-obnovom-pojedinih-gradova\/#primaryimage","url":"https:\/\/radioljubuski.ba\/wp-content\/uploads\/2022\/04\/2-2022-04-09-07-54-32-IMG_6330.jpeg","contentUrl":"https:\/\/radioljubuski.ba\/wp-content\/uploads\/2022\/04\/2-2022-04-09-07-54-32-IMG_6330.jpeg","width":815,"height":652},{"@type":"BreadcrumbList","@id":"https:\/\/radioljubuski.ba\/index.php\/2022\/04\/09\/ukrajinci-nesalomljiva-duha-vec-poceli-s-obnovom-pojedinih-gradova\/#breadcrumb","itemListElement":[{"@type":"ListItem","position":1,"name":"Po\u010detna stranica","item":"https:\/\/radioljubuski.ba\/"},{"@type":"ListItem","position":2,"name":"Ukrajinci nesalomljiva duha: Ve\u0107 po\u010deli s obnovom pojedinih gradova"}]},{"@type":"WebSite","@id":"https:\/\/radioljubuski.ba\/#website","url":"https:\/\/radioljubuski.ba\/","name":"Radio Ljubu\u0161ki","description":"Sun\u010dana frekvencija Hercegovine","publisher":{"@id":"https:\/\/radioljubuski.ba\/#organization"},"potentialAction":[{"@type":"SearchAction","target":{"@type":"EntryPoint","urlTemplate":"https:\/\/radioljubuski.ba\/?s={search_term_string}"},"query-input":{"@type":"PropertyValueSpecification","valueRequired":true,"valueName":"search_term_string"}}],"inLanguage":"hr"},{"@type":"Organization","@id":"https:\/\/radioljubuski.ba\/#organization","name":"Radio Ljubu\u0161ki","url":"https:\/\/radioljubuski.ba\/","logo":{"@type":"ImageObject","inLanguage":"hr","@id":"https:\/\/radioljubuski.ba\/#\/schema\/logo\/image\/","url":"https:\/\/radioljubuski.ba\/wp-content\/uploads\/2021\/02\/cropped-Radio_Ljubuski_logo1.jpg","contentUrl":"https:\/\/radioljubuski.ba\/wp-content\/uploads\/2021\/02\/cropped-Radio_Ljubuski_logo1.jpg","width":512,"height":512,"caption":"Radio Ljubu\u0161ki"},"image":{"@id":"https:\/\/radioljubuski.ba\/#\/schema\/logo\/image\/"},"sameAs":["https:\/\/www.facebook.com\/Radiio-Ljubuski-1490835324566332","https:\/\/x.com\/radioljubuski","https:\/\/hr.linkedin.com\/company\/radio-ljubuski","https:\/\/www.youtube.com\/channel\/UCHYaeO_n0Db3tjNGudGpXyw"]},{"@type":"Person","@id":"https:\/\/radioljubuski.ba\/#\/schema\/person\/19fc700381a780f69665d7956c469e3b","name":"Radio Ljubu\u0161ki"}]}},"_links":{"self":[{"href":"https:\/\/radioljubuski.ba\/index.php\/wp-json\/wp\/v2\/posts\/130742","targetHints":{"allow":["GET"]}}],"collection":[{"href":"https:\/\/radioljubuski.ba\/index.php\/wp-json\/wp\/v2\/posts"}],"about":[{"href":"https:\/\/radioljubuski.ba\/index.php\/wp-json\/wp\/v2\/types\/post"}],"author":[{"embeddable":true,"href":"https:\/\/radioljubuski.ba\/index.php\/wp-json\/wp\/v2\/users\/2"}],"replies":[{"embeddable":true,"href":"https:\/\/radioljubuski.ba\/index.php\/wp-json\/wp\/v2\/comments?post=130742"}],"version-history":[{"count":1,"href":"https:\/\/radioljubuski.ba\/index.php\/wp-json\/wp\/v2\/posts\/130742\/revisions"}],"predecessor-version":[{"id":130744,"href":"https:\/\/radioljubuski.ba\/index.php\/wp-json\/wp\/v2\/posts\/130742\/revisions\/130744"}],"wp:featuredmedia":[{"embeddable":true,"href":"https:\/\/radioljubuski.ba\/index.php\/wp-json\/wp\/v2\/media\/130743"}],"wp:attachment":[{"href":"https:\/\/radioljubuski.ba\/index.php\/wp-json\/wp\/v2\/media?parent=130742"}],"wp:term":[{"taxonomy":"category","embeddable":true,"href":"https:\/\/radioljubuski.ba\/index.php\/wp-json\/wp\/v2\/categories?post=130742"},{"taxonomy":"post_tag","embeddable":true,"href":"https:\/\/radioljubuski.ba\/index.php\/wp-json\/wp\/v2\/tags?post=130742"}],"curies":[{"name":"wp","href":"https:\/\/api.w.org\/{rel}","templated":true}]}}