{"id":130784,"date":"2022-04-09T20:50:57","date_gmt":"2022-04-09T19:50:57","guid":{"rendered":"https:\/\/radioljubuski.ba\/?p=130784"},"modified":"2022-04-09T20:50:58","modified_gmt":"2022-04-09T19:50:58","slug":"lewandowski-iz-kaznenog-udarca-spasio-bayern","status":"publish","type":"post","link":"https:\/\/radioljubuski.ba\/index.php\/2022\/04\/09\/lewandowski-iz-kaznenog-udarca-spasio-bayern\/","title":{"rendered":"Lewandowski iz kaznenog udarca spasio Bayern"},"content":{"rendered":"\n<p><strong>Nogometa\u0161i Bayerna M\u00fcnchena svladali su na Allianz Areni Augsburg s 1-0 u 29. kolu njema\u010dkog prvenstva, golom iz penala osam minuta prije kraja.<\/strong><\/p>\n\n\n\n<p>Nakon gostuju\u0107eg poraza od Villarreala u prvoj \u010detvrtfinalnoj utakmici Lige prvaka, Bavarci nisu bili pravi ni na doma\u0107em terenu. Iako su cijelo vrijeme imali inicijativu, nekoliko su puta ozbiljno zaprijetili i susjedi iz Augsburga. Mre\u017ee su bile netaknute sve do 82. minute, kada je<strong>&nbsp;Robert Lewandowski&nbsp;<\/strong>zabio iz jedanaesterca svoj 32. pogodak sezone.<br><br>Josip Stani\u0161i\u0107 je u\u0161ao u igru u 90. minuti.<\/p>\n\n\n\n<p>Wolfsburg je danas upisao visoku pobjedu protiv Arminije iz Bielefelda (4-0), a Borussia M\u00f6nchengladbach slavila je u gostima kod otpisanog Greuther F\u00fcrtha (2-0). K\u00f6ln je napravio preokret u posljednjem dijelu utakmice protiv Mainza (3-2).<br><br>Danas se igra berlinski derbi izme\u0111u Herthe i Uniona. Bayern vodi s 69 bodova, devet vi\u0161e od Borussije (D).<\/p>\n\n\n\n<figure class=\"wp-block-embed is-type-wp-embed is-provider-radio-ljubuski wp-block-embed-radio-ljubuski\"><div class=\"wp-block-embed__wrapper\">\n<blockquote class=\"wp-embedded-content\" data-secret=\"Bw5Oq5wi8F\"><a href=\"https:\/\/radioljubuski.ba\/index.php\/2022\/04\/09\/borussia-dortmund-se-pobjedom-protiv-stuttgarta-priblizila-bayernu\/\">Borussia Dortmund se pobjedom protiv Stuttgarta pribli\u017eila Bayernu<\/a><\/blockquote><iframe loading=\"lazy\" class=\"wp-embedded-content\" sandbox=\"allow-scripts\" security=\"restricted\" style=\"position: absolute; clip: rect(1px, 1px, 1px, 1px);\" title=\"&#8220;Borussia Dortmund se pobjedom protiv Stuttgarta pribli\u017eila Bayernu&#8221; &#8212;   RADIO LJUBU\u0160KI\" src=\"https:\/\/radioljubuski.ba\/index.php\/2022\/04\/09\/borussia-dortmund-se-pobjedom-protiv-stuttgarta-priblizila-bayernu\/embed\/#?secret=xwqo9zuVmG#?secret=Bw5Oq5wi8F\" data-secret=\"Bw5Oq5wi8F\" width=\"600\" height=\"338\" frameborder=\"0\" marginwidth=\"0\" marginheight=\"0\" scrolling=\"no\"><\/iframe>\n<\/div><\/figure>\n\n\n\n<p><br>Bayern Muenchen 1 Lewandowski (82pen)<br>Augsburg 0<br><br><br>Wolfsburg 4 Nmecha (11, 39), Arnold (48), Kruse (53)<br>Arminia Bielefeld 0<br><br><br>FC Koeln 3 Skhiri (60), Ljubicic (78), Kilian (82)<br>Mainz 2 Burkardt (14), Onisiwo (55)<br><br><br>F\u00fcrth 0<br>M\u00f6nchengladbach 2 Thuram (18), Plea (24pen)<br><br>1\u00a0 Bayern M\u00fcnchen\u00a0\u00a0 29\u00a0 22\u00a0\u00a0 3\u00a0\u00a0 4\u00a0 86\u00a0 29\u00a0\u00a0 69<br>\u00a0 2\u00a0 Dortmund\u00a0\u00a0\u00a0\u00a0\u00a0\u00a0\u00a0\u00a0 29\u00a0 19\u00a0\u00a0 3\u00a0\u00a0 7\u00a0 70\u00a0 42\u00a0\u00a0 60<br>\u00a0 3\u00a0 Leverkusen\u00a0\u00a0\u00a0\u00a0\u00a0\u00a0 28\u00a0 15\u00a0\u00a0 6\u00a0\u00a0 7\u00a0 68\u00a0 42\u00a0\u00a0 51<br>\u00a0 4\u00a0 Leipzig\u00a0\u00a0\u00a0\u00a0\u00a0\u00a0\u00a0\u00a0\u00a0 28\u00a0 14\u00a0\u00a0 6\u00a0\u00a0 8\u00a0 61\u00a0 31\u00a0\u00a0 48<br>&#8230;&#8230;&#8230;&#8230;&#8230;&#8230;&#8230;&#8230;&#8230;&#8230;&#8230;&#8230;&#8230;&#8230;&#8230;&#8230;<br>\u00a0 5\u00a0 Freiburg\u00a0\u00a0\u00a0\u00a0\u00a0\u00a0\u00a0\u00a0 28\u00a0 12\u00a0\u00a0 9\u00a0\u00a0 7\u00a0 44\u00a0 33\u00a0\u00a0 45<br>&#8230;&#8230;&#8230;&#8230;&#8230;&#8230;&#8230;&#8230;&#8230;&#8230;&#8230;&#8230;&#8230;&#8230;&#8230;&#8230;<br>\u00a0 6\u00a0 Hoffenheim\u00a0\u00a0\u00a0\u00a0\u00a0\u00a0 28\u00a0 13\u00a0\u00a0 5\u00a0 10\u00a0 50\u00a0 42\u00a0\u00a0 44<br>&#8230;&#8230;&#8230;&#8230;&#8230;&#8230;&#8230;&#8230;&#8230;&#8230;&#8230;&#8230;&#8230;&#8230;&#8230;&#8230;<br>\u00a0 7\u00a0 K\u00f6ln\u00a0\u00a0\u00a0\u00a0\u00a0\u00a0\u00a0\u00a0\u00a0\u00a0\u00a0\u00a0 29\u00a0 11\u00a0 10\u00a0\u00a0 8\u00a0 41\u00a0 43\u00a0\u00a0 43<br>&#8230;&#8230;&#8230;&#8230;&#8230;&#8230;&#8230;&#8230;&#8230;&#8230;&#8230;&#8230;&#8230;&#8230;&#8230;&#8230;<br>\u00a0 8\u00a0 Union Berlin\u00a0\u00a0\u00a0\u00a0 28\u00a0 11\u00a0\u00a0 8\u00a0\u00a0 9\u00a0 34\u00a0 38\u00a0\u00a0 41<br>\u00a0 9\u00a0 Frankfurt\u00a0\u00a0\u00a0\u00a0\u00a0\u00a0\u00a0 28\u00a0 10\u00a0\u00a0 9\u00a0\u00a0 9\u00a0 39\u00a0 38\u00a0\u00a0 39<br>10\u00a0 Mainz 05\u00a0\u00a0\u00a0\u00a0\u00a0\u00a0\u00a0\u00a0 29\u00a0 11\u00a0\u00a0 5\u00a0 13\u00a0 43\u00a0 36\u00a0\u00a0 38<br>11\u00a0 M&#8217;gladbach\u00a0\u00a0\u00a0\u00a0\u00a0\u00a0 29\u00a0 10\u00a0\u00a0 7\u00a0 12\u00a0 41\u00a0 52\u00a0\u00a0 37<br>12\u00a0 Bochum\u00a0\u00a0\u00a0\u00a0\u00a0\u00a0\u00a0\u00a0\u00a0\u00a0 28\u00a0 10\u00a0\u00a0 5\u00a0 13\u00a0 30\u00a0 40\u00a0\u00a0 35<br>13\u00a0 Wolfsburg\u00a0\u00a0\u00a0\u00a0\u00a0\u00a0\u00a0 29\u00a0 10\u00a0\u00a0 4\u00a0 15\u00a0 33\u00a0 45\u00a0\u00a0 34<br>14\u00a0 Augsburg\u00a0\u00a0\u00a0\u00a0\u00a0\u00a0\u00a0\u00a0 29\u00a0\u00a0 8\u00a0\u00a0 8\u00a0 13\u00a0 34\u00a0 46\u00a0\u00a0 32<br>15\u00a0 Stuttgart\u00a0\u00a0\u00a0\u00a0\u00a0\u00a0\u00a0 29\u00a0\u00a0 6\u00a0\u00a0 9\u00a0 14\u00a0 36\u00a0 53\u00a0\u00a0 27<br>&#8230;&#8230;&#8230;&#8230;&#8230;&#8230;&#8230;&#8230;&#8230;&#8230;&#8230;&#8230;&#8230;&#8230;&#8230;&#8230;<br>16\u00a0 Bielefeld\u00a0\u00a0\u00a0\u00a0\u00a0\u00a0\u00a0 29\u00a0\u00a0 5\u00a0 11\u00a0 13\u00a0 23\u00a0 43\u00a0\u00a0 26<br>&#8230;&#8230;&#8230;&#8230;&#8230;&#8230;&#8230;&#8230;&#8230;&#8230;&#8230;&#8230;&#8230;&#8230;&#8230;&#8230;<br>17\u00a0 Hertha BSC\u00a0\u00a0\u00a0\u00a0\u00a0\u00a0 28\u00a0\u00a0 7\u00a0\u00a0 5\u00a0 16\u00a0 30\u00a0 62\u00a0\u00a0 26<br>18\u00a0 Greuther F\u00fcrth\u00a0\u00a0 29\u00a0\u00a0 3\u00a0\u00a0 7\u00a0 19\u00a0 24\u00a0 72\u00a0\u00a0 16<\/p>\n\n\n\n<p>Izvor:hrt.hr<\/p>\n","protected":false},"excerpt":{"rendered":"<p>Nogometa\u0161i Bayerna M\u00fcnchena svladali su na Allianz Areni Augsburg s 1-0 u 29. kolu njema\u010dkog prvenstva, golom iz penala osam minuta prije kraja. Nakon gostuju\u0107eg poraza od Villarreala u prvoj \u010detvrtfinalnoj utakmici Lige prvaka, Bavarci nisu bili pravi ni na doma\u0107em terenu. Iako su cijelo vrijeme imali inicijativu, nekoliko su puta ozbiljno zaprijetili i susjedi [&hellip;]<\/p>\n","protected":false},"author":2,"featured_media":0,"comment_status":"closed","ping_status":"closed","sticky":false,"template":"","format":"standard","meta":{"h5ap_radio_sources":[],"footnotes":""},"categories":[7],"tags":[],"class_list":["post-130784","post","type-post","status-publish","format-standard","hentry","category-sport"],"yoast_head":"<!-- This site is optimized with the Yoast SEO plugin v27.5 - https:\/\/yoast.com\/product\/yoast-seo-wordpress\/ -->\n<title>Lewandowski iz kaznenog udarca spasio Bayern - RADIO LJUBU\u0160KI<\/title>\n<meta name=\"robots\" content=\"index, follow, max-snippet:-1, max-image-preview:large, max-video-preview:-1\" \/>\n<link rel=\"canonical\" href=\"https:\/\/radioljubuski.ba\/index.php\/2022\/04\/09\/lewandowski-iz-kaznenog-udarca-spasio-bayern\/\" \/>\n<meta property=\"og:locale\" content=\"hr_HR\" \/>\n<meta property=\"og:type\" content=\"article\" \/>\n<meta property=\"og:title\" content=\"Lewandowski iz kaznenog udarca spasio Bayern - RADIO LJUBU\u0160KI\" \/>\n<meta property=\"og:description\" content=\"Nogometa\u0161i Bayerna M\u00fcnchena svladali su na Allianz Areni Augsburg s 1-0 u 29. kolu njema\u010dkog prvenstva, golom iz penala osam minuta prije kraja. Nakon gostuju\u0107eg poraza od Villarreala u prvoj \u010detvrtfinalnoj utakmici Lige prvaka, Bavarci nisu bili pravi ni na doma\u0107em terenu. Iako su cijelo vrijeme imali inicijativu, nekoliko su puta ozbiljno zaprijetili i susjedi [&hellip;]\" \/>\n<meta property=\"og:url\" content=\"https:\/\/radioljubuski.ba\/index.php\/2022\/04\/09\/lewandowski-iz-kaznenog-udarca-spasio-bayern\/\" \/>\n<meta property=\"og:site_name\" content=\"RADIO LJUBU\u0160KI\" \/>\n<meta property=\"article:publisher\" content=\"https:\/\/www.facebook.com\/Radiio-Ljubuski-1490835324566332\" \/>\n<meta property=\"article:published_time\" content=\"2022-04-09T19:50:57+00:00\" \/>\n<meta property=\"article:modified_time\" content=\"2022-04-09T19:50:58+00:00\" \/>\n<meta property=\"og:image\" content=\"https:\/\/radioljubuski.ba\/wp-content\/uploads\/2022\/04\/2022-04-09t154735z-642802437-up1ei4917v905-rtrmadp-3-soccer-germany-bay-aug-report-20220409155436.jpg\" \/>\n\t<meta property=\"og:image:width\" content=\"2300\" \/>\n\t<meta property=\"og:image:height\" content=\"1629\" \/>\n\t<meta property=\"og:image:type\" content=\"image\/jpeg\" \/>\n<meta name=\"author\" content=\"Radio Ljubu\u0161ki\" \/>\n<meta name=\"twitter:card\" content=\"summary_large_image\" \/>\n<meta name=\"twitter:creator\" content=\"@radioljubuski\" \/>\n<meta name=\"twitter:site\" content=\"@radioljubuski\" \/>\n<meta name=\"twitter:label1\" content=\"Napisao\/la\" \/>\n\t<meta name=\"twitter:data1\" content=\"Radio Ljubu\u0161ki\" \/>\n\t<meta name=\"twitter:label2\" content=\"Procijenjeno vrijeme \u010ditanja\" \/>\n\t<meta name=\"twitter:data2\" content=\"2 minute\" \/>\n<script type=\"application\/ld+json\" class=\"yoast-schema-graph\">{\"@context\":\"https:\\\/\\\/schema.org\",\"@graph\":[{\"@type\":\"Article\",\"@id\":\"https:\\\/\\\/radioljubuski.ba\\\/index.php\\\/2022\\\/04\\\/09\\\/lewandowski-iz-kaznenog-udarca-spasio-bayern\\\/#article\",\"isPartOf\":{\"@id\":\"https:\\\/\\\/radioljubuski.ba\\\/index.php\\\/2022\\\/04\\\/09\\\/lewandowski-iz-kaznenog-udarca-spasio-bayern\\\/\"},\"author\":{\"name\":\"Radio Ljubu\u0161ki\",\"@id\":\"https:\\\/\\\/radioljubuski.ba\\\/#\\\/schema\\\/person\\\/19fc700381a780f69665d7956c469e3b\"},\"headline\":\"Lewandowski iz kaznenog udarca spasio Bayern\",\"datePublished\":\"2022-04-09T19:50:57+00:00\",\"dateModified\":\"2022-04-09T19:50:58+00:00\",\"mainEntityOfPage\":{\"@id\":\"https:\\\/\\\/radioljubuski.ba\\\/index.php\\\/2022\\\/04\\\/09\\\/lewandowski-iz-kaznenog-udarca-spasio-bayern\\\/\"},\"wordCount\":215,\"publisher\":{\"@id\":\"https:\\\/\\\/radioljubuski.ba\\\/#organization\"},\"articleSection\":[\"\u0160port\"],\"inLanguage\":\"hr\"},{\"@type\":\"WebPage\",\"@id\":\"https:\\\/\\\/radioljubuski.ba\\\/index.php\\\/2022\\\/04\\\/09\\\/lewandowski-iz-kaznenog-udarca-spasio-bayern\\\/\",\"url\":\"https:\\\/\\\/radioljubuski.ba\\\/index.php\\\/2022\\\/04\\\/09\\\/lewandowski-iz-kaznenog-udarca-spasio-bayern\\\/\",\"name\":\"Lewandowski iz kaznenog udarca spasio Bayern - RADIO LJUBU\u0160KI\",\"isPartOf\":{\"@id\":\"https:\\\/\\\/radioljubuski.ba\\\/#website\"},\"datePublished\":\"2022-04-09T19:50:57+00:00\",\"dateModified\":\"2022-04-09T19:50:58+00:00\",\"breadcrumb\":{\"@id\":\"https:\\\/\\\/radioljubuski.ba\\\/index.php\\\/2022\\\/04\\\/09\\\/lewandowski-iz-kaznenog-udarca-spasio-bayern\\\/#breadcrumb\"},\"inLanguage\":\"hr\",\"potentialAction\":[{\"@type\":\"ReadAction\",\"target\":[\"https:\\\/\\\/radioljubuski.ba\\\/index.php\\\/2022\\\/04\\\/09\\\/lewandowski-iz-kaznenog-udarca-spasio-bayern\\\/\"]}]},{\"@type\":\"BreadcrumbList\",\"@id\":\"https:\\\/\\\/radioljubuski.ba\\\/index.php\\\/2022\\\/04\\\/09\\\/lewandowski-iz-kaznenog-udarca-spasio-bayern\\\/#breadcrumb\",\"itemListElement\":[{\"@type\":\"ListItem\",\"position\":1,\"name\":\"Po\u010detna stranica\",\"item\":\"https:\\\/\\\/radioljubuski.ba\\\/\"},{\"@type\":\"ListItem\",\"position\":2,\"name\":\"Lewandowski iz kaznenog udarca spasio Bayern\"}]},{\"@type\":\"WebSite\",\"@id\":\"https:\\\/\\\/radioljubuski.ba\\\/#website\",\"url\":\"https:\\\/\\\/radioljubuski.ba\\\/\",\"name\":\"Radio Ljubu\u0161ki\",\"description\":\"Sun\u010dana frekvencija Hercegovine\",\"publisher\":{\"@id\":\"https:\\\/\\\/radioljubuski.ba\\\/#organization\"},\"potentialAction\":[{\"@type\":\"SearchAction\",\"target\":{\"@type\":\"EntryPoint\",\"urlTemplate\":\"https:\\\/\\\/radioljubuski.ba\\\/?s={search_term_string}\"},\"query-input\":{\"@type\":\"PropertyValueSpecification\",\"valueRequired\":true,\"valueName\":\"search_term_string\"}}],\"inLanguage\":\"hr\"},{\"@type\":\"Organization\",\"@id\":\"https:\\\/\\\/radioljubuski.ba\\\/#organization\",\"name\":\"Radio Ljubu\u0161ki\",\"url\":\"https:\\\/\\\/radioljubuski.ba\\\/\",\"logo\":{\"@type\":\"ImageObject\",\"inLanguage\":\"hr\",\"@id\":\"https:\\\/\\\/radioljubuski.ba\\\/#\\\/schema\\\/logo\\\/image\\\/\",\"url\":\"https:\\\/\\\/radioljubuski.ba\\\/wp-content\\\/uploads\\\/2021\\\/02\\\/cropped-Radio_Ljubuski_logo1.jpg\",\"contentUrl\":\"https:\\\/\\\/radioljubuski.ba\\\/wp-content\\\/uploads\\\/2021\\\/02\\\/cropped-Radio_Ljubuski_logo1.jpg\",\"width\":512,\"height\":512,\"caption\":\"Radio Ljubu\u0161ki\"},\"image\":{\"@id\":\"https:\\\/\\\/radioljubuski.ba\\\/#\\\/schema\\\/logo\\\/image\\\/\"},\"sameAs\":[\"https:\\\/\\\/www.facebook.com\\\/Radiio-Ljubuski-1490835324566332\",\"https:\\\/\\\/x.com\\\/radioljubuski\",\"https:\\\/\\\/hr.linkedin.com\\\/company\\\/radio-ljubuski\",\"https:\\\/\\\/www.youtube.com\\\/channel\\\/UCHYaeO_n0Db3tjNGudGpXyw\"]},{\"@type\":\"Person\",\"@id\":\"https:\\\/\\\/radioljubuski.ba\\\/#\\\/schema\\\/person\\\/19fc700381a780f69665d7956c469e3b\",\"name\":\"Radio Ljubu\u0161ki\"}]}<\/script>\n<!-- \/ Yoast SEO plugin. -->","yoast_head_json":{"title":"Lewandowski iz kaznenog udarca spasio Bayern - RADIO LJUBU\u0160KI","robots":{"index":"index","follow":"follow","max-snippet":"max-snippet:-1","max-image-preview":"max-image-preview:large","max-video-preview":"max-video-preview:-1"},"canonical":"https:\/\/radioljubuski.ba\/index.php\/2022\/04\/09\/lewandowski-iz-kaznenog-udarca-spasio-bayern\/","og_locale":"hr_HR","og_type":"article","og_title":"Lewandowski iz kaznenog udarca spasio Bayern - RADIO LJUBU\u0160KI","og_description":"Nogometa\u0161i Bayerna M\u00fcnchena svladali su na Allianz Areni Augsburg s 1-0 u 29. kolu njema\u010dkog prvenstva, golom iz penala osam minuta prije kraja. Nakon gostuju\u0107eg poraza od Villarreala u prvoj \u010detvrtfinalnoj utakmici Lige prvaka, Bavarci nisu bili pravi ni na doma\u0107em terenu. Iako su cijelo vrijeme imali inicijativu, nekoliko su puta ozbiljno zaprijetili i susjedi [&hellip;]","og_url":"https:\/\/radioljubuski.ba\/index.php\/2022\/04\/09\/lewandowski-iz-kaznenog-udarca-spasio-bayern\/","og_site_name":"RADIO LJUBU\u0160KI","article_publisher":"https:\/\/www.facebook.com\/Radiio-Ljubuski-1490835324566332","article_published_time":"2022-04-09T19:50:57+00:00","article_modified_time":"2022-04-09T19:50:58+00:00","og_image":[{"width":2300,"height":1629,"url":"https:\/\/radioljubuski.ba\/wp-content\/uploads\/2022\/04\/2022-04-09t154735z-642802437-up1ei4917v905-rtrmadp-3-soccer-germany-bay-aug-report-20220409155436.jpg","type":"image\/jpeg"}],"author":"Radio Ljubu\u0161ki","twitter_card":"summary_large_image","twitter_creator":"@radioljubuski","twitter_site":"@radioljubuski","twitter_misc":{"Napisao\/la":"Radio Ljubu\u0161ki","Procijenjeno vrijeme \u010ditanja":"2 minute"},"schema":{"@context":"https:\/\/schema.org","@graph":[{"@type":"Article","@id":"https:\/\/radioljubuski.ba\/index.php\/2022\/04\/09\/lewandowski-iz-kaznenog-udarca-spasio-bayern\/#article","isPartOf":{"@id":"https:\/\/radioljubuski.ba\/index.php\/2022\/04\/09\/lewandowski-iz-kaznenog-udarca-spasio-bayern\/"},"author":{"name":"Radio Ljubu\u0161ki","@id":"https:\/\/radioljubuski.ba\/#\/schema\/person\/19fc700381a780f69665d7956c469e3b"},"headline":"Lewandowski iz kaznenog udarca spasio Bayern","datePublished":"2022-04-09T19:50:57+00:00","dateModified":"2022-04-09T19:50:58+00:00","mainEntityOfPage":{"@id":"https:\/\/radioljubuski.ba\/index.php\/2022\/04\/09\/lewandowski-iz-kaznenog-udarca-spasio-bayern\/"},"wordCount":215,"publisher":{"@id":"https:\/\/radioljubuski.ba\/#organization"},"articleSection":["\u0160port"],"inLanguage":"hr"},{"@type":"WebPage","@id":"https:\/\/radioljubuski.ba\/index.php\/2022\/04\/09\/lewandowski-iz-kaznenog-udarca-spasio-bayern\/","url":"https:\/\/radioljubuski.ba\/index.php\/2022\/04\/09\/lewandowski-iz-kaznenog-udarca-spasio-bayern\/","name":"Lewandowski iz kaznenog udarca spasio Bayern - RADIO LJUBU\u0160KI","isPartOf":{"@id":"https:\/\/radioljubuski.ba\/#website"},"datePublished":"2022-04-09T19:50:57+00:00","dateModified":"2022-04-09T19:50:58+00:00","breadcrumb":{"@id":"https:\/\/radioljubuski.ba\/index.php\/2022\/04\/09\/lewandowski-iz-kaznenog-udarca-spasio-bayern\/#breadcrumb"},"inLanguage":"hr","potentialAction":[{"@type":"ReadAction","target":["https:\/\/radioljubuski.ba\/index.php\/2022\/04\/09\/lewandowski-iz-kaznenog-udarca-spasio-bayern\/"]}]},{"@type":"BreadcrumbList","@id":"https:\/\/radioljubuski.ba\/index.php\/2022\/04\/09\/lewandowski-iz-kaznenog-udarca-spasio-bayern\/#breadcrumb","itemListElement":[{"@type":"ListItem","position":1,"name":"Po\u010detna stranica","item":"https:\/\/radioljubuski.ba\/"},{"@type":"ListItem","position":2,"name":"Lewandowski iz kaznenog udarca spasio Bayern"}]},{"@type":"WebSite","@id":"https:\/\/radioljubuski.ba\/#website","url":"https:\/\/radioljubuski.ba\/","name":"Radio Ljubu\u0161ki","description":"Sun\u010dana frekvencija Hercegovine","publisher":{"@id":"https:\/\/radioljubuski.ba\/#organization"},"potentialAction":[{"@type":"SearchAction","target":{"@type":"EntryPoint","urlTemplate":"https:\/\/radioljubuski.ba\/?s={search_term_string}"},"query-input":{"@type":"PropertyValueSpecification","valueRequired":true,"valueName":"search_term_string"}}],"inLanguage":"hr"},{"@type":"Organization","@id":"https:\/\/radioljubuski.ba\/#organization","name":"Radio Ljubu\u0161ki","url":"https:\/\/radioljubuski.ba\/","logo":{"@type":"ImageObject","inLanguage":"hr","@id":"https:\/\/radioljubuski.ba\/#\/schema\/logo\/image\/","url":"https:\/\/radioljubuski.ba\/wp-content\/uploads\/2021\/02\/cropped-Radio_Ljubuski_logo1.jpg","contentUrl":"https:\/\/radioljubuski.ba\/wp-content\/uploads\/2021\/02\/cropped-Radio_Ljubuski_logo1.jpg","width":512,"height":512,"caption":"Radio Ljubu\u0161ki"},"image":{"@id":"https:\/\/radioljubuski.ba\/#\/schema\/logo\/image\/"},"sameAs":["https:\/\/www.facebook.com\/Radiio-Ljubuski-1490835324566332","https:\/\/x.com\/radioljubuski","https:\/\/hr.linkedin.com\/company\/radio-ljubuski","https:\/\/www.youtube.com\/channel\/UCHYaeO_n0Db3tjNGudGpXyw"]},{"@type":"Person","@id":"https:\/\/radioljubuski.ba\/#\/schema\/person\/19fc700381a780f69665d7956c469e3b","name":"Radio Ljubu\u0161ki"}]}},"_links":{"self":[{"href":"https:\/\/radioljubuski.ba\/index.php\/wp-json\/wp\/v2\/posts\/130784","targetHints":{"allow":["GET"]}}],"collection":[{"href":"https:\/\/radioljubuski.ba\/index.php\/wp-json\/wp\/v2\/posts"}],"about":[{"href":"https:\/\/radioljubuski.ba\/index.php\/wp-json\/wp\/v2\/types\/post"}],"author":[{"embeddable":true,"href":"https:\/\/radioljubuski.ba\/index.php\/wp-json\/wp\/v2\/users\/2"}],"replies":[{"embeddable":true,"href":"https:\/\/radioljubuski.ba\/index.php\/wp-json\/wp\/v2\/comments?post=130784"}],"version-history":[{"count":1,"href":"https:\/\/radioljubuski.ba\/index.php\/wp-json\/wp\/v2\/posts\/130784\/revisions"}],"predecessor-version":[{"id":130786,"href":"https:\/\/radioljubuski.ba\/index.php\/wp-json\/wp\/v2\/posts\/130784\/revisions\/130786"}],"wp:attachment":[{"href":"https:\/\/radioljubuski.ba\/index.php\/wp-json\/wp\/v2\/media?parent=130784"}],"wp:term":[{"taxonomy":"category","embeddable":true,"href":"https:\/\/radioljubuski.ba\/index.php\/wp-json\/wp\/v2\/categories?post=130784"},{"taxonomy":"post_tag","embeddable":true,"href":"https:\/\/radioljubuski.ba\/index.php\/wp-json\/wp\/v2\/tags?post=130784"}],"curies":[{"name":"wp","href":"https:\/\/api.w.org\/{rel}","templated":true}]}}