{"id":130799,"date":"2022-04-09T21:02:21","date_gmt":"2022-04-09T20:02:21","guid":{"rendered":"https:\/\/radioljubuski.ba\/?p=130799"},"modified":"2022-04-09T21:02:21","modified_gmt":"2022-04-09T20:02:21","slug":"rakitic-asistent-za-pobjednicki-gol-seville","status":"publish","type":"post","link":"https:\/\/radioljubuski.ba\/index.php\/2022\/04\/09\/rakitic-asistent-za-pobjednicki-gol-seville\/","title":{"rendered":"Rakiti\u0107 asistent za pobjedni\u010dki gol Seville"},"content":{"rendered":"\n<p><strong>Biv\u0161i hrvatski nogometni reprezentativac Ivan Rakiti\u0107 bio je asistent za pobjedni\u010dki pogodak Seville u dramati\u010dnoj 4-2 (1-1) pobjedi protiv Granade u prvoj utakmici 31. kola \u0161panjolskog prvenstva.<\/strong><\/p>\n\n\n\n<p>Rakiti\u0107 je u tre\u0107oj minuti suda\u010dke nadoknade bio najvi\u0161i u skoku pred gostuju\u0107im golom te je glavom spustio loptu za\u00a0<strong>Rafu Mira<\/strong>\u00a0koji je s dva metra zatresao mre\u017eu za 3-2.<br><br>Granada je povela u 23. minuti golom\u00a0<strong>Machisa<\/strong>, na 1-1 je u 32. minuti poravnao\u00a0<strong>Diego Carlos<\/strong>, da bi vodstvo od 2-1 Sevilli donio\u00a0<strong>Ocampos\u00a0<\/strong>u 66. minuti nakon kontroverzne akcije u kojoj su i on i asistent\u00a0<strong>Corona\u00a0<\/strong>bili u zale\u0111u koje je linijski sudac i ozna\u010dio samo da bi VAR procijenio kako je njihova pozicija bila ispravna.<\/p>\n\n\n\n<blockquote class=\"twitter-tweet\"><p lang=\"en\" dir=\"ltr\">\ud835\uddea\ud835\udddb\ud835\uddd4\ud835\udde7. \ud835\uddd4. \ud835\uddea\ud835\udddc\ud835\udde1. <a href=\"https:\/\/t.co\/WBI5TPeMXo\">pic.twitter.com\/WBI5TPeMXo<\/a><\/p>&mdash; Sevilla FC (@SevillaFC_ENG) <a href=\"https:\/\/twitter.com\/SevillaFC_ENG\/status\/1512536442223968256?ref_src=twsrc%5Etfw\">April 8, 2022<\/a><\/blockquote> <script async src=\"https:\/\/platform.twitter.com\/widgets.js\" charset=\"utf-8\"><\/script>\n\n\n\n<p>Na 2-2 poravnao je&nbsp;<strong>Diaz&nbsp;<\/strong>(88) te se \u010dinilo kako \u0107e Granada do zaslu\u017eenog boda, ali u suda\u010dkoj nadoknadi su se Rakiti\u0107 i Mir pobrinuli da ne bude tako. Kona\u010dni rezultat je u devetoj minuti nadoknade postavio&nbsp;<strong>Alejandro Gomez<\/strong>.<br><br>Rakiti\u0107 je odigrao \u010ditav susret za Sevillu koja je s ova tri boda sko\u010dila na drugo mjesto sa 60 bodova, devet manje od vode\u0107eg Reala iz Madrida, a tri vi\u0161e od tre\u0107e Barcelone i \u010detvrtog Atletica, dok je Granada 16. sa 29 bodova.<\/p>\n\n\n\n<p>Izvor:hrt.hr<\/p>\n","protected":false},"excerpt":{"rendered":"<p>Biv\u0161i hrvatski nogometni reprezentativac Ivan Rakiti\u0107 bio je asistent za pobjedni\u010dki pogodak Seville u dramati\u010dnoj 4-2 (1-1) pobjedi protiv Granade u prvoj utakmici 31. kola \u0161panjolskog prvenstva. Rakiti\u0107 je u tre\u0107oj minuti suda\u010dke nadoknade bio najvi\u0161i u skoku pred gostuju\u0107im golom te je glavom spustio loptu za\u00a0Rafu Mira\u00a0koji je s dva metra zatresao mre\u017eu za [&hellip;]<\/p>\n","protected":false},"author":2,"featured_media":130800,"comment_status":"closed","ping_status":"closed","sticky":false,"template":"","format":"standard","meta":{"h5ap_radio_sources":[],"footnotes":""},"categories":[7],"tags":[],"class_list":["post-130799","post","type-post","status-publish","format-standard","has-post-thumbnail","hentry","category-sport"],"yoast_head":"<!-- This site is optimized with the Yoast SEO plugin v27.4 - https:\/\/yoast.com\/product\/yoast-seo-wordpress\/ -->\n<title>Rakiti\u0107 asistent za pobjedni\u010dki gol Seville - RADIO LJUBU\u0160KI<\/title>\n<meta name=\"robots\" content=\"index, follow, max-snippet:-1, max-image-preview:large, max-video-preview:-1\" \/>\n<link rel=\"canonical\" href=\"https:\/\/radioljubuski.ba\/index.php\/2022\/04\/09\/rakitic-asistent-za-pobjednicki-gol-seville\/\" \/>\n<meta property=\"og:locale\" content=\"hr_HR\" \/>\n<meta property=\"og:type\" content=\"article\" \/>\n<meta property=\"og:title\" content=\"Rakiti\u0107 asistent za pobjedni\u010dki gol Seville - RADIO LJUBU\u0160KI\" \/>\n<meta property=\"og:description\" content=\"Biv\u0161i hrvatski nogometni reprezentativac Ivan Rakiti\u0107 bio je asistent za pobjedni\u010dki pogodak Seville u dramati\u010dnoj 4-2 (1-1) pobjedi protiv Granade u prvoj utakmici 31. kola \u0161panjolskog prvenstva. Rakiti\u0107 je u tre\u0107oj minuti suda\u010dke nadoknade bio najvi\u0161i u skoku pred gostuju\u0107im golom te je glavom spustio loptu za\u00a0Rafu Mira\u00a0koji je s dva metra zatresao mre\u017eu za [&hellip;]\" \/>\n<meta property=\"og:url\" content=\"https:\/\/radioljubuski.ba\/index.php\/2022\/04\/09\/rakitic-asistent-za-pobjednicki-gol-seville\/\" \/>\n<meta property=\"og:site_name\" content=\"RADIO LJUBU\u0160KI\" \/>\n<meta property=\"article:publisher\" content=\"https:\/\/www.facebook.com\/Radiio-Ljubuski-1490835324566332\" \/>\n<meta property=\"article:published_time\" content=\"2022-04-09T20:02:21+00:00\" \/>\n<meta property=\"og:image\" content=\"https:\/\/radioljubuski.ba\/wp-content\/uploads\/2022\/04\/FP2brH7XwAsX82R.jpg\" \/>\n\t<meta property=\"og:image:width\" content=\"900\" \/>\n\t<meta property=\"og:image:height\" content=\"900\" \/>\n\t<meta property=\"og:image:type\" content=\"image\/jpeg\" \/>\n<meta name=\"author\" content=\"Radio Ljubu\u0161ki\" \/>\n<meta name=\"twitter:card\" content=\"summary_large_image\" \/>\n<meta name=\"twitter:creator\" content=\"@radioljubuski\" \/>\n<meta name=\"twitter:site\" content=\"@radioljubuski\" \/>\n<meta name=\"twitter:label1\" content=\"Napisao\/la\" \/>\n\t<meta name=\"twitter:data1\" content=\"Radio Ljubu\u0161ki\" \/>\n\t<meta name=\"twitter:label2\" content=\"Procijenjeno vrijeme \u010ditanja\" \/>\n\t<meta name=\"twitter:data2\" content=\"1 minuta\" \/>\n<script type=\"application\/ld+json\" class=\"yoast-schema-graph\">{\"@context\":\"https:\\\/\\\/schema.org\",\"@graph\":[{\"@type\":\"Article\",\"@id\":\"https:\\\/\\\/radioljubuski.ba\\\/index.php\\\/2022\\\/04\\\/09\\\/rakitic-asistent-za-pobjednicki-gol-seville\\\/#article\",\"isPartOf\":{\"@id\":\"https:\\\/\\\/radioljubuski.ba\\\/index.php\\\/2022\\\/04\\\/09\\\/rakitic-asistent-za-pobjednicki-gol-seville\\\/\"},\"author\":{\"name\":\"Radio Ljubu\u0161ki\",\"@id\":\"https:\\\/\\\/radioljubuski.ba\\\/#\\\/schema\\\/person\\\/19fc700381a780f69665d7956c469e3b\"},\"headline\":\"Rakiti\u0107 asistent za pobjedni\u010dki gol Seville\",\"datePublished\":\"2022-04-09T20:02:21+00:00\",\"mainEntityOfPage\":{\"@id\":\"https:\\\/\\\/radioljubuski.ba\\\/index.php\\\/2022\\\/04\\\/09\\\/rakitic-asistent-za-pobjednicki-gol-seville\\\/\"},\"wordCount\":232,\"publisher\":{\"@id\":\"https:\\\/\\\/radioljubuski.ba\\\/#organization\"},\"image\":{\"@id\":\"https:\\\/\\\/radioljubuski.ba\\\/index.php\\\/2022\\\/04\\\/09\\\/rakitic-asistent-za-pobjednicki-gol-seville\\\/#primaryimage\"},\"thumbnailUrl\":\"https:\\\/\\\/radioljubuski.ba\\\/wp-content\\\/uploads\\\/2022\\\/04\\\/FP2brH7XwAsX82R.jpg\",\"articleSection\":[\"\u0160port\"],\"inLanguage\":\"hr\"},{\"@type\":\"WebPage\",\"@id\":\"https:\\\/\\\/radioljubuski.ba\\\/index.php\\\/2022\\\/04\\\/09\\\/rakitic-asistent-za-pobjednicki-gol-seville\\\/\",\"url\":\"https:\\\/\\\/radioljubuski.ba\\\/index.php\\\/2022\\\/04\\\/09\\\/rakitic-asistent-za-pobjednicki-gol-seville\\\/\",\"name\":\"Rakiti\u0107 asistent za pobjedni\u010dki gol Seville - RADIO LJUBU\u0160KI\",\"isPartOf\":{\"@id\":\"https:\\\/\\\/radioljubuski.ba\\\/#website\"},\"primaryImageOfPage\":{\"@id\":\"https:\\\/\\\/radioljubuski.ba\\\/index.php\\\/2022\\\/04\\\/09\\\/rakitic-asistent-za-pobjednicki-gol-seville\\\/#primaryimage\"},\"image\":{\"@id\":\"https:\\\/\\\/radioljubuski.ba\\\/index.php\\\/2022\\\/04\\\/09\\\/rakitic-asistent-za-pobjednicki-gol-seville\\\/#primaryimage\"},\"thumbnailUrl\":\"https:\\\/\\\/radioljubuski.ba\\\/wp-content\\\/uploads\\\/2022\\\/04\\\/FP2brH7XwAsX82R.jpg\",\"datePublished\":\"2022-04-09T20:02:21+00:00\",\"breadcrumb\":{\"@id\":\"https:\\\/\\\/radioljubuski.ba\\\/index.php\\\/2022\\\/04\\\/09\\\/rakitic-asistent-za-pobjednicki-gol-seville\\\/#breadcrumb\"},\"inLanguage\":\"hr\",\"potentialAction\":[{\"@type\":\"ReadAction\",\"target\":[\"https:\\\/\\\/radioljubuski.ba\\\/index.php\\\/2022\\\/04\\\/09\\\/rakitic-asistent-za-pobjednicki-gol-seville\\\/\"]}]},{\"@type\":\"ImageObject\",\"inLanguage\":\"hr\",\"@id\":\"https:\\\/\\\/radioljubuski.ba\\\/index.php\\\/2022\\\/04\\\/09\\\/rakitic-asistent-za-pobjednicki-gol-seville\\\/#primaryimage\",\"url\":\"https:\\\/\\\/radioljubuski.ba\\\/wp-content\\\/uploads\\\/2022\\\/04\\\/FP2brH7XwAsX82R.jpg\",\"contentUrl\":\"https:\\\/\\\/radioljubuski.ba\\\/wp-content\\\/uploads\\\/2022\\\/04\\\/FP2brH7XwAsX82R.jpg\",\"width\":900,\"height\":900},{\"@type\":\"BreadcrumbList\",\"@id\":\"https:\\\/\\\/radioljubuski.ba\\\/index.php\\\/2022\\\/04\\\/09\\\/rakitic-asistent-za-pobjednicki-gol-seville\\\/#breadcrumb\",\"itemListElement\":[{\"@type\":\"ListItem\",\"position\":1,\"name\":\"Po\u010detna stranica\",\"item\":\"https:\\\/\\\/radioljubuski.ba\\\/\"},{\"@type\":\"ListItem\",\"position\":2,\"name\":\"Rakiti\u0107 asistent za pobjedni\u010dki gol Seville\"}]},{\"@type\":\"WebSite\",\"@id\":\"https:\\\/\\\/radioljubuski.ba\\\/#website\",\"url\":\"https:\\\/\\\/radioljubuski.ba\\\/\",\"name\":\"Radio Ljubu\u0161ki\",\"description\":\"Sun\u010dana frekvencija Hercegovine\",\"publisher\":{\"@id\":\"https:\\\/\\\/radioljubuski.ba\\\/#organization\"},\"potentialAction\":[{\"@type\":\"SearchAction\",\"target\":{\"@type\":\"EntryPoint\",\"urlTemplate\":\"https:\\\/\\\/radioljubuski.ba\\\/?s={search_term_string}\"},\"query-input\":{\"@type\":\"PropertyValueSpecification\",\"valueRequired\":true,\"valueName\":\"search_term_string\"}}],\"inLanguage\":\"hr\"},{\"@type\":\"Organization\",\"@id\":\"https:\\\/\\\/radioljubuski.ba\\\/#organization\",\"name\":\"Radio Ljubu\u0161ki\",\"url\":\"https:\\\/\\\/radioljubuski.ba\\\/\",\"logo\":{\"@type\":\"ImageObject\",\"inLanguage\":\"hr\",\"@id\":\"https:\\\/\\\/radioljubuski.ba\\\/#\\\/schema\\\/logo\\\/image\\\/\",\"url\":\"https:\\\/\\\/radioljubuski.ba\\\/wp-content\\\/uploads\\\/2021\\\/02\\\/cropped-Radio_Ljubuski_logo1.jpg\",\"contentUrl\":\"https:\\\/\\\/radioljubuski.ba\\\/wp-content\\\/uploads\\\/2021\\\/02\\\/cropped-Radio_Ljubuski_logo1.jpg\",\"width\":512,\"height\":512,\"caption\":\"Radio Ljubu\u0161ki\"},\"image\":{\"@id\":\"https:\\\/\\\/radioljubuski.ba\\\/#\\\/schema\\\/logo\\\/image\\\/\"},\"sameAs\":[\"https:\\\/\\\/www.facebook.com\\\/Radiio-Ljubuski-1490835324566332\",\"https:\\\/\\\/x.com\\\/radioljubuski\",\"https:\\\/\\\/hr.linkedin.com\\\/company\\\/radio-ljubuski\",\"https:\\\/\\\/www.youtube.com\\\/channel\\\/UCHYaeO_n0Db3tjNGudGpXyw\"]},{\"@type\":\"Person\",\"@id\":\"https:\\\/\\\/radioljubuski.ba\\\/#\\\/schema\\\/person\\\/19fc700381a780f69665d7956c469e3b\",\"name\":\"Radio Ljubu\u0161ki\"}]}<\/script>\n<!-- \/ Yoast SEO plugin. -->","yoast_head_json":{"title":"Rakiti\u0107 asistent za pobjedni\u010dki gol Seville - RADIO LJUBU\u0160KI","robots":{"index":"index","follow":"follow","max-snippet":"max-snippet:-1","max-image-preview":"max-image-preview:large","max-video-preview":"max-video-preview:-1"},"canonical":"https:\/\/radioljubuski.ba\/index.php\/2022\/04\/09\/rakitic-asistent-za-pobjednicki-gol-seville\/","og_locale":"hr_HR","og_type":"article","og_title":"Rakiti\u0107 asistent za pobjedni\u010dki gol Seville - RADIO LJUBU\u0160KI","og_description":"Biv\u0161i hrvatski nogometni reprezentativac Ivan Rakiti\u0107 bio je asistent za pobjedni\u010dki pogodak Seville u dramati\u010dnoj 4-2 (1-1) pobjedi protiv Granade u prvoj utakmici 31. kola \u0161panjolskog prvenstva. Rakiti\u0107 je u tre\u0107oj minuti suda\u010dke nadoknade bio najvi\u0161i u skoku pred gostuju\u0107im golom te je glavom spustio loptu za\u00a0Rafu Mira\u00a0koji je s dva metra zatresao mre\u017eu za [&hellip;]","og_url":"https:\/\/radioljubuski.ba\/index.php\/2022\/04\/09\/rakitic-asistent-za-pobjednicki-gol-seville\/","og_site_name":"RADIO LJUBU\u0160KI","article_publisher":"https:\/\/www.facebook.com\/Radiio-Ljubuski-1490835324566332","article_published_time":"2022-04-09T20:02:21+00:00","og_image":[{"width":900,"height":900,"url":"https:\/\/radioljubuski.ba\/wp-content\/uploads\/2022\/04\/FP2brH7XwAsX82R.jpg","type":"image\/jpeg"}],"author":"Radio Ljubu\u0161ki","twitter_card":"summary_large_image","twitter_creator":"@radioljubuski","twitter_site":"@radioljubuski","twitter_misc":{"Napisao\/la":"Radio Ljubu\u0161ki","Procijenjeno vrijeme \u010ditanja":"1 minuta"},"schema":{"@context":"https:\/\/schema.org","@graph":[{"@type":"Article","@id":"https:\/\/radioljubuski.ba\/index.php\/2022\/04\/09\/rakitic-asistent-za-pobjednicki-gol-seville\/#article","isPartOf":{"@id":"https:\/\/radioljubuski.ba\/index.php\/2022\/04\/09\/rakitic-asistent-za-pobjednicki-gol-seville\/"},"author":{"name":"Radio Ljubu\u0161ki","@id":"https:\/\/radioljubuski.ba\/#\/schema\/person\/19fc700381a780f69665d7956c469e3b"},"headline":"Rakiti\u0107 asistent za pobjedni\u010dki gol Seville","datePublished":"2022-04-09T20:02:21+00:00","mainEntityOfPage":{"@id":"https:\/\/radioljubuski.ba\/index.php\/2022\/04\/09\/rakitic-asistent-za-pobjednicki-gol-seville\/"},"wordCount":232,"publisher":{"@id":"https:\/\/radioljubuski.ba\/#organization"},"image":{"@id":"https:\/\/radioljubuski.ba\/index.php\/2022\/04\/09\/rakitic-asistent-za-pobjednicki-gol-seville\/#primaryimage"},"thumbnailUrl":"https:\/\/radioljubuski.ba\/wp-content\/uploads\/2022\/04\/FP2brH7XwAsX82R.jpg","articleSection":["\u0160port"],"inLanguage":"hr"},{"@type":"WebPage","@id":"https:\/\/radioljubuski.ba\/index.php\/2022\/04\/09\/rakitic-asistent-za-pobjednicki-gol-seville\/","url":"https:\/\/radioljubuski.ba\/index.php\/2022\/04\/09\/rakitic-asistent-za-pobjednicki-gol-seville\/","name":"Rakiti\u0107 asistent za pobjedni\u010dki gol Seville - RADIO LJUBU\u0160KI","isPartOf":{"@id":"https:\/\/radioljubuski.ba\/#website"},"primaryImageOfPage":{"@id":"https:\/\/radioljubuski.ba\/index.php\/2022\/04\/09\/rakitic-asistent-za-pobjednicki-gol-seville\/#primaryimage"},"image":{"@id":"https:\/\/radioljubuski.ba\/index.php\/2022\/04\/09\/rakitic-asistent-za-pobjednicki-gol-seville\/#primaryimage"},"thumbnailUrl":"https:\/\/radioljubuski.ba\/wp-content\/uploads\/2022\/04\/FP2brH7XwAsX82R.jpg","datePublished":"2022-04-09T20:02:21+00:00","breadcrumb":{"@id":"https:\/\/radioljubuski.ba\/index.php\/2022\/04\/09\/rakitic-asistent-za-pobjednicki-gol-seville\/#breadcrumb"},"inLanguage":"hr","potentialAction":[{"@type":"ReadAction","target":["https:\/\/radioljubuski.ba\/index.php\/2022\/04\/09\/rakitic-asistent-za-pobjednicki-gol-seville\/"]}]},{"@type":"ImageObject","inLanguage":"hr","@id":"https:\/\/radioljubuski.ba\/index.php\/2022\/04\/09\/rakitic-asistent-za-pobjednicki-gol-seville\/#primaryimage","url":"https:\/\/radioljubuski.ba\/wp-content\/uploads\/2022\/04\/FP2brH7XwAsX82R.jpg","contentUrl":"https:\/\/radioljubuski.ba\/wp-content\/uploads\/2022\/04\/FP2brH7XwAsX82R.jpg","width":900,"height":900},{"@type":"BreadcrumbList","@id":"https:\/\/radioljubuski.ba\/index.php\/2022\/04\/09\/rakitic-asistent-za-pobjednicki-gol-seville\/#breadcrumb","itemListElement":[{"@type":"ListItem","position":1,"name":"Po\u010detna stranica","item":"https:\/\/radioljubuski.ba\/"},{"@type":"ListItem","position":2,"name":"Rakiti\u0107 asistent za pobjedni\u010dki gol Seville"}]},{"@type":"WebSite","@id":"https:\/\/radioljubuski.ba\/#website","url":"https:\/\/radioljubuski.ba\/","name":"Radio Ljubu\u0161ki","description":"Sun\u010dana frekvencija Hercegovine","publisher":{"@id":"https:\/\/radioljubuski.ba\/#organization"},"potentialAction":[{"@type":"SearchAction","target":{"@type":"EntryPoint","urlTemplate":"https:\/\/radioljubuski.ba\/?s={search_term_string}"},"query-input":{"@type":"PropertyValueSpecification","valueRequired":true,"valueName":"search_term_string"}}],"inLanguage":"hr"},{"@type":"Organization","@id":"https:\/\/radioljubuski.ba\/#organization","name":"Radio Ljubu\u0161ki","url":"https:\/\/radioljubuski.ba\/","logo":{"@type":"ImageObject","inLanguage":"hr","@id":"https:\/\/radioljubuski.ba\/#\/schema\/logo\/image\/","url":"https:\/\/radioljubuski.ba\/wp-content\/uploads\/2021\/02\/cropped-Radio_Ljubuski_logo1.jpg","contentUrl":"https:\/\/radioljubuski.ba\/wp-content\/uploads\/2021\/02\/cropped-Radio_Ljubuski_logo1.jpg","width":512,"height":512,"caption":"Radio Ljubu\u0161ki"},"image":{"@id":"https:\/\/radioljubuski.ba\/#\/schema\/logo\/image\/"},"sameAs":["https:\/\/www.facebook.com\/Radiio-Ljubuski-1490835324566332","https:\/\/x.com\/radioljubuski","https:\/\/hr.linkedin.com\/company\/radio-ljubuski","https:\/\/www.youtube.com\/channel\/UCHYaeO_n0Db3tjNGudGpXyw"]},{"@type":"Person","@id":"https:\/\/radioljubuski.ba\/#\/schema\/person\/19fc700381a780f69665d7956c469e3b","name":"Radio Ljubu\u0161ki"}]}},"_links":{"self":[{"href":"https:\/\/radioljubuski.ba\/index.php\/wp-json\/wp\/v2\/posts\/130799","targetHints":{"allow":["GET"]}}],"collection":[{"href":"https:\/\/radioljubuski.ba\/index.php\/wp-json\/wp\/v2\/posts"}],"about":[{"href":"https:\/\/radioljubuski.ba\/index.php\/wp-json\/wp\/v2\/types\/post"}],"author":[{"embeddable":true,"href":"https:\/\/radioljubuski.ba\/index.php\/wp-json\/wp\/v2\/users\/2"}],"replies":[{"embeddable":true,"href":"https:\/\/radioljubuski.ba\/index.php\/wp-json\/wp\/v2\/comments?post=130799"}],"version-history":[{"count":1,"href":"https:\/\/radioljubuski.ba\/index.php\/wp-json\/wp\/v2\/posts\/130799\/revisions"}],"predecessor-version":[{"id":130801,"href":"https:\/\/radioljubuski.ba\/index.php\/wp-json\/wp\/v2\/posts\/130799\/revisions\/130801"}],"wp:featuredmedia":[{"embeddable":true,"href":"https:\/\/radioljubuski.ba\/index.php\/wp-json\/wp\/v2\/media\/130800"}],"wp:attachment":[{"href":"https:\/\/radioljubuski.ba\/index.php\/wp-json\/wp\/v2\/media?parent=130799"}],"wp:term":[{"taxonomy":"category","embeddable":true,"href":"https:\/\/radioljubuski.ba\/index.php\/wp-json\/wp\/v2\/categories?post=130799"},{"taxonomy":"post_tag","embeddable":true,"href":"https:\/\/radioljubuski.ba\/index.php\/wp-json\/wp\/v2\/tags?post=130799"}],"curies":[{"name":"wp","href":"https:\/\/api.w.org\/{rel}","templated":true}]}}