{"id":130814,"date":"2022-04-09T21:11:33","date_gmt":"2022-04-09T20:11:33","guid":{"rendered":"https:\/\/radioljubuski.ba\/?p=130814"},"modified":"2022-04-09T21:11:34","modified_gmt":"2022-04-09T20:11:34","slug":"juventus-trazi-vlahovicu-novog-partnera-u-napadu","status":"publish","type":"post","link":"https:\/\/radioljubuski.ba\/index.php\/2022\/04\/09\/juventus-trazi-vlahovicu-novog-partnera-u-napadu\/","title":{"rendered":"Juventus tra\u017ei Vlahovi\u0107u novog partnera u napadu"},"content":{"rendered":"\n<p><strong>Talijanski nogometni velikan Juventus krenuo je u potragu za napada\u010dem kojim \u017eeli poja\u010dati mom\u010dad ovoga ljeta.<\/strong><\/p>\n\n\n\n<p>Torinska &#8220;Stara dama&#8221; tra\u017ei igra\u010da koji \u0107e zamijeniti Argentinca&nbsp;<strong>Paula Dybalu&nbsp;<\/strong>kojem isti\u010de ugovor i napu\u0161ta klub. Kako prenose talijanski mediji&nbsp;<strong>Massimiliano Allegri&nbsp;<\/strong>\u017eeli na ljeto anga\u017eirati&nbsp;<strong>Giacoma Raspadorija<\/strong>&nbsp;iz Sassuola (22) ili<strong>&nbsp;Nicolu Zaniola&nbsp;<\/strong>(22) iz Rome, vjeruju\u0107i kako su oba mlada talenta spremna za veliku pozornicu.<br><br>Raspadori je ove sezone u 30 nastupa zabio devet golova, dok je Zaniolo u 33 nastupa postigao \u010detiri gola.<\/p>\n\n\n\n<p>&#8220;Bianconeri&#8221; su u sije\u010dnju za 75 milijuna eura iz Fiorentine doveli&nbsp;<strong>Du\u0161ana Vlahovi\u0107a<\/strong>.<\/p>\n\n\n\n<p>Izvor:pogled.ba<\/p>\n","protected":false},"excerpt":{"rendered":"<p>Talijanski nogometni velikan Juventus krenuo je u potragu za napada\u010dem kojim \u017eeli poja\u010dati mom\u010dad ovoga ljeta. Torinska &#8220;Stara dama&#8221; tra\u017ei igra\u010da koji \u0107e zamijeniti Argentinca&nbsp;Paula Dybalu&nbsp;kojem isti\u010de ugovor i napu\u0161ta klub. Kako prenose talijanski mediji&nbsp;Massimiliano Allegri&nbsp;\u017eeli na ljeto anga\u017eirati&nbsp;Giacoma Raspadorija&nbsp;iz Sassuola (22) ili&nbsp;Nicolu Zaniola&nbsp;(22) iz Rome, vjeruju\u0107i kako su oba mlada talenta spremna za veliku [&hellip;]<\/p>\n","protected":false},"author":2,"featured_media":0,"comment_status":"closed","ping_status":"closed","sticky":false,"template":"","format":"standard","meta":{"h5ap_radio_sources":[],"footnotes":""},"categories":[7],"tags":[],"class_list":["post-130814","post","type-post","status-publish","format-standard","hentry","category-sport"],"yoast_head":"<!-- This site is optimized with the Yoast SEO plugin v27.4 - https:\/\/yoast.com\/product\/yoast-seo-wordpress\/ -->\n<title>Juventus tra\u017ei Vlahovi\u0107u novog partnera u napadu - RADIO LJUBU\u0160KI<\/title>\n<meta name=\"robots\" content=\"index, follow, max-snippet:-1, max-image-preview:large, max-video-preview:-1\" \/>\n<link rel=\"canonical\" href=\"https:\/\/radioljubuski.ba\/index.php\/2022\/04\/09\/juventus-trazi-vlahovicu-novog-partnera-u-napadu\/\" \/>\n<meta property=\"og:locale\" content=\"hr_HR\" \/>\n<meta property=\"og:type\" content=\"article\" \/>\n<meta property=\"og:title\" content=\"Juventus tra\u017ei Vlahovi\u0107u novog partnera u napadu - RADIO LJUBU\u0160KI\" \/>\n<meta property=\"og:description\" content=\"Talijanski nogometni velikan Juventus krenuo je u potragu za napada\u010dem kojim \u017eeli poja\u010dati mom\u010dad ovoga ljeta. Torinska &#8220;Stara dama&#8221; tra\u017ei igra\u010da koji \u0107e zamijeniti Argentinca&nbsp;Paula Dybalu&nbsp;kojem isti\u010de ugovor i napu\u0161ta klub. Kako prenose talijanski mediji&nbsp;Massimiliano Allegri&nbsp;\u017eeli na ljeto anga\u017eirati&nbsp;Giacoma Raspadorija&nbsp;iz Sassuola (22) ili&nbsp;Nicolu Zaniola&nbsp;(22) iz Rome, vjeruju\u0107i kako su oba mlada talenta spremna za veliku [&hellip;]\" \/>\n<meta property=\"og:url\" content=\"https:\/\/radioljubuski.ba\/index.php\/2022\/04\/09\/juventus-trazi-vlahovicu-novog-partnera-u-napadu\/\" \/>\n<meta property=\"og:site_name\" content=\"RADIO LJUBU\u0160KI\" \/>\n<meta property=\"article:publisher\" content=\"https:\/\/www.facebook.com\/Radiio-Ljubuski-1490835324566332\" \/>\n<meta property=\"article:published_time\" content=\"2022-04-09T20:11:33+00:00\" \/>\n<meta property=\"article:modified_time\" content=\"2022-04-09T20:11:34+00:00\" \/>\n<meta property=\"og:image\" content=\"https:\/\/radioljubuski.ba\/wp-content\/uploads\/2022\/04\/2022-03-29t192348z-959557166-up1ei3t1hvlwq-rtrmadp-3-soccer-friendly-tur-ita-report-20220409143513.jpg\" \/>\n\t<meta property=\"og:image:width\" content=\"688\" \/>\n\t<meta property=\"og:image:height\" content=\"445\" \/>\n\t<meta property=\"og:image:type\" content=\"image\/jpeg\" \/>\n<meta name=\"author\" content=\"Radio Ljubu\u0161ki\" \/>\n<meta name=\"twitter:card\" content=\"summary_large_image\" \/>\n<meta name=\"twitter:creator\" content=\"@radioljubuski\" \/>\n<meta name=\"twitter:site\" content=\"@radioljubuski\" \/>\n<meta name=\"twitter:label1\" content=\"Napisao\/la\" \/>\n\t<meta name=\"twitter:data1\" content=\"Radio Ljubu\u0161ki\" \/>\n\t<meta name=\"twitter:label2\" content=\"Procijenjeno vrijeme \u010ditanja\" \/>\n\t<meta name=\"twitter:data2\" content=\"1 minuta\" \/>\n<script type=\"application\/ld+json\" class=\"yoast-schema-graph\">{\"@context\":\"https:\\\/\\\/schema.org\",\"@graph\":[{\"@type\":\"Article\",\"@id\":\"https:\\\/\\\/radioljubuski.ba\\\/index.php\\\/2022\\\/04\\\/09\\\/juventus-trazi-vlahovicu-novog-partnera-u-napadu\\\/#article\",\"isPartOf\":{\"@id\":\"https:\\\/\\\/radioljubuski.ba\\\/index.php\\\/2022\\\/04\\\/09\\\/juventus-trazi-vlahovicu-novog-partnera-u-napadu\\\/\"},\"author\":{\"name\":\"Radio Ljubu\u0161ki\",\"@id\":\"https:\\\/\\\/radioljubuski.ba\\\/#\\\/schema\\\/person\\\/19fc700381a780f69665d7956c469e3b\"},\"headline\":\"Juventus tra\u017ei Vlahovi\u0107u novog partnera u napadu\",\"datePublished\":\"2022-04-09T20:11:33+00:00\",\"dateModified\":\"2022-04-09T20:11:34+00:00\",\"mainEntityOfPage\":{\"@id\":\"https:\\\/\\\/radioljubuski.ba\\\/index.php\\\/2022\\\/04\\\/09\\\/juventus-trazi-vlahovicu-novog-partnera-u-napadu\\\/\"},\"wordCount\":124,\"publisher\":{\"@id\":\"https:\\\/\\\/radioljubuski.ba\\\/#organization\"},\"articleSection\":[\"\u0160port\"],\"inLanguage\":\"hr\"},{\"@type\":\"WebPage\",\"@id\":\"https:\\\/\\\/radioljubuski.ba\\\/index.php\\\/2022\\\/04\\\/09\\\/juventus-trazi-vlahovicu-novog-partnera-u-napadu\\\/\",\"url\":\"https:\\\/\\\/radioljubuski.ba\\\/index.php\\\/2022\\\/04\\\/09\\\/juventus-trazi-vlahovicu-novog-partnera-u-napadu\\\/\",\"name\":\"Juventus tra\u017ei Vlahovi\u0107u novog partnera u napadu - RADIO LJUBU\u0160KI\",\"isPartOf\":{\"@id\":\"https:\\\/\\\/radioljubuski.ba\\\/#website\"},\"datePublished\":\"2022-04-09T20:11:33+00:00\",\"dateModified\":\"2022-04-09T20:11:34+00:00\",\"breadcrumb\":{\"@id\":\"https:\\\/\\\/radioljubuski.ba\\\/index.php\\\/2022\\\/04\\\/09\\\/juventus-trazi-vlahovicu-novog-partnera-u-napadu\\\/#breadcrumb\"},\"inLanguage\":\"hr\",\"potentialAction\":[{\"@type\":\"ReadAction\",\"target\":[\"https:\\\/\\\/radioljubuski.ba\\\/index.php\\\/2022\\\/04\\\/09\\\/juventus-trazi-vlahovicu-novog-partnera-u-napadu\\\/\"]}]},{\"@type\":\"BreadcrumbList\",\"@id\":\"https:\\\/\\\/radioljubuski.ba\\\/index.php\\\/2022\\\/04\\\/09\\\/juventus-trazi-vlahovicu-novog-partnera-u-napadu\\\/#breadcrumb\",\"itemListElement\":[{\"@type\":\"ListItem\",\"position\":1,\"name\":\"Po\u010detna stranica\",\"item\":\"https:\\\/\\\/radioljubuski.ba\\\/\"},{\"@type\":\"ListItem\",\"position\":2,\"name\":\"Juventus tra\u017ei Vlahovi\u0107u novog partnera u napadu\"}]},{\"@type\":\"WebSite\",\"@id\":\"https:\\\/\\\/radioljubuski.ba\\\/#website\",\"url\":\"https:\\\/\\\/radioljubuski.ba\\\/\",\"name\":\"Radio Ljubu\u0161ki\",\"description\":\"Sun\u010dana frekvencija Hercegovine\",\"publisher\":{\"@id\":\"https:\\\/\\\/radioljubuski.ba\\\/#organization\"},\"potentialAction\":[{\"@type\":\"SearchAction\",\"target\":{\"@type\":\"EntryPoint\",\"urlTemplate\":\"https:\\\/\\\/radioljubuski.ba\\\/?s={search_term_string}\"},\"query-input\":{\"@type\":\"PropertyValueSpecification\",\"valueRequired\":true,\"valueName\":\"search_term_string\"}}],\"inLanguage\":\"hr\"},{\"@type\":\"Organization\",\"@id\":\"https:\\\/\\\/radioljubuski.ba\\\/#organization\",\"name\":\"Radio Ljubu\u0161ki\",\"url\":\"https:\\\/\\\/radioljubuski.ba\\\/\",\"logo\":{\"@type\":\"ImageObject\",\"inLanguage\":\"hr\",\"@id\":\"https:\\\/\\\/radioljubuski.ba\\\/#\\\/schema\\\/logo\\\/image\\\/\",\"url\":\"https:\\\/\\\/radioljubuski.ba\\\/wp-content\\\/uploads\\\/2021\\\/02\\\/cropped-Radio_Ljubuski_logo1.jpg\",\"contentUrl\":\"https:\\\/\\\/radioljubuski.ba\\\/wp-content\\\/uploads\\\/2021\\\/02\\\/cropped-Radio_Ljubuski_logo1.jpg\",\"width\":512,\"height\":512,\"caption\":\"Radio Ljubu\u0161ki\"},\"image\":{\"@id\":\"https:\\\/\\\/radioljubuski.ba\\\/#\\\/schema\\\/logo\\\/image\\\/\"},\"sameAs\":[\"https:\\\/\\\/www.facebook.com\\\/Radiio-Ljubuski-1490835324566332\",\"https:\\\/\\\/x.com\\\/radioljubuski\",\"https:\\\/\\\/hr.linkedin.com\\\/company\\\/radio-ljubuski\",\"https:\\\/\\\/www.youtube.com\\\/channel\\\/UCHYaeO_n0Db3tjNGudGpXyw\"]},{\"@type\":\"Person\",\"@id\":\"https:\\\/\\\/radioljubuski.ba\\\/#\\\/schema\\\/person\\\/19fc700381a780f69665d7956c469e3b\",\"name\":\"Radio Ljubu\u0161ki\"}]}<\/script>\n<!-- \/ Yoast SEO plugin. -->","yoast_head_json":{"title":"Juventus tra\u017ei Vlahovi\u0107u novog partnera u napadu - RADIO LJUBU\u0160KI","robots":{"index":"index","follow":"follow","max-snippet":"max-snippet:-1","max-image-preview":"max-image-preview:large","max-video-preview":"max-video-preview:-1"},"canonical":"https:\/\/radioljubuski.ba\/index.php\/2022\/04\/09\/juventus-trazi-vlahovicu-novog-partnera-u-napadu\/","og_locale":"hr_HR","og_type":"article","og_title":"Juventus tra\u017ei Vlahovi\u0107u novog partnera u napadu - RADIO LJUBU\u0160KI","og_description":"Talijanski nogometni velikan Juventus krenuo je u potragu za napada\u010dem kojim \u017eeli poja\u010dati mom\u010dad ovoga ljeta. Torinska &#8220;Stara dama&#8221; tra\u017ei igra\u010da koji \u0107e zamijeniti Argentinca&nbsp;Paula Dybalu&nbsp;kojem isti\u010de ugovor i napu\u0161ta klub. Kako prenose talijanski mediji&nbsp;Massimiliano Allegri&nbsp;\u017eeli na ljeto anga\u017eirati&nbsp;Giacoma Raspadorija&nbsp;iz Sassuola (22) ili&nbsp;Nicolu Zaniola&nbsp;(22) iz Rome, vjeruju\u0107i kako su oba mlada talenta spremna za veliku [&hellip;]","og_url":"https:\/\/radioljubuski.ba\/index.php\/2022\/04\/09\/juventus-trazi-vlahovicu-novog-partnera-u-napadu\/","og_site_name":"RADIO LJUBU\u0160KI","article_publisher":"https:\/\/www.facebook.com\/Radiio-Ljubuski-1490835324566332","article_published_time":"2022-04-09T20:11:33+00:00","article_modified_time":"2022-04-09T20:11:34+00:00","og_image":[{"width":688,"height":445,"url":"https:\/\/radioljubuski.ba\/wp-content\/uploads\/2022\/04\/2022-03-29t192348z-959557166-up1ei3t1hvlwq-rtrmadp-3-soccer-friendly-tur-ita-report-20220409143513.jpg","type":"image\/jpeg"}],"author":"Radio Ljubu\u0161ki","twitter_card":"summary_large_image","twitter_creator":"@radioljubuski","twitter_site":"@radioljubuski","twitter_misc":{"Napisao\/la":"Radio Ljubu\u0161ki","Procijenjeno vrijeme \u010ditanja":"1 minuta"},"schema":{"@context":"https:\/\/schema.org","@graph":[{"@type":"Article","@id":"https:\/\/radioljubuski.ba\/index.php\/2022\/04\/09\/juventus-trazi-vlahovicu-novog-partnera-u-napadu\/#article","isPartOf":{"@id":"https:\/\/radioljubuski.ba\/index.php\/2022\/04\/09\/juventus-trazi-vlahovicu-novog-partnera-u-napadu\/"},"author":{"name":"Radio Ljubu\u0161ki","@id":"https:\/\/radioljubuski.ba\/#\/schema\/person\/19fc700381a780f69665d7956c469e3b"},"headline":"Juventus tra\u017ei Vlahovi\u0107u novog partnera u napadu","datePublished":"2022-04-09T20:11:33+00:00","dateModified":"2022-04-09T20:11:34+00:00","mainEntityOfPage":{"@id":"https:\/\/radioljubuski.ba\/index.php\/2022\/04\/09\/juventus-trazi-vlahovicu-novog-partnera-u-napadu\/"},"wordCount":124,"publisher":{"@id":"https:\/\/radioljubuski.ba\/#organization"},"articleSection":["\u0160port"],"inLanguage":"hr"},{"@type":"WebPage","@id":"https:\/\/radioljubuski.ba\/index.php\/2022\/04\/09\/juventus-trazi-vlahovicu-novog-partnera-u-napadu\/","url":"https:\/\/radioljubuski.ba\/index.php\/2022\/04\/09\/juventus-trazi-vlahovicu-novog-partnera-u-napadu\/","name":"Juventus tra\u017ei Vlahovi\u0107u novog partnera u napadu - RADIO LJUBU\u0160KI","isPartOf":{"@id":"https:\/\/radioljubuski.ba\/#website"},"datePublished":"2022-04-09T20:11:33+00:00","dateModified":"2022-04-09T20:11:34+00:00","breadcrumb":{"@id":"https:\/\/radioljubuski.ba\/index.php\/2022\/04\/09\/juventus-trazi-vlahovicu-novog-partnera-u-napadu\/#breadcrumb"},"inLanguage":"hr","potentialAction":[{"@type":"ReadAction","target":["https:\/\/radioljubuski.ba\/index.php\/2022\/04\/09\/juventus-trazi-vlahovicu-novog-partnera-u-napadu\/"]}]},{"@type":"BreadcrumbList","@id":"https:\/\/radioljubuski.ba\/index.php\/2022\/04\/09\/juventus-trazi-vlahovicu-novog-partnera-u-napadu\/#breadcrumb","itemListElement":[{"@type":"ListItem","position":1,"name":"Po\u010detna stranica","item":"https:\/\/radioljubuski.ba\/"},{"@type":"ListItem","position":2,"name":"Juventus tra\u017ei Vlahovi\u0107u novog partnera u napadu"}]},{"@type":"WebSite","@id":"https:\/\/radioljubuski.ba\/#website","url":"https:\/\/radioljubuski.ba\/","name":"Radio Ljubu\u0161ki","description":"Sun\u010dana frekvencija Hercegovine","publisher":{"@id":"https:\/\/radioljubuski.ba\/#organization"},"potentialAction":[{"@type":"SearchAction","target":{"@type":"EntryPoint","urlTemplate":"https:\/\/radioljubuski.ba\/?s={search_term_string}"},"query-input":{"@type":"PropertyValueSpecification","valueRequired":true,"valueName":"search_term_string"}}],"inLanguage":"hr"},{"@type":"Organization","@id":"https:\/\/radioljubuski.ba\/#organization","name":"Radio Ljubu\u0161ki","url":"https:\/\/radioljubuski.ba\/","logo":{"@type":"ImageObject","inLanguage":"hr","@id":"https:\/\/radioljubuski.ba\/#\/schema\/logo\/image\/","url":"https:\/\/radioljubuski.ba\/wp-content\/uploads\/2021\/02\/cropped-Radio_Ljubuski_logo1.jpg","contentUrl":"https:\/\/radioljubuski.ba\/wp-content\/uploads\/2021\/02\/cropped-Radio_Ljubuski_logo1.jpg","width":512,"height":512,"caption":"Radio Ljubu\u0161ki"},"image":{"@id":"https:\/\/radioljubuski.ba\/#\/schema\/logo\/image\/"},"sameAs":["https:\/\/www.facebook.com\/Radiio-Ljubuski-1490835324566332","https:\/\/x.com\/radioljubuski","https:\/\/hr.linkedin.com\/company\/radio-ljubuski","https:\/\/www.youtube.com\/channel\/UCHYaeO_n0Db3tjNGudGpXyw"]},{"@type":"Person","@id":"https:\/\/radioljubuski.ba\/#\/schema\/person\/19fc700381a780f69665d7956c469e3b","name":"Radio Ljubu\u0161ki"}]}},"_links":{"self":[{"href":"https:\/\/radioljubuski.ba\/index.php\/wp-json\/wp\/v2\/posts\/130814","targetHints":{"allow":["GET"]}}],"collection":[{"href":"https:\/\/radioljubuski.ba\/index.php\/wp-json\/wp\/v2\/posts"}],"about":[{"href":"https:\/\/radioljubuski.ba\/index.php\/wp-json\/wp\/v2\/types\/post"}],"author":[{"embeddable":true,"href":"https:\/\/radioljubuski.ba\/index.php\/wp-json\/wp\/v2\/users\/2"}],"replies":[{"embeddable":true,"href":"https:\/\/radioljubuski.ba\/index.php\/wp-json\/wp\/v2\/comments?post=130814"}],"version-history":[{"count":1,"href":"https:\/\/radioljubuski.ba\/index.php\/wp-json\/wp\/v2\/posts\/130814\/revisions"}],"predecessor-version":[{"id":130816,"href":"https:\/\/radioljubuski.ba\/index.php\/wp-json\/wp\/v2\/posts\/130814\/revisions\/130816"}],"wp:attachment":[{"href":"https:\/\/radioljubuski.ba\/index.php\/wp-json\/wp\/v2\/media?parent=130814"}],"wp:term":[{"taxonomy":"category","embeddable":true,"href":"https:\/\/radioljubuski.ba\/index.php\/wp-json\/wp\/v2\/categories?post=130814"},{"taxonomy":"post_tag","embeddable":true,"href":"https:\/\/radioljubuski.ba\/index.php\/wp-json\/wp\/v2\/tags?post=130814"}],"curies":[{"name":"wp","href":"https:\/\/api.w.org\/{rel}","templated":true}]}}