{"id":130832,"date":"2022-04-09T21:21:22","date_gmt":"2022-04-09T20:21:22","guid":{"rendered":"https:\/\/radioljubuski.ba\/?p=130832"},"modified":"2022-04-09T21:21:22","modified_gmt":"2022-04-09T20:21:22","slug":"druga-hnl-rudes-na-vrhu","status":"publish","type":"post","link":"https:\/\/radioljubuski.ba\/index.php\/2022\/04\/09\/druga-hnl-rudes-na-vrhu\/","title":{"rendered":"Druga HNL: Rude\u0161 na vrhu"},"content":{"rendered":"\n<p><strong>Nogometa\u0161i Rude\u0161a 2-1 (1-1) gostuju\u0107om pobjedom protiv Solina u susretu 23. kola zasjeli su na vrh ljestvice Druge HNL.<\/strong><\/p>\n\n\n\n<p>Pobjedu Rude\u0161u s dva gola osigurao je&nbsp;<strong>Sekuli\u0107&nbsp;<\/strong>(10, 76), dok je strijelac za Solin bio&nbsp;<strong>Juki\u0107&nbsp;<\/strong>(29-11m).<br><br>Rude\u0161 sada ima 43 boda, jedan vi\u0161e uz utakmicu vi\u0161e od drugog Vara\u017edina koji \u0107e u nedjelju gostovati kod Croatije u Zmijavcima (15 sati).<br><br>Posljednja Opatija sve je dalje od spasa nakon 1-2 (0-1) doma\u0107eg poraza od Osijeka II.&nbsp;<strong>Hanuljak&nbsp;<\/strong>i&nbsp;<strong>Bai\u0107&nbsp;<\/strong>su bili strijelci za Osje\u010dane, dok je po\u010dasni gol za Opatiju postigao&nbsp;<strong>Junuzovi\u0107<\/strong>. Opatija tako i dalje ima \u010detiri boda manje, a sada i utakmicu vi\u0161e od pretposljednjih Sesveta koje \u0107e u nedjelju gostovati kod BSK-a.<br><br>U preostala dva subotnja susreta doma\u0107ini su bili sigurni, Kusto\u0161ija je sa 4-2 bila bolja od Dugopolja, dok je Cibalia pobijedila Orijent 1919 sa 5-1.<\/p>\n\n\n\n<p>Izvor:hrt.hr<\/p>\n","protected":false},"excerpt":{"rendered":"<p>Nogometa\u0161i Rude\u0161a 2-1 (1-1) gostuju\u0107om pobjedom protiv Solina u susretu 23. kola zasjeli su na vrh ljestvice Druge HNL. Pobjedu Rude\u0161u s dva gola osigurao je&nbsp;Sekuli\u0107&nbsp;(10, 76), dok je strijelac za Solin bio&nbsp;Juki\u0107&nbsp;(29-11m). Rude\u0161 sada ima 43 boda, jedan vi\u0161e uz utakmicu vi\u0161e od drugog Vara\u017edina koji \u0107e u nedjelju gostovati kod Croatije u Zmijavcima [&hellip;]<\/p>\n","protected":false},"author":2,"featured_media":130833,"comment_status":"closed","ping_status":"closed","sticky":false,"template":"","format":"standard","meta":{"h5ap_radio_sources":[],"footnotes":""},"categories":[7],"tags":[],"class_list":["post-130832","post","type-post","status-publish","format-standard","has-post-thumbnail","hentry","category-sport"],"yoast_head":"<!-- This site is optimized with the Yoast SEO plugin v27.4 - https:\/\/yoast.com\/product\/yoast-seo-wordpress\/ -->\n<title>Druga HNL: Rude\u0161 na vrhu - RADIO LJUBU\u0160KI<\/title>\n<meta name=\"robots\" content=\"index, follow, max-snippet:-1, max-image-preview:large, max-video-preview:-1\" \/>\n<link rel=\"canonical\" href=\"https:\/\/radioljubuski.ba\/index.php\/2022\/04\/09\/druga-hnl-rudes-na-vrhu\/\" \/>\n<meta property=\"og:locale\" content=\"hr_HR\" \/>\n<meta property=\"og:type\" content=\"article\" \/>\n<meta property=\"og:title\" content=\"Druga HNL: Rude\u0161 na vrhu - RADIO LJUBU\u0160KI\" \/>\n<meta property=\"og:description\" content=\"Nogometa\u0161i Rude\u0161a 2-1 (1-1) gostuju\u0107om pobjedom protiv Solina u susretu 23. kola zasjeli su na vrh ljestvice Druge HNL. Pobjedu Rude\u0161u s dva gola osigurao je&nbsp;Sekuli\u0107&nbsp;(10, 76), dok je strijelac za Solin bio&nbsp;Juki\u0107&nbsp;(29-11m). Rude\u0161 sada ima 43 boda, jedan vi\u0161e uz utakmicu vi\u0161e od drugog Vara\u017edina koji \u0107e u nedjelju gostovati kod Croatije u Zmijavcima [&hellip;]\" \/>\n<meta property=\"og:url\" content=\"https:\/\/radioljubuski.ba\/index.php\/2022\/04\/09\/druga-hnl-rudes-na-vrhu\/\" \/>\n<meta property=\"og:site_name\" content=\"RADIO LJUBU\u0160KI\" \/>\n<meta property=\"article:publisher\" content=\"https:\/\/www.facebook.com\/Radiio-Ljubuski-1490835324566332\" \/>\n<meta property=\"article:published_time\" content=\"2022-04-09T20:21:22+00:00\" \/>\n<meta property=\"og:image\" content=\"https:\/\/radioljubuski.ba\/wp-content\/uploads\/2022\/04\/1d38f2c2-b210-4565-8b05-34b5475d0902.jpg\" \/>\n\t<meta property=\"og:image:width\" content=\"480\" \/>\n\t<meta property=\"og:image:height\" content=\"480\" \/>\n\t<meta property=\"og:image:type\" content=\"image\/jpeg\" \/>\n<meta name=\"author\" content=\"Radio Ljubu\u0161ki\" \/>\n<meta name=\"twitter:card\" content=\"summary_large_image\" \/>\n<meta name=\"twitter:creator\" content=\"@radioljubuski\" \/>\n<meta name=\"twitter:site\" content=\"@radioljubuski\" \/>\n<meta name=\"twitter:label1\" content=\"Napisao\/la\" \/>\n\t<meta name=\"twitter:data1\" content=\"Radio Ljubu\u0161ki\" \/>\n\t<meta name=\"twitter:label2\" content=\"Procijenjeno vrijeme \u010ditanja\" \/>\n\t<meta name=\"twitter:data2\" content=\"1 minuta\" \/>\n<script type=\"application\/ld+json\" class=\"yoast-schema-graph\">{\"@context\":\"https:\\\/\\\/schema.org\",\"@graph\":[{\"@type\":\"Article\",\"@id\":\"https:\\\/\\\/radioljubuski.ba\\\/index.php\\\/2022\\\/04\\\/09\\\/druga-hnl-rudes-na-vrhu\\\/#article\",\"isPartOf\":{\"@id\":\"https:\\\/\\\/radioljubuski.ba\\\/index.php\\\/2022\\\/04\\\/09\\\/druga-hnl-rudes-na-vrhu\\\/\"},\"author\":{\"name\":\"Radio Ljubu\u0161ki\",\"@id\":\"https:\\\/\\\/radioljubuski.ba\\\/#\\\/schema\\\/person\\\/19fc700381a780f69665d7956c469e3b\"},\"headline\":\"Druga HNL: Rude\u0161 na vrhu\",\"datePublished\":\"2022-04-09T20:21:22+00:00\",\"mainEntityOfPage\":{\"@id\":\"https:\\\/\\\/radioljubuski.ba\\\/index.php\\\/2022\\\/04\\\/09\\\/druga-hnl-rudes-na-vrhu\\\/\"},\"wordCount\":165,\"publisher\":{\"@id\":\"https:\\\/\\\/radioljubuski.ba\\\/#organization\"},\"image\":{\"@id\":\"https:\\\/\\\/radioljubuski.ba\\\/index.php\\\/2022\\\/04\\\/09\\\/druga-hnl-rudes-na-vrhu\\\/#primaryimage\"},\"thumbnailUrl\":\"https:\\\/\\\/radioljubuski.ba\\\/wp-content\\\/uploads\\\/2022\\\/04\\\/1d38f2c2-b210-4565-8b05-34b5475d0902.jpg\",\"articleSection\":[\"\u0160port\"],\"inLanguage\":\"hr\"},{\"@type\":\"WebPage\",\"@id\":\"https:\\\/\\\/radioljubuski.ba\\\/index.php\\\/2022\\\/04\\\/09\\\/druga-hnl-rudes-na-vrhu\\\/\",\"url\":\"https:\\\/\\\/radioljubuski.ba\\\/index.php\\\/2022\\\/04\\\/09\\\/druga-hnl-rudes-na-vrhu\\\/\",\"name\":\"Druga HNL: Rude\u0161 na vrhu - RADIO LJUBU\u0160KI\",\"isPartOf\":{\"@id\":\"https:\\\/\\\/radioljubuski.ba\\\/#website\"},\"primaryImageOfPage\":{\"@id\":\"https:\\\/\\\/radioljubuski.ba\\\/index.php\\\/2022\\\/04\\\/09\\\/druga-hnl-rudes-na-vrhu\\\/#primaryimage\"},\"image\":{\"@id\":\"https:\\\/\\\/radioljubuski.ba\\\/index.php\\\/2022\\\/04\\\/09\\\/druga-hnl-rudes-na-vrhu\\\/#primaryimage\"},\"thumbnailUrl\":\"https:\\\/\\\/radioljubuski.ba\\\/wp-content\\\/uploads\\\/2022\\\/04\\\/1d38f2c2-b210-4565-8b05-34b5475d0902.jpg\",\"datePublished\":\"2022-04-09T20:21:22+00:00\",\"breadcrumb\":{\"@id\":\"https:\\\/\\\/radioljubuski.ba\\\/index.php\\\/2022\\\/04\\\/09\\\/druga-hnl-rudes-na-vrhu\\\/#breadcrumb\"},\"inLanguage\":\"hr\",\"potentialAction\":[{\"@type\":\"ReadAction\",\"target\":[\"https:\\\/\\\/radioljubuski.ba\\\/index.php\\\/2022\\\/04\\\/09\\\/druga-hnl-rudes-na-vrhu\\\/\"]}]},{\"@type\":\"ImageObject\",\"inLanguage\":\"hr\",\"@id\":\"https:\\\/\\\/radioljubuski.ba\\\/index.php\\\/2022\\\/04\\\/09\\\/druga-hnl-rudes-na-vrhu\\\/#primaryimage\",\"url\":\"https:\\\/\\\/radioljubuski.ba\\\/wp-content\\\/uploads\\\/2022\\\/04\\\/1d38f2c2-b210-4565-8b05-34b5475d0902.jpg\",\"contentUrl\":\"https:\\\/\\\/radioljubuski.ba\\\/wp-content\\\/uploads\\\/2022\\\/04\\\/1d38f2c2-b210-4565-8b05-34b5475d0902.jpg\",\"width\":480,\"height\":480},{\"@type\":\"BreadcrumbList\",\"@id\":\"https:\\\/\\\/radioljubuski.ba\\\/index.php\\\/2022\\\/04\\\/09\\\/druga-hnl-rudes-na-vrhu\\\/#breadcrumb\",\"itemListElement\":[{\"@type\":\"ListItem\",\"position\":1,\"name\":\"Po\u010detna stranica\",\"item\":\"https:\\\/\\\/radioljubuski.ba\\\/\"},{\"@type\":\"ListItem\",\"position\":2,\"name\":\"Druga HNL: Rude\u0161 na vrhu\"}]},{\"@type\":\"WebSite\",\"@id\":\"https:\\\/\\\/radioljubuski.ba\\\/#website\",\"url\":\"https:\\\/\\\/radioljubuski.ba\\\/\",\"name\":\"Radio Ljubu\u0161ki\",\"description\":\"Sun\u010dana frekvencija Hercegovine\",\"publisher\":{\"@id\":\"https:\\\/\\\/radioljubuski.ba\\\/#organization\"},\"potentialAction\":[{\"@type\":\"SearchAction\",\"target\":{\"@type\":\"EntryPoint\",\"urlTemplate\":\"https:\\\/\\\/radioljubuski.ba\\\/?s={search_term_string}\"},\"query-input\":{\"@type\":\"PropertyValueSpecification\",\"valueRequired\":true,\"valueName\":\"search_term_string\"}}],\"inLanguage\":\"hr\"},{\"@type\":\"Organization\",\"@id\":\"https:\\\/\\\/radioljubuski.ba\\\/#organization\",\"name\":\"Radio Ljubu\u0161ki\",\"url\":\"https:\\\/\\\/radioljubuski.ba\\\/\",\"logo\":{\"@type\":\"ImageObject\",\"inLanguage\":\"hr\",\"@id\":\"https:\\\/\\\/radioljubuski.ba\\\/#\\\/schema\\\/logo\\\/image\\\/\",\"url\":\"https:\\\/\\\/radioljubuski.ba\\\/wp-content\\\/uploads\\\/2021\\\/02\\\/cropped-Radio_Ljubuski_logo1.jpg\",\"contentUrl\":\"https:\\\/\\\/radioljubuski.ba\\\/wp-content\\\/uploads\\\/2021\\\/02\\\/cropped-Radio_Ljubuski_logo1.jpg\",\"width\":512,\"height\":512,\"caption\":\"Radio Ljubu\u0161ki\"},\"image\":{\"@id\":\"https:\\\/\\\/radioljubuski.ba\\\/#\\\/schema\\\/logo\\\/image\\\/\"},\"sameAs\":[\"https:\\\/\\\/www.facebook.com\\\/Radiio-Ljubuski-1490835324566332\",\"https:\\\/\\\/x.com\\\/radioljubuski\",\"https:\\\/\\\/hr.linkedin.com\\\/company\\\/radio-ljubuski\",\"https:\\\/\\\/www.youtube.com\\\/channel\\\/UCHYaeO_n0Db3tjNGudGpXyw\"]},{\"@type\":\"Person\",\"@id\":\"https:\\\/\\\/radioljubuski.ba\\\/#\\\/schema\\\/person\\\/19fc700381a780f69665d7956c469e3b\",\"name\":\"Radio Ljubu\u0161ki\"}]}<\/script>\n<!-- \/ Yoast SEO plugin. -->","yoast_head_json":{"title":"Druga HNL: Rude\u0161 na vrhu - RADIO LJUBU\u0160KI","robots":{"index":"index","follow":"follow","max-snippet":"max-snippet:-1","max-image-preview":"max-image-preview:large","max-video-preview":"max-video-preview:-1"},"canonical":"https:\/\/radioljubuski.ba\/index.php\/2022\/04\/09\/druga-hnl-rudes-na-vrhu\/","og_locale":"hr_HR","og_type":"article","og_title":"Druga HNL: Rude\u0161 na vrhu - RADIO LJUBU\u0160KI","og_description":"Nogometa\u0161i Rude\u0161a 2-1 (1-1) gostuju\u0107om pobjedom protiv Solina u susretu 23. kola zasjeli su na vrh ljestvice Druge HNL. Pobjedu Rude\u0161u s dva gola osigurao je&nbsp;Sekuli\u0107&nbsp;(10, 76), dok je strijelac za Solin bio&nbsp;Juki\u0107&nbsp;(29-11m). Rude\u0161 sada ima 43 boda, jedan vi\u0161e uz utakmicu vi\u0161e od drugog Vara\u017edina koji \u0107e u nedjelju gostovati kod Croatije u Zmijavcima [&hellip;]","og_url":"https:\/\/radioljubuski.ba\/index.php\/2022\/04\/09\/druga-hnl-rudes-na-vrhu\/","og_site_name":"RADIO LJUBU\u0160KI","article_publisher":"https:\/\/www.facebook.com\/Radiio-Ljubuski-1490835324566332","article_published_time":"2022-04-09T20:21:22+00:00","og_image":[{"width":480,"height":480,"url":"https:\/\/radioljubuski.ba\/wp-content\/uploads\/2022\/04\/1d38f2c2-b210-4565-8b05-34b5475d0902.jpg","type":"image\/jpeg"}],"author":"Radio Ljubu\u0161ki","twitter_card":"summary_large_image","twitter_creator":"@radioljubuski","twitter_site":"@radioljubuski","twitter_misc":{"Napisao\/la":"Radio Ljubu\u0161ki","Procijenjeno vrijeme \u010ditanja":"1 minuta"},"schema":{"@context":"https:\/\/schema.org","@graph":[{"@type":"Article","@id":"https:\/\/radioljubuski.ba\/index.php\/2022\/04\/09\/druga-hnl-rudes-na-vrhu\/#article","isPartOf":{"@id":"https:\/\/radioljubuski.ba\/index.php\/2022\/04\/09\/druga-hnl-rudes-na-vrhu\/"},"author":{"name":"Radio Ljubu\u0161ki","@id":"https:\/\/radioljubuski.ba\/#\/schema\/person\/19fc700381a780f69665d7956c469e3b"},"headline":"Druga HNL: Rude\u0161 na vrhu","datePublished":"2022-04-09T20:21:22+00:00","mainEntityOfPage":{"@id":"https:\/\/radioljubuski.ba\/index.php\/2022\/04\/09\/druga-hnl-rudes-na-vrhu\/"},"wordCount":165,"publisher":{"@id":"https:\/\/radioljubuski.ba\/#organization"},"image":{"@id":"https:\/\/radioljubuski.ba\/index.php\/2022\/04\/09\/druga-hnl-rudes-na-vrhu\/#primaryimage"},"thumbnailUrl":"https:\/\/radioljubuski.ba\/wp-content\/uploads\/2022\/04\/1d38f2c2-b210-4565-8b05-34b5475d0902.jpg","articleSection":["\u0160port"],"inLanguage":"hr"},{"@type":"WebPage","@id":"https:\/\/radioljubuski.ba\/index.php\/2022\/04\/09\/druga-hnl-rudes-na-vrhu\/","url":"https:\/\/radioljubuski.ba\/index.php\/2022\/04\/09\/druga-hnl-rudes-na-vrhu\/","name":"Druga HNL: Rude\u0161 na vrhu - RADIO LJUBU\u0160KI","isPartOf":{"@id":"https:\/\/radioljubuski.ba\/#website"},"primaryImageOfPage":{"@id":"https:\/\/radioljubuski.ba\/index.php\/2022\/04\/09\/druga-hnl-rudes-na-vrhu\/#primaryimage"},"image":{"@id":"https:\/\/radioljubuski.ba\/index.php\/2022\/04\/09\/druga-hnl-rudes-na-vrhu\/#primaryimage"},"thumbnailUrl":"https:\/\/radioljubuski.ba\/wp-content\/uploads\/2022\/04\/1d38f2c2-b210-4565-8b05-34b5475d0902.jpg","datePublished":"2022-04-09T20:21:22+00:00","breadcrumb":{"@id":"https:\/\/radioljubuski.ba\/index.php\/2022\/04\/09\/druga-hnl-rudes-na-vrhu\/#breadcrumb"},"inLanguage":"hr","potentialAction":[{"@type":"ReadAction","target":["https:\/\/radioljubuski.ba\/index.php\/2022\/04\/09\/druga-hnl-rudes-na-vrhu\/"]}]},{"@type":"ImageObject","inLanguage":"hr","@id":"https:\/\/radioljubuski.ba\/index.php\/2022\/04\/09\/druga-hnl-rudes-na-vrhu\/#primaryimage","url":"https:\/\/radioljubuski.ba\/wp-content\/uploads\/2022\/04\/1d38f2c2-b210-4565-8b05-34b5475d0902.jpg","contentUrl":"https:\/\/radioljubuski.ba\/wp-content\/uploads\/2022\/04\/1d38f2c2-b210-4565-8b05-34b5475d0902.jpg","width":480,"height":480},{"@type":"BreadcrumbList","@id":"https:\/\/radioljubuski.ba\/index.php\/2022\/04\/09\/druga-hnl-rudes-na-vrhu\/#breadcrumb","itemListElement":[{"@type":"ListItem","position":1,"name":"Po\u010detna stranica","item":"https:\/\/radioljubuski.ba\/"},{"@type":"ListItem","position":2,"name":"Druga HNL: Rude\u0161 na vrhu"}]},{"@type":"WebSite","@id":"https:\/\/radioljubuski.ba\/#website","url":"https:\/\/radioljubuski.ba\/","name":"Radio Ljubu\u0161ki","description":"Sun\u010dana frekvencija Hercegovine","publisher":{"@id":"https:\/\/radioljubuski.ba\/#organization"},"potentialAction":[{"@type":"SearchAction","target":{"@type":"EntryPoint","urlTemplate":"https:\/\/radioljubuski.ba\/?s={search_term_string}"},"query-input":{"@type":"PropertyValueSpecification","valueRequired":true,"valueName":"search_term_string"}}],"inLanguage":"hr"},{"@type":"Organization","@id":"https:\/\/radioljubuski.ba\/#organization","name":"Radio Ljubu\u0161ki","url":"https:\/\/radioljubuski.ba\/","logo":{"@type":"ImageObject","inLanguage":"hr","@id":"https:\/\/radioljubuski.ba\/#\/schema\/logo\/image\/","url":"https:\/\/radioljubuski.ba\/wp-content\/uploads\/2021\/02\/cropped-Radio_Ljubuski_logo1.jpg","contentUrl":"https:\/\/radioljubuski.ba\/wp-content\/uploads\/2021\/02\/cropped-Radio_Ljubuski_logo1.jpg","width":512,"height":512,"caption":"Radio Ljubu\u0161ki"},"image":{"@id":"https:\/\/radioljubuski.ba\/#\/schema\/logo\/image\/"},"sameAs":["https:\/\/www.facebook.com\/Radiio-Ljubuski-1490835324566332","https:\/\/x.com\/radioljubuski","https:\/\/hr.linkedin.com\/company\/radio-ljubuski","https:\/\/www.youtube.com\/channel\/UCHYaeO_n0Db3tjNGudGpXyw"]},{"@type":"Person","@id":"https:\/\/radioljubuski.ba\/#\/schema\/person\/19fc700381a780f69665d7956c469e3b","name":"Radio Ljubu\u0161ki"}]}},"_links":{"self":[{"href":"https:\/\/radioljubuski.ba\/index.php\/wp-json\/wp\/v2\/posts\/130832","targetHints":{"allow":["GET"]}}],"collection":[{"href":"https:\/\/radioljubuski.ba\/index.php\/wp-json\/wp\/v2\/posts"}],"about":[{"href":"https:\/\/radioljubuski.ba\/index.php\/wp-json\/wp\/v2\/types\/post"}],"author":[{"embeddable":true,"href":"https:\/\/radioljubuski.ba\/index.php\/wp-json\/wp\/v2\/users\/2"}],"replies":[{"embeddable":true,"href":"https:\/\/radioljubuski.ba\/index.php\/wp-json\/wp\/v2\/comments?post=130832"}],"version-history":[{"count":1,"href":"https:\/\/radioljubuski.ba\/index.php\/wp-json\/wp\/v2\/posts\/130832\/revisions"}],"predecessor-version":[{"id":130834,"href":"https:\/\/radioljubuski.ba\/index.php\/wp-json\/wp\/v2\/posts\/130832\/revisions\/130834"}],"wp:featuredmedia":[{"embeddable":true,"href":"https:\/\/radioljubuski.ba\/index.php\/wp-json\/wp\/v2\/media\/130833"}],"wp:attachment":[{"href":"https:\/\/radioljubuski.ba\/index.php\/wp-json\/wp\/v2\/media?parent=130832"}],"wp:term":[{"taxonomy":"category","embeddable":true,"href":"https:\/\/radioljubuski.ba\/index.php\/wp-json\/wp\/v2\/categories?post=130832"},{"taxonomy":"post_tag","embeddable":true,"href":"https:\/\/radioljubuski.ba\/index.php\/wp-json\/wp\/v2\/tags?post=130832"}],"curies":[{"name":"wp","href":"https:\/\/api.w.org\/{rel}","templated":true}]}}