{"id":130850,"date":"2022-04-09T22:30:56","date_gmt":"2022-04-09T21:30:56","guid":{"rendered":"https:\/\/radioljubuski.ba\/?p=130850"},"modified":"2022-04-09T22:30:58","modified_gmt":"2022-04-09T21:30:58","slug":"tomic-uoci-dinama-najbitnija-je-energija-i-pozitivno-zajednistvo-s-navijacima","status":"publish","type":"post","link":"https:\/\/radioljubuski.ba\/index.php\/2022\/04\/09\/tomic-uoci-dinama-najbitnija-je-energija-i-pozitivno-zajednistvo-s-navijacima\/","title":{"rendered":"Tomi\u0107 uo\u010di Dinama: Najbitnija je energija i pozitivno zajedni\u0161tvo s navija\u010dima"},"content":{"rendered":"\n<p><strong>U nedjelju u 20 sati Rijeka na Rujevici do\u010dekuje Dinamo u derbiju 30. kola 1. HNL-a. Trener Rijeke&nbsp;Goran Tomi\u0107&nbsp;s optimizmom najavljuje utakmicu.<\/strong><\/p>\n\n\n\n<p>Nakon poraza od Hrvatskog dragovoljca i Gorice, pobjeda protiv Istre 1961 vratila je dobru atmosferu.<br><br>&#8211; Sigurno da nam je ta pobjeda bila bitna da vratimo potrebno samopouzdanje i pozitivnu energiju u svla\u010dionicu koja je malo bila poljuljana s ta dva neo\u010dekivana poraza. Dobra je energija me\u0111u igra\u010dima i s optimizmom mo\u017eemo o\u010dekivati utakmicu s Dinamom. \u0160to re\u0107i o Dinamu? Ove godine smo s njima imali nekoliko spektakularnih utakmica, bilo je tu svega, i pobjeda i nerije\u0161enih i poraza. Dinamo je izrazito kvalitetna ekipa, jedan stvarno neugodan protivnik, smatra trener Rijeke.<\/p>\n\n\n\n<p>U dvoboju s vode\u0107om mom\u010dadi prvenstva ne\u0107e nedostajati motivacije.<br><br>&#8211; Igra\u010di \u0107e sigurno dati sve od sebe, stvarno nam je jako bitna utakmica i o\u010dekujem da \u0107emo uz podr\u0161ku na\u0161ih navija\u010da ostaviti srce na terenu, ka\u017ee Tomi\u0107.<br><br>&#8211; Meni je najbitnije da smo mi u dobrom stanju, da mi budemo u nekoj dobroj energiji, s takti\u010dke strane jo\u0161 imamo vremena za odlu\u010diti, imamo nekoliko varijanti, probali smo i na treningu. Zadnji dan \u0107emo odlu\u010diti \u0161to je najbolje. Kako god istr\u010dali, mislim da je najbitnija energija i pozitivno zajedni\u0161tvo s navija\u010dima, dodaje trener Rije\u010dana.<\/p>\n\n\n\n<p>Pobjeda Rijeke mo\u017ee puno zakomplicirati vrh ljestvice \u0161to se ti\u010de borbe za naslov prvaka.<br><br>&#8211; Znamo \u0161to nam donosi pobjeda protiv Dinama, znaju i igra\u010di tako da motiva sigurno ne\u0107e nedostajati. U ovakvim utakmicama ponekad je potrebna i doza sre\u0107e, moramo biti na nivou, i obrambeno i napada\u010dki i svi skupa se nadamo da \u0107emo to ostvariti.<br><br>Dobra vijest je ukidanje COVID potvrda i o\u010dekuje se puna Rujevica, \u0161to \u0107e biti dodatni motiv.<br><br>&#8211; Ove godine smo stvarno odigrali nekoliko vrhunskih predstava pred punom Rujevicom, pred na\u0161im navija\u010dima tako da se nadam da \u0107e tako biti i ovaj put. S te strane imamo motiv vi\u0161e da ostavimo sve na terenu, rekao je Goran Tomi\u0107.<\/p>\n\n\n\n<iframe loading=\"lazy\" src=\"https:\/\/www.facebook.com\/plugins\/video.php?height=314&#038;href=https%3A%2F%2Fwww.facebook.com%2Fnk.rijeka%2Fvideos%2F1111901262987883%2F&#038;show_text=false&#038;width=560&#038;t=0\" width=\"560\" height=\"314\" style=\"border:none;overflow:hidden\" scrolling=\"no\" frameborder=\"0\" allowfullscreen=\"true\" allow=\"autoplay; clipboard-write; encrypted-media; picture-in-picture; web-share\" allowFullScreen=\"true\"><\/iframe>\n\n\n\n<p>Izvor:hrt.hr<\/p>\n","protected":false},"excerpt":{"rendered":"<p>U nedjelju u 20 sati Rijeka na Rujevici do\u010dekuje Dinamo u derbiju 30. kola 1. HNL-a. Trener Rijeke&nbsp;Goran Tomi\u0107&nbsp;s optimizmom najavljuje utakmicu. Nakon poraza od Hrvatskog dragovoljca i Gorice, pobjeda protiv Istre 1961 vratila je dobru atmosferu. &#8211; Sigurno da nam je ta pobjeda bila bitna da vratimo potrebno samopouzdanje i pozitivnu energiju u svla\u010dionicu [&hellip;]<\/p>\n","protected":false},"author":2,"featured_media":0,"comment_status":"closed","ping_status":"closed","sticky":false,"template":"","format":"standard","meta":{"h5ap_radio_sources":[],"footnotes":""},"categories":[7],"tags":[],"class_list":["post-130850","post","type-post","status-publish","format-standard","hentry","category-sport"],"yoast_head":"<!-- This site is optimized with the Yoast SEO plugin v27.4 - https:\/\/yoast.com\/product\/yoast-seo-wordpress\/ -->\n<title>Tomi\u0107 uo\u010di Dinama: Najbitnija je energija i pozitivno zajedni\u0161tvo s navija\u010dima - RADIO LJUBU\u0160KI<\/title>\n<meta name=\"robots\" content=\"index, follow, max-snippet:-1, max-image-preview:large, max-video-preview:-1\" \/>\n<link rel=\"canonical\" href=\"https:\/\/radioljubuski.ba\/index.php\/2022\/04\/09\/tomic-uoci-dinama-najbitnija-je-energija-i-pozitivno-zajednistvo-s-navijacima\/\" \/>\n<meta property=\"og:locale\" content=\"hr_HR\" \/>\n<meta property=\"og:type\" content=\"article\" \/>\n<meta property=\"og:title\" content=\"Tomi\u0107 uo\u010di Dinama: Najbitnija je energija i pozitivno zajedni\u0161tvo s navija\u010dima - RADIO LJUBU\u0160KI\" \/>\n<meta property=\"og:description\" content=\"U nedjelju u 20 sati Rijeka na Rujevici do\u010dekuje Dinamo u derbiju 30. kola 1. HNL-a. Trener Rijeke&nbsp;Goran Tomi\u0107&nbsp;s optimizmom najavljuje utakmicu. Nakon poraza od Hrvatskog dragovoljca i Gorice, pobjeda protiv Istre 1961 vratila je dobru atmosferu. &#8211; Sigurno da nam je ta pobjeda bila bitna da vratimo potrebno samopouzdanje i pozitivnu energiju u svla\u010dionicu [&hellip;]\" \/>\n<meta property=\"og:url\" content=\"https:\/\/radioljubuski.ba\/index.php\/2022\/04\/09\/tomic-uoci-dinama-najbitnija-je-energija-i-pozitivno-zajednistvo-s-navijacima\/\" \/>\n<meta property=\"og:site_name\" content=\"RADIO LJUBU\u0160KI\" \/>\n<meta property=\"article:publisher\" content=\"https:\/\/www.facebook.com\/Radiio-Ljubuski-1490835324566332\" \/>\n<meta property=\"article:published_time\" content=\"2022-04-09T21:30:56+00:00\" \/>\n<meta property=\"article:modified_time\" content=\"2022-04-09T21:30:58+00:00\" \/>\n<meta property=\"og:image\" content=\"https:\/\/radioljubuski.ba\/wp-content\/uploads\/2021\/05\/tomic-uoci-gorice-2105-20210521095508.jpg\" \/>\n\t<meta property=\"og:image:width\" content=\"1000\" \/>\n\t<meta property=\"og:image:height\" content=\"551\" \/>\n\t<meta property=\"og:image:type\" content=\"image\/jpeg\" \/>\n<meta name=\"author\" content=\"Radio Ljubu\u0161ki\" \/>\n<meta name=\"twitter:card\" content=\"summary_large_image\" \/>\n<meta name=\"twitter:creator\" content=\"@radioljubuski\" \/>\n<meta name=\"twitter:site\" content=\"@radioljubuski\" \/>\n<meta name=\"twitter:label1\" content=\"Napisao\/la\" \/>\n\t<meta name=\"twitter:data1\" content=\"Radio Ljubu\u0161ki\" \/>\n\t<meta name=\"twitter:label2\" content=\"Procijenjeno vrijeme \u010ditanja\" \/>\n\t<meta name=\"twitter:data2\" content=\"2 minute\" \/>\n<script type=\"application\/ld+json\" class=\"yoast-schema-graph\">{\"@context\":\"https:\\\/\\\/schema.org\",\"@graph\":[{\"@type\":\"Article\",\"@id\":\"https:\\\/\\\/radioljubuski.ba\\\/index.php\\\/2022\\\/04\\\/09\\\/tomic-uoci-dinama-najbitnija-je-energija-i-pozitivno-zajednistvo-s-navijacima\\\/#article\",\"isPartOf\":{\"@id\":\"https:\\\/\\\/radioljubuski.ba\\\/index.php\\\/2022\\\/04\\\/09\\\/tomic-uoci-dinama-najbitnija-je-energija-i-pozitivno-zajednistvo-s-navijacima\\\/\"},\"author\":{\"name\":\"Radio Ljubu\u0161ki\",\"@id\":\"https:\\\/\\\/radioljubuski.ba\\\/#\\\/schema\\\/person\\\/19fc700381a780f69665d7956c469e3b\"},\"headline\":\"Tomi\u0107 uo\u010di Dinama: Najbitnija je energija i pozitivno zajedni\u0161tvo s navija\u010dima\",\"datePublished\":\"2022-04-09T21:30:56+00:00\",\"dateModified\":\"2022-04-09T21:30:58+00:00\",\"mainEntityOfPage\":{\"@id\":\"https:\\\/\\\/radioljubuski.ba\\\/index.php\\\/2022\\\/04\\\/09\\\/tomic-uoci-dinama-najbitnija-je-energija-i-pozitivno-zajednistvo-s-navijacima\\\/\"},\"wordCount\":372,\"publisher\":{\"@id\":\"https:\\\/\\\/radioljubuski.ba\\\/#organization\"},\"articleSection\":[\"\u0160port\"],\"inLanguage\":\"hr\"},{\"@type\":\"WebPage\",\"@id\":\"https:\\\/\\\/radioljubuski.ba\\\/index.php\\\/2022\\\/04\\\/09\\\/tomic-uoci-dinama-najbitnija-je-energija-i-pozitivno-zajednistvo-s-navijacima\\\/\",\"url\":\"https:\\\/\\\/radioljubuski.ba\\\/index.php\\\/2022\\\/04\\\/09\\\/tomic-uoci-dinama-najbitnija-je-energija-i-pozitivno-zajednistvo-s-navijacima\\\/\",\"name\":\"Tomi\u0107 uo\u010di Dinama: Najbitnija je energija i pozitivno zajedni\u0161tvo s navija\u010dima - RADIO LJUBU\u0160KI\",\"isPartOf\":{\"@id\":\"https:\\\/\\\/radioljubuski.ba\\\/#website\"},\"datePublished\":\"2022-04-09T21:30:56+00:00\",\"dateModified\":\"2022-04-09T21:30:58+00:00\",\"breadcrumb\":{\"@id\":\"https:\\\/\\\/radioljubuski.ba\\\/index.php\\\/2022\\\/04\\\/09\\\/tomic-uoci-dinama-najbitnija-je-energija-i-pozitivno-zajednistvo-s-navijacima\\\/#breadcrumb\"},\"inLanguage\":\"hr\",\"potentialAction\":[{\"@type\":\"ReadAction\",\"target\":[\"https:\\\/\\\/radioljubuski.ba\\\/index.php\\\/2022\\\/04\\\/09\\\/tomic-uoci-dinama-najbitnija-je-energija-i-pozitivno-zajednistvo-s-navijacima\\\/\"]}]},{\"@type\":\"BreadcrumbList\",\"@id\":\"https:\\\/\\\/radioljubuski.ba\\\/index.php\\\/2022\\\/04\\\/09\\\/tomic-uoci-dinama-najbitnija-je-energija-i-pozitivno-zajednistvo-s-navijacima\\\/#breadcrumb\",\"itemListElement\":[{\"@type\":\"ListItem\",\"position\":1,\"name\":\"Po\u010detna stranica\",\"item\":\"https:\\\/\\\/radioljubuski.ba\\\/\"},{\"@type\":\"ListItem\",\"position\":2,\"name\":\"Tomi\u0107 uo\u010di Dinama: Najbitnija je energija i pozitivno zajedni\u0161tvo s navija\u010dima\"}]},{\"@type\":\"WebSite\",\"@id\":\"https:\\\/\\\/radioljubuski.ba\\\/#website\",\"url\":\"https:\\\/\\\/radioljubuski.ba\\\/\",\"name\":\"Radio Ljubu\u0161ki\",\"description\":\"Sun\u010dana frekvencija Hercegovine\",\"publisher\":{\"@id\":\"https:\\\/\\\/radioljubuski.ba\\\/#organization\"},\"potentialAction\":[{\"@type\":\"SearchAction\",\"target\":{\"@type\":\"EntryPoint\",\"urlTemplate\":\"https:\\\/\\\/radioljubuski.ba\\\/?s={search_term_string}\"},\"query-input\":{\"@type\":\"PropertyValueSpecification\",\"valueRequired\":true,\"valueName\":\"search_term_string\"}}],\"inLanguage\":\"hr\"},{\"@type\":\"Organization\",\"@id\":\"https:\\\/\\\/radioljubuski.ba\\\/#organization\",\"name\":\"Radio Ljubu\u0161ki\",\"url\":\"https:\\\/\\\/radioljubuski.ba\\\/\",\"logo\":{\"@type\":\"ImageObject\",\"inLanguage\":\"hr\",\"@id\":\"https:\\\/\\\/radioljubuski.ba\\\/#\\\/schema\\\/logo\\\/image\\\/\",\"url\":\"https:\\\/\\\/radioljubuski.ba\\\/wp-content\\\/uploads\\\/2021\\\/02\\\/cropped-Radio_Ljubuski_logo1.jpg\",\"contentUrl\":\"https:\\\/\\\/radioljubuski.ba\\\/wp-content\\\/uploads\\\/2021\\\/02\\\/cropped-Radio_Ljubuski_logo1.jpg\",\"width\":512,\"height\":512,\"caption\":\"Radio Ljubu\u0161ki\"},\"image\":{\"@id\":\"https:\\\/\\\/radioljubuski.ba\\\/#\\\/schema\\\/logo\\\/image\\\/\"},\"sameAs\":[\"https:\\\/\\\/www.facebook.com\\\/Radiio-Ljubuski-1490835324566332\",\"https:\\\/\\\/x.com\\\/radioljubuski\",\"https:\\\/\\\/hr.linkedin.com\\\/company\\\/radio-ljubuski\",\"https:\\\/\\\/www.youtube.com\\\/channel\\\/UCHYaeO_n0Db3tjNGudGpXyw\"]},{\"@type\":\"Person\",\"@id\":\"https:\\\/\\\/radioljubuski.ba\\\/#\\\/schema\\\/person\\\/19fc700381a780f69665d7956c469e3b\",\"name\":\"Radio Ljubu\u0161ki\"}]}<\/script>\n<!-- \/ Yoast SEO plugin. -->","yoast_head_json":{"title":"Tomi\u0107 uo\u010di Dinama: Najbitnija je energija i pozitivno zajedni\u0161tvo s navija\u010dima - RADIO LJUBU\u0160KI","robots":{"index":"index","follow":"follow","max-snippet":"max-snippet:-1","max-image-preview":"max-image-preview:large","max-video-preview":"max-video-preview:-1"},"canonical":"https:\/\/radioljubuski.ba\/index.php\/2022\/04\/09\/tomic-uoci-dinama-najbitnija-je-energija-i-pozitivno-zajednistvo-s-navijacima\/","og_locale":"hr_HR","og_type":"article","og_title":"Tomi\u0107 uo\u010di Dinama: Najbitnija je energija i pozitivno zajedni\u0161tvo s navija\u010dima - RADIO LJUBU\u0160KI","og_description":"U nedjelju u 20 sati Rijeka na Rujevici do\u010dekuje Dinamo u derbiju 30. kola 1. HNL-a. Trener Rijeke&nbsp;Goran Tomi\u0107&nbsp;s optimizmom najavljuje utakmicu. Nakon poraza od Hrvatskog dragovoljca i Gorice, pobjeda protiv Istre 1961 vratila je dobru atmosferu. &#8211; Sigurno da nam je ta pobjeda bila bitna da vratimo potrebno samopouzdanje i pozitivnu energiju u svla\u010dionicu [&hellip;]","og_url":"https:\/\/radioljubuski.ba\/index.php\/2022\/04\/09\/tomic-uoci-dinama-najbitnija-je-energija-i-pozitivno-zajednistvo-s-navijacima\/","og_site_name":"RADIO LJUBU\u0160KI","article_publisher":"https:\/\/www.facebook.com\/Radiio-Ljubuski-1490835324566332","article_published_time":"2022-04-09T21:30:56+00:00","article_modified_time":"2022-04-09T21:30:58+00:00","og_image":[{"width":1000,"height":551,"url":"https:\/\/radioljubuski.ba\/wp-content\/uploads\/2021\/05\/tomic-uoci-gorice-2105-20210521095508.jpg","type":"image\/jpeg"}],"author":"Radio Ljubu\u0161ki","twitter_card":"summary_large_image","twitter_creator":"@radioljubuski","twitter_site":"@radioljubuski","twitter_misc":{"Napisao\/la":"Radio Ljubu\u0161ki","Procijenjeno vrijeme \u010ditanja":"2 minute"},"schema":{"@context":"https:\/\/schema.org","@graph":[{"@type":"Article","@id":"https:\/\/radioljubuski.ba\/index.php\/2022\/04\/09\/tomic-uoci-dinama-najbitnija-je-energija-i-pozitivno-zajednistvo-s-navijacima\/#article","isPartOf":{"@id":"https:\/\/radioljubuski.ba\/index.php\/2022\/04\/09\/tomic-uoci-dinama-najbitnija-je-energija-i-pozitivno-zajednistvo-s-navijacima\/"},"author":{"name":"Radio Ljubu\u0161ki","@id":"https:\/\/radioljubuski.ba\/#\/schema\/person\/19fc700381a780f69665d7956c469e3b"},"headline":"Tomi\u0107 uo\u010di Dinama: Najbitnija je energija i pozitivno zajedni\u0161tvo s navija\u010dima","datePublished":"2022-04-09T21:30:56+00:00","dateModified":"2022-04-09T21:30:58+00:00","mainEntityOfPage":{"@id":"https:\/\/radioljubuski.ba\/index.php\/2022\/04\/09\/tomic-uoci-dinama-najbitnija-je-energija-i-pozitivno-zajednistvo-s-navijacima\/"},"wordCount":372,"publisher":{"@id":"https:\/\/radioljubuski.ba\/#organization"},"articleSection":["\u0160port"],"inLanguage":"hr"},{"@type":"WebPage","@id":"https:\/\/radioljubuski.ba\/index.php\/2022\/04\/09\/tomic-uoci-dinama-najbitnija-je-energija-i-pozitivno-zajednistvo-s-navijacima\/","url":"https:\/\/radioljubuski.ba\/index.php\/2022\/04\/09\/tomic-uoci-dinama-najbitnija-je-energija-i-pozitivno-zajednistvo-s-navijacima\/","name":"Tomi\u0107 uo\u010di Dinama: Najbitnija je energija i pozitivno zajedni\u0161tvo s navija\u010dima - RADIO LJUBU\u0160KI","isPartOf":{"@id":"https:\/\/radioljubuski.ba\/#website"},"datePublished":"2022-04-09T21:30:56+00:00","dateModified":"2022-04-09T21:30:58+00:00","breadcrumb":{"@id":"https:\/\/radioljubuski.ba\/index.php\/2022\/04\/09\/tomic-uoci-dinama-najbitnija-je-energija-i-pozitivno-zajednistvo-s-navijacima\/#breadcrumb"},"inLanguage":"hr","potentialAction":[{"@type":"ReadAction","target":["https:\/\/radioljubuski.ba\/index.php\/2022\/04\/09\/tomic-uoci-dinama-najbitnija-je-energija-i-pozitivno-zajednistvo-s-navijacima\/"]}]},{"@type":"BreadcrumbList","@id":"https:\/\/radioljubuski.ba\/index.php\/2022\/04\/09\/tomic-uoci-dinama-najbitnija-je-energija-i-pozitivno-zajednistvo-s-navijacima\/#breadcrumb","itemListElement":[{"@type":"ListItem","position":1,"name":"Po\u010detna stranica","item":"https:\/\/radioljubuski.ba\/"},{"@type":"ListItem","position":2,"name":"Tomi\u0107 uo\u010di Dinama: Najbitnija je energija i pozitivno zajedni\u0161tvo s navija\u010dima"}]},{"@type":"WebSite","@id":"https:\/\/radioljubuski.ba\/#website","url":"https:\/\/radioljubuski.ba\/","name":"Radio Ljubu\u0161ki","description":"Sun\u010dana frekvencija Hercegovine","publisher":{"@id":"https:\/\/radioljubuski.ba\/#organization"},"potentialAction":[{"@type":"SearchAction","target":{"@type":"EntryPoint","urlTemplate":"https:\/\/radioljubuski.ba\/?s={search_term_string}"},"query-input":{"@type":"PropertyValueSpecification","valueRequired":true,"valueName":"search_term_string"}}],"inLanguage":"hr"},{"@type":"Organization","@id":"https:\/\/radioljubuski.ba\/#organization","name":"Radio Ljubu\u0161ki","url":"https:\/\/radioljubuski.ba\/","logo":{"@type":"ImageObject","inLanguage":"hr","@id":"https:\/\/radioljubuski.ba\/#\/schema\/logo\/image\/","url":"https:\/\/radioljubuski.ba\/wp-content\/uploads\/2021\/02\/cropped-Radio_Ljubuski_logo1.jpg","contentUrl":"https:\/\/radioljubuski.ba\/wp-content\/uploads\/2021\/02\/cropped-Radio_Ljubuski_logo1.jpg","width":512,"height":512,"caption":"Radio Ljubu\u0161ki"},"image":{"@id":"https:\/\/radioljubuski.ba\/#\/schema\/logo\/image\/"},"sameAs":["https:\/\/www.facebook.com\/Radiio-Ljubuski-1490835324566332","https:\/\/x.com\/radioljubuski","https:\/\/hr.linkedin.com\/company\/radio-ljubuski","https:\/\/www.youtube.com\/channel\/UCHYaeO_n0Db3tjNGudGpXyw"]},{"@type":"Person","@id":"https:\/\/radioljubuski.ba\/#\/schema\/person\/19fc700381a780f69665d7956c469e3b","name":"Radio Ljubu\u0161ki"}]}},"_links":{"self":[{"href":"https:\/\/radioljubuski.ba\/index.php\/wp-json\/wp\/v2\/posts\/130850","targetHints":{"allow":["GET"]}}],"collection":[{"href":"https:\/\/radioljubuski.ba\/index.php\/wp-json\/wp\/v2\/posts"}],"about":[{"href":"https:\/\/radioljubuski.ba\/index.php\/wp-json\/wp\/v2\/types\/post"}],"author":[{"embeddable":true,"href":"https:\/\/radioljubuski.ba\/index.php\/wp-json\/wp\/v2\/users\/2"}],"replies":[{"embeddable":true,"href":"https:\/\/radioljubuski.ba\/index.php\/wp-json\/wp\/v2\/comments?post=130850"}],"version-history":[{"count":1,"href":"https:\/\/radioljubuski.ba\/index.php\/wp-json\/wp\/v2\/posts\/130850\/revisions"}],"predecessor-version":[{"id":130851,"href":"https:\/\/radioljubuski.ba\/index.php\/wp-json\/wp\/v2\/posts\/130850\/revisions\/130851"}],"wp:attachment":[{"href":"https:\/\/radioljubuski.ba\/index.php\/wp-json\/wp\/v2\/media?parent=130850"}],"wp:term":[{"taxonomy":"category","embeddable":true,"href":"https:\/\/radioljubuski.ba\/index.php\/wp-json\/wp\/v2\/categories?post=130850"},{"taxonomy":"post_tag","embeddable":true,"href":"https:\/\/radioljubuski.ba\/index.php\/wp-json\/wp\/v2\/tags?post=130850"}],"curies":[{"name":"wp","href":"https:\/\/api.w.org\/{rel}","templated":true}]}}