{"id":130852,"date":"2022-04-09T22:32:24","date_gmt":"2022-04-09T21:32:24","guid":{"rendered":"https:\/\/radioljubuski.ba\/?p=130852"},"modified":"2022-04-09T22:32:25","modified_gmt":"2022-04-09T21:32:25","slug":"kopic-ocekujemo-maksimalno-motiviranu-rijeku-ali-napravit-cemo-sve-za-tri-boda","status":"publish","type":"post","link":"https:\/\/radioljubuski.ba\/index.php\/2022\/04\/09\/kopic-ocekujemo-maksimalno-motiviranu-rijeku-ali-napravit-cemo-sve-za-tri-boda\/","title":{"rendered":"Kopi\u0107: O\u010dekujemo maksimalno motiviranu Rijeku, ali napravit \u0107emo sve za tri boda"},"content":{"rendered":"\n<p><strong>Nogometa\u0161i Dinama u nedjelju gostuju na Rujevici kod Rijeke u derbiju 30. kola doma\u0107eg nogometnog prvenstva. Susret je najavio trener Modrih&nbsp;\u017deljko Kopi\u0107.&nbsp;<\/strong><\/p>\n\n\n\n<p>&#8211; Trenirali smo i radili dobro. Na Rujevicu idemo s deset bodova iz zadnje \u010detiri utakmice bez primljenog gola. Ekipa je u dobrom stanju, motivirana, s kvalitetnom energijom i odlu\u010dnosti da sutra budemo pravi, da igramo dobar nogomet u svim fazama igre i da napravimo sve da do\u0111emo do nova tri boda za nas koji su jako bitni, rekao je trener Dinama na konferenciji za medije dan uo\u010di derbija.<br><br>Kakav \u0107e biti Dinamo \u0161to se ti\u010de napada\u010dkog dijela igre?<br><br>&#8211; Dinamo mora biti mom\u010dad koja njeguje i name\u0107e trendove nogometne igre i ja kao trener sigurno nisam u potpunosti zadovoljan kako izgledamo i od toga ne bje\u017eim. Na tome radimo i inzistiramo da taj dio bude kvalitetniji. Posjed lopte nam je kvalitetan, imamo izuzetno visok postotak posjeda, imamo i dovoljan broj prilika po utakmici, no u kona\u010dnici ne zabijamo dovoljno golova, onoliko koliko bismo htjeli. \u0160to se ti\u010de samog derbija, sigurno da \u0107e biti kao i uvijek na Rujevici, utakmica visokog intenziteta, visoke energije i naravno da mora\u0161 biti defanzivno pravi i i stabilan, a isto tako opasan i kvalitetan ofenzivno da bi do\u0161ao do kvalitetnog rezultata.<\/p>\n\n\n\n<iframe loading=\"lazy\" src=\"https:\/\/www.facebook.com\/plugins\/post.php?href=https%3A%2F%2Fwww.facebook.com%2Fdinamo%2Fposts%2F540332650794465&#038;show_text=true&#038;width=500\" width=\"500\" height=\"526\" style=\"border:none;overflow:hidden\" scrolling=\"no\" frameborder=\"0\" allowfullscreen=\"true\" allow=\"autoplay; clipboard-write; encrypted-media; picture-in-picture; web-share\"><\/iframe>\n\n\n\n<p>Otkrio je strateg Modrih kakvu Rijeku o\u010dekuje u derbiju.<br><br>&#8211; Rijeka je sigurno kvalitetna ekipa, kvalitetno vo\u0111ena, koja se zadnjih godina potvr\u0111uje u dolascima igra\u010da u kvalitetnom skautingu. I ove godine ima dobru ekipu koja je natjecateljski kompetititvna, posebno su kvalitetni na Rujevici. O\u010dekujem ih sutra maksimalno motivirane. Svaka utakmica nosi tri boda, svaka utakmica je bitna. Imamo osam utakmica do kraja i u svakoj od njih \u0107e nam jednako bitno biti do\u0107i do bodova, a tako i Rijeci. I za njih i za nas ova utakmica je derbi na punom stadionu i sigurno da \u0107emo i mi i Rijeka biti motivirani.<br><br>Neki biv\u0161i igra\u010di Dinama ka\u017eu da tri boda Modrih na Rujevici mogu prelomiti sezonu.<br><br>&#8211; Mogu je usmjeriti, ponavljam da je svaka utakmica bitna. Vidjelo se koliko smo mi koji se borimo za vrh u nekim utakmicama izgubili neki bod na koji smo mo\u017eda u nekoj projekciji ra\u010dunali, tako da je sutra\u0161nja utakmica bitna, ali nakon nje imamo jo\u0161 sedam utakmica u kojima treba osvojiti dovoljno bodova da osvojimo naslov prvaka.<\/p>\n\n\n\n<p>Izvor:hrt.hr<\/p>\n","protected":false},"excerpt":{"rendered":"<p>Nogometa\u0161i Dinama u nedjelju gostuju na Rujevici kod Rijeke u derbiju 30. kola doma\u0107eg nogometnog prvenstva. Susret je najavio trener Modrih&nbsp;\u017deljko Kopi\u0107.&nbsp; &#8211; Trenirali smo i radili dobro. Na Rujevicu idemo s deset bodova iz zadnje \u010detiri utakmice bez primljenog gola. Ekipa je u dobrom stanju, motivirana, s kvalitetnom energijom i odlu\u010dnosti da sutra budemo [&hellip;]<\/p>\n","protected":false},"author":2,"featured_media":95927,"comment_status":"closed","ping_status":"closed","sticky":false,"template":"","format":"standard","meta":{"h5ap_radio_sources":[],"footnotes":""},"categories":[7],"tags":[],"class_list":["post-130852","post","type-post","status-publish","format-standard","has-post-thumbnail","hentry","category-sport"],"yoast_head":"<!-- This site is optimized with the Yoast SEO plugin v27.4 - https:\/\/yoast.com\/product\/yoast-seo-wordpress\/ -->\n<title>Kopi\u0107: O\u010dekujemo maksimalno motiviranu Rijeku, ali napravit \u0107emo sve za tri boda - RADIO LJUBU\u0160KI<\/title>\n<meta name=\"robots\" content=\"index, follow, max-snippet:-1, max-image-preview:large, max-video-preview:-1\" \/>\n<link rel=\"canonical\" href=\"https:\/\/radioljubuski.ba\/index.php\/2022\/04\/09\/kopic-ocekujemo-maksimalno-motiviranu-rijeku-ali-napravit-cemo-sve-za-tri-boda\/\" \/>\n<meta property=\"og:locale\" content=\"hr_HR\" \/>\n<meta property=\"og:type\" content=\"article\" \/>\n<meta property=\"og:title\" content=\"Kopi\u0107: O\u010dekujemo maksimalno motiviranu Rijeku, ali napravit \u0107emo sve za tri boda - RADIO LJUBU\u0160KI\" \/>\n<meta property=\"og:description\" content=\"Nogometa\u0161i Dinama u nedjelju gostuju na Rujevici kod Rijeke u derbiju 30. kola doma\u0107eg nogometnog prvenstva. Susret je najavio trener Modrih&nbsp;\u017deljko Kopi\u0107.&nbsp; &#8211; Trenirali smo i radili dobro. Na Rujevicu idemo s deset bodova iz zadnje \u010detiri utakmice bez primljenog gola. Ekipa je u dobrom stanju, motivirana, s kvalitetnom energijom i odlu\u010dnosti da sutra budemo [&hellip;]\" \/>\n<meta property=\"og:url\" content=\"https:\/\/radioljubuski.ba\/index.php\/2022\/04\/09\/kopic-ocekujemo-maksimalno-motiviranu-rijeku-ali-napravit-cemo-sve-za-tri-boda\/\" \/>\n<meta property=\"og:site_name\" content=\"RADIO LJUBU\u0160KI\" \/>\n<meta property=\"article:publisher\" content=\"https:\/\/www.facebook.com\/Radiio-Ljubuski-1490835324566332\" \/>\n<meta property=\"article:published_time\" content=\"2022-04-09T21:32:24+00:00\" \/>\n<meta property=\"article:modified_time\" content=\"2022-04-09T21:32:25+00:00\" \/>\n<meta property=\"og:image\" content=\"https:\/\/radioljubuski.ba\/wp-content\/uploads\/2021\/12\/kopic.jpeg\" \/>\n\t<meta property=\"og:image:width\" content=\"612\" \/>\n\t<meta property=\"og:image:height\" content=\"408\" \/>\n\t<meta property=\"og:image:type\" content=\"image\/jpeg\" \/>\n<meta name=\"author\" content=\"Radio Ljubu\u0161ki\" \/>\n<meta name=\"twitter:card\" content=\"summary_large_image\" \/>\n<meta name=\"twitter:creator\" content=\"@radioljubuski\" \/>\n<meta name=\"twitter:site\" content=\"@radioljubuski\" \/>\n<meta name=\"twitter:label1\" content=\"Napisao\/la\" \/>\n\t<meta name=\"twitter:data1\" content=\"Radio Ljubu\u0161ki\" \/>\n\t<meta name=\"twitter:label2\" content=\"Procijenjeno vrijeme \u010ditanja\" \/>\n\t<meta name=\"twitter:data2\" content=\"2 minute\" \/>\n<script type=\"application\/ld+json\" class=\"yoast-schema-graph\">{\"@context\":\"https:\\\/\\\/schema.org\",\"@graph\":[{\"@type\":\"Article\",\"@id\":\"https:\\\/\\\/radioljubuski.ba\\\/index.php\\\/2022\\\/04\\\/09\\\/kopic-ocekujemo-maksimalno-motiviranu-rijeku-ali-napravit-cemo-sve-za-tri-boda\\\/#article\",\"isPartOf\":{\"@id\":\"https:\\\/\\\/radioljubuski.ba\\\/index.php\\\/2022\\\/04\\\/09\\\/kopic-ocekujemo-maksimalno-motiviranu-rijeku-ali-napravit-cemo-sve-za-tri-boda\\\/\"},\"author\":{\"name\":\"Radio Ljubu\u0161ki\",\"@id\":\"https:\\\/\\\/radioljubuski.ba\\\/#\\\/schema\\\/person\\\/19fc700381a780f69665d7956c469e3b\"},\"headline\":\"Kopi\u0107: O\u010dekujemo maksimalno motiviranu Rijeku, ali napravit \u0107emo sve za tri boda\",\"datePublished\":\"2022-04-09T21:32:24+00:00\",\"dateModified\":\"2022-04-09T21:32:25+00:00\",\"mainEntityOfPage\":{\"@id\":\"https:\\\/\\\/radioljubuski.ba\\\/index.php\\\/2022\\\/04\\\/09\\\/kopic-ocekujemo-maksimalno-motiviranu-rijeku-ali-napravit-cemo-sve-za-tri-boda\\\/\"},\"wordCount\":425,\"publisher\":{\"@id\":\"https:\\\/\\\/radioljubuski.ba\\\/#organization\"},\"image\":{\"@id\":\"https:\\\/\\\/radioljubuski.ba\\\/index.php\\\/2022\\\/04\\\/09\\\/kopic-ocekujemo-maksimalno-motiviranu-rijeku-ali-napravit-cemo-sve-za-tri-boda\\\/#primaryimage\"},\"thumbnailUrl\":\"https:\\\/\\\/radioljubuski.ba\\\/wp-content\\\/uploads\\\/2021\\\/12\\\/kopic.jpeg\",\"articleSection\":[\"\u0160port\"],\"inLanguage\":\"hr\"},{\"@type\":\"WebPage\",\"@id\":\"https:\\\/\\\/radioljubuski.ba\\\/index.php\\\/2022\\\/04\\\/09\\\/kopic-ocekujemo-maksimalno-motiviranu-rijeku-ali-napravit-cemo-sve-za-tri-boda\\\/\",\"url\":\"https:\\\/\\\/radioljubuski.ba\\\/index.php\\\/2022\\\/04\\\/09\\\/kopic-ocekujemo-maksimalno-motiviranu-rijeku-ali-napravit-cemo-sve-za-tri-boda\\\/\",\"name\":\"Kopi\u0107: O\u010dekujemo maksimalno motiviranu Rijeku, ali napravit \u0107emo sve za tri boda - RADIO LJUBU\u0160KI\",\"isPartOf\":{\"@id\":\"https:\\\/\\\/radioljubuski.ba\\\/#website\"},\"primaryImageOfPage\":{\"@id\":\"https:\\\/\\\/radioljubuski.ba\\\/index.php\\\/2022\\\/04\\\/09\\\/kopic-ocekujemo-maksimalno-motiviranu-rijeku-ali-napravit-cemo-sve-za-tri-boda\\\/#primaryimage\"},\"image\":{\"@id\":\"https:\\\/\\\/radioljubuski.ba\\\/index.php\\\/2022\\\/04\\\/09\\\/kopic-ocekujemo-maksimalno-motiviranu-rijeku-ali-napravit-cemo-sve-za-tri-boda\\\/#primaryimage\"},\"thumbnailUrl\":\"https:\\\/\\\/radioljubuski.ba\\\/wp-content\\\/uploads\\\/2021\\\/12\\\/kopic.jpeg\",\"datePublished\":\"2022-04-09T21:32:24+00:00\",\"dateModified\":\"2022-04-09T21:32:25+00:00\",\"breadcrumb\":{\"@id\":\"https:\\\/\\\/radioljubuski.ba\\\/index.php\\\/2022\\\/04\\\/09\\\/kopic-ocekujemo-maksimalno-motiviranu-rijeku-ali-napravit-cemo-sve-za-tri-boda\\\/#breadcrumb\"},\"inLanguage\":\"hr\",\"potentialAction\":[{\"@type\":\"ReadAction\",\"target\":[\"https:\\\/\\\/radioljubuski.ba\\\/index.php\\\/2022\\\/04\\\/09\\\/kopic-ocekujemo-maksimalno-motiviranu-rijeku-ali-napravit-cemo-sve-za-tri-boda\\\/\"]}]},{\"@type\":\"ImageObject\",\"inLanguage\":\"hr\",\"@id\":\"https:\\\/\\\/radioljubuski.ba\\\/index.php\\\/2022\\\/04\\\/09\\\/kopic-ocekujemo-maksimalno-motiviranu-rijeku-ali-napravit-cemo-sve-za-tri-boda\\\/#primaryimage\",\"url\":\"https:\\\/\\\/radioljubuski.ba\\\/wp-content\\\/uploads\\\/2021\\\/12\\\/kopic.jpeg\",\"contentUrl\":\"https:\\\/\\\/radioljubuski.ba\\\/wp-content\\\/uploads\\\/2021\\\/12\\\/kopic.jpeg\",\"width\":612,\"height\":408},{\"@type\":\"BreadcrumbList\",\"@id\":\"https:\\\/\\\/radioljubuski.ba\\\/index.php\\\/2022\\\/04\\\/09\\\/kopic-ocekujemo-maksimalno-motiviranu-rijeku-ali-napravit-cemo-sve-za-tri-boda\\\/#breadcrumb\",\"itemListElement\":[{\"@type\":\"ListItem\",\"position\":1,\"name\":\"Po\u010detna stranica\",\"item\":\"https:\\\/\\\/radioljubuski.ba\\\/\"},{\"@type\":\"ListItem\",\"position\":2,\"name\":\"Kopi\u0107: O\u010dekujemo maksimalno motiviranu Rijeku, ali napravit \u0107emo sve za tri boda\"}]},{\"@type\":\"WebSite\",\"@id\":\"https:\\\/\\\/radioljubuski.ba\\\/#website\",\"url\":\"https:\\\/\\\/radioljubuski.ba\\\/\",\"name\":\"Radio Ljubu\u0161ki\",\"description\":\"Sun\u010dana frekvencija Hercegovine\",\"publisher\":{\"@id\":\"https:\\\/\\\/radioljubuski.ba\\\/#organization\"},\"potentialAction\":[{\"@type\":\"SearchAction\",\"target\":{\"@type\":\"EntryPoint\",\"urlTemplate\":\"https:\\\/\\\/radioljubuski.ba\\\/?s={search_term_string}\"},\"query-input\":{\"@type\":\"PropertyValueSpecification\",\"valueRequired\":true,\"valueName\":\"search_term_string\"}}],\"inLanguage\":\"hr\"},{\"@type\":\"Organization\",\"@id\":\"https:\\\/\\\/radioljubuski.ba\\\/#organization\",\"name\":\"Radio Ljubu\u0161ki\",\"url\":\"https:\\\/\\\/radioljubuski.ba\\\/\",\"logo\":{\"@type\":\"ImageObject\",\"inLanguage\":\"hr\",\"@id\":\"https:\\\/\\\/radioljubuski.ba\\\/#\\\/schema\\\/logo\\\/image\\\/\",\"url\":\"https:\\\/\\\/radioljubuski.ba\\\/wp-content\\\/uploads\\\/2021\\\/02\\\/cropped-Radio_Ljubuski_logo1.jpg\",\"contentUrl\":\"https:\\\/\\\/radioljubuski.ba\\\/wp-content\\\/uploads\\\/2021\\\/02\\\/cropped-Radio_Ljubuski_logo1.jpg\",\"width\":512,\"height\":512,\"caption\":\"Radio Ljubu\u0161ki\"},\"image\":{\"@id\":\"https:\\\/\\\/radioljubuski.ba\\\/#\\\/schema\\\/logo\\\/image\\\/\"},\"sameAs\":[\"https:\\\/\\\/www.facebook.com\\\/Radiio-Ljubuski-1490835324566332\",\"https:\\\/\\\/x.com\\\/radioljubuski\",\"https:\\\/\\\/hr.linkedin.com\\\/company\\\/radio-ljubuski\",\"https:\\\/\\\/www.youtube.com\\\/channel\\\/UCHYaeO_n0Db3tjNGudGpXyw\"]},{\"@type\":\"Person\",\"@id\":\"https:\\\/\\\/radioljubuski.ba\\\/#\\\/schema\\\/person\\\/19fc700381a780f69665d7956c469e3b\",\"name\":\"Radio Ljubu\u0161ki\"}]}<\/script>\n<!-- \/ Yoast SEO plugin. -->","yoast_head_json":{"title":"Kopi\u0107: O\u010dekujemo maksimalno motiviranu Rijeku, ali napravit \u0107emo sve za tri boda - RADIO LJUBU\u0160KI","robots":{"index":"index","follow":"follow","max-snippet":"max-snippet:-1","max-image-preview":"max-image-preview:large","max-video-preview":"max-video-preview:-1"},"canonical":"https:\/\/radioljubuski.ba\/index.php\/2022\/04\/09\/kopic-ocekujemo-maksimalno-motiviranu-rijeku-ali-napravit-cemo-sve-za-tri-boda\/","og_locale":"hr_HR","og_type":"article","og_title":"Kopi\u0107: O\u010dekujemo maksimalno motiviranu Rijeku, ali napravit \u0107emo sve za tri boda - RADIO LJUBU\u0160KI","og_description":"Nogometa\u0161i Dinama u nedjelju gostuju na Rujevici kod Rijeke u derbiju 30. kola doma\u0107eg nogometnog prvenstva. Susret je najavio trener Modrih&nbsp;\u017deljko Kopi\u0107.&nbsp; &#8211; Trenirali smo i radili dobro. Na Rujevicu idemo s deset bodova iz zadnje \u010detiri utakmice bez primljenog gola. Ekipa je u dobrom stanju, motivirana, s kvalitetnom energijom i odlu\u010dnosti da sutra budemo [&hellip;]","og_url":"https:\/\/radioljubuski.ba\/index.php\/2022\/04\/09\/kopic-ocekujemo-maksimalno-motiviranu-rijeku-ali-napravit-cemo-sve-za-tri-boda\/","og_site_name":"RADIO LJUBU\u0160KI","article_publisher":"https:\/\/www.facebook.com\/Radiio-Ljubuski-1490835324566332","article_published_time":"2022-04-09T21:32:24+00:00","article_modified_time":"2022-04-09T21:32:25+00:00","og_image":[{"width":612,"height":408,"url":"https:\/\/radioljubuski.ba\/wp-content\/uploads\/2021\/12\/kopic.jpeg","type":"image\/jpeg"}],"author":"Radio Ljubu\u0161ki","twitter_card":"summary_large_image","twitter_creator":"@radioljubuski","twitter_site":"@radioljubuski","twitter_misc":{"Napisao\/la":"Radio Ljubu\u0161ki","Procijenjeno vrijeme \u010ditanja":"2 minute"},"schema":{"@context":"https:\/\/schema.org","@graph":[{"@type":"Article","@id":"https:\/\/radioljubuski.ba\/index.php\/2022\/04\/09\/kopic-ocekujemo-maksimalno-motiviranu-rijeku-ali-napravit-cemo-sve-za-tri-boda\/#article","isPartOf":{"@id":"https:\/\/radioljubuski.ba\/index.php\/2022\/04\/09\/kopic-ocekujemo-maksimalno-motiviranu-rijeku-ali-napravit-cemo-sve-za-tri-boda\/"},"author":{"name":"Radio Ljubu\u0161ki","@id":"https:\/\/radioljubuski.ba\/#\/schema\/person\/19fc700381a780f69665d7956c469e3b"},"headline":"Kopi\u0107: O\u010dekujemo maksimalno motiviranu Rijeku, ali napravit \u0107emo sve za tri boda","datePublished":"2022-04-09T21:32:24+00:00","dateModified":"2022-04-09T21:32:25+00:00","mainEntityOfPage":{"@id":"https:\/\/radioljubuski.ba\/index.php\/2022\/04\/09\/kopic-ocekujemo-maksimalno-motiviranu-rijeku-ali-napravit-cemo-sve-za-tri-boda\/"},"wordCount":425,"publisher":{"@id":"https:\/\/radioljubuski.ba\/#organization"},"image":{"@id":"https:\/\/radioljubuski.ba\/index.php\/2022\/04\/09\/kopic-ocekujemo-maksimalno-motiviranu-rijeku-ali-napravit-cemo-sve-za-tri-boda\/#primaryimage"},"thumbnailUrl":"https:\/\/radioljubuski.ba\/wp-content\/uploads\/2021\/12\/kopic.jpeg","articleSection":["\u0160port"],"inLanguage":"hr"},{"@type":"WebPage","@id":"https:\/\/radioljubuski.ba\/index.php\/2022\/04\/09\/kopic-ocekujemo-maksimalno-motiviranu-rijeku-ali-napravit-cemo-sve-za-tri-boda\/","url":"https:\/\/radioljubuski.ba\/index.php\/2022\/04\/09\/kopic-ocekujemo-maksimalno-motiviranu-rijeku-ali-napravit-cemo-sve-za-tri-boda\/","name":"Kopi\u0107: O\u010dekujemo maksimalno motiviranu Rijeku, ali napravit \u0107emo sve za tri boda - RADIO LJUBU\u0160KI","isPartOf":{"@id":"https:\/\/radioljubuski.ba\/#website"},"primaryImageOfPage":{"@id":"https:\/\/radioljubuski.ba\/index.php\/2022\/04\/09\/kopic-ocekujemo-maksimalno-motiviranu-rijeku-ali-napravit-cemo-sve-za-tri-boda\/#primaryimage"},"image":{"@id":"https:\/\/radioljubuski.ba\/index.php\/2022\/04\/09\/kopic-ocekujemo-maksimalno-motiviranu-rijeku-ali-napravit-cemo-sve-za-tri-boda\/#primaryimage"},"thumbnailUrl":"https:\/\/radioljubuski.ba\/wp-content\/uploads\/2021\/12\/kopic.jpeg","datePublished":"2022-04-09T21:32:24+00:00","dateModified":"2022-04-09T21:32:25+00:00","breadcrumb":{"@id":"https:\/\/radioljubuski.ba\/index.php\/2022\/04\/09\/kopic-ocekujemo-maksimalno-motiviranu-rijeku-ali-napravit-cemo-sve-za-tri-boda\/#breadcrumb"},"inLanguage":"hr","potentialAction":[{"@type":"ReadAction","target":["https:\/\/radioljubuski.ba\/index.php\/2022\/04\/09\/kopic-ocekujemo-maksimalno-motiviranu-rijeku-ali-napravit-cemo-sve-za-tri-boda\/"]}]},{"@type":"ImageObject","inLanguage":"hr","@id":"https:\/\/radioljubuski.ba\/index.php\/2022\/04\/09\/kopic-ocekujemo-maksimalno-motiviranu-rijeku-ali-napravit-cemo-sve-za-tri-boda\/#primaryimage","url":"https:\/\/radioljubuski.ba\/wp-content\/uploads\/2021\/12\/kopic.jpeg","contentUrl":"https:\/\/radioljubuski.ba\/wp-content\/uploads\/2021\/12\/kopic.jpeg","width":612,"height":408},{"@type":"BreadcrumbList","@id":"https:\/\/radioljubuski.ba\/index.php\/2022\/04\/09\/kopic-ocekujemo-maksimalno-motiviranu-rijeku-ali-napravit-cemo-sve-za-tri-boda\/#breadcrumb","itemListElement":[{"@type":"ListItem","position":1,"name":"Po\u010detna stranica","item":"https:\/\/radioljubuski.ba\/"},{"@type":"ListItem","position":2,"name":"Kopi\u0107: O\u010dekujemo maksimalno motiviranu Rijeku, ali napravit \u0107emo sve za tri boda"}]},{"@type":"WebSite","@id":"https:\/\/radioljubuski.ba\/#website","url":"https:\/\/radioljubuski.ba\/","name":"Radio Ljubu\u0161ki","description":"Sun\u010dana frekvencija Hercegovine","publisher":{"@id":"https:\/\/radioljubuski.ba\/#organization"},"potentialAction":[{"@type":"SearchAction","target":{"@type":"EntryPoint","urlTemplate":"https:\/\/radioljubuski.ba\/?s={search_term_string}"},"query-input":{"@type":"PropertyValueSpecification","valueRequired":true,"valueName":"search_term_string"}}],"inLanguage":"hr"},{"@type":"Organization","@id":"https:\/\/radioljubuski.ba\/#organization","name":"Radio Ljubu\u0161ki","url":"https:\/\/radioljubuski.ba\/","logo":{"@type":"ImageObject","inLanguage":"hr","@id":"https:\/\/radioljubuski.ba\/#\/schema\/logo\/image\/","url":"https:\/\/radioljubuski.ba\/wp-content\/uploads\/2021\/02\/cropped-Radio_Ljubuski_logo1.jpg","contentUrl":"https:\/\/radioljubuski.ba\/wp-content\/uploads\/2021\/02\/cropped-Radio_Ljubuski_logo1.jpg","width":512,"height":512,"caption":"Radio Ljubu\u0161ki"},"image":{"@id":"https:\/\/radioljubuski.ba\/#\/schema\/logo\/image\/"},"sameAs":["https:\/\/www.facebook.com\/Radiio-Ljubuski-1490835324566332","https:\/\/x.com\/radioljubuski","https:\/\/hr.linkedin.com\/company\/radio-ljubuski","https:\/\/www.youtube.com\/channel\/UCHYaeO_n0Db3tjNGudGpXyw"]},{"@type":"Person","@id":"https:\/\/radioljubuski.ba\/#\/schema\/person\/19fc700381a780f69665d7956c469e3b","name":"Radio Ljubu\u0161ki"}]}},"_links":{"self":[{"href":"https:\/\/radioljubuski.ba\/index.php\/wp-json\/wp\/v2\/posts\/130852","targetHints":{"allow":["GET"]}}],"collection":[{"href":"https:\/\/radioljubuski.ba\/index.php\/wp-json\/wp\/v2\/posts"}],"about":[{"href":"https:\/\/radioljubuski.ba\/index.php\/wp-json\/wp\/v2\/types\/post"}],"author":[{"embeddable":true,"href":"https:\/\/radioljubuski.ba\/index.php\/wp-json\/wp\/v2\/users\/2"}],"replies":[{"embeddable":true,"href":"https:\/\/radioljubuski.ba\/index.php\/wp-json\/wp\/v2\/comments?post=130852"}],"version-history":[{"count":1,"href":"https:\/\/radioljubuski.ba\/index.php\/wp-json\/wp\/v2\/posts\/130852\/revisions"}],"predecessor-version":[{"id":130853,"href":"https:\/\/radioljubuski.ba\/index.php\/wp-json\/wp\/v2\/posts\/130852\/revisions\/130853"}],"wp:featuredmedia":[{"embeddable":true,"href":"https:\/\/radioljubuski.ba\/index.php\/wp-json\/wp\/v2\/media\/95927"}],"wp:attachment":[{"href":"https:\/\/radioljubuski.ba\/index.php\/wp-json\/wp\/v2\/media?parent=130852"}],"wp:term":[{"taxonomy":"category","embeddable":true,"href":"https:\/\/radioljubuski.ba\/index.php\/wp-json\/wp\/v2\/categories?post=130852"},{"taxonomy":"post_tag","embeddable":true,"href":"https:\/\/radioljubuski.ba\/index.php\/wp-json\/wp\/v2\/tags?post=130852"}],"curies":[{"name":"wp","href":"https:\/\/api.w.org\/{rel}","templated":true}]}}