{"id":130854,"date":"2022-04-09T22:40:28","date_gmt":"2022-04-09T21:40:28","guid":{"rendered":"https:\/\/radioljubuski.ba\/?p=130854"},"modified":"2022-04-09T22:40:30","modified_gmt":"2022-04-09T21:40:30","slug":"rangnick-ovako-ni-ne-zasluzujemo-ligu-prvaka","status":"publish","type":"post","link":"https:\/\/radioljubuski.ba\/index.php\/2022\/04\/09\/rangnick-ovako-ni-ne-zasluzujemo-ligu-prvaka\/","title":{"rendered":"Rangnick: Ovako ni ne zaslu\u017eujemo Ligu prvaka"},"content":{"rendered":"\n<p><strong>Trener Manchester Uniteda Ralf Rangnick bio je veoma razo\u010daran igrom svoje mom\u010dadi protiv Everona.<\/strong><\/p>\n\n\n\n<p>Crveni vragovi pora\u017eeni su na gostovanju s minimalnih 1:0.<br><br>&#8211; Kad god smo prvi zabili gol, \u010dak i u pro\u0161losti, imali smo dovoljno samopouzdanja i pobijedili smo u tim utakmicama. Ali kad smo prvi primili gol, moramo re\u0107i da smo izgubili pribranost i malo samopouzdanja i na kraju, a ako ne zabije\u0161 gol Evertonu, uz svo po\u0161tovanje Evertonu, imaju dobru mom\u010dad, ali ako ne zabije\u0161 protiv ekipe koja je primila tri gola protiv Burnleya, onda ne mo\u017ee\u0161 ni\u0161ta o\u010dekivati od utakmice, rekao je Rangnick.<\/p>\n\n\n\n<div style=\"width: 640px;\" class=\"wp-video\"><video class=\"wp-video-shortcode\" id=\"video-130854-1\" width=\"640\" height=\"360\" preload=\"metadata\" controls=\"controls\"><source type=\"video\/mp4\" src=\"https:\/\/api.hrt.hr\/media\/e3\/63\/ragnick-6251d1026370e621acdca58d-apr-09-2022-19-48-06-20220409203901.mp4?_=1\" \/><a href=\"https:\/\/api.hrt.hr\/media\/e3\/63\/ragnick-6251d1026370e621acdca58d-apr-09-2022-19-48-06-20220409203901.mp4\">https:\/\/api.hrt.hr\/media\/e3\/63\/ragnick-6251d1026370e621acdca58d-apr-09-2022-19-48-06-20220409203901.mp4<\/a><\/video><\/div>\n\n\n\n<p>Manchester United je, pak, ovim porazom uvelike umanjio izglede za osvajanje jednog od prva \u010detiri mjesta na kraju sezone koja vode u Ligu prvaka, ostao je sedmi sa 51 bodom, \u0161est manje od \u010detvrtog Tottenham Hotspura.<br><br>&#8211; Igra\u010di bi trebali biti \u017eeljni igrati internacionalni nogomet, ako je mogu\u0107e Ligu prvaka, ali ako igramo kao \u0161to smo igrali danas, mi to jednostavno ne zaslu\u017eujemo. Kako bi se kvalificirao za Europu, mora\u0161 biti u stanju zabiti u 95 minuta utakmice kao \u0161to je bila danas, zaklju\u010dio je trener Uniteda.<\/p>\n\n\n\n<figure class=\"wp-block-embed is-type-wp-embed is-provider-radio-ljubuski wp-block-embed-radio-ljubuski\"><div class=\"wp-block-embed__wrapper\">\n<blockquote class=\"wp-embedded-content\" data-secret=\"KZYkFnSBWY\"><a href=\"https:\/\/radioljubuski.ba\/index.php\/2022\/04\/09\/sestica-chelseaja-novi-poraz-arsenala\/\">\u0160estica Chelseaja, novi poraz Arsenala<\/a><\/blockquote><iframe loading=\"lazy\" class=\"wp-embedded-content\" sandbox=\"allow-scripts\" security=\"restricted\" style=\"position: absolute; clip: rect(1px, 1px, 1px, 1px);\" title=\"&#8220;\u0160estica Chelseaja, novi poraz Arsenala&#8221; &#8212;   RADIO LJUBU\u0160KI\" src=\"https:\/\/radioljubuski.ba\/index.php\/2022\/04\/09\/sestica-chelseaja-novi-poraz-arsenala\/embed\/#?secret=FDM1qXCysP#?secret=KZYkFnSBWY\" data-secret=\"KZYkFnSBWY\" width=\"600\" height=\"338\" frameborder=\"0\" marginwidth=\"0\" marginheight=\"0\" scrolling=\"no\"><\/iframe>\n<\/div><\/figure>\n\n\n\n<p>Izvor:hrt.hr<\/p>\n","protected":false},"excerpt":{"rendered":"<p>Trener Manchester Uniteda Ralf Rangnick bio je veoma razo\u010daran igrom svoje mom\u010dadi protiv Everona. Crveni vragovi pora\u017eeni su na gostovanju s minimalnih 1:0. &#8211; Kad god smo prvi zabili gol, \u010dak i u pro\u0161losti, imali smo dovoljno samopouzdanja i pobijedili smo u tim utakmicama. Ali kad smo prvi primili gol, moramo re\u0107i da smo izgubili [&hellip;]<\/p>\n","protected":false},"author":2,"featured_media":130855,"comment_status":"closed","ping_status":"closed","sticky":false,"template":"","format":"standard","meta":{"h5ap_radio_sources":[],"footnotes":""},"categories":[7],"tags":[],"class_list":["post-130854","post","type-post","status-publish","format-standard","has-post-thumbnail","hentry","category-sport"],"yoast_head":"<!-- This site is optimized with the Yoast SEO plugin v27.4 - https:\/\/yoast.com\/product\/yoast-seo-wordpress\/ -->\n<title>Rangnick: Ovako ni ne zaslu\u017eujemo Ligu prvaka - RADIO LJUBU\u0160KI<\/title>\n<meta name=\"robots\" content=\"index, follow, max-snippet:-1, max-image-preview:large, max-video-preview:-1\" \/>\n<link rel=\"canonical\" href=\"https:\/\/radioljubuski.ba\/index.php\/2022\/04\/09\/rangnick-ovako-ni-ne-zasluzujemo-ligu-prvaka\/\" \/>\n<meta property=\"og:locale\" content=\"hr_HR\" \/>\n<meta property=\"og:type\" content=\"article\" \/>\n<meta property=\"og:title\" content=\"Rangnick: Ovako ni ne zaslu\u017eujemo Ligu prvaka - RADIO LJUBU\u0160KI\" \/>\n<meta property=\"og:description\" content=\"Trener Manchester Uniteda Ralf Rangnick bio je veoma razo\u010daran igrom svoje mom\u010dadi protiv Everona. Crveni vragovi pora\u017eeni su na gostovanju s minimalnih 1:0. &#8211; Kad god smo prvi zabili gol, \u010dak i u pro\u0161losti, imali smo dovoljno samopouzdanja i pobijedili smo u tim utakmicama. Ali kad smo prvi primili gol, moramo re\u0107i da smo izgubili [&hellip;]\" \/>\n<meta property=\"og:url\" content=\"https:\/\/radioljubuski.ba\/index.php\/2022\/04\/09\/rangnick-ovako-ni-ne-zasluzujemo-ligu-prvaka\/\" \/>\n<meta property=\"og:site_name\" content=\"RADIO LJUBU\u0160KI\" \/>\n<meta property=\"article:publisher\" content=\"https:\/\/www.facebook.com\/Radiio-Ljubuski-1490835324566332\" \/>\n<meta property=\"article:published_time\" content=\"2022-04-09T21:40:28+00:00\" \/>\n<meta property=\"article:modified_time\" content=\"2022-04-09T21:40:30+00:00\" \/>\n<meta property=\"og:image\" content=\"https:\/\/radioljubuski.ba\/wp-content\/uploads\/2022\/04\/rangnick-1.jpg\" \/>\n\t<meta property=\"og:image:width\" content=\"263\" \/>\n\t<meta property=\"og:image:height\" content=\"191\" \/>\n\t<meta property=\"og:image:type\" content=\"image\/jpeg\" \/>\n<meta name=\"author\" content=\"Radio Ljubu\u0161ki\" \/>\n<meta name=\"twitter:card\" content=\"summary_large_image\" \/>\n<meta name=\"twitter:creator\" content=\"@radioljubuski\" \/>\n<meta name=\"twitter:site\" content=\"@radioljubuski\" \/>\n<meta name=\"twitter:label1\" content=\"Napisao\/la\" \/>\n\t<meta name=\"twitter:data1\" content=\"Radio Ljubu\u0161ki\" \/>\n\t<meta name=\"twitter:label2\" content=\"Procijenjeno vrijeme \u010ditanja\" \/>\n\t<meta name=\"twitter:data2\" content=\"1 minuta\" \/>\n<script type=\"application\/ld+json\" class=\"yoast-schema-graph\">{\"@context\":\"https:\\\/\\\/schema.org\",\"@graph\":[{\"@type\":\"Article\",\"@id\":\"https:\\\/\\\/radioljubuski.ba\\\/index.php\\\/2022\\\/04\\\/09\\\/rangnick-ovako-ni-ne-zasluzujemo-ligu-prvaka\\\/#article\",\"isPartOf\":{\"@id\":\"https:\\\/\\\/radioljubuski.ba\\\/index.php\\\/2022\\\/04\\\/09\\\/rangnick-ovako-ni-ne-zasluzujemo-ligu-prvaka\\\/\"},\"author\":{\"name\":\"Radio Ljubu\u0161ki\",\"@id\":\"https:\\\/\\\/radioljubuski.ba\\\/#\\\/schema\\\/person\\\/19fc700381a780f69665d7956c469e3b\"},\"headline\":\"Rangnick: Ovako ni ne zaslu\u017eujemo Ligu prvaka\",\"datePublished\":\"2022-04-09T21:40:28+00:00\",\"dateModified\":\"2022-04-09T21:40:30+00:00\",\"mainEntityOfPage\":{\"@id\":\"https:\\\/\\\/radioljubuski.ba\\\/index.php\\\/2022\\\/04\\\/09\\\/rangnick-ovako-ni-ne-zasluzujemo-ligu-prvaka\\\/\"},\"wordCount\":230,\"publisher\":{\"@id\":\"https:\\\/\\\/radioljubuski.ba\\\/#organization\"},\"image\":{\"@id\":\"https:\\\/\\\/radioljubuski.ba\\\/index.php\\\/2022\\\/04\\\/09\\\/rangnick-ovako-ni-ne-zasluzujemo-ligu-prvaka\\\/#primaryimage\"},\"thumbnailUrl\":\"https:\\\/\\\/radioljubuski.ba\\\/wp-content\\\/uploads\\\/2022\\\/04\\\/rangnick-1.jpg\",\"articleSection\":[\"\u0160port\"],\"inLanguage\":\"hr\"},{\"@type\":\"WebPage\",\"@id\":\"https:\\\/\\\/radioljubuski.ba\\\/index.php\\\/2022\\\/04\\\/09\\\/rangnick-ovako-ni-ne-zasluzujemo-ligu-prvaka\\\/\",\"url\":\"https:\\\/\\\/radioljubuski.ba\\\/index.php\\\/2022\\\/04\\\/09\\\/rangnick-ovako-ni-ne-zasluzujemo-ligu-prvaka\\\/\",\"name\":\"Rangnick: Ovako ni ne zaslu\u017eujemo Ligu prvaka - RADIO LJUBU\u0160KI\",\"isPartOf\":{\"@id\":\"https:\\\/\\\/radioljubuski.ba\\\/#website\"},\"primaryImageOfPage\":{\"@id\":\"https:\\\/\\\/radioljubuski.ba\\\/index.php\\\/2022\\\/04\\\/09\\\/rangnick-ovako-ni-ne-zasluzujemo-ligu-prvaka\\\/#primaryimage\"},\"image\":{\"@id\":\"https:\\\/\\\/radioljubuski.ba\\\/index.php\\\/2022\\\/04\\\/09\\\/rangnick-ovako-ni-ne-zasluzujemo-ligu-prvaka\\\/#primaryimage\"},\"thumbnailUrl\":\"https:\\\/\\\/radioljubuski.ba\\\/wp-content\\\/uploads\\\/2022\\\/04\\\/rangnick-1.jpg\",\"datePublished\":\"2022-04-09T21:40:28+00:00\",\"dateModified\":\"2022-04-09T21:40:30+00:00\",\"breadcrumb\":{\"@id\":\"https:\\\/\\\/radioljubuski.ba\\\/index.php\\\/2022\\\/04\\\/09\\\/rangnick-ovako-ni-ne-zasluzujemo-ligu-prvaka\\\/#breadcrumb\"},\"inLanguage\":\"hr\",\"potentialAction\":[{\"@type\":\"ReadAction\",\"target\":[\"https:\\\/\\\/radioljubuski.ba\\\/index.php\\\/2022\\\/04\\\/09\\\/rangnick-ovako-ni-ne-zasluzujemo-ligu-prvaka\\\/\"]}]},{\"@type\":\"ImageObject\",\"inLanguage\":\"hr\",\"@id\":\"https:\\\/\\\/radioljubuski.ba\\\/index.php\\\/2022\\\/04\\\/09\\\/rangnick-ovako-ni-ne-zasluzujemo-ligu-prvaka\\\/#primaryimage\",\"url\":\"https:\\\/\\\/radioljubuski.ba\\\/wp-content\\\/uploads\\\/2022\\\/04\\\/rangnick-1.jpg\",\"contentUrl\":\"https:\\\/\\\/radioljubuski.ba\\\/wp-content\\\/uploads\\\/2022\\\/04\\\/rangnick-1.jpg\",\"width\":263,\"height\":191},{\"@type\":\"BreadcrumbList\",\"@id\":\"https:\\\/\\\/radioljubuski.ba\\\/index.php\\\/2022\\\/04\\\/09\\\/rangnick-ovako-ni-ne-zasluzujemo-ligu-prvaka\\\/#breadcrumb\",\"itemListElement\":[{\"@type\":\"ListItem\",\"position\":1,\"name\":\"Po\u010detna stranica\",\"item\":\"https:\\\/\\\/radioljubuski.ba\\\/\"},{\"@type\":\"ListItem\",\"position\":2,\"name\":\"Rangnick: Ovako ni ne zaslu\u017eujemo Ligu prvaka\"}]},{\"@type\":\"WebSite\",\"@id\":\"https:\\\/\\\/radioljubuski.ba\\\/#website\",\"url\":\"https:\\\/\\\/radioljubuski.ba\\\/\",\"name\":\"Radio Ljubu\u0161ki\",\"description\":\"Sun\u010dana frekvencija Hercegovine\",\"publisher\":{\"@id\":\"https:\\\/\\\/radioljubuski.ba\\\/#organization\"},\"potentialAction\":[{\"@type\":\"SearchAction\",\"target\":{\"@type\":\"EntryPoint\",\"urlTemplate\":\"https:\\\/\\\/radioljubuski.ba\\\/?s={search_term_string}\"},\"query-input\":{\"@type\":\"PropertyValueSpecification\",\"valueRequired\":true,\"valueName\":\"search_term_string\"}}],\"inLanguage\":\"hr\"},{\"@type\":\"Organization\",\"@id\":\"https:\\\/\\\/radioljubuski.ba\\\/#organization\",\"name\":\"Radio Ljubu\u0161ki\",\"url\":\"https:\\\/\\\/radioljubuski.ba\\\/\",\"logo\":{\"@type\":\"ImageObject\",\"inLanguage\":\"hr\",\"@id\":\"https:\\\/\\\/radioljubuski.ba\\\/#\\\/schema\\\/logo\\\/image\\\/\",\"url\":\"https:\\\/\\\/radioljubuski.ba\\\/wp-content\\\/uploads\\\/2021\\\/02\\\/cropped-Radio_Ljubuski_logo1.jpg\",\"contentUrl\":\"https:\\\/\\\/radioljubuski.ba\\\/wp-content\\\/uploads\\\/2021\\\/02\\\/cropped-Radio_Ljubuski_logo1.jpg\",\"width\":512,\"height\":512,\"caption\":\"Radio Ljubu\u0161ki\"},\"image\":{\"@id\":\"https:\\\/\\\/radioljubuski.ba\\\/#\\\/schema\\\/logo\\\/image\\\/\"},\"sameAs\":[\"https:\\\/\\\/www.facebook.com\\\/Radiio-Ljubuski-1490835324566332\",\"https:\\\/\\\/x.com\\\/radioljubuski\",\"https:\\\/\\\/hr.linkedin.com\\\/company\\\/radio-ljubuski\",\"https:\\\/\\\/www.youtube.com\\\/channel\\\/UCHYaeO_n0Db3tjNGudGpXyw\"]},{\"@type\":\"Person\",\"@id\":\"https:\\\/\\\/radioljubuski.ba\\\/#\\\/schema\\\/person\\\/19fc700381a780f69665d7956c469e3b\",\"name\":\"Radio Ljubu\u0161ki\"}]}<\/script>\n<!-- \/ Yoast SEO plugin. -->","yoast_head_json":{"title":"Rangnick: Ovako ni ne zaslu\u017eujemo Ligu prvaka - RADIO LJUBU\u0160KI","robots":{"index":"index","follow":"follow","max-snippet":"max-snippet:-1","max-image-preview":"max-image-preview:large","max-video-preview":"max-video-preview:-1"},"canonical":"https:\/\/radioljubuski.ba\/index.php\/2022\/04\/09\/rangnick-ovako-ni-ne-zasluzujemo-ligu-prvaka\/","og_locale":"hr_HR","og_type":"article","og_title":"Rangnick: Ovako ni ne zaslu\u017eujemo Ligu prvaka - RADIO LJUBU\u0160KI","og_description":"Trener Manchester Uniteda Ralf Rangnick bio je veoma razo\u010daran igrom svoje mom\u010dadi protiv Everona. Crveni vragovi pora\u017eeni su na gostovanju s minimalnih 1:0. &#8211; Kad god smo prvi zabili gol, \u010dak i u pro\u0161losti, imali smo dovoljno samopouzdanja i pobijedili smo u tim utakmicama. Ali kad smo prvi primili gol, moramo re\u0107i da smo izgubili [&hellip;]","og_url":"https:\/\/radioljubuski.ba\/index.php\/2022\/04\/09\/rangnick-ovako-ni-ne-zasluzujemo-ligu-prvaka\/","og_site_name":"RADIO LJUBU\u0160KI","article_publisher":"https:\/\/www.facebook.com\/Radiio-Ljubuski-1490835324566332","article_published_time":"2022-04-09T21:40:28+00:00","article_modified_time":"2022-04-09T21:40:30+00:00","og_image":[{"width":263,"height":191,"url":"https:\/\/radioljubuski.ba\/wp-content\/uploads\/2022\/04\/rangnick-1.jpg","type":"image\/jpeg"}],"author":"Radio Ljubu\u0161ki","twitter_card":"summary_large_image","twitter_creator":"@radioljubuski","twitter_site":"@radioljubuski","twitter_misc":{"Napisao\/la":"Radio Ljubu\u0161ki","Procijenjeno vrijeme \u010ditanja":"1 minuta"},"schema":{"@context":"https:\/\/schema.org","@graph":[{"@type":"Article","@id":"https:\/\/radioljubuski.ba\/index.php\/2022\/04\/09\/rangnick-ovako-ni-ne-zasluzujemo-ligu-prvaka\/#article","isPartOf":{"@id":"https:\/\/radioljubuski.ba\/index.php\/2022\/04\/09\/rangnick-ovako-ni-ne-zasluzujemo-ligu-prvaka\/"},"author":{"name":"Radio Ljubu\u0161ki","@id":"https:\/\/radioljubuski.ba\/#\/schema\/person\/19fc700381a780f69665d7956c469e3b"},"headline":"Rangnick: Ovako ni ne zaslu\u017eujemo Ligu prvaka","datePublished":"2022-04-09T21:40:28+00:00","dateModified":"2022-04-09T21:40:30+00:00","mainEntityOfPage":{"@id":"https:\/\/radioljubuski.ba\/index.php\/2022\/04\/09\/rangnick-ovako-ni-ne-zasluzujemo-ligu-prvaka\/"},"wordCount":230,"publisher":{"@id":"https:\/\/radioljubuski.ba\/#organization"},"image":{"@id":"https:\/\/radioljubuski.ba\/index.php\/2022\/04\/09\/rangnick-ovako-ni-ne-zasluzujemo-ligu-prvaka\/#primaryimage"},"thumbnailUrl":"https:\/\/radioljubuski.ba\/wp-content\/uploads\/2022\/04\/rangnick-1.jpg","articleSection":["\u0160port"],"inLanguage":"hr"},{"@type":"WebPage","@id":"https:\/\/radioljubuski.ba\/index.php\/2022\/04\/09\/rangnick-ovako-ni-ne-zasluzujemo-ligu-prvaka\/","url":"https:\/\/radioljubuski.ba\/index.php\/2022\/04\/09\/rangnick-ovako-ni-ne-zasluzujemo-ligu-prvaka\/","name":"Rangnick: Ovako ni ne zaslu\u017eujemo Ligu prvaka - RADIO LJUBU\u0160KI","isPartOf":{"@id":"https:\/\/radioljubuski.ba\/#website"},"primaryImageOfPage":{"@id":"https:\/\/radioljubuski.ba\/index.php\/2022\/04\/09\/rangnick-ovako-ni-ne-zasluzujemo-ligu-prvaka\/#primaryimage"},"image":{"@id":"https:\/\/radioljubuski.ba\/index.php\/2022\/04\/09\/rangnick-ovako-ni-ne-zasluzujemo-ligu-prvaka\/#primaryimage"},"thumbnailUrl":"https:\/\/radioljubuski.ba\/wp-content\/uploads\/2022\/04\/rangnick-1.jpg","datePublished":"2022-04-09T21:40:28+00:00","dateModified":"2022-04-09T21:40:30+00:00","breadcrumb":{"@id":"https:\/\/radioljubuski.ba\/index.php\/2022\/04\/09\/rangnick-ovako-ni-ne-zasluzujemo-ligu-prvaka\/#breadcrumb"},"inLanguage":"hr","potentialAction":[{"@type":"ReadAction","target":["https:\/\/radioljubuski.ba\/index.php\/2022\/04\/09\/rangnick-ovako-ni-ne-zasluzujemo-ligu-prvaka\/"]}]},{"@type":"ImageObject","inLanguage":"hr","@id":"https:\/\/radioljubuski.ba\/index.php\/2022\/04\/09\/rangnick-ovako-ni-ne-zasluzujemo-ligu-prvaka\/#primaryimage","url":"https:\/\/radioljubuski.ba\/wp-content\/uploads\/2022\/04\/rangnick-1.jpg","contentUrl":"https:\/\/radioljubuski.ba\/wp-content\/uploads\/2022\/04\/rangnick-1.jpg","width":263,"height":191},{"@type":"BreadcrumbList","@id":"https:\/\/radioljubuski.ba\/index.php\/2022\/04\/09\/rangnick-ovako-ni-ne-zasluzujemo-ligu-prvaka\/#breadcrumb","itemListElement":[{"@type":"ListItem","position":1,"name":"Po\u010detna stranica","item":"https:\/\/radioljubuski.ba\/"},{"@type":"ListItem","position":2,"name":"Rangnick: Ovako ni ne zaslu\u017eujemo Ligu prvaka"}]},{"@type":"WebSite","@id":"https:\/\/radioljubuski.ba\/#website","url":"https:\/\/radioljubuski.ba\/","name":"Radio Ljubu\u0161ki","description":"Sun\u010dana frekvencija Hercegovine","publisher":{"@id":"https:\/\/radioljubuski.ba\/#organization"},"potentialAction":[{"@type":"SearchAction","target":{"@type":"EntryPoint","urlTemplate":"https:\/\/radioljubuski.ba\/?s={search_term_string}"},"query-input":{"@type":"PropertyValueSpecification","valueRequired":true,"valueName":"search_term_string"}}],"inLanguage":"hr"},{"@type":"Organization","@id":"https:\/\/radioljubuski.ba\/#organization","name":"Radio Ljubu\u0161ki","url":"https:\/\/radioljubuski.ba\/","logo":{"@type":"ImageObject","inLanguage":"hr","@id":"https:\/\/radioljubuski.ba\/#\/schema\/logo\/image\/","url":"https:\/\/radioljubuski.ba\/wp-content\/uploads\/2021\/02\/cropped-Radio_Ljubuski_logo1.jpg","contentUrl":"https:\/\/radioljubuski.ba\/wp-content\/uploads\/2021\/02\/cropped-Radio_Ljubuski_logo1.jpg","width":512,"height":512,"caption":"Radio Ljubu\u0161ki"},"image":{"@id":"https:\/\/radioljubuski.ba\/#\/schema\/logo\/image\/"},"sameAs":["https:\/\/www.facebook.com\/Radiio-Ljubuski-1490835324566332","https:\/\/x.com\/radioljubuski","https:\/\/hr.linkedin.com\/company\/radio-ljubuski","https:\/\/www.youtube.com\/channel\/UCHYaeO_n0Db3tjNGudGpXyw"]},{"@type":"Person","@id":"https:\/\/radioljubuski.ba\/#\/schema\/person\/19fc700381a780f69665d7956c469e3b","name":"Radio Ljubu\u0161ki"}]}},"_links":{"self":[{"href":"https:\/\/radioljubuski.ba\/index.php\/wp-json\/wp\/v2\/posts\/130854","targetHints":{"allow":["GET"]}}],"collection":[{"href":"https:\/\/radioljubuski.ba\/index.php\/wp-json\/wp\/v2\/posts"}],"about":[{"href":"https:\/\/radioljubuski.ba\/index.php\/wp-json\/wp\/v2\/types\/post"}],"author":[{"embeddable":true,"href":"https:\/\/radioljubuski.ba\/index.php\/wp-json\/wp\/v2\/users\/2"}],"replies":[{"embeddable":true,"href":"https:\/\/radioljubuski.ba\/index.php\/wp-json\/wp\/v2\/comments?post=130854"}],"version-history":[{"count":1,"href":"https:\/\/radioljubuski.ba\/index.php\/wp-json\/wp\/v2\/posts\/130854\/revisions"}],"predecessor-version":[{"id":130856,"href":"https:\/\/radioljubuski.ba\/index.php\/wp-json\/wp\/v2\/posts\/130854\/revisions\/130856"}],"wp:featuredmedia":[{"embeddable":true,"href":"https:\/\/radioljubuski.ba\/index.php\/wp-json\/wp\/v2\/media\/130855"}],"wp:attachment":[{"href":"https:\/\/radioljubuski.ba\/index.php\/wp-json\/wp\/v2\/media?parent=130854"}],"wp:term":[{"taxonomy":"category","embeddable":true,"href":"https:\/\/radioljubuski.ba\/index.php\/wp-json\/wp\/v2\/categories?post=130854"},{"taxonomy":"post_tag","embeddable":true,"href":"https:\/\/radioljubuski.ba\/index.php\/wp-json\/wp\/v2\/tags?post=130854"}],"curies":[{"name":"wp","href":"https:\/\/api.w.org\/{rel}","templated":true}]}}