{"id":130860,"date":"2022-04-09T22:44:14","date_gmt":"2022-04-09T21:44:14","guid":{"rendered":"https:\/\/radioljubuski.ba\/?p=130860"},"modified":"2022-04-09T22:44:16","modified_gmt":"2022-04-09T21:44:16","slug":"dambrauskas-mozda-nam-je-trebala-ovakva-pobjeda-racunica-ponosan-sam","status":"publish","type":"post","link":"https:\/\/radioljubuski.ba\/index.php\/2022\/04\/09\/dambrauskas-mozda-nam-je-trebala-ovakva-pobjeda-racunica-ponosan-sam\/","title":{"rendered":"Dambrauskas: Mo\u017eda nam je trebala ovakva pobjeda; Ra\u010dunica: Ponosan sam"},"content":{"rendered":"\n<p><strong>Nogometa\u0161i Hajduka presko\u010dili su Rijeku na tre\u0107em mjestu ljestvice Prve HNL te\u0161kom 2-1 (1-0) doma\u0107om pobjedom protiv \u0160ibenika u susretu 30. kola.<\/strong><\/p>\n\n\n\n<p>&#8211; Pobjeda je pobjeda, to je najva\u017enija stvar. Rekao sam prije dva dana \u0161to o\u010dekujem od ove utakmice. Nakon Osijeka smo bili prazni, ta utakmica nas je iscrpila. Poku\u0161avali smo cijeli tjedan di\u0107i mom\u010dad. A i vrijeme se promijenilo prije samog po\u010detka utakmice, pala je ki\u0161a i vjetar je zapuhao i to je onemogu\u0107ilo igru, igra\u010dima je trebalo vremena da se prilagode. Imali smo dovoljno prilika, a i mo\u017eda nam je trebala ovakva pobjeda. \u0160to te\u017ea pobjeda, bolji je osje\u0107aj, rekao je trener Hajduka\u00a0<strong>Valdas Dambrauskas<\/strong>.<br><br>Govorio je i o<strong>\u00a0Marku Livaji<\/strong>, te otkrio da ne zna kolika je te\u017eina ozljede\u00a0<strong>Nikole Kalini\u0107a<\/strong>.<br><br>&#8211; Livaja je u jako dobroj formi, radi pritisak na protivnika, danas je asistirao, ali i da nije ni\u0161ta napravio to ne bi promijenilo moje mi\u0161ljenje o njemu.<br><br>Ponovio je trener Hajduka da u Prvoj HNL nema lakih utakmica.<br><br>&#8211; \u0160ibeniku je ovo najve\u0107a utakmica, protiv najve\u0107eg rivala, u kojoj oni daju 100 posto. Poku\u0161ali su sve, dali su sve od sebe, ali to je ljepota ove lige u stvarno kojoj nema lakih utakmica, zaklju\u010dio je Dambrauskas.<br><br><strong>Dean Ra\u010dunica<\/strong>, trener \u0160ibenika, bio je ponosan na svoju mom\u010dad te je istaknuo da su namu\u010dili Spli\u0107ane.<br><br>&#8211; Mogu samo biti ponosan na mom\u010dad. Da moja mom\u010dad ovako igra protiv ostalih klubova ne bi bilo problema, niti bi bili u ovoj situaciji. Nismo iskoristili svoje prilike, a na kraju, kad se sve zbroji, Hajduk je zaslu\u017eeno slavio, rekao je Ra\u010dunica.<\/p>\n\n\n\n<figure class=\"wp-block-embed is-type-wp-embed is-provider-radio-ljubuski wp-block-embed-radio-ljubuski\"><div class=\"wp-block-embed__wrapper\">\n<blockquote class=\"wp-embedded-content\" data-secret=\"ybwUTcB3Op\"><a href=\"https:\/\/radioljubuski.ba\/index.php\/2022\/04\/09\/hajduk-u-87-minuti-dosao-do-domace-pobjede-protiv-sibenika\/\">Hajduk u 87. minuti do\u0161ao do doma\u0107e pobjede protiv \u0160ibenika<\/a><\/blockquote><iframe loading=\"lazy\" class=\"wp-embedded-content\" sandbox=\"allow-scripts\" security=\"restricted\" style=\"position: absolute; clip: rect(1px, 1px, 1px, 1px);\" title=\"&#8220;Hajduk u 87. minuti do\u0161ao do doma\u0107e pobjede protiv \u0160ibenika&#8221; &#8212;   RADIO LJUBU\u0160KI\" src=\"https:\/\/radioljubuski.ba\/index.php\/2022\/04\/09\/hajduk-u-87-minuti-dosao-do-domace-pobjede-protiv-sibenika\/embed\/#?secret=p2GxQfdEUI#?secret=ybwUTcB3Op\" data-secret=\"ybwUTcB3Op\" width=\"600\" height=\"338\" frameborder=\"0\" marginwidth=\"0\" marginheight=\"0\" scrolling=\"no\"><\/iframe>\n<\/div><\/figure>\n\n\n\n<p>Izvor:hrt.hr<\/p>\n","protected":false},"excerpt":{"rendered":"<p>Nogometa\u0161i Hajduka presko\u010dili su Rijeku na tre\u0107em mjestu ljestvice Prve HNL te\u0161kom 2-1 (1-0) doma\u0107om pobjedom protiv \u0160ibenika u susretu 30. kola. &#8211; Pobjeda je pobjeda, to je najva\u017enija stvar. Rekao sam prije dva dana \u0161to o\u010dekujem od ove utakmice. Nakon Osijeka smo bili prazni, ta utakmica nas je iscrpila. Poku\u0161avali smo cijeli tjedan di\u0107i [&hellip;]<\/p>\n","protected":false},"author":2,"featured_media":130861,"comment_status":"closed","ping_status":"closed","sticky":false,"template":"","format":"standard","meta":{"h5ap_radio_sources":[],"footnotes":""},"categories":[7],"tags":[],"class_list":["post-130860","post","type-post","status-publish","format-standard","has-post-thumbnail","hentry","category-sport"],"yoast_head":"<!-- This site is optimized with the Yoast SEO plugin v27.4 - https:\/\/yoast.com\/product\/yoast-seo-wordpress\/ -->\n<title>Dambrauskas: Mo\u017eda nam je trebala ovakva pobjeda; Ra\u010dunica: Ponosan sam - RADIO LJUBU\u0160KI<\/title>\n<meta name=\"robots\" content=\"index, follow, max-snippet:-1, max-image-preview:large, max-video-preview:-1\" \/>\n<link rel=\"canonical\" href=\"https:\/\/radioljubuski.ba\/index.php\/2022\/04\/09\/dambrauskas-mozda-nam-je-trebala-ovakva-pobjeda-racunica-ponosan-sam\/\" \/>\n<meta property=\"og:locale\" content=\"hr_HR\" \/>\n<meta property=\"og:type\" content=\"article\" \/>\n<meta property=\"og:title\" content=\"Dambrauskas: Mo\u017eda nam je trebala ovakva pobjeda; Ra\u010dunica: Ponosan sam - RADIO LJUBU\u0160KI\" \/>\n<meta property=\"og:description\" content=\"Nogometa\u0161i Hajduka presko\u010dili su Rijeku na tre\u0107em mjestu ljestvice Prve HNL te\u0161kom 2-1 (1-0) doma\u0107om pobjedom protiv \u0160ibenika u susretu 30. kola. &#8211; Pobjeda je pobjeda, to je najva\u017enija stvar. Rekao sam prije dva dana \u0161to o\u010dekujem od ove utakmice. Nakon Osijeka smo bili prazni, ta utakmica nas je iscrpila. Poku\u0161avali smo cijeli tjedan di\u0107i [&hellip;]\" \/>\n<meta property=\"og:url\" content=\"https:\/\/radioljubuski.ba\/index.php\/2022\/04\/09\/dambrauskas-mozda-nam-je-trebala-ovakva-pobjeda-racunica-ponosan-sam\/\" \/>\n<meta property=\"og:site_name\" content=\"RADIO LJUBU\u0160KI\" \/>\n<meta property=\"article:publisher\" content=\"https:\/\/www.facebook.com\/Radiio-Ljubuski-1490835324566332\" \/>\n<meta property=\"article:published_time\" content=\"2022-04-09T21:44:14+00:00\" \/>\n<meta property=\"article:modified_time\" content=\"2022-04-09T21:44:16+00:00\" \/>\n<meta property=\"og:image\" content=\"https:\/\/radioljubuski.ba\/wp-content\/uploads\/2022\/04\/11-4.png\" \/>\n\t<meta property=\"og:image:width\" content=\"647\" \/>\n\t<meta property=\"og:image:height\" content=\"364\" \/>\n\t<meta property=\"og:image:type\" content=\"image\/png\" \/>\n<meta name=\"author\" content=\"Radio Ljubu\u0161ki\" \/>\n<meta name=\"twitter:card\" content=\"summary_large_image\" \/>\n<meta name=\"twitter:creator\" content=\"@radioljubuski\" \/>\n<meta name=\"twitter:site\" content=\"@radioljubuski\" \/>\n<meta name=\"twitter:label1\" content=\"Napisao\/la\" \/>\n\t<meta name=\"twitter:data1\" content=\"Radio Ljubu\u0161ki\" \/>\n\t<meta name=\"twitter:label2\" content=\"Procijenjeno vrijeme \u010ditanja\" \/>\n\t<meta name=\"twitter:data2\" content=\"2 minute\" \/>\n<script type=\"application\/ld+json\" class=\"yoast-schema-graph\">{\"@context\":\"https:\\\/\\\/schema.org\",\"@graph\":[{\"@type\":\"Article\",\"@id\":\"https:\\\/\\\/radioljubuski.ba\\\/index.php\\\/2022\\\/04\\\/09\\\/dambrauskas-mozda-nam-je-trebala-ovakva-pobjeda-racunica-ponosan-sam\\\/#article\",\"isPartOf\":{\"@id\":\"https:\\\/\\\/radioljubuski.ba\\\/index.php\\\/2022\\\/04\\\/09\\\/dambrauskas-mozda-nam-je-trebala-ovakva-pobjeda-racunica-ponosan-sam\\\/\"},\"author\":{\"name\":\"Radio Ljubu\u0161ki\",\"@id\":\"https:\\\/\\\/radioljubuski.ba\\\/#\\\/schema\\\/person\\\/19fc700381a780f69665d7956c469e3b\"},\"headline\":\"Dambrauskas: Mo\u017eda nam je trebala ovakva pobjeda; Ra\u010dunica: Ponosan sam\",\"datePublished\":\"2022-04-09T21:44:14+00:00\",\"dateModified\":\"2022-04-09T21:44:16+00:00\",\"mainEntityOfPage\":{\"@id\":\"https:\\\/\\\/radioljubuski.ba\\\/index.php\\\/2022\\\/04\\\/09\\\/dambrauskas-mozda-nam-je-trebala-ovakva-pobjeda-racunica-ponosan-sam\\\/\"},\"wordCount\":315,\"publisher\":{\"@id\":\"https:\\\/\\\/radioljubuski.ba\\\/#organization\"},\"image\":{\"@id\":\"https:\\\/\\\/radioljubuski.ba\\\/index.php\\\/2022\\\/04\\\/09\\\/dambrauskas-mozda-nam-je-trebala-ovakva-pobjeda-racunica-ponosan-sam\\\/#primaryimage\"},\"thumbnailUrl\":\"https:\\\/\\\/radioljubuski.ba\\\/wp-content\\\/uploads\\\/2022\\\/04\\\/11-4.png\",\"articleSection\":[\"\u0160port\"],\"inLanguage\":\"hr\"},{\"@type\":\"WebPage\",\"@id\":\"https:\\\/\\\/radioljubuski.ba\\\/index.php\\\/2022\\\/04\\\/09\\\/dambrauskas-mozda-nam-je-trebala-ovakva-pobjeda-racunica-ponosan-sam\\\/\",\"url\":\"https:\\\/\\\/radioljubuski.ba\\\/index.php\\\/2022\\\/04\\\/09\\\/dambrauskas-mozda-nam-je-trebala-ovakva-pobjeda-racunica-ponosan-sam\\\/\",\"name\":\"Dambrauskas: Mo\u017eda nam je trebala ovakva pobjeda; Ra\u010dunica: Ponosan sam - RADIO LJUBU\u0160KI\",\"isPartOf\":{\"@id\":\"https:\\\/\\\/radioljubuski.ba\\\/#website\"},\"primaryImageOfPage\":{\"@id\":\"https:\\\/\\\/radioljubuski.ba\\\/index.php\\\/2022\\\/04\\\/09\\\/dambrauskas-mozda-nam-je-trebala-ovakva-pobjeda-racunica-ponosan-sam\\\/#primaryimage\"},\"image\":{\"@id\":\"https:\\\/\\\/radioljubuski.ba\\\/index.php\\\/2022\\\/04\\\/09\\\/dambrauskas-mozda-nam-je-trebala-ovakva-pobjeda-racunica-ponosan-sam\\\/#primaryimage\"},\"thumbnailUrl\":\"https:\\\/\\\/radioljubuski.ba\\\/wp-content\\\/uploads\\\/2022\\\/04\\\/11-4.png\",\"datePublished\":\"2022-04-09T21:44:14+00:00\",\"dateModified\":\"2022-04-09T21:44:16+00:00\",\"breadcrumb\":{\"@id\":\"https:\\\/\\\/radioljubuski.ba\\\/index.php\\\/2022\\\/04\\\/09\\\/dambrauskas-mozda-nam-je-trebala-ovakva-pobjeda-racunica-ponosan-sam\\\/#breadcrumb\"},\"inLanguage\":\"hr\",\"potentialAction\":[{\"@type\":\"ReadAction\",\"target\":[\"https:\\\/\\\/radioljubuski.ba\\\/index.php\\\/2022\\\/04\\\/09\\\/dambrauskas-mozda-nam-je-trebala-ovakva-pobjeda-racunica-ponosan-sam\\\/\"]}]},{\"@type\":\"ImageObject\",\"inLanguage\":\"hr\",\"@id\":\"https:\\\/\\\/radioljubuski.ba\\\/index.php\\\/2022\\\/04\\\/09\\\/dambrauskas-mozda-nam-je-trebala-ovakva-pobjeda-racunica-ponosan-sam\\\/#primaryimage\",\"url\":\"https:\\\/\\\/radioljubuski.ba\\\/wp-content\\\/uploads\\\/2022\\\/04\\\/11-4.png\",\"contentUrl\":\"https:\\\/\\\/radioljubuski.ba\\\/wp-content\\\/uploads\\\/2022\\\/04\\\/11-4.png\",\"width\":647,\"height\":364},{\"@type\":\"BreadcrumbList\",\"@id\":\"https:\\\/\\\/radioljubuski.ba\\\/index.php\\\/2022\\\/04\\\/09\\\/dambrauskas-mozda-nam-je-trebala-ovakva-pobjeda-racunica-ponosan-sam\\\/#breadcrumb\",\"itemListElement\":[{\"@type\":\"ListItem\",\"position\":1,\"name\":\"Po\u010detna stranica\",\"item\":\"https:\\\/\\\/radioljubuski.ba\\\/\"},{\"@type\":\"ListItem\",\"position\":2,\"name\":\"Dambrauskas: Mo\u017eda nam je trebala ovakva pobjeda; Ra\u010dunica: Ponosan sam\"}]},{\"@type\":\"WebSite\",\"@id\":\"https:\\\/\\\/radioljubuski.ba\\\/#website\",\"url\":\"https:\\\/\\\/radioljubuski.ba\\\/\",\"name\":\"Radio Ljubu\u0161ki\",\"description\":\"Sun\u010dana frekvencija Hercegovine\",\"publisher\":{\"@id\":\"https:\\\/\\\/radioljubuski.ba\\\/#organization\"},\"potentialAction\":[{\"@type\":\"SearchAction\",\"target\":{\"@type\":\"EntryPoint\",\"urlTemplate\":\"https:\\\/\\\/radioljubuski.ba\\\/?s={search_term_string}\"},\"query-input\":{\"@type\":\"PropertyValueSpecification\",\"valueRequired\":true,\"valueName\":\"search_term_string\"}}],\"inLanguage\":\"hr\"},{\"@type\":\"Organization\",\"@id\":\"https:\\\/\\\/radioljubuski.ba\\\/#organization\",\"name\":\"Radio Ljubu\u0161ki\",\"url\":\"https:\\\/\\\/radioljubuski.ba\\\/\",\"logo\":{\"@type\":\"ImageObject\",\"inLanguage\":\"hr\",\"@id\":\"https:\\\/\\\/radioljubuski.ba\\\/#\\\/schema\\\/logo\\\/image\\\/\",\"url\":\"https:\\\/\\\/radioljubuski.ba\\\/wp-content\\\/uploads\\\/2021\\\/02\\\/cropped-Radio_Ljubuski_logo1.jpg\",\"contentUrl\":\"https:\\\/\\\/radioljubuski.ba\\\/wp-content\\\/uploads\\\/2021\\\/02\\\/cropped-Radio_Ljubuski_logo1.jpg\",\"width\":512,\"height\":512,\"caption\":\"Radio Ljubu\u0161ki\"},\"image\":{\"@id\":\"https:\\\/\\\/radioljubuski.ba\\\/#\\\/schema\\\/logo\\\/image\\\/\"},\"sameAs\":[\"https:\\\/\\\/www.facebook.com\\\/Radiio-Ljubuski-1490835324566332\",\"https:\\\/\\\/x.com\\\/radioljubuski\",\"https:\\\/\\\/hr.linkedin.com\\\/company\\\/radio-ljubuski\",\"https:\\\/\\\/www.youtube.com\\\/channel\\\/UCHYaeO_n0Db3tjNGudGpXyw\"]},{\"@type\":\"Person\",\"@id\":\"https:\\\/\\\/radioljubuski.ba\\\/#\\\/schema\\\/person\\\/19fc700381a780f69665d7956c469e3b\",\"name\":\"Radio Ljubu\u0161ki\"}]}<\/script>\n<!-- \/ Yoast SEO plugin. -->","yoast_head_json":{"title":"Dambrauskas: Mo\u017eda nam je trebala ovakva pobjeda; Ra\u010dunica: Ponosan sam - RADIO LJUBU\u0160KI","robots":{"index":"index","follow":"follow","max-snippet":"max-snippet:-1","max-image-preview":"max-image-preview:large","max-video-preview":"max-video-preview:-1"},"canonical":"https:\/\/radioljubuski.ba\/index.php\/2022\/04\/09\/dambrauskas-mozda-nam-je-trebala-ovakva-pobjeda-racunica-ponosan-sam\/","og_locale":"hr_HR","og_type":"article","og_title":"Dambrauskas: Mo\u017eda nam je trebala ovakva pobjeda; Ra\u010dunica: Ponosan sam - RADIO LJUBU\u0160KI","og_description":"Nogometa\u0161i Hajduka presko\u010dili su Rijeku na tre\u0107em mjestu ljestvice Prve HNL te\u0161kom 2-1 (1-0) doma\u0107om pobjedom protiv \u0160ibenika u susretu 30. kola. &#8211; Pobjeda je pobjeda, to je najva\u017enija stvar. Rekao sam prije dva dana \u0161to o\u010dekujem od ove utakmice. Nakon Osijeka smo bili prazni, ta utakmica nas je iscrpila. Poku\u0161avali smo cijeli tjedan di\u0107i [&hellip;]","og_url":"https:\/\/radioljubuski.ba\/index.php\/2022\/04\/09\/dambrauskas-mozda-nam-je-trebala-ovakva-pobjeda-racunica-ponosan-sam\/","og_site_name":"RADIO LJUBU\u0160KI","article_publisher":"https:\/\/www.facebook.com\/Radiio-Ljubuski-1490835324566332","article_published_time":"2022-04-09T21:44:14+00:00","article_modified_time":"2022-04-09T21:44:16+00:00","og_image":[{"width":647,"height":364,"url":"https:\/\/radioljubuski.ba\/wp-content\/uploads\/2022\/04\/11-4.png","type":"image\/png"}],"author":"Radio Ljubu\u0161ki","twitter_card":"summary_large_image","twitter_creator":"@radioljubuski","twitter_site":"@radioljubuski","twitter_misc":{"Napisao\/la":"Radio Ljubu\u0161ki","Procijenjeno vrijeme \u010ditanja":"2 minute"},"schema":{"@context":"https:\/\/schema.org","@graph":[{"@type":"Article","@id":"https:\/\/radioljubuski.ba\/index.php\/2022\/04\/09\/dambrauskas-mozda-nam-je-trebala-ovakva-pobjeda-racunica-ponosan-sam\/#article","isPartOf":{"@id":"https:\/\/radioljubuski.ba\/index.php\/2022\/04\/09\/dambrauskas-mozda-nam-je-trebala-ovakva-pobjeda-racunica-ponosan-sam\/"},"author":{"name":"Radio Ljubu\u0161ki","@id":"https:\/\/radioljubuski.ba\/#\/schema\/person\/19fc700381a780f69665d7956c469e3b"},"headline":"Dambrauskas: Mo\u017eda nam je trebala ovakva pobjeda; Ra\u010dunica: Ponosan sam","datePublished":"2022-04-09T21:44:14+00:00","dateModified":"2022-04-09T21:44:16+00:00","mainEntityOfPage":{"@id":"https:\/\/radioljubuski.ba\/index.php\/2022\/04\/09\/dambrauskas-mozda-nam-je-trebala-ovakva-pobjeda-racunica-ponosan-sam\/"},"wordCount":315,"publisher":{"@id":"https:\/\/radioljubuski.ba\/#organization"},"image":{"@id":"https:\/\/radioljubuski.ba\/index.php\/2022\/04\/09\/dambrauskas-mozda-nam-je-trebala-ovakva-pobjeda-racunica-ponosan-sam\/#primaryimage"},"thumbnailUrl":"https:\/\/radioljubuski.ba\/wp-content\/uploads\/2022\/04\/11-4.png","articleSection":["\u0160port"],"inLanguage":"hr"},{"@type":"WebPage","@id":"https:\/\/radioljubuski.ba\/index.php\/2022\/04\/09\/dambrauskas-mozda-nam-je-trebala-ovakva-pobjeda-racunica-ponosan-sam\/","url":"https:\/\/radioljubuski.ba\/index.php\/2022\/04\/09\/dambrauskas-mozda-nam-je-trebala-ovakva-pobjeda-racunica-ponosan-sam\/","name":"Dambrauskas: Mo\u017eda nam je trebala ovakva pobjeda; Ra\u010dunica: Ponosan sam - RADIO LJUBU\u0160KI","isPartOf":{"@id":"https:\/\/radioljubuski.ba\/#website"},"primaryImageOfPage":{"@id":"https:\/\/radioljubuski.ba\/index.php\/2022\/04\/09\/dambrauskas-mozda-nam-je-trebala-ovakva-pobjeda-racunica-ponosan-sam\/#primaryimage"},"image":{"@id":"https:\/\/radioljubuski.ba\/index.php\/2022\/04\/09\/dambrauskas-mozda-nam-je-trebala-ovakva-pobjeda-racunica-ponosan-sam\/#primaryimage"},"thumbnailUrl":"https:\/\/radioljubuski.ba\/wp-content\/uploads\/2022\/04\/11-4.png","datePublished":"2022-04-09T21:44:14+00:00","dateModified":"2022-04-09T21:44:16+00:00","breadcrumb":{"@id":"https:\/\/radioljubuski.ba\/index.php\/2022\/04\/09\/dambrauskas-mozda-nam-je-trebala-ovakva-pobjeda-racunica-ponosan-sam\/#breadcrumb"},"inLanguage":"hr","potentialAction":[{"@type":"ReadAction","target":["https:\/\/radioljubuski.ba\/index.php\/2022\/04\/09\/dambrauskas-mozda-nam-je-trebala-ovakva-pobjeda-racunica-ponosan-sam\/"]}]},{"@type":"ImageObject","inLanguage":"hr","@id":"https:\/\/radioljubuski.ba\/index.php\/2022\/04\/09\/dambrauskas-mozda-nam-je-trebala-ovakva-pobjeda-racunica-ponosan-sam\/#primaryimage","url":"https:\/\/radioljubuski.ba\/wp-content\/uploads\/2022\/04\/11-4.png","contentUrl":"https:\/\/radioljubuski.ba\/wp-content\/uploads\/2022\/04\/11-4.png","width":647,"height":364},{"@type":"BreadcrumbList","@id":"https:\/\/radioljubuski.ba\/index.php\/2022\/04\/09\/dambrauskas-mozda-nam-je-trebala-ovakva-pobjeda-racunica-ponosan-sam\/#breadcrumb","itemListElement":[{"@type":"ListItem","position":1,"name":"Po\u010detna stranica","item":"https:\/\/radioljubuski.ba\/"},{"@type":"ListItem","position":2,"name":"Dambrauskas: Mo\u017eda nam je trebala ovakva pobjeda; Ra\u010dunica: Ponosan sam"}]},{"@type":"WebSite","@id":"https:\/\/radioljubuski.ba\/#website","url":"https:\/\/radioljubuski.ba\/","name":"Radio Ljubu\u0161ki","description":"Sun\u010dana frekvencija Hercegovine","publisher":{"@id":"https:\/\/radioljubuski.ba\/#organization"},"potentialAction":[{"@type":"SearchAction","target":{"@type":"EntryPoint","urlTemplate":"https:\/\/radioljubuski.ba\/?s={search_term_string}"},"query-input":{"@type":"PropertyValueSpecification","valueRequired":true,"valueName":"search_term_string"}}],"inLanguage":"hr"},{"@type":"Organization","@id":"https:\/\/radioljubuski.ba\/#organization","name":"Radio Ljubu\u0161ki","url":"https:\/\/radioljubuski.ba\/","logo":{"@type":"ImageObject","inLanguage":"hr","@id":"https:\/\/radioljubuski.ba\/#\/schema\/logo\/image\/","url":"https:\/\/radioljubuski.ba\/wp-content\/uploads\/2021\/02\/cropped-Radio_Ljubuski_logo1.jpg","contentUrl":"https:\/\/radioljubuski.ba\/wp-content\/uploads\/2021\/02\/cropped-Radio_Ljubuski_logo1.jpg","width":512,"height":512,"caption":"Radio Ljubu\u0161ki"},"image":{"@id":"https:\/\/radioljubuski.ba\/#\/schema\/logo\/image\/"},"sameAs":["https:\/\/www.facebook.com\/Radiio-Ljubuski-1490835324566332","https:\/\/x.com\/radioljubuski","https:\/\/hr.linkedin.com\/company\/radio-ljubuski","https:\/\/www.youtube.com\/channel\/UCHYaeO_n0Db3tjNGudGpXyw"]},{"@type":"Person","@id":"https:\/\/radioljubuski.ba\/#\/schema\/person\/19fc700381a780f69665d7956c469e3b","name":"Radio Ljubu\u0161ki"}]}},"_links":{"self":[{"href":"https:\/\/radioljubuski.ba\/index.php\/wp-json\/wp\/v2\/posts\/130860","targetHints":{"allow":["GET"]}}],"collection":[{"href":"https:\/\/radioljubuski.ba\/index.php\/wp-json\/wp\/v2\/posts"}],"about":[{"href":"https:\/\/radioljubuski.ba\/index.php\/wp-json\/wp\/v2\/types\/post"}],"author":[{"embeddable":true,"href":"https:\/\/radioljubuski.ba\/index.php\/wp-json\/wp\/v2\/users\/2"}],"replies":[{"embeddable":true,"href":"https:\/\/radioljubuski.ba\/index.php\/wp-json\/wp\/v2\/comments?post=130860"}],"version-history":[{"count":1,"href":"https:\/\/radioljubuski.ba\/index.php\/wp-json\/wp\/v2\/posts\/130860\/revisions"}],"predecessor-version":[{"id":130862,"href":"https:\/\/radioljubuski.ba\/index.php\/wp-json\/wp\/v2\/posts\/130860\/revisions\/130862"}],"wp:featuredmedia":[{"embeddable":true,"href":"https:\/\/radioljubuski.ba\/index.php\/wp-json\/wp\/v2\/media\/130861"}],"wp:attachment":[{"href":"https:\/\/radioljubuski.ba\/index.php\/wp-json\/wp\/v2\/media?parent=130860"}],"wp:term":[{"taxonomy":"category","embeddable":true,"href":"https:\/\/radioljubuski.ba\/index.php\/wp-json\/wp\/v2\/categories?post=130860"},{"taxonomy":"post_tag","embeddable":true,"href":"https:\/\/radioljubuski.ba\/index.php\/wp-json\/wp\/v2\/tags?post=130860"}],"curies":[{"name":"wp","href":"https:\/\/api.w.org\/{rel}","templated":true}]}}