{"id":130867,"date":"2022-04-09T22:47:51","date_gmt":"2022-04-09T21:47:51","guid":{"rendered":"https:\/\/radioljubuski.ba\/?p=130867"},"modified":"2022-04-09T22:47:52","modified_gmt":"2022-04-09T21:47:52","slug":"sattler-ne-vidim-logiku-u-jos-jednoj-rundi-pregovora-izbori-ce-se-odrzati-u-listopadu","status":"publish","type":"post","link":"https:\/\/radioljubuski.ba\/index.php\/2022\/04\/09\/sattler-ne-vidim-logiku-u-jos-jednoj-rundi-pregovora-izbori-ce-se-odrzati-u-listopadu\/","title":{"rendered":"Sattler: Ne vidim logiku u jo\u0161 jednoj rundi pregovora, izbori \u0107e se odr\u017eati u listopadu"},"content":{"rendered":"\n<p><strong>\u0160ef Delegacije Europske unije u Bosni i Hercegovini Johann Sattler gostovao je u emisiji \u201cU Fokusu\u201d na OBN televiziji, gdje je rekao da vi\u0161e nema prostora za dogovor kada je rije\u010d o Izbornom zakonu BiH. Kazao je da \u0107e se Op\u0107i izbori u listopadu odr\u017eati.<\/strong><\/p>\n\n\n\n<p>Govore\u0107i o najavi da bi se pregovori mogli nastaviti u Bruxellesu, Sattler je rekao da ne vidi logiku u jo\u0161 jednoj rundi pregovora.<\/p>\n\n\n\n<p>\u2013 U krajnjem slu\u010daju intenzivno smo u proteklih devet, deset mjeseci imali \u0161est krugova pregovora, dan, no\u0107 vikend. Ja ne vidim trenuta\u010dno obrazlo\u017eenje da se pokre\u0107e jo\u0161 jedna runda pregovora \u2013 pojasnio je Sattler.<\/p>\n\n\n\n<p>On je dodao da bi mu, ukoliko politi\u010dki lideri mogu ne\u0161to usaglasiti i eventualno ne\u0161to potpisati, zadovoljstvo bilo da Bruxelles bude doma\u0107in, ali da preferira da to bude u Bosni i Hercegovini.<\/p>\n\n\n\n<p>\u2013 Za\u0161to bi tro\u0161ili novac poreznih obveznika za neku ceremoniju potpisivanja u Bruxellesu, evo ako su ne\u0161to dogovorili, daj da vidimo to, podr\u017eat \u0107emo, za sada ne vidim, kazao je \u0161ef Delegacije Europske unije u na\u0161oj zemlji.<\/p>\n\n\n\n<p>Satler je izrazio \u017eelju Europske unije da se dobije unaprije\u0111en Izborni zakon u Bosni i Hercegovini, u kojem bi bila smanjena korupcija i pove\u0107an integritet izbora. Kazao je da \u0107e biti izbora, jer postoji pravni okvir koji je primjenjen u prethodnom izbornom ciklusu.<\/p>\n\n\n\n<p>\u2013 Naravno da postoji pravni osnov za odr\u017eavanje izbora, kazaoje Sattler.<\/p>\n\n\n\n<p>\/HMS\/<\/p>\n","protected":false},"excerpt":{"rendered":"<p>\u0160ef Delegacije Europske unije u Bosni i Hercegovini Johann Sattler gostovao je u emisiji \u201cU Fokusu\u201d na OBN televiziji, gdje je rekao da vi\u0161e nema prostora za dogovor kada je rije\u010d o Izbornom zakonu BiH. Kazao je da \u0107e se Op\u0107i izbori u listopadu odr\u017eati. Govore\u0107i o najavi da bi se pregovori mogli nastaviti u [&hellip;]<\/p>\n","protected":false},"author":2,"featured_media":32346,"comment_status":"closed","ping_status":"closed","sticky":false,"template":"","format":"standard","meta":{"h5ap_radio_sources":[],"footnotes":""},"categories":[1],"tags":[],"class_list":["post-130867","post","type-post","status-publish","format-standard","has-post-thumbnail","hentry","category-bihiregija"],"yoast_head":"<!-- This site is optimized with the Yoast SEO plugin v27.5 - https:\/\/yoast.com\/product\/yoast-seo-wordpress\/ -->\n<title>Sattler: Ne vidim logiku u jo\u0161 jednoj rundi pregovora, izbori \u0107e se odr\u017eati u listopadu - RADIO LJUBU\u0160KI<\/title>\n<meta name=\"robots\" content=\"index, follow, max-snippet:-1, max-image-preview:large, max-video-preview:-1\" \/>\n<link rel=\"canonical\" href=\"https:\/\/radioljubuski.ba\/index.php\/2022\/04\/09\/sattler-ne-vidim-logiku-u-jos-jednoj-rundi-pregovora-izbori-ce-se-odrzati-u-listopadu\/\" \/>\n<meta property=\"og:locale\" content=\"hr_HR\" \/>\n<meta property=\"og:type\" content=\"article\" \/>\n<meta property=\"og:title\" content=\"Sattler: Ne vidim logiku u jo\u0161 jednoj rundi pregovora, izbori \u0107e se odr\u017eati u listopadu - RADIO LJUBU\u0160KI\" \/>\n<meta property=\"og:description\" content=\"\u0160ef Delegacije Europske unije u Bosni i Hercegovini Johann Sattler gostovao je u emisiji \u201cU Fokusu\u201d na OBN televiziji, gdje je rekao da vi\u0161e nema prostora za dogovor kada je rije\u010d o Izbornom zakonu BiH. Kazao je da \u0107e se Op\u0107i izbori u listopadu odr\u017eati. Govore\u0107i o najavi da bi se pregovori mogli nastaviti u [&hellip;]\" \/>\n<meta property=\"og:url\" content=\"https:\/\/radioljubuski.ba\/index.php\/2022\/04\/09\/sattler-ne-vidim-logiku-u-jos-jednoj-rundi-pregovora-izbori-ce-se-odrzati-u-listopadu\/\" \/>\n<meta property=\"og:site_name\" content=\"RADIO LJUBU\u0160KI\" \/>\n<meta property=\"article:publisher\" content=\"https:\/\/www.facebook.com\/Radiio-Ljubuski-1490835324566332\" \/>\n<meta property=\"article:published_time\" content=\"2022-04-09T21:47:51+00:00\" \/>\n<meta property=\"article:modified_time\" content=\"2022-04-09T21:47:52+00:00\" \/>\n<meta property=\"og:image\" content=\"https:\/\/radioljubuski.ba\/wp-content\/uploads\/2021\/06\/AW46nMVZ_sattler.jpg\" \/>\n\t<meta property=\"og:image:width\" content=\"1000\" \/>\n\t<meta property=\"og:image:height\" content=\"625\" \/>\n\t<meta property=\"og:image:type\" content=\"image\/jpeg\" \/>\n<meta name=\"author\" content=\"Radio Ljubu\u0161ki\" \/>\n<meta name=\"twitter:card\" content=\"summary_large_image\" \/>\n<meta name=\"twitter:creator\" content=\"@radioljubuski\" \/>\n<meta name=\"twitter:site\" content=\"@radioljubuski\" \/>\n<meta name=\"twitter:label1\" content=\"Napisao\/la\" \/>\n\t<meta name=\"twitter:data1\" content=\"Radio Ljubu\u0161ki\" \/>\n\t<meta name=\"twitter:label2\" content=\"Procijenjeno vrijeme \u010ditanja\" \/>\n\t<meta name=\"twitter:data2\" content=\"1 minuta\" \/>\n<script type=\"application\/ld+json\" class=\"yoast-schema-graph\">{\"@context\":\"https:\\\/\\\/schema.org\",\"@graph\":[{\"@type\":\"Article\",\"@id\":\"https:\\\/\\\/radioljubuski.ba\\\/index.php\\\/2022\\\/04\\\/09\\\/sattler-ne-vidim-logiku-u-jos-jednoj-rundi-pregovora-izbori-ce-se-odrzati-u-listopadu\\\/#article\",\"isPartOf\":{\"@id\":\"https:\\\/\\\/radioljubuski.ba\\\/index.php\\\/2022\\\/04\\\/09\\\/sattler-ne-vidim-logiku-u-jos-jednoj-rundi-pregovora-izbori-ce-se-odrzati-u-listopadu\\\/\"},\"author\":{\"name\":\"Radio Ljubu\u0161ki\",\"@id\":\"https:\\\/\\\/radioljubuski.ba\\\/#\\\/schema\\\/person\\\/19fc700381a780f69665d7956c469e3b\"},\"headline\":\"Sattler: Ne vidim logiku u jo\u0161 jednoj rundi pregovora, izbori \u0107e se odr\u017eati u listopadu\",\"datePublished\":\"2022-04-09T21:47:51+00:00\",\"dateModified\":\"2022-04-09T21:47:52+00:00\",\"mainEntityOfPage\":{\"@id\":\"https:\\\/\\\/radioljubuski.ba\\\/index.php\\\/2022\\\/04\\\/09\\\/sattler-ne-vidim-logiku-u-jos-jednoj-rundi-pregovora-izbori-ce-se-odrzati-u-listopadu\\\/\"},\"wordCount\":258,\"publisher\":{\"@id\":\"https:\\\/\\\/radioljubuski.ba\\\/#organization\"},\"image\":{\"@id\":\"https:\\\/\\\/radioljubuski.ba\\\/index.php\\\/2022\\\/04\\\/09\\\/sattler-ne-vidim-logiku-u-jos-jednoj-rundi-pregovora-izbori-ce-se-odrzati-u-listopadu\\\/#primaryimage\"},\"thumbnailUrl\":\"https:\\\/\\\/radioljubuski.ba\\\/wp-content\\\/uploads\\\/2021\\\/06\\\/AW46nMVZ_sattler.jpg\",\"articleSection\":[\"BIH i regija\"],\"inLanguage\":\"hr\"},{\"@type\":\"WebPage\",\"@id\":\"https:\\\/\\\/radioljubuski.ba\\\/index.php\\\/2022\\\/04\\\/09\\\/sattler-ne-vidim-logiku-u-jos-jednoj-rundi-pregovora-izbori-ce-se-odrzati-u-listopadu\\\/\",\"url\":\"https:\\\/\\\/radioljubuski.ba\\\/index.php\\\/2022\\\/04\\\/09\\\/sattler-ne-vidim-logiku-u-jos-jednoj-rundi-pregovora-izbori-ce-se-odrzati-u-listopadu\\\/\",\"name\":\"Sattler: Ne vidim logiku u jo\u0161 jednoj rundi pregovora, izbori \u0107e se odr\u017eati u listopadu - RADIO LJUBU\u0160KI\",\"isPartOf\":{\"@id\":\"https:\\\/\\\/radioljubuski.ba\\\/#website\"},\"primaryImageOfPage\":{\"@id\":\"https:\\\/\\\/radioljubuski.ba\\\/index.php\\\/2022\\\/04\\\/09\\\/sattler-ne-vidim-logiku-u-jos-jednoj-rundi-pregovora-izbori-ce-se-odrzati-u-listopadu\\\/#primaryimage\"},\"image\":{\"@id\":\"https:\\\/\\\/radioljubuski.ba\\\/index.php\\\/2022\\\/04\\\/09\\\/sattler-ne-vidim-logiku-u-jos-jednoj-rundi-pregovora-izbori-ce-se-odrzati-u-listopadu\\\/#primaryimage\"},\"thumbnailUrl\":\"https:\\\/\\\/radioljubuski.ba\\\/wp-content\\\/uploads\\\/2021\\\/06\\\/AW46nMVZ_sattler.jpg\",\"datePublished\":\"2022-04-09T21:47:51+00:00\",\"dateModified\":\"2022-04-09T21:47:52+00:00\",\"breadcrumb\":{\"@id\":\"https:\\\/\\\/radioljubuski.ba\\\/index.php\\\/2022\\\/04\\\/09\\\/sattler-ne-vidim-logiku-u-jos-jednoj-rundi-pregovora-izbori-ce-se-odrzati-u-listopadu\\\/#breadcrumb\"},\"inLanguage\":\"hr\",\"potentialAction\":[{\"@type\":\"ReadAction\",\"target\":[\"https:\\\/\\\/radioljubuski.ba\\\/index.php\\\/2022\\\/04\\\/09\\\/sattler-ne-vidim-logiku-u-jos-jednoj-rundi-pregovora-izbori-ce-se-odrzati-u-listopadu\\\/\"]}]},{\"@type\":\"ImageObject\",\"inLanguage\":\"hr\",\"@id\":\"https:\\\/\\\/radioljubuski.ba\\\/index.php\\\/2022\\\/04\\\/09\\\/sattler-ne-vidim-logiku-u-jos-jednoj-rundi-pregovora-izbori-ce-se-odrzati-u-listopadu\\\/#primaryimage\",\"url\":\"https:\\\/\\\/radioljubuski.ba\\\/wp-content\\\/uploads\\\/2021\\\/06\\\/AW46nMVZ_sattler.jpg\",\"contentUrl\":\"https:\\\/\\\/radioljubuski.ba\\\/wp-content\\\/uploads\\\/2021\\\/06\\\/AW46nMVZ_sattler.jpg\",\"width\":1000,\"height\":625},{\"@type\":\"BreadcrumbList\",\"@id\":\"https:\\\/\\\/radioljubuski.ba\\\/index.php\\\/2022\\\/04\\\/09\\\/sattler-ne-vidim-logiku-u-jos-jednoj-rundi-pregovora-izbori-ce-se-odrzati-u-listopadu\\\/#breadcrumb\",\"itemListElement\":[{\"@type\":\"ListItem\",\"position\":1,\"name\":\"Po\u010detna stranica\",\"item\":\"https:\\\/\\\/radioljubuski.ba\\\/\"},{\"@type\":\"ListItem\",\"position\":2,\"name\":\"Sattler: Ne vidim logiku u jo\u0161 jednoj rundi pregovora, izbori \u0107e se odr\u017eati u listopadu\"}]},{\"@type\":\"WebSite\",\"@id\":\"https:\\\/\\\/radioljubuski.ba\\\/#website\",\"url\":\"https:\\\/\\\/radioljubuski.ba\\\/\",\"name\":\"Radio Ljubu\u0161ki\",\"description\":\"Sun\u010dana frekvencija Hercegovine\",\"publisher\":{\"@id\":\"https:\\\/\\\/radioljubuski.ba\\\/#organization\"},\"potentialAction\":[{\"@type\":\"SearchAction\",\"target\":{\"@type\":\"EntryPoint\",\"urlTemplate\":\"https:\\\/\\\/radioljubuski.ba\\\/?s={search_term_string}\"},\"query-input\":{\"@type\":\"PropertyValueSpecification\",\"valueRequired\":true,\"valueName\":\"search_term_string\"}}],\"inLanguage\":\"hr\"},{\"@type\":\"Organization\",\"@id\":\"https:\\\/\\\/radioljubuski.ba\\\/#organization\",\"name\":\"Radio Ljubu\u0161ki\",\"url\":\"https:\\\/\\\/radioljubuski.ba\\\/\",\"logo\":{\"@type\":\"ImageObject\",\"inLanguage\":\"hr\",\"@id\":\"https:\\\/\\\/radioljubuski.ba\\\/#\\\/schema\\\/logo\\\/image\\\/\",\"url\":\"https:\\\/\\\/radioljubuski.ba\\\/wp-content\\\/uploads\\\/2021\\\/02\\\/cropped-Radio_Ljubuski_logo1.jpg\",\"contentUrl\":\"https:\\\/\\\/radioljubuski.ba\\\/wp-content\\\/uploads\\\/2021\\\/02\\\/cropped-Radio_Ljubuski_logo1.jpg\",\"width\":512,\"height\":512,\"caption\":\"Radio Ljubu\u0161ki\"},\"image\":{\"@id\":\"https:\\\/\\\/radioljubuski.ba\\\/#\\\/schema\\\/logo\\\/image\\\/\"},\"sameAs\":[\"https:\\\/\\\/www.facebook.com\\\/Radiio-Ljubuski-1490835324566332\",\"https:\\\/\\\/x.com\\\/radioljubuski\",\"https:\\\/\\\/hr.linkedin.com\\\/company\\\/radio-ljubuski\",\"https:\\\/\\\/www.youtube.com\\\/channel\\\/UCHYaeO_n0Db3tjNGudGpXyw\"]},{\"@type\":\"Person\",\"@id\":\"https:\\\/\\\/radioljubuski.ba\\\/#\\\/schema\\\/person\\\/19fc700381a780f69665d7956c469e3b\",\"name\":\"Radio Ljubu\u0161ki\"}]}<\/script>\n<!-- \/ Yoast SEO plugin. -->","yoast_head_json":{"title":"Sattler: Ne vidim logiku u jo\u0161 jednoj rundi pregovora, izbori \u0107e se odr\u017eati u listopadu - RADIO LJUBU\u0160KI","robots":{"index":"index","follow":"follow","max-snippet":"max-snippet:-1","max-image-preview":"max-image-preview:large","max-video-preview":"max-video-preview:-1"},"canonical":"https:\/\/radioljubuski.ba\/index.php\/2022\/04\/09\/sattler-ne-vidim-logiku-u-jos-jednoj-rundi-pregovora-izbori-ce-se-odrzati-u-listopadu\/","og_locale":"hr_HR","og_type":"article","og_title":"Sattler: Ne vidim logiku u jo\u0161 jednoj rundi pregovora, izbori \u0107e se odr\u017eati u listopadu - RADIO LJUBU\u0160KI","og_description":"\u0160ef Delegacije Europske unije u Bosni i Hercegovini Johann Sattler gostovao je u emisiji \u201cU Fokusu\u201d na OBN televiziji, gdje je rekao da vi\u0161e nema prostora za dogovor kada je rije\u010d o Izbornom zakonu BiH. Kazao je da \u0107e se Op\u0107i izbori u listopadu odr\u017eati. Govore\u0107i o najavi da bi se pregovori mogli nastaviti u [&hellip;]","og_url":"https:\/\/radioljubuski.ba\/index.php\/2022\/04\/09\/sattler-ne-vidim-logiku-u-jos-jednoj-rundi-pregovora-izbori-ce-se-odrzati-u-listopadu\/","og_site_name":"RADIO LJUBU\u0160KI","article_publisher":"https:\/\/www.facebook.com\/Radiio-Ljubuski-1490835324566332","article_published_time":"2022-04-09T21:47:51+00:00","article_modified_time":"2022-04-09T21:47:52+00:00","og_image":[{"width":1000,"height":625,"url":"https:\/\/radioljubuski.ba\/wp-content\/uploads\/2021\/06\/AW46nMVZ_sattler.jpg","type":"image\/jpeg"}],"author":"Radio Ljubu\u0161ki","twitter_card":"summary_large_image","twitter_creator":"@radioljubuski","twitter_site":"@radioljubuski","twitter_misc":{"Napisao\/la":"Radio Ljubu\u0161ki","Procijenjeno vrijeme \u010ditanja":"1 minuta"},"schema":{"@context":"https:\/\/schema.org","@graph":[{"@type":"Article","@id":"https:\/\/radioljubuski.ba\/index.php\/2022\/04\/09\/sattler-ne-vidim-logiku-u-jos-jednoj-rundi-pregovora-izbori-ce-se-odrzati-u-listopadu\/#article","isPartOf":{"@id":"https:\/\/radioljubuski.ba\/index.php\/2022\/04\/09\/sattler-ne-vidim-logiku-u-jos-jednoj-rundi-pregovora-izbori-ce-se-odrzati-u-listopadu\/"},"author":{"name":"Radio Ljubu\u0161ki","@id":"https:\/\/radioljubuski.ba\/#\/schema\/person\/19fc700381a780f69665d7956c469e3b"},"headline":"Sattler: Ne vidim logiku u jo\u0161 jednoj rundi pregovora, izbori \u0107e se odr\u017eati u listopadu","datePublished":"2022-04-09T21:47:51+00:00","dateModified":"2022-04-09T21:47:52+00:00","mainEntityOfPage":{"@id":"https:\/\/radioljubuski.ba\/index.php\/2022\/04\/09\/sattler-ne-vidim-logiku-u-jos-jednoj-rundi-pregovora-izbori-ce-se-odrzati-u-listopadu\/"},"wordCount":258,"publisher":{"@id":"https:\/\/radioljubuski.ba\/#organization"},"image":{"@id":"https:\/\/radioljubuski.ba\/index.php\/2022\/04\/09\/sattler-ne-vidim-logiku-u-jos-jednoj-rundi-pregovora-izbori-ce-se-odrzati-u-listopadu\/#primaryimage"},"thumbnailUrl":"https:\/\/radioljubuski.ba\/wp-content\/uploads\/2021\/06\/AW46nMVZ_sattler.jpg","articleSection":["BIH i regija"],"inLanguage":"hr"},{"@type":"WebPage","@id":"https:\/\/radioljubuski.ba\/index.php\/2022\/04\/09\/sattler-ne-vidim-logiku-u-jos-jednoj-rundi-pregovora-izbori-ce-se-odrzati-u-listopadu\/","url":"https:\/\/radioljubuski.ba\/index.php\/2022\/04\/09\/sattler-ne-vidim-logiku-u-jos-jednoj-rundi-pregovora-izbori-ce-se-odrzati-u-listopadu\/","name":"Sattler: Ne vidim logiku u jo\u0161 jednoj rundi pregovora, izbori \u0107e se odr\u017eati u listopadu - RADIO LJUBU\u0160KI","isPartOf":{"@id":"https:\/\/radioljubuski.ba\/#website"},"primaryImageOfPage":{"@id":"https:\/\/radioljubuski.ba\/index.php\/2022\/04\/09\/sattler-ne-vidim-logiku-u-jos-jednoj-rundi-pregovora-izbori-ce-se-odrzati-u-listopadu\/#primaryimage"},"image":{"@id":"https:\/\/radioljubuski.ba\/index.php\/2022\/04\/09\/sattler-ne-vidim-logiku-u-jos-jednoj-rundi-pregovora-izbori-ce-se-odrzati-u-listopadu\/#primaryimage"},"thumbnailUrl":"https:\/\/radioljubuski.ba\/wp-content\/uploads\/2021\/06\/AW46nMVZ_sattler.jpg","datePublished":"2022-04-09T21:47:51+00:00","dateModified":"2022-04-09T21:47:52+00:00","breadcrumb":{"@id":"https:\/\/radioljubuski.ba\/index.php\/2022\/04\/09\/sattler-ne-vidim-logiku-u-jos-jednoj-rundi-pregovora-izbori-ce-se-odrzati-u-listopadu\/#breadcrumb"},"inLanguage":"hr","potentialAction":[{"@type":"ReadAction","target":["https:\/\/radioljubuski.ba\/index.php\/2022\/04\/09\/sattler-ne-vidim-logiku-u-jos-jednoj-rundi-pregovora-izbori-ce-se-odrzati-u-listopadu\/"]}]},{"@type":"ImageObject","inLanguage":"hr","@id":"https:\/\/radioljubuski.ba\/index.php\/2022\/04\/09\/sattler-ne-vidim-logiku-u-jos-jednoj-rundi-pregovora-izbori-ce-se-odrzati-u-listopadu\/#primaryimage","url":"https:\/\/radioljubuski.ba\/wp-content\/uploads\/2021\/06\/AW46nMVZ_sattler.jpg","contentUrl":"https:\/\/radioljubuski.ba\/wp-content\/uploads\/2021\/06\/AW46nMVZ_sattler.jpg","width":1000,"height":625},{"@type":"BreadcrumbList","@id":"https:\/\/radioljubuski.ba\/index.php\/2022\/04\/09\/sattler-ne-vidim-logiku-u-jos-jednoj-rundi-pregovora-izbori-ce-se-odrzati-u-listopadu\/#breadcrumb","itemListElement":[{"@type":"ListItem","position":1,"name":"Po\u010detna stranica","item":"https:\/\/radioljubuski.ba\/"},{"@type":"ListItem","position":2,"name":"Sattler: Ne vidim logiku u jo\u0161 jednoj rundi pregovora, izbori \u0107e se odr\u017eati u listopadu"}]},{"@type":"WebSite","@id":"https:\/\/radioljubuski.ba\/#website","url":"https:\/\/radioljubuski.ba\/","name":"Radio Ljubu\u0161ki","description":"Sun\u010dana frekvencija Hercegovine","publisher":{"@id":"https:\/\/radioljubuski.ba\/#organization"},"potentialAction":[{"@type":"SearchAction","target":{"@type":"EntryPoint","urlTemplate":"https:\/\/radioljubuski.ba\/?s={search_term_string}"},"query-input":{"@type":"PropertyValueSpecification","valueRequired":true,"valueName":"search_term_string"}}],"inLanguage":"hr"},{"@type":"Organization","@id":"https:\/\/radioljubuski.ba\/#organization","name":"Radio Ljubu\u0161ki","url":"https:\/\/radioljubuski.ba\/","logo":{"@type":"ImageObject","inLanguage":"hr","@id":"https:\/\/radioljubuski.ba\/#\/schema\/logo\/image\/","url":"https:\/\/radioljubuski.ba\/wp-content\/uploads\/2021\/02\/cropped-Radio_Ljubuski_logo1.jpg","contentUrl":"https:\/\/radioljubuski.ba\/wp-content\/uploads\/2021\/02\/cropped-Radio_Ljubuski_logo1.jpg","width":512,"height":512,"caption":"Radio Ljubu\u0161ki"},"image":{"@id":"https:\/\/radioljubuski.ba\/#\/schema\/logo\/image\/"},"sameAs":["https:\/\/www.facebook.com\/Radiio-Ljubuski-1490835324566332","https:\/\/x.com\/radioljubuski","https:\/\/hr.linkedin.com\/company\/radio-ljubuski","https:\/\/www.youtube.com\/channel\/UCHYaeO_n0Db3tjNGudGpXyw"]},{"@type":"Person","@id":"https:\/\/radioljubuski.ba\/#\/schema\/person\/19fc700381a780f69665d7956c469e3b","name":"Radio Ljubu\u0161ki"}]}},"_links":{"self":[{"href":"https:\/\/radioljubuski.ba\/index.php\/wp-json\/wp\/v2\/posts\/130867","targetHints":{"allow":["GET"]}}],"collection":[{"href":"https:\/\/radioljubuski.ba\/index.php\/wp-json\/wp\/v2\/posts"}],"about":[{"href":"https:\/\/radioljubuski.ba\/index.php\/wp-json\/wp\/v2\/types\/post"}],"author":[{"embeddable":true,"href":"https:\/\/radioljubuski.ba\/index.php\/wp-json\/wp\/v2\/users\/2"}],"replies":[{"embeddable":true,"href":"https:\/\/radioljubuski.ba\/index.php\/wp-json\/wp\/v2\/comments?post=130867"}],"version-history":[{"count":1,"href":"https:\/\/radioljubuski.ba\/index.php\/wp-json\/wp\/v2\/posts\/130867\/revisions"}],"predecessor-version":[{"id":130868,"href":"https:\/\/radioljubuski.ba\/index.php\/wp-json\/wp\/v2\/posts\/130867\/revisions\/130868"}],"wp:featuredmedia":[{"embeddable":true,"href":"https:\/\/radioljubuski.ba\/index.php\/wp-json\/wp\/v2\/media\/32346"}],"wp:attachment":[{"href":"https:\/\/radioljubuski.ba\/index.php\/wp-json\/wp\/v2\/media?parent=130867"}],"wp:term":[{"taxonomy":"category","embeddable":true,"href":"https:\/\/radioljubuski.ba\/index.php\/wp-json\/wp\/v2\/categories?post=130867"},{"taxonomy":"post_tag","embeddable":true,"href":"https:\/\/radioljubuski.ba\/index.php\/wp-json\/wp\/v2\/tags?post=130867"}],"curies":[{"name":"wp","href":"https:\/\/api.w.org\/{rel}","templated":true}]}}