{"id":130871,"date":"2022-04-09T22:50:11","date_gmt":"2022-04-09T21:50:11","guid":{"rendered":"https:\/\/radioljubuski.ba\/?p=130871"},"modified":"2022-04-09T22:50:13","modified_gmt":"2022-04-09T21:50:13","slug":"objavljena-monografija-ratnog-znakovlja-postrojbi-vojne-policije-hrvatskog-vijeca-obrane","status":"publish","type":"post","link":"https:\/\/radioljubuski.ba\/index.php\/2022\/04\/09\/objavljena-monografija-ratnog-znakovlja-postrojbi-vojne-policije-hrvatskog-vijeca-obrane\/","title":{"rendered":"Objavljena monografija ratnog znakovlja postrojbi Vojne policije Hrvatskog vije\u0107a obrane"},"content":{"rendered":"\n<p><strong>Postrojbe Vojne policije Hrvatskog vije\u0107a obrane utemeljene su 10. travnja 1992. godine. U iznimno te\u0161kim ratnim uvjetima Vojna policija brzo je izrasla u zna\u010dajnu i respektabilnu postrojbu koja je bila u stanju uspje\u0161no odgovoriti svim postavljenim ratnim i vojno-policijskim zada\u0107ama. Svojim ustrojem, veli\u010dinom i djelovanjem te postrojbe bile su uz hrvatski narod na prostorima gdje je \u017eivio.<\/strong><\/p>\n\n\n\n<p><strong>Domoljubni osje\u0107aj<\/strong><\/p>\n\n\n\n<p>\u2013 Postrojbe Vojne policije popunjavali su mladi\u0107i i djevojke izra\u017eenih prirodnih borbenih i bojnih sposobnosti, s razvijenim domoljubnim osje\u0107ajem i razumijevanjem povijesnog izazova za opstojnost i slobodu svoga naroda. Biti u postrojbama Vojne policije, sudjelovati na svim va\u017enim rati\u0161tima, bilo u napadnim ili obrambenim zada\u0107ama, uz svoje redovite policijske zada\u0107e, bilo je i \u010dast i privilegij za sve njezine pripadnike \u2013 kazao je za Ve\u010dernji list umirovljeni pukovnik \u017darko Vrlji\u0107, predsjednik Zajednice udruga veterana Vojne policije HVO-a. Dodaje kako su u ratnom razdoblju od 1991. do 1996. godine postrojbe Vojne policije imale vi\u0161e od 5500 pripadnika koji su nesebi\u010dno svoje \u017eivote prepustili ratnoj neizvjesnosti i vihoru zla koji se pojavio. Isti\u010de i to da je vi\u0161e od 800 pripadnika, ranjavanjem i zato\u010deni\u0161tvom, preuzelo \u017ertvu, kri\u017e i patnju. \u2013 Na\u017ealost, 195 na\u0161ih vitezova polo\u017eilo je svoje \u017eivote za na\u0161u budu\u0107nost. Njihova \u017ertva za nas je svetinja \u2013 poru\u010dio je Vrlji\u0107.<\/p>\n\n\n\n<p>Tako\u0111er je kazao kako je biv\u0161im pripadnicima postrojbi Vojne policije iznimna \u010dast biti me\u0111u postrojbama hrvatskog naroda koje je odlikovao predsjednik Republike Hrvatske Zoran Milanovi\u0107 za ratni doprinos u stvaranju neovisne, suvremene, demokratske i europske Republike Hrvatske, kao i za opstojnost, ravnopravnost i slobodu hrvatskog naroda u Bosni i Hercegovini. Govore\u0107i o obljetnici utemeljenja Hrvatskog vije\u0107a obrane, istaknuo je kako \u0107e hrvatskom narodu 8. travnja trajno ostati upisan kao ponos i prkos hrabrih mladi\u0107a i djevojaka, ali i spomen na poginule, umrle i nestale branitelje koji su svoje \u017eivote ugradili u opstojnost i slobodu svog naroda u Bosni i Hercegovini, ali i u stvaranje moderne i samostalne Republike Hrvatske. Nedavno je utemeljena Zajednica udruga veterana Vojne policije HVO-a koja okuplja \u0161est ranije utemeljenih udruga veterana Vojne policije u BiH.<\/p>\n\n\n\n<figure class=\"wp-block-image\"><img decoding=\"async\" src=\"https:\/\/hms.ba\/wp-content\/uploads\/2022\/04\/109842.jpg\" alt=\"\"\/><\/figure>\n\n\n\n<p>\u2013 Djelujemo u svim \u017eupanijama i op\u0107inama gdje su postojale postrojbe Vojne policije \u2013 od Posavske, Hercegova\u010dko-neretvanske, Zapadnohercegova\u010dke, Hercegbosanske do Srednjobosanske \u017eupanije, kao i u op\u0107inama i gradovima koje su izvan navedenih \u017eupanija, a koje su u ratnom razdoblju imale postrojbe Vojne policije. Gdje \u017eivi na\u0161 hrvatski narod, \u017eive i na\u0161e udruge Vojne policije \u2013 kazao je za Ve\u010dernjak Vrlji\u0107. Smatra da ih, u toj velikoj obitelji, i danas okupljaju zajedni\u010dke vrijednosti. \u2013 Obilje\u017eavamo va\u017ene datume na\u0161eg ratnog vremena, odajemo po\u010dast na\u0161im poginulim prijateljima, na\u0161im invalidima poku\u0161avamo pomo\u0107i u pravnim i \u017eivotnim tegobama, poku\u0161avamo sudjelovati u kreiranju zakonskih rje\u0161enja, a koja se ti\u010du braniteljske populacije. \u017delimo biti svjedoci istine o ratnim doga\u0111anjima, \u017eelimo govoriti o hrabrosti i pobjedama hrvatskih branitelja, ali i o stradanju, boli i patnji koju svaki oru\u017eani sukob nosi \u2013 istaknuo je ovaj umirovljeni pukovnik.<\/p>\n\n\n\n<p><strong>Objavljena monografija<\/strong><\/p>\n\n\n\n<p>U povodu obilje\u017eavanja 30. godi\u0161njice utemeljenja postrojbi Vojne policije objavljena je i monografija \u201cRatno znakovlje postrojbi Vojne policije Hrvatskog vije\u0107a obrane\u201d.<\/p>\n\n\n\n<p>Vrlji\u0107 isti\u010de kako su tijekom povijesti svi narodi imali potrebu ozna\u010davati doga\u0111aje i vrijeme u kojima \u017eive. Time su, dodaje, ozna\u010davali sebe i svoju ulogu u povijesnom vremenu.<\/p>\n\n\n\n<p>\u2013 I hrvatski narod, kroz burnu i daleku povijest, brane\u0107i sebe i \u010duvaju\u0107i svoj identitet, ostavljao je svoja obilje\u017eja i simbole toga vremena. Ova monografija ne\u0107e uobli\u010diti povijest Vojne policije jer je to izazovna i kompleksna tema \u2013 dodao je u razgovoru za Ve\u010dernji list.<\/p>\n\n\n\n<p>Namjera je, kako ka\u017ee, prezentacijom sudjelovati u razumijevanju povijesti ovih postrojbi, kroz znakovlje pribli\u017eiti \u010ditatelju njihov zna\u010daj, prezentirati okolnosti njihova nastanka i te\u017enji hrvatskog naroda za slobodom. Va\u017eno je, smatra Vrlji\u0107, otrgnuti ih od zaborava i dati im zna\u010daj kakav zaslu\u017euju, kroz povijest za budu\u0107nost. Na kraju je zahvalio svima onima koji su na bilo koji na\u010din sudjelovali u stvaranju, \u010duvanju i prikupljanju ratnog znakovlja postrojbi Vojne policije HVO-a.<\/p>\n\n\n\n<p>\/HMS\/<\/p>\n","protected":false},"excerpt":{"rendered":"<p>Postrojbe Vojne policije Hrvatskog vije\u0107a obrane utemeljene su 10. travnja 1992. godine. U iznimno te\u0161kim ratnim uvjetima Vojna policija brzo je izrasla u zna\u010dajnu i respektabilnu postrojbu koja je bila u stanju uspje\u0161no odgovoriti svim postavljenim ratnim i vojno-policijskim zada\u0107ama. Svojim ustrojem, veli\u010dinom i djelovanjem te postrojbe bile su uz hrvatski narod na prostorima gdje [&hellip;]<\/p>\n","protected":false},"author":2,"featured_media":130872,"comment_status":"closed","ping_status":"closed","sticky":false,"template":"","format":"standard","meta":{"h5ap_radio_sources":[],"footnotes":""},"categories":[1],"tags":[],"class_list":["post-130871","post","type-post","status-publish","format-standard","has-post-thumbnail","hentry","category-bihiregija"],"yoast_head":"<!-- This site is optimized with the Yoast SEO plugin v27.5 - https:\/\/yoast.com\/product\/yoast-seo-wordpress\/ -->\n<title>Objavljena monografija ratnog znakovlja postrojbi Vojne policije Hrvatskog vije\u0107a obrane - RADIO LJUBU\u0160KI<\/title>\n<meta name=\"robots\" content=\"index, follow, max-snippet:-1, max-image-preview:large, max-video-preview:-1\" \/>\n<link rel=\"canonical\" href=\"https:\/\/radioljubuski.ba\/index.php\/2022\/04\/09\/objavljena-monografija-ratnog-znakovlja-postrojbi-vojne-policije-hrvatskog-vijeca-obrane\/\" \/>\n<meta property=\"og:locale\" content=\"hr_HR\" \/>\n<meta property=\"og:type\" content=\"article\" \/>\n<meta property=\"og:title\" content=\"Objavljena monografija ratnog znakovlja postrojbi Vojne policije Hrvatskog vije\u0107a obrane - RADIO LJUBU\u0160KI\" \/>\n<meta property=\"og:description\" content=\"Postrojbe Vojne policije Hrvatskog vije\u0107a obrane utemeljene su 10. travnja 1992. godine. U iznimno te\u0161kim ratnim uvjetima Vojna policija brzo je izrasla u zna\u010dajnu i respektabilnu postrojbu koja je bila u stanju uspje\u0161no odgovoriti svim postavljenim ratnim i vojno-policijskim zada\u0107ama. Svojim ustrojem, veli\u010dinom i djelovanjem te postrojbe bile su uz hrvatski narod na prostorima gdje [&hellip;]\" \/>\n<meta property=\"og:url\" content=\"https:\/\/radioljubuski.ba\/index.php\/2022\/04\/09\/objavljena-monografija-ratnog-znakovlja-postrojbi-vojne-policije-hrvatskog-vijeca-obrane\/\" \/>\n<meta property=\"og:site_name\" content=\"RADIO LJUBU\u0160KI\" \/>\n<meta property=\"article:publisher\" content=\"https:\/\/www.facebook.com\/Radiio-Ljubuski-1490835324566332\" \/>\n<meta property=\"article:published_time\" content=\"2022-04-09T21:50:11+00:00\" \/>\n<meta property=\"article:modified_time\" content=\"2022-04-09T21:50:13+00:00\" \/>\n<meta property=\"og:image\" content=\"https:\/\/radioljubuski.ba\/wp-content\/uploads\/2022\/04\/o_109841_1024.jpg\" \/>\n\t<meta property=\"og:image:width\" content=\"1024\" \/>\n\t<meta property=\"og:image:height\" content=\"574\" \/>\n\t<meta property=\"og:image:type\" content=\"image\/jpeg\" \/>\n<meta name=\"author\" content=\"Radio Ljubu\u0161ki\" \/>\n<meta name=\"twitter:card\" content=\"summary_large_image\" \/>\n<meta name=\"twitter:creator\" content=\"@radioljubuski\" \/>\n<meta name=\"twitter:site\" content=\"@radioljubuski\" \/>\n<meta name=\"twitter:label1\" content=\"Napisao\/la\" \/>\n\t<meta name=\"twitter:data1\" content=\"Radio Ljubu\u0161ki\" \/>\n\t<meta name=\"twitter:label2\" content=\"Procijenjeno vrijeme \u010ditanja\" \/>\n\t<meta name=\"twitter:data2\" content=\"3 minute\" \/>\n<script type=\"application\/ld+json\" class=\"yoast-schema-graph\">{\"@context\":\"https:\\\/\\\/schema.org\",\"@graph\":[{\"@type\":\"Article\",\"@id\":\"https:\\\/\\\/radioljubuski.ba\\\/index.php\\\/2022\\\/04\\\/09\\\/objavljena-monografija-ratnog-znakovlja-postrojbi-vojne-policije-hrvatskog-vijeca-obrane\\\/#article\",\"isPartOf\":{\"@id\":\"https:\\\/\\\/radioljubuski.ba\\\/index.php\\\/2022\\\/04\\\/09\\\/objavljena-monografija-ratnog-znakovlja-postrojbi-vojne-policije-hrvatskog-vijeca-obrane\\\/\"},\"author\":{\"name\":\"Radio Ljubu\u0161ki\",\"@id\":\"https:\\\/\\\/radioljubuski.ba\\\/#\\\/schema\\\/person\\\/19fc700381a780f69665d7956c469e3b\"},\"headline\":\"Objavljena monografija ratnog znakovlja postrojbi Vojne policije Hrvatskog vije\u0107a obrane\",\"datePublished\":\"2022-04-09T21:50:11+00:00\",\"dateModified\":\"2022-04-09T21:50:13+00:00\",\"mainEntityOfPage\":{\"@id\":\"https:\\\/\\\/radioljubuski.ba\\\/index.php\\\/2022\\\/04\\\/09\\\/objavljena-monografija-ratnog-znakovlja-postrojbi-vojne-policije-hrvatskog-vijeca-obrane\\\/\"},\"wordCount\":707,\"publisher\":{\"@id\":\"https:\\\/\\\/radioljubuski.ba\\\/#organization\"},\"image\":{\"@id\":\"https:\\\/\\\/radioljubuski.ba\\\/index.php\\\/2022\\\/04\\\/09\\\/objavljena-monografija-ratnog-znakovlja-postrojbi-vojne-policije-hrvatskog-vijeca-obrane\\\/#primaryimage\"},\"thumbnailUrl\":\"https:\\\/\\\/radioljubuski.ba\\\/wp-content\\\/uploads\\\/2022\\\/04\\\/o_109841_1024.jpg\",\"articleSection\":[\"BIH i regija\"],\"inLanguage\":\"hr\"},{\"@type\":\"WebPage\",\"@id\":\"https:\\\/\\\/radioljubuski.ba\\\/index.php\\\/2022\\\/04\\\/09\\\/objavljena-monografija-ratnog-znakovlja-postrojbi-vojne-policije-hrvatskog-vijeca-obrane\\\/\",\"url\":\"https:\\\/\\\/radioljubuski.ba\\\/index.php\\\/2022\\\/04\\\/09\\\/objavljena-monografija-ratnog-znakovlja-postrojbi-vojne-policije-hrvatskog-vijeca-obrane\\\/\",\"name\":\"Objavljena monografija ratnog znakovlja postrojbi Vojne policije Hrvatskog vije\u0107a obrane - RADIO LJUBU\u0160KI\",\"isPartOf\":{\"@id\":\"https:\\\/\\\/radioljubuski.ba\\\/#website\"},\"primaryImageOfPage\":{\"@id\":\"https:\\\/\\\/radioljubuski.ba\\\/index.php\\\/2022\\\/04\\\/09\\\/objavljena-monografija-ratnog-znakovlja-postrojbi-vojne-policije-hrvatskog-vijeca-obrane\\\/#primaryimage\"},\"image\":{\"@id\":\"https:\\\/\\\/radioljubuski.ba\\\/index.php\\\/2022\\\/04\\\/09\\\/objavljena-monografija-ratnog-znakovlja-postrojbi-vojne-policije-hrvatskog-vijeca-obrane\\\/#primaryimage\"},\"thumbnailUrl\":\"https:\\\/\\\/radioljubuski.ba\\\/wp-content\\\/uploads\\\/2022\\\/04\\\/o_109841_1024.jpg\",\"datePublished\":\"2022-04-09T21:50:11+00:00\",\"dateModified\":\"2022-04-09T21:50:13+00:00\",\"breadcrumb\":{\"@id\":\"https:\\\/\\\/radioljubuski.ba\\\/index.php\\\/2022\\\/04\\\/09\\\/objavljena-monografija-ratnog-znakovlja-postrojbi-vojne-policije-hrvatskog-vijeca-obrane\\\/#breadcrumb\"},\"inLanguage\":\"hr\",\"potentialAction\":[{\"@type\":\"ReadAction\",\"target\":[\"https:\\\/\\\/radioljubuski.ba\\\/index.php\\\/2022\\\/04\\\/09\\\/objavljena-monografija-ratnog-znakovlja-postrojbi-vojne-policije-hrvatskog-vijeca-obrane\\\/\"]}]},{\"@type\":\"ImageObject\",\"inLanguage\":\"hr\",\"@id\":\"https:\\\/\\\/radioljubuski.ba\\\/index.php\\\/2022\\\/04\\\/09\\\/objavljena-monografija-ratnog-znakovlja-postrojbi-vojne-policije-hrvatskog-vijeca-obrane\\\/#primaryimage\",\"url\":\"https:\\\/\\\/radioljubuski.ba\\\/wp-content\\\/uploads\\\/2022\\\/04\\\/o_109841_1024.jpg\",\"contentUrl\":\"https:\\\/\\\/radioljubuski.ba\\\/wp-content\\\/uploads\\\/2022\\\/04\\\/o_109841_1024.jpg\",\"width\":1024,\"height\":574},{\"@type\":\"BreadcrumbList\",\"@id\":\"https:\\\/\\\/radioljubuski.ba\\\/index.php\\\/2022\\\/04\\\/09\\\/objavljena-monografija-ratnog-znakovlja-postrojbi-vojne-policije-hrvatskog-vijeca-obrane\\\/#breadcrumb\",\"itemListElement\":[{\"@type\":\"ListItem\",\"position\":1,\"name\":\"Po\u010detna stranica\",\"item\":\"https:\\\/\\\/radioljubuski.ba\\\/\"},{\"@type\":\"ListItem\",\"position\":2,\"name\":\"Objavljena monografija ratnog znakovlja postrojbi Vojne policije Hrvatskog vije\u0107a obrane\"}]},{\"@type\":\"WebSite\",\"@id\":\"https:\\\/\\\/radioljubuski.ba\\\/#website\",\"url\":\"https:\\\/\\\/radioljubuski.ba\\\/\",\"name\":\"Radio Ljubu\u0161ki\",\"description\":\"Sun\u010dana frekvencija Hercegovine\",\"publisher\":{\"@id\":\"https:\\\/\\\/radioljubuski.ba\\\/#organization\"},\"potentialAction\":[{\"@type\":\"SearchAction\",\"target\":{\"@type\":\"EntryPoint\",\"urlTemplate\":\"https:\\\/\\\/radioljubuski.ba\\\/?s={search_term_string}\"},\"query-input\":{\"@type\":\"PropertyValueSpecification\",\"valueRequired\":true,\"valueName\":\"search_term_string\"}}],\"inLanguage\":\"hr\"},{\"@type\":\"Organization\",\"@id\":\"https:\\\/\\\/radioljubuski.ba\\\/#organization\",\"name\":\"Radio Ljubu\u0161ki\",\"url\":\"https:\\\/\\\/radioljubuski.ba\\\/\",\"logo\":{\"@type\":\"ImageObject\",\"inLanguage\":\"hr\",\"@id\":\"https:\\\/\\\/radioljubuski.ba\\\/#\\\/schema\\\/logo\\\/image\\\/\",\"url\":\"https:\\\/\\\/radioljubuski.ba\\\/wp-content\\\/uploads\\\/2021\\\/02\\\/cropped-Radio_Ljubuski_logo1.jpg\",\"contentUrl\":\"https:\\\/\\\/radioljubuski.ba\\\/wp-content\\\/uploads\\\/2021\\\/02\\\/cropped-Radio_Ljubuski_logo1.jpg\",\"width\":512,\"height\":512,\"caption\":\"Radio Ljubu\u0161ki\"},\"image\":{\"@id\":\"https:\\\/\\\/radioljubuski.ba\\\/#\\\/schema\\\/logo\\\/image\\\/\"},\"sameAs\":[\"https:\\\/\\\/www.facebook.com\\\/Radiio-Ljubuski-1490835324566332\",\"https:\\\/\\\/x.com\\\/radioljubuski\",\"https:\\\/\\\/hr.linkedin.com\\\/company\\\/radio-ljubuski\",\"https:\\\/\\\/www.youtube.com\\\/channel\\\/UCHYaeO_n0Db3tjNGudGpXyw\"]},{\"@type\":\"Person\",\"@id\":\"https:\\\/\\\/radioljubuski.ba\\\/#\\\/schema\\\/person\\\/19fc700381a780f69665d7956c469e3b\",\"name\":\"Radio Ljubu\u0161ki\"}]}<\/script>\n<!-- \/ Yoast SEO plugin. -->","yoast_head_json":{"title":"Objavljena monografija ratnog znakovlja postrojbi Vojne policije Hrvatskog vije\u0107a obrane - RADIO LJUBU\u0160KI","robots":{"index":"index","follow":"follow","max-snippet":"max-snippet:-1","max-image-preview":"max-image-preview:large","max-video-preview":"max-video-preview:-1"},"canonical":"https:\/\/radioljubuski.ba\/index.php\/2022\/04\/09\/objavljena-monografija-ratnog-znakovlja-postrojbi-vojne-policije-hrvatskog-vijeca-obrane\/","og_locale":"hr_HR","og_type":"article","og_title":"Objavljena monografija ratnog znakovlja postrojbi Vojne policije Hrvatskog vije\u0107a obrane - RADIO LJUBU\u0160KI","og_description":"Postrojbe Vojne policije Hrvatskog vije\u0107a obrane utemeljene su 10. travnja 1992. godine. U iznimno te\u0161kim ratnim uvjetima Vojna policija brzo je izrasla u zna\u010dajnu i respektabilnu postrojbu koja je bila u stanju uspje\u0161no odgovoriti svim postavljenim ratnim i vojno-policijskim zada\u0107ama. Svojim ustrojem, veli\u010dinom i djelovanjem te postrojbe bile su uz hrvatski narod na prostorima gdje [&hellip;]","og_url":"https:\/\/radioljubuski.ba\/index.php\/2022\/04\/09\/objavljena-monografija-ratnog-znakovlja-postrojbi-vojne-policije-hrvatskog-vijeca-obrane\/","og_site_name":"RADIO LJUBU\u0160KI","article_publisher":"https:\/\/www.facebook.com\/Radiio-Ljubuski-1490835324566332","article_published_time":"2022-04-09T21:50:11+00:00","article_modified_time":"2022-04-09T21:50:13+00:00","og_image":[{"width":1024,"height":574,"url":"https:\/\/radioljubuski.ba\/wp-content\/uploads\/2022\/04\/o_109841_1024.jpg","type":"image\/jpeg"}],"author":"Radio Ljubu\u0161ki","twitter_card":"summary_large_image","twitter_creator":"@radioljubuski","twitter_site":"@radioljubuski","twitter_misc":{"Napisao\/la":"Radio Ljubu\u0161ki","Procijenjeno vrijeme \u010ditanja":"3 minute"},"schema":{"@context":"https:\/\/schema.org","@graph":[{"@type":"Article","@id":"https:\/\/radioljubuski.ba\/index.php\/2022\/04\/09\/objavljena-monografija-ratnog-znakovlja-postrojbi-vojne-policije-hrvatskog-vijeca-obrane\/#article","isPartOf":{"@id":"https:\/\/radioljubuski.ba\/index.php\/2022\/04\/09\/objavljena-monografija-ratnog-znakovlja-postrojbi-vojne-policije-hrvatskog-vijeca-obrane\/"},"author":{"name":"Radio Ljubu\u0161ki","@id":"https:\/\/radioljubuski.ba\/#\/schema\/person\/19fc700381a780f69665d7956c469e3b"},"headline":"Objavljena monografija ratnog znakovlja postrojbi Vojne policije Hrvatskog vije\u0107a obrane","datePublished":"2022-04-09T21:50:11+00:00","dateModified":"2022-04-09T21:50:13+00:00","mainEntityOfPage":{"@id":"https:\/\/radioljubuski.ba\/index.php\/2022\/04\/09\/objavljena-monografija-ratnog-znakovlja-postrojbi-vojne-policije-hrvatskog-vijeca-obrane\/"},"wordCount":707,"publisher":{"@id":"https:\/\/radioljubuski.ba\/#organization"},"image":{"@id":"https:\/\/radioljubuski.ba\/index.php\/2022\/04\/09\/objavljena-monografija-ratnog-znakovlja-postrojbi-vojne-policije-hrvatskog-vijeca-obrane\/#primaryimage"},"thumbnailUrl":"https:\/\/radioljubuski.ba\/wp-content\/uploads\/2022\/04\/o_109841_1024.jpg","articleSection":["BIH i regija"],"inLanguage":"hr"},{"@type":"WebPage","@id":"https:\/\/radioljubuski.ba\/index.php\/2022\/04\/09\/objavljena-monografija-ratnog-znakovlja-postrojbi-vojne-policije-hrvatskog-vijeca-obrane\/","url":"https:\/\/radioljubuski.ba\/index.php\/2022\/04\/09\/objavljena-monografija-ratnog-znakovlja-postrojbi-vojne-policije-hrvatskog-vijeca-obrane\/","name":"Objavljena monografija ratnog znakovlja postrojbi Vojne policije Hrvatskog vije\u0107a obrane - RADIO LJUBU\u0160KI","isPartOf":{"@id":"https:\/\/radioljubuski.ba\/#website"},"primaryImageOfPage":{"@id":"https:\/\/radioljubuski.ba\/index.php\/2022\/04\/09\/objavljena-monografija-ratnog-znakovlja-postrojbi-vojne-policije-hrvatskog-vijeca-obrane\/#primaryimage"},"image":{"@id":"https:\/\/radioljubuski.ba\/index.php\/2022\/04\/09\/objavljena-monografija-ratnog-znakovlja-postrojbi-vojne-policije-hrvatskog-vijeca-obrane\/#primaryimage"},"thumbnailUrl":"https:\/\/radioljubuski.ba\/wp-content\/uploads\/2022\/04\/o_109841_1024.jpg","datePublished":"2022-04-09T21:50:11+00:00","dateModified":"2022-04-09T21:50:13+00:00","breadcrumb":{"@id":"https:\/\/radioljubuski.ba\/index.php\/2022\/04\/09\/objavljena-monografija-ratnog-znakovlja-postrojbi-vojne-policije-hrvatskog-vijeca-obrane\/#breadcrumb"},"inLanguage":"hr","potentialAction":[{"@type":"ReadAction","target":["https:\/\/radioljubuski.ba\/index.php\/2022\/04\/09\/objavljena-monografija-ratnog-znakovlja-postrojbi-vojne-policije-hrvatskog-vijeca-obrane\/"]}]},{"@type":"ImageObject","inLanguage":"hr","@id":"https:\/\/radioljubuski.ba\/index.php\/2022\/04\/09\/objavljena-monografija-ratnog-znakovlja-postrojbi-vojne-policije-hrvatskog-vijeca-obrane\/#primaryimage","url":"https:\/\/radioljubuski.ba\/wp-content\/uploads\/2022\/04\/o_109841_1024.jpg","contentUrl":"https:\/\/radioljubuski.ba\/wp-content\/uploads\/2022\/04\/o_109841_1024.jpg","width":1024,"height":574},{"@type":"BreadcrumbList","@id":"https:\/\/radioljubuski.ba\/index.php\/2022\/04\/09\/objavljena-monografija-ratnog-znakovlja-postrojbi-vojne-policije-hrvatskog-vijeca-obrane\/#breadcrumb","itemListElement":[{"@type":"ListItem","position":1,"name":"Po\u010detna stranica","item":"https:\/\/radioljubuski.ba\/"},{"@type":"ListItem","position":2,"name":"Objavljena monografija ratnog znakovlja postrojbi Vojne policije Hrvatskog vije\u0107a obrane"}]},{"@type":"WebSite","@id":"https:\/\/radioljubuski.ba\/#website","url":"https:\/\/radioljubuski.ba\/","name":"Radio Ljubu\u0161ki","description":"Sun\u010dana frekvencija Hercegovine","publisher":{"@id":"https:\/\/radioljubuski.ba\/#organization"},"potentialAction":[{"@type":"SearchAction","target":{"@type":"EntryPoint","urlTemplate":"https:\/\/radioljubuski.ba\/?s={search_term_string}"},"query-input":{"@type":"PropertyValueSpecification","valueRequired":true,"valueName":"search_term_string"}}],"inLanguage":"hr"},{"@type":"Organization","@id":"https:\/\/radioljubuski.ba\/#organization","name":"Radio Ljubu\u0161ki","url":"https:\/\/radioljubuski.ba\/","logo":{"@type":"ImageObject","inLanguage":"hr","@id":"https:\/\/radioljubuski.ba\/#\/schema\/logo\/image\/","url":"https:\/\/radioljubuski.ba\/wp-content\/uploads\/2021\/02\/cropped-Radio_Ljubuski_logo1.jpg","contentUrl":"https:\/\/radioljubuski.ba\/wp-content\/uploads\/2021\/02\/cropped-Radio_Ljubuski_logo1.jpg","width":512,"height":512,"caption":"Radio Ljubu\u0161ki"},"image":{"@id":"https:\/\/radioljubuski.ba\/#\/schema\/logo\/image\/"},"sameAs":["https:\/\/www.facebook.com\/Radiio-Ljubuski-1490835324566332","https:\/\/x.com\/radioljubuski","https:\/\/hr.linkedin.com\/company\/radio-ljubuski","https:\/\/www.youtube.com\/channel\/UCHYaeO_n0Db3tjNGudGpXyw"]},{"@type":"Person","@id":"https:\/\/radioljubuski.ba\/#\/schema\/person\/19fc700381a780f69665d7956c469e3b","name":"Radio Ljubu\u0161ki"}]}},"_links":{"self":[{"href":"https:\/\/radioljubuski.ba\/index.php\/wp-json\/wp\/v2\/posts\/130871","targetHints":{"allow":["GET"]}}],"collection":[{"href":"https:\/\/radioljubuski.ba\/index.php\/wp-json\/wp\/v2\/posts"}],"about":[{"href":"https:\/\/radioljubuski.ba\/index.php\/wp-json\/wp\/v2\/types\/post"}],"author":[{"embeddable":true,"href":"https:\/\/radioljubuski.ba\/index.php\/wp-json\/wp\/v2\/users\/2"}],"replies":[{"embeddable":true,"href":"https:\/\/radioljubuski.ba\/index.php\/wp-json\/wp\/v2\/comments?post=130871"}],"version-history":[{"count":1,"href":"https:\/\/radioljubuski.ba\/index.php\/wp-json\/wp\/v2\/posts\/130871\/revisions"}],"predecessor-version":[{"id":130873,"href":"https:\/\/radioljubuski.ba\/index.php\/wp-json\/wp\/v2\/posts\/130871\/revisions\/130873"}],"wp:featuredmedia":[{"embeddable":true,"href":"https:\/\/radioljubuski.ba\/index.php\/wp-json\/wp\/v2\/media\/130872"}],"wp:attachment":[{"href":"https:\/\/radioljubuski.ba\/index.php\/wp-json\/wp\/v2\/media?parent=130871"}],"wp:term":[{"taxonomy":"category","embeddable":true,"href":"https:\/\/radioljubuski.ba\/index.php\/wp-json\/wp\/v2\/categories?post=130871"},{"taxonomy":"post_tag","embeddable":true,"href":"https:\/\/radioljubuski.ba\/index.php\/wp-json\/wp\/v2\/tags?post=130871"}],"curies":[{"name":"wp","href":"https:\/\/api.w.org\/{rel}","templated":true}]}}