{"id":130877,"date":"2022-04-09T22:52:07","date_gmt":"2022-04-09T21:52:07","guid":{"rendered":"https:\/\/radioljubuski.ba\/?p=130877"},"modified":"2022-04-09T22:52:07","modified_gmt":"2022-04-09T21:52:07","slug":"u-fbih-na-jednog-umirovljenika-dolaze-14-radnika-potrebni-dodatni-prihodi","status":"publish","type":"post","link":"https:\/\/radioljubuski.ba\/index.php\/2022\/04\/09\/u-fbih-na-jednog-umirovljenika-dolaze-14-radnika-potrebni-dodatni-prihodi\/","title":{"rendered":"U FBiH na jednog umirovljenika dolaze 1,4 radnika, potrebni dodatni prihodi"},"content":{"rendered":"\n<p><strong>Praksa me\u0111ugeneracijske solidarnosti, na kojoj po\u010diva zdravstveni sustav u BiH, postaje sve neodr\u017eivija jer se broj zaposlenih osoba smanjuje, a broj umirovljenika raste, pi\u0161e Ve\u010dernji list BiH.<\/strong><\/p>\n\n\n\n<p>Kako ne bi do\u0161lo do njegova uru\u0161avanja i dodatnog ote\u017eavanja rada zdravstvenih ustanova, u idu\u0107em razdoblju trebat \u0107e prona\u0107i na\u010din za dodatno financiranje zdravstva. Na taj problem nedavno su upozorili iz Zavoda zdravstvenog osiguranja Hercegova\u010dko-neretvanske \u017eupanije.<\/p>\n\n\n\n<p><strong>Te\u0161ka odr\u017eivost<\/strong><\/p>\n\n\n\n<p>Naime, sukladno planiranim aktivnostima, Stru\u010dna slu\u017eba Zavoda zdravstvenog osiguranja ove \u017eupanije izvr\u0161ila je analizu osiguranih osoba u mati\u010dnoj bazi podataka ZZO-a HN\u017d-a. Prema dobivenim podacima, na dan 31. prosinca 2021. godine broj osiguranih osoba u Hercegova\u010dko-neretvanskoj \u017eupaniji iznosio je 180.359, od \u010dega je 71,76 posto osiguranih osoba koje su nositelji osiguranja i 28,44 posto osiguranih osoba koje su \u010dlanovi obitelji nositelja osiguranja. U strukturi nositelja osiguranja 54.357 je zaposlenih, 43.041 umirovljenik i 24.456 nezaposlenih.<\/p>\n\n\n\n<p>\u2013 Prema podacima kojima Zavod raspola\u017ee, usporedimo li broj radno aktivnih osiguranika i umirovljenika, dolazi se do zaklju\u010dka kako u 2021. godini na jednog umirovljenika dolazi oko 1,26 radnika. Drugim rije\u010dima, to zna\u010di da svaki zaposleni osiguranik doprinosima za zdravstveno osiguranje osigurava zdravstvenu za\u0161titu za sebe, \u010dlanove svoje obitelji ako nemaju zdravstveno osiguranje po nekoj drugoj osnovi i ne\u0161to vi\u0161e od 1 umirovljenika. Ovako izrazito nizak omjer broja radnika i broja umirovljenika u odnosu na vrijeme kada se uvodio sustav me\u0111ugeneracijske solidarnosti upu\u0107uje na te\u0161ku odr\u017eivost me\u0111ugeneracijske solidarnosti, veliki pritisak na zdravstveni sustav i potrebu tra\u017eenja novih i druga\u010dijih izvora prihoda po osnovi zdravstvenog osiguranja \u2013 kazao je ravnatelj Zavoda Rade Bo\u0161njak. Kada je rije\u010d o Federaciji Bosne i Hercegovine, situacija je, sude\u0107i barem prema statistici, ne\u0161to bolja. Podaci Porezne uprave Federacije BiH pokazuju kako je broj zaposlenih u Federaciji BiH prema prebivali\u0161tu zaposlenika na dan 31. prosinca 2021. godine iznosio 533.034. Taj broj manji je za 719 u odnosu na podatak od 30. studenoga 2021. godine, kada je broj zaposlenih iznosio 533.753.<\/p>\n\n\n\n<p><strong>Prelazak na riznicu<\/strong><\/p>\n\n\n\n<p>Kada je rije\u010d o umirovljenicima korisnicima Federalnog zavoda MIO, njih je oko 429.834, od \u010dega ih oko 365.000 \u017eivi u ovom bh. entitetu te podlije\u017ee zdravstvenom osiguranju neke od \u017eupanija s podru\u010dja Federacije BiH. Ovaj podatak govori kako na jednoga zaposlenog dolaze oko 1,4 umirovljenika, \u0161to je ne\u0161to bolji postotak nego u Hercegova\u010dko-neretvanskoj \u017eupaniji, ali jednako zabrinjavaju\u0107i. Zbog \u010dinjenice da praksa me\u0111ugeneracijske solidarnost zbog omjera zaposlenih i umirovljenika nije vi\u0161e primjenjiva, Vlada FBiH radila je reformu mirovinskog sustava prije nekoliko godina. Tako se, sukladno Zakonu o MIO, isplata mirovina vr\u0161i preko jedinstvenog ra\u010duna riznice FBiH, odnosno iz prora\u010duna FBiH od po\u010detka 2020. godine i u vrhu je isplatnih prioriteta. Upravo je prelazak na riznicu osigurao redovitost isplate i mogu\u0107nost pove\u0107anja mirovina u proteklom razdoblju.<\/p>\n\n\n\n<p>\/HMS\/<\/p>\n","protected":false},"excerpt":{"rendered":"<p>Praksa me\u0111ugeneracijske solidarnosti, na kojoj po\u010diva zdravstveni sustav u BiH, postaje sve neodr\u017eivija jer se broj zaposlenih osoba smanjuje, a broj umirovljenika raste, pi\u0161e Ve\u010dernji list BiH. Kako ne bi do\u0161lo do njegova uru\u0161avanja i dodatnog ote\u017eavanja rada zdravstvenih ustanova, u idu\u0107em razdoblju trebat \u0107e prona\u0107i na\u010din za dodatno financiranje zdravstva. Na taj problem nedavno [&hellip;]<\/p>\n","protected":false},"author":2,"featured_media":74730,"comment_status":"closed","ping_status":"closed","sticky":false,"template":"","format":"standard","meta":{"h5ap_radio_sources":[],"footnotes":""},"categories":[1],"tags":[],"class_list":["post-130877","post","type-post","status-publish","format-standard","has-post-thumbnail","hentry","category-bihiregija"],"yoast_head":"<!-- This site is optimized with the Yoast SEO plugin v27.5 - https:\/\/yoast.com\/product\/yoast-seo-wordpress\/ -->\n<title>U FBiH na jednog umirovljenika dolaze 1,4 radnika, potrebni dodatni prihodi - RADIO LJUBU\u0160KI<\/title>\n<meta name=\"robots\" content=\"index, follow, max-snippet:-1, max-image-preview:large, max-video-preview:-1\" \/>\n<link rel=\"canonical\" href=\"https:\/\/radioljubuski.ba\/index.php\/2022\/04\/09\/u-fbih-na-jednog-umirovljenika-dolaze-14-radnika-potrebni-dodatni-prihodi\/\" \/>\n<meta property=\"og:locale\" content=\"hr_HR\" \/>\n<meta property=\"og:type\" content=\"article\" \/>\n<meta property=\"og:title\" content=\"U FBiH na jednog umirovljenika dolaze 1,4 radnika, potrebni dodatni prihodi - RADIO LJUBU\u0160KI\" \/>\n<meta property=\"og:description\" content=\"Praksa me\u0111ugeneracijske solidarnosti, na kojoj po\u010diva zdravstveni sustav u BiH, postaje sve neodr\u017eivija jer se broj zaposlenih osoba smanjuje, a broj umirovljenika raste, pi\u0161e Ve\u010dernji list BiH. Kako ne bi do\u0161lo do njegova uru\u0161avanja i dodatnog ote\u017eavanja rada zdravstvenih ustanova, u idu\u0107em razdoblju trebat \u0107e prona\u0107i na\u010din za dodatno financiranje zdravstva. Na taj problem nedavno [&hellip;]\" \/>\n<meta property=\"og:url\" content=\"https:\/\/radioljubuski.ba\/index.php\/2022\/04\/09\/u-fbih-na-jednog-umirovljenika-dolaze-14-radnika-potrebni-dodatni-prihodi\/\" \/>\n<meta property=\"og:site_name\" content=\"RADIO LJUBU\u0160KI\" \/>\n<meta property=\"article:publisher\" content=\"https:\/\/www.facebook.com\/Radiio-Ljubuski-1490835324566332\" \/>\n<meta property=\"article:published_time\" content=\"2022-04-09T21:52:07+00:00\" \/>\n<meta property=\"og:image\" content=\"https:\/\/radioljubuski.ba\/wp-content\/uploads\/2021\/10\/korona.jpg\" \/>\n\t<meta property=\"og:image:width\" content=\"1920\" \/>\n\t<meta property=\"og:image:height\" content=\"1280\" \/>\n\t<meta property=\"og:image:type\" content=\"image\/jpeg\" \/>\n<meta name=\"author\" content=\"Radio Ljubu\u0161ki\" \/>\n<meta name=\"twitter:card\" content=\"summary_large_image\" \/>\n<meta name=\"twitter:creator\" content=\"@radioljubuski\" \/>\n<meta name=\"twitter:site\" content=\"@radioljubuski\" \/>\n<meta name=\"twitter:label1\" content=\"Napisao\/la\" \/>\n\t<meta name=\"twitter:data1\" content=\"Radio Ljubu\u0161ki\" \/>\n\t<meta name=\"twitter:label2\" content=\"Procijenjeno vrijeme \u010ditanja\" \/>\n\t<meta name=\"twitter:data2\" content=\"2 minute\" \/>\n<script type=\"application\/ld+json\" class=\"yoast-schema-graph\">{\"@context\":\"https:\\\/\\\/schema.org\",\"@graph\":[{\"@type\":\"Article\",\"@id\":\"https:\\\/\\\/radioljubuski.ba\\\/index.php\\\/2022\\\/04\\\/09\\\/u-fbih-na-jednog-umirovljenika-dolaze-14-radnika-potrebni-dodatni-prihodi\\\/#article\",\"isPartOf\":{\"@id\":\"https:\\\/\\\/radioljubuski.ba\\\/index.php\\\/2022\\\/04\\\/09\\\/u-fbih-na-jednog-umirovljenika-dolaze-14-radnika-potrebni-dodatni-prihodi\\\/\"},\"author\":{\"name\":\"Radio Ljubu\u0161ki\",\"@id\":\"https:\\\/\\\/radioljubuski.ba\\\/#\\\/schema\\\/person\\\/19fc700381a780f69665d7956c469e3b\"},\"headline\":\"U FBiH na jednog umirovljenika dolaze 1,4 radnika, potrebni dodatni prihodi\",\"datePublished\":\"2022-04-09T21:52:07+00:00\",\"mainEntityOfPage\":{\"@id\":\"https:\\\/\\\/radioljubuski.ba\\\/index.php\\\/2022\\\/04\\\/09\\\/u-fbih-na-jednog-umirovljenika-dolaze-14-radnika-potrebni-dodatni-prihodi\\\/\"},\"wordCount\":477,\"publisher\":{\"@id\":\"https:\\\/\\\/radioljubuski.ba\\\/#organization\"},\"image\":{\"@id\":\"https:\\\/\\\/radioljubuski.ba\\\/index.php\\\/2022\\\/04\\\/09\\\/u-fbih-na-jednog-umirovljenika-dolaze-14-radnika-potrebni-dodatni-prihodi\\\/#primaryimage\"},\"thumbnailUrl\":\"https:\\\/\\\/radioljubuski.ba\\\/wp-content\\\/uploads\\\/2021\\\/10\\\/korona.jpg\",\"articleSection\":[\"BIH i regija\"],\"inLanguage\":\"hr\"},{\"@type\":\"WebPage\",\"@id\":\"https:\\\/\\\/radioljubuski.ba\\\/index.php\\\/2022\\\/04\\\/09\\\/u-fbih-na-jednog-umirovljenika-dolaze-14-radnika-potrebni-dodatni-prihodi\\\/\",\"url\":\"https:\\\/\\\/radioljubuski.ba\\\/index.php\\\/2022\\\/04\\\/09\\\/u-fbih-na-jednog-umirovljenika-dolaze-14-radnika-potrebni-dodatni-prihodi\\\/\",\"name\":\"U FBiH na jednog umirovljenika dolaze 1,4 radnika, potrebni dodatni prihodi - RADIO LJUBU\u0160KI\",\"isPartOf\":{\"@id\":\"https:\\\/\\\/radioljubuski.ba\\\/#website\"},\"primaryImageOfPage\":{\"@id\":\"https:\\\/\\\/radioljubuski.ba\\\/index.php\\\/2022\\\/04\\\/09\\\/u-fbih-na-jednog-umirovljenika-dolaze-14-radnika-potrebni-dodatni-prihodi\\\/#primaryimage\"},\"image\":{\"@id\":\"https:\\\/\\\/radioljubuski.ba\\\/index.php\\\/2022\\\/04\\\/09\\\/u-fbih-na-jednog-umirovljenika-dolaze-14-radnika-potrebni-dodatni-prihodi\\\/#primaryimage\"},\"thumbnailUrl\":\"https:\\\/\\\/radioljubuski.ba\\\/wp-content\\\/uploads\\\/2021\\\/10\\\/korona.jpg\",\"datePublished\":\"2022-04-09T21:52:07+00:00\",\"breadcrumb\":{\"@id\":\"https:\\\/\\\/radioljubuski.ba\\\/index.php\\\/2022\\\/04\\\/09\\\/u-fbih-na-jednog-umirovljenika-dolaze-14-radnika-potrebni-dodatni-prihodi\\\/#breadcrumb\"},\"inLanguage\":\"hr\",\"potentialAction\":[{\"@type\":\"ReadAction\",\"target\":[\"https:\\\/\\\/radioljubuski.ba\\\/index.php\\\/2022\\\/04\\\/09\\\/u-fbih-na-jednog-umirovljenika-dolaze-14-radnika-potrebni-dodatni-prihodi\\\/\"]}]},{\"@type\":\"ImageObject\",\"inLanguage\":\"hr\",\"@id\":\"https:\\\/\\\/radioljubuski.ba\\\/index.php\\\/2022\\\/04\\\/09\\\/u-fbih-na-jednog-umirovljenika-dolaze-14-radnika-potrebni-dodatni-prihodi\\\/#primaryimage\",\"url\":\"https:\\\/\\\/radioljubuski.ba\\\/wp-content\\\/uploads\\\/2021\\\/10\\\/korona.jpg\",\"contentUrl\":\"https:\\\/\\\/radioljubuski.ba\\\/wp-content\\\/uploads\\\/2021\\\/10\\\/korona.jpg\",\"width\":1920,\"height\":1280},{\"@type\":\"BreadcrumbList\",\"@id\":\"https:\\\/\\\/radioljubuski.ba\\\/index.php\\\/2022\\\/04\\\/09\\\/u-fbih-na-jednog-umirovljenika-dolaze-14-radnika-potrebni-dodatni-prihodi\\\/#breadcrumb\",\"itemListElement\":[{\"@type\":\"ListItem\",\"position\":1,\"name\":\"Po\u010detna stranica\",\"item\":\"https:\\\/\\\/radioljubuski.ba\\\/\"},{\"@type\":\"ListItem\",\"position\":2,\"name\":\"U FBiH na jednog umirovljenika dolaze 1,4 radnika, potrebni dodatni prihodi\"}]},{\"@type\":\"WebSite\",\"@id\":\"https:\\\/\\\/radioljubuski.ba\\\/#website\",\"url\":\"https:\\\/\\\/radioljubuski.ba\\\/\",\"name\":\"Radio Ljubu\u0161ki\",\"description\":\"Sun\u010dana frekvencija Hercegovine\",\"publisher\":{\"@id\":\"https:\\\/\\\/radioljubuski.ba\\\/#organization\"},\"potentialAction\":[{\"@type\":\"SearchAction\",\"target\":{\"@type\":\"EntryPoint\",\"urlTemplate\":\"https:\\\/\\\/radioljubuski.ba\\\/?s={search_term_string}\"},\"query-input\":{\"@type\":\"PropertyValueSpecification\",\"valueRequired\":true,\"valueName\":\"search_term_string\"}}],\"inLanguage\":\"hr\"},{\"@type\":\"Organization\",\"@id\":\"https:\\\/\\\/radioljubuski.ba\\\/#organization\",\"name\":\"Radio Ljubu\u0161ki\",\"url\":\"https:\\\/\\\/radioljubuski.ba\\\/\",\"logo\":{\"@type\":\"ImageObject\",\"inLanguage\":\"hr\",\"@id\":\"https:\\\/\\\/radioljubuski.ba\\\/#\\\/schema\\\/logo\\\/image\\\/\",\"url\":\"https:\\\/\\\/radioljubuski.ba\\\/wp-content\\\/uploads\\\/2021\\\/02\\\/cropped-Radio_Ljubuski_logo1.jpg\",\"contentUrl\":\"https:\\\/\\\/radioljubuski.ba\\\/wp-content\\\/uploads\\\/2021\\\/02\\\/cropped-Radio_Ljubuski_logo1.jpg\",\"width\":512,\"height\":512,\"caption\":\"Radio Ljubu\u0161ki\"},\"image\":{\"@id\":\"https:\\\/\\\/radioljubuski.ba\\\/#\\\/schema\\\/logo\\\/image\\\/\"},\"sameAs\":[\"https:\\\/\\\/www.facebook.com\\\/Radiio-Ljubuski-1490835324566332\",\"https:\\\/\\\/x.com\\\/radioljubuski\",\"https:\\\/\\\/hr.linkedin.com\\\/company\\\/radio-ljubuski\",\"https:\\\/\\\/www.youtube.com\\\/channel\\\/UCHYaeO_n0Db3tjNGudGpXyw\"]},{\"@type\":\"Person\",\"@id\":\"https:\\\/\\\/radioljubuski.ba\\\/#\\\/schema\\\/person\\\/19fc700381a780f69665d7956c469e3b\",\"name\":\"Radio Ljubu\u0161ki\"}]}<\/script>\n<!-- \/ Yoast SEO plugin. -->","yoast_head_json":{"title":"U FBiH na jednog umirovljenika dolaze 1,4 radnika, potrebni dodatni prihodi - RADIO LJUBU\u0160KI","robots":{"index":"index","follow":"follow","max-snippet":"max-snippet:-1","max-image-preview":"max-image-preview:large","max-video-preview":"max-video-preview:-1"},"canonical":"https:\/\/radioljubuski.ba\/index.php\/2022\/04\/09\/u-fbih-na-jednog-umirovljenika-dolaze-14-radnika-potrebni-dodatni-prihodi\/","og_locale":"hr_HR","og_type":"article","og_title":"U FBiH na jednog umirovljenika dolaze 1,4 radnika, potrebni dodatni prihodi - RADIO LJUBU\u0160KI","og_description":"Praksa me\u0111ugeneracijske solidarnosti, na kojoj po\u010diva zdravstveni sustav u BiH, postaje sve neodr\u017eivija jer se broj zaposlenih osoba smanjuje, a broj umirovljenika raste, pi\u0161e Ve\u010dernji list BiH. Kako ne bi do\u0161lo do njegova uru\u0161avanja i dodatnog ote\u017eavanja rada zdravstvenih ustanova, u idu\u0107em razdoblju trebat \u0107e prona\u0107i na\u010din za dodatno financiranje zdravstva. Na taj problem nedavno [&hellip;]","og_url":"https:\/\/radioljubuski.ba\/index.php\/2022\/04\/09\/u-fbih-na-jednog-umirovljenika-dolaze-14-radnika-potrebni-dodatni-prihodi\/","og_site_name":"RADIO LJUBU\u0160KI","article_publisher":"https:\/\/www.facebook.com\/Radiio-Ljubuski-1490835324566332","article_published_time":"2022-04-09T21:52:07+00:00","og_image":[{"width":1920,"height":1280,"url":"https:\/\/radioljubuski.ba\/wp-content\/uploads\/2021\/10\/korona.jpg","type":"image\/jpeg"}],"author":"Radio Ljubu\u0161ki","twitter_card":"summary_large_image","twitter_creator":"@radioljubuski","twitter_site":"@radioljubuski","twitter_misc":{"Napisao\/la":"Radio Ljubu\u0161ki","Procijenjeno vrijeme \u010ditanja":"2 minute"},"schema":{"@context":"https:\/\/schema.org","@graph":[{"@type":"Article","@id":"https:\/\/radioljubuski.ba\/index.php\/2022\/04\/09\/u-fbih-na-jednog-umirovljenika-dolaze-14-radnika-potrebni-dodatni-prihodi\/#article","isPartOf":{"@id":"https:\/\/radioljubuski.ba\/index.php\/2022\/04\/09\/u-fbih-na-jednog-umirovljenika-dolaze-14-radnika-potrebni-dodatni-prihodi\/"},"author":{"name":"Radio Ljubu\u0161ki","@id":"https:\/\/radioljubuski.ba\/#\/schema\/person\/19fc700381a780f69665d7956c469e3b"},"headline":"U FBiH na jednog umirovljenika dolaze 1,4 radnika, potrebni dodatni prihodi","datePublished":"2022-04-09T21:52:07+00:00","mainEntityOfPage":{"@id":"https:\/\/radioljubuski.ba\/index.php\/2022\/04\/09\/u-fbih-na-jednog-umirovljenika-dolaze-14-radnika-potrebni-dodatni-prihodi\/"},"wordCount":477,"publisher":{"@id":"https:\/\/radioljubuski.ba\/#organization"},"image":{"@id":"https:\/\/radioljubuski.ba\/index.php\/2022\/04\/09\/u-fbih-na-jednog-umirovljenika-dolaze-14-radnika-potrebni-dodatni-prihodi\/#primaryimage"},"thumbnailUrl":"https:\/\/radioljubuski.ba\/wp-content\/uploads\/2021\/10\/korona.jpg","articleSection":["BIH i regija"],"inLanguage":"hr"},{"@type":"WebPage","@id":"https:\/\/radioljubuski.ba\/index.php\/2022\/04\/09\/u-fbih-na-jednog-umirovljenika-dolaze-14-radnika-potrebni-dodatni-prihodi\/","url":"https:\/\/radioljubuski.ba\/index.php\/2022\/04\/09\/u-fbih-na-jednog-umirovljenika-dolaze-14-radnika-potrebni-dodatni-prihodi\/","name":"U FBiH na jednog umirovljenika dolaze 1,4 radnika, potrebni dodatni prihodi - RADIO LJUBU\u0160KI","isPartOf":{"@id":"https:\/\/radioljubuski.ba\/#website"},"primaryImageOfPage":{"@id":"https:\/\/radioljubuski.ba\/index.php\/2022\/04\/09\/u-fbih-na-jednog-umirovljenika-dolaze-14-radnika-potrebni-dodatni-prihodi\/#primaryimage"},"image":{"@id":"https:\/\/radioljubuski.ba\/index.php\/2022\/04\/09\/u-fbih-na-jednog-umirovljenika-dolaze-14-radnika-potrebni-dodatni-prihodi\/#primaryimage"},"thumbnailUrl":"https:\/\/radioljubuski.ba\/wp-content\/uploads\/2021\/10\/korona.jpg","datePublished":"2022-04-09T21:52:07+00:00","breadcrumb":{"@id":"https:\/\/radioljubuski.ba\/index.php\/2022\/04\/09\/u-fbih-na-jednog-umirovljenika-dolaze-14-radnika-potrebni-dodatni-prihodi\/#breadcrumb"},"inLanguage":"hr","potentialAction":[{"@type":"ReadAction","target":["https:\/\/radioljubuski.ba\/index.php\/2022\/04\/09\/u-fbih-na-jednog-umirovljenika-dolaze-14-radnika-potrebni-dodatni-prihodi\/"]}]},{"@type":"ImageObject","inLanguage":"hr","@id":"https:\/\/radioljubuski.ba\/index.php\/2022\/04\/09\/u-fbih-na-jednog-umirovljenika-dolaze-14-radnika-potrebni-dodatni-prihodi\/#primaryimage","url":"https:\/\/radioljubuski.ba\/wp-content\/uploads\/2021\/10\/korona.jpg","contentUrl":"https:\/\/radioljubuski.ba\/wp-content\/uploads\/2021\/10\/korona.jpg","width":1920,"height":1280},{"@type":"BreadcrumbList","@id":"https:\/\/radioljubuski.ba\/index.php\/2022\/04\/09\/u-fbih-na-jednog-umirovljenika-dolaze-14-radnika-potrebni-dodatni-prihodi\/#breadcrumb","itemListElement":[{"@type":"ListItem","position":1,"name":"Po\u010detna stranica","item":"https:\/\/radioljubuski.ba\/"},{"@type":"ListItem","position":2,"name":"U FBiH na jednog umirovljenika dolaze 1,4 radnika, potrebni dodatni prihodi"}]},{"@type":"WebSite","@id":"https:\/\/radioljubuski.ba\/#website","url":"https:\/\/radioljubuski.ba\/","name":"Radio Ljubu\u0161ki","description":"Sun\u010dana frekvencija Hercegovine","publisher":{"@id":"https:\/\/radioljubuski.ba\/#organization"},"potentialAction":[{"@type":"SearchAction","target":{"@type":"EntryPoint","urlTemplate":"https:\/\/radioljubuski.ba\/?s={search_term_string}"},"query-input":{"@type":"PropertyValueSpecification","valueRequired":true,"valueName":"search_term_string"}}],"inLanguage":"hr"},{"@type":"Organization","@id":"https:\/\/radioljubuski.ba\/#organization","name":"Radio Ljubu\u0161ki","url":"https:\/\/radioljubuski.ba\/","logo":{"@type":"ImageObject","inLanguage":"hr","@id":"https:\/\/radioljubuski.ba\/#\/schema\/logo\/image\/","url":"https:\/\/radioljubuski.ba\/wp-content\/uploads\/2021\/02\/cropped-Radio_Ljubuski_logo1.jpg","contentUrl":"https:\/\/radioljubuski.ba\/wp-content\/uploads\/2021\/02\/cropped-Radio_Ljubuski_logo1.jpg","width":512,"height":512,"caption":"Radio Ljubu\u0161ki"},"image":{"@id":"https:\/\/radioljubuski.ba\/#\/schema\/logo\/image\/"},"sameAs":["https:\/\/www.facebook.com\/Radiio-Ljubuski-1490835324566332","https:\/\/x.com\/radioljubuski","https:\/\/hr.linkedin.com\/company\/radio-ljubuski","https:\/\/www.youtube.com\/channel\/UCHYaeO_n0Db3tjNGudGpXyw"]},{"@type":"Person","@id":"https:\/\/radioljubuski.ba\/#\/schema\/person\/19fc700381a780f69665d7956c469e3b","name":"Radio Ljubu\u0161ki"}]}},"_links":{"self":[{"href":"https:\/\/radioljubuski.ba\/index.php\/wp-json\/wp\/v2\/posts\/130877","targetHints":{"allow":["GET"]}}],"collection":[{"href":"https:\/\/radioljubuski.ba\/index.php\/wp-json\/wp\/v2\/posts"}],"about":[{"href":"https:\/\/radioljubuski.ba\/index.php\/wp-json\/wp\/v2\/types\/post"}],"author":[{"embeddable":true,"href":"https:\/\/radioljubuski.ba\/index.php\/wp-json\/wp\/v2\/users\/2"}],"replies":[{"embeddable":true,"href":"https:\/\/radioljubuski.ba\/index.php\/wp-json\/wp\/v2\/comments?post=130877"}],"version-history":[{"count":1,"href":"https:\/\/radioljubuski.ba\/index.php\/wp-json\/wp\/v2\/posts\/130877\/revisions"}],"predecessor-version":[{"id":130878,"href":"https:\/\/radioljubuski.ba\/index.php\/wp-json\/wp\/v2\/posts\/130877\/revisions\/130878"}],"wp:featuredmedia":[{"embeddable":true,"href":"https:\/\/radioljubuski.ba\/index.php\/wp-json\/wp\/v2\/media\/74730"}],"wp:attachment":[{"href":"https:\/\/radioljubuski.ba\/index.php\/wp-json\/wp\/v2\/media?parent=130877"}],"wp:term":[{"taxonomy":"category","embeddable":true,"href":"https:\/\/radioljubuski.ba\/index.php\/wp-json\/wp\/v2\/categories?post=130877"},{"taxonomy":"post_tag","embeddable":true,"href":"https:\/\/radioljubuski.ba\/index.php\/wp-json\/wp\/v2\/tags?post=130877"}],"curies":[{"name":"wp","href":"https:\/\/api.w.org\/{rel}","templated":true}]}}