{"id":130882,"date":"2022-04-09T22:56:05","date_gmt":"2022-04-09T21:56:05","guid":{"rendered":"https:\/\/radioljubuski.ba\/?p=130882"},"modified":"2022-04-10T18:39:28","modified_gmt":"2022-04-10T17:39:28","slug":"skb-mostar-prima-58-novih-djelatnika","status":"publish","type":"post","link":"https:\/\/radioljubuski.ba\/index.php\/2022\/04\/09\/skb-mostar-prima-58-novih-djelatnika\/","title":{"rendered":"SKB Mostar prima 58 novih djelatnika"},"content":{"rendered":"\n<h5 class=\"wp-block-heading\"><strong>Sveu\u010dili\u0161na klini\u010dka bolnica Mostar objavila je javni natje\u010daj u kojemu tra\u017ei 58 novih zaposlenika. Natje\u010daj se odnosi za prijem u radni odnos djelatnika na odre\u0111eno i neodre\u0111eno vrijeme.<\/strong><\/h5>\n\n\n\n<p>Tra\u017ei se vi\u0161e<strong>&nbsp;lije\u010dnika, medicinskih sestra, serviserki, sprema\u010dica.<\/strong><\/p>\n\n\n\n<p>Za koja mjesta je poziv otvoren, pro\u010ditajte u nastavku.<\/p>\n\n\n\n<h4 class=\"wp-block-heading\"><strong>Neodre\u0111eno vrijeme za radna mjesta:<\/strong><\/h4>\n\n\n\n<p>1. Psiholog na Klinici za psihijatriju \u2013 1 izvr\u0161itelj<br>2. Informati\u010dar u Centru za informatiku \u2013 1 izvr\u0161itelj<br>3. Samostalni referent za fakturiranje u Jedinici za fakturiranje Slu\u017ebe za gospodarsko-financijske poslove \u2013 1 izvr\u0161itelj<br>4. Samostalni referent gra\u0111evinarstva u Slu\u017ebi za tehni\u010dke djelatnosti- 1 izv\u0161itelj<br>5. Medicinska sestra\/tehni\u010dar na Klinikama\/Odjelima\/Zavodima \u2013 19 izvr\u0161itelja (Klinika za kirurgiju \u2013 9; Klinika za neurokirurgiju -3; Klinika za infektivne bolesti \u2013 2; Klinika za ORL i MFK \u2013 2; Centar za urgentnu medicinu i hitne prijeme- 3; )<br>6. Medicinska sestra\/primalja na Klinici za ginekologiju i porodni\u0161tvo \u2013 1 izvr\u0161itelj<br>7. Recepcionar u RJ Centralna recepcija Slu\u017ebe za pravne i op\u0107e poslove \u2013 3 izvr\u0161itelja<br>8. Referent za\u0161tite na radu u Odsjeku za za\u0161titu na radu Slu\u017ebe za\u0161tite \u2013 1 izvr\u0161itelj<br>9. Za\u0161titar \u2013 fizi\u010dka za\u0161tita u Slu\u017ebi za\u0161tite \u2013 4 izvr\u0161itelja<br>10. Odgovorni rukovalac boca pod tlakom u Slu\u017ebi za tehni\u010dke djelatnosti-1 izvr\u0161itelj<br>11. Rukovalac kotlova Odsjeka za energetiku Slu\u017ebe za tehni\u010dke djelatnosti \u2013 1 izvr\u0161itelj<br>12. Skladi\u0161tar u Slu\u017ebi za prehranu bolesnika \u2013 1 izvr\u0161itelj<br>13. Kv zidar u RJ gra\u0111evinske i vodoinstalaterske radionice Slu\u017ebe za tehni\u010dke djelatnosti \u2013 1 izvr\u0161itelj<br>14. Pera\u010dica laboratorijskog posu\u0111a u Zavodu za laboratorijsku dijagnostiku-1 izvr\u0161itelj<br>15. Servirka u Slu\u017ebi za prehranu bolesnika \u2013 2 izvr\u0161itelja<br>16. Sprema\u010dica u Odsjeku za higijensko odr\u017eavanje prostorija Slu\u017ebe za tehni\u010dke djelatnosti \u2013 4 izvr\u0161itelja<\/p>\n\n\n\n<h4 class=\"wp-block-heading\"><strong>Odre\u0111eno vrijeme u trajanju do dvije godine u ovisnosti radi li se o zamjeni djelatnika na trudni\u010dkom, porodiljskom, dugotrajnom bolovanju i nepla\u0107enom odsustvu:<\/strong><\/h4>\n\n\n\n<p>17. Doktor medicine u Centru za urgentnu medicinu i hitne prijeme \u2013 2 izvr\u0161itelja<br>18. Doktor medicine na Klinici za kirurgiju \u2013 1 izvr\u0161itelj<br>19. Doktor medicine na Klinici za neurokirurgiju \u2013 1 izvr\u0161itelj<br>20. Doktor medicine u Centru za dijalizu Klinike za unutarnje bolesti s centrom za dijalizu \u2013 1 izvr\u0161itelj<br>21. In\u017eenjer medicinske radiologije u Zavodu za nuklearnu medicinu \u2013 1 izvr\u0161itelj<br>22. Biolog u Zavodu za laboratorijsku dijagnostiku \u2013 1 izvr\u0161itelj<br>23. Medicinska sestra\/tehni\u010dar na Klinikama\/Odjelima\/Zavodima \u2013 5 izvr\u0161itelja (Klinika za dje\u010dje bolesti \u2013 1; Klinika za unutarnje bolesti s centrom za dijalizu \u2013 3; Klinika za infektivne bolesti \u2013 1; )<br>24. Sprema\u010dica u Odsjeku za higijensko odr\u017eavanje prostorija Slu\u017ebe za tehni\u010dke djelatnosti \u2013 4 izvr\u0161itelja<br>25. Pera\u010dica rublja u R.J. Centralna praonica Slu\u017ebe za tehni\u010dke djelatnosti\u2013 1 izvr\u0161itelj<\/p>\n\n\n\n<p>Sve detalje natje\u010daja pogledajte&nbsp;<strong><a href=\"https:\/\/www.szzhnz-k.ba\/view.php?id=10273\">OVDJE.<\/a><\/strong><\/p>\n\n\n\n<p>\/HMS\/<\/p>\n","protected":false},"excerpt":{"rendered":"<p>Sveu\u010dili\u0161na klini\u010dka bolnica Mostar objavila je javni natje\u010daj u kojemu tra\u017ei 58 novih zaposlenika. Natje\u010daj se odnosi za prijem u radni odnos djelatnika na odre\u0111eno i neodre\u0111eno vrijeme. Tra\u017ei se vi\u0161e&nbsp;lije\u010dnika, medicinskih sestra, serviserki, sprema\u010dica. Za koja mjesta je poziv otvoren, pro\u010ditajte u nastavku. Neodre\u0111eno vrijeme za radna mjesta: 1. Psiholog na Klinici za psihijatriju [&hellip;]<\/p>\n","protected":false},"author":2,"featured_media":6741,"comment_status":"closed","ping_status":"closed","sticky":false,"template":"","format":"standard","meta":{"h5ap_radio_sources":[],"footnotes":""},"categories":[1],"tags":[],"class_list":["post-130882","post","type-post","status-publish","format-standard","has-post-thumbnail","hentry","category-bihiregija"],"yoast_head":"<!-- This site is optimized with the Yoast SEO plugin v27.5 - https:\/\/yoast.com\/product\/yoast-seo-wordpress\/ -->\n<title>SKB Mostar prima 58 novih djelatnika - RADIO LJUBU\u0160KI<\/title>\n<meta name=\"robots\" content=\"index, follow, max-snippet:-1, max-image-preview:large, max-video-preview:-1\" \/>\n<link rel=\"canonical\" href=\"https:\/\/radioljubuski.ba\/index.php\/2022\/04\/09\/skb-mostar-prima-58-novih-djelatnika\/\" \/>\n<meta property=\"og:locale\" content=\"hr_HR\" \/>\n<meta property=\"og:type\" content=\"article\" \/>\n<meta property=\"og:title\" content=\"SKB Mostar prima 58 novih djelatnika - RADIO LJUBU\u0160KI\" \/>\n<meta property=\"og:description\" content=\"Sveu\u010dili\u0161na klini\u010dka bolnica Mostar objavila je javni natje\u010daj u kojemu tra\u017ei 58 novih zaposlenika. Natje\u010daj se odnosi za prijem u radni odnos djelatnika na odre\u0111eno i neodre\u0111eno vrijeme. Tra\u017ei se vi\u0161e&nbsp;lije\u010dnika, medicinskih sestra, serviserki, sprema\u010dica. Za koja mjesta je poziv otvoren, pro\u010ditajte u nastavku. Neodre\u0111eno vrijeme za radna mjesta: 1. Psiholog na Klinici za psihijatriju [&hellip;]\" \/>\n<meta property=\"og:url\" content=\"https:\/\/radioljubuski.ba\/index.php\/2022\/04\/09\/skb-mostar-prima-58-novih-djelatnika\/\" \/>\n<meta property=\"og:site_name\" content=\"RADIO LJUBU\u0160KI\" \/>\n<meta property=\"article:publisher\" content=\"https:\/\/www.facebook.com\/Radiio-Ljubuski-1490835324566332\" \/>\n<meta property=\"article:published_time\" content=\"2022-04-09T21:56:05+00:00\" \/>\n<meta property=\"article:modified_time\" content=\"2022-04-10T17:39:28+00:00\" \/>\n<meta property=\"og:image\" content=\"https:\/\/radioljubuski.ba\/wp-content\/uploads\/2021\/03\/fUBIXoni_skb.jpg\" \/>\n\t<meta property=\"og:image:width\" content=\"1000\" \/>\n\t<meta property=\"og:image:height\" content=\"625\" \/>\n\t<meta property=\"og:image:type\" content=\"image\/jpeg\" \/>\n<meta name=\"author\" content=\"Radio Ljubu\u0161ki\" \/>\n<meta name=\"twitter:card\" content=\"summary_large_image\" \/>\n<meta name=\"twitter:creator\" content=\"@radioljubuski\" \/>\n<meta name=\"twitter:site\" content=\"@radioljubuski\" \/>\n<meta name=\"twitter:label1\" content=\"Napisao\/la\" \/>\n\t<meta name=\"twitter:data1\" content=\"Radio Ljubu\u0161ki\" \/>\n\t<meta name=\"twitter:label2\" content=\"Procijenjeno vrijeme \u010ditanja\" \/>\n\t<meta name=\"twitter:data2\" content=\"2 minute\" \/>\n<script type=\"application\/ld+json\" class=\"yoast-schema-graph\">{\"@context\":\"https:\\\/\\\/schema.org\",\"@graph\":[{\"@type\":\"Article\",\"@id\":\"https:\\\/\\\/radioljubuski.ba\\\/index.php\\\/2022\\\/04\\\/09\\\/skb-mostar-prima-58-novih-djelatnika\\\/#article\",\"isPartOf\":{\"@id\":\"https:\\\/\\\/radioljubuski.ba\\\/index.php\\\/2022\\\/04\\\/09\\\/skb-mostar-prima-58-novih-djelatnika\\\/\"},\"author\":{\"name\":\"Radio Ljubu\u0161ki\",\"@id\":\"https:\\\/\\\/radioljubuski.ba\\\/#\\\/schema\\\/person\\\/19fc700381a780f69665d7956c469e3b\"},\"headline\":\"SKB Mostar prima 58 novih djelatnika\",\"datePublished\":\"2022-04-09T21:56:05+00:00\",\"dateModified\":\"2022-04-10T17:39:28+00:00\",\"mainEntityOfPage\":{\"@id\":\"https:\\\/\\\/radioljubuski.ba\\\/index.php\\\/2022\\\/04\\\/09\\\/skb-mostar-prima-58-novih-djelatnika\\\/\"},\"wordCount\":452,\"publisher\":{\"@id\":\"https:\\\/\\\/radioljubuski.ba\\\/#organization\"},\"image\":{\"@id\":\"https:\\\/\\\/radioljubuski.ba\\\/index.php\\\/2022\\\/04\\\/09\\\/skb-mostar-prima-58-novih-djelatnika\\\/#primaryimage\"},\"thumbnailUrl\":\"https:\\\/\\\/radioljubuski.ba\\\/wp-content\\\/uploads\\\/2021\\\/03\\\/fUBIXoni_skb.jpg\",\"articleSection\":[\"BIH i regija\"],\"inLanguage\":\"hr\"},{\"@type\":\"WebPage\",\"@id\":\"https:\\\/\\\/radioljubuski.ba\\\/index.php\\\/2022\\\/04\\\/09\\\/skb-mostar-prima-58-novih-djelatnika\\\/\",\"url\":\"https:\\\/\\\/radioljubuski.ba\\\/index.php\\\/2022\\\/04\\\/09\\\/skb-mostar-prima-58-novih-djelatnika\\\/\",\"name\":\"SKB Mostar prima 58 novih djelatnika - RADIO LJUBU\u0160KI\",\"isPartOf\":{\"@id\":\"https:\\\/\\\/radioljubuski.ba\\\/#website\"},\"primaryImageOfPage\":{\"@id\":\"https:\\\/\\\/radioljubuski.ba\\\/index.php\\\/2022\\\/04\\\/09\\\/skb-mostar-prima-58-novih-djelatnika\\\/#primaryimage\"},\"image\":{\"@id\":\"https:\\\/\\\/radioljubuski.ba\\\/index.php\\\/2022\\\/04\\\/09\\\/skb-mostar-prima-58-novih-djelatnika\\\/#primaryimage\"},\"thumbnailUrl\":\"https:\\\/\\\/radioljubuski.ba\\\/wp-content\\\/uploads\\\/2021\\\/03\\\/fUBIXoni_skb.jpg\",\"datePublished\":\"2022-04-09T21:56:05+00:00\",\"dateModified\":\"2022-04-10T17:39:28+00:00\",\"breadcrumb\":{\"@id\":\"https:\\\/\\\/radioljubuski.ba\\\/index.php\\\/2022\\\/04\\\/09\\\/skb-mostar-prima-58-novih-djelatnika\\\/#breadcrumb\"},\"inLanguage\":\"hr\",\"potentialAction\":[{\"@type\":\"ReadAction\",\"target\":[\"https:\\\/\\\/radioljubuski.ba\\\/index.php\\\/2022\\\/04\\\/09\\\/skb-mostar-prima-58-novih-djelatnika\\\/\"]}]},{\"@type\":\"ImageObject\",\"inLanguage\":\"hr\",\"@id\":\"https:\\\/\\\/radioljubuski.ba\\\/index.php\\\/2022\\\/04\\\/09\\\/skb-mostar-prima-58-novih-djelatnika\\\/#primaryimage\",\"url\":\"https:\\\/\\\/radioljubuski.ba\\\/wp-content\\\/uploads\\\/2021\\\/03\\\/fUBIXoni_skb.jpg\",\"contentUrl\":\"https:\\\/\\\/radioljubuski.ba\\\/wp-content\\\/uploads\\\/2021\\\/03\\\/fUBIXoni_skb.jpg\",\"width\":1000,\"height\":625},{\"@type\":\"BreadcrumbList\",\"@id\":\"https:\\\/\\\/radioljubuski.ba\\\/index.php\\\/2022\\\/04\\\/09\\\/skb-mostar-prima-58-novih-djelatnika\\\/#breadcrumb\",\"itemListElement\":[{\"@type\":\"ListItem\",\"position\":1,\"name\":\"Po\u010detna stranica\",\"item\":\"https:\\\/\\\/radioljubuski.ba\\\/\"},{\"@type\":\"ListItem\",\"position\":2,\"name\":\"SKB Mostar prima 58 novih djelatnika\"}]},{\"@type\":\"WebSite\",\"@id\":\"https:\\\/\\\/radioljubuski.ba\\\/#website\",\"url\":\"https:\\\/\\\/radioljubuski.ba\\\/\",\"name\":\"Radio Ljubu\u0161ki\",\"description\":\"Sun\u010dana frekvencija Hercegovine\",\"publisher\":{\"@id\":\"https:\\\/\\\/radioljubuski.ba\\\/#organization\"},\"potentialAction\":[{\"@type\":\"SearchAction\",\"target\":{\"@type\":\"EntryPoint\",\"urlTemplate\":\"https:\\\/\\\/radioljubuski.ba\\\/?s={search_term_string}\"},\"query-input\":{\"@type\":\"PropertyValueSpecification\",\"valueRequired\":true,\"valueName\":\"search_term_string\"}}],\"inLanguage\":\"hr\"},{\"@type\":\"Organization\",\"@id\":\"https:\\\/\\\/radioljubuski.ba\\\/#organization\",\"name\":\"Radio Ljubu\u0161ki\",\"url\":\"https:\\\/\\\/radioljubuski.ba\\\/\",\"logo\":{\"@type\":\"ImageObject\",\"inLanguage\":\"hr\",\"@id\":\"https:\\\/\\\/radioljubuski.ba\\\/#\\\/schema\\\/logo\\\/image\\\/\",\"url\":\"https:\\\/\\\/radioljubuski.ba\\\/wp-content\\\/uploads\\\/2021\\\/02\\\/cropped-Radio_Ljubuski_logo1.jpg\",\"contentUrl\":\"https:\\\/\\\/radioljubuski.ba\\\/wp-content\\\/uploads\\\/2021\\\/02\\\/cropped-Radio_Ljubuski_logo1.jpg\",\"width\":512,\"height\":512,\"caption\":\"Radio Ljubu\u0161ki\"},\"image\":{\"@id\":\"https:\\\/\\\/radioljubuski.ba\\\/#\\\/schema\\\/logo\\\/image\\\/\"},\"sameAs\":[\"https:\\\/\\\/www.facebook.com\\\/Radiio-Ljubuski-1490835324566332\",\"https:\\\/\\\/x.com\\\/radioljubuski\",\"https:\\\/\\\/hr.linkedin.com\\\/company\\\/radio-ljubuski\",\"https:\\\/\\\/www.youtube.com\\\/channel\\\/UCHYaeO_n0Db3tjNGudGpXyw\"]},{\"@type\":\"Person\",\"@id\":\"https:\\\/\\\/radioljubuski.ba\\\/#\\\/schema\\\/person\\\/19fc700381a780f69665d7956c469e3b\",\"name\":\"Radio Ljubu\u0161ki\"}]}<\/script>\n<!-- \/ Yoast SEO plugin. -->","yoast_head_json":{"title":"SKB Mostar prima 58 novih djelatnika - RADIO LJUBU\u0160KI","robots":{"index":"index","follow":"follow","max-snippet":"max-snippet:-1","max-image-preview":"max-image-preview:large","max-video-preview":"max-video-preview:-1"},"canonical":"https:\/\/radioljubuski.ba\/index.php\/2022\/04\/09\/skb-mostar-prima-58-novih-djelatnika\/","og_locale":"hr_HR","og_type":"article","og_title":"SKB Mostar prima 58 novih djelatnika - RADIO LJUBU\u0160KI","og_description":"Sveu\u010dili\u0161na klini\u010dka bolnica Mostar objavila je javni natje\u010daj u kojemu tra\u017ei 58 novih zaposlenika. Natje\u010daj se odnosi za prijem u radni odnos djelatnika na odre\u0111eno i neodre\u0111eno vrijeme. Tra\u017ei se vi\u0161e&nbsp;lije\u010dnika, medicinskih sestra, serviserki, sprema\u010dica. Za koja mjesta je poziv otvoren, pro\u010ditajte u nastavku. Neodre\u0111eno vrijeme za radna mjesta: 1. Psiholog na Klinici za psihijatriju [&hellip;]","og_url":"https:\/\/radioljubuski.ba\/index.php\/2022\/04\/09\/skb-mostar-prima-58-novih-djelatnika\/","og_site_name":"RADIO LJUBU\u0160KI","article_publisher":"https:\/\/www.facebook.com\/Radiio-Ljubuski-1490835324566332","article_published_time":"2022-04-09T21:56:05+00:00","article_modified_time":"2022-04-10T17:39:28+00:00","og_image":[{"width":1000,"height":625,"url":"https:\/\/radioljubuski.ba\/wp-content\/uploads\/2021\/03\/fUBIXoni_skb.jpg","type":"image\/jpeg"}],"author":"Radio Ljubu\u0161ki","twitter_card":"summary_large_image","twitter_creator":"@radioljubuski","twitter_site":"@radioljubuski","twitter_misc":{"Napisao\/la":"Radio Ljubu\u0161ki","Procijenjeno vrijeme \u010ditanja":"2 minute"},"schema":{"@context":"https:\/\/schema.org","@graph":[{"@type":"Article","@id":"https:\/\/radioljubuski.ba\/index.php\/2022\/04\/09\/skb-mostar-prima-58-novih-djelatnika\/#article","isPartOf":{"@id":"https:\/\/radioljubuski.ba\/index.php\/2022\/04\/09\/skb-mostar-prima-58-novih-djelatnika\/"},"author":{"name":"Radio Ljubu\u0161ki","@id":"https:\/\/radioljubuski.ba\/#\/schema\/person\/19fc700381a780f69665d7956c469e3b"},"headline":"SKB Mostar prima 58 novih djelatnika","datePublished":"2022-04-09T21:56:05+00:00","dateModified":"2022-04-10T17:39:28+00:00","mainEntityOfPage":{"@id":"https:\/\/radioljubuski.ba\/index.php\/2022\/04\/09\/skb-mostar-prima-58-novih-djelatnika\/"},"wordCount":452,"publisher":{"@id":"https:\/\/radioljubuski.ba\/#organization"},"image":{"@id":"https:\/\/radioljubuski.ba\/index.php\/2022\/04\/09\/skb-mostar-prima-58-novih-djelatnika\/#primaryimage"},"thumbnailUrl":"https:\/\/radioljubuski.ba\/wp-content\/uploads\/2021\/03\/fUBIXoni_skb.jpg","articleSection":["BIH i regija"],"inLanguage":"hr"},{"@type":"WebPage","@id":"https:\/\/radioljubuski.ba\/index.php\/2022\/04\/09\/skb-mostar-prima-58-novih-djelatnika\/","url":"https:\/\/radioljubuski.ba\/index.php\/2022\/04\/09\/skb-mostar-prima-58-novih-djelatnika\/","name":"SKB Mostar prima 58 novih djelatnika - RADIO LJUBU\u0160KI","isPartOf":{"@id":"https:\/\/radioljubuski.ba\/#website"},"primaryImageOfPage":{"@id":"https:\/\/radioljubuski.ba\/index.php\/2022\/04\/09\/skb-mostar-prima-58-novih-djelatnika\/#primaryimage"},"image":{"@id":"https:\/\/radioljubuski.ba\/index.php\/2022\/04\/09\/skb-mostar-prima-58-novih-djelatnika\/#primaryimage"},"thumbnailUrl":"https:\/\/radioljubuski.ba\/wp-content\/uploads\/2021\/03\/fUBIXoni_skb.jpg","datePublished":"2022-04-09T21:56:05+00:00","dateModified":"2022-04-10T17:39:28+00:00","breadcrumb":{"@id":"https:\/\/radioljubuski.ba\/index.php\/2022\/04\/09\/skb-mostar-prima-58-novih-djelatnika\/#breadcrumb"},"inLanguage":"hr","potentialAction":[{"@type":"ReadAction","target":["https:\/\/radioljubuski.ba\/index.php\/2022\/04\/09\/skb-mostar-prima-58-novih-djelatnika\/"]}]},{"@type":"ImageObject","inLanguage":"hr","@id":"https:\/\/radioljubuski.ba\/index.php\/2022\/04\/09\/skb-mostar-prima-58-novih-djelatnika\/#primaryimage","url":"https:\/\/radioljubuski.ba\/wp-content\/uploads\/2021\/03\/fUBIXoni_skb.jpg","contentUrl":"https:\/\/radioljubuski.ba\/wp-content\/uploads\/2021\/03\/fUBIXoni_skb.jpg","width":1000,"height":625},{"@type":"BreadcrumbList","@id":"https:\/\/radioljubuski.ba\/index.php\/2022\/04\/09\/skb-mostar-prima-58-novih-djelatnika\/#breadcrumb","itemListElement":[{"@type":"ListItem","position":1,"name":"Po\u010detna stranica","item":"https:\/\/radioljubuski.ba\/"},{"@type":"ListItem","position":2,"name":"SKB Mostar prima 58 novih djelatnika"}]},{"@type":"WebSite","@id":"https:\/\/radioljubuski.ba\/#website","url":"https:\/\/radioljubuski.ba\/","name":"Radio Ljubu\u0161ki","description":"Sun\u010dana frekvencija Hercegovine","publisher":{"@id":"https:\/\/radioljubuski.ba\/#organization"},"potentialAction":[{"@type":"SearchAction","target":{"@type":"EntryPoint","urlTemplate":"https:\/\/radioljubuski.ba\/?s={search_term_string}"},"query-input":{"@type":"PropertyValueSpecification","valueRequired":true,"valueName":"search_term_string"}}],"inLanguage":"hr"},{"@type":"Organization","@id":"https:\/\/radioljubuski.ba\/#organization","name":"Radio Ljubu\u0161ki","url":"https:\/\/radioljubuski.ba\/","logo":{"@type":"ImageObject","inLanguage":"hr","@id":"https:\/\/radioljubuski.ba\/#\/schema\/logo\/image\/","url":"https:\/\/radioljubuski.ba\/wp-content\/uploads\/2021\/02\/cropped-Radio_Ljubuski_logo1.jpg","contentUrl":"https:\/\/radioljubuski.ba\/wp-content\/uploads\/2021\/02\/cropped-Radio_Ljubuski_logo1.jpg","width":512,"height":512,"caption":"Radio Ljubu\u0161ki"},"image":{"@id":"https:\/\/radioljubuski.ba\/#\/schema\/logo\/image\/"},"sameAs":["https:\/\/www.facebook.com\/Radiio-Ljubuski-1490835324566332","https:\/\/x.com\/radioljubuski","https:\/\/hr.linkedin.com\/company\/radio-ljubuski","https:\/\/www.youtube.com\/channel\/UCHYaeO_n0Db3tjNGudGpXyw"]},{"@type":"Person","@id":"https:\/\/radioljubuski.ba\/#\/schema\/person\/19fc700381a780f69665d7956c469e3b","name":"Radio Ljubu\u0161ki"}]}},"_links":{"self":[{"href":"https:\/\/radioljubuski.ba\/index.php\/wp-json\/wp\/v2\/posts\/130882","targetHints":{"allow":["GET"]}}],"collection":[{"href":"https:\/\/radioljubuski.ba\/index.php\/wp-json\/wp\/v2\/posts"}],"about":[{"href":"https:\/\/radioljubuski.ba\/index.php\/wp-json\/wp\/v2\/types\/post"}],"author":[{"embeddable":true,"href":"https:\/\/radioljubuski.ba\/index.php\/wp-json\/wp\/v2\/users\/2"}],"replies":[{"embeddable":true,"href":"https:\/\/radioljubuski.ba\/index.php\/wp-json\/wp\/v2\/comments?post=130882"}],"version-history":[{"count":1,"href":"https:\/\/radioljubuski.ba\/index.php\/wp-json\/wp\/v2\/posts\/130882\/revisions"}],"predecessor-version":[{"id":130883,"href":"https:\/\/radioljubuski.ba\/index.php\/wp-json\/wp\/v2\/posts\/130882\/revisions\/130883"}],"wp:featuredmedia":[{"embeddable":true,"href":"https:\/\/radioljubuski.ba\/index.php\/wp-json\/wp\/v2\/media\/6741"}],"wp:attachment":[{"href":"https:\/\/radioljubuski.ba\/index.php\/wp-json\/wp\/v2\/media?parent=130882"}],"wp:term":[{"taxonomy":"category","embeddable":true,"href":"https:\/\/radioljubuski.ba\/index.php\/wp-json\/wp\/v2\/categories?post=130882"},{"taxonomy":"post_tag","embeddable":true,"href":"https:\/\/radioljubuski.ba\/index.php\/wp-json\/wp\/v2\/tags?post=130882"}],"curies":[{"name":"wp","href":"https:\/\/api.w.org\/{rel}","templated":true}]}}