{"id":130901,"date":"2022-04-09T23:07:53","date_gmt":"2022-04-09T22:07:53","guid":{"rendered":"https:\/\/radioljubuski.ba\/?p=130901"},"modified":"2022-04-09T23:07:54","modified_gmt":"2022-04-09T22:07:54","slug":"meghan-markle-ponovno-razljutila-javnost","status":"publish","type":"post","link":"https:\/\/radioljubuski.ba\/index.php\/2022\/04\/09\/meghan-markle-ponovno-razljutila-javnost\/","title":{"rendered":"Meghan Markle ponovno razljutila javnost"},"content":{"rendered":"\n<h5 class=\"wp-block-heading\"><strong>Supruga princa Harryja, Meghan Markle, svojim zadnjim potezom na sebe je ponovno navukla bijes javnosti.<\/strong><\/h5>\n\n\n\n<p>Nakon \u0161to je najavila kako \u0107e se njezina prva serija podcasta na streaming servisu Spotify zvati<strong>&nbsp;\u201cArchetypes\u201d<\/strong>, odnosno u prijevodu s engleskog \u201cArhetipovi\u201d, odlu\u010dila je poku\u0161ati&nbsp;<strong>za\u0161tititi tu rije\u010d<\/strong>, koja se u engleskom jeziku koristi&nbsp;<strong>od 16. stolje\u0107a<\/strong>, a potje\u010de iz starogr\u010dkog, pi\u0161e Daily Mail.<\/p>\n\n\n\n<p>Zahtjev Uredu za patente i \u017eigove Sjedinjenih Ameri\u010dkih Dr\u017eava predao je<em><strong>&nbsp;Archewell Audio<\/strong><\/em>, jedna od 11 umre\u017eenih tvrtki koje su osnovali Meghan i Harry, a bazirana je u poreznoj oazi u Delawareu. Ako im zahtjev bude odobren, pravo na za\u0161titu dobit \u0107e oni, a ne Spotify, s kojim su navodno sklopili ugovor vrijedan \u010dak&nbsp;<strong>18 milijuna funti<\/strong>.<\/p>\n\n\n\n<p>Meghan bi se zbog imena svojeg podcasta mogla suo\u010diti i s&nbsp;<strong>tu\u017ebama tvrtki<\/strong>&nbsp;koje se ve\u0107 koriste tom rije\u010di u svojim nazivima, poput brenda njege ko\u017ee&nbsp;<em><strong>Archetypes<\/strong><\/em>, koji je ve\u0107 za\u0161titio ime.<\/p>\n\n\n\n<p>Ina\u010de, podcast kraljevskog para svjetlo dana trebao bi ugledati ovog ljeta, prenosi Dnevnik.hr.<\/p>\n\n\n\n<p>\/HMS\/<\/p>\n","protected":false},"excerpt":{"rendered":"<p>Supruga princa Harryja, Meghan Markle, svojim zadnjim potezom na sebe je ponovno navukla bijes javnosti. Nakon \u0161to je najavila kako \u0107e se njezina prva serija podcasta na streaming servisu Spotify zvati&nbsp;\u201cArchetypes\u201d, odnosno u prijevodu s engleskog \u201cArhetipovi\u201d, odlu\u010dila je poku\u0161ati&nbsp;za\u0161tititi tu rije\u010d, koja se u engleskom jeziku koristi&nbsp;od 16. stolje\u0107a, a potje\u010de iz starogr\u010dkog, pi\u0161e [&hellip;]<\/p>\n","protected":false},"author":2,"featured_media":130902,"comment_status":"closed","ping_status":"closed","sticky":false,"template":"","format":"standard","meta":{"h5ap_radio_sources":[],"footnotes":""},"categories":[1],"tags":[],"class_list":["post-130901","post","type-post","status-publish","format-standard","has-post-thumbnail","hentry","category-bihiregija"],"yoast_head":"<!-- This site is optimized with the Yoast SEO plugin v27.5 - https:\/\/yoast.com\/product\/yoast-seo-wordpress\/ -->\n<title>Meghan Markle ponovno razljutila javnost - RADIO LJUBU\u0160KI<\/title>\n<meta name=\"robots\" content=\"index, follow, max-snippet:-1, max-image-preview:large, max-video-preview:-1\" \/>\n<link rel=\"canonical\" href=\"https:\/\/radioljubuski.ba\/index.php\/2022\/04\/09\/meghan-markle-ponovno-razljutila-javnost\/\" \/>\n<meta property=\"og:locale\" content=\"hr_HR\" \/>\n<meta property=\"og:type\" content=\"article\" \/>\n<meta property=\"og:title\" content=\"Meghan Markle ponovno razljutila javnost - RADIO LJUBU\u0160KI\" \/>\n<meta property=\"og:description\" content=\"Supruga princa Harryja, Meghan Markle, svojim zadnjim potezom na sebe je ponovno navukla bijes javnosti. Nakon \u0161to je najavila kako \u0107e se njezina prva serija podcasta na streaming servisu Spotify zvati&nbsp;\u201cArchetypes\u201d, odnosno u prijevodu s engleskog \u201cArhetipovi\u201d, odlu\u010dila je poku\u0161ati&nbsp;za\u0161tititi tu rije\u010d, koja se u engleskom jeziku koristi&nbsp;od 16. stolje\u0107a, a potje\u010de iz starogr\u010dkog, pi\u0161e [&hellip;]\" \/>\n<meta property=\"og:url\" content=\"https:\/\/radioljubuski.ba\/index.php\/2022\/04\/09\/meghan-markle-ponovno-razljutila-javnost\/\" \/>\n<meta property=\"og:site_name\" content=\"RADIO LJUBU\u0160KI\" \/>\n<meta property=\"article:publisher\" content=\"https:\/\/www.facebook.com\/Radiio-Ljubuski-1490835324566332\" \/>\n<meta property=\"article:published_time\" content=\"2022-04-09T22:07:53+00:00\" \/>\n<meta property=\"article:modified_time\" content=\"2022-04-09T22:07:54+00:00\" \/>\n<meta property=\"og:image\" content=\"https:\/\/radioljubuski.ba\/wp-content\/uploads\/2022\/04\/meghan-markle.jpg\" \/>\n\t<meta property=\"og:image:width\" content=\"810\" \/>\n\t<meta property=\"og:image:height\" content=\"486\" \/>\n\t<meta property=\"og:image:type\" content=\"image\/jpeg\" \/>\n<meta name=\"author\" content=\"Radio Ljubu\u0161ki\" \/>\n<meta name=\"twitter:card\" content=\"summary_large_image\" \/>\n<meta name=\"twitter:creator\" content=\"@radioljubuski\" \/>\n<meta name=\"twitter:site\" content=\"@radioljubuski\" \/>\n<meta name=\"twitter:label1\" content=\"Napisao\/la\" \/>\n\t<meta name=\"twitter:data1\" content=\"Radio Ljubu\u0161ki\" \/>\n\t<meta name=\"twitter:label2\" content=\"Procijenjeno vrijeme \u010ditanja\" \/>\n\t<meta name=\"twitter:data2\" content=\"1 minuta\" \/>\n<script type=\"application\/ld+json\" class=\"yoast-schema-graph\">{\"@context\":\"https:\\\/\\\/schema.org\",\"@graph\":[{\"@type\":\"Article\",\"@id\":\"https:\\\/\\\/radioljubuski.ba\\\/index.php\\\/2022\\\/04\\\/09\\\/meghan-markle-ponovno-razljutila-javnost\\\/#article\",\"isPartOf\":{\"@id\":\"https:\\\/\\\/radioljubuski.ba\\\/index.php\\\/2022\\\/04\\\/09\\\/meghan-markle-ponovno-razljutila-javnost\\\/\"},\"author\":{\"name\":\"Radio Ljubu\u0161ki\",\"@id\":\"https:\\\/\\\/radioljubuski.ba\\\/#\\\/schema\\\/person\\\/19fc700381a780f69665d7956c469e3b\"},\"headline\":\"Meghan Markle ponovno razljutila javnost\",\"datePublished\":\"2022-04-09T22:07:53+00:00\",\"dateModified\":\"2022-04-09T22:07:54+00:00\",\"mainEntityOfPage\":{\"@id\":\"https:\\\/\\\/radioljubuski.ba\\\/index.php\\\/2022\\\/04\\\/09\\\/meghan-markle-ponovno-razljutila-javnost\\\/\"},\"wordCount\":191,\"publisher\":{\"@id\":\"https:\\\/\\\/radioljubuski.ba\\\/#organization\"},\"image\":{\"@id\":\"https:\\\/\\\/radioljubuski.ba\\\/index.php\\\/2022\\\/04\\\/09\\\/meghan-markle-ponovno-razljutila-javnost\\\/#primaryimage\"},\"thumbnailUrl\":\"https:\\\/\\\/radioljubuski.ba\\\/wp-content\\\/uploads\\\/2022\\\/04\\\/meghan-markle.jpg\",\"articleSection\":[\"BIH i regija\"],\"inLanguage\":\"hr\"},{\"@type\":\"WebPage\",\"@id\":\"https:\\\/\\\/radioljubuski.ba\\\/index.php\\\/2022\\\/04\\\/09\\\/meghan-markle-ponovno-razljutila-javnost\\\/\",\"url\":\"https:\\\/\\\/radioljubuski.ba\\\/index.php\\\/2022\\\/04\\\/09\\\/meghan-markle-ponovno-razljutila-javnost\\\/\",\"name\":\"Meghan Markle ponovno razljutila javnost - RADIO LJUBU\u0160KI\",\"isPartOf\":{\"@id\":\"https:\\\/\\\/radioljubuski.ba\\\/#website\"},\"primaryImageOfPage\":{\"@id\":\"https:\\\/\\\/radioljubuski.ba\\\/index.php\\\/2022\\\/04\\\/09\\\/meghan-markle-ponovno-razljutila-javnost\\\/#primaryimage\"},\"image\":{\"@id\":\"https:\\\/\\\/radioljubuski.ba\\\/index.php\\\/2022\\\/04\\\/09\\\/meghan-markle-ponovno-razljutila-javnost\\\/#primaryimage\"},\"thumbnailUrl\":\"https:\\\/\\\/radioljubuski.ba\\\/wp-content\\\/uploads\\\/2022\\\/04\\\/meghan-markle.jpg\",\"datePublished\":\"2022-04-09T22:07:53+00:00\",\"dateModified\":\"2022-04-09T22:07:54+00:00\",\"breadcrumb\":{\"@id\":\"https:\\\/\\\/radioljubuski.ba\\\/index.php\\\/2022\\\/04\\\/09\\\/meghan-markle-ponovno-razljutila-javnost\\\/#breadcrumb\"},\"inLanguage\":\"hr\",\"potentialAction\":[{\"@type\":\"ReadAction\",\"target\":[\"https:\\\/\\\/radioljubuski.ba\\\/index.php\\\/2022\\\/04\\\/09\\\/meghan-markle-ponovno-razljutila-javnost\\\/\"]}]},{\"@type\":\"ImageObject\",\"inLanguage\":\"hr\",\"@id\":\"https:\\\/\\\/radioljubuski.ba\\\/index.php\\\/2022\\\/04\\\/09\\\/meghan-markle-ponovno-razljutila-javnost\\\/#primaryimage\",\"url\":\"https:\\\/\\\/radioljubuski.ba\\\/wp-content\\\/uploads\\\/2022\\\/04\\\/meghan-markle.jpg\",\"contentUrl\":\"https:\\\/\\\/radioljubuski.ba\\\/wp-content\\\/uploads\\\/2022\\\/04\\\/meghan-markle.jpg\",\"width\":810,\"height\":486},{\"@type\":\"BreadcrumbList\",\"@id\":\"https:\\\/\\\/radioljubuski.ba\\\/index.php\\\/2022\\\/04\\\/09\\\/meghan-markle-ponovno-razljutila-javnost\\\/#breadcrumb\",\"itemListElement\":[{\"@type\":\"ListItem\",\"position\":1,\"name\":\"Po\u010detna stranica\",\"item\":\"https:\\\/\\\/radioljubuski.ba\\\/\"},{\"@type\":\"ListItem\",\"position\":2,\"name\":\"Meghan Markle ponovno razljutila javnost\"}]},{\"@type\":\"WebSite\",\"@id\":\"https:\\\/\\\/radioljubuski.ba\\\/#website\",\"url\":\"https:\\\/\\\/radioljubuski.ba\\\/\",\"name\":\"Radio Ljubu\u0161ki\",\"description\":\"Sun\u010dana frekvencija Hercegovine\",\"publisher\":{\"@id\":\"https:\\\/\\\/radioljubuski.ba\\\/#organization\"},\"potentialAction\":[{\"@type\":\"SearchAction\",\"target\":{\"@type\":\"EntryPoint\",\"urlTemplate\":\"https:\\\/\\\/radioljubuski.ba\\\/?s={search_term_string}\"},\"query-input\":{\"@type\":\"PropertyValueSpecification\",\"valueRequired\":true,\"valueName\":\"search_term_string\"}}],\"inLanguage\":\"hr\"},{\"@type\":\"Organization\",\"@id\":\"https:\\\/\\\/radioljubuski.ba\\\/#organization\",\"name\":\"Radio Ljubu\u0161ki\",\"url\":\"https:\\\/\\\/radioljubuski.ba\\\/\",\"logo\":{\"@type\":\"ImageObject\",\"inLanguage\":\"hr\",\"@id\":\"https:\\\/\\\/radioljubuski.ba\\\/#\\\/schema\\\/logo\\\/image\\\/\",\"url\":\"https:\\\/\\\/radioljubuski.ba\\\/wp-content\\\/uploads\\\/2021\\\/02\\\/cropped-Radio_Ljubuski_logo1.jpg\",\"contentUrl\":\"https:\\\/\\\/radioljubuski.ba\\\/wp-content\\\/uploads\\\/2021\\\/02\\\/cropped-Radio_Ljubuski_logo1.jpg\",\"width\":512,\"height\":512,\"caption\":\"Radio Ljubu\u0161ki\"},\"image\":{\"@id\":\"https:\\\/\\\/radioljubuski.ba\\\/#\\\/schema\\\/logo\\\/image\\\/\"},\"sameAs\":[\"https:\\\/\\\/www.facebook.com\\\/Radiio-Ljubuski-1490835324566332\",\"https:\\\/\\\/x.com\\\/radioljubuski\",\"https:\\\/\\\/hr.linkedin.com\\\/company\\\/radio-ljubuski\",\"https:\\\/\\\/www.youtube.com\\\/channel\\\/UCHYaeO_n0Db3tjNGudGpXyw\"]},{\"@type\":\"Person\",\"@id\":\"https:\\\/\\\/radioljubuski.ba\\\/#\\\/schema\\\/person\\\/19fc700381a780f69665d7956c469e3b\",\"name\":\"Radio Ljubu\u0161ki\"}]}<\/script>\n<!-- \/ Yoast SEO plugin. -->","yoast_head_json":{"title":"Meghan Markle ponovno razljutila javnost - RADIO LJUBU\u0160KI","robots":{"index":"index","follow":"follow","max-snippet":"max-snippet:-1","max-image-preview":"max-image-preview:large","max-video-preview":"max-video-preview:-1"},"canonical":"https:\/\/radioljubuski.ba\/index.php\/2022\/04\/09\/meghan-markle-ponovno-razljutila-javnost\/","og_locale":"hr_HR","og_type":"article","og_title":"Meghan Markle ponovno razljutila javnost - RADIO LJUBU\u0160KI","og_description":"Supruga princa Harryja, Meghan Markle, svojim zadnjim potezom na sebe je ponovno navukla bijes javnosti. Nakon \u0161to je najavila kako \u0107e se njezina prva serija podcasta na streaming servisu Spotify zvati&nbsp;\u201cArchetypes\u201d, odnosno u prijevodu s engleskog \u201cArhetipovi\u201d, odlu\u010dila je poku\u0161ati&nbsp;za\u0161tititi tu rije\u010d, koja se u engleskom jeziku koristi&nbsp;od 16. stolje\u0107a, a potje\u010de iz starogr\u010dkog, pi\u0161e [&hellip;]","og_url":"https:\/\/radioljubuski.ba\/index.php\/2022\/04\/09\/meghan-markle-ponovno-razljutila-javnost\/","og_site_name":"RADIO LJUBU\u0160KI","article_publisher":"https:\/\/www.facebook.com\/Radiio-Ljubuski-1490835324566332","article_published_time":"2022-04-09T22:07:53+00:00","article_modified_time":"2022-04-09T22:07:54+00:00","og_image":[{"width":810,"height":486,"url":"https:\/\/radioljubuski.ba\/wp-content\/uploads\/2022\/04\/meghan-markle.jpg","type":"image\/jpeg"}],"author":"Radio Ljubu\u0161ki","twitter_card":"summary_large_image","twitter_creator":"@radioljubuski","twitter_site":"@radioljubuski","twitter_misc":{"Napisao\/la":"Radio Ljubu\u0161ki","Procijenjeno vrijeme \u010ditanja":"1 minuta"},"schema":{"@context":"https:\/\/schema.org","@graph":[{"@type":"Article","@id":"https:\/\/radioljubuski.ba\/index.php\/2022\/04\/09\/meghan-markle-ponovno-razljutila-javnost\/#article","isPartOf":{"@id":"https:\/\/radioljubuski.ba\/index.php\/2022\/04\/09\/meghan-markle-ponovno-razljutila-javnost\/"},"author":{"name":"Radio Ljubu\u0161ki","@id":"https:\/\/radioljubuski.ba\/#\/schema\/person\/19fc700381a780f69665d7956c469e3b"},"headline":"Meghan Markle ponovno razljutila javnost","datePublished":"2022-04-09T22:07:53+00:00","dateModified":"2022-04-09T22:07:54+00:00","mainEntityOfPage":{"@id":"https:\/\/radioljubuski.ba\/index.php\/2022\/04\/09\/meghan-markle-ponovno-razljutila-javnost\/"},"wordCount":191,"publisher":{"@id":"https:\/\/radioljubuski.ba\/#organization"},"image":{"@id":"https:\/\/radioljubuski.ba\/index.php\/2022\/04\/09\/meghan-markle-ponovno-razljutila-javnost\/#primaryimage"},"thumbnailUrl":"https:\/\/radioljubuski.ba\/wp-content\/uploads\/2022\/04\/meghan-markle.jpg","articleSection":["BIH i regija"],"inLanguage":"hr"},{"@type":"WebPage","@id":"https:\/\/radioljubuski.ba\/index.php\/2022\/04\/09\/meghan-markle-ponovno-razljutila-javnost\/","url":"https:\/\/radioljubuski.ba\/index.php\/2022\/04\/09\/meghan-markle-ponovno-razljutila-javnost\/","name":"Meghan Markle ponovno razljutila javnost - RADIO LJUBU\u0160KI","isPartOf":{"@id":"https:\/\/radioljubuski.ba\/#website"},"primaryImageOfPage":{"@id":"https:\/\/radioljubuski.ba\/index.php\/2022\/04\/09\/meghan-markle-ponovno-razljutila-javnost\/#primaryimage"},"image":{"@id":"https:\/\/radioljubuski.ba\/index.php\/2022\/04\/09\/meghan-markle-ponovno-razljutila-javnost\/#primaryimage"},"thumbnailUrl":"https:\/\/radioljubuski.ba\/wp-content\/uploads\/2022\/04\/meghan-markle.jpg","datePublished":"2022-04-09T22:07:53+00:00","dateModified":"2022-04-09T22:07:54+00:00","breadcrumb":{"@id":"https:\/\/radioljubuski.ba\/index.php\/2022\/04\/09\/meghan-markle-ponovno-razljutila-javnost\/#breadcrumb"},"inLanguage":"hr","potentialAction":[{"@type":"ReadAction","target":["https:\/\/radioljubuski.ba\/index.php\/2022\/04\/09\/meghan-markle-ponovno-razljutila-javnost\/"]}]},{"@type":"ImageObject","inLanguage":"hr","@id":"https:\/\/radioljubuski.ba\/index.php\/2022\/04\/09\/meghan-markle-ponovno-razljutila-javnost\/#primaryimage","url":"https:\/\/radioljubuski.ba\/wp-content\/uploads\/2022\/04\/meghan-markle.jpg","contentUrl":"https:\/\/radioljubuski.ba\/wp-content\/uploads\/2022\/04\/meghan-markle.jpg","width":810,"height":486},{"@type":"BreadcrumbList","@id":"https:\/\/radioljubuski.ba\/index.php\/2022\/04\/09\/meghan-markle-ponovno-razljutila-javnost\/#breadcrumb","itemListElement":[{"@type":"ListItem","position":1,"name":"Po\u010detna stranica","item":"https:\/\/radioljubuski.ba\/"},{"@type":"ListItem","position":2,"name":"Meghan Markle ponovno razljutila javnost"}]},{"@type":"WebSite","@id":"https:\/\/radioljubuski.ba\/#website","url":"https:\/\/radioljubuski.ba\/","name":"Radio Ljubu\u0161ki","description":"Sun\u010dana frekvencija Hercegovine","publisher":{"@id":"https:\/\/radioljubuski.ba\/#organization"},"potentialAction":[{"@type":"SearchAction","target":{"@type":"EntryPoint","urlTemplate":"https:\/\/radioljubuski.ba\/?s={search_term_string}"},"query-input":{"@type":"PropertyValueSpecification","valueRequired":true,"valueName":"search_term_string"}}],"inLanguage":"hr"},{"@type":"Organization","@id":"https:\/\/radioljubuski.ba\/#organization","name":"Radio Ljubu\u0161ki","url":"https:\/\/radioljubuski.ba\/","logo":{"@type":"ImageObject","inLanguage":"hr","@id":"https:\/\/radioljubuski.ba\/#\/schema\/logo\/image\/","url":"https:\/\/radioljubuski.ba\/wp-content\/uploads\/2021\/02\/cropped-Radio_Ljubuski_logo1.jpg","contentUrl":"https:\/\/radioljubuski.ba\/wp-content\/uploads\/2021\/02\/cropped-Radio_Ljubuski_logo1.jpg","width":512,"height":512,"caption":"Radio Ljubu\u0161ki"},"image":{"@id":"https:\/\/radioljubuski.ba\/#\/schema\/logo\/image\/"},"sameAs":["https:\/\/www.facebook.com\/Radiio-Ljubuski-1490835324566332","https:\/\/x.com\/radioljubuski","https:\/\/hr.linkedin.com\/company\/radio-ljubuski","https:\/\/www.youtube.com\/channel\/UCHYaeO_n0Db3tjNGudGpXyw"]},{"@type":"Person","@id":"https:\/\/radioljubuski.ba\/#\/schema\/person\/19fc700381a780f69665d7956c469e3b","name":"Radio Ljubu\u0161ki"}]}},"_links":{"self":[{"href":"https:\/\/radioljubuski.ba\/index.php\/wp-json\/wp\/v2\/posts\/130901","targetHints":{"allow":["GET"]}}],"collection":[{"href":"https:\/\/radioljubuski.ba\/index.php\/wp-json\/wp\/v2\/posts"}],"about":[{"href":"https:\/\/radioljubuski.ba\/index.php\/wp-json\/wp\/v2\/types\/post"}],"author":[{"embeddable":true,"href":"https:\/\/radioljubuski.ba\/index.php\/wp-json\/wp\/v2\/users\/2"}],"replies":[{"embeddable":true,"href":"https:\/\/radioljubuski.ba\/index.php\/wp-json\/wp\/v2\/comments?post=130901"}],"version-history":[{"count":1,"href":"https:\/\/radioljubuski.ba\/index.php\/wp-json\/wp\/v2\/posts\/130901\/revisions"}],"predecessor-version":[{"id":130903,"href":"https:\/\/radioljubuski.ba\/index.php\/wp-json\/wp\/v2\/posts\/130901\/revisions\/130903"}],"wp:featuredmedia":[{"embeddable":true,"href":"https:\/\/radioljubuski.ba\/index.php\/wp-json\/wp\/v2\/media\/130902"}],"wp:attachment":[{"href":"https:\/\/radioljubuski.ba\/index.php\/wp-json\/wp\/v2\/media?parent=130901"}],"wp:term":[{"taxonomy":"category","embeddable":true,"href":"https:\/\/radioljubuski.ba\/index.php\/wp-json\/wp\/v2\/categories?post=130901"},{"taxonomy":"post_tag","embeddable":true,"href":"https:\/\/radioljubuski.ba\/index.php\/wp-json\/wp\/v2\/tags?post=130901"}],"curies":[{"name":"wp","href":"https:\/\/api.w.org\/{rel}","templated":true}]}}