{"id":130904,"date":"2022-04-09T23:08:44","date_gmt":"2022-04-09T22:08:44","guid":{"rendered":"https:\/\/radioljubuski.ba\/?p=130904"},"modified":"2022-04-09T23:08:45","modified_gmt":"2022-04-09T22:08:45","slug":"zarucili-se-ben-affleck-i-jennifer-lopez","status":"publish","type":"post","link":"https:\/\/radioljubuski.ba\/index.php\/2022\/04\/09\/zarucili-se-ben-affleck-i-jennifer-lopez\/","title":{"rendered":"Zaru\u010dili se Ben Affleck i Jennifer Lopez?"},"content":{"rendered":"\n<p><strong>Pjeva\u010dicu i glumicu Jennifer Lopez papparazi su snimili u kupovini namje\u0161taja u Los Angelesu sa svojom k\u0107eri Emme, a prsten na njezinoj ruci potaknuo je glasine da se zaru\u010dila s glumcem Benom Affleckom.<\/strong><\/p>\n\n\n\n<p>Lopez je snimljena tijekom kupovine, a na njezinoj lijevoj ruci je uo\u010den veliki dijamantni prsten. Pjeva\u010dica je dodatno potaknula glasine o zarukama jer je, kada je shvatila da je paparazzi \u010dekaju na izlasku iz trgovine, okrenula prsten, skrivaju\u0107i dijamantnu stranu prema svom dlanu, pi\u0161e Index.hr.<\/p>\n\n\n\n<p>Ako je dijamant zapravo zaru\u010dni\u010dki prsten, to bi predstavljalo druge zaruke za ovaj slavni par, koji je svoju romansu ponovo obnovio 2021. godine, nakon \u0161to je otkazao prve zaruke 2004. godine.&nbsp;Prije samo dva mjeseca, Lopez je bila na promotivnoj turneji za svoj novi film Udaj se za mene te je pri\u010dala o ponovo rasplamsaloj ljubavi s Benom Affleckom.<\/p>\n\n\n\n<h3 class=\"wp-block-heading\"><strong>Prije 18 godina su prekinuli jer im je medijska pa\u017enja bila previ\u0161e<\/strong><\/h3>\n\n\n\n<p>Filmska zvijezda rekla je Ellen DeGeneres da \u201cnikad nije mogla zamisliti\u201d da se vrati ljubavi s Benom Affleckom, ali je dodala da je \u201cto prekrasna stvar\u201d.&nbsp;\u010cinilo se da je tada imala na umu svadbena zvona jer je i na premijeri novog filma nosila vjen\u010danicu.<\/p>\n\n\n\n<p>Lopez i Affleck su prije dva desetlje\u0107a zamalo pro\u0161etali do oltara nakon \u0161to su se prvi put zaru\u010dili. Me\u0111utim, odustali su 2004. nakon \u0161to je medijska pozornost postala preveliki pritisak za par.<\/p>\n\n\n\n<p>Lopez se u lipnju 2004. udala za Marca Anthonyja s kojim je dobila dvoje djece, blizance Emme i Maxa, ro\u0111ene 2008. godine. U me\u0111uvremenu, Affleck se vjen\u010dao s Jennifer Garner u lipnju 2005. i dobio troje djece s glumicom: Violet, Seraphinu i Samuela.<\/p>\n\n\n\n<p>Me\u0111utim, Lopez i Affleck ponovo su se zaljubili u travnju 2021. nakon \u0161to je pjeva\u010dica prekinula svoje zaruke s bejzbolskom superzvijezdom Alexom Rodriguezom.<\/p>\n\n\n\n<p>\/HMS\/<\/p>\n","protected":false},"excerpt":{"rendered":"<p>Pjeva\u010dicu i glumicu Jennifer Lopez papparazi su snimili u kupovini namje\u0161taja u Los Angelesu sa svojom k\u0107eri Emme, a prsten na njezinoj ruci potaknuo je glasine da se zaru\u010dila s glumcem Benom Affleckom. Lopez je snimljena tijekom kupovine, a na njezinoj lijevoj ruci je uo\u010den veliki dijamantni prsten. Pjeva\u010dica je dodatno potaknula glasine o zarukama [&hellip;]<\/p>\n","protected":false},"author":2,"featured_media":130905,"comment_status":"closed","ping_status":"closed","sticky":false,"template":"","format":"standard","meta":{"h5ap_radio_sources":[],"footnotes":""},"categories":[1],"tags":[],"class_list":["post-130904","post","type-post","status-publish","format-standard","has-post-thumbnail","hentry","category-bihiregija"],"yoast_head":"<!-- This site is optimized with the Yoast SEO plugin v27.5 - https:\/\/yoast.com\/product\/yoast-seo-wordpress\/ -->\n<title>Zaru\u010dili se Ben Affleck i Jennifer Lopez? - RADIO LJUBU\u0160KI<\/title>\n<meta name=\"robots\" content=\"index, follow, max-snippet:-1, max-image-preview:large, max-video-preview:-1\" \/>\n<link rel=\"canonical\" href=\"https:\/\/radioljubuski.ba\/index.php\/2022\/04\/09\/zarucili-se-ben-affleck-i-jennifer-lopez\/\" \/>\n<meta property=\"og:locale\" content=\"hr_HR\" \/>\n<meta property=\"og:type\" content=\"article\" \/>\n<meta property=\"og:title\" content=\"Zaru\u010dili se Ben Affleck i Jennifer Lopez? - RADIO LJUBU\u0160KI\" \/>\n<meta property=\"og:description\" content=\"Pjeva\u010dicu i glumicu Jennifer Lopez papparazi su snimili u kupovini namje\u0161taja u Los Angelesu sa svojom k\u0107eri Emme, a prsten na njezinoj ruci potaknuo je glasine da se zaru\u010dila s glumcem Benom Affleckom. Lopez je snimljena tijekom kupovine, a na njezinoj lijevoj ruci je uo\u010den veliki dijamantni prsten. Pjeva\u010dica je dodatno potaknula glasine o zarukama [&hellip;]\" \/>\n<meta property=\"og:url\" content=\"https:\/\/radioljubuski.ba\/index.php\/2022\/04\/09\/zarucili-se-ben-affleck-i-jennifer-lopez\/\" \/>\n<meta property=\"og:site_name\" content=\"RADIO LJUBU\u0160KI\" \/>\n<meta property=\"article:publisher\" content=\"https:\/\/www.facebook.com\/Radiio-Ljubuski-1490835324566332\" \/>\n<meta property=\"article:published_time\" content=\"2022-04-09T22:08:44+00:00\" \/>\n<meta property=\"article:modified_time\" content=\"2022-04-09T22:08:45+00:00\" \/>\n<meta property=\"og:image\" content=\"https:\/\/radioljubuski.ba\/wp-content\/uploads\/2022\/04\/7a24394a-b588-4b14-bd2b-9a1c524655fd.jpg\" \/>\n\t<meta property=\"og:image:width\" content=\"765\" \/>\n\t<meta property=\"og:image:height\" content=\"402\" \/>\n\t<meta property=\"og:image:type\" content=\"image\/jpeg\" \/>\n<meta name=\"author\" content=\"Radio Ljubu\u0161ki\" \/>\n<meta name=\"twitter:card\" content=\"summary_large_image\" \/>\n<meta name=\"twitter:creator\" content=\"@radioljubuski\" \/>\n<meta name=\"twitter:site\" content=\"@radioljubuski\" \/>\n<meta name=\"twitter:label1\" content=\"Napisao\/la\" \/>\n\t<meta name=\"twitter:data1\" content=\"Radio Ljubu\u0161ki\" \/>\n\t<meta name=\"twitter:label2\" content=\"Procijenjeno vrijeme \u010ditanja\" \/>\n\t<meta name=\"twitter:data2\" content=\"2 minute\" \/>\n<script type=\"application\/ld+json\" class=\"yoast-schema-graph\">{\"@context\":\"https:\\\/\\\/schema.org\",\"@graph\":[{\"@type\":\"Article\",\"@id\":\"https:\\\/\\\/radioljubuski.ba\\\/index.php\\\/2022\\\/04\\\/09\\\/zarucili-se-ben-affleck-i-jennifer-lopez\\\/#article\",\"isPartOf\":{\"@id\":\"https:\\\/\\\/radioljubuski.ba\\\/index.php\\\/2022\\\/04\\\/09\\\/zarucili-se-ben-affleck-i-jennifer-lopez\\\/\"},\"author\":{\"name\":\"Radio Ljubu\u0161ki\",\"@id\":\"https:\\\/\\\/radioljubuski.ba\\\/#\\\/schema\\\/person\\\/19fc700381a780f69665d7956c469e3b\"},\"headline\":\"Zaru\u010dili se Ben Affleck i Jennifer Lopez?\",\"datePublished\":\"2022-04-09T22:08:44+00:00\",\"dateModified\":\"2022-04-09T22:08:45+00:00\",\"mainEntityOfPage\":{\"@id\":\"https:\\\/\\\/radioljubuski.ba\\\/index.php\\\/2022\\\/04\\\/09\\\/zarucili-se-ben-affleck-i-jennifer-lopez\\\/\"},\"wordCount\":319,\"publisher\":{\"@id\":\"https:\\\/\\\/radioljubuski.ba\\\/#organization\"},\"image\":{\"@id\":\"https:\\\/\\\/radioljubuski.ba\\\/index.php\\\/2022\\\/04\\\/09\\\/zarucili-se-ben-affleck-i-jennifer-lopez\\\/#primaryimage\"},\"thumbnailUrl\":\"https:\\\/\\\/radioljubuski.ba\\\/wp-content\\\/uploads\\\/2022\\\/04\\\/7a24394a-b588-4b14-bd2b-9a1c524655fd.jpg\",\"articleSection\":[\"BIH i regija\"],\"inLanguage\":\"hr\"},{\"@type\":\"WebPage\",\"@id\":\"https:\\\/\\\/radioljubuski.ba\\\/index.php\\\/2022\\\/04\\\/09\\\/zarucili-se-ben-affleck-i-jennifer-lopez\\\/\",\"url\":\"https:\\\/\\\/radioljubuski.ba\\\/index.php\\\/2022\\\/04\\\/09\\\/zarucili-se-ben-affleck-i-jennifer-lopez\\\/\",\"name\":\"Zaru\u010dili se Ben Affleck i Jennifer Lopez? - RADIO LJUBU\u0160KI\",\"isPartOf\":{\"@id\":\"https:\\\/\\\/radioljubuski.ba\\\/#website\"},\"primaryImageOfPage\":{\"@id\":\"https:\\\/\\\/radioljubuski.ba\\\/index.php\\\/2022\\\/04\\\/09\\\/zarucili-se-ben-affleck-i-jennifer-lopez\\\/#primaryimage\"},\"image\":{\"@id\":\"https:\\\/\\\/radioljubuski.ba\\\/index.php\\\/2022\\\/04\\\/09\\\/zarucili-se-ben-affleck-i-jennifer-lopez\\\/#primaryimage\"},\"thumbnailUrl\":\"https:\\\/\\\/radioljubuski.ba\\\/wp-content\\\/uploads\\\/2022\\\/04\\\/7a24394a-b588-4b14-bd2b-9a1c524655fd.jpg\",\"datePublished\":\"2022-04-09T22:08:44+00:00\",\"dateModified\":\"2022-04-09T22:08:45+00:00\",\"breadcrumb\":{\"@id\":\"https:\\\/\\\/radioljubuski.ba\\\/index.php\\\/2022\\\/04\\\/09\\\/zarucili-se-ben-affleck-i-jennifer-lopez\\\/#breadcrumb\"},\"inLanguage\":\"hr\",\"potentialAction\":[{\"@type\":\"ReadAction\",\"target\":[\"https:\\\/\\\/radioljubuski.ba\\\/index.php\\\/2022\\\/04\\\/09\\\/zarucili-se-ben-affleck-i-jennifer-lopez\\\/\"]}]},{\"@type\":\"ImageObject\",\"inLanguage\":\"hr\",\"@id\":\"https:\\\/\\\/radioljubuski.ba\\\/index.php\\\/2022\\\/04\\\/09\\\/zarucili-se-ben-affleck-i-jennifer-lopez\\\/#primaryimage\",\"url\":\"https:\\\/\\\/radioljubuski.ba\\\/wp-content\\\/uploads\\\/2022\\\/04\\\/7a24394a-b588-4b14-bd2b-9a1c524655fd.jpg\",\"contentUrl\":\"https:\\\/\\\/radioljubuski.ba\\\/wp-content\\\/uploads\\\/2022\\\/04\\\/7a24394a-b588-4b14-bd2b-9a1c524655fd.jpg\",\"width\":765,\"height\":402},{\"@type\":\"BreadcrumbList\",\"@id\":\"https:\\\/\\\/radioljubuski.ba\\\/index.php\\\/2022\\\/04\\\/09\\\/zarucili-se-ben-affleck-i-jennifer-lopez\\\/#breadcrumb\",\"itemListElement\":[{\"@type\":\"ListItem\",\"position\":1,\"name\":\"Po\u010detna stranica\",\"item\":\"https:\\\/\\\/radioljubuski.ba\\\/\"},{\"@type\":\"ListItem\",\"position\":2,\"name\":\"Zaru\u010dili se Ben Affleck i Jennifer Lopez?\"}]},{\"@type\":\"WebSite\",\"@id\":\"https:\\\/\\\/radioljubuski.ba\\\/#website\",\"url\":\"https:\\\/\\\/radioljubuski.ba\\\/\",\"name\":\"Radio Ljubu\u0161ki\",\"description\":\"Sun\u010dana frekvencija Hercegovine\",\"publisher\":{\"@id\":\"https:\\\/\\\/radioljubuski.ba\\\/#organization\"},\"potentialAction\":[{\"@type\":\"SearchAction\",\"target\":{\"@type\":\"EntryPoint\",\"urlTemplate\":\"https:\\\/\\\/radioljubuski.ba\\\/?s={search_term_string}\"},\"query-input\":{\"@type\":\"PropertyValueSpecification\",\"valueRequired\":true,\"valueName\":\"search_term_string\"}}],\"inLanguage\":\"hr\"},{\"@type\":\"Organization\",\"@id\":\"https:\\\/\\\/radioljubuski.ba\\\/#organization\",\"name\":\"Radio Ljubu\u0161ki\",\"url\":\"https:\\\/\\\/radioljubuski.ba\\\/\",\"logo\":{\"@type\":\"ImageObject\",\"inLanguage\":\"hr\",\"@id\":\"https:\\\/\\\/radioljubuski.ba\\\/#\\\/schema\\\/logo\\\/image\\\/\",\"url\":\"https:\\\/\\\/radioljubuski.ba\\\/wp-content\\\/uploads\\\/2021\\\/02\\\/cropped-Radio_Ljubuski_logo1.jpg\",\"contentUrl\":\"https:\\\/\\\/radioljubuski.ba\\\/wp-content\\\/uploads\\\/2021\\\/02\\\/cropped-Radio_Ljubuski_logo1.jpg\",\"width\":512,\"height\":512,\"caption\":\"Radio Ljubu\u0161ki\"},\"image\":{\"@id\":\"https:\\\/\\\/radioljubuski.ba\\\/#\\\/schema\\\/logo\\\/image\\\/\"},\"sameAs\":[\"https:\\\/\\\/www.facebook.com\\\/Radiio-Ljubuski-1490835324566332\",\"https:\\\/\\\/x.com\\\/radioljubuski\",\"https:\\\/\\\/hr.linkedin.com\\\/company\\\/radio-ljubuski\",\"https:\\\/\\\/www.youtube.com\\\/channel\\\/UCHYaeO_n0Db3tjNGudGpXyw\"]},{\"@type\":\"Person\",\"@id\":\"https:\\\/\\\/radioljubuski.ba\\\/#\\\/schema\\\/person\\\/19fc700381a780f69665d7956c469e3b\",\"name\":\"Radio Ljubu\u0161ki\"}]}<\/script>\n<!-- \/ Yoast SEO plugin. -->","yoast_head_json":{"title":"Zaru\u010dili se Ben Affleck i Jennifer Lopez? - RADIO LJUBU\u0160KI","robots":{"index":"index","follow":"follow","max-snippet":"max-snippet:-1","max-image-preview":"max-image-preview:large","max-video-preview":"max-video-preview:-1"},"canonical":"https:\/\/radioljubuski.ba\/index.php\/2022\/04\/09\/zarucili-se-ben-affleck-i-jennifer-lopez\/","og_locale":"hr_HR","og_type":"article","og_title":"Zaru\u010dili se Ben Affleck i Jennifer Lopez? - RADIO LJUBU\u0160KI","og_description":"Pjeva\u010dicu i glumicu Jennifer Lopez papparazi su snimili u kupovini namje\u0161taja u Los Angelesu sa svojom k\u0107eri Emme, a prsten na njezinoj ruci potaknuo je glasine da se zaru\u010dila s glumcem Benom Affleckom. Lopez je snimljena tijekom kupovine, a na njezinoj lijevoj ruci je uo\u010den veliki dijamantni prsten. Pjeva\u010dica je dodatno potaknula glasine o zarukama [&hellip;]","og_url":"https:\/\/radioljubuski.ba\/index.php\/2022\/04\/09\/zarucili-se-ben-affleck-i-jennifer-lopez\/","og_site_name":"RADIO LJUBU\u0160KI","article_publisher":"https:\/\/www.facebook.com\/Radiio-Ljubuski-1490835324566332","article_published_time":"2022-04-09T22:08:44+00:00","article_modified_time":"2022-04-09T22:08:45+00:00","og_image":[{"width":765,"height":402,"url":"https:\/\/radioljubuski.ba\/wp-content\/uploads\/2022\/04\/7a24394a-b588-4b14-bd2b-9a1c524655fd.jpg","type":"image\/jpeg"}],"author":"Radio Ljubu\u0161ki","twitter_card":"summary_large_image","twitter_creator":"@radioljubuski","twitter_site":"@radioljubuski","twitter_misc":{"Napisao\/la":"Radio Ljubu\u0161ki","Procijenjeno vrijeme \u010ditanja":"2 minute"},"schema":{"@context":"https:\/\/schema.org","@graph":[{"@type":"Article","@id":"https:\/\/radioljubuski.ba\/index.php\/2022\/04\/09\/zarucili-se-ben-affleck-i-jennifer-lopez\/#article","isPartOf":{"@id":"https:\/\/radioljubuski.ba\/index.php\/2022\/04\/09\/zarucili-se-ben-affleck-i-jennifer-lopez\/"},"author":{"name":"Radio Ljubu\u0161ki","@id":"https:\/\/radioljubuski.ba\/#\/schema\/person\/19fc700381a780f69665d7956c469e3b"},"headline":"Zaru\u010dili se Ben Affleck i Jennifer Lopez?","datePublished":"2022-04-09T22:08:44+00:00","dateModified":"2022-04-09T22:08:45+00:00","mainEntityOfPage":{"@id":"https:\/\/radioljubuski.ba\/index.php\/2022\/04\/09\/zarucili-se-ben-affleck-i-jennifer-lopez\/"},"wordCount":319,"publisher":{"@id":"https:\/\/radioljubuski.ba\/#organization"},"image":{"@id":"https:\/\/radioljubuski.ba\/index.php\/2022\/04\/09\/zarucili-se-ben-affleck-i-jennifer-lopez\/#primaryimage"},"thumbnailUrl":"https:\/\/radioljubuski.ba\/wp-content\/uploads\/2022\/04\/7a24394a-b588-4b14-bd2b-9a1c524655fd.jpg","articleSection":["BIH i regija"],"inLanguage":"hr"},{"@type":"WebPage","@id":"https:\/\/radioljubuski.ba\/index.php\/2022\/04\/09\/zarucili-se-ben-affleck-i-jennifer-lopez\/","url":"https:\/\/radioljubuski.ba\/index.php\/2022\/04\/09\/zarucili-se-ben-affleck-i-jennifer-lopez\/","name":"Zaru\u010dili se Ben Affleck i Jennifer Lopez? - RADIO LJUBU\u0160KI","isPartOf":{"@id":"https:\/\/radioljubuski.ba\/#website"},"primaryImageOfPage":{"@id":"https:\/\/radioljubuski.ba\/index.php\/2022\/04\/09\/zarucili-se-ben-affleck-i-jennifer-lopez\/#primaryimage"},"image":{"@id":"https:\/\/radioljubuski.ba\/index.php\/2022\/04\/09\/zarucili-se-ben-affleck-i-jennifer-lopez\/#primaryimage"},"thumbnailUrl":"https:\/\/radioljubuski.ba\/wp-content\/uploads\/2022\/04\/7a24394a-b588-4b14-bd2b-9a1c524655fd.jpg","datePublished":"2022-04-09T22:08:44+00:00","dateModified":"2022-04-09T22:08:45+00:00","breadcrumb":{"@id":"https:\/\/radioljubuski.ba\/index.php\/2022\/04\/09\/zarucili-se-ben-affleck-i-jennifer-lopez\/#breadcrumb"},"inLanguage":"hr","potentialAction":[{"@type":"ReadAction","target":["https:\/\/radioljubuski.ba\/index.php\/2022\/04\/09\/zarucili-se-ben-affleck-i-jennifer-lopez\/"]}]},{"@type":"ImageObject","inLanguage":"hr","@id":"https:\/\/radioljubuski.ba\/index.php\/2022\/04\/09\/zarucili-se-ben-affleck-i-jennifer-lopez\/#primaryimage","url":"https:\/\/radioljubuski.ba\/wp-content\/uploads\/2022\/04\/7a24394a-b588-4b14-bd2b-9a1c524655fd.jpg","contentUrl":"https:\/\/radioljubuski.ba\/wp-content\/uploads\/2022\/04\/7a24394a-b588-4b14-bd2b-9a1c524655fd.jpg","width":765,"height":402},{"@type":"BreadcrumbList","@id":"https:\/\/radioljubuski.ba\/index.php\/2022\/04\/09\/zarucili-se-ben-affleck-i-jennifer-lopez\/#breadcrumb","itemListElement":[{"@type":"ListItem","position":1,"name":"Po\u010detna stranica","item":"https:\/\/radioljubuski.ba\/"},{"@type":"ListItem","position":2,"name":"Zaru\u010dili se Ben Affleck i Jennifer Lopez?"}]},{"@type":"WebSite","@id":"https:\/\/radioljubuski.ba\/#website","url":"https:\/\/radioljubuski.ba\/","name":"Radio Ljubu\u0161ki","description":"Sun\u010dana frekvencija Hercegovine","publisher":{"@id":"https:\/\/radioljubuski.ba\/#organization"},"potentialAction":[{"@type":"SearchAction","target":{"@type":"EntryPoint","urlTemplate":"https:\/\/radioljubuski.ba\/?s={search_term_string}"},"query-input":{"@type":"PropertyValueSpecification","valueRequired":true,"valueName":"search_term_string"}}],"inLanguage":"hr"},{"@type":"Organization","@id":"https:\/\/radioljubuski.ba\/#organization","name":"Radio Ljubu\u0161ki","url":"https:\/\/radioljubuski.ba\/","logo":{"@type":"ImageObject","inLanguage":"hr","@id":"https:\/\/radioljubuski.ba\/#\/schema\/logo\/image\/","url":"https:\/\/radioljubuski.ba\/wp-content\/uploads\/2021\/02\/cropped-Radio_Ljubuski_logo1.jpg","contentUrl":"https:\/\/radioljubuski.ba\/wp-content\/uploads\/2021\/02\/cropped-Radio_Ljubuski_logo1.jpg","width":512,"height":512,"caption":"Radio Ljubu\u0161ki"},"image":{"@id":"https:\/\/radioljubuski.ba\/#\/schema\/logo\/image\/"},"sameAs":["https:\/\/www.facebook.com\/Radiio-Ljubuski-1490835324566332","https:\/\/x.com\/radioljubuski","https:\/\/hr.linkedin.com\/company\/radio-ljubuski","https:\/\/www.youtube.com\/channel\/UCHYaeO_n0Db3tjNGudGpXyw"]},{"@type":"Person","@id":"https:\/\/radioljubuski.ba\/#\/schema\/person\/19fc700381a780f69665d7956c469e3b","name":"Radio Ljubu\u0161ki"}]}},"_links":{"self":[{"href":"https:\/\/radioljubuski.ba\/index.php\/wp-json\/wp\/v2\/posts\/130904","targetHints":{"allow":["GET"]}}],"collection":[{"href":"https:\/\/radioljubuski.ba\/index.php\/wp-json\/wp\/v2\/posts"}],"about":[{"href":"https:\/\/radioljubuski.ba\/index.php\/wp-json\/wp\/v2\/types\/post"}],"author":[{"embeddable":true,"href":"https:\/\/radioljubuski.ba\/index.php\/wp-json\/wp\/v2\/users\/2"}],"replies":[{"embeddable":true,"href":"https:\/\/radioljubuski.ba\/index.php\/wp-json\/wp\/v2\/comments?post=130904"}],"version-history":[{"count":1,"href":"https:\/\/radioljubuski.ba\/index.php\/wp-json\/wp\/v2\/posts\/130904\/revisions"}],"predecessor-version":[{"id":130906,"href":"https:\/\/radioljubuski.ba\/index.php\/wp-json\/wp\/v2\/posts\/130904\/revisions\/130906"}],"wp:featuredmedia":[{"embeddable":true,"href":"https:\/\/radioljubuski.ba\/index.php\/wp-json\/wp\/v2\/media\/130905"}],"wp:attachment":[{"href":"https:\/\/radioljubuski.ba\/index.php\/wp-json\/wp\/v2\/media?parent=130904"}],"wp:term":[{"taxonomy":"category","embeddable":true,"href":"https:\/\/radioljubuski.ba\/index.php\/wp-json\/wp\/v2\/categories?post=130904"},{"taxonomy":"post_tag","embeddable":true,"href":"https:\/\/radioljubuski.ba\/index.php\/wp-json\/wp\/v2\/tags?post=130904"}],"curies":[{"name":"wp","href":"https:\/\/api.w.org\/{rel}","templated":true}]}}