{"id":130927,"date":"2022-04-10T01:12:39","date_gmt":"2022-04-10T00:12:39","guid":{"rendered":"https:\/\/radioljubuski.ba\/?p=130927"},"modified":"2022-04-10T01:12:41","modified_gmt":"2022-04-10T00:12:41","slug":"tragedija-u-nfl-u-igraca-udario-automobil-preminuo-od-ozljeda","status":"publish","type":"post","link":"https:\/\/radioljubuski.ba\/index.php\/2022\/04\/10\/tragedija-u-nfl-u-igraca-udario-automobil-preminuo-od-ozljeda\/","title":{"rendered":"Tragedija u NFL-u: Igra\u010da udario automobil, preminuo od ozljeda"},"content":{"rendered":"\n<p>Dwayne Haskins, nekada\u0161nja zvijezda Ohio Statea, quarterback koji je bio prvi pick Washingtona 2019. godine, preminuo je u dobi od 24 godine.<\/p>\n\n\n\n<p>Haskins je podlijegao ozljedama nakon \u0161to ga je udario osobni automobil na Floridi u ranim jutarnjim satima po lokalnom vremenu, saznaje ESPN, prenose 24sata.<\/p>\n\n\n\n<blockquote class=\"twitter-tweet\"><p lang=\"en\" dir=\"ltr\">Dwayne Haskins, an Ohio State standout and NFL QB, died Saturday morning in a car accident in South Florida, agent Cedric Saunders told <a href=\"https:\/\/twitter.com\/AdamSchefter?ref_src=twsrc%5Etfw\">@AdamSchefter<\/a>. <a href=\"https:\/\/t.co\/9kWEcEDafQ\">pic.twitter.com\/9kWEcEDafQ<\/a><\/p>&mdash; ESPN (@espn) <a href=\"https:\/\/twitter.com\/espn\/status\/1512809922295209989?ref_src=twsrc%5Etfw\">April 9, 2022<\/a><\/blockquote> <script async src=\"https:\/\/platform.twitter.com\/widgets.js\" charset=\"utf-8\"><\/script>\n\n\n\n<p>Vrlo mlad postao je zvijezda pa je u Ohio Stateu proveo tek jednu sezonu postav\u0161i jedan od najboljih igra\u010da sveu\u010dili\u0161nog ameri\u010dkog nogometa sru\u0161iv\u0161i nekolicinu rekorda.<\/p>\n\n\n\n<p>Na ra\u010dun sjajne sezone u NFL je stigao kao prvi pick Washington Commandersa s tim da je te 2019. godine ukupno bio 15. pick cijelog drafta. Potonju rookie sezonu se dosta mu\u010dio i Washington ga je tijekom idu\u0107e, njegove druge u NFL-u, odlu\u010dio razrije\u0161iti ugovora.<\/p>\n\n\n\n<p>A priliku su iskoristili Pittsburgh Steelersi i doveli ga 2021. godine iako za \u0161esterostrukog osvaja\u010da Super Bowla nije slu\u017ebeno zaigrao. Steelersi su najavljivali da bi Haskins upravo ove sezone mogao dobiti zna\u010dajniju priliku, no na\u017ealost ju nikada ne\u0107e mo\u0107i iskoristiti.<\/p>\n\n\n\n<p>Mladi quarterback u Floridi je bio na pripremama uo\u010di po\u010detka sezone, zajedno s jo\u0161 nekoliko suigra\u010da iz Pittsburgha.<\/p>\n\n\n\n<p>Izvor:24sata.hr<\/p>\n","protected":false},"excerpt":{"rendered":"<p>Dwayne Haskins, nekada\u0161nja zvijezda Ohio Statea, quarterback koji je bio prvi pick Washingtona 2019. godine, preminuo je u dobi od 24 godine. Haskins je podlijegao ozljedama nakon \u0161to ga je udario osobni automobil na Floridi u ranim jutarnjim satima po lokalnom vremenu, saznaje ESPN, prenose 24sata. Dwayne Haskins, an Ohio State standout and NFL QB, [&hellip;]<\/p>\n","protected":false},"author":2,"featured_media":130928,"comment_status":"closed","ping_status":"closed","sticky":false,"template":"","format":"standard","meta":{"h5ap_radio_sources":[],"footnotes":""},"categories":[7],"tags":[],"class_list":["post-130927","post","type-post","status-publish","format-standard","has-post-thumbnail","hentry","category-sport"],"yoast_head":"<!-- This site is optimized with the Yoast SEO plugin v27.5 - https:\/\/yoast.com\/product\/yoast-seo-wordpress\/ -->\n<title>Tragedija u NFL-u: Igra\u010da udario automobil, preminuo od ozljeda - RADIO LJUBU\u0160KI<\/title>\n<meta name=\"robots\" content=\"index, follow, max-snippet:-1, max-image-preview:large, max-video-preview:-1\" \/>\n<link rel=\"canonical\" href=\"https:\/\/radioljubuski.ba\/index.php\/2022\/04\/10\/tragedija-u-nfl-u-igraca-udario-automobil-preminuo-od-ozljeda\/\" \/>\n<meta property=\"og:locale\" content=\"hr_HR\" \/>\n<meta property=\"og:type\" content=\"article\" \/>\n<meta property=\"og:title\" content=\"Tragedija u NFL-u: Igra\u010da udario automobil, preminuo od ozljeda - RADIO LJUBU\u0160KI\" \/>\n<meta property=\"og:description\" content=\"Dwayne Haskins, nekada\u0161nja zvijezda Ohio Statea, quarterback koji je bio prvi pick Washingtona 2019. godine, preminuo je u dobi od 24 godine. Haskins je podlijegao ozljedama nakon \u0161to ga je udario osobni automobil na Floridi u ranim jutarnjim satima po lokalnom vremenu, saznaje ESPN, prenose 24sata. Dwayne Haskins, an Ohio State standout and NFL QB, [&hellip;]\" \/>\n<meta property=\"og:url\" content=\"https:\/\/radioljubuski.ba\/index.php\/2022\/04\/10\/tragedija-u-nfl-u-igraca-udario-automobil-preminuo-od-ozljeda\/\" \/>\n<meta property=\"og:site_name\" content=\"RADIO LJUBU\u0160KI\" \/>\n<meta property=\"article:publisher\" content=\"https:\/\/www.facebook.com\/Radiio-Ljubuski-1490835324566332\" \/>\n<meta property=\"article:published_time\" content=\"2022-04-10T00:12:39+00:00\" \/>\n<meta property=\"article:modified_time\" content=\"2022-04-10T00:12:41+00:00\" \/>\n<meta property=\"og:image\" content=\"https:\/\/radioljubuski.ba\/wp-content\/uploads\/2022\/04\/FP6UmomWYAwYolI.jpg\" \/>\n\t<meta property=\"og:image:width\" content=\"544\" \/>\n\t<meta property=\"og:image:height\" content=\"680\" \/>\n\t<meta property=\"og:image:type\" content=\"image\/jpeg\" \/>\n<meta name=\"author\" content=\"Radio Ljubu\u0161ki\" \/>\n<meta name=\"twitter:card\" content=\"summary_large_image\" \/>\n<meta name=\"twitter:creator\" content=\"@radioljubuski\" \/>\n<meta name=\"twitter:site\" content=\"@radioljubuski\" \/>\n<meta name=\"twitter:label1\" content=\"Napisao\/la\" \/>\n\t<meta name=\"twitter:data1\" content=\"Radio Ljubu\u0161ki\" \/>\n\t<meta name=\"twitter:label2\" content=\"Procijenjeno vrijeme \u010ditanja\" \/>\n\t<meta name=\"twitter:data2\" content=\"1 minuta\" \/>\n<script type=\"application\/ld+json\" class=\"yoast-schema-graph\">{\"@context\":\"https:\\\/\\\/schema.org\",\"@graph\":[{\"@type\":\"Article\",\"@id\":\"https:\\\/\\\/radioljubuski.ba\\\/index.php\\\/2022\\\/04\\\/10\\\/tragedija-u-nfl-u-igraca-udario-automobil-preminuo-od-ozljeda\\\/#article\",\"isPartOf\":{\"@id\":\"https:\\\/\\\/radioljubuski.ba\\\/index.php\\\/2022\\\/04\\\/10\\\/tragedija-u-nfl-u-igraca-udario-automobil-preminuo-od-ozljeda\\\/\"},\"author\":{\"name\":\"Radio Ljubu\u0161ki\",\"@id\":\"https:\\\/\\\/radioljubuski.ba\\\/#\\\/schema\\\/person\\\/19fc700381a780f69665d7956c469e3b\"},\"headline\":\"Tragedija u NFL-u: Igra\u010da udario automobil, preminuo od ozljeda\",\"datePublished\":\"2022-04-10T00:12:39+00:00\",\"dateModified\":\"2022-04-10T00:12:41+00:00\",\"mainEntityOfPage\":{\"@id\":\"https:\\\/\\\/radioljubuski.ba\\\/index.php\\\/2022\\\/04\\\/10\\\/tragedija-u-nfl-u-igraca-udario-automobil-preminuo-od-ozljeda\\\/\"},\"wordCount\":236,\"publisher\":{\"@id\":\"https:\\\/\\\/radioljubuski.ba\\\/#organization\"},\"image\":{\"@id\":\"https:\\\/\\\/radioljubuski.ba\\\/index.php\\\/2022\\\/04\\\/10\\\/tragedija-u-nfl-u-igraca-udario-automobil-preminuo-od-ozljeda\\\/#primaryimage\"},\"thumbnailUrl\":\"https:\\\/\\\/radioljubuski.ba\\\/wp-content\\\/uploads\\\/2022\\\/04\\\/FP6UmomWYAwYolI.jpg\",\"articleSection\":[\"\u0160port\"],\"inLanguage\":\"hr\"},{\"@type\":\"WebPage\",\"@id\":\"https:\\\/\\\/radioljubuski.ba\\\/index.php\\\/2022\\\/04\\\/10\\\/tragedija-u-nfl-u-igraca-udario-automobil-preminuo-od-ozljeda\\\/\",\"url\":\"https:\\\/\\\/radioljubuski.ba\\\/index.php\\\/2022\\\/04\\\/10\\\/tragedija-u-nfl-u-igraca-udario-automobil-preminuo-od-ozljeda\\\/\",\"name\":\"Tragedija u NFL-u: Igra\u010da udario automobil, preminuo od ozljeda - RADIO LJUBU\u0160KI\",\"isPartOf\":{\"@id\":\"https:\\\/\\\/radioljubuski.ba\\\/#website\"},\"primaryImageOfPage\":{\"@id\":\"https:\\\/\\\/radioljubuski.ba\\\/index.php\\\/2022\\\/04\\\/10\\\/tragedija-u-nfl-u-igraca-udario-automobil-preminuo-od-ozljeda\\\/#primaryimage\"},\"image\":{\"@id\":\"https:\\\/\\\/radioljubuski.ba\\\/index.php\\\/2022\\\/04\\\/10\\\/tragedija-u-nfl-u-igraca-udario-automobil-preminuo-od-ozljeda\\\/#primaryimage\"},\"thumbnailUrl\":\"https:\\\/\\\/radioljubuski.ba\\\/wp-content\\\/uploads\\\/2022\\\/04\\\/FP6UmomWYAwYolI.jpg\",\"datePublished\":\"2022-04-10T00:12:39+00:00\",\"dateModified\":\"2022-04-10T00:12:41+00:00\",\"breadcrumb\":{\"@id\":\"https:\\\/\\\/radioljubuski.ba\\\/index.php\\\/2022\\\/04\\\/10\\\/tragedija-u-nfl-u-igraca-udario-automobil-preminuo-od-ozljeda\\\/#breadcrumb\"},\"inLanguage\":\"hr\",\"potentialAction\":[{\"@type\":\"ReadAction\",\"target\":[\"https:\\\/\\\/radioljubuski.ba\\\/index.php\\\/2022\\\/04\\\/10\\\/tragedija-u-nfl-u-igraca-udario-automobil-preminuo-od-ozljeda\\\/\"]}]},{\"@type\":\"ImageObject\",\"inLanguage\":\"hr\",\"@id\":\"https:\\\/\\\/radioljubuski.ba\\\/index.php\\\/2022\\\/04\\\/10\\\/tragedija-u-nfl-u-igraca-udario-automobil-preminuo-od-ozljeda\\\/#primaryimage\",\"url\":\"https:\\\/\\\/radioljubuski.ba\\\/wp-content\\\/uploads\\\/2022\\\/04\\\/FP6UmomWYAwYolI.jpg\",\"contentUrl\":\"https:\\\/\\\/radioljubuski.ba\\\/wp-content\\\/uploads\\\/2022\\\/04\\\/FP6UmomWYAwYolI.jpg\",\"width\":544,\"height\":680},{\"@type\":\"BreadcrumbList\",\"@id\":\"https:\\\/\\\/radioljubuski.ba\\\/index.php\\\/2022\\\/04\\\/10\\\/tragedija-u-nfl-u-igraca-udario-automobil-preminuo-od-ozljeda\\\/#breadcrumb\",\"itemListElement\":[{\"@type\":\"ListItem\",\"position\":1,\"name\":\"Po\u010detna stranica\",\"item\":\"https:\\\/\\\/radioljubuski.ba\\\/\"},{\"@type\":\"ListItem\",\"position\":2,\"name\":\"Tragedija u NFL-u: Igra\u010da udario automobil, preminuo od ozljeda\"}]},{\"@type\":\"WebSite\",\"@id\":\"https:\\\/\\\/radioljubuski.ba\\\/#website\",\"url\":\"https:\\\/\\\/radioljubuski.ba\\\/\",\"name\":\"Radio Ljubu\u0161ki\",\"description\":\"Sun\u010dana frekvencija Hercegovine\",\"publisher\":{\"@id\":\"https:\\\/\\\/radioljubuski.ba\\\/#organization\"},\"potentialAction\":[{\"@type\":\"SearchAction\",\"target\":{\"@type\":\"EntryPoint\",\"urlTemplate\":\"https:\\\/\\\/radioljubuski.ba\\\/?s={search_term_string}\"},\"query-input\":{\"@type\":\"PropertyValueSpecification\",\"valueRequired\":true,\"valueName\":\"search_term_string\"}}],\"inLanguage\":\"hr\"},{\"@type\":\"Organization\",\"@id\":\"https:\\\/\\\/radioljubuski.ba\\\/#organization\",\"name\":\"Radio Ljubu\u0161ki\",\"url\":\"https:\\\/\\\/radioljubuski.ba\\\/\",\"logo\":{\"@type\":\"ImageObject\",\"inLanguage\":\"hr\",\"@id\":\"https:\\\/\\\/radioljubuski.ba\\\/#\\\/schema\\\/logo\\\/image\\\/\",\"url\":\"https:\\\/\\\/radioljubuski.ba\\\/wp-content\\\/uploads\\\/2021\\\/02\\\/cropped-Radio_Ljubuski_logo1.jpg\",\"contentUrl\":\"https:\\\/\\\/radioljubuski.ba\\\/wp-content\\\/uploads\\\/2021\\\/02\\\/cropped-Radio_Ljubuski_logo1.jpg\",\"width\":512,\"height\":512,\"caption\":\"Radio Ljubu\u0161ki\"},\"image\":{\"@id\":\"https:\\\/\\\/radioljubuski.ba\\\/#\\\/schema\\\/logo\\\/image\\\/\"},\"sameAs\":[\"https:\\\/\\\/www.facebook.com\\\/Radiio-Ljubuski-1490835324566332\",\"https:\\\/\\\/x.com\\\/radioljubuski\",\"https:\\\/\\\/hr.linkedin.com\\\/company\\\/radio-ljubuski\",\"https:\\\/\\\/www.youtube.com\\\/channel\\\/UCHYaeO_n0Db3tjNGudGpXyw\"]},{\"@type\":\"Person\",\"@id\":\"https:\\\/\\\/radioljubuski.ba\\\/#\\\/schema\\\/person\\\/19fc700381a780f69665d7956c469e3b\",\"name\":\"Radio Ljubu\u0161ki\"}]}<\/script>\n<!-- \/ Yoast SEO plugin. -->","yoast_head_json":{"title":"Tragedija u NFL-u: Igra\u010da udario automobil, preminuo od ozljeda - RADIO LJUBU\u0160KI","robots":{"index":"index","follow":"follow","max-snippet":"max-snippet:-1","max-image-preview":"max-image-preview:large","max-video-preview":"max-video-preview:-1"},"canonical":"https:\/\/radioljubuski.ba\/index.php\/2022\/04\/10\/tragedija-u-nfl-u-igraca-udario-automobil-preminuo-od-ozljeda\/","og_locale":"hr_HR","og_type":"article","og_title":"Tragedija u NFL-u: Igra\u010da udario automobil, preminuo od ozljeda - RADIO LJUBU\u0160KI","og_description":"Dwayne Haskins, nekada\u0161nja zvijezda Ohio Statea, quarterback koji je bio prvi pick Washingtona 2019. godine, preminuo je u dobi od 24 godine. Haskins je podlijegao ozljedama nakon \u0161to ga je udario osobni automobil na Floridi u ranim jutarnjim satima po lokalnom vremenu, saznaje ESPN, prenose 24sata. Dwayne Haskins, an Ohio State standout and NFL QB, [&hellip;]","og_url":"https:\/\/radioljubuski.ba\/index.php\/2022\/04\/10\/tragedija-u-nfl-u-igraca-udario-automobil-preminuo-od-ozljeda\/","og_site_name":"RADIO LJUBU\u0160KI","article_publisher":"https:\/\/www.facebook.com\/Radiio-Ljubuski-1490835324566332","article_published_time":"2022-04-10T00:12:39+00:00","article_modified_time":"2022-04-10T00:12:41+00:00","og_image":[{"width":544,"height":680,"url":"https:\/\/radioljubuski.ba\/wp-content\/uploads\/2022\/04\/FP6UmomWYAwYolI.jpg","type":"image\/jpeg"}],"author":"Radio Ljubu\u0161ki","twitter_card":"summary_large_image","twitter_creator":"@radioljubuski","twitter_site":"@radioljubuski","twitter_misc":{"Napisao\/la":"Radio Ljubu\u0161ki","Procijenjeno vrijeme \u010ditanja":"1 minuta"},"schema":{"@context":"https:\/\/schema.org","@graph":[{"@type":"Article","@id":"https:\/\/radioljubuski.ba\/index.php\/2022\/04\/10\/tragedija-u-nfl-u-igraca-udario-automobil-preminuo-od-ozljeda\/#article","isPartOf":{"@id":"https:\/\/radioljubuski.ba\/index.php\/2022\/04\/10\/tragedija-u-nfl-u-igraca-udario-automobil-preminuo-od-ozljeda\/"},"author":{"name":"Radio Ljubu\u0161ki","@id":"https:\/\/radioljubuski.ba\/#\/schema\/person\/19fc700381a780f69665d7956c469e3b"},"headline":"Tragedija u NFL-u: Igra\u010da udario automobil, preminuo od ozljeda","datePublished":"2022-04-10T00:12:39+00:00","dateModified":"2022-04-10T00:12:41+00:00","mainEntityOfPage":{"@id":"https:\/\/radioljubuski.ba\/index.php\/2022\/04\/10\/tragedija-u-nfl-u-igraca-udario-automobil-preminuo-od-ozljeda\/"},"wordCount":236,"publisher":{"@id":"https:\/\/radioljubuski.ba\/#organization"},"image":{"@id":"https:\/\/radioljubuski.ba\/index.php\/2022\/04\/10\/tragedija-u-nfl-u-igraca-udario-automobil-preminuo-od-ozljeda\/#primaryimage"},"thumbnailUrl":"https:\/\/radioljubuski.ba\/wp-content\/uploads\/2022\/04\/FP6UmomWYAwYolI.jpg","articleSection":["\u0160port"],"inLanguage":"hr"},{"@type":"WebPage","@id":"https:\/\/radioljubuski.ba\/index.php\/2022\/04\/10\/tragedija-u-nfl-u-igraca-udario-automobil-preminuo-od-ozljeda\/","url":"https:\/\/radioljubuski.ba\/index.php\/2022\/04\/10\/tragedija-u-nfl-u-igraca-udario-automobil-preminuo-od-ozljeda\/","name":"Tragedija u NFL-u: Igra\u010da udario automobil, preminuo od ozljeda - RADIO LJUBU\u0160KI","isPartOf":{"@id":"https:\/\/radioljubuski.ba\/#website"},"primaryImageOfPage":{"@id":"https:\/\/radioljubuski.ba\/index.php\/2022\/04\/10\/tragedija-u-nfl-u-igraca-udario-automobil-preminuo-od-ozljeda\/#primaryimage"},"image":{"@id":"https:\/\/radioljubuski.ba\/index.php\/2022\/04\/10\/tragedija-u-nfl-u-igraca-udario-automobil-preminuo-od-ozljeda\/#primaryimage"},"thumbnailUrl":"https:\/\/radioljubuski.ba\/wp-content\/uploads\/2022\/04\/FP6UmomWYAwYolI.jpg","datePublished":"2022-04-10T00:12:39+00:00","dateModified":"2022-04-10T00:12:41+00:00","breadcrumb":{"@id":"https:\/\/radioljubuski.ba\/index.php\/2022\/04\/10\/tragedija-u-nfl-u-igraca-udario-automobil-preminuo-od-ozljeda\/#breadcrumb"},"inLanguage":"hr","potentialAction":[{"@type":"ReadAction","target":["https:\/\/radioljubuski.ba\/index.php\/2022\/04\/10\/tragedija-u-nfl-u-igraca-udario-automobil-preminuo-od-ozljeda\/"]}]},{"@type":"ImageObject","inLanguage":"hr","@id":"https:\/\/radioljubuski.ba\/index.php\/2022\/04\/10\/tragedija-u-nfl-u-igraca-udario-automobil-preminuo-od-ozljeda\/#primaryimage","url":"https:\/\/radioljubuski.ba\/wp-content\/uploads\/2022\/04\/FP6UmomWYAwYolI.jpg","contentUrl":"https:\/\/radioljubuski.ba\/wp-content\/uploads\/2022\/04\/FP6UmomWYAwYolI.jpg","width":544,"height":680},{"@type":"BreadcrumbList","@id":"https:\/\/radioljubuski.ba\/index.php\/2022\/04\/10\/tragedija-u-nfl-u-igraca-udario-automobil-preminuo-od-ozljeda\/#breadcrumb","itemListElement":[{"@type":"ListItem","position":1,"name":"Po\u010detna stranica","item":"https:\/\/radioljubuski.ba\/"},{"@type":"ListItem","position":2,"name":"Tragedija u NFL-u: Igra\u010da udario automobil, preminuo od ozljeda"}]},{"@type":"WebSite","@id":"https:\/\/radioljubuski.ba\/#website","url":"https:\/\/radioljubuski.ba\/","name":"Radio Ljubu\u0161ki","description":"Sun\u010dana frekvencija Hercegovine","publisher":{"@id":"https:\/\/radioljubuski.ba\/#organization"},"potentialAction":[{"@type":"SearchAction","target":{"@type":"EntryPoint","urlTemplate":"https:\/\/radioljubuski.ba\/?s={search_term_string}"},"query-input":{"@type":"PropertyValueSpecification","valueRequired":true,"valueName":"search_term_string"}}],"inLanguage":"hr"},{"@type":"Organization","@id":"https:\/\/radioljubuski.ba\/#organization","name":"Radio Ljubu\u0161ki","url":"https:\/\/radioljubuski.ba\/","logo":{"@type":"ImageObject","inLanguage":"hr","@id":"https:\/\/radioljubuski.ba\/#\/schema\/logo\/image\/","url":"https:\/\/radioljubuski.ba\/wp-content\/uploads\/2021\/02\/cropped-Radio_Ljubuski_logo1.jpg","contentUrl":"https:\/\/radioljubuski.ba\/wp-content\/uploads\/2021\/02\/cropped-Radio_Ljubuski_logo1.jpg","width":512,"height":512,"caption":"Radio Ljubu\u0161ki"},"image":{"@id":"https:\/\/radioljubuski.ba\/#\/schema\/logo\/image\/"},"sameAs":["https:\/\/www.facebook.com\/Radiio-Ljubuski-1490835324566332","https:\/\/x.com\/radioljubuski","https:\/\/hr.linkedin.com\/company\/radio-ljubuski","https:\/\/www.youtube.com\/channel\/UCHYaeO_n0Db3tjNGudGpXyw"]},{"@type":"Person","@id":"https:\/\/radioljubuski.ba\/#\/schema\/person\/19fc700381a780f69665d7956c469e3b","name":"Radio Ljubu\u0161ki"}]}},"_links":{"self":[{"href":"https:\/\/radioljubuski.ba\/index.php\/wp-json\/wp\/v2\/posts\/130927","targetHints":{"allow":["GET"]}}],"collection":[{"href":"https:\/\/radioljubuski.ba\/index.php\/wp-json\/wp\/v2\/posts"}],"about":[{"href":"https:\/\/radioljubuski.ba\/index.php\/wp-json\/wp\/v2\/types\/post"}],"author":[{"embeddable":true,"href":"https:\/\/radioljubuski.ba\/index.php\/wp-json\/wp\/v2\/users\/2"}],"replies":[{"embeddable":true,"href":"https:\/\/radioljubuski.ba\/index.php\/wp-json\/wp\/v2\/comments?post=130927"}],"version-history":[{"count":1,"href":"https:\/\/radioljubuski.ba\/index.php\/wp-json\/wp\/v2\/posts\/130927\/revisions"}],"predecessor-version":[{"id":130929,"href":"https:\/\/radioljubuski.ba\/index.php\/wp-json\/wp\/v2\/posts\/130927\/revisions\/130929"}],"wp:featuredmedia":[{"embeddable":true,"href":"https:\/\/radioljubuski.ba\/index.php\/wp-json\/wp\/v2\/media\/130928"}],"wp:attachment":[{"href":"https:\/\/radioljubuski.ba\/index.php\/wp-json\/wp\/v2\/media?parent=130927"}],"wp:term":[{"taxonomy":"category","embeddable":true,"href":"https:\/\/radioljubuski.ba\/index.php\/wp-json\/wp\/v2\/categories?post=130927"},{"taxonomy":"post_tag","embeddable":true,"href":"https:\/\/radioljubuski.ba\/index.php\/wp-json\/wp\/v2\/tags?post=130927"}],"curies":[{"name":"wp","href":"https:\/\/api.w.org\/{rel}","templated":true}]}}