{"id":130930,"date":"2022-04-10T01:13:36","date_gmt":"2022-04-10T00:13:36","guid":{"rendered":"https:\/\/radioljubuski.ba\/?p=130930"},"modified":"2022-04-10T01:13:37","modified_gmt":"2022-04-10T00:13:37","slug":"pomama-za-ugljem-iz-bih","status":"publish","type":"post","link":"https:\/\/radioljubuski.ba\/index.php\/2022\/04\/10\/pomama-za-ugljem-iz-bih\/","title":{"rendered":"Pomama za ugljem iz BiH"},"content":{"rendered":"\n<p>Zbog ratnog stanja u Ukrajini, ali i poreme\u0107aja na svjetskom tr\u017ei\u0161tu, velika je potra\u017enja za ugljem iz Bosne i Hercegovine te bi u budu\u0107em razdoblju moglo do\u0107i i do pove\u0107anja cijena, i to zbog visokih cijena proizvodnje. Elvir Salihovi\u0107, direktor Rudnika mrkog uglja Banovi\u0107i, naveo je za &#8220;Nezavisne&#8221; da je ve\u0107a potra\u017enja za ugljem evidentna i to ne samo zbog rata u Ukrajini, nego i zbog poreme\u0107aja na svjetskom tr\u017ei\u0161tu.<\/p>\n\n\n\n<p>&#8220;Po\u010detkom godine izvr\u0161ili smo uskla\u0111ivanje svojih cijena prema potra\u017enji koju smo imali u tom razdoblju i pove\u0107ali smo za 10 do 20 posto cijene u zavisnosti od kupaca i oni su to prihvatili, jer su svjesni da uglja nedostaje. Uglja je sve manje na tr\u017ei\u0161tu Srbije i jako &nbsp;blizu smo tome da napravimo jedan ve\u0107i ugovor sa &#8220;Elektroprivredom Srbije&#8221;, naglasio je Salihovi\u0107 za Nezavisne.<\/p>\n\n\n\n<p>Prema njegovim rije\u010dima, rudnici su osjetili veliki teret poskupljenja.<\/p>\n\n\n\n<p>&#8220;Na mjese\u010dnoj razini u odnosu na 2021. godinu imamo za milijun KM ve\u0107e tro\u0161kove zbog cijena nafte. Tada su tro\u0161kovi bili milijun KM, a sada su 2,1 milijun KM. Cijena struje je pove\u0107ana 20 posto, eksploziva 50-60 posto, tako da u ovoj godini mo\u017eemo o\u010dekivati dodatno pove\u0107anje cijene uglja i to mo\u017eda u idu\u0107ih mjesec dana&#8221;, istaknuo je Salihovi\u0107.<\/p>\n\n\n\n<p>Zbog pove\u0107anje potra\u017enje, u Lje\u0161ljanima, kod Novog Grada, ruski investitori iz firme &#8220;Privredni preporod&#8221; iz Banja Luke planiraju pokrenuti proces otvaranja rudnika mrkog uglja i bentonita. Naime, oni su jo\u0161 prije 10 godina dobili koncesiju za kori\u0161tenje ovih ruda do 2042. godine, ali tek sada po\u010dinju s aktivnostima.<\/p>\n\n\n\n<p>Miroslav Drlja\u010da, na\u010delnik op\u0107ine Novi Grad, rekao je da bi potencijalno otvaranje rudnika u Lje\u0161ljanima imalo veze s ratom u Ukrajini, koji je doveo do nedostatka uglja, te su investitori odlu\u010dili da krenu intenzivnije u eksploataciju uglja i bentonita na ovoj lokaciji.<\/p>\n\n\n\n<p>&#8220;Ovih dana \u010duo sam se s Draganom Borkovi\u0107em, direktorom &#8216;Privrednog preporoda&#8217;, te \u0107emo vi\u0161e informacija o rudniku u Lje\u0161ljanima imati idu\u0107i tjedan. U posljednje vrijeme u cijeloj BiH potra\u017enja za ugljem je pove\u0107ana&#8221;, kazao je Drlja\u010da za Nezavisne.<\/p>\n\n\n\n<p>Istaknuo je da se posebno razgovaralo o tome da ugalj iz Lje\u0161ljana opskrbljuje odre\u0111ene industrijske kapacitete u Zvorniku.<\/p>\n\n\n\n<p>&#8220;Vjerujem da smo jako blizu dogovora za otvaranje samog rudnika kako bi to funkcioniralo u ekonomskom kapacitetu koji je zadovoljavaju\u0107i&#8221;, poru\u010dio je Drlja\u010da. Ibrahim Husi\u0107, direktor &#8220;Cargo transa&#8221; iz Banovi\u0107a, koji se bavi izvozom uglja, potvrdio je za &#8220;Nezavisne&#8221; da u posljednje vrijeme ima vi\u0161e upita za ugalj, a i da su pove\u0107ane cijene.<\/p>\n\n\n\n<p>&#8220;O\u010dekuju se i vi\u0161e cijene uglja zbog visokih cijena nafte, vjerojatno da \u0107e u travnju cijena uglja i\u0107i gore. Vi\u0161e ne sklapamo ugovore fiksno, ve\u0107 koliko poskupi nafta, toliko se pove\u0107a i ugovor&#8221;, naveo je Husi\u0107. Dodao je da je potra\u017enja za ugljem drasti\u010dno pove\u0107ana, i to od kraja pro\u0161le godine, te da nikako ne jenjava.<\/p>\n\n\n\n<p>&#8220;Svi tra\u017ee ugalj, a mi nemamo dovoljne koli\u010dine da zadovoljimo sve potrebe&#8221;, naglasio je Husi\u0107.<\/p>\n\n\n\n<p>Prema podacima Uprave za neizravno oporezivanje BiH, u prva tri mjeseca ove godine iz BiH je izvezen mrki ugalj u vrijednosti od 6.356.995 KM.<\/p>\n\n\n\n<p>&#8220;Najvi\u0161e je izvezeno u Srbiju i to za iznos od 6.232.426 KM, dok je jo\u0161 ne\u0161to izvezeno u Hrvatsku i Ma\u0111arsku&#8221;, navodi se u ovim podacima.<\/p>\n\n\n\n<p>U istom razdoblju pro\u0161le godine je izvezeno mrkog uglja u iznosu od 4.240.994 KM, a tako\u0111er se izvozilo u Srbiju, Hrvatsku i Ma\u0111arsku. Cijene uglja u Europi su pre\u0161le 300 dolara po toni, nakon \u0161to je Europska komisija objavila zabranu uvoza ruskog uglja.<\/p>\n\n\n\n<p>Prema nekim istra\u017eivanjima, ruski ugalj je 2020. godine \u010dinio 54 posto ukupnog uvoza uglja Europske unije.<\/p>\n\n\n\n<p>Izvor:pogled.ba<\/p>\n","protected":false},"excerpt":{"rendered":"<p>Zbog ratnog stanja u Ukrajini, ali i poreme\u0107aja na svjetskom tr\u017ei\u0161tu, velika je potra\u017enja za ugljem iz Bosne i Hercegovine te bi u budu\u0107em razdoblju moglo do\u0107i i do pove\u0107anja cijena, i to zbog visokih cijena proizvodnje. Elvir Salihovi\u0107, direktor Rudnika mrkog uglja Banovi\u0107i, naveo je za &#8220;Nezavisne&#8221; da je ve\u0107a potra\u017enja za ugljem evidentna [&hellip;]<\/p>\n","protected":false},"author":2,"featured_media":130931,"comment_status":"closed","ping_status":"closed","sticky":false,"template":"","format":"standard","meta":{"h5ap_radio_sources":[],"footnotes":""},"categories":[1],"tags":[],"class_list":["post-130930","post","type-post","status-publish","format-standard","has-post-thumbnail","hentry","category-bihiregija"],"yoast_head":"<!-- This site is optimized with the Yoast SEO plugin v27.5 - https:\/\/yoast.com\/product\/yoast-seo-wordpress\/ -->\n<title>Pomama za ugljem iz BiH - RADIO LJUBU\u0160KI<\/title>\n<meta name=\"robots\" content=\"index, follow, max-snippet:-1, max-image-preview:large, max-video-preview:-1\" \/>\n<link rel=\"canonical\" href=\"https:\/\/radioljubuski.ba\/index.php\/2022\/04\/10\/pomama-za-ugljem-iz-bih\/\" \/>\n<meta property=\"og:locale\" content=\"hr_HR\" \/>\n<meta property=\"og:type\" content=\"article\" \/>\n<meta property=\"og:title\" content=\"Pomama za ugljem iz BiH - RADIO LJUBU\u0160KI\" \/>\n<meta property=\"og:description\" content=\"Zbog ratnog stanja u Ukrajini, ali i poreme\u0107aja na svjetskom tr\u017ei\u0161tu, velika je potra\u017enja za ugljem iz Bosne i Hercegovine te bi u budu\u0107em razdoblju moglo do\u0107i i do pove\u0107anja cijena, i to zbog visokih cijena proizvodnje. Elvir Salihovi\u0107, direktor Rudnika mrkog uglja Banovi\u0107i, naveo je za &#8220;Nezavisne&#8221; da je ve\u0107a potra\u017enja za ugljem evidentna [&hellip;]\" \/>\n<meta property=\"og:url\" content=\"https:\/\/radioljubuski.ba\/index.php\/2022\/04\/10\/pomama-za-ugljem-iz-bih\/\" \/>\n<meta property=\"og:site_name\" content=\"RADIO LJUBU\u0160KI\" \/>\n<meta property=\"article:publisher\" content=\"https:\/\/www.facebook.com\/Radiio-Ljubuski-1490835324566332\" \/>\n<meta property=\"article:published_time\" content=\"2022-04-10T00:13:36+00:00\" \/>\n<meta property=\"article:modified_time\" content=\"2022-04-10T00:13:37+00:00\" \/>\n<meta property=\"og:image\" content=\"https:\/\/radioljubuski.ba\/wp-content\/uploads\/2022\/04\/8-2022-04-09-20-13-47-ugalj.jpeg\" \/>\n\t<meta property=\"og:image:width\" content=\"1000\" \/>\n\t<meta property=\"og:image:height\" content=\"625\" \/>\n\t<meta property=\"og:image:type\" content=\"image\/jpeg\" \/>\n<meta name=\"author\" content=\"Radio Ljubu\u0161ki\" \/>\n<meta name=\"twitter:card\" content=\"summary_large_image\" \/>\n<meta name=\"twitter:creator\" content=\"@radioljubuski\" \/>\n<meta name=\"twitter:site\" content=\"@radioljubuski\" \/>\n<meta name=\"twitter:label1\" content=\"Napisao\/la\" \/>\n\t<meta name=\"twitter:data1\" content=\"Radio Ljubu\u0161ki\" \/>\n\t<meta name=\"twitter:label2\" content=\"Procijenjeno vrijeme \u010ditanja\" \/>\n\t<meta name=\"twitter:data2\" content=\"3 minute\" \/>\n<script type=\"application\/ld+json\" class=\"yoast-schema-graph\">{\"@context\":\"https:\\\/\\\/schema.org\",\"@graph\":[{\"@type\":\"Article\",\"@id\":\"https:\\\/\\\/radioljubuski.ba\\\/index.php\\\/2022\\\/04\\\/10\\\/pomama-za-ugljem-iz-bih\\\/#article\",\"isPartOf\":{\"@id\":\"https:\\\/\\\/radioljubuski.ba\\\/index.php\\\/2022\\\/04\\\/10\\\/pomama-za-ugljem-iz-bih\\\/\"},\"author\":{\"name\":\"Radio Ljubu\u0161ki\",\"@id\":\"https:\\\/\\\/radioljubuski.ba\\\/#\\\/schema\\\/person\\\/19fc700381a780f69665d7956c469e3b\"},\"headline\":\"Pomama za ugljem iz BiH\",\"datePublished\":\"2022-04-10T00:13:36+00:00\",\"dateModified\":\"2022-04-10T00:13:37+00:00\",\"mainEntityOfPage\":{\"@id\":\"https:\\\/\\\/radioljubuski.ba\\\/index.php\\\/2022\\\/04\\\/10\\\/pomama-za-ugljem-iz-bih\\\/\"},\"wordCount\":654,\"publisher\":{\"@id\":\"https:\\\/\\\/radioljubuski.ba\\\/#organization\"},\"image\":{\"@id\":\"https:\\\/\\\/radioljubuski.ba\\\/index.php\\\/2022\\\/04\\\/10\\\/pomama-za-ugljem-iz-bih\\\/#primaryimage\"},\"thumbnailUrl\":\"https:\\\/\\\/radioljubuski.ba\\\/wp-content\\\/uploads\\\/2022\\\/04\\\/8-2022-04-09-20-13-47-ugalj.jpeg\",\"articleSection\":[\"BIH i regija\"],\"inLanguage\":\"hr\"},{\"@type\":\"WebPage\",\"@id\":\"https:\\\/\\\/radioljubuski.ba\\\/index.php\\\/2022\\\/04\\\/10\\\/pomama-za-ugljem-iz-bih\\\/\",\"url\":\"https:\\\/\\\/radioljubuski.ba\\\/index.php\\\/2022\\\/04\\\/10\\\/pomama-za-ugljem-iz-bih\\\/\",\"name\":\"Pomama za ugljem iz BiH - RADIO LJUBU\u0160KI\",\"isPartOf\":{\"@id\":\"https:\\\/\\\/radioljubuski.ba\\\/#website\"},\"primaryImageOfPage\":{\"@id\":\"https:\\\/\\\/radioljubuski.ba\\\/index.php\\\/2022\\\/04\\\/10\\\/pomama-za-ugljem-iz-bih\\\/#primaryimage\"},\"image\":{\"@id\":\"https:\\\/\\\/radioljubuski.ba\\\/index.php\\\/2022\\\/04\\\/10\\\/pomama-za-ugljem-iz-bih\\\/#primaryimage\"},\"thumbnailUrl\":\"https:\\\/\\\/radioljubuski.ba\\\/wp-content\\\/uploads\\\/2022\\\/04\\\/8-2022-04-09-20-13-47-ugalj.jpeg\",\"datePublished\":\"2022-04-10T00:13:36+00:00\",\"dateModified\":\"2022-04-10T00:13:37+00:00\",\"breadcrumb\":{\"@id\":\"https:\\\/\\\/radioljubuski.ba\\\/index.php\\\/2022\\\/04\\\/10\\\/pomama-za-ugljem-iz-bih\\\/#breadcrumb\"},\"inLanguage\":\"hr\",\"potentialAction\":[{\"@type\":\"ReadAction\",\"target\":[\"https:\\\/\\\/radioljubuski.ba\\\/index.php\\\/2022\\\/04\\\/10\\\/pomama-za-ugljem-iz-bih\\\/\"]}]},{\"@type\":\"ImageObject\",\"inLanguage\":\"hr\",\"@id\":\"https:\\\/\\\/radioljubuski.ba\\\/index.php\\\/2022\\\/04\\\/10\\\/pomama-za-ugljem-iz-bih\\\/#primaryimage\",\"url\":\"https:\\\/\\\/radioljubuski.ba\\\/wp-content\\\/uploads\\\/2022\\\/04\\\/8-2022-04-09-20-13-47-ugalj.jpeg\",\"contentUrl\":\"https:\\\/\\\/radioljubuski.ba\\\/wp-content\\\/uploads\\\/2022\\\/04\\\/8-2022-04-09-20-13-47-ugalj.jpeg\",\"width\":1000,\"height\":625},{\"@type\":\"BreadcrumbList\",\"@id\":\"https:\\\/\\\/radioljubuski.ba\\\/index.php\\\/2022\\\/04\\\/10\\\/pomama-za-ugljem-iz-bih\\\/#breadcrumb\",\"itemListElement\":[{\"@type\":\"ListItem\",\"position\":1,\"name\":\"Po\u010detna stranica\",\"item\":\"https:\\\/\\\/radioljubuski.ba\\\/\"},{\"@type\":\"ListItem\",\"position\":2,\"name\":\"Pomama za ugljem iz BiH\"}]},{\"@type\":\"WebSite\",\"@id\":\"https:\\\/\\\/radioljubuski.ba\\\/#website\",\"url\":\"https:\\\/\\\/radioljubuski.ba\\\/\",\"name\":\"Radio Ljubu\u0161ki\",\"description\":\"Sun\u010dana frekvencija Hercegovine\",\"publisher\":{\"@id\":\"https:\\\/\\\/radioljubuski.ba\\\/#organization\"},\"potentialAction\":[{\"@type\":\"SearchAction\",\"target\":{\"@type\":\"EntryPoint\",\"urlTemplate\":\"https:\\\/\\\/radioljubuski.ba\\\/?s={search_term_string}\"},\"query-input\":{\"@type\":\"PropertyValueSpecification\",\"valueRequired\":true,\"valueName\":\"search_term_string\"}}],\"inLanguage\":\"hr\"},{\"@type\":\"Organization\",\"@id\":\"https:\\\/\\\/radioljubuski.ba\\\/#organization\",\"name\":\"Radio Ljubu\u0161ki\",\"url\":\"https:\\\/\\\/radioljubuski.ba\\\/\",\"logo\":{\"@type\":\"ImageObject\",\"inLanguage\":\"hr\",\"@id\":\"https:\\\/\\\/radioljubuski.ba\\\/#\\\/schema\\\/logo\\\/image\\\/\",\"url\":\"https:\\\/\\\/radioljubuski.ba\\\/wp-content\\\/uploads\\\/2021\\\/02\\\/cropped-Radio_Ljubuski_logo1.jpg\",\"contentUrl\":\"https:\\\/\\\/radioljubuski.ba\\\/wp-content\\\/uploads\\\/2021\\\/02\\\/cropped-Radio_Ljubuski_logo1.jpg\",\"width\":512,\"height\":512,\"caption\":\"Radio Ljubu\u0161ki\"},\"image\":{\"@id\":\"https:\\\/\\\/radioljubuski.ba\\\/#\\\/schema\\\/logo\\\/image\\\/\"},\"sameAs\":[\"https:\\\/\\\/www.facebook.com\\\/Radiio-Ljubuski-1490835324566332\",\"https:\\\/\\\/x.com\\\/radioljubuski\",\"https:\\\/\\\/hr.linkedin.com\\\/company\\\/radio-ljubuski\",\"https:\\\/\\\/www.youtube.com\\\/channel\\\/UCHYaeO_n0Db3tjNGudGpXyw\"]},{\"@type\":\"Person\",\"@id\":\"https:\\\/\\\/radioljubuski.ba\\\/#\\\/schema\\\/person\\\/19fc700381a780f69665d7956c469e3b\",\"name\":\"Radio Ljubu\u0161ki\"}]}<\/script>\n<!-- \/ Yoast SEO plugin. -->","yoast_head_json":{"title":"Pomama za ugljem iz BiH - RADIO LJUBU\u0160KI","robots":{"index":"index","follow":"follow","max-snippet":"max-snippet:-1","max-image-preview":"max-image-preview:large","max-video-preview":"max-video-preview:-1"},"canonical":"https:\/\/radioljubuski.ba\/index.php\/2022\/04\/10\/pomama-za-ugljem-iz-bih\/","og_locale":"hr_HR","og_type":"article","og_title":"Pomama za ugljem iz BiH - RADIO LJUBU\u0160KI","og_description":"Zbog ratnog stanja u Ukrajini, ali i poreme\u0107aja na svjetskom tr\u017ei\u0161tu, velika je potra\u017enja za ugljem iz Bosne i Hercegovine te bi u budu\u0107em razdoblju moglo do\u0107i i do pove\u0107anja cijena, i to zbog visokih cijena proizvodnje. Elvir Salihovi\u0107, direktor Rudnika mrkog uglja Banovi\u0107i, naveo je za &#8220;Nezavisne&#8221; da je ve\u0107a potra\u017enja za ugljem evidentna [&hellip;]","og_url":"https:\/\/radioljubuski.ba\/index.php\/2022\/04\/10\/pomama-za-ugljem-iz-bih\/","og_site_name":"RADIO LJUBU\u0160KI","article_publisher":"https:\/\/www.facebook.com\/Radiio-Ljubuski-1490835324566332","article_published_time":"2022-04-10T00:13:36+00:00","article_modified_time":"2022-04-10T00:13:37+00:00","og_image":[{"width":1000,"height":625,"url":"https:\/\/radioljubuski.ba\/wp-content\/uploads\/2022\/04\/8-2022-04-09-20-13-47-ugalj.jpeg","type":"image\/jpeg"}],"author":"Radio Ljubu\u0161ki","twitter_card":"summary_large_image","twitter_creator":"@radioljubuski","twitter_site":"@radioljubuski","twitter_misc":{"Napisao\/la":"Radio Ljubu\u0161ki","Procijenjeno vrijeme \u010ditanja":"3 minute"},"schema":{"@context":"https:\/\/schema.org","@graph":[{"@type":"Article","@id":"https:\/\/radioljubuski.ba\/index.php\/2022\/04\/10\/pomama-za-ugljem-iz-bih\/#article","isPartOf":{"@id":"https:\/\/radioljubuski.ba\/index.php\/2022\/04\/10\/pomama-za-ugljem-iz-bih\/"},"author":{"name":"Radio Ljubu\u0161ki","@id":"https:\/\/radioljubuski.ba\/#\/schema\/person\/19fc700381a780f69665d7956c469e3b"},"headline":"Pomama za ugljem iz BiH","datePublished":"2022-04-10T00:13:36+00:00","dateModified":"2022-04-10T00:13:37+00:00","mainEntityOfPage":{"@id":"https:\/\/radioljubuski.ba\/index.php\/2022\/04\/10\/pomama-za-ugljem-iz-bih\/"},"wordCount":654,"publisher":{"@id":"https:\/\/radioljubuski.ba\/#organization"},"image":{"@id":"https:\/\/radioljubuski.ba\/index.php\/2022\/04\/10\/pomama-za-ugljem-iz-bih\/#primaryimage"},"thumbnailUrl":"https:\/\/radioljubuski.ba\/wp-content\/uploads\/2022\/04\/8-2022-04-09-20-13-47-ugalj.jpeg","articleSection":["BIH i regija"],"inLanguage":"hr"},{"@type":"WebPage","@id":"https:\/\/radioljubuski.ba\/index.php\/2022\/04\/10\/pomama-za-ugljem-iz-bih\/","url":"https:\/\/radioljubuski.ba\/index.php\/2022\/04\/10\/pomama-za-ugljem-iz-bih\/","name":"Pomama za ugljem iz BiH - RADIO LJUBU\u0160KI","isPartOf":{"@id":"https:\/\/radioljubuski.ba\/#website"},"primaryImageOfPage":{"@id":"https:\/\/radioljubuski.ba\/index.php\/2022\/04\/10\/pomama-za-ugljem-iz-bih\/#primaryimage"},"image":{"@id":"https:\/\/radioljubuski.ba\/index.php\/2022\/04\/10\/pomama-za-ugljem-iz-bih\/#primaryimage"},"thumbnailUrl":"https:\/\/radioljubuski.ba\/wp-content\/uploads\/2022\/04\/8-2022-04-09-20-13-47-ugalj.jpeg","datePublished":"2022-04-10T00:13:36+00:00","dateModified":"2022-04-10T00:13:37+00:00","breadcrumb":{"@id":"https:\/\/radioljubuski.ba\/index.php\/2022\/04\/10\/pomama-za-ugljem-iz-bih\/#breadcrumb"},"inLanguage":"hr","potentialAction":[{"@type":"ReadAction","target":["https:\/\/radioljubuski.ba\/index.php\/2022\/04\/10\/pomama-za-ugljem-iz-bih\/"]}]},{"@type":"ImageObject","inLanguage":"hr","@id":"https:\/\/radioljubuski.ba\/index.php\/2022\/04\/10\/pomama-za-ugljem-iz-bih\/#primaryimage","url":"https:\/\/radioljubuski.ba\/wp-content\/uploads\/2022\/04\/8-2022-04-09-20-13-47-ugalj.jpeg","contentUrl":"https:\/\/radioljubuski.ba\/wp-content\/uploads\/2022\/04\/8-2022-04-09-20-13-47-ugalj.jpeg","width":1000,"height":625},{"@type":"BreadcrumbList","@id":"https:\/\/radioljubuski.ba\/index.php\/2022\/04\/10\/pomama-za-ugljem-iz-bih\/#breadcrumb","itemListElement":[{"@type":"ListItem","position":1,"name":"Po\u010detna stranica","item":"https:\/\/radioljubuski.ba\/"},{"@type":"ListItem","position":2,"name":"Pomama za ugljem iz BiH"}]},{"@type":"WebSite","@id":"https:\/\/radioljubuski.ba\/#website","url":"https:\/\/radioljubuski.ba\/","name":"Radio Ljubu\u0161ki","description":"Sun\u010dana frekvencija Hercegovine","publisher":{"@id":"https:\/\/radioljubuski.ba\/#organization"},"potentialAction":[{"@type":"SearchAction","target":{"@type":"EntryPoint","urlTemplate":"https:\/\/radioljubuski.ba\/?s={search_term_string}"},"query-input":{"@type":"PropertyValueSpecification","valueRequired":true,"valueName":"search_term_string"}}],"inLanguage":"hr"},{"@type":"Organization","@id":"https:\/\/radioljubuski.ba\/#organization","name":"Radio Ljubu\u0161ki","url":"https:\/\/radioljubuski.ba\/","logo":{"@type":"ImageObject","inLanguage":"hr","@id":"https:\/\/radioljubuski.ba\/#\/schema\/logo\/image\/","url":"https:\/\/radioljubuski.ba\/wp-content\/uploads\/2021\/02\/cropped-Radio_Ljubuski_logo1.jpg","contentUrl":"https:\/\/radioljubuski.ba\/wp-content\/uploads\/2021\/02\/cropped-Radio_Ljubuski_logo1.jpg","width":512,"height":512,"caption":"Radio Ljubu\u0161ki"},"image":{"@id":"https:\/\/radioljubuski.ba\/#\/schema\/logo\/image\/"},"sameAs":["https:\/\/www.facebook.com\/Radiio-Ljubuski-1490835324566332","https:\/\/x.com\/radioljubuski","https:\/\/hr.linkedin.com\/company\/radio-ljubuski","https:\/\/www.youtube.com\/channel\/UCHYaeO_n0Db3tjNGudGpXyw"]},{"@type":"Person","@id":"https:\/\/radioljubuski.ba\/#\/schema\/person\/19fc700381a780f69665d7956c469e3b","name":"Radio Ljubu\u0161ki"}]}},"_links":{"self":[{"href":"https:\/\/radioljubuski.ba\/index.php\/wp-json\/wp\/v2\/posts\/130930","targetHints":{"allow":["GET"]}}],"collection":[{"href":"https:\/\/radioljubuski.ba\/index.php\/wp-json\/wp\/v2\/posts"}],"about":[{"href":"https:\/\/radioljubuski.ba\/index.php\/wp-json\/wp\/v2\/types\/post"}],"author":[{"embeddable":true,"href":"https:\/\/radioljubuski.ba\/index.php\/wp-json\/wp\/v2\/users\/2"}],"replies":[{"embeddable":true,"href":"https:\/\/radioljubuski.ba\/index.php\/wp-json\/wp\/v2\/comments?post=130930"}],"version-history":[{"count":1,"href":"https:\/\/radioljubuski.ba\/index.php\/wp-json\/wp\/v2\/posts\/130930\/revisions"}],"predecessor-version":[{"id":130932,"href":"https:\/\/radioljubuski.ba\/index.php\/wp-json\/wp\/v2\/posts\/130930\/revisions\/130932"}],"wp:featuredmedia":[{"embeddable":true,"href":"https:\/\/radioljubuski.ba\/index.php\/wp-json\/wp\/v2\/media\/130931"}],"wp:attachment":[{"href":"https:\/\/radioljubuski.ba\/index.php\/wp-json\/wp\/v2\/media?parent=130930"}],"wp:term":[{"taxonomy":"category","embeddable":true,"href":"https:\/\/radioljubuski.ba\/index.php\/wp-json\/wp\/v2\/categories?post=130930"},{"taxonomy":"post_tag","embeddable":true,"href":"https:\/\/radioljubuski.ba\/index.php\/wp-json\/wp\/v2\/tags?post=130930"}],"curies":[{"name":"wp","href":"https:\/\/api.w.org\/{rel}","templated":true}]}}